{"id":69083,"date":"2024-09-26T14:42:00","date_gmt":"2024-09-26T12:42:00","guid":{"rendered":"https:\/\/vosgesinfo.fr\/gerardmerinfo\/2024\/09\/fig-2024-quand-nos-artistes-rencontrent-la-terre\/"},"modified":"2024-09-26T14:42:00","modified_gmt":"2024-09-26T12:42:00","slug":"fig-2024-quand-nos-artistes-rencontrent-la-terre","status":"publish","type":"post","link":"https:\/\/vosgesinfo.fr\/gerardmerinfo\/2024\/09\/fig-2024-quand-nos-artistes-rencontrent-la-terre\/","title":{"rendered":"FIG 2024 : Quand nos artistes rencontrent la terre &#8230;"},"content":{"rendered":"<div id=\"x_ydp6af0c55byiv5281875089i0g7b\">\n<div id=\"x_ydp6af0c55byiv5281875089comp-koy43f4x\">\n<h3 id=\"x_ydp6af0c55byiv5281875089itc8vg\">Parce que le FIG est un Festival, plusieurs spectacles et animations sont propos\u00e9s pour profiter d&rsquo;un moment de culture et d&rsquo;\u00e9merveillement autour du th\u00e8me phare cette ann\u00e9e : La Terre.<\/h3>\n<\/div>\n<\/div>\n<div style=\"text-align: center;\"><strong>GADOUE : Un spectacle aux joies de la patouille<\/strong><\/div>\n<div><a href=\"https:\/\/vosgesinfo.fr\/app\/uploads\/sites\/4\/2024\/09\/gadoue.jpeg\"><img decoding=\"async\" class=\"aligncenter size-full wp-image-68534\" src=\"https:\/\/vosgesinfo.fr\/app\/uploads\/sites\/4\/2024\/09\/gadoue.jpeg\" alt=\"\" width=\"584\" height=\"389\" \/><\/a><\/div>\n<div>\n<div>Samedi 5 octobre \u00e0 10h &#8211; la Nef<b><br \/>\n<\/b><\/div>\n<div>\n<p>Spectacle par la Cie Le Jardin des D\u00e9lices &#8211; D\u00e8s 5 ans<\/p>\n<table>\n<tbody>\n<tr>\n<td id=\"x_ydp6af0c55byiv5281875089ij4yrj\">Le public s\u2019installe tout autour d\u2019une piste recouverte de boue blanche. Au centre de cette piste, un jongleur en complet veston cumule les difficult\u00e9s : ne pas se salir, ne pas glisser, ne pas faire tomber sa balle, tout en tentant des figures de plus en plus complexes. \u00c7a colle, \u00e7a glisse, \u00e7a tache\u2026 GADOUE, c\u2019est le plaisir de la patouille, le frisson du d\u00e9fendu, la joie du pas correct.<\/td>\n<\/tr>\n<\/tbody>\n<\/table>\n<\/div>\n<div>Acc\u00e8s libre sans r\u00e9servation &#8211; 30 min<\/div>\n<div>Auteur.ices, Luna ROUSSEAU et Nathan ISRA\u00cbL \/ Conception, mise en sc\u00e8ne, dramaturgie, Luna ROUSSEAU \/ Interpr\u00e9tation, Nathan ISRA\u00cbL (jonglage), Delphine BENHAMOU ou Paola AVILES (harpe) \/ R\u00e9gie lumi\u00e8res et plateau, Cyrille GERMAIN \/ Une production par Le Jardin des D\u00e9lices avec La Maison des Jonglages \/ La Sc\u00e8ne conventionn\u00e9e La Courneuve et Le Ch\u00e2teau de Blandy les Tours \/ le D\u00e9partement de Seine et Marne \/ Avec le soutien de l\u2019Atelier du Plateau et la Ville de Paris \/ Remerciements \u00e0 l\u2019Espace P\u00e9riph\u00e9rique \u2013 Parc de La Villette, Paris<\/div>\n<div><\/div>\n<div><strong>TRANSFIGURATION : il se d\u00e9figure, on le d\u00e9visage<\/strong><\/div>\n<div><a href=\"https:\/\/vosgesinfo.fr\/app\/uploads\/sites\/4\/2024\/09\/ecf5ae18ea98ee5a9955789bd7114bfe.jpeg\"><img decoding=\"async\" class=\"aligncenter size-full wp-image-68535\" src=\"https:\/\/vosgesinfo.fr\/app\/uploads\/sites\/4\/2024\/09\/ecf5ae18ea98ee5a9955789bd7114bfe.jpeg\" alt=\"\" width=\"577\" height=\"412\" \/><\/a><\/div>\n<\/div>\n<div>\n<div>Vendredi 4 octobre \u00e0 20h &#8211; Mus\u00e9e Pierre-No\u00ebl<\/div>\n<div>Salle Fran\u00e7ois-Chol\u00e9<\/div>\n<div>Performance par olivier de Sagazan &#8211; D\u00e8s 14 ans<\/div>\n<table>\n<tbody>\n<tr>\n<td>\n<div id=\"x_ydp6af0c55byiv5281875089iq2g2d\">Dans sa performance Transfiguration, bas\u00e9e sur un sur-modelage du visage et du corps tout entier avec de l\u2019argile, Olivier de Sagazan change d\u2019identit\u00e9 sur sc\u00e8ne. Des masques cr\u00e9es en aveugle se succ\u00e8dent dans une succession effr\u00e9n\u00e9e pour tourner autour d\u2019une sorte d\u2019attracteur \u00e9trange qui constituerait le noyau de son \u00eatre.<\/div>\n<\/td>\n<\/tr>\n<\/tbody>\n<\/table>\n<div>Acc\u00e8s libre sans r\u00e9servation<\/div>\n<table>\n<tbody>\n<tr>\n<td id=\"x_ydp6af0c55byiv5281875089iucc6k\">\n<blockquote><p>\u00abOlivier de Sagazan extrait de lui-m\u00eame une m\u00e9moire primitive, o\u00f9 la recherche spirituelle se traduit dans les mat\u00e9riaux les plus frustes. Le primitif et l\u2019enfant ne voient gu\u00e8re les choses comme elles sont et l\u2019artiste partage avec eux cette, mani\u00e8re de tirer des \u00e9toiles de la boue \u00bb. &#8211; Ouest France<\/p><\/blockquote>\n<\/td>\n<\/tr>\n<\/tbody>\n<\/table>\n<div>\n<div style=\"text-align: center;\"><\/div>\n<div style=\"text-align: center;\"><strong>Sa nouvelle cr\u00e9ation \u00e0 St-Di\u00e9 !<\/strong><\/div>\n<div style=\"text-align: center;\"><strong>Un rendez-vous \u00e0 ne pas manquer.<\/strong><\/div>\n<div><a href=\"https:\/\/vosgesinfo.fr\/app\/uploads\/sites\/4\/2024\/09\/y-a-qq-un.jpeg\"><img decoding=\"async\" class=\"aligncenter size-full wp-image-68536\" src=\"https:\/\/vosgesinfo.fr\/app\/uploads\/sites\/4\/2024\/09\/y-a-qq-un.jpeg\" alt=\"\" width=\"563\" height=\"317\" \/><\/a><\/div>\n<\/div>\n<\/div>\n<div>\n<div>\n<table>\n<tbody>\n<tr>\n<td id=\"x_ydp6af0c55byiv5281875089itd50g\">\n<div>\n<div id=\"x_ydp6af0c55byiv5281875089i52j1z\">Y&rsquo;a Quelqu&rsquo;un ? (titre provisoire)<\/div>\n<div id=\"x_ydp6af0c55byiv5281875089i3u6pc\">Sortie de r\u00e9sidence O. De Sagazan &#8211; D\u00e8s 14 ans<\/div>\n<\/div>\n<div>Mercredi 30 octobre \u00e0 19h30 &#8211; La Nef<\/div>\n<\/td>\n<\/tr>\n<\/tbody>\n<\/table>\n<table>\n<tbody>\n<tr>\n<td id=\"x_ydp6af0c55byiv5281875089i8m6zb\">\n<div id=\"x_ydp6af0c55byiv5281875089io7pbt\">Olivier de Sagazan revient le 30 octobre pour pr\u00e9senter une s\u00e9quence de sa nouvelle cr\u00e9ation : Y&rsquo;a quelqu&rsquo;un ? Dans cette \u0153uvre, l&rsquo;artiste interroge sa toile et son rapport \u00e0 la cr\u00e9ation. \u00ab\u00a0N\u2019est-il pas sot et fou le peintre \u00e0 ainsi s\u2019ext\u00e9nuer dans la re-pr\u00e9sentation? Ne lui suffit-il pas d\u2019\u00eatre l\u00e0, une fois ? Et pourquoi l\u2019obsession de ce \u00ab deux \u00bb ?\u00a0\u00bb. L&rsquo;artiste investit l&rsquo;agrile avec son corps pour en faire de multiples repr\u00e9sentations.<\/div>\n<\/td>\n<\/tr>\n<\/tbody>\n<\/table>\n<div>Acc\u00e8s libre<\/div>\n<div style=\"text-align: center;\"><\/div>\n<p><a title=\"Lien vers la billetterie\" href=\"https:\/\/newsletters.saint-die-des-vosges.fr\/links\/gN27fqTMw\/VjxUeKYMv\/grgol_CF5\/Qcps-Touo\" target=\"_blank\" rel=\"noopener noreferrer\" data-auth=\"NotApplicable\" data-linkindex=\"0\">R\u00e9servation conseill\u00e9e depuis la billetterie ICI<\/a><\/p>\n<div style=\"text-align: center;\"><strong>VIVARIUM : une pi\u00e8ce cocasse et touchante !<\/strong><\/div>\n<div><a href=\"https:\/\/vosgesinfo.fr\/app\/uploads\/sites\/4\/2024\/09\/vivarium.jpeg\"><img decoding=\"async\" class=\"aligncenter size-full wp-image-68537\" src=\"https:\/\/vosgesinfo.fr\/app\/uploads\/sites\/4\/2024\/09\/vivarium.jpeg\" alt=\"\" width=\"577\" height=\"385\" \/><\/a><\/div>\n<\/div>\n<div>\n<div>Mardi 15 octobre \u00e0 20h &#8211; Mus\u00e9e Pierre-No\u00ebl<\/div>\n<div>Salle Fran\u00e7ois-Chol\u00e9<\/div>\n<div>Spectacle par la Cie Facteurs Communs &#8211; D\u00e8s 14 ans<\/div>\n<table>\n<tbody>\n<tr>\n<td id=\"x_ydp6af0c55byiv5281875089il1grc\">\n<div>L\u2019association C\u00f4t\u00e9 Jardin propose de d\u00e9couvrir <i>Vivarium<\/i> , un seul-en-sc\u00e8ne d\u2019apr\u00e8s <i>Gros-C\u00e2lin <\/i>de Romain Gary par Fred Cacheux. Une pi\u00e8ce de th\u00e9\u00e2tre m\u00ealant rires et \u00e9motions \u00e0 travers le personnage de Monsieur Cousin, un timide statisticien. Pour combler son manque de tendresse, il a adopt\u00e9 un python et l\u2019a nomm\u00e9 Gros-C\u00e2lin. Son joyeux optimisme est ridicule, path\u00e9tique et surtout tr\u00e8s \u00e9mouvant.<\/div>\n<div id=\"x_ydp6af0c55byiv5281875089ikw5uo\">\n<div><\/div>\n<p>Il tient \u00e0 raconter son histoire et que tout soit dit. Car avoir un python chez soi ne simplifie pas les relations sociales. D\u2019autant que Monsieur Cousin est amoureux de Mademoiselle Dreyfus, sa coll\u00e8gue de bureau. Et il nous entra\u00eene dans ses m\u00e9andres. Car ce n\u2019est pas l\u2019homme qui conduit le r\u00e9cit, mais le r\u00e9cit qui conduit l\u2019homme.<\/p><\/div>\n<\/td>\n<\/tr>\n<\/tbody>\n<\/table>\n<div>\n<div><\/div>\n<div>\n<div>Plein tarif : 14\u20ac<\/div>\n<div>Adh\u00e9rent : 12\u20ac<\/div>\n<div>Tarif solidaire et enfant : 7\u20ac<\/div>\n<div id=\"x_ydp6af0c55byiv5281875089ii0gol\">Dur\u00e9e : 1h30<\/div>\n<\/div>\n<p><a title=\"Lien vers la billetterie\" href=\"https:\/\/newsletters.saint-die-des-vosges.fr\/links\/gN27fqTMw\/VjxUeKYMv\/grgol_CF5\/5b6hW7vRag\" target=\"_blank\" rel=\"noopener noreferrer\" data-auth=\"NotApplicable\" data-linkindex=\"1\">Billetterie pour Vivarium en ligne ICI<\/a><\/div>\n<\/div>\n<\/div>\n","protected":false},"excerpt":{"rendered":"<p>Parce que le FIG est un Festival, plusieurs spectacles et animations sont propos\u00e9s pour profiter d&rsquo;un moment de culture et [&hellip;]<\/p>\n","protected":false},"author":391,"featured_media":69084,"comment_status":"open","ping_status":"open","sticky":false,"template":"","format":"standard","meta":{"footnotes":""},"categories":[20,4,25,868],"tags":[5710,5726],"class_list":["post-69083","post","type-post","status-publish","format-standard","has-post-thumbnail","hentry","category-a-la-une","category-culture","category-gerardmer","category-remiremont","tag-festival-international-de-geographie-de-saint-die-des-vosges","tag-vivarium"],"acf":[],"yoast_head":"<!-- This site is optimized with the Yoast SEO plugin v22.5 - https:\/\/yoast.com\/wordpress\/plugins\/seo\/ -->\n<title>FIG 2024 : Quand nos artistes rencontrent la terre ... - Gerardmer Info<\/title>\n<meta name=\"robots\" content=\"index, follow, max-snippet:-1, max-image-preview:large, max-video-preview:-1\" \/>\n<link rel=\"canonical\" href=\"https:\/\/vosgesinfo.fr\/gerardmerinfo\/2024\/09\/fig-2024-quand-nos-artistes-rencontrent-la-terre\/\" \/>\n<meta name=\"twitter:card\" content=\"summary_large_image\" \/>\n<meta name=\"twitter:title\" content=\"FIG 2024 : Quand nos artistes rencontrent la terre ... - Gerardmer Info\" \/>\n<meta name=\"twitter:description\" content=\"Parce que le FIG est un Festival, plusieurs spectacles et animations sont propos\u00e9s pour profiter d&rsquo;un moment de culture et [&hellip;]\" \/>\n<meta name=\"twitter:image\" content=\"https:\/\/vosgesinfo.fr\/app\/uploads\/sites\/6\/2024\/09\/gadoue.jpeg\" \/>\n<meta name=\"twitter:creator\" content=\"@VosgesInfo88\" \/>\n<meta name=\"twitter:site\" content=\"@VosgesInfo88\" \/>\n<meta name=\"twitter:label1\" content=\"\u00c9crit par\" \/>\n\t<meta name=\"twitter:data1\" content=\"La redaction\" \/>\n\t<meta name=\"twitter:label2\" content=\"Dur\u00e9e de lecture estim\u00e9e\" \/>\n\t<meta name=\"twitter:data2\" content=\"3 minutes\" \/>\n<script type=\"application\/ld+json\" class=\"yoast-schema-graph\">{\"@context\":\"https:\/\/schema.org\",\"@graph\":[{\"@type\":\"Article\",\"@id\":\"https:\/\/vosgesinfo.fr\/gerardmerinfo\/2024\/09\/fig-2024-quand-nos-artistes-rencontrent-la-terre\/#article\",\"isPartOf\":{\"@id\":\"https:\/\/vosgesinfo.fr\/gerardmerinfo\/2024\/09\/fig-2024-quand-nos-artistes-rencontrent-la-terre\/\"},\"author\":{\"name\":\"La redaction\",\"@id\":\"https:\/\/vosgesinfo.fr\/gerardmerinfo\/#\/schema\/person\/27a3695b06db98895b354c0765cdfc31\"},\"headline\":\"FIG 2024 : Quand nos artistes rencontrent la terre &#8230;\",\"datePublished\":\"2024-09-26T12:42:00+00:00\",\"dateModified\":\"2024-09-26T12:42:00+00:00\",\"mainEntityOfPage\":{\"@id\":\"https:\/\/vosgesinfo.fr\/gerardmerinfo\/2024\/09\/fig-2024-quand-nos-artistes-rencontrent-la-terre\/\"},\"wordCount\":707,\"commentCount\":0,\"publisher\":{\"@id\":\"https:\/\/vosgesinfo.fr\/gerardmerinfo\/#organization\"},\"image\":{\"@id\":\"https:\/\/vosgesinfo.fr\/gerardmerinfo\/2024\/09\/fig-2024-quand-nos-artistes-rencontrent-la-terre\/#primaryimage\"},\"thumbnailUrl\":\"https:\/\/vosgesinfo.fr\/app\/uploads\/sites\/6\/2024\/09\/gadoue.jpeg\",\"keywords\":[\"Festival International de G\u00e9ographie de Saint-Di\u00e9-des-Vosges\",\"Vivarium\"],\"articleSection\":[\"A la une\",\"Culture\",\"G\u00e9rardmer\",\"Remiremont\"],\"inLanguage\":\"fr-FR\",\"potentialAction\":[{\"@type\":\"CommentAction\",\"name\":\"Comment\",\"target\":[\"https:\/\/vosgesinfo.fr\/gerardmerinfo\/2024\/09\/fig-2024-quand-nos-artistes-rencontrent-la-terre\/#respond\"]}]},{\"@type\":\"WebPage\",\"@id\":\"https:\/\/vosgesinfo.fr\/gerardmerinfo\/2024\/09\/fig-2024-quand-nos-artistes-rencontrent-la-terre\/\",\"url\":\"https:\/\/vosgesinfo.fr\/gerardmerinfo\/2024\/09\/fig-2024-quand-nos-artistes-rencontrent-la-terre\/\",\"name\":\"FIG 2024 : Quand nos artistes rencontrent la terre ... - Gerardmer Info\",\"isPartOf\":{\"@id\":\"https:\/\/vosgesinfo.fr\/gerardmerinfo\/#website\"},\"primaryImageOfPage\":{\"@id\":\"https:\/\/vosgesinfo.fr\/gerardmerinfo\/2024\/09\/fig-2024-quand-nos-artistes-rencontrent-la-terre\/#primaryimage\"},\"image\":{\"@id\":\"https:\/\/vosgesinfo.fr\/gerardmerinfo\/2024\/09\/fig-2024-quand-nos-artistes-rencontrent-la-terre\/#primaryimage\"},\"thumbnailUrl\":\"https:\/\/vosgesinfo.fr\/app\/uploads\/sites\/6\/2024\/09\/gadoue.jpeg\",\"datePublished\":\"2024-09-26T12:42:00+00:00\",\"dateModified\":\"2024-09-26T12:42:00+00:00\",\"breadcrumb\":{\"@id\":\"https:\/\/vosgesinfo.fr\/gerardmerinfo\/2024\/09\/fig-2024-quand-nos-artistes-rencontrent-la-terre\/#breadcrumb\"},\"inLanguage\":\"fr-FR\",\"potentialAction\":[{\"@type\":\"ReadAction\",\"target\":[\"https:\/\/vosgesinfo.fr\/gerardmerinfo\/2024\/09\/fig-2024-quand-nos-artistes-rencontrent-la-terre\/\"]}]},{\"@type\":\"ImageObject\",\"inLanguage\":\"fr-FR\",\"@id\":\"https:\/\/vosgesinfo.fr\/gerardmerinfo\/2024\/09\/fig-2024-quand-nos-artistes-rencontrent-la-terre\/#primaryimage\",\"url\":\"https:\/\/vosgesinfo.fr\/app\/uploads\/sites\/6\/2024\/09\/gadoue.jpeg\",\"contentUrl\":\"https:\/\/vosgesinfo.fr\/app\/uploads\/sites\/6\/2024\/09\/gadoue.jpeg\",\"width\":584,\"height\":389},{\"@type\":\"BreadcrumbList\",\"@id\":\"https:\/\/vosgesinfo.fr\/gerardmerinfo\/2024\/09\/fig-2024-quand-nos-artistes-rencontrent-la-terre\/#breadcrumb\",\"itemListElement\":[{\"@type\":\"ListItem\",\"position\":1,\"name\":\"Home\",\"item\":\"https:\/\/vosgesinfo.fr\/gerardmerinfo\/\"},{\"@type\":\"ListItem\",\"position\":2,\"name\":\"FIG 2024 : Quand nos artistes rencontrent la terre &#8230;\"}]},{\"@type\":\"WebSite\",\"@id\":\"https:\/\/vosgesinfo.fr\/gerardmerinfo\/#website\",\"url\":\"https:\/\/vosgesinfo.fr\/gerardmerinfo\/\",\"name\":\"Gerardmer Info\",\"description\":\"Toute l&#039;actualit\u00e9 de G\u00e9rardmer\",\"publisher\":{\"@id\":\"https:\/\/vosgesinfo.fr\/gerardmerinfo\/#organization\"},\"alternateName\":\"Toute l'actualit\u00e9 de G\u00e9rardmer\",\"potentialAction\":[{\"@type\":\"SearchAction\",\"target\":{\"@type\":\"EntryPoint\",\"urlTemplate\":\"https:\/\/vosgesinfo.fr\/gerardmerinfo\/?s={search_term_string}\"},\"query-input\":\"required name=search_term_string\"}],\"inLanguage\":\"fr-FR\"},{\"@type\":\"Organization\",\"@id\":\"https:\/\/vosgesinfo.fr\/gerardmerinfo\/#organization\",\"name\":\"Gerardmer Info\",\"url\":\"https:\/\/vosgesinfo.fr\/gerardmerinfo\/\",\"logo\":{\"@type\":\"ImageObject\",\"inLanguage\":\"fr-FR\",\"@id\":\"https:\/\/vosgesinfo.fr\/gerardmerinfo\/#\/schema\/logo\/image\/\",\"url\":\"https:\/\/vosgesinfo.fr\/app\/uploads\/sites\/6\/2023\/08\/favicon-gerardmerinfo.png\",\"contentUrl\":\"https:\/\/vosgesinfo.fr\/app\/uploads\/sites\/6\/2023\/08\/favicon-gerardmerinfo.png\",\"width\":512,\"height\":512,\"caption\":\"Gerardmer Info\"},\"image\":{\"@id\":\"https:\/\/vosgesinfo.fr\/gerardmerinfo\/#\/schema\/logo\/image\/\"},\"sameAs\":[\"https:\/\/www.facebook.com\/profile.php?id=100049475262660\",\"https:\/\/x.com\/VosgesInfo88\",\"https:\/\/www.youtube.com\/@vosgesinfo\"]},{\"@type\":\"Person\",\"@id\":\"https:\/\/vosgesinfo.fr\/gerardmerinfo\/#\/schema\/person\/27a3695b06db98895b354c0765cdfc31\",\"name\":\"La redaction\",\"image\":{\"@type\":\"ImageObject\",\"inLanguage\":\"fr-FR\",\"@id\":\"https:\/\/vosgesinfo.fr\/gerardmerinfo\/#\/schema\/person\/image\/\",\"url\":\"https:\/\/secure.gravatar.com\/avatar\/64c76a78e501cedee55736f43f332df901e1896ae9cd8fad269ae2236dd0e8b6?s=96&d=mm&r=g\",\"contentUrl\":\"https:\/\/secure.gravatar.com\/avatar\/64c76a78e501cedee55736f43f332df901e1896ae9cd8fad269ae2236dd0e8b6?s=96&d=mm&r=g\",\"caption\":\"La redaction\"},\"url\":\"https:\/\/vosgesinfo.fr\/gerardmerinfo\/author\/la-redaction\/\"}]}<\/script>\n<!-- \/ Yoast SEO plugin. -->","yoast_head_json":{"title":"FIG 2024 : Quand nos artistes rencontrent la terre ... - Gerardmer Info","robots":{"index":"index","follow":"follow","max-snippet":"max-snippet:-1","max-image-preview":"max-image-preview:large","max-video-preview":"max-video-preview:-1"},"canonical":"https:\/\/vosgesinfo.fr\/gerardmerinfo\/2024\/09\/fig-2024-quand-nos-artistes-rencontrent-la-terre\/","twitter_card":"summary_large_image","twitter_title":"FIG 2024 : Quand nos artistes rencontrent la terre ... - Gerardmer Info","twitter_description":"Parce que le FIG est un Festival, plusieurs spectacles et animations sont propos\u00e9s pour profiter d&rsquo;un moment de culture et [&hellip;]","twitter_image":"https:\/\/vosgesinfo.fr\/app\/uploads\/sites\/6\/2024\/09\/gadoue.jpeg","twitter_creator":"@VosgesInfo88","twitter_site":"@VosgesInfo88","twitter_misc":{"\u00c9crit par":"La redaction","Dur\u00e9e de lecture estim\u00e9e":"3 minutes"},"schema":{"@context":"https:\/\/schema.org","@graph":[{"@type":"Article","@id":"https:\/\/vosgesinfo.fr\/gerardmerinfo\/2024\/09\/fig-2024-quand-nos-artistes-rencontrent-la-terre\/#article","isPartOf":{"@id":"https:\/\/vosgesinfo.fr\/gerardmerinfo\/2024\/09\/fig-2024-quand-nos-artistes-rencontrent-la-terre\/"},"author":{"name":"La redaction","@id":"https:\/\/vosgesinfo.fr\/gerardmerinfo\/#\/schema\/person\/27a3695b06db98895b354c0765cdfc31"},"headline":"FIG 2024 : Quand nos artistes rencontrent la terre &#8230;","datePublished":"2024-09-26T12:42:00+00:00","dateModified":"2024-09-26T12:42:00+00:00","mainEntityOfPage":{"@id":"https:\/\/vosgesinfo.fr\/gerardmerinfo\/2024\/09\/fig-2024-quand-nos-artistes-rencontrent-la-terre\/"},"wordCount":707,"commentCount":0,"publisher":{"@id":"https:\/\/vosgesinfo.fr\/gerardmerinfo\/#organization"},"image":{"@id":"https:\/\/vosgesinfo.fr\/gerardmerinfo\/2024\/09\/fig-2024-quand-nos-artistes-rencontrent-la-terre\/#primaryimage"},"thumbnailUrl":"https:\/\/vosgesinfo.fr\/app\/uploads\/sites\/6\/2024\/09\/gadoue.jpeg","keywords":["Festival International de G\u00e9ographie de Saint-Di\u00e9-des-Vosges","Vivarium"],"articleSection":["A la une","Culture","G\u00e9rardmer","Remiremont"],"inLanguage":"fr-FR","potentialAction":[{"@type":"CommentAction","name":"Comment","target":["https:\/\/vosgesinfo.fr\/gerardmerinfo\/2024\/09\/fig-2024-quand-nos-artistes-rencontrent-la-terre\/#respond"]}]},{"@type":"WebPage","@id":"https:\/\/vosgesinfo.fr\/gerardmerinfo\/2024\/09\/fig-2024-quand-nos-artistes-rencontrent-la-terre\/","url":"https:\/\/vosgesinfo.fr\/gerardmerinfo\/2024\/09\/fig-2024-quand-nos-artistes-rencontrent-la-terre\/","name":"FIG 2024 : Quand nos artistes rencontrent la terre ... - Gerardmer Info","isPartOf":{"@id":"https:\/\/vosgesinfo.fr\/gerardmerinfo\/#website"},"primaryImageOfPage":{"@id":"https:\/\/vosgesinfo.fr\/gerardmerinfo\/2024\/09\/fig-2024-quand-nos-artistes-rencontrent-la-terre\/#primaryimage"},"image":{"@id":"https:\/\/vosgesinfo.fr\/gerardmerinfo\/2024\/09\/fig-2024-quand-nos-artistes-rencontrent-la-terre\/#primaryimage"},"thumbnailUrl":"https:\/\/vosgesinfo.fr\/app\/uploads\/sites\/6\/2024\/09\/gadoue.jpeg","datePublished":"2024-09-26T12:42:00+00:00","dateModified":"2024-09-26T12:42:00+00:00","breadcrumb":{"@id":"https:\/\/vosgesinfo.fr\/gerardmerinfo\/2024\/09\/fig-2024-quand-nos-artistes-rencontrent-la-terre\/#breadcrumb"},"inLanguage":"fr-FR","potentialAction":[{"@type":"ReadAction","target":["https:\/\/vosgesinfo.fr\/gerardmerinfo\/2024\/09\/fig-2024-quand-nos-artistes-rencontrent-la-terre\/"]}]},{"@type":"ImageObject","inLanguage":"fr-FR","@id":"https:\/\/vosgesinfo.fr\/gerardmerinfo\/2024\/09\/fig-2024-quand-nos-artistes-rencontrent-la-terre\/#primaryimage","url":"https:\/\/vosgesinfo.fr\/app\/uploads\/sites\/6\/2024\/09\/gadoue.jpeg","contentUrl":"https:\/\/vosgesinfo.fr\/app\/uploads\/sites\/6\/2024\/09\/gadoue.jpeg","width":584,"height":389},{"@type":"BreadcrumbList","@id":"https:\/\/vosgesinfo.fr\/gerardmerinfo\/2024\/09\/fig-2024-quand-nos-artistes-rencontrent-la-terre\/#breadcrumb","itemListElement":[{"@type":"ListItem","position":1,"name":"Home","item":"https:\/\/vosgesinfo.fr\/gerardmerinfo\/"},{"@type":"ListItem","position":2,"name":"FIG 2024 : Quand nos artistes rencontrent la terre &#8230;"}]},{"@type":"WebSite","@id":"https:\/\/vosgesinfo.fr\/gerardmerinfo\/#website","url":"https:\/\/vosgesinfo.fr\/gerardmerinfo\/","name":"Gerardmer Info","description":"Toute l&#039;actualit\u00e9 de G\u00e9rardmer","publisher":{"@id":"https:\/\/vosgesinfo.fr\/gerardmerinfo\/#organization"},"alternateName":"Toute l'actualit\u00e9 de G\u00e9rardmer","potentialAction":[{"@type":"SearchAction","target":{"@type":"EntryPoint","urlTemplate":"https:\/\/vosgesinfo.fr\/gerardmerinfo\/?s={search_term_string}"},"query-input":"required name=search_term_string"}],"inLanguage":"fr-FR"},{"@type":"Organization","@id":"https:\/\/vosgesinfo.fr\/gerardmerinfo\/#organization","name":"Gerardmer Info","url":"https:\/\/vosgesinfo.fr\/gerardmerinfo\/","logo":{"@type":"ImageObject","inLanguage":"fr-FR","@id":"https:\/\/vosgesinfo.fr\/gerardmerinfo\/#\/schema\/logo\/image\/","url":"https:\/\/vosgesinfo.fr\/app\/uploads\/sites\/6\/2023\/08\/favicon-gerardmerinfo.png","contentUrl":"https:\/\/vosgesinfo.fr\/app\/uploads\/sites\/6\/2023\/08\/favicon-gerardmerinfo.png","width":512,"height":512,"caption":"Gerardmer Info"},"image":{"@id":"https:\/\/vosgesinfo.fr\/gerardmerinfo\/#\/schema\/logo\/image\/"},"sameAs":["https:\/\/www.facebook.com\/profile.php?id=100049475262660","https:\/\/x.com\/VosgesInfo88","https:\/\/www.youtube.com\/@vosgesinfo"]},{"@type":"Person","@id":"https:\/\/vosgesinfo.fr\/gerardmerinfo\/#\/schema\/person\/27a3695b06db98895b354c0765cdfc31","name":"La redaction","image":{"@type":"ImageObject","inLanguage":"fr-FR","@id":"https:\/\/vosgesinfo.fr\/gerardmerinfo\/#\/schema\/person\/image\/","url":"https:\/\/secure.gravatar.com\/avatar\/64c76a78e501cedee55736f43f332df901e1896ae9cd8fad269ae2236dd0e8b6?s=96&d=mm&r=g","contentUrl":"https:\/\/secure.gravatar.com\/avatar\/64c76a78e501cedee55736f43f332df901e1896ae9cd8fad269ae2236dd0e8b6?s=96&d=mm&r=g","caption":"La redaction"},"url":"https:\/\/vosgesinfo.fr\/gerardmerinfo\/author\/la-redaction\/"}]}},"_links":{"self":[{"href":"https:\/\/vosgesinfo.fr\/gerardmerinfo\/wp-json\/wp\/v2\/posts\/69083","targetHints":{"allow":["GET"]}}],"collection":[{"href":"https:\/\/vosgesinfo.fr\/gerardmerinfo\/wp-json\/wp\/v2\/posts"}],"about":[{"href":"https:\/\/vosgesinfo.fr\/gerardmerinfo\/wp-json\/wp\/v2\/types\/post"}],"author":[{"embeddable":true,"href":"https:\/\/vosgesinfo.fr\/gerardmerinfo\/wp-json\/wp\/v2\/users\/391"}],"replies":[{"embeddable":true,"href":"https:\/\/vosgesinfo.fr\/gerardmerinfo\/wp-json\/wp\/v2\/comments?post=69083"}],"version-history":[{"count":0,"href":"https:\/\/vosgesinfo.fr\/gerardmerinfo\/wp-json\/wp\/v2\/posts\/69083\/revisions"}],"wp:featuredmedia":[{"embeddable":true,"href":"https:\/\/vosgesinfo.fr\/gerardmerinfo\/wp-json\/wp\/v2\/media\/69084"}],"wp:attachment":[{"href":"https:\/\/vosgesinfo.fr\/gerardmerinfo\/wp-json\/wp\/v2\/media?parent=69083"}],"wp:term":[{"taxonomy":"category","embeddable":true,"href":"https:\/\/vosgesinfo.fr\/gerardmerinfo\/wp-json\/wp\/v2\/categories?post=69083"},{"taxonomy":"post_tag","embeddable":true,"href":"https:\/\/vosgesinfo.fr\/gerardmerinfo\/wp-json\/wp\/v2\/tags?post=69083"}],"curies":[{"name":"wp","href":"https:\/\/api.w.org\/{rel}","templated":true}]}}