{"id":70100,"date":"2024-10-26T08:23:59","date_gmt":"2024-10-26T06:23:59","guid":{"rendered":"https:\/\/vosgesinfo.fr\/gerardmerinfo\/?p=70100"},"modified":"2024-10-26T10:24:38","modified_gmt":"2024-10-26T08:24:38","slug":"vitality-sens-corps-esprit-en-harmonie","status":"publish","type":"post","link":"https:\/\/vosgesinfo.fr\/gerardmerinfo\/2024\/10\/vitality-sens-corps-esprit-en-harmonie\/","title":{"rendered":"Vitality Sens &#8211; corps &#038; esprit en harmonie"},"content":{"rendered":"<div><strong>Le Vitality\u00a0 ajoute une nouvelle corde bien-\u00eatre \u00e0 son arc avec la cr\u00e9ation de Vitality Sens sous l&rsquo;impulsion de Mona Di Fabio.<\/strong><\/div>\n<div><\/div>\n<div><a href=\"https:\/\/vosgesinfo.fr\/app\/uploads\/sites\/6\/2024\/10\/pxl-20241023-122241758-scaled.jpg\"><img decoding=\"async\" class=\"alignright size-medium wp-image-70101\" src=\"https:\/\/vosgesinfo.fr\/app\/uploads\/sites\/6\/2024\/10\/pxl-20241023-122241758-300x226.jpg\" alt=\"\" width=\"300\" height=\"226\" srcset=\"https:\/\/vosgesinfo.fr\/app\/uploads\/sites\/6\/2024\/10\/pxl-20241023-122241758-300x226.jpg 300w, https:\/\/vosgesinfo.fr\/app\/uploads\/sites\/6\/2024\/10\/pxl-20241023-122241758-1024x771.jpg 1024w, https:\/\/vosgesinfo.fr\/app\/uploads\/sites\/6\/2024\/10\/pxl-20241023-122241758-768x578.jpg 768w, https:\/\/vosgesinfo.fr\/app\/uploads\/sites\/6\/2024\/10\/pxl-20241023-122241758-1536x1157.jpg 1536w, https:\/\/vosgesinfo.fr\/app\/uploads\/sites\/6\/2024\/10\/pxl-20241023-122241758-2048x1542.jpg 2048w\" sizes=\"(max-width: 300px) 100vw, 300px\" \/><\/a>Ce nouveau volet bien-\u00eatre se d\u00e9cline en trois parties avec tout d&rsquo;abord un soin sous forme d&rsquo;hypno-massage. Un massage qui combine diff\u00e9rentes techniques et qui est pratiqu\u00e9 sous hypnose. Corps et esprit sont ainsi r\u00e9-harmonis\u00e9s, et les b\u00e9n\u00e9fices du massage d\u00e9cupl\u00e9s. Ce type de massage n\u00e9cessite un entretien pr\u00e9alable d&rsquo;une demi-heure et produit des effets un peu plus permanents qu&rsquo;un massage classique.<\/div>\n<div>Mona propose \u00e9galement des s\u00e9ances de th\u00e9rapies br\u00e8ves avec la PNL (programmation neuro linguistique) et l&rsquo;EFT (technique de lib\u00e9ration \u00e9motionnelle). La PNL consiste \u00e0 accompagner la personne afin qu&rsquo;elle reprogramme son cerveau pour atteindre son objectif, quel qu&rsquo;il soit, comme perdre une mauvaise habitude, d\u00e9velopper une ressource, se d\u00e9barrasser d&rsquo;une peur, repousser ses limites etc. Enfin, l&rsquo;EFT, aussi appel\u00e9 tapping, s&rsquo;apparente \u00e0 de l&rsquo;acupuncture \u00e9motionnelle sans aiguilles. Tout en se tapotant du bout des doigts certains points pr\u00e9cis, on va venir d\u00e9tacher l&rsquo;affecte li\u00e9 \u00e0 une exp\u00e9rience, un trauma, afin que celui-ci redevienne une simple information qui ne g\u00e9n\u00e8re plus de r\u00e9action \u00e9motionnelle chez la personne.<\/div>\n<div>Pour plus d&rsquo;information sur le soin et les th\u00e9rapies propos\u00e9s et\/ou pour une prise de rendez-vous, n&rsquo;h\u00e9sitez pas \u00e0 contacter Vitality Sens au num\u00e9ro ci-dessous.<\/div>\n<div><\/div>\n<div>Vitality Sens<\/div>\n<div>6, rue Fran\u00e7ois Mitterrand<\/div>\n<div>T\u00e9l. 07 83 70 40 47<\/div>\n<div>Mail : <a id=\"m_7409750202052868508OWA4e07ecf1-2472-89d1-d8e8-8735ac3a0f18\" href=\"mailto:monadifabio@gmail.com\" target=\"_blank\" rel=\"noopener\"> monadifabio@gmail.com<\/a><\/div>\n<div>Facebook\u00a0: Vitality Sens<\/div>\n<div>Instagram\u00a0: vitality.sens<\/div>\n","protected":false},"excerpt":{"rendered":"<p>Le Vitality\u00a0 ajoute une nouvelle corde bien-\u00eatre \u00e0 son arc avec la cr\u00e9ation de Vitality Sens sous l&rsquo;impulsion de Mona [&hellip;]<\/p>\n","protected":false},"author":391,"featured_media":70101,"comment_status":"closed","ping_status":"open","sticky":false,"template":"","format":"standard","meta":{"footnotes":""},"categories":[20,5,5647],"tags":[5918,1089],"class_list":["post-70100","post","type-post","status-publish","format-standard","has-post-thumbnail","hentry","category-a-la-une","category-economie","category-gerardmer-autres-sites","tag-vitality-sens","tag-vitality-sports"],"acf":[],"yoast_head":"<!-- This site is optimized with the Yoast SEO plugin v22.5 - https:\/\/yoast.com\/wordpress\/plugins\/seo\/ -->\n<title>Vitality Sens - corps &amp; esprit en harmonie - Gerardmer Info<\/title>\n<meta name=\"robots\" content=\"index, follow, max-snippet:-1, max-image-preview:large, max-video-preview:-1\" \/>\n<link rel=\"canonical\" href=\"https:\/\/vosgesinfo.fr\/gerardmerinfo\/2024\/10\/vitality-sens-corps-esprit-en-harmonie\/\" \/>\n<meta name=\"twitter:card\" content=\"summary_large_image\" \/>\n<meta name=\"twitter:title\" content=\"Vitality Sens - corps &amp; esprit en harmonie - Gerardmer Info\" \/>\n<meta name=\"twitter:description\" content=\"Le Vitality\u00a0 ajoute une nouvelle corde bien-\u00eatre \u00e0 son arc avec la cr\u00e9ation de Vitality Sens sous l&rsquo;impulsion de Mona [&hellip;]\" \/>\n<meta name=\"twitter:image\" content=\"https:\/\/vosgesinfo.fr\/app\/uploads\/sites\/6\/2024\/10\/pxl-20241023-122241758-scaled.jpg\" \/>\n<meta name=\"twitter:creator\" content=\"@VosgesInfo88\" \/>\n<meta name=\"twitter:site\" content=\"@VosgesInfo88\" \/>\n<meta name=\"twitter:label1\" content=\"\u00c9crit par\" \/>\n\t<meta name=\"twitter:data1\" content=\"La redaction\" \/>\n\t<meta name=\"twitter:label2\" content=\"Dur\u00e9e de lecture estim\u00e9e\" \/>\n\t<meta name=\"twitter:data2\" content=\"2 minutes\" \/>\n<script type=\"application\/ld+json\" class=\"yoast-schema-graph\">{\"@context\":\"https:\/\/schema.org\",\"@graph\":[{\"@type\":\"Article\",\"@id\":\"https:\/\/vosgesinfo.fr\/gerardmerinfo\/2024\/10\/vitality-sens-corps-esprit-en-harmonie\/#article\",\"isPartOf\":{\"@id\":\"https:\/\/vosgesinfo.fr\/gerardmerinfo\/2024\/10\/vitality-sens-corps-esprit-en-harmonie\/\"},\"author\":{\"name\":\"La redaction\",\"@id\":\"https:\/\/vosgesinfo.fr\/gerardmerinfo\/#\/schema\/person\/27a3695b06db98895b354c0765cdfc31\"},\"headline\":\"Vitality Sens &#8211; corps &#038; esprit en harmonie\",\"datePublished\":\"2024-10-26T06:23:59+00:00\",\"dateModified\":\"2024-10-26T08:24:38+00:00\",\"mainEntityOfPage\":{\"@id\":\"https:\/\/vosgesinfo.fr\/gerardmerinfo\/2024\/10\/vitality-sens-corps-esprit-en-harmonie\/\"},\"wordCount\":280,\"publisher\":{\"@id\":\"https:\/\/vosgesinfo.fr\/gerardmerinfo\/#organization\"},\"image\":{\"@id\":\"https:\/\/vosgesinfo.fr\/gerardmerinfo\/2024\/10\/vitality-sens-corps-esprit-en-harmonie\/#primaryimage\"},\"thumbnailUrl\":\"https:\/\/vosgesinfo.fr\/app\/uploads\/sites\/6\/2024\/10\/pxl-20241023-122241758-scaled.jpg\",\"keywords\":[\"Vitality Sens\",\"Vitality sports\"],\"articleSection\":[\"A la une\",\"\u00c9conomie\",\"Gerardmer\"],\"inLanguage\":\"fr-FR\"},{\"@type\":\"WebPage\",\"@id\":\"https:\/\/vosgesinfo.fr\/gerardmerinfo\/2024\/10\/vitality-sens-corps-esprit-en-harmonie\/\",\"url\":\"https:\/\/vosgesinfo.fr\/gerardmerinfo\/2024\/10\/vitality-sens-corps-esprit-en-harmonie\/\",\"name\":\"Vitality Sens - corps & esprit en harmonie - Gerardmer Info\",\"isPartOf\":{\"@id\":\"https:\/\/vosgesinfo.fr\/gerardmerinfo\/#website\"},\"primaryImageOfPage\":{\"@id\":\"https:\/\/vosgesinfo.fr\/gerardmerinfo\/2024\/10\/vitality-sens-corps-esprit-en-harmonie\/#primaryimage\"},\"image\":{\"@id\":\"https:\/\/vosgesinfo.fr\/gerardmerinfo\/2024\/10\/vitality-sens-corps-esprit-en-harmonie\/#primaryimage\"},\"thumbnailUrl\":\"https:\/\/vosgesinfo.fr\/app\/uploads\/sites\/6\/2024\/10\/pxl-20241023-122241758-scaled.jpg\",\"datePublished\":\"2024-10-26T06:23:59+00:00\",\"dateModified\":\"2024-10-26T08:24:38+00:00\",\"breadcrumb\":{\"@id\":\"https:\/\/vosgesinfo.fr\/gerardmerinfo\/2024\/10\/vitality-sens-corps-esprit-en-harmonie\/#breadcrumb\"},\"inLanguage\":\"fr-FR\",\"potentialAction\":[{\"@type\":\"ReadAction\",\"target\":[\"https:\/\/vosgesinfo.fr\/gerardmerinfo\/2024\/10\/vitality-sens-corps-esprit-en-harmonie\/\"]}]},{\"@type\":\"ImageObject\",\"inLanguage\":\"fr-FR\",\"@id\":\"https:\/\/vosgesinfo.fr\/gerardmerinfo\/2024\/10\/vitality-sens-corps-esprit-en-harmonie\/#primaryimage\",\"url\":\"https:\/\/vosgesinfo.fr\/app\/uploads\/sites\/6\/2024\/10\/pxl-20241023-122241758-scaled.jpg\",\"contentUrl\":\"https:\/\/vosgesinfo.fr\/app\/uploads\/sites\/6\/2024\/10\/pxl-20241023-122241758-scaled.jpg\",\"width\":2560,\"height\":1928},{\"@type\":\"BreadcrumbList\",\"@id\":\"https:\/\/vosgesinfo.fr\/gerardmerinfo\/2024\/10\/vitality-sens-corps-esprit-en-harmonie\/#breadcrumb\",\"itemListElement\":[{\"@type\":\"ListItem\",\"position\":1,\"name\":\"Home\",\"item\":\"https:\/\/vosgesinfo.fr\/gerardmerinfo\/\"},{\"@type\":\"ListItem\",\"position\":2,\"name\":\"Vitality Sens &#8211; corps &#038; esprit en harmonie\"}]},{\"@type\":\"WebSite\",\"@id\":\"https:\/\/vosgesinfo.fr\/gerardmerinfo\/#website\",\"url\":\"https:\/\/vosgesinfo.fr\/gerardmerinfo\/\",\"name\":\"Gerardmer Info\",\"description\":\"Toute l&#039;actualit\u00e9 de G\u00e9rardmer\",\"publisher\":{\"@id\":\"https:\/\/vosgesinfo.fr\/gerardmerinfo\/#organization\"},\"alternateName\":\"Toute l'actualit\u00e9 de G\u00e9rardmer\",\"potentialAction\":[{\"@type\":\"SearchAction\",\"target\":{\"@type\":\"EntryPoint\",\"urlTemplate\":\"https:\/\/vosgesinfo.fr\/gerardmerinfo\/?s={search_term_string}\"},\"query-input\":\"required name=search_term_string\"}],\"inLanguage\":\"fr-FR\"},{\"@type\":\"Organization\",\"@id\":\"https:\/\/vosgesinfo.fr\/gerardmerinfo\/#organization\",\"name\":\"Gerardmer Info\",\"url\":\"https:\/\/vosgesinfo.fr\/gerardmerinfo\/\",\"logo\":{\"@type\":\"ImageObject\",\"inLanguage\":\"fr-FR\",\"@id\":\"https:\/\/vosgesinfo.fr\/gerardmerinfo\/#\/schema\/logo\/image\/\",\"url\":\"https:\/\/vosgesinfo.fr\/app\/uploads\/sites\/6\/2023\/08\/favicon-gerardmerinfo.png\",\"contentUrl\":\"https:\/\/vosgesinfo.fr\/app\/uploads\/sites\/6\/2023\/08\/favicon-gerardmerinfo.png\",\"width\":512,\"height\":512,\"caption\":\"Gerardmer Info\"},\"image\":{\"@id\":\"https:\/\/vosgesinfo.fr\/gerardmerinfo\/#\/schema\/logo\/image\/\"},\"sameAs\":[\"https:\/\/www.facebook.com\/profile.php?id=100049475262660\",\"https:\/\/x.com\/VosgesInfo88\",\"https:\/\/www.youtube.com\/@vosgesinfo\"]},{\"@type\":\"Person\",\"@id\":\"https:\/\/vosgesinfo.fr\/gerardmerinfo\/#\/schema\/person\/27a3695b06db98895b354c0765cdfc31\",\"name\":\"La redaction\",\"image\":{\"@type\":\"ImageObject\",\"inLanguage\":\"fr-FR\",\"@id\":\"https:\/\/vosgesinfo.fr\/gerardmerinfo\/#\/schema\/person\/image\/\",\"url\":\"https:\/\/secure.gravatar.com\/avatar\/64c76a78e501cedee55736f43f332df901e1896ae9cd8fad269ae2236dd0e8b6?s=96&d=mm&r=g\",\"contentUrl\":\"https:\/\/secure.gravatar.com\/avatar\/64c76a78e501cedee55736f43f332df901e1896ae9cd8fad269ae2236dd0e8b6?s=96&d=mm&r=g\",\"caption\":\"La redaction\"},\"url\":\"https:\/\/vosgesinfo.fr\/gerardmerinfo\/author\/la-redaction\/\"}]}<\/script>\n<!-- \/ Yoast SEO plugin. -->","yoast_head_json":{"title":"Vitality Sens - corps & esprit en harmonie - Gerardmer Info","robots":{"index":"index","follow":"follow","max-snippet":"max-snippet:-1","max-image-preview":"max-image-preview:large","max-video-preview":"max-video-preview:-1"},"canonical":"https:\/\/vosgesinfo.fr\/gerardmerinfo\/2024\/10\/vitality-sens-corps-esprit-en-harmonie\/","twitter_card":"summary_large_image","twitter_title":"Vitality Sens - corps & esprit en harmonie - Gerardmer Info","twitter_description":"Le Vitality\u00a0 ajoute une nouvelle corde bien-\u00eatre \u00e0 son arc avec la cr\u00e9ation de Vitality Sens sous l&rsquo;impulsion de Mona [&hellip;]","twitter_image":"https:\/\/vosgesinfo.fr\/app\/uploads\/sites\/6\/2024\/10\/pxl-20241023-122241758-scaled.jpg","twitter_creator":"@VosgesInfo88","twitter_site":"@VosgesInfo88","twitter_misc":{"\u00c9crit par":"La redaction","Dur\u00e9e de lecture estim\u00e9e":"2 minutes"},"schema":{"@context":"https:\/\/schema.org","@graph":[{"@type":"Article","@id":"https:\/\/vosgesinfo.fr\/gerardmerinfo\/2024\/10\/vitality-sens-corps-esprit-en-harmonie\/#article","isPartOf":{"@id":"https:\/\/vosgesinfo.fr\/gerardmerinfo\/2024\/10\/vitality-sens-corps-esprit-en-harmonie\/"},"author":{"name":"La redaction","@id":"https:\/\/vosgesinfo.fr\/gerardmerinfo\/#\/schema\/person\/27a3695b06db98895b354c0765cdfc31"},"headline":"Vitality Sens &#8211; corps &#038; esprit en harmonie","datePublished":"2024-10-26T06:23:59+00:00","dateModified":"2024-10-26T08:24:38+00:00","mainEntityOfPage":{"@id":"https:\/\/vosgesinfo.fr\/gerardmerinfo\/2024\/10\/vitality-sens-corps-esprit-en-harmonie\/"},"wordCount":280,"publisher":{"@id":"https:\/\/vosgesinfo.fr\/gerardmerinfo\/#organization"},"image":{"@id":"https:\/\/vosgesinfo.fr\/gerardmerinfo\/2024\/10\/vitality-sens-corps-esprit-en-harmonie\/#primaryimage"},"thumbnailUrl":"https:\/\/vosgesinfo.fr\/app\/uploads\/sites\/6\/2024\/10\/pxl-20241023-122241758-scaled.jpg","keywords":["Vitality Sens","Vitality sports"],"articleSection":["A la une","\u00c9conomie","Gerardmer"],"inLanguage":"fr-FR"},{"@type":"WebPage","@id":"https:\/\/vosgesinfo.fr\/gerardmerinfo\/2024\/10\/vitality-sens-corps-esprit-en-harmonie\/","url":"https:\/\/vosgesinfo.fr\/gerardmerinfo\/2024\/10\/vitality-sens-corps-esprit-en-harmonie\/","name":"Vitality Sens - corps & esprit en harmonie - Gerardmer Info","isPartOf":{"@id":"https:\/\/vosgesinfo.fr\/gerardmerinfo\/#website"},"primaryImageOfPage":{"@id":"https:\/\/vosgesinfo.fr\/gerardmerinfo\/2024\/10\/vitality-sens-corps-esprit-en-harmonie\/#primaryimage"},"image":{"@id":"https:\/\/vosgesinfo.fr\/gerardmerinfo\/2024\/10\/vitality-sens-corps-esprit-en-harmonie\/#primaryimage"},"thumbnailUrl":"https:\/\/vosgesinfo.fr\/app\/uploads\/sites\/6\/2024\/10\/pxl-20241023-122241758-scaled.jpg","datePublished":"2024-10-26T06:23:59+00:00","dateModified":"2024-10-26T08:24:38+00:00","breadcrumb":{"@id":"https:\/\/vosgesinfo.fr\/gerardmerinfo\/2024\/10\/vitality-sens-corps-esprit-en-harmonie\/#breadcrumb"},"inLanguage":"fr-FR","potentialAction":[{"@type":"ReadAction","target":["https:\/\/vosgesinfo.fr\/gerardmerinfo\/2024\/10\/vitality-sens-corps-esprit-en-harmonie\/"]}]},{"@type":"ImageObject","inLanguage":"fr-FR","@id":"https:\/\/vosgesinfo.fr\/gerardmerinfo\/2024\/10\/vitality-sens-corps-esprit-en-harmonie\/#primaryimage","url":"https:\/\/vosgesinfo.fr\/app\/uploads\/sites\/6\/2024\/10\/pxl-20241023-122241758-scaled.jpg","contentUrl":"https:\/\/vosgesinfo.fr\/app\/uploads\/sites\/6\/2024\/10\/pxl-20241023-122241758-scaled.jpg","width":2560,"height":1928},{"@type":"BreadcrumbList","@id":"https:\/\/vosgesinfo.fr\/gerardmerinfo\/2024\/10\/vitality-sens-corps-esprit-en-harmonie\/#breadcrumb","itemListElement":[{"@type":"ListItem","position":1,"name":"Home","item":"https:\/\/vosgesinfo.fr\/gerardmerinfo\/"},{"@type":"ListItem","position":2,"name":"Vitality Sens &#8211; corps &#038; esprit en harmonie"}]},{"@type":"WebSite","@id":"https:\/\/vosgesinfo.fr\/gerardmerinfo\/#website","url":"https:\/\/vosgesinfo.fr\/gerardmerinfo\/","name":"Gerardmer Info","description":"Toute l&#039;actualit\u00e9 de G\u00e9rardmer","publisher":{"@id":"https:\/\/vosgesinfo.fr\/gerardmerinfo\/#organization"},"alternateName":"Toute l'actualit\u00e9 de G\u00e9rardmer","potentialAction":[{"@type":"SearchAction","target":{"@type":"EntryPoint","urlTemplate":"https:\/\/vosgesinfo.fr\/gerardmerinfo\/?s={search_term_string}"},"query-input":"required name=search_term_string"}],"inLanguage":"fr-FR"},{"@type":"Organization","@id":"https:\/\/vosgesinfo.fr\/gerardmerinfo\/#organization","name":"Gerardmer Info","url":"https:\/\/vosgesinfo.fr\/gerardmerinfo\/","logo":{"@type":"ImageObject","inLanguage":"fr-FR","@id":"https:\/\/vosgesinfo.fr\/gerardmerinfo\/#\/schema\/logo\/image\/","url":"https:\/\/vosgesinfo.fr\/app\/uploads\/sites\/6\/2023\/08\/favicon-gerardmerinfo.png","contentUrl":"https:\/\/vosgesinfo.fr\/app\/uploads\/sites\/6\/2023\/08\/favicon-gerardmerinfo.png","width":512,"height":512,"caption":"Gerardmer Info"},"image":{"@id":"https:\/\/vosgesinfo.fr\/gerardmerinfo\/#\/schema\/logo\/image\/"},"sameAs":["https:\/\/www.facebook.com\/profile.php?id=100049475262660","https:\/\/x.com\/VosgesInfo88","https:\/\/www.youtube.com\/@vosgesinfo"]},{"@type":"Person","@id":"https:\/\/vosgesinfo.fr\/gerardmerinfo\/#\/schema\/person\/27a3695b06db98895b354c0765cdfc31","name":"La redaction","image":{"@type":"ImageObject","inLanguage":"fr-FR","@id":"https:\/\/vosgesinfo.fr\/gerardmerinfo\/#\/schema\/person\/image\/","url":"https:\/\/secure.gravatar.com\/avatar\/64c76a78e501cedee55736f43f332df901e1896ae9cd8fad269ae2236dd0e8b6?s=96&d=mm&r=g","contentUrl":"https:\/\/secure.gravatar.com\/avatar\/64c76a78e501cedee55736f43f332df901e1896ae9cd8fad269ae2236dd0e8b6?s=96&d=mm&r=g","caption":"La redaction"},"url":"https:\/\/vosgesinfo.fr\/gerardmerinfo\/author\/la-redaction\/"}]}},"_links":{"self":[{"href":"https:\/\/vosgesinfo.fr\/gerardmerinfo\/wp-json\/wp\/v2\/posts\/70100","targetHints":{"allow":["GET"]}}],"collection":[{"href":"https:\/\/vosgesinfo.fr\/gerardmerinfo\/wp-json\/wp\/v2\/posts"}],"about":[{"href":"https:\/\/vosgesinfo.fr\/gerardmerinfo\/wp-json\/wp\/v2\/types\/post"}],"author":[{"embeddable":true,"href":"https:\/\/vosgesinfo.fr\/gerardmerinfo\/wp-json\/wp\/v2\/users\/391"}],"replies":[{"embeddable":true,"href":"https:\/\/vosgesinfo.fr\/gerardmerinfo\/wp-json\/wp\/v2\/comments?post=70100"}],"version-history":[{"count":4,"href":"https:\/\/vosgesinfo.fr\/gerardmerinfo\/wp-json\/wp\/v2\/posts\/70100\/revisions"}],"predecessor-version":[{"id":70108,"href":"https:\/\/vosgesinfo.fr\/gerardmerinfo\/wp-json\/wp\/v2\/posts\/70100\/revisions\/70108"}],"wp:featuredmedia":[{"embeddable":true,"href":"https:\/\/vosgesinfo.fr\/gerardmerinfo\/wp-json\/wp\/v2\/media\/70101"}],"wp:attachment":[{"href":"https:\/\/vosgesinfo.fr\/gerardmerinfo\/wp-json\/wp\/v2\/media?parent=70100"}],"wp:term":[{"taxonomy":"category","embeddable":true,"href":"https:\/\/vosgesinfo.fr\/gerardmerinfo\/wp-json\/wp\/v2\/categories?post=70100"},{"taxonomy":"post_tag","embeddable":true,"href":"https:\/\/vosgesinfo.fr\/gerardmerinfo\/wp-json\/wp\/v2\/tags?post=70100"}],"curies":[{"name":"wp","href":"https:\/\/api.w.org\/{rel}","templated":true}]}}