{"id":70124,"date":"2024-10-26T10:10:34","date_gmt":"2024-10-26T08:10:34","guid":{"rendered":"https:\/\/vosgesinfo.fr\/gerardmerinfo\/2024\/10\/offre-demploi-chez-svd-pro-et-cie-a-saint-die-des-vosges\/"},"modified":"2024-10-26T10:32:54","modified_gmt":"2024-10-26T08:32:54","slug":"offre-demploi-chez-svd-pro-et-cie-a-saint-die-des-vosges","status":"publish","type":"post","link":"https:\/\/vosgesinfo.fr\/gerardmerinfo\/2024\/10\/offre-demploi-chez-svd-pro-et-cie-a-saint-die-des-vosges\/","title":{"rendered":"Offre d&#8217;emploi chez SVD Pro et Cie, \u00e0 Saint-Di\u00e9-Des-Vosges"},"content":{"rendered":"<div><a href=\"https:\/\/vosgesinfo.fr\/app\/uploads\/sites\/4\/2024\/10\/svd-ext.jpg\"><img decoding=\"async\" class=\"alignnone size-full wp-image-69662\" src=\"https:\/\/vosgesinfo.fr\/app\/uploads\/sites\/4\/2024\/10\/svd-ext.jpg\" alt=\"\" width=\"619\" height=\"342\" \/><\/a><\/div>\n<h2><span style=\"font-size: large;\">Suite \u00e0 la forte augmentation des prestations S.A.V. (aides de l&rsquo;\u00e9tat QUALIREPAR), <\/span><span style=\"font-size: large;\">Le Magasin SVD Pro et Cie, \u00e0 Saint-Di\u00e9-Des-Vosges, sp\u00e9cialis\u00e9 dans la vente et l&rsquo;installation d&rsquo;appareils \u00e9lectro-m\u00e9nager, recherche :<\/span><\/h2>\n<p><!--more--><\/p>\n<div><span style=\"font-size: large;\"><strong>Un d\u00e9panneur \u00e9lectro-m\u00e9nager, d\u00e9panneur petit-\u00e9lectromenager, d\u00e9panneur t\u00e9l\u00e9vision.<\/strong> <\/span><\/div>\n<div><span style=\"font-size: large;\">T\u00e9l\u00e9phone pour RDV : 03.29.27.29.70<\/span><\/div>\n","protected":false},"excerpt":{"rendered":"<p>Suite \u00e0 la forte augmentation des prestations S.A.V. (aides de l&rsquo;\u00e9tat QUALIREPAR), Le Magasin SVD Pro et Cie, \u00e0 Saint-Di\u00e9-Des-Vosges, [&hellip;]<\/p>\n","protected":false},"author":46,"featured_media":70125,"comment_status":"open","ping_status":"open","sticky":false,"template":"","format":"standard","meta":{"footnotes":""},"categories":[20,5,25,875],"tags":[5922,5923],"class_list":["post-70124","post","type-post","status-publish","format-standard","has-post-thumbnail","hentry","category-a-la-une","category-economie","category-gerardmer","category-saint-die-des-vosges","tag-offre-demploi","tag-svd-pro-cie"],"acf":[],"yoast_head":"<!-- This site is optimized with the Yoast SEO plugin v22.5 - https:\/\/yoast.com\/wordpress\/plugins\/seo\/ -->\n<title>Offre d&#039;emploi chez SVD Pro et Cie, \u00e0 Saint-Di\u00e9-Des-Vosges - Gerardmer Info<\/title>\n<meta name=\"robots\" content=\"index, follow, max-snippet:-1, max-image-preview:large, max-video-preview:-1\" \/>\n<link rel=\"canonical\" href=\"https:\/\/vosgesinfo.fr\/gerardmerinfo\/2024\/10\/offre-demploi-chez-svd-pro-et-cie-a-saint-die-des-vosges\/\" \/>\n<meta name=\"twitter:card\" content=\"summary_large_image\" \/>\n<meta name=\"twitter:title\" content=\"Offre d&#039;emploi chez SVD Pro et Cie, \u00e0 Saint-Di\u00e9-Des-Vosges - Gerardmer Info\" \/>\n<meta name=\"twitter:description\" content=\"Suite \u00e0 la forte augmentation des prestations S.A.V. (aides de l&rsquo;\u00e9tat QUALIREPAR), Le Magasin SVD Pro et Cie, \u00e0 Saint-Di\u00e9-Des-Vosges, [&hellip;]\" \/>\n<meta name=\"twitter:image\" content=\"https:\/\/vosgesinfo.fr\/app\/uploads\/sites\/6\/2024\/10\/svd-ext.jpg\" \/>\n<meta name=\"twitter:creator\" content=\"@VosgesInfo88\" \/>\n<meta name=\"twitter:site\" content=\"@VosgesInfo88\" \/>\n<meta name=\"twitter:label1\" content=\"\u00c9crit par\" \/>\n\t<meta name=\"twitter:data1\" content=\"J.J.\" \/>\n<script type=\"application\/ld+json\" class=\"yoast-schema-graph\">{\"@context\":\"https:\/\/schema.org\",\"@graph\":[{\"@type\":\"Article\",\"@id\":\"https:\/\/vosgesinfo.fr\/gerardmerinfo\/2024\/10\/offre-demploi-chez-svd-pro-et-cie-a-saint-die-des-vosges\/#article\",\"isPartOf\":{\"@id\":\"https:\/\/vosgesinfo.fr\/gerardmerinfo\/2024\/10\/offre-demploi-chez-svd-pro-et-cie-a-saint-die-des-vosges\/\"},\"author\":{\"name\":\"J.J.\",\"@id\":\"https:\/\/vosgesinfo.fr\/gerardmerinfo\/#\/schema\/person\/fa73e9f726d67bb88f46d5b7943cb572\"},\"headline\":\"Offre d&#8217;emploi chez SVD Pro et Cie, \u00e0 Saint-Di\u00e9-Des-Vosges\",\"datePublished\":\"2024-10-26T08:10:34+00:00\",\"dateModified\":\"2024-10-26T08:32:54+00:00\",\"mainEntityOfPage\":{\"@id\":\"https:\/\/vosgesinfo.fr\/gerardmerinfo\/2024\/10\/offre-demploi-chez-svd-pro-et-cie-a-saint-die-des-vosges\/\"},\"wordCount\":64,\"commentCount\":0,\"publisher\":{\"@id\":\"https:\/\/vosgesinfo.fr\/gerardmerinfo\/#organization\"},\"image\":{\"@id\":\"https:\/\/vosgesinfo.fr\/gerardmerinfo\/2024\/10\/offre-demploi-chez-svd-pro-et-cie-a-saint-die-des-vosges\/#primaryimage\"},\"thumbnailUrl\":\"https:\/\/vosgesinfo.fr\/app\/uploads\/sites\/6\/2024\/10\/svd-ext.jpg\",\"keywords\":[\"Offre d'emploi\",\"SVD Pro &amp; Cie\"],\"articleSection\":[\"A la une\",\"\u00c9conomie\",\"G\u00e9rardmer\",\"Saint-Di\u00e9-des-Vosges\"],\"inLanguage\":\"fr-FR\",\"potentialAction\":[{\"@type\":\"CommentAction\",\"name\":\"Comment\",\"target\":[\"https:\/\/vosgesinfo.fr\/gerardmerinfo\/2024\/10\/offre-demploi-chez-svd-pro-et-cie-a-saint-die-des-vosges\/#respond\"]}]},{\"@type\":\"WebPage\",\"@id\":\"https:\/\/vosgesinfo.fr\/gerardmerinfo\/2024\/10\/offre-demploi-chez-svd-pro-et-cie-a-saint-die-des-vosges\/\",\"url\":\"https:\/\/vosgesinfo.fr\/gerardmerinfo\/2024\/10\/offre-demploi-chez-svd-pro-et-cie-a-saint-die-des-vosges\/\",\"name\":\"Offre d'emploi chez SVD Pro et Cie, \u00e0 Saint-Di\u00e9-Des-Vosges - Gerardmer Info\",\"isPartOf\":{\"@id\":\"https:\/\/vosgesinfo.fr\/gerardmerinfo\/#website\"},\"primaryImageOfPage\":{\"@id\":\"https:\/\/vosgesinfo.fr\/gerardmerinfo\/2024\/10\/offre-demploi-chez-svd-pro-et-cie-a-saint-die-des-vosges\/#primaryimage\"},\"image\":{\"@id\":\"https:\/\/vosgesinfo.fr\/gerardmerinfo\/2024\/10\/offre-demploi-chez-svd-pro-et-cie-a-saint-die-des-vosges\/#primaryimage\"},\"thumbnailUrl\":\"https:\/\/vosgesinfo.fr\/app\/uploads\/sites\/6\/2024\/10\/svd-ext.jpg\",\"datePublished\":\"2024-10-26T08:10:34+00:00\",\"dateModified\":\"2024-10-26T08:32:54+00:00\",\"breadcrumb\":{\"@id\":\"https:\/\/vosgesinfo.fr\/gerardmerinfo\/2024\/10\/offre-demploi-chez-svd-pro-et-cie-a-saint-die-des-vosges\/#breadcrumb\"},\"inLanguage\":\"fr-FR\",\"potentialAction\":[{\"@type\":\"ReadAction\",\"target\":[\"https:\/\/vosgesinfo.fr\/gerardmerinfo\/2024\/10\/offre-demploi-chez-svd-pro-et-cie-a-saint-die-des-vosges\/\"]}]},{\"@type\":\"ImageObject\",\"inLanguage\":\"fr-FR\",\"@id\":\"https:\/\/vosgesinfo.fr\/gerardmerinfo\/2024\/10\/offre-demploi-chez-svd-pro-et-cie-a-saint-die-des-vosges\/#primaryimage\",\"url\":\"https:\/\/vosgesinfo.fr\/app\/uploads\/sites\/6\/2024\/10\/svd-ext.jpg\",\"contentUrl\":\"https:\/\/vosgesinfo.fr\/app\/uploads\/sites\/6\/2024\/10\/svd-ext.jpg\",\"width\":619,\"height\":342},{\"@type\":\"BreadcrumbList\",\"@id\":\"https:\/\/vosgesinfo.fr\/gerardmerinfo\/2024\/10\/offre-demploi-chez-svd-pro-et-cie-a-saint-die-des-vosges\/#breadcrumb\",\"itemListElement\":[{\"@type\":\"ListItem\",\"position\":1,\"name\":\"Home\",\"item\":\"https:\/\/vosgesinfo.fr\/gerardmerinfo\/\"},{\"@type\":\"ListItem\",\"position\":2,\"name\":\"Offre d&#8217;emploi chez SVD Pro et Cie, \u00e0 Saint-Di\u00e9-Des-Vosges\"}]},{\"@type\":\"WebSite\",\"@id\":\"https:\/\/vosgesinfo.fr\/gerardmerinfo\/#website\",\"url\":\"https:\/\/vosgesinfo.fr\/gerardmerinfo\/\",\"name\":\"Gerardmer Info\",\"description\":\"Toute l&#039;actualit\u00e9 de G\u00e9rardmer\",\"publisher\":{\"@id\":\"https:\/\/vosgesinfo.fr\/gerardmerinfo\/#organization\"},\"alternateName\":\"Toute l'actualit\u00e9 de G\u00e9rardmer\",\"potentialAction\":[{\"@type\":\"SearchAction\",\"target\":{\"@type\":\"EntryPoint\",\"urlTemplate\":\"https:\/\/vosgesinfo.fr\/gerardmerinfo\/?s={search_term_string}\"},\"query-input\":\"required name=search_term_string\"}],\"inLanguage\":\"fr-FR\"},{\"@type\":\"Organization\",\"@id\":\"https:\/\/vosgesinfo.fr\/gerardmerinfo\/#organization\",\"name\":\"Gerardmer Info\",\"url\":\"https:\/\/vosgesinfo.fr\/gerardmerinfo\/\",\"logo\":{\"@type\":\"ImageObject\",\"inLanguage\":\"fr-FR\",\"@id\":\"https:\/\/vosgesinfo.fr\/gerardmerinfo\/#\/schema\/logo\/image\/\",\"url\":\"https:\/\/vosgesinfo.fr\/app\/uploads\/sites\/6\/2023\/08\/favicon-gerardmerinfo.png\",\"contentUrl\":\"https:\/\/vosgesinfo.fr\/app\/uploads\/sites\/6\/2023\/08\/favicon-gerardmerinfo.png\",\"width\":512,\"height\":512,\"caption\":\"Gerardmer Info\"},\"image\":{\"@id\":\"https:\/\/vosgesinfo.fr\/gerardmerinfo\/#\/schema\/logo\/image\/\"},\"sameAs\":[\"https:\/\/www.facebook.com\/profile.php?id=100049475262660\",\"https:\/\/x.com\/VosgesInfo88\",\"https:\/\/www.youtube.com\/@vosgesinfo\"]},{\"@type\":\"Person\",\"@id\":\"https:\/\/vosgesinfo.fr\/gerardmerinfo\/#\/schema\/person\/fa73e9f726d67bb88f46d5b7943cb572\",\"name\":\"J.J.\",\"image\":{\"@type\":\"ImageObject\",\"inLanguage\":\"fr-FR\",\"@id\":\"https:\/\/vosgesinfo.fr\/gerardmerinfo\/#\/schema\/person\/image\/\",\"url\":\"https:\/\/secure.gravatar.com\/avatar\/219e749e47ffbcca018a360ae4add7d4cdf1cdaaf8bc7676b27efade3fe65615?s=96&d=mm&r=g\",\"contentUrl\":\"https:\/\/secure.gravatar.com\/avatar\/219e749e47ffbcca018a360ae4add7d4cdf1cdaaf8bc7676b27efade3fe65615?s=96&d=mm&r=g\",\"caption\":\"J.J.\"},\"url\":\"https:\/\/vosgesinfo.fr\/gerardmerinfo\/author\/j-j\/\"}]}<\/script>\n<!-- \/ Yoast SEO plugin. -->","yoast_head_json":{"title":"Offre d'emploi chez SVD Pro et Cie, \u00e0 Saint-Di\u00e9-Des-Vosges - Gerardmer Info","robots":{"index":"index","follow":"follow","max-snippet":"max-snippet:-1","max-image-preview":"max-image-preview:large","max-video-preview":"max-video-preview:-1"},"canonical":"https:\/\/vosgesinfo.fr\/gerardmerinfo\/2024\/10\/offre-demploi-chez-svd-pro-et-cie-a-saint-die-des-vosges\/","twitter_card":"summary_large_image","twitter_title":"Offre d'emploi chez SVD Pro et Cie, \u00e0 Saint-Di\u00e9-Des-Vosges - Gerardmer Info","twitter_description":"Suite \u00e0 la forte augmentation des prestations S.A.V. (aides de l&rsquo;\u00e9tat QUALIREPAR), Le Magasin SVD Pro et Cie, \u00e0 Saint-Di\u00e9-Des-Vosges, [&hellip;]","twitter_image":"https:\/\/vosgesinfo.fr\/app\/uploads\/sites\/6\/2024\/10\/svd-ext.jpg","twitter_creator":"@VosgesInfo88","twitter_site":"@VosgesInfo88","twitter_misc":{"\u00c9crit par":"J.J."},"schema":{"@context":"https:\/\/schema.org","@graph":[{"@type":"Article","@id":"https:\/\/vosgesinfo.fr\/gerardmerinfo\/2024\/10\/offre-demploi-chez-svd-pro-et-cie-a-saint-die-des-vosges\/#article","isPartOf":{"@id":"https:\/\/vosgesinfo.fr\/gerardmerinfo\/2024\/10\/offre-demploi-chez-svd-pro-et-cie-a-saint-die-des-vosges\/"},"author":{"name":"J.J.","@id":"https:\/\/vosgesinfo.fr\/gerardmerinfo\/#\/schema\/person\/fa73e9f726d67bb88f46d5b7943cb572"},"headline":"Offre d&#8217;emploi chez SVD Pro et Cie, \u00e0 Saint-Di\u00e9-Des-Vosges","datePublished":"2024-10-26T08:10:34+00:00","dateModified":"2024-10-26T08:32:54+00:00","mainEntityOfPage":{"@id":"https:\/\/vosgesinfo.fr\/gerardmerinfo\/2024\/10\/offre-demploi-chez-svd-pro-et-cie-a-saint-die-des-vosges\/"},"wordCount":64,"commentCount":0,"publisher":{"@id":"https:\/\/vosgesinfo.fr\/gerardmerinfo\/#organization"},"image":{"@id":"https:\/\/vosgesinfo.fr\/gerardmerinfo\/2024\/10\/offre-demploi-chez-svd-pro-et-cie-a-saint-die-des-vosges\/#primaryimage"},"thumbnailUrl":"https:\/\/vosgesinfo.fr\/app\/uploads\/sites\/6\/2024\/10\/svd-ext.jpg","keywords":["Offre d'emploi","SVD Pro &amp; Cie"],"articleSection":["A la une","\u00c9conomie","G\u00e9rardmer","Saint-Di\u00e9-des-Vosges"],"inLanguage":"fr-FR","potentialAction":[{"@type":"CommentAction","name":"Comment","target":["https:\/\/vosgesinfo.fr\/gerardmerinfo\/2024\/10\/offre-demploi-chez-svd-pro-et-cie-a-saint-die-des-vosges\/#respond"]}]},{"@type":"WebPage","@id":"https:\/\/vosgesinfo.fr\/gerardmerinfo\/2024\/10\/offre-demploi-chez-svd-pro-et-cie-a-saint-die-des-vosges\/","url":"https:\/\/vosgesinfo.fr\/gerardmerinfo\/2024\/10\/offre-demploi-chez-svd-pro-et-cie-a-saint-die-des-vosges\/","name":"Offre d'emploi chez SVD Pro et Cie, \u00e0 Saint-Di\u00e9-Des-Vosges - Gerardmer Info","isPartOf":{"@id":"https:\/\/vosgesinfo.fr\/gerardmerinfo\/#website"},"primaryImageOfPage":{"@id":"https:\/\/vosgesinfo.fr\/gerardmerinfo\/2024\/10\/offre-demploi-chez-svd-pro-et-cie-a-saint-die-des-vosges\/#primaryimage"},"image":{"@id":"https:\/\/vosgesinfo.fr\/gerardmerinfo\/2024\/10\/offre-demploi-chez-svd-pro-et-cie-a-saint-die-des-vosges\/#primaryimage"},"thumbnailUrl":"https:\/\/vosgesinfo.fr\/app\/uploads\/sites\/6\/2024\/10\/svd-ext.jpg","datePublished":"2024-10-26T08:10:34+00:00","dateModified":"2024-10-26T08:32:54+00:00","breadcrumb":{"@id":"https:\/\/vosgesinfo.fr\/gerardmerinfo\/2024\/10\/offre-demploi-chez-svd-pro-et-cie-a-saint-die-des-vosges\/#breadcrumb"},"inLanguage":"fr-FR","potentialAction":[{"@type":"ReadAction","target":["https:\/\/vosgesinfo.fr\/gerardmerinfo\/2024\/10\/offre-demploi-chez-svd-pro-et-cie-a-saint-die-des-vosges\/"]}]},{"@type":"ImageObject","inLanguage":"fr-FR","@id":"https:\/\/vosgesinfo.fr\/gerardmerinfo\/2024\/10\/offre-demploi-chez-svd-pro-et-cie-a-saint-die-des-vosges\/#primaryimage","url":"https:\/\/vosgesinfo.fr\/app\/uploads\/sites\/6\/2024\/10\/svd-ext.jpg","contentUrl":"https:\/\/vosgesinfo.fr\/app\/uploads\/sites\/6\/2024\/10\/svd-ext.jpg","width":619,"height":342},{"@type":"BreadcrumbList","@id":"https:\/\/vosgesinfo.fr\/gerardmerinfo\/2024\/10\/offre-demploi-chez-svd-pro-et-cie-a-saint-die-des-vosges\/#breadcrumb","itemListElement":[{"@type":"ListItem","position":1,"name":"Home","item":"https:\/\/vosgesinfo.fr\/gerardmerinfo\/"},{"@type":"ListItem","position":2,"name":"Offre d&#8217;emploi chez SVD Pro et Cie, \u00e0 Saint-Di\u00e9-Des-Vosges"}]},{"@type":"WebSite","@id":"https:\/\/vosgesinfo.fr\/gerardmerinfo\/#website","url":"https:\/\/vosgesinfo.fr\/gerardmerinfo\/","name":"Gerardmer Info","description":"Toute l&#039;actualit\u00e9 de G\u00e9rardmer","publisher":{"@id":"https:\/\/vosgesinfo.fr\/gerardmerinfo\/#organization"},"alternateName":"Toute l'actualit\u00e9 de G\u00e9rardmer","potentialAction":[{"@type":"SearchAction","target":{"@type":"EntryPoint","urlTemplate":"https:\/\/vosgesinfo.fr\/gerardmerinfo\/?s={search_term_string}"},"query-input":"required name=search_term_string"}],"inLanguage":"fr-FR"},{"@type":"Organization","@id":"https:\/\/vosgesinfo.fr\/gerardmerinfo\/#organization","name":"Gerardmer Info","url":"https:\/\/vosgesinfo.fr\/gerardmerinfo\/","logo":{"@type":"ImageObject","inLanguage":"fr-FR","@id":"https:\/\/vosgesinfo.fr\/gerardmerinfo\/#\/schema\/logo\/image\/","url":"https:\/\/vosgesinfo.fr\/app\/uploads\/sites\/6\/2023\/08\/favicon-gerardmerinfo.png","contentUrl":"https:\/\/vosgesinfo.fr\/app\/uploads\/sites\/6\/2023\/08\/favicon-gerardmerinfo.png","width":512,"height":512,"caption":"Gerardmer Info"},"image":{"@id":"https:\/\/vosgesinfo.fr\/gerardmerinfo\/#\/schema\/logo\/image\/"},"sameAs":["https:\/\/www.facebook.com\/profile.php?id=100049475262660","https:\/\/x.com\/VosgesInfo88","https:\/\/www.youtube.com\/@vosgesinfo"]},{"@type":"Person","@id":"https:\/\/vosgesinfo.fr\/gerardmerinfo\/#\/schema\/person\/fa73e9f726d67bb88f46d5b7943cb572","name":"J.J.","image":{"@type":"ImageObject","inLanguage":"fr-FR","@id":"https:\/\/vosgesinfo.fr\/gerardmerinfo\/#\/schema\/person\/image\/","url":"https:\/\/secure.gravatar.com\/avatar\/219e749e47ffbcca018a360ae4add7d4cdf1cdaaf8bc7676b27efade3fe65615?s=96&d=mm&r=g","contentUrl":"https:\/\/secure.gravatar.com\/avatar\/219e749e47ffbcca018a360ae4add7d4cdf1cdaaf8bc7676b27efade3fe65615?s=96&d=mm&r=g","caption":"J.J."},"url":"https:\/\/vosgesinfo.fr\/gerardmerinfo\/author\/j-j\/"}]}},"_links":{"self":[{"href":"https:\/\/vosgesinfo.fr\/gerardmerinfo\/wp-json\/wp\/v2\/posts\/70124","targetHints":{"allow":["GET"]}}],"collection":[{"href":"https:\/\/vosgesinfo.fr\/gerardmerinfo\/wp-json\/wp\/v2\/posts"}],"about":[{"href":"https:\/\/vosgesinfo.fr\/gerardmerinfo\/wp-json\/wp\/v2\/types\/post"}],"author":[{"embeddable":true,"href":"https:\/\/vosgesinfo.fr\/gerardmerinfo\/wp-json\/wp\/v2\/users\/46"}],"replies":[{"embeddable":true,"href":"https:\/\/vosgesinfo.fr\/gerardmerinfo\/wp-json\/wp\/v2\/comments?post=70124"}],"version-history":[{"count":1,"href":"https:\/\/vosgesinfo.fr\/gerardmerinfo\/wp-json\/wp\/v2\/posts\/70124\/revisions"}],"predecessor-version":[{"id":70137,"href":"https:\/\/vosgesinfo.fr\/gerardmerinfo\/wp-json\/wp\/v2\/posts\/70124\/revisions\/70137"}],"wp:featuredmedia":[{"embeddable":true,"href":"https:\/\/vosgesinfo.fr\/gerardmerinfo\/wp-json\/wp\/v2\/media\/70125"}],"wp:attachment":[{"href":"https:\/\/vosgesinfo.fr\/gerardmerinfo\/wp-json\/wp\/v2\/media?parent=70124"}],"wp:term":[{"taxonomy":"category","embeddable":true,"href":"https:\/\/vosgesinfo.fr\/gerardmerinfo\/wp-json\/wp\/v2\/categories?post=70124"},{"taxonomy":"post_tag","embeddable":true,"href":"https:\/\/vosgesinfo.fr\/gerardmerinfo\/wp-json\/wp\/v2\/tags?post=70124"}],"curies":[{"name":"wp","href":"https:\/\/api.w.org\/{rel}","templated":true}]}}