{"id":70441,"date":"2024-11-04T17:34:21","date_gmt":"2024-11-04T16:34:21","guid":{"rendered":"https:\/\/vosgesinfo.fr\/gerardmerinfo\/2024\/11\/vosges-troisiemes-rencontres-vosgiennes-du-nouveau-front-populaire-2\/"},"modified":"2024-11-04T17:34:21","modified_gmt":"2024-11-04T16:34:21","slug":"vosges-troisiemes-rencontres-vosgiennes-du-nouveau-front-populaire-2","status":"publish","type":"post","link":"https:\/\/vosgesinfo.fr\/gerardmerinfo\/2024\/11\/vosges-troisiemes-rencontres-vosgiennes-du-nouveau-front-populaire-2\/","title":{"rendered":"Vosges \u2013 Troisi\u00e8mes rencontres vosgiennes du Nouveau Front Populaire"},"content":{"rendered":"<p><a href=\"https:\/\/vosgesinfo.fr\/app\/uploads\/sites\/4\/2024\/11\/nouveau-front-populaire-nfp-logo.jpg\"><img decoding=\"async\" class=\"alignnone size-large wp-image-70002\" src=\"https:\/\/vosgesinfo.fr\/app\/uploads\/sites\/4\/2024\/11\/nouveau-front-populaire-nfp-logo-1024x525.jpg\" alt=\"\" width=\"1024\" height=\"525\" \/><\/a><\/p>\n<h2>Le Nouveau Front Populaire organise les troisi\u00e8mes rencontres vosgiennes, ce dimanche 10 novembre de 10h \u00e0 17h30 \u00e0 Dompaire, \u00e0 la salle des convives de la m\u00e9diath\u00e8que (231 rue du cimeti\u00e8re).<\/h2>\n<p><!--more--><\/p>\n<p><span style=\"font-family: Calibri, sans-serif\"><span style=\"font-size: large\">\u00ab\u00a0Nous constatons aujourd&rsquo;hui que les salaires sont trop bas, que la pr\u00e9carit\u00e9 s&rsquo;installe accompagn\u00e9e par la grande pauvret\u00e9 et que le gouvernement propose de faire toujours la m\u00eame chose, \u00e0 savoir prot\u00e9ger les riches et continuer \u00e0 appauvrir les fran\u00e7ais modestes et des classes moyennes. Les services publics, comme la sant\u00e9 et l&rsquo;\u00e9ducation, sont des cibles pour l&rsquo;aust\u00e9rit\u00e9 assum\u00e9e du gouvernement, pourtant seul patrimoine de ceux qui n&rsquo;en ont pas. Cette soci\u00e9t\u00e9 est injuste et nous n&rsquo;en voulons pas. Nous voulons que cela change ! <\/span><\/span><span style=\"font-family: Calibri, sans-serif\"><span style=\"font-size: large\">Pour avancer, une journ\u00e9e de rencontre conviviale est organis\u00e9e avec repas partag\u00e9 et des ateliers pour \u00e9changer, se former et d\u00e9cider des actions l\u00e0 o\u00f9 l\u2019on vit. <\/span><\/span><span style=\"font-family: Calibri, sans-serif\"><span style=\"font-size: large\">Citoyen.ne.s engag\u00e9.e.s, militant.e.s associatifs, syndicaux, politiques, \u00e9lu.e.s locaux, candidat.e.s politiques de toutes les Vosges se sont d\u00e9j\u00e0 rencontr\u00e9s le 8 septembre \u00e0 Domfaing, et le 1er octobre \u00e0 Epinal. Nous proposons \u00e0 toutes les personnes qui souhaitent se mobiliser sur le territoire vosgien de se retrouver.\u00a0\u00bb<\/span><\/span><\/p>\n<h3><span style=\"font-family: Calibri, sans-serif\"><span style=\"font-size: large\">Le d\u00e9roulement d\u00e9taill\u00e9 de la journ\u00e9e et le contenu des ateliers seront pr\u00e9cis\u00e9s \u00e0 l&rsquo;adresse suivante\u00a0: \u00a0<a href=\"https:\/\/tinyurl.com\/NFPVosges\" target=\"_blank\" rel=\"noopener\">https:\/\/tinyurl.com\/NFPVosges<\/a><\/span><\/span><\/h3>\n<h3><span style=\"font-family: Calibri, sans-serif\"><span style=\"font-size: large\">Les ateliers pr\u00e9vus\u00a0: <\/span><\/span><\/h3>\n<ul>\n<li><span style=\"font-family: Calibri, sans-serif\"><span style=\"font-size: large\">Se structurer pour cr\u00e9er un maillage territorial<\/span><\/span><\/li>\n<li><span style=\"font-family: Calibri, sans-serif\"><span style=\"font-size: large\">Se former : contenu, r\u00e9gularit\u00e9, outils<\/span><\/span><\/li>\n<li><span style=\"font-family: Calibri, sans-serif\"><span style=\"font-size: large\">Pour une d\u00e9mocratie locale, vers les municipales<\/span><\/span><\/li>\n<li><span style=\"font-family: Calibri, sans-serif\"><span style=\"font-size: large\">S\u00e9curit\u00e9 sociale et s\u00e9curit\u00e9 sociale de l&rsquo;alimentation<\/span><\/span><\/li>\n<li><span style=\"font-family: Calibri, sans-serif\"><span style=\"font-size: large\">Analyse critique des m\u00e9dias dominants, et comment lutter contre, concr\u00e8tement<\/span><\/span><\/li>\n<li><span style=\"font-family: Calibri, sans-serif\"><span style=\"font-size: large\">Justice fiscale, sociale et \u00e9cologique en lien avec l&rsquo;\u00e9tude du budget \u00e0 l\u2019assembl\u00e9e nationale<\/span><\/span><\/li>\n<li><span style=\"font-family: Calibri, sans-serif\"><span style=\"font-size: large\">D&rsquo;autres ateliers sont encore \u00e0 l&rsquo;\u00e9tude.<\/span><\/span><\/li>\n<\/ul>\n<p>&#8211;<\/p>\n<p><strong>Contact\u00a0: <a href=\"mailto:nouveaufrontpopulaire88@riseup.net\" target=\"_blank\" rel=\"noopener\">nouveaufrontpopulaire88@riseup.net<\/a><\/strong><\/p>\n","protected":false},"excerpt":{"rendered":"<p>Le Nouveau Front Populaire organise les troisi\u00e8mes rencontres vosgiennes, ce dimanche 10 novembre de 10h \u00e0 17h30 \u00e0 Dompaire, \u00e0 [&hellip;]<\/p>\n","protected":false},"author":46,"featured_media":70442,"comment_status":"open","ping_status":"open","sticky":false,"template":"","format":"standard","meta":{"footnotes":""},"categories":[20,878,25,328,10,868,18],"tags":[2860,5961,5962],"class_list":["post-70441","post","type-post","status-publish","format-standard","has-post-thumbnail","hentry","category-a-la-une","category-epinal","category-gerardmer","category-la-plaine-des-vosges","category-politique","category-remiremont","category-vosges","tag-dompaire","tag-nouveau-front-populaire","tag-troisiemes-rencontres-vosgiennes-du-nouveau-front-populaire"],"acf":[],"yoast_head":"<!-- This site is optimized with the Yoast SEO plugin v22.5 - https:\/\/yoast.com\/wordpress\/plugins\/seo\/ -->\n<title>Vosges \u2013 Troisi\u00e8mes rencontres vosgiennes du Nouveau Front Populaire - Gerardmer Info<\/title>\n<meta name=\"robots\" content=\"index, follow, max-snippet:-1, max-image-preview:large, max-video-preview:-1\" \/>\n<link rel=\"canonical\" href=\"https:\/\/vosgesinfo.fr\/gerardmerinfo\/2024\/11\/vosges-troisiemes-rencontres-vosgiennes-du-nouveau-front-populaire-2\/\" \/>\n<meta name=\"twitter:card\" content=\"summary_large_image\" \/>\n<meta name=\"twitter:title\" content=\"Vosges \u2013 Troisi\u00e8mes rencontres vosgiennes du Nouveau Front Populaire - Gerardmer Info\" \/>\n<meta name=\"twitter:description\" content=\"Le Nouveau Front Populaire organise les troisi\u00e8mes rencontres vosgiennes, ce dimanche 10 novembre de 10h \u00e0 17h30 \u00e0 Dompaire, \u00e0 [&hellip;]\" \/>\n<meta name=\"twitter:image\" content=\"https:\/\/vosgesinfo.fr\/app\/uploads\/sites\/6\/2024\/11\/nouveau-front-populaire-nfp-logo-1.jpg\" \/>\n<meta name=\"twitter:creator\" content=\"@VosgesInfo88\" \/>\n<meta name=\"twitter:site\" content=\"@VosgesInfo88\" \/>\n<meta name=\"twitter:label1\" content=\"\u00c9crit par\" \/>\n\t<meta name=\"twitter:data1\" content=\"J.J.\" \/>\n\t<meta name=\"twitter:label2\" content=\"Dur\u00e9e de lecture estim\u00e9e\" \/>\n\t<meta name=\"twitter:data2\" content=\"2 minutes\" \/>\n<script type=\"application\/ld+json\" class=\"yoast-schema-graph\">{\"@context\":\"https:\/\/schema.org\",\"@graph\":[{\"@type\":\"Article\",\"@id\":\"https:\/\/vosgesinfo.fr\/gerardmerinfo\/2024\/11\/vosges-troisiemes-rencontres-vosgiennes-du-nouveau-front-populaire-2\/#article\",\"isPartOf\":{\"@id\":\"https:\/\/vosgesinfo.fr\/gerardmerinfo\/2024\/11\/vosges-troisiemes-rencontres-vosgiennes-du-nouveau-front-populaire-2\/\"},\"author\":{\"name\":\"J.J.\",\"@id\":\"https:\/\/vosgesinfo.fr\/gerardmerinfo\/#\/schema\/person\/fa73e9f726d67bb88f46d5b7943cb572\"},\"headline\":\"Vosges \u2013 Troisi\u00e8mes rencontres vosgiennes du Nouveau Front Populaire\",\"datePublished\":\"2024-11-04T16:34:21+00:00\",\"dateModified\":\"2024-11-04T16:34:21+00:00\",\"mainEntityOfPage\":{\"@id\":\"https:\/\/vosgesinfo.fr\/gerardmerinfo\/2024\/11\/vosges-troisiemes-rencontres-vosgiennes-du-nouveau-front-populaire-2\/\"},\"wordCount\":321,\"commentCount\":0,\"publisher\":{\"@id\":\"https:\/\/vosgesinfo.fr\/gerardmerinfo\/#organization\"},\"image\":{\"@id\":\"https:\/\/vosgesinfo.fr\/gerardmerinfo\/2024\/11\/vosges-troisiemes-rencontres-vosgiennes-du-nouveau-front-populaire-2\/#primaryimage\"},\"thumbnailUrl\":\"https:\/\/vosgesinfo.fr\/app\/uploads\/sites\/6\/2024\/11\/nouveau-front-populaire-nfp-logo-1.jpg\",\"keywords\":[\"dompaire\",\"Nouveau Front Populaire\",\"Troisi\u00e8mes rencontres vosgiennes du Nouveau Front Populaire\"],\"articleSection\":[\"A la une\",\"Epinal\",\"G\u00e9rardmer\",\"La plaine des vosges\",\"Politique\",\"Remiremont\",\"Vosges\"],\"inLanguage\":\"fr-FR\",\"potentialAction\":[{\"@type\":\"CommentAction\",\"name\":\"Comment\",\"target\":[\"https:\/\/vosgesinfo.fr\/gerardmerinfo\/2024\/11\/vosges-troisiemes-rencontres-vosgiennes-du-nouveau-front-populaire-2\/#respond\"]}]},{\"@type\":\"WebPage\",\"@id\":\"https:\/\/vosgesinfo.fr\/gerardmerinfo\/2024\/11\/vosges-troisiemes-rencontres-vosgiennes-du-nouveau-front-populaire-2\/\",\"url\":\"https:\/\/vosgesinfo.fr\/gerardmerinfo\/2024\/11\/vosges-troisiemes-rencontres-vosgiennes-du-nouveau-front-populaire-2\/\",\"name\":\"Vosges \u2013 Troisi\u00e8mes rencontres vosgiennes du Nouveau Front Populaire - Gerardmer Info\",\"isPartOf\":{\"@id\":\"https:\/\/vosgesinfo.fr\/gerardmerinfo\/#website\"},\"primaryImageOfPage\":{\"@id\":\"https:\/\/vosgesinfo.fr\/gerardmerinfo\/2024\/11\/vosges-troisiemes-rencontres-vosgiennes-du-nouveau-front-populaire-2\/#primaryimage\"},\"image\":{\"@id\":\"https:\/\/vosgesinfo.fr\/gerardmerinfo\/2024\/11\/vosges-troisiemes-rencontres-vosgiennes-du-nouveau-front-populaire-2\/#primaryimage\"},\"thumbnailUrl\":\"https:\/\/vosgesinfo.fr\/app\/uploads\/sites\/6\/2024\/11\/nouveau-front-populaire-nfp-logo-1.jpg\",\"datePublished\":\"2024-11-04T16:34:21+00:00\",\"dateModified\":\"2024-11-04T16:34:21+00:00\",\"breadcrumb\":{\"@id\":\"https:\/\/vosgesinfo.fr\/gerardmerinfo\/2024\/11\/vosges-troisiemes-rencontres-vosgiennes-du-nouveau-front-populaire-2\/#breadcrumb\"},\"inLanguage\":\"fr-FR\",\"potentialAction\":[{\"@type\":\"ReadAction\",\"target\":[\"https:\/\/vosgesinfo.fr\/gerardmerinfo\/2024\/11\/vosges-troisiemes-rencontres-vosgiennes-du-nouveau-front-populaire-2\/\"]}]},{\"@type\":\"ImageObject\",\"inLanguage\":\"fr-FR\",\"@id\":\"https:\/\/vosgesinfo.fr\/gerardmerinfo\/2024\/11\/vosges-troisiemes-rencontres-vosgiennes-du-nouveau-front-populaire-2\/#primaryimage\",\"url\":\"https:\/\/vosgesinfo.fr\/app\/uploads\/sites\/6\/2024\/11\/nouveau-front-populaire-nfp-logo-1.jpg\",\"contentUrl\":\"https:\/\/vosgesinfo.fr\/app\/uploads\/sites\/6\/2024\/11\/nouveau-front-populaire-nfp-logo-1.jpg\",\"width\":1200,\"height\":615},{\"@type\":\"BreadcrumbList\",\"@id\":\"https:\/\/vosgesinfo.fr\/gerardmerinfo\/2024\/11\/vosges-troisiemes-rencontres-vosgiennes-du-nouveau-front-populaire-2\/#breadcrumb\",\"itemListElement\":[{\"@type\":\"ListItem\",\"position\":1,\"name\":\"Home\",\"item\":\"https:\/\/vosgesinfo.fr\/gerardmerinfo\/\"},{\"@type\":\"ListItem\",\"position\":2,\"name\":\"Vosges \u2013 Troisi\u00e8mes rencontres vosgiennes du Nouveau Front Populaire\"}]},{\"@type\":\"WebSite\",\"@id\":\"https:\/\/vosgesinfo.fr\/gerardmerinfo\/#website\",\"url\":\"https:\/\/vosgesinfo.fr\/gerardmerinfo\/\",\"name\":\"Gerardmer Info\",\"description\":\"Toute l&#039;actualit\u00e9 de G\u00e9rardmer\",\"publisher\":{\"@id\":\"https:\/\/vosgesinfo.fr\/gerardmerinfo\/#organization\"},\"alternateName\":\"Toute l'actualit\u00e9 de G\u00e9rardmer\",\"potentialAction\":[{\"@type\":\"SearchAction\",\"target\":{\"@type\":\"EntryPoint\",\"urlTemplate\":\"https:\/\/vosgesinfo.fr\/gerardmerinfo\/?s={search_term_string}\"},\"query-input\":\"required name=search_term_string\"}],\"inLanguage\":\"fr-FR\"},{\"@type\":\"Organization\",\"@id\":\"https:\/\/vosgesinfo.fr\/gerardmerinfo\/#organization\",\"name\":\"Gerardmer Info\",\"url\":\"https:\/\/vosgesinfo.fr\/gerardmerinfo\/\",\"logo\":{\"@type\":\"ImageObject\",\"inLanguage\":\"fr-FR\",\"@id\":\"https:\/\/vosgesinfo.fr\/gerardmerinfo\/#\/schema\/logo\/image\/\",\"url\":\"https:\/\/vosgesinfo.fr\/app\/uploads\/sites\/6\/2023\/08\/favicon-gerardmerinfo.png\",\"contentUrl\":\"https:\/\/vosgesinfo.fr\/app\/uploads\/sites\/6\/2023\/08\/favicon-gerardmerinfo.png\",\"width\":512,\"height\":512,\"caption\":\"Gerardmer Info\"},\"image\":{\"@id\":\"https:\/\/vosgesinfo.fr\/gerardmerinfo\/#\/schema\/logo\/image\/\"},\"sameAs\":[\"https:\/\/www.facebook.com\/profile.php?id=100049475262660\",\"https:\/\/x.com\/VosgesInfo88\",\"https:\/\/www.youtube.com\/@vosgesinfo\"]},{\"@type\":\"Person\",\"@id\":\"https:\/\/vosgesinfo.fr\/gerardmerinfo\/#\/schema\/person\/fa73e9f726d67bb88f46d5b7943cb572\",\"name\":\"J.J.\",\"image\":{\"@type\":\"ImageObject\",\"inLanguage\":\"fr-FR\",\"@id\":\"https:\/\/vosgesinfo.fr\/gerardmerinfo\/#\/schema\/person\/image\/\",\"url\":\"https:\/\/secure.gravatar.com\/avatar\/219e749e47ffbcca018a360ae4add7d4cdf1cdaaf8bc7676b27efade3fe65615?s=96&d=mm&r=g\",\"contentUrl\":\"https:\/\/secure.gravatar.com\/avatar\/219e749e47ffbcca018a360ae4add7d4cdf1cdaaf8bc7676b27efade3fe65615?s=96&d=mm&r=g\",\"caption\":\"J.J.\"},\"url\":\"https:\/\/vosgesinfo.fr\/gerardmerinfo\/author\/j-j\/\"}]}<\/script>\n<!-- \/ Yoast SEO plugin. -->","yoast_head_json":{"title":"Vosges \u2013 Troisi\u00e8mes rencontres vosgiennes du Nouveau Front Populaire - Gerardmer Info","robots":{"index":"index","follow":"follow","max-snippet":"max-snippet:-1","max-image-preview":"max-image-preview:large","max-video-preview":"max-video-preview:-1"},"canonical":"https:\/\/vosgesinfo.fr\/gerardmerinfo\/2024\/11\/vosges-troisiemes-rencontres-vosgiennes-du-nouveau-front-populaire-2\/","twitter_card":"summary_large_image","twitter_title":"Vosges \u2013 Troisi\u00e8mes rencontres vosgiennes du Nouveau Front Populaire - Gerardmer Info","twitter_description":"Le Nouveau Front Populaire organise les troisi\u00e8mes rencontres vosgiennes, ce dimanche 10 novembre de 10h \u00e0 17h30 \u00e0 Dompaire, \u00e0 [&hellip;]","twitter_image":"https:\/\/vosgesinfo.fr\/app\/uploads\/sites\/6\/2024\/11\/nouveau-front-populaire-nfp-logo-1.jpg","twitter_creator":"@VosgesInfo88","twitter_site":"@VosgesInfo88","twitter_misc":{"\u00c9crit par":"J.J.","Dur\u00e9e de lecture estim\u00e9e":"2 minutes"},"schema":{"@context":"https:\/\/schema.org","@graph":[{"@type":"Article","@id":"https:\/\/vosgesinfo.fr\/gerardmerinfo\/2024\/11\/vosges-troisiemes-rencontres-vosgiennes-du-nouveau-front-populaire-2\/#article","isPartOf":{"@id":"https:\/\/vosgesinfo.fr\/gerardmerinfo\/2024\/11\/vosges-troisiemes-rencontres-vosgiennes-du-nouveau-front-populaire-2\/"},"author":{"name":"J.J.","@id":"https:\/\/vosgesinfo.fr\/gerardmerinfo\/#\/schema\/person\/fa73e9f726d67bb88f46d5b7943cb572"},"headline":"Vosges \u2013 Troisi\u00e8mes rencontres vosgiennes du Nouveau Front Populaire","datePublished":"2024-11-04T16:34:21+00:00","dateModified":"2024-11-04T16:34:21+00:00","mainEntityOfPage":{"@id":"https:\/\/vosgesinfo.fr\/gerardmerinfo\/2024\/11\/vosges-troisiemes-rencontres-vosgiennes-du-nouveau-front-populaire-2\/"},"wordCount":321,"commentCount":0,"publisher":{"@id":"https:\/\/vosgesinfo.fr\/gerardmerinfo\/#organization"},"image":{"@id":"https:\/\/vosgesinfo.fr\/gerardmerinfo\/2024\/11\/vosges-troisiemes-rencontres-vosgiennes-du-nouveau-front-populaire-2\/#primaryimage"},"thumbnailUrl":"https:\/\/vosgesinfo.fr\/app\/uploads\/sites\/6\/2024\/11\/nouveau-front-populaire-nfp-logo-1.jpg","keywords":["dompaire","Nouveau Front Populaire","Troisi\u00e8mes rencontres vosgiennes du Nouveau Front Populaire"],"articleSection":["A la une","Epinal","G\u00e9rardmer","La plaine des vosges","Politique","Remiremont","Vosges"],"inLanguage":"fr-FR","potentialAction":[{"@type":"CommentAction","name":"Comment","target":["https:\/\/vosgesinfo.fr\/gerardmerinfo\/2024\/11\/vosges-troisiemes-rencontres-vosgiennes-du-nouveau-front-populaire-2\/#respond"]}]},{"@type":"WebPage","@id":"https:\/\/vosgesinfo.fr\/gerardmerinfo\/2024\/11\/vosges-troisiemes-rencontres-vosgiennes-du-nouveau-front-populaire-2\/","url":"https:\/\/vosgesinfo.fr\/gerardmerinfo\/2024\/11\/vosges-troisiemes-rencontres-vosgiennes-du-nouveau-front-populaire-2\/","name":"Vosges \u2013 Troisi\u00e8mes rencontres vosgiennes du Nouveau Front Populaire - Gerardmer Info","isPartOf":{"@id":"https:\/\/vosgesinfo.fr\/gerardmerinfo\/#website"},"primaryImageOfPage":{"@id":"https:\/\/vosgesinfo.fr\/gerardmerinfo\/2024\/11\/vosges-troisiemes-rencontres-vosgiennes-du-nouveau-front-populaire-2\/#primaryimage"},"image":{"@id":"https:\/\/vosgesinfo.fr\/gerardmerinfo\/2024\/11\/vosges-troisiemes-rencontres-vosgiennes-du-nouveau-front-populaire-2\/#primaryimage"},"thumbnailUrl":"https:\/\/vosgesinfo.fr\/app\/uploads\/sites\/6\/2024\/11\/nouveau-front-populaire-nfp-logo-1.jpg","datePublished":"2024-11-04T16:34:21+00:00","dateModified":"2024-11-04T16:34:21+00:00","breadcrumb":{"@id":"https:\/\/vosgesinfo.fr\/gerardmerinfo\/2024\/11\/vosges-troisiemes-rencontres-vosgiennes-du-nouveau-front-populaire-2\/#breadcrumb"},"inLanguage":"fr-FR","potentialAction":[{"@type":"ReadAction","target":["https:\/\/vosgesinfo.fr\/gerardmerinfo\/2024\/11\/vosges-troisiemes-rencontres-vosgiennes-du-nouveau-front-populaire-2\/"]}]},{"@type":"ImageObject","inLanguage":"fr-FR","@id":"https:\/\/vosgesinfo.fr\/gerardmerinfo\/2024\/11\/vosges-troisiemes-rencontres-vosgiennes-du-nouveau-front-populaire-2\/#primaryimage","url":"https:\/\/vosgesinfo.fr\/app\/uploads\/sites\/6\/2024\/11\/nouveau-front-populaire-nfp-logo-1.jpg","contentUrl":"https:\/\/vosgesinfo.fr\/app\/uploads\/sites\/6\/2024\/11\/nouveau-front-populaire-nfp-logo-1.jpg","width":1200,"height":615},{"@type":"BreadcrumbList","@id":"https:\/\/vosgesinfo.fr\/gerardmerinfo\/2024\/11\/vosges-troisiemes-rencontres-vosgiennes-du-nouveau-front-populaire-2\/#breadcrumb","itemListElement":[{"@type":"ListItem","position":1,"name":"Home","item":"https:\/\/vosgesinfo.fr\/gerardmerinfo\/"},{"@type":"ListItem","position":2,"name":"Vosges \u2013 Troisi\u00e8mes rencontres vosgiennes du Nouveau Front Populaire"}]},{"@type":"WebSite","@id":"https:\/\/vosgesinfo.fr\/gerardmerinfo\/#website","url":"https:\/\/vosgesinfo.fr\/gerardmerinfo\/","name":"Gerardmer Info","description":"Toute l&#039;actualit\u00e9 de G\u00e9rardmer","publisher":{"@id":"https:\/\/vosgesinfo.fr\/gerardmerinfo\/#organization"},"alternateName":"Toute l'actualit\u00e9 de G\u00e9rardmer","potentialAction":[{"@type":"SearchAction","target":{"@type":"EntryPoint","urlTemplate":"https:\/\/vosgesinfo.fr\/gerardmerinfo\/?s={search_term_string}"},"query-input":"required name=search_term_string"}],"inLanguage":"fr-FR"},{"@type":"Organization","@id":"https:\/\/vosgesinfo.fr\/gerardmerinfo\/#organization","name":"Gerardmer Info","url":"https:\/\/vosgesinfo.fr\/gerardmerinfo\/","logo":{"@type":"ImageObject","inLanguage":"fr-FR","@id":"https:\/\/vosgesinfo.fr\/gerardmerinfo\/#\/schema\/logo\/image\/","url":"https:\/\/vosgesinfo.fr\/app\/uploads\/sites\/6\/2023\/08\/favicon-gerardmerinfo.png","contentUrl":"https:\/\/vosgesinfo.fr\/app\/uploads\/sites\/6\/2023\/08\/favicon-gerardmerinfo.png","width":512,"height":512,"caption":"Gerardmer Info"},"image":{"@id":"https:\/\/vosgesinfo.fr\/gerardmerinfo\/#\/schema\/logo\/image\/"},"sameAs":["https:\/\/www.facebook.com\/profile.php?id=100049475262660","https:\/\/x.com\/VosgesInfo88","https:\/\/www.youtube.com\/@vosgesinfo"]},{"@type":"Person","@id":"https:\/\/vosgesinfo.fr\/gerardmerinfo\/#\/schema\/person\/fa73e9f726d67bb88f46d5b7943cb572","name":"J.J.","image":{"@type":"ImageObject","inLanguage":"fr-FR","@id":"https:\/\/vosgesinfo.fr\/gerardmerinfo\/#\/schema\/person\/image\/","url":"https:\/\/secure.gravatar.com\/avatar\/219e749e47ffbcca018a360ae4add7d4cdf1cdaaf8bc7676b27efade3fe65615?s=96&d=mm&r=g","contentUrl":"https:\/\/secure.gravatar.com\/avatar\/219e749e47ffbcca018a360ae4add7d4cdf1cdaaf8bc7676b27efade3fe65615?s=96&d=mm&r=g","caption":"J.J."},"url":"https:\/\/vosgesinfo.fr\/gerardmerinfo\/author\/j-j\/"}]}},"_links":{"self":[{"href":"https:\/\/vosgesinfo.fr\/gerardmerinfo\/wp-json\/wp\/v2\/posts\/70441","targetHints":{"allow":["GET"]}}],"collection":[{"href":"https:\/\/vosgesinfo.fr\/gerardmerinfo\/wp-json\/wp\/v2\/posts"}],"about":[{"href":"https:\/\/vosgesinfo.fr\/gerardmerinfo\/wp-json\/wp\/v2\/types\/post"}],"author":[{"embeddable":true,"href":"https:\/\/vosgesinfo.fr\/gerardmerinfo\/wp-json\/wp\/v2\/users\/46"}],"replies":[{"embeddable":true,"href":"https:\/\/vosgesinfo.fr\/gerardmerinfo\/wp-json\/wp\/v2\/comments?post=70441"}],"version-history":[{"count":0,"href":"https:\/\/vosgesinfo.fr\/gerardmerinfo\/wp-json\/wp\/v2\/posts\/70441\/revisions"}],"wp:featuredmedia":[{"embeddable":true,"href":"https:\/\/vosgesinfo.fr\/gerardmerinfo\/wp-json\/wp\/v2\/media\/70442"}],"wp:attachment":[{"href":"https:\/\/vosgesinfo.fr\/gerardmerinfo\/wp-json\/wp\/v2\/media?parent=70441"}],"wp:term":[{"taxonomy":"category","embeddable":true,"href":"https:\/\/vosgesinfo.fr\/gerardmerinfo\/wp-json\/wp\/v2\/categories?post=70441"},{"taxonomy":"post_tag","embeddable":true,"href":"https:\/\/vosgesinfo.fr\/gerardmerinfo\/wp-json\/wp\/v2\/tags?post=70441"}],"curies":[{"name":"wp","href":"https:\/\/api.w.org\/{rel}","templated":true}]}}