{"id":70449,"date":"2024-11-04T20:56:32","date_gmt":"2024-11-04T19:56:32","guid":{"rendered":"https:\/\/vosgesinfo.fr\/gerardmerinfo\/?p=70449"},"modified":"2024-11-04T20:56:32","modified_gmt":"2024-11-04T19:56:32","slug":"29-nouveaux-internes-rejoignent-les-hopitaux-du-massif-des-vosges","status":"publish","type":"post","link":"https:\/\/vosgesinfo.fr\/gerardmerinfo\/2024\/11\/29-nouveaux-internes-rejoignent-les-hopitaux-du-massif-des-vosges\/","title":{"rendered":"29 nouveaux internes rejoignent les H\u00f4pitaux du Massif des Vosges"},"content":{"rendered":"<p><a href=\"https:\/\/vosgesinfo.fr\/app\/uploads\/sites\/4\/2024\/11\/accueil-nouveaux-internes-hmv-4-1-scaled.jpg\"><img decoding=\"async\" class=\"alignnone size-large wp-image-70011\" src=\"https:\/\/vosgesinfo.fr\/app\/uploads\/sites\/4\/2024\/11\/accueil-nouveaux-internes-hmv-4-1-1024x771.jpg\" alt=\"\" width=\"1024\" height=\"771\" \/><\/a><\/p>\n<h2>Ils \u00e9taient 27 en mai dernier, ils sont 29 pour cette promotion de novembre 2024. 29 internes ont \u00e9t\u00e9 accueillis ce lundi matin au Centre Hospitalier de Saint-Di\u00e9-des-Vosges. Ils int\u00e8grent durant 6 mois diff\u00e9rents services et diff\u00e9rents \u00e9tablissements des H\u00f4pitaux du Massif des Vosges.<\/h2>\n<p><!--more--><\/p>\n<p>Coordonn\u00e9e par le Docteur Marie Husson, la journ\u00e9e d&rsquo;accueil s&rsquo;est ouverte par un mot d&rsquo;accueil. L&rsquo;occasion pour le maire Bruno Toussaint, \u00e9galement pr\u00e9sident du Conseil de Surveillance des HMV, de souligner \u00ab\u00a0qu&rsquo;il faut se battre en permanence pour \u00e9viter les d\u00e9serts m\u00e9dicaux. Mais nous n&rsquo;avons pas \u00e0 nous plaindre \u00e0 Saint-Di\u00e9-des-Vosges, car nous avons un h\u00f4pital qui tient la route. Aujourd&rsquo;hui nous avons besoin de vous. Pendez \u00e0 la ruralit\u00e9 pour votre future carri\u00e8re.\u00a0\u00bb<\/p>\n<p>A noter l&rsquo;absence de la directrice des HMV Laure Vukasse, en raison de l&rsquo;audit de certification qui a lieu cette semaine \u00e0 l&rsquo;h\u00f4pital d\u00e9oatien.<\/p>\n<p>J.J.<\/p>\n\n\t\t<style type=\"text\/css\">\n\t\t\t#gallery-1 {\n\t\t\t\tmargin: auto;\n\t\t\t}\n\t\t\t#gallery-1 .gallery-item {\n\t\t\t\tfloat: left;\n\t\t\t\tmargin-top: 10px;\n\t\t\t\ttext-align: center;\n\t\t\t\twidth: 33%;\n\t\t\t}\n\t\t\t#gallery-1 img {\n\t\t\t\tborder: 2px solid #cfcfcf;\n\t\t\t}\n\t\t\t#gallery-1 .gallery-caption {\n\t\t\t\tmargin-left: 0;\n\t\t\t}\n\t\t\t\/* see gallery_shortcode() in wp-includes\/media.php *\/\n\t\t<\/style>\n\t\t<div id='gallery-1' class='gallery galleryid-70449 gallery-columns-3 gallery-size-thumbnail'><dl class='gallery-item'>\n\t\t\t<dt class='gallery-icon portrait'>\n\t\t\t\t<a href='https:\/\/vosgesinfo.fr\/app\/uploads\/sites\/6\/2024\/10\/mestre-25-10-2024.jpg'><img decoding=\"async\" width=\"150\" height=\"150\" src=\"https:\/\/vosgesinfo.fr\/app\/uploads\/sites\/6\/2024\/10\/mestre-25-10-2024-150x150.jpg\" class=\"attachment-thumbnail size-thumbnail\" alt=\"\" \/><\/a>\n\t\t\t<\/dt><\/dl>\n\t\t\t<br style='clear: both' \/>\n\t\t<\/div>\n\n","protected":false},"excerpt":{"rendered":"<p>Ils \u00e9taient 27 en mai dernier, ils sont 29 pour cette promotion de novembre 2024. 29 internes ont \u00e9t\u00e9 accueillis [&hellip;]<\/p>\n","protected":false},"author":46,"featured_media":70450,"comment_status":"open","ping_status":"open","sticky":false,"template":"","format":"standard","meta":{"footnotes":""},"categories":[20,871,25,875,12],"tags":[5963,5880,1424,1425,5964],"class_list":["post-70449","post","type-post","status-publish","format-standard","has-post-thumbnail","hentry","category-a-la-une","category-deodatie","category-gerardmer","category-saint-die-des-vosges","category-sante","tag-29-nouveaux-internes-rejoignent-les-hopitaux-du-massif-des-vosges","tag-centre-hospitalier-de-saint-die-des-vosges","tag-hmv","tag-hopitaux-du-massif-des-vosges","tag-internes-en-medecine"],"acf":[],"yoast_head":"<!-- This site is optimized with the Yoast SEO plugin v22.5 - https:\/\/yoast.com\/wordpress\/plugins\/seo\/ -->\n<title>29 nouveaux internes rejoignent les H\u00f4pitaux du Massif des Vosges - Gerardmer Info<\/title>\n<meta name=\"robots\" content=\"index, follow, max-snippet:-1, max-image-preview:large, max-video-preview:-1\" \/>\n<link rel=\"canonical\" href=\"https:\/\/vosgesinfo.fr\/gerardmerinfo\/2024\/11\/29-nouveaux-internes-rejoignent-les-hopitaux-du-massif-des-vosges\/\" \/>\n<meta name=\"twitter:card\" content=\"summary_large_image\" \/>\n<meta name=\"twitter:title\" content=\"29 nouveaux internes rejoignent les H\u00f4pitaux du Massif des Vosges - Gerardmer Info\" \/>\n<meta name=\"twitter:description\" content=\"Ils \u00e9taient 27 en mai dernier, ils sont 29 pour cette promotion de novembre 2024. 29 internes ont \u00e9t\u00e9 accueillis [&hellip;]\" \/>\n<meta name=\"twitter:image\" content=\"https:\/\/vosgesinfo.fr\/app\/uploads\/sites\/6\/2024\/11\/accueil-nouveaux-internes-hmv-5-1-scaled-1.jpg\" \/>\n<meta name=\"twitter:creator\" content=\"@VosgesInfo88\" \/>\n<meta name=\"twitter:site\" content=\"@VosgesInfo88\" \/>\n<meta name=\"twitter:label1\" content=\"\u00c9crit par\" \/>\n\t<meta name=\"twitter:data1\" content=\"J.J.\" \/>\n\t<meta name=\"twitter:label2\" content=\"Dur\u00e9e de lecture estim\u00e9e\" \/>\n\t<meta name=\"twitter:data2\" content=\"1 minute\" \/>\n<script type=\"application\/ld+json\" class=\"yoast-schema-graph\">{\"@context\":\"https:\/\/schema.org\",\"@graph\":[{\"@type\":\"Article\",\"@id\":\"https:\/\/vosgesinfo.fr\/gerardmerinfo\/2024\/11\/29-nouveaux-internes-rejoignent-les-hopitaux-du-massif-des-vosges\/#article\",\"isPartOf\":{\"@id\":\"https:\/\/vosgesinfo.fr\/gerardmerinfo\/2024\/11\/29-nouveaux-internes-rejoignent-les-hopitaux-du-massif-des-vosges\/\"},\"author\":{\"name\":\"J.J.\",\"@id\":\"https:\/\/vosgesinfo.fr\/gerardmerinfo\/#\/schema\/person\/fa73e9f726d67bb88f46d5b7943cb572\"},\"headline\":\"29 nouveaux internes rejoignent les H\u00f4pitaux du Massif des Vosges\",\"datePublished\":\"2024-11-04T19:56:32+00:00\",\"dateModified\":\"2024-11-04T19:56:32+00:00\",\"mainEntityOfPage\":{\"@id\":\"https:\/\/vosgesinfo.fr\/gerardmerinfo\/2024\/11\/29-nouveaux-internes-rejoignent-les-hopitaux-du-massif-des-vosges\/\"},\"wordCount\":174,\"commentCount\":0,\"publisher\":{\"@id\":\"https:\/\/vosgesinfo.fr\/gerardmerinfo\/#organization\"},\"image\":{\"@id\":\"https:\/\/vosgesinfo.fr\/gerardmerinfo\/2024\/11\/29-nouveaux-internes-rejoignent-les-hopitaux-du-massif-des-vosges\/#primaryimage\"},\"thumbnailUrl\":\"https:\/\/vosgesinfo.fr\/app\/uploads\/sites\/6\/2024\/11\/accueil-nouveaux-internes-hmv-5-1-scaled-1.jpg\",\"keywords\":[\"29 nouveaux internes rejoignent les H\u00f4pitaux du Massif des Vosges\",\"Centre Hospitalier de Saint-Di\u00e9-des-Vosges\",\"HMV\",\"H\u00f4pitaux du Massif des Vosges\",\"Internes en m\u00e9decine\"],\"articleSection\":[\"A la une\",\"D\u00e9odatie\",\"G\u00e9rardmer\",\"Saint-Di\u00e9-des-Vosges\",\"Sant\u00e9\"],\"inLanguage\":\"fr-FR\",\"potentialAction\":[{\"@type\":\"CommentAction\",\"name\":\"Comment\",\"target\":[\"https:\/\/vosgesinfo.fr\/gerardmerinfo\/2024\/11\/29-nouveaux-internes-rejoignent-les-hopitaux-du-massif-des-vosges\/#respond\"]}]},{\"@type\":\"WebPage\",\"@id\":\"https:\/\/vosgesinfo.fr\/gerardmerinfo\/2024\/11\/29-nouveaux-internes-rejoignent-les-hopitaux-du-massif-des-vosges\/\",\"url\":\"https:\/\/vosgesinfo.fr\/gerardmerinfo\/2024\/11\/29-nouveaux-internes-rejoignent-les-hopitaux-du-massif-des-vosges\/\",\"name\":\"29 nouveaux internes rejoignent les H\u00f4pitaux du Massif des Vosges - Gerardmer Info\",\"isPartOf\":{\"@id\":\"https:\/\/vosgesinfo.fr\/gerardmerinfo\/#website\"},\"primaryImageOfPage\":{\"@id\":\"https:\/\/vosgesinfo.fr\/gerardmerinfo\/2024\/11\/29-nouveaux-internes-rejoignent-les-hopitaux-du-massif-des-vosges\/#primaryimage\"},\"image\":{\"@id\":\"https:\/\/vosgesinfo.fr\/gerardmerinfo\/2024\/11\/29-nouveaux-internes-rejoignent-les-hopitaux-du-massif-des-vosges\/#primaryimage\"},\"thumbnailUrl\":\"https:\/\/vosgesinfo.fr\/app\/uploads\/sites\/6\/2024\/11\/accueil-nouveaux-internes-hmv-5-1-scaled-1.jpg\",\"datePublished\":\"2024-11-04T19:56:32+00:00\",\"dateModified\":\"2024-11-04T19:56:32+00:00\",\"breadcrumb\":{\"@id\":\"https:\/\/vosgesinfo.fr\/gerardmerinfo\/2024\/11\/29-nouveaux-internes-rejoignent-les-hopitaux-du-massif-des-vosges\/#breadcrumb\"},\"inLanguage\":\"fr-FR\",\"potentialAction\":[{\"@type\":\"ReadAction\",\"target\":[\"https:\/\/vosgesinfo.fr\/gerardmerinfo\/2024\/11\/29-nouveaux-internes-rejoignent-les-hopitaux-du-massif-des-vosges\/\"]}]},{\"@type\":\"ImageObject\",\"inLanguage\":\"fr-FR\",\"@id\":\"https:\/\/vosgesinfo.fr\/gerardmerinfo\/2024\/11\/29-nouveaux-internes-rejoignent-les-hopitaux-du-massif-des-vosges\/#primaryimage\",\"url\":\"https:\/\/vosgesinfo.fr\/app\/uploads\/sites\/6\/2024\/11\/accueil-nouveaux-internes-hmv-5-1-scaled-1.jpg\",\"contentUrl\":\"https:\/\/vosgesinfo.fr\/app\/uploads\/sites\/6\/2024\/11\/accueil-nouveaux-internes-hmv-5-1-scaled-1.jpg\",\"width\":2560,\"height\":1928},{\"@type\":\"BreadcrumbList\",\"@id\":\"https:\/\/vosgesinfo.fr\/gerardmerinfo\/2024\/11\/29-nouveaux-internes-rejoignent-les-hopitaux-du-massif-des-vosges\/#breadcrumb\",\"itemListElement\":[{\"@type\":\"ListItem\",\"position\":1,\"name\":\"Home\",\"item\":\"https:\/\/vosgesinfo.fr\/gerardmerinfo\/\"},{\"@type\":\"ListItem\",\"position\":2,\"name\":\"29 nouveaux internes rejoignent les H\u00f4pitaux du Massif des Vosges\"}]},{\"@type\":\"WebSite\",\"@id\":\"https:\/\/vosgesinfo.fr\/gerardmerinfo\/#website\",\"url\":\"https:\/\/vosgesinfo.fr\/gerardmerinfo\/\",\"name\":\"Gerardmer Info\",\"description\":\"Toute l&#039;actualit\u00e9 de G\u00e9rardmer\",\"publisher\":{\"@id\":\"https:\/\/vosgesinfo.fr\/gerardmerinfo\/#organization\"},\"alternateName\":\"Toute l'actualit\u00e9 de G\u00e9rardmer\",\"potentialAction\":[{\"@type\":\"SearchAction\",\"target\":{\"@type\":\"EntryPoint\",\"urlTemplate\":\"https:\/\/vosgesinfo.fr\/gerardmerinfo\/?s={search_term_string}\"},\"query-input\":\"required name=search_term_string\"}],\"inLanguage\":\"fr-FR\"},{\"@type\":\"Organization\",\"@id\":\"https:\/\/vosgesinfo.fr\/gerardmerinfo\/#organization\",\"name\":\"Gerardmer Info\",\"url\":\"https:\/\/vosgesinfo.fr\/gerardmerinfo\/\",\"logo\":{\"@type\":\"ImageObject\",\"inLanguage\":\"fr-FR\",\"@id\":\"https:\/\/vosgesinfo.fr\/gerardmerinfo\/#\/schema\/logo\/image\/\",\"url\":\"https:\/\/vosgesinfo.fr\/app\/uploads\/sites\/6\/2023\/08\/favicon-gerardmerinfo.png\",\"contentUrl\":\"https:\/\/vosgesinfo.fr\/app\/uploads\/sites\/6\/2023\/08\/favicon-gerardmerinfo.png\",\"width\":512,\"height\":512,\"caption\":\"Gerardmer Info\"},\"image\":{\"@id\":\"https:\/\/vosgesinfo.fr\/gerardmerinfo\/#\/schema\/logo\/image\/\"},\"sameAs\":[\"https:\/\/www.facebook.com\/profile.php?id=100049475262660\",\"https:\/\/x.com\/VosgesInfo88\",\"https:\/\/www.youtube.com\/@vosgesinfo\"]},{\"@type\":\"Person\",\"@id\":\"https:\/\/vosgesinfo.fr\/gerardmerinfo\/#\/schema\/person\/fa73e9f726d67bb88f46d5b7943cb572\",\"name\":\"J.J.\",\"image\":{\"@type\":\"ImageObject\",\"inLanguage\":\"fr-FR\",\"@id\":\"https:\/\/vosgesinfo.fr\/gerardmerinfo\/#\/schema\/person\/image\/\",\"url\":\"https:\/\/secure.gravatar.com\/avatar\/219e749e47ffbcca018a360ae4add7d4cdf1cdaaf8bc7676b27efade3fe65615?s=96&d=mm&r=g\",\"contentUrl\":\"https:\/\/secure.gravatar.com\/avatar\/219e749e47ffbcca018a360ae4add7d4cdf1cdaaf8bc7676b27efade3fe65615?s=96&d=mm&r=g\",\"caption\":\"J.J.\"},\"url\":\"https:\/\/vosgesinfo.fr\/gerardmerinfo\/author\/j-j\/\"}]}<\/script>\n<!-- \/ Yoast SEO plugin. -->","yoast_head_json":{"title":"29 nouveaux internes rejoignent les H\u00f4pitaux du Massif des Vosges - Gerardmer Info","robots":{"index":"index","follow":"follow","max-snippet":"max-snippet:-1","max-image-preview":"max-image-preview:large","max-video-preview":"max-video-preview:-1"},"canonical":"https:\/\/vosgesinfo.fr\/gerardmerinfo\/2024\/11\/29-nouveaux-internes-rejoignent-les-hopitaux-du-massif-des-vosges\/","twitter_card":"summary_large_image","twitter_title":"29 nouveaux internes rejoignent les H\u00f4pitaux du Massif des Vosges - Gerardmer Info","twitter_description":"Ils \u00e9taient 27 en mai dernier, ils sont 29 pour cette promotion de novembre 2024. 29 internes ont \u00e9t\u00e9 accueillis [&hellip;]","twitter_image":"https:\/\/vosgesinfo.fr\/app\/uploads\/sites\/6\/2024\/11\/accueil-nouveaux-internes-hmv-5-1-scaled-1.jpg","twitter_creator":"@VosgesInfo88","twitter_site":"@VosgesInfo88","twitter_misc":{"\u00c9crit par":"J.J.","Dur\u00e9e de lecture estim\u00e9e":"1 minute"},"schema":{"@context":"https:\/\/schema.org","@graph":[{"@type":"Article","@id":"https:\/\/vosgesinfo.fr\/gerardmerinfo\/2024\/11\/29-nouveaux-internes-rejoignent-les-hopitaux-du-massif-des-vosges\/#article","isPartOf":{"@id":"https:\/\/vosgesinfo.fr\/gerardmerinfo\/2024\/11\/29-nouveaux-internes-rejoignent-les-hopitaux-du-massif-des-vosges\/"},"author":{"name":"J.J.","@id":"https:\/\/vosgesinfo.fr\/gerardmerinfo\/#\/schema\/person\/fa73e9f726d67bb88f46d5b7943cb572"},"headline":"29 nouveaux internes rejoignent les H\u00f4pitaux du Massif des Vosges","datePublished":"2024-11-04T19:56:32+00:00","dateModified":"2024-11-04T19:56:32+00:00","mainEntityOfPage":{"@id":"https:\/\/vosgesinfo.fr\/gerardmerinfo\/2024\/11\/29-nouveaux-internes-rejoignent-les-hopitaux-du-massif-des-vosges\/"},"wordCount":174,"commentCount":0,"publisher":{"@id":"https:\/\/vosgesinfo.fr\/gerardmerinfo\/#organization"},"image":{"@id":"https:\/\/vosgesinfo.fr\/gerardmerinfo\/2024\/11\/29-nouveaux-internes-rejoignent-les-hopitaux-du-massif-des-vosges\/#primaryimage"},"thumbnailUrl":"https:\/\/vosgesinfo.fr\/app\/uploads\/sites\/6\/2024\/11\/accueil-nouveaux-internes-hmv-5-1-scaled-1.jpg","keywords":["29 nouveaux internes rejoignent les H\u00f4pitaux du Massif des Vosges","Centre Hospitalier de Saint-Di\u00e9-des-Vosges","HMV","H\u00f4pitaux du Massif des Vosges","Internes en m\u00e9decine"],"articleSection":["A la une","D\u00e9odatie","G\u00e9rardmer","Saint-Di\u00e9-des-Vosges","Sant\u00e9"],"inLanguage":"fr-FR","potentialAction":[{"@type":"CommentAction","name":"Comment","target":["https:\/\/vosgesinfo.fr\/gerardmerinfo\/2024\/11\/29-nouveaux-internes-rejoignent-les-hopitaux-du-massif-des-vosges\/#respond"]}]},{"@type":"WebPage","@id":"https:\/\/vosgesinfo.fr\/gerardmerinfo\/2024\/11\/29-nouveaux-internes-rejoignent-les-hopitaux-du-massif-des-vosges\/","url":"https:\/\/vosgesinfo.fr\/gerardmerinfo\/2024\/11\/29-nouveaux-internes-rejoignent-les-hopitaux-du-massif-des-vosges\/","name":"29 nouveaux internes rejoignent les H\u00f4pitaux du Massif des Vosges - Gerardmer Info","isPartOf":{"@id":"https:\/\/vosgesinfo.fr\/gerardmerinfo\/#website"},"primaryImageOfPage":{"@id":"https:\/\/vosgesinfo.fr\/gerardmerinfo\/2024\/11\/29-nouveaux-internes-rejoignent-les-hopitaux-du-massif-des-vosges\/#primaryimage"},"image":{"@id":"https:\/\/vosgesinfo.fr\/gerardmerinfo\/2024\/11\/29-nouveaux-internes-rejoignent-les-hopitaux-du-massif-des-vosges\/#primaryimage"},"thumbnailUrl":"https:\/\/vosgesinfo.fr\/app\/uploads\/sites\/6\/2024\/11\/accueil-nouveaux-internes-hmv-5-1-scaled-1.jpg","datePublished":"2024-11-04T19:56:32+00:00","dateModified":"2024-11-04T19:56:32+00:00","breadcrumb":{"@id":"https:\/\/vosgesinfo.fr\/gerardmerinfo\/2024\/11\/29-nouveaux-internes-rejoignent-les-hopitaux-du-massif-des-vosges\/#breadcrumb"},"inLanguage":"fr-FR","potentialAction":[{"@type":"ReadAction","target":["https:\/\/vosgesinfo.fr\/gerardmerinfo\/2024\/11\/29-nouveaux-internes-rejoignent-les-hopitaux-du-massif-des-vosges\/"]}]},{"@type":"ImageObject","inLanguage":"fr-FR","@id":"https:\/\/vosgesinfo.fr\/gerardmerinfo\/2024\/11\/29-nouveaux-internes-rejoignent-les-hopitaux-du-massif-des-vosges\/#primaryimage","url":"https:\/\/vosgesinfo.fr\/app\/uploads\/sites\/6\/2024\/11\/accueil-nouveaux-internes-hmv-5-1-scaled-1.jpg","contentUrl":"https:\/\/vosgesinfo.fr\/app\/uploads\/sites\/6\/2024\/11\/accueil-nouveaux-internes-hmv-5-1-scaled-1.jpg","width":2560,"height":1928},{"@type":"BreadcrumbList","@id":"https:\/\/vosgesinfo.fr\/gerardmerinfo\/2024\/11\/29-nouveaux-internes-rejoignent-les-hopitaux-du-massif-des-vosges\/#breadcrumb","itemListElement":[{"@type":"ListItem","position":1,"name":"Home","item":"https:\/\/vosgesinfo.fr\/gerardmerinfo\/"},{"@type":"ListItem","position":2,"name":"29 nouveaux internes rejoignent les H\u00f4pitaux du Massif des Vosges"}]},{"@type":"WebSite","@id":"https:\/\/vosgesinfo.fr\/gerardmerinfo\/#website","url":"https:\/\/vosgesinfo.fr\/gerardmerinfo\/","name":"Gerardmer Info","description":"Toute l&#039;actualit\u00e9 de G\u00e9rardmer","publisher":{"@id":"https:\/\/vosgesinfo.fr\/gerardmerinfo\/#organization"},"alternateName":"Toute l'actualit\u00e9 de G\u00e9rardmer","potentialAction":[{"@type":"SearchAction","target":{"@type":"EntryPoint","urlTemplate":"https:\/\/vosgesinfo.fr\/gerardmerinfo\/?s={search_term_string}"},"query-input":"required name=search_term_string"}],"inLanguage":"fr-FR"},{"@type":"Organization","@id":"https:\/\/vosgesinfo.fr\/gerardmerinfo\/#organization","name":"Gerardmer Info","url":"https:\/\/vosgesinfo.fr\/gerardmerinfo\/","logo":{"@type":"ImageObject","inLanguage":"fr-FR","@id":"https:\/\/vosgesinfo.fr\/gerardmerinfo\/#\/schema\/logo\/image\/","url":"https:\/\/vosgesinfo.fr\/app\/uploads\/sites\/6\/2023\/08\/favicon-gerardmerinfo.png","contentUrl":"https:\/\/vosgesinfo.fr\/app\/uploads\/sites\/6\/2023\/08\/favicon-gerardmerinfo.png","width":512,"height":512,"caption":"Gerardmer Info"},"image":{"@id":"https:\/\/vosgesinfo.fr\/gerardmerinfo\/#\/schema\/logo\/image\/"},"sameAs":["https:\/\/www.facebook.com\/profile.php?id=100049475262660","https:\/\/x.com\/VosgesInfo88","https:\/\/www.youtube.com\/@vosgesinfo"]},{"@type":"Person","@id":"https:\/\/vosgesinfo.fr\/gerardmerinfo\/#\/schema\/person\/fa73e9f726d67bb88f46d5b7943cb572","name":"J.J.","image":{"@type":"ImageObject","inLanguage":"fr-FR","@id":"https:\/\/vosgesinfo.fr\/gerardmerinfo\/#\/schema\/person\/image\/","url":"https:\/\/secure.gravatar.com\/avatar\/219e749e47ffbcca018a360ae4add7d4cdf1cdaaf8bc7676b27efade3fe65615?s=96&d=mm&r=g","contentUrl":"https:\/\/secure.gravatar.com\/avatar\/219e749e47ffbcca018a360ae4add7d4cdf1cdaaf8bc7676b27efade3fe65615?s=96&d=mm&r=g","caption":"J.J."},"url":"https:\/\/vosgesinfo.fr\/gerardmerinfo\/author\/j-j\/"}]}},"_links":{"self":[{"href":"https:\/\/vosgesinfo.fr\/gerardmerinfo\/wp-json\/wp\/v2\/posts\/70449","targetHints":{"allow":["GET"]}}],"collection":[{"href":"https:\/\/vosgesinfo.fr\/gerardmerinfo\/wp-json\/wp\/v2\/posts"}],"about":[{"href":"https:\/\/vosgesinfo.fr\/gerardmerinfo\/wp-json\/wp\/v2\/types\/post"}],"author":[{"embeddable":true,"href":"https:\/\/vosgesinfo.fr\/gerardmerinfo\/wp-json\/wp\/v2\/users\/46"}],"replies":[{"embeddable":true,"href":"https:\/\/vosgesinfo.fr\/gerardmerinfo\/wp-json\/wp\/v2\/comments?post=70449"}],"version-history":[{"count":0,"href":"https:\/\/vosgesinfo.fr\/gerardmerinfo\/wp-json\/wp\/v2\/posts\/70449\/revisions"}],"wp:featuredmedia":[{"embeddable":true,"href":"https:\/\/vosgesinfo.fr\/gerardmerinfo\/wp-json\/wp\/v2\/media\/70450"}],"wp:attachment":[{"href":"https:\/\/vosgesinfo.fr\/gerardmerinfo\/wp-json\/wp\/v2\/media?parent=70449"}],"wp:term":[{"taxonomy":"category","embeddable":true,"href":"https:\/\/vosgesinfo.fr\/gerardmerinfo\/wp-json\/wp\/v2\/categories?post=70449"},{"taxonomy":"post_tag","embeddable":true,"href":"https:\/\/vosgesinfo.fr\/gerardmerinfo\/wp-json\/wp\/v2\/tags?post=70449"}],"curies":[{"name":"wp","href":"https:\/\/api.w.org\/{rel}","templated":true}]}}