{"id":70589,"date":"2024-11-08T07:13:26","date_gmt":"2024-11-08T06:13:26","guid":{"rendered":"https:\/\/vosgesinfo.fr\/gerardmerinfo\/?p=70589"},"modified":"2024-11-08T08:17:01","modified_gmt":"2024-11-08T07:17:01","slug":"une-nouvelle-page-se-tourne-pour-gerardmer-patrimoine-nature","status":"publish","type":"post","link":"https:\/\/vosgesinfo.fr\/gerardmerinfo\/2024\/11\/une-nouvelle-page-se-tourne-pour-gerardmer-patrimoine-nature\/","title":{"rendered":"Une nouvelle page se tourne pour G\u00e9rardmer Patrimoine Nature"},"content":{"rendered":"<p><iframe loading=\"lazy\" src=\"\/\/www.youtube.com\/embed\/fZbh_Drnsn0\" width=\"560\" height=\"314\" allowfullscreen=\"allowfullscreen\"><\/iframe><\/p>\n<p>&nbsp;<\/p>\n<p><strong>Les assises annuelles de G\u00e9rardmer Patrimoine Nature ont eu lieu ce jeudi \u00e0 la salle des Armes de la mairie o\u00f9 une trentaine d&rsquo;adh\u00e9rents se sont r\u00e9unis autour de la pr\u00e9sidente Anne Huart et du tr\u00e9sorier Jacques Valentin qui a annonc\u00e9 qu&rsquo;il quittait le bureau de l&rsquo;association (voir vid\u00e9o).<\/strong><\/p>\n<p>Premier constat, l&rsquo;objectif de GPN et de ses forces vives de diversifier son action pour \u00ab\u00a0<em>ne plus \u00eatre catalogu\u00e9 \u2019\u2019Urbanisme\u2019\u2019 et \u00eatre vu uniquement comme des contestataires<\/em>\u00ab\u00a0, n&rsquo;a pas \u00e9t\u00e9 atteint. Pourtant, l&rsquo;association avait pris un bon d\u00e9part qui s&rsquo;\u00e9tait mat\u00e9rialis\u00e9 par la conf\u00e9rence sur l&rsquo;eau organis\u00e9e \u00e0 la MCL avec des intervenant(e)s de renom : \u00ab\u00a0<em>Apr\u00e8s cette r\u00e9union qui fut un succ\u00e8s, nous n&rsquo;avons pas senti de soutien ni d&rsquo;engouement pour notre d\u00e9marche, cette belle \u00e9nergie s&rsquo;est dissip\u00e9e. Et \u00e0 ce titre, je suis d\u00e9\u00e7ue, car je comprends que beaucoup de choses viennent aussi des G\u00e9r\u00f4mois. (&#8230;) J&rsquo;ai vu beaucoup de chalets se construire encore cet \u00e9t\u00e9, de terrains se vendre. j&rsquo;avais d\u00e9j\u00e0 un manque de confiance envers les institutions et envers les \u00e9lus, mais j&rsquo;ai d\u00e9sormais un manque de confiance envers nos concitoyens dont j&rsquo;attendais plus et que je trouve parfois trop r\u00e9sign\u00e9s. Mais nous pouvons continuer \u00e0 \u00eatre un contrepouvoir, pour cela il faut que les membres de l&rsquo;association s&rsquo;investissent, pas uniquement le bureau. (&#8230;) On est un peu endormi, mais on reste r\u00e9actif, on sait monter au cr\u00e9neau s&rsquo;il le faut, pour prot\u00e9ger les G\u00e9r\u00f4mois et les int\u00e9r\u00eats de G\u00e9rardmer<\/em>\u00a0\u00bb d\u00e9clarait la pr\u00e9sidente qui a admis ressentir une certaine impuissance et un certain \u00e9c\u0153urement.<\/p>\n<p><strong>Dans l&rsquo;attente du nouveau rapport du commissaire enqu\u00eateur<\/strong><\/p>\n<p><a href=\"https:\/\/vosgesinfo.fr\/app\/uploads\/sites\/6\/2024\/11\/ag-gpn-1-scaled.jpg\"><img decoding=\"async\" class=\"alignright size-medium wp-image-70594\" src=\"https:\/\/vosgesinfo.fr\/app\/uploads\/sites\/6\/2024\/11\/ag-gpn-1-300x226.jpg\" alt=\"\" width=\"300\" height=\"226\" srcset=\"https:\/\/vosgesinfo.fr\/app\/uploads\/sites\/6\/2024\/11\/ag-gpn-1-300x226.jpg 300w, https:\/\/vosgesinfo.fr\/app\/uploads\/sites\/6\/2024\/11\/ag-gpn-1-1024x771.jpg 1024w, https:\/\/vosgesinfo.fr\/app\/uploads\/sites\/6\/2024\/11\/ag-gpn-1-768x578.jpg 768w, https:\/\/vosgesinfo.fr\/app\/uploads\/sites\/6\/2024\/11\/ag-gpn-1-1536x1157.jpg 1536w, https:\/\/vosgesinfo.fr\/app\/uploads\/sites\/6\/2024\/11\/ag-gpn-1-2048x1542.jpg 2048w\" sizes=\"(max-width: 300px) 100vw, 300px\" \/><\/a>Mais l&rsquo;envie de se battre est encore l\u00e0, a ajout\u00e9 Anne Huart qui ne souhaite pas dissoudre GPN, m\u00eame si elle est en \u00ab\u00a0<em>stand by<\/em>\u00a0\u00bb et qu&rsquo;elle compte actuellement une bonne cinquantaine d&rsquo;adh\u00e9rents contre 250 peu de temps apr\u00e8s sa cr\u00e9ation en 2019. Pour sa part, Jacques Valentin a \u00e9voqu\u00e9 rapidement les diff\u00e9rentes proc\u00e9dures suivies par GPN ainsi que son d\u00e9part du bureau, \u00ab\u00a0<em>une d\u00e9cision m\u00fbrement r\u00e9fl\u00e9chie<\/em>\u00a0\u00bb : <em>\u00ab\u00a0Je resterai adh\u00e9rent, et je ne suivrai que les seules actions en justice d\u00e9j\u00e0 engag\u00e9es, et pourrai apporter mes conseils<\/em>\u00ab\u00a0. Ce dernier a \u00e9galement \u00e9voqu\u00e9 le lancement de l&rsquo;enqu\u00eate publique concernant le PLU, incitant les G\u00e9r\u00f4mois \u00e0 s&rsquo;investir au maximum dans cette nouvelle \u00e9tape. Mais surtout, il a fait le v\u0153u que le futur rapport du commissaire enqu\u00eateur qui d\u00e9coulera de cette \u00e9tape trouve \u00ab\u00a0<em>un meilleur \u00e9cho aupr\u00e8s des \u00e9lus<\/em>\u00a0\u00bb que celui de 2015 : \u00ab\u00a0<em>Ce rapport \u00e9tait remarquable, tout \u00e9tait dedans, mais les \u00e9lus de l&rsquo;\u00e9poque l&rsquo;ont balay\u00e9, et on esp\u00e8re que ce ne sera pas pareil pour celui de 2024.<\/em>..\u00a0\u00bb La suite au prochain \u00e9pisode ! Quant \u00e0 l&rsquo;association, un appel est lanc\u00e9 \u00e0 venir la rejoindre afin d&rsquo;amorcer une nouvelle impulsion et de contribuer \u00e0 ajouter de nouvelles cordes \u00e0 son arc, autres que celles de l&rsquo;urbanisme ou de la contestation qu&rsquo;on lui attribue trop souvent \u00e0 son go\u00fbt\u2026<\/p>\n","protected":false},"excerpt":{"rendered":"<p>&nbsp; Les assises annuelles de G\u00e9rardmer Patrimoine Nature ont eu lieu ce jeudi \u00e0 la salle des Armes de la [&hellip;]<\/p>\n","protected":false},"author":42,"featured_media":70595,"comment_status":"closed","ping_status":"open","sticky":false,"template":"","format":"standard","meta":{"footnotes":""},"categories":[20,25,16,17,18],"tags":[497,1194],"class_list":["post-70589","post","type-post","status-publish","format-standard","has-post-thumbnail","hentry","category-a-la-une","category-gerardmer","category-urbanisme","category-vie-associative","category-vosges","tag-gerardmer-patrimoine-nature","tag-gpn"],"acf":[],"yoast_head":"<!-- This site is optimized with the Yoast SEO plugin v22.5 - https:\/\/yoast.com\/wordpress\/plugins\/seo\/ -->\n<title>Une nouvelle page se tourne pour G\u00e9rardmer Patrimoine Nature - Gerardmer Info<\/title>\n<meta name=\"robots\" content=\"index, follow, max-snippet:-1, max-image-preview:large, max-video-preview:-1\" \/>\n<link rel=\"canonical\" href=\"https:\/\/vosgesinfo.fr\/gerardmerinfo\/2024\/11\/une-nouvelle-page-se-tourne-pour-gerardmer-patrimoine-nature\/\" \/>\n<meta name=\"twitter:card\" content=\"summary_large_image\" \/>\n<meta name=\"twitter:title\" content=\"Une nouvelle page se tourne pour G\u00e9rardmer Patrimoine Nature - Gerardmer Info\" \/>\n<meta name=\"twitter:description\" content=\"&nbsp; Les assises annuelles de G\u00e9rardmer Patrimoine Nature ont eu lieu ce jeudi \u00e0 la salle des Armes de la [&hellip;]\" \/>\n<meta name=\"twitter:image\" content=\"https:\/\/vosgesinfo.fr\/app\/uploads\/sites\/6\/2024\/11\/ag-gpn-2-scaled.jpg\" \/>\n<meta name=\"twitter:creator\" content=\"@VosgesInfo88\" \/>\n<meta name=\"twitter:site\" content=\"@VosgesInfo88\" \/>\n<meta name=\"twitter:label1\" content=\"\u00c9crit par\" \/>\n\t<meta name=\"twitter:data1\" content=\"QG\" \/>\n\t<meta name=\"twitter:label2\" content=\"Dur\u00e9e de lecture estim\u00e9e\" \/>\n\t<meta name=\"twitter:data2\" content=\"3 minutes\" \/>\n<script type=\"application\/ld+json\" class=\"yoast-schema-graph\">{\"@context\":\"https:\/\/schema.org\",\"@graph\":[{\"@type\":\"Article\",\"@id\":\"https:\/\/vosgesinfo.fr\/gerardmerinfo\/2024\/11\/une-nouvelle-page-se-tourne-pour-gerardmer-patrimoine-nature\/#article\",\"isPartOf\":{\"@id\":\"https:\/\/vosgesinfo.fr\/gerardmerinfo\/2024\/11\/une-nouvelle-page-se-tourne-pour-gerardmer-patrimoine-nature\/\"},\"author\":{\"name\":\"QG\",\"@id\":\"https:\/\/vosgesinfo.fr\/gerardmerinfo\/#\/schema\/person\/db5605779a843dad16b5368f3e7613a5\"},\"headline\":\"Une nouvelle page se tourne pour G\u00e9rardmer Patrimoine Nature\",\"datePublished\":\"2024-11-08T06:13:26+00:00\",\"dateModified\":\"2024-11-08T07:17:01+00:00\",\"mainEntityOfPage\":{\"@id\":\"https:\/\/vosgesinfo.fr\/gerardmerinfo\/2024\/11\/une-nouvelle-page-se-tourne-pour-gerardmer-patrimoine-nature\/\"},\"wordCount\":565,\"publisher\":{\"@id\":\"https:\/\/vosgesinfo.fr\/gerardmerinfo\/#organization\"},\"image\":{\"@id\":\"https:\/\/vosgesinfo.fr\/gerardmerinfo\/2024\/11\/une-nouvelle-page-se-tourne-pour-gerardmer-patrimoine-nature\/#primaryimage\"},\"thumbnailUrl\":\"https:\/\/vosgesinfo.fr\/app\/uploads\/sites\/6\/2024\/11\/ag-gpn-2-scaled.jpg\",\"keywords\":[\"G\u00e9rardmer patrimoine nature\",\"GPN\"],\"articleSection\":[\"A la une\",\"G\u00e9rardmer\",\"Urbanisme\",\"Vie Associative\",\"Vosges\"],\"inLanguage\":\"fr-FR\"},{\"@type\":\"WebPage\",\"@id\":\"https:\/\/vosgesinfo.fr\/gerardmerinfo\/2024\/11\/une-nouvelle-page-se-tourne-pour-gerardmer-patrimoine-nature\/\",\"url\":\"https:\/\/vosgesinfo.fr\/gerardmerinfo\/2024\/11\/une-nouvelle-page-se-tourne-pour-gerardmer-patrimoine-nature\/\",\"name\":\"Une nouvelle page se tourne pour G\u00e9rardmer Patrimoine Nature - Gerardmer Info\",\"isPartOf\":{\"@id\":\"https:\/\/vosgesinfo.fr\/gerardmerinfo\/#website\"},\"primaryImageOfPage\":{\"@id\":\"https:\/\/vosgesinfo.fr\/gerardmerinfo\/2024\/11\/une-nouvelle-page-se-tourne-pour-gerardmer-patrimoine-nature\/#primaryimage\"},\"image\":{\"@id\":\"https:\/\/vosgesinfo.fr\/gerardmerinfo\/2024\/11\/une-nouvelle-page-se-tourne-pour-gerardmer-patrimoine-nature\/#primaryimage\"},\"thumbnailUrl\":\"https:\/\/vosgesinfo.fr\/app\/uploads\/sites\/6\/2024\/11\/ag-gpn-2-scaled.jpg\",\"datePublished\":\"2024-11-08T06:13:26+00:00\",\"dateModified\":\"2024-11-08T07:17:01+00:00\",\"breadcrumb\":{\"@id\":\"https:\/\/vosgesinfo.fr\/gerardmerinfo\/2024\/11\/une-nouvelle-page-se-tourne-pour-gerardmer-patrimoine-nature\/#breadcrumb\"},\"inLanguage\":\"fr-FR\",\"potentialAction\":[{\"@type\":\"ReadAction\",\"target\":[\"https:\/\/vosgesinfo.fr\/gerardmerinfo\/2024\/11\/une-nouvelle-page-se-tourne-pour-gerardmer-patrimoine-nature\/\"]}]},{\"@type\":\"ImageObject\",\"inLanguage\":\"fr-FR\",\"@id\":\"https:\/\/vosgesinfo.fr\/gerardmerinfo\/2024\/11\/une-nouvelle-page-se-tourne-pour-gerardmer-patrimoine-nature\/#primaryimage\",\"url\":\"https:\/\/vosgesinfo.fr\/app\/uploads\/sites\/6\/2024\/11\/ag-gpn-2-scaled.jpg\",\"contentUrl\":\"https:\/\/vosgesinfo.fr\/app\/uploads\/sites\/6\/2024\/11\/ag-gpn-2-scaled.jpg\",\"width\":2560,\"height\":1928},{\"@type\":\"BreadcrumbList\",\"@id\":\"https:\/\/vosgesinfo.fr\/gerardmerinfo\/2024\/11\/une-nouvelle-page-se-tourne-pour-gerardmer-patrimoine-nature\/#breadcrumb\",\"itemListElement\":[{\"@type\":\"ListItem\",\"position\":1,\"name\":\"Home\",\"item\":\"https:\/\/vosgesinfo.fr\/gerardmerinfo\/\"},{\"@type\":\"ListItem\",\"position\":2,\"name\":\"Une nouvelle page se tourne pour G\u00e9rardmer Patrimoine Nature\"}]},{\"@type\":\"WebSite\",\"@id\":\"https:\/\/vosgesinfo.fr\/gerardmerinfo\/#website\",\"url\":\"https:\/\/vosgesinfo.fr\/gerardmerinfo\/\",\"name\":\"Gerardmer Info\",\"description\":\"Toute l&#039;actualit\u00e9 de G\u00e9rardmer\",\"publisher\":{\"@id\":\"https:\/\/vosgesinfo.fr\/gerardmerinfo\/#organization\"},\"alternateName\":\"Toute l'actualit\u00e9 de G\u00e9rardmer\",\"potentialAction\":[{\"@type\":\"SearchAction\",\"target\":{\"@type\":\"EntryPoint\",\"urlTemplate\":\"https:\/\/vosgesinfo.fr\/gerardmerinfo\/?s={search_term_string}\"},\"query-input\":\"required name=search_term_string\"}],\"inLanguage\":\"fr-FR\"},{\"@type\":\"Organization\",\"@id\":\"https:\/\/vosgesinfo.fr\/gerardmerinfo\/#organization\",\"name\":\"Gerardmer Info\",\"url\":\"https:\/\/vosgesinfo.fr\/gerardmerinfo\/\",\"logo\":{\"@type\":\"ImageObject\",\"inLanguage\":\"fr-FR\",\"@id\":\"https:\/\/vosgesinfo.fr\/gerardmerinfo\/#\/schema\/logo\/image\/\",\"url\":\"https:\/\/vosgesinfo.fr\/app\/uploads\/sites\/6\/2023\/08\/favicon-gerardmerinfo.png\",\"contentUrl\":\"https:\/\/vosgesinfo.fr\/app\/uploads\/sites\/6\/2023\/08\/favicon-gerardmerinfo.png\",\"width\":512,\"height\":512,\"caption\":\"Gerardmer Info\"},\"image\":{\"@id\":\"https:\/\/vosgesinfo.fr\/gerardmerinfo\/#\/schema\/logo\/image\/\"},\"sameAs\":[\"https:\/\/www.facebook.com\/profile.php?id=100049475262660\",\"https:\/\/x.com\/VosgesInfo88\",\"https:\/\/www.youtube.com\/@vosgesinfo\"]},{\"@type\":\"Person\",\"@id\":\"https:\/\/vosgesinfo.fr\/gerardmerinfo\/#\/schema\/person\/db5605779a843dad16b5368f3e7613a5\",\"name\":\"QG\",\"image\":{\"@type\":\"ImageObject\",\"inLanguage\":\"fr-FR\",\"@id\":\"https:\/\/vosgesinfo.fr\/gerardmerinfo\/#\/schema\/person\/image\/\",\"url\":\"https:\/\/secure.gravatar.com\/avatar\/ea80c42c204b534408512832fde52504ecabb9706bcb6151cf6175e5b64e6793?s=96&d=mm&r=g\",\"contentUrl\":\"https:\/\/secure.gravatar.com\/avatar\/ea80c42c204b534408512832fde52504ecabb9706bcb6151cf6175e5b64e6793?s=96&d=mm&r=g\",\"caption\":\"QG\"},\"url\":\"https:\/\/vosgesinfo.fr\/gerardmerinfo\/author\/quentin88\/\"}]}<\/script>\n<!-- \/ Yoast SEO plugin. -->","yoast_head_json":{"title":"Une nouvelle page se tourne pour G\u00e9rardmer Patrimoine Nature - Gerardmer Info","robots":{"index":"index","follow":"follow","max-snippet":"max-snippet:-1","max-image-preview":"max-image-preview:large","max-video-preview":"max-video-preview:-1"},"canonical":"https:\/\/vosgesinfo.fr\/gerardmerinfo\/2024\/11\/une-nouvelle-page-se-tourne-pour-gerardmer-patrimoine-nature\/","twitter_card":"summary_large_image","twitter_title":"Une nouvelle page se tourne pour G\u00e9rardmer Patrimoine Nature - Gerardmer Info","twitter_description":"&nbsp; Les assises annuelles de G\u00e9rardmer Patrimoine Nature ont eu lieu ce jeudi \u00e0 la salle des Armes de la [&hellip;]","twitter_image":"https:\/\/vosgesinfo.fr\/app\/uploads\/sites\/6\/2024\/11\/ag-gpn-2-scaled.jpg","twitter_creator":"@VosgesInfo88","twitter_site":"@VosgesInfo88","twitter_misc":{"\u00c9crit par":"QG","Dur\u00e9e de lecture estim\u00e9e":"3 minutes"},"schema":{"@context":"https:\/\/schema.org","@graph":[{"@type":"Article","@id":"https:\/\/vosgesinfo.fr\/gerardmerinfo\/2024\/11\/une-nouvelle-page-se-tourne-pour-gerardmer-patrimoine-nature\/#article","isPartOf":{"@id":"https:\/\/vosgesinfo.fr\/gerardmerinfo\/2024\/11\/une-nouvelle-page-se-tourne-pour-gerardmer-patrimoine-nature\/"},"author":{"name":"QG","@id":"https:\/\/vosgesinfo.fr\/gerardmerinfo\/#\/schema\/person\/db5605779a843dad16b5368f3e7613a5"},"headline":"Une nouvelle page se tourne pour G\u00e9rardmer Patrimoine Nature","datePublished":"2024-11-08T06:13:26+00:00","dateModified":"2024-11-08T07:17:01+00:00","mainEntityOfPage":{"@id":"https:\/\/vosgesinfo.fr\/gerardmerinfo\/2024\/11\/une-nouvelle-page-se-tourne-pour-gerardmer-patrimoine-nature\/"},"wordCount":565,"publisher":{"@id":"https:\/\/vosgesinfo.fr\/gerardmerinfo\/#organization"},"image":{"@id":"https:\/\/vosgesinfo.fr\/gerardmerinfo\/2024\/11\/une-nouvelle-page-se-tourne-pour-gerardmer-patrimoine-nature\/#primaryimage"},"thumbnailUrl":"https:\/\/vosgesinfo.fr\/app\/uploads\/sites\/6\/2024\/11\/ag-gpn-2-scaled.jpg","keywords":["G\u00e9rardmer patrimoine nature","GPN"],"articleSection":["A la une","G\u00e9rardmer","Urbanisme","Vie Associative","Vosges"],"inLanguage":"fr-FR"},{"@type":"WebPage","@id":"https:\/\/vosgesinfo.fr\/gerardmerinfo\/2024\/11\/une-nouvelle-page-se-tourne-pour-gerardmer-patrimoine-nature\/","url":"https:\/\/vosgesinfo.fr\/gerardmerinfo\/2024\/11\/une-nouvelle-page-se-tourne-pour-gerardmer-patrimoine-nature\/","name":"Une nouvelle page se tourne pour G\u00e9rardmer Patrimoine Nature - Gerardmer Info","isPartOf":{"@id":"https:\/\/vosgesinfo.fr\/gerardmerinfo\/#website"},"primaryImageOfPage":{"@id":"https:\/\/vosgesinfo.fr\/gerardmerinfo\/2024\/11\/une-nouvelle-page-se-tourne-pour-gerardmer-patrimoine-nature\/#primaryimage"},"image":{"@id":"https:\/\/vosgesinfo.fr\/gerardmerinfo\/2024\/11\/une-nouvelle-page-se-tourne-pour-gerardmer-patrimoine-nature\/#primaryimage"},"thumbnailUrl":"https:\/\/vosgesinfo.fr\/app\/uploads\/sites\/6\/2024\/11\/ag-gpn-2-scaled.jpg","datePublished":"2024-11-08T06:13:26+00:00","dateModified":"2024-11-08T07:17:01+00:00","breadcrumb":{"@id":"https:\/\/vosgesinfo.fr\/gerardmerinfo\/2024\/11\/une-nouvelle-page-se-tourne-pour-gerardmer-patrimoine-nature\/#breadcrumb"},"inLanguage":"fr-FR","potentialAction":[{"@type":"ReadAction","target":["https:\/\/vosgesinfo.fr\/gerardmerinfo\/2024\/11\/une-nouvelle-page-se-tourne-pour-gerardmer-patrimoine-nature\/"]}]},{"@type":"ImageObject","inLanguage":"fr-FR","@id":"https:\/\/vosgesinfo.fr\/gerardmerinfo\/2024\/11\/une-nouvelle-page-se-tourne-pour-gerardmer-patrimoine-nature\/#primaryimage","url":"https:\/\/vosgesinfo.fr\/app\/uploads\/sites\/6\/2024\/11\/ag-gpn-2-scaled.jpg","contentUrl":"https:\/\/vosgesinfo.fr\/app\/uploads\/sites\/6\/2024\/11\/ag-gpn-2-scaled.jpg","width":2560,"height":1928},{"@type":"BreadcrumbList","@id":"https:\/\/vosgesinfo.fr\/gerardmerinfo\/2024\/11\/une-nouvelle-page-se-tourne-pour-gerardmer-patrimoine-nature\/#breadcrumb","itemListElement":[{"@type":"ListItem","position":1,"name":"Home","item":"https:\/\/vosgesinfo.fr\/gerardmerinfo\/"},{"@type":"ListItem","position":2,"name":"Une nouvelle page se tourne pour G\u00e9rardmer Patrimoine Nature"}]},{"@type":"WebSite","@id":"https:\/\/vosgesinfo.fr\/gerardmerinfo\/#website","url":"https:\/\/vosgesinfo.fr\/gerardmerinfo\/","name":"Gerardmer Info","description":"Toute l&#039;actualit\u00e9 de G\u00e9rardmer","publisher":{"@id":"https:\/\/vosgesinfo.fr\/gerardmerinfo\/#organization"},"alternateName":"Toute l'actualit\u00e9 de G\u00e9rardmer","potentialAction":[{"@type":"SearchAction","target":{"@type":"EntryPoint","urlTemplate":"https:\/\/vosgesinfo.fr\/gerardmerinfo\/?s={search_term_string}"},"query-input":"required name=search_term_string"}],"inLanguage":"fr-FR"},{"@type":"Organization","@id":"https:\/\/vosgesinfo.fr\/gerardmerinfo\/#organization","name":"Gerardmer Info","url":"https:\/\/vosgesinfo.fr\/gerardmerinfo\/","logo":{"@type":"ImageObject","inLanguage":"fr-FR","@id":"https:\/\/vosgesinfo.fr\/gerardmerinfo\/#\/schema\/logo\/image\/","url":"https:\/\/vosgesinfo.fr\/app\/uploads\/sites\/6\/2023\/08\/favicon-gerardmerinfo.png","contentUrl":"https:\/\/vosgesinfo.fr\/app\/uploads\/sites\/6\/2023\/08\/favicon-gerardmerinfo.png","width":512,"height":512,"caption":"Gerardmer Info"},"image":{"@id":"https:\/\/vosgesinfo.fr\/gerardmerinfo\/#\/schema\/logo\/image\/"},"sameAs":["https:\/\/www.facebook.com\/profile.php?id=100049475262660","https:\/\/x.com\/VosgesInfo88","https:\/\/www.youtube.com\/@vosgesinfo"]},{"@type":"Person","@id":"https:\/\/vosgesinfo.fr\/gerardmerinfo\/#\/schema\/person\/db5605779a843dad16b5368f3e7613a5","name":"QG","image":{"@type":"ImageObject","inLanguage":"fr-FR","@id":"https:\/\/vosgesinfo.fr\/gerardmerinfo\/#\/schema\/person\/image\/","url":"https:\/\/secure.gravatar.com\/avatar\/ea80c42c204b534408512832fde52504ecabb9706bcb6151cf6175e5b64e6793?s=96&d=mm&r=g","contentUrl":"https:\/\/secure.gravatar.com\/avatar\/ea80c42c204b534408512832fde52504ecabb9706bcb6151cf6175e5b64e6793?s=96&d=mm&r=g","caption":"QG"},"url":"https:\/\/vosgesinfo.fr\/gerardmerinfo\/author\/quentin88\/"}]}},"_links":{"self":[{"href":"https:\/\/vosgesinfo.fr\/gerardmerinfo\/wp-json\/wp\/v2\/posts\/70589","targetHints":{"allow":["GET"]}}],"collection":[{"href":"https:\/\/vosgesinfo.fr\/gerardmerinfo\/wp-json\/wp\/v2\/posts"}],"about":[{"href":"https:\/\/vosgesinfo.fr\/gerardmerinfo\/wp-json\/wp\/v2\/types\/post"}],"author":[{"embeddable":true,"href":"https:\/\/vosgesinfo.fr\/gerardmerinfo\/wp-json\/wp\/v2\/users\/42"}],"replies":[{"embeddable":true,"href":"https:\/\/vosgesinfo.fr\/gerardmerinfo\/wp-json\/wp\/v2\/comments?post=70589"}],"version-history":[{"count":5,"href":"https:\/\/vosgesinfo.fr\/gerardmerinfo\/wp-json\/wp\/v2\/posts\/70589\/revisions"}],"predecessor-version":[{"id":70596,"href":"https:\/\/vosgesinfo.fr\/gerardmerinfo\/wp-json\/wp\/v2\/posts\/70589\/revisions\/70596"}],"wp:featuredmedia":[{"embeddable":true,"href":"https:\/\/vosgesinfo.fr\/gerardmerinfo\/wp-json\/wp\/v2\/media\/70595"}],"wp:attachment":[{"href":"https:\/\/vosgesinfo.fr\/gerardmerinfo\/wp-json\/wp\/v2\/media?parent=70589"}],"wp:term":[{"taxonomy":"category","embeddable":true,"href":"https:\/\/vosgesinfo.fr\/gerardmerinfo\/wp-json\/wp\/v2\/categories?post=70589"},{"taxonomy":"post_tag","embeddable":true,"href":"https:\/\/vosgesinfo.fr\/gerardmerinfo\/wp-json\/wp\/v2\/tags?post=70589"}],"curies":[{"name":"wp","href":"https:\/\/api.w.org\/{rel}","templated":true}]}}