{"id":7085,"date":"2024-03-20T05:55:48","date_gmt":"2024-03-20T04:55:48","guid":{"rendered":"https:\/\/vosgesinfo.fr\/gerardmerinfo\/?p=7085"},"modified":"2024-03-19T13:57:41","modified_gmt":"2024-03-19T12:57:41","slug":"une-musicale-pour-trouver-sa-place-sur-scene","status":"publish","type":"post","link":"https:\/\/vosgesinfo.fr\/gerardmerinfo\/2024\/03\/une-musicale-pour-trouver-sa-place-sur-scene\/","title":{"rendered":"Une \u00ab\u00a0Musicale\u00a0\u00bb pour trouver sa place sur sc\u00e8ne"},"content":{"rendered":"<p><a href=\"https:\/\/vosgesinfo.fr\/app\/uploads\/sites\/6\/2024\/03\/musicale-maison-de-la-musique-1-scaled.jpg\"><img decoding=\"async\" class=\"aligncenter size-large wp-image-7086\" src=\"https:\/\/vosgesinfo.fr\/app\/uploads\/sites\/6\/2024\/03\/musicale-maison-de-la-musique-1-1024x768.jpg\" alt=\"\" width=\"1024\" height=\"768\" srcset=\"https:\/\/vosgesinfo.fr\/app\/uploads\/sites\/6\/2024\/03\/musicale-maison-de-la-musique-1-1024x768.jpg 1024w, https:\/\/vosgesinfo.fr\/app\/uploads\/sites\/6\/2024\/03\/musicale-maison-de-la-musique-1-300x225.jpg 300w, https:\/\/vosgesinfo.fr\/app\/uploads\/sites\/6\/2024\/03\/musicale-maison-de-la-musique-1-768x576.jpg 768w, https:\/\/vosgesinfo.fr\/app\/uploads\/sites\/6\/2024\/03\/musicale-maison-de-la-musique-1-1536x1152.jpg 1536w, https:\/\/vosgesinfo.fr\/app\/uploads\/sites\/6\/2024\/03\/musicale-maison-de-la-musique-1-2048x1536.jpg 2048w\" sizes=\"(max-width: 1024px) 100vw, 1024px\" \/><\/a><\/p>\n\n\t\t<style type=\"text\/css\">\n\t\t\t#gallery-1 {\n\t\t\t\tmargin: auto;\n\t\t\t}\n\t\t\t#gallery-1 .gallery-item {\n\t\t\t\tfloat: left;\n\t\t\t\tmargin-top: 10px;\n\t\t\t\ttext-align: center;\n\t\t\t\twidth: 50%;\n\t\t\t}\n\t\t\t#gallery-1 img {\n\t\t\t\tborder: 2px solid #cfcfcf;\n\t\t\t}\n\t\t\t#gallery-1 .gallery-caption {\n\t\t\t\tmargin-left: 0;\n\t\t\t}\n\t\t\t\/* see gallery_shortcode() in wp-includes\/media.php *\/\n\t\t<\/style>\n\t\t<div id='gallery-1' class='gallery galleryid-7085 gallery-columns-2 gallery-size-medium'><dl class='gallery-item'>\n\t\t\t<dt class='gallery-icon portrait'>\n\t\t\t\t<a href='https:\/\/vosgesinfo.fr\/app\/uploads\/sites\/6\/2024\/03\/musicale-maison-de-la-musique-2-scaled.jpg'><img decoding=\"async\" width=\"225\" height=\"300\" src=\"https:\/\/vosgesinfo.fr\/app\/uploads\/sites\/6\/2024\/03\/musicale-maison-de-la-musique-2-225x300.jpg\" class=\"attachment-medium size-medium\" alt=\"\" aria-describedby=\"gallery-1-7087\" srcset=\"https:\/\/vosgesinfo.fr\/app\/uploads\/sites\/6\/2024\/03\/musicale-maison-de-la-musique-2-225x300.jpg 225w, https:\/\/vosgesinfo.fr\/app\/uploads\/sites\/6\/2024\/03\/musicale-maison-de-la-musique-2-768x1024.jpg 768w, https:\/\/vosgesinfo.fr\/app\/uploads\/sites\/6\/2024\/03\/musicale-maison-de-la-musique-2-1152x1536.jpg 1152w, https:\/\/vosgesinfo.fr\/app\/uploads\/sites\/6\/2024\/03\/musicale-maison-de-la-musique-2-1536x2048.jpg 1536w, https:\/\/vosgesinfo.fr\/app\/uploads\/sites\/6\/2024\/03\/musicale-maison-de-la-musique-2-scaled.jpg 1920w\" sizes=\"(max-width: 225px) 100vw, 225px\" \/><\/a>\n\t\t\t<\/dt>\n\t\t\t\t<dd class='wp-caption-text gallery-caption' id='gallery-1-7087'>\n\t\t\t\tLudovic B\u00e9rard, directeur de l&rsquo;\u00e9cole intercommunale de musique.\n\t\t\t\t<\/dd><\/dl><dl class='gallery-item'>\n\t\t\t<dt class='gallery-icon portrait'>\n\t\t\t\t<a href='https:\/\/vosgesinfo.fr\/app\/uploads\/sites\/6\/2024\/03\/musicale-maison-de-la-musique-3-scaled.jpg'><img decoding=\"async\" width=\"225\" height=\"300\" src=\"https:\/\/vosgesinfo.fr\/app\/uploads\/sites\/6\/2024\/03\/musicale-maison-de-la-musique-3-225x300.jpg\" class=\"attachment-medium size-medium\" alt=\"\" srcset=\"https:\/\/vosgesinfo.fr\/app\/uploads\/sites\/6\/2024\/03\/musicale-maison-de-la-musique-3-225x300.jpg 225w, https:\/\/vosgesinfo.fr\/app\/uploads\/sites\/6\/2024\/03\/musicale-maison-de-la-musique-3-768x1024.jpg 768w, https:\/\/vosgesinfo.fr\/app\/uploads\/sites\/6\/2024\/03\/musicale-maison-de-la-musique-3-1152x1536.jpg 1152w, https:\/\/vosgesinfo.fr\/app\/uploads\/sites\/6\/2024\/03\/musicale-maison-de-la-musique-3-1536x2048.jpg 1536w, https:\/\/vosgesinfo.fr\/app\/uploads\/sites\/6\/2024\/03\/musicale-maison-de-la-musique-3-scaled.jpg 1920w\" sizes=\"(max-width: 225px) 100vw, 225px\" \/><\/a>\n\t\t\t<\/dt><\/dl><br style=\"clear: both\" \/>\n\t\t<\/div>\n\n<p><strong>La 5\u00e8me musicale de l&rsquo;ann\u00e9e 2023-2024 avait lieu ce lundi \u00e0 l\u2019auditorium de la Maison de la Musique avec les classes de clarinette, piano, fl\u00fbte, violon et l\u2019atelier musiques actuelles.<\/strong><\/p>\n<p>Pour cet opus, ce sont des \u00e9l\u00e8ves qui, apr\u00e8s avoir r\u00e9p\u00e9t\u00e9 et travaill\u00e9 un morceau, venaient le jouer sur la sc\u00e8ne de l&rsquo;auditorium avec pour objectif de se familiariser \u00e0 jouer devant un public. Au programme, tr\u00e8s \u00e9clectique, on retrouvait par exemple des extraits de Bach, \u00ab\u00a0Andantino\u00a0\u00bb de Katchaturian, le Blues Bourdonnant de la Mouche, ou encore le th\u00e8me de Pirates des Cara\u00efbes et de la Panth\u00e8re Rose&#8230;<\/p>\n<p><a href=\"https:\/\/vosgesinfo.fr\/app\/uploads\/sites\/6\/2024\/03\/musicale-maison-de-la-musique-4-scaled.jpg\"><img decoding=\"async\" class=\"aligncenter size-large wp-image-7089\" src=\"https:\/\/vosgesinfo.fr\/app\/uploads\/sites\/6\/2024\/03\/musicale-maison-de-la-musique-4-1024x768.jpg\" alt=\"\" width=\"1024\" height=\"768\" srcset=\"https:\/\/vosgesinfo.fr\/app\/uploads\/sites\/6\/2024\/03\/musicale-maison-de-la-musique-4-1024x768.jpg 1024w, https:\/\/vosgesinfo.fr\/app\/uploads\/sites\/6\/2024\/03\/musicale-maison-de-la-musique-4-300x225.jpg 300w, https:\/\/vosgesinfo.fr\/app\/uploads\/sites\/6\/2024\/03\/musicale-maison-de-la-musique-4-768x576.jpg 768w, https:\/\/vosgesinfo.fr\/app\/uploads\/sites\/6\/2024\/03\/musicale-maison-de-la-musique-4-1536x1152.jpg 1536w, https:\/\/vosgesinfo.fr\/app\/uploads\/sites\/6\/2024\/03\/musicale-maison-de-la-musique-4-2048x1536.jpg 2048w\" sizes=\"(max-width: 1024px) 100vw, 1024px\" \/><\/a><\/p>\n","protected":false},"excerpt":{"rendered":"<p>La 5\u00e8me musicale de l&rsquo;ann\u00e9e 2023-2024 avait lieu ce lundi \u00e0 l\u2019auditorium de la Maison de la Musique avec les [&hellip;]<\/p>\n","protected":false},"author":42,"featured_media":7086,"comment_status":"open","ping_status":"open","sticky":false,"template":"","format":"standard","meta":{"footnotes":""},"categories":[20,34,25],"tags":[302],"class_list":["post-7085","post","type-post","status-publish","format-standard","has-post-thumbnail","hentry","category-a-la-une","category-concert","category-gerardmer","tag-ecole-de-musique-intercommunale"],"acf":[],"yoast_head":"<!-- This site is optimized with the Yoast SEO plugin v22.5 - https:\/\/yoast.com\/wordpress\/plugins\/seo\/ -->\n<title>Une &quot;Musicale&quot; pour trouver sa place sur sc\u00e8ne - Gerardmer Info<\/title>\n<meta name=\"robots\" content=\"index, follow, max-snippet:-1, max-image-preview:large, max-video-preview:-1\" \/>\n<link rel=\"canonical\" href=\"https:\/\/vosgesinfo.fr\/gerardmerinfo\/2024\/03\/une-musicale-pour-trouver-sa-place-sur-scene\/\" \/>\n<meta name=\"twitter:card\" content=\"summary_large_image\" \/>\n<meta name=\"twitter:title\" content=\"Une &quot;Musicale&quot; pour trouver sa place sur sc\u00e8ne - Gerardmer Info\" \/>\n<meta name=\"twitter:description\" content=\"La 5\u00e8me musicale de l&rsquo;ann\u00e9e 2023-2024 avait lieu ce lundi \u00e0 l\u2019auditorium de la Maison de la Musique avec les [&hellip;]\" \/>\n<meta name=\"twitter:image\" content=\"https:\/\/vosgesinfo.fr\/app\/uploads\/sites\/6\/2024\/03\/musicale-maison-de-la-musique-1-scaled.jpg\" \/>\n<meta name=\"twitter:creator\" content=\"@VosgesInfo88\" \/>\n<meta name=\"twitter:site\" content=\"@VosgesInfo88\" \/>\n<meta name=\"twitter:label1\" content=\"\u00c9crit par\" \/>\n\t<meta name=\"twitter:data1\" content=\"QG\" \/>\n\t<meta name=\"twitter:label2\" content=\"Dur\u00e9e de lecture estim\u00e9e\" \/>\n\t<meta name=\"twitter:data2\" content=\"1 minute\" \/>\n<script type=\"application\/ld+json\" class=\"yoast-schema-graph\">{\"@context\":\"https:\/\/schema.org\",\"@graph\":[{\"@type\":\"Article\",\"@id\":\"https:\/\/vosgesinfo.fr\/gerardmerinfo\/2024\/03\/une-musicale-pour-trouver-sa-place-sur-scene\/#article\",\"isPartOf\":{\"@id\":\"https:\/\/vosgesinfo.fr\/gerardmerinfo\/2024\/03\/une-musicale-pour-trouver-sa-place-sur-scene\/\"},\"author\":{\"name\":\"QG\",\"@id\":\"https:\/\/vosgesinfo.fr\/gerardmerinfo\/#\/schema\/person\/db5605779a843dad16b5368f3e7613a5\"},\"headline\":\"Une \u00ab\u00a0Musicale\u00a0\u00bb pour trouver sa place sur sc\u00e8ne\",\"datePublished\":\"2024-03-20T04:55:48+00:00\",\"dateModified\":\"2024-03-19T12:57:41+00:00\",\"mainEntityOfPage\":{\"@id\":\"https:\/\/vosgesinfo.fr\/gerardmerinfo\/2024\/03\/une-musicale-pour-trouver-sa-place-sur-scene\/\"},\"wordCount\":127,\"commentCount\":0,\"publisher\":{\"@id\":\"https:\/\/vosgesinfo.fr\/gerardmerinfo\/#organization\"},\"image\":{\"@id\":\"https:\/\/vosgesinfo.fr\/gerardmerinfo\/2024\/03\/une-musicale-pour-trouver-sa-place-sur-scene\/#primaryimage\"},\"thumbnailUrl\":\"https:\/\/vosgesinfo.fr\/app\/uploads\/sites\/6\/2024\/03\/musicale-maison-de-la-musique-1-scaled.jpg\",\"keywords\":[\"ecole de musique intercommunale\"],\"articleSection\":[\"A la une\",\"Concert\",\"G\u00e9rardmer\"],\"inLanguage\":\"fr-FR\",\"potentialAction\":[{\"@type\":\"CommentAction\",\"name\":\"Comment\",\"target\":[\"https:\/\/vosgesinfo.fr\/gerardmerinfo\/2024\/03\/une-musicale-pour-trouver-sa-place-sur-scene\/#respond\"]}]},{\"@type\":\"WebPage\",\"@id\":\"https:\/\/vosgesinfo.fr\/gerardmerinfo\/2024\/03\/une-musicale-pour-trouver-sa-place-sur-scene\/\",\"url\":\"https:\/\/vosgesinfo.fr\/gerardmerinfo\/2024\/03\/une-musicale-pour-trouver-sa-place-sur-scene\/\",\"name\":\"Une \\\"Musicale\\\" pour trouver sa place sur sc\u00e8ne - Gerardmer Info\",\"isPartOf\":{\"@id\":\"https:\/\/vosgesinfo.fr\/gerardmerinfo\/#website\"},\"primaryImageOfPage\":{\"@id\":\"https:\/\/vosgesinfo.fr\/gerardmerinfo\/2024\/03\/une-musicale-pour-trouver-sa-place-sur-scene\/#primaryimage\"},\"image\":{\"@id\":\"https:\/\/vosgesinfo.fr\/gerardmerinfo\/2024\/03\/une-musicale-pour-trouver-sa-place-sur-scene\/#primaryimage\"},\"thumbnailUrl\":\"https:\/\/vosgesinfo.fr\/app\/uploads\/sites\/6\/2024\/03\/musicale-maison-de-la-musique-1-scaled.jpg\",\"datePublished\":\"2024-03-20T04:55:48+00:00\",\"dateModified\":\"2024-03-19T12:57:41+00:00\",\"breadcrumb\":{\"@id\":\"https:\/\/vosgesinfo.fr\/gerardmerinfo\/2024\/03\/une-musicale-pour-trouver-sa-place-sur-scene\/#breadcrumb\"},\"inLanguage\":\"fr-FR\",\"potentialAction\":[{\"@type\":\"ReadAction\",\"target\":[\"https:\/\/vosgesinfo.fr\/gerardmerinfo\/2024\/03\/une-musicale-pour-trouver-sa-place-sur-scene\/\"]}]},{\"@type\":\"ImageObject\",\"inLanguage\":\"fr-FR\",\"@id\":\"https:\/\/vosgesinfo.fr\/gerardmerinfo\/2024\/03\/une-musicale-pour-trouver-sa-place-sur-scene\/#primaryimage\",\"url\":\"https:\/\/vosgesinfo.fr\/app\/uploads\/sites\/6\/2024\/03\/musicale-maison-de-la-musique-1-scaled.jpg\",\"contentUrl\":\"https:\/\/vosgesinfo.fr\/app\/uploads\/sites\/6\/2024\/03\/musicale-maison-de-la-musique-1-scaled.jpg\",\"width\":2560,\"height\":1920},{\"@type\":\"BreadcrumbList\",\"@id\":\"https:\/\/vosgesinfo.fr\/gerardmerinfo\/2024\/03\/une-musicale-pour-trouver-sa-place-sur-scene\/#breadcrumb\",\"itemListElement\":[{\"@type\":\"ListItem\",\"position\":1,\"name\":\"Home\",\"item\":\"https:\/\/vosgesinfo.fr\/gerardmerinfo\/\"},{\"@type\":\"ListItem\",\"position\":2,\"name\":\"Une \u00ab\u00a0Musicale\u00a0\u00bb pour trouver sa place sur sc\u00e8ne\"}]},{\"@type\":\"WebSite\",\"@id\":\"https:\/\/vosgesinfo.fr\/gerardmerinfo\/#website\",\"url\":\"https:\/\/vosgesinfo.fr\/gerardmerinfo\/\",\"name\":\"Gerardmer Info\",\"description\":\"Toute l&#039;actualit\u00e9 de G\u00e9rardmer\",\"publisher\":{\"@id\":\"https:\/\/vosgesinfo.fr\/gerardmerinfo\/#organization\"},\"alternateName\":\"Toute l'actualit\u00e9 de G\u00e9rardmer\",\"potentialAction\":[{\"@type\":\"SearchAction\",\"target\":{\"@type\":\"EntryPoint\",\"urlTemplate\":\"https:\/\/vosgesinfo.fr\/gerardmerinfo\/?s={search_term_string}\"},\"query-input\":\"required name=search_term_string\"}],\"inLanguage\":\"fr-FR\"},{\"@type\":\"Organization\",\"@id\":\"https:\/\/vosgesinfo.fr\/gerardmerinfo\/#organization\",\"name\":\"Gerardmer Info\",\"url\":\"https:\/\/vosgesinfo.fr\/gerardmerinfo\/\",\"logo\":{\"@type\":\"ImageObject\",\"inLanguage\":\"fr-FR\",\"@id\":\"https:\/\/vosgesinfo.fr\/gerardmerinfo\/#\/schema\/logo\/image\/\",\"url\":\"https:\/\/vosgesinfo.fr\/app\/uploads\/sites\/6\/2023\/08\/favicon-gerardmerinfo.png\",\"contentUrl\":\"https:\/\/vosgesinfo.fr\/app\/uploads\/sites\/6\/2023\/08\/favicon-gerardmerinfo.png\",\"width\":512,\"height\":512,\"caption\":\"Gerardmer Info\"},\"image\":{\"@id\":\"https:\/\/vosgesinfo.fr\/gerardmerinfo\/#\/schema\/logo\/image\/\"},\"sameAs\":[\"https:\/\/www.facebook.com\/profile.php?id=100049475262660\",\"https:\/\/x.com\/VosgesInfo88\",\"https:\/\/www.youtube.com\/@vosgesinfo\"]},{\"@type\":\"Person\",\"@id\":\"https:\/\/vosgesinfo.fr\/gerardmerinfo\/#\/schema\/person\/db5605779a843dad16b5368f3e7613a5\",\"name\":\"QG\",\"image\":{\"@type\":\"ImageObject\",\"inLanguage\":\"fr-FR\",\"@id\":\"https:\/\/vosgesinfo.fr\/gerardmerinfo\/#\/schema\/person\/image\/\",\"url\":\"https:\/\/secure.gravatar.com\/avatar\/ea80c42c204b534408512832fde52504ecabb9706bcb6151cf6175e5b64e6793?s=96&d=mm&r=g\",\"contentUrl\":\"https:\/\/secure.gravatar.com\/avatar\/ea80c42c204b534408512832fde52504ecabb9706bcb6151cf6175e5b64e6793?s=96&d=mm&r=g\",\"caption\":\"QG\"},\"url\":\"https:\/\/vosgesinfo.fr\/gerardmerinfo\/author\/quentin88\/\"}]}<\/script>\n<!-- \/ Yoast SEO plugin. -->","yoast_head_json":{"title":"Une \"Musicale\" pour trouver sa place sur sc\u00e8ne - Gerardmer Info","robots":{"index":"index","follow":"follow","max-snippet":"max-snippet:-1","max-image-preview":"max-image-preview:large","max-video-preview":"max-video-preview:-1"},"canonical":"https:\/\/vosgesinfo.fr\/gerardmerinfo\/2024\/03\/une-musicale-pour-trouver-sa-place-sur-scene\/","twitter_card":"summary_large_image","twitter_title":"Une \"Musicale\" pour trouver sa place sur sc\u00e8ne - Gerardmer Info","twitter_description":"La 5\u00e8me musicale de l&rsquo;ann\u00e9e 2023-2024 avait lieu ce lundi \u00e0 l\u2019auditorium de la Maison de la Musique avec les [&hellip;]","twitter_image":"https:\/\/vosgesinfo.fr\/app\/uploads\/sites\/6\/2024\/03\/musicale-maison-de-la-musique-1-scaled.jpg","twitter_creator":"@VosgesInfo88","twitter_site":"@VosgesInfo88","twitter_misc":{"\u00c9crit par":"QG","Dur\u00e9e de lecture estim\u00e9e":"1 minute"},"schema":{"@context":"https:\/\/schema.org","@graph":[{"@type":"Article","@id":"https:\/\/vosgesinfo.fr\/gerardmerinfo\/2024\/03\/une-musicale-pour-trouver-sa-place-sur-scene\/#article","isPartOf":{"@id":"https:\/\/vosgesinfo.fr\/gerardmerinfo\/2024\/03\/une-musicale-pour-trouver-sa-place-sur-scene\/"},"author":{"name":"QG","@id":"https:\/\/vosgesinfo.fr\/gerardmerinfo\/#\/schema\/person\/db5605779a843dad16b5368f3e7613a5"},"headline":"Une \u00ab\u00a0Musicale\u00a0\u00bb pour trouver sa place sur sc\u00e8ne","datePublished":"2024-03-20T04:55:48+00:00","dateModified":"2024-03-19T12:57:41+00:00","mainEntityOfPage":{"@id":"https:\/\/vosgesinfo.fr\/gerardmerinfo\/2024\/03\/une-musicale-pour-trouver-sa-place-sur-scene\/"},"wordCount":127,"commentCount":0,"publisher":{"@id":"https:\/\/vosgesinfo.fr\/gerardmerinfo\/#organization"},"image":{"@id":"https:\/\/vosgesinfo.fr\/gerardmerinfo\/2024\/03\/une-musicale-pour-trouver-sa-place-sur-scene\/#primaryimage"},"thumbnailUrl":"https:\/\/vosgesinfo.fr\/app\/uploads\/sites\/6\/2024\/03\/musicale-maison-de-la-musique-1-scaled.jpg","keywords":["ecole de musique intercommunale"],"articleSection":["A la une","Concert","G\u00e9rardmer"],"inLanguage":"fr-FR","potentialAction":[{"@type":"CommentAction","name":"Comment","target":["https:\/\/vosgesinfo.fr\/gerardmerinfo\/2024\/03\/une-musicale-pour-trouver-sa-place-sur-scene\/#respond"]}]},{"@type":"WebPage","@id":"https:\/\/vosgesinfo.fr\/gerardmerinfo\/2024\/03\/une-musicale-pour-trouver-sa-place-sur-scene\/","url":"https:\/\/vosgesinfo.fr\/gerardmerinfo\/2024\/03\/une-musicale-pour-trouver-sa-place-sur-scene\/","name":"Une \"Musicale\" pour trouver sa place sur sc\u00e8ne - Gerardmer Info","isPartOf":{"@id":"https:\/\/vosgesinfo.fr\/gerardmerinfo\/#website"},"primaryImageOfPage":{"@id":"https:\/\/vosgesinfo.fr\/gerardmerinfo\/2024\/03\/une-musicale-pour-trouver-sa-place-sur-scene\/#primaryimage"},"image":{"@id":"https:\/\/vosgesinfo.fr\/gerardmerinfo\/2024\/03\/une-musicale-pour-trouver-sa-place-sur-scene\/#primaryimage"},"thumbnailUrl":"https:\/\/vosgesinfo.fr\/app\/uploads\/sites\/6\/2024\/03\/musicale-maison-de-la-musique-1-scaled.jpg","datePublished":"2024-03-20T04:55:48+00:00","dateModified":"2024-03-19T12:57:41+00:00","breadcrumb":{"@id":"https:\/\/vosgesinfo.fr\/gerardmerinfo\/2024\/03\/une-musicale-pour-trouver-sa-place-sur-scene\/#breadcrumb"},"inLanguage":"fr-FR","potentialAction":[{"@type":"ReadAction","target":["https:\/\/vosgesinfo.fr\/gerardmerinfo\/2024\/03\/une-musicale-pour-trouver-sa-place-sur-scene\/"]}]},{"@type":"ImageObject","inLanguage":"fr-FR","@id":"https:\/\/vosgesinfo.fr\/gerardmerinfo\/2024\/03\/une-musicale-pour-trouver-sa-place-sur-scene\/#primaryimage","url":"https:\/\/vosgesinfo.fr\/app\/uploads\/sites\/6\/2024\/03\/musicale-maison-de-la-musique-1-scaled.jpg","contentUrl":"https:\/\/vosgesinfo.fr\/app\/uploads\/sites\/6\/2024\/03\/musicale-maison-de-la-musique-1-scaled.jpg","width":2560,"height":1920},{"@type":"BreadcrumbList","@id":"https:\/\/vosgesinfo.fr\/gerardmerinfo\/2024\/03\/une-musicale-pour-trouver-sa-place-sur-scene\/#breadcrumb","itemListElement":[{"@type":"ListItem","position":1,"name":"Home","item":"https:\/\/vosgesinfo.fr\/gerardmerinfo\/"},{"@type":"ListItem","position":2,"name":"Une \u00ab\u00a0Musicale\u00a0\u00bb pour trouver sa place sur sc\u00e8ne"}]},{"@type":"WebSite","@id":"https:\/\/vosgesinfo.fr\/gerardmerinfo\/#website","url":"https:\/\/vosgesinfo.fr\/gerardmerinfo\/","name":"Gerardmer Info","description":"Toute l&#039;actualit\u00e9 de G\u00e9rardmer","publisher":{"@id":"https:\/\/vosgesinfo.fr\/gerardmerinfo\/#organization"},"alternateName":"Toute l'actualit\u00e9 de G\u00e9rardmer","potentialAction":[{"@type":"SearchAction","target":{"@type":"EntryPoint","urlTemplate":"https:\/\/vosgesinfo.fr\/gerardmerinfo\/?s={search_term_string}"},"query-input":"required name=search_term_string"}],"inLanguage":"fr-FR"},{"@type":"Organization","@id":"https:\/\/vosgesinfo.fr\/gerardmerinfo\/#organization","name":"Gerardmer Info","url":"https:\/\/vosgesinfo.fr\/gerardmerinfo\/","logo":{"@type":"ImageObject","inLanguage":"fr-FR","@id":"https:\/\/vosgesinfo.fr\/gerardmerinfo\/#\/schema\/logo\/image\/","url":"https:\/\/vosgesinfo.fr\/app\/uploads\/sites\/6\/2023\/08\/favicon-gerardmerinfo.png","contentUrl":"https:\/\/vosgesinfo.fr\/app\/uploads\/sites\/6\/2023\/08\/favicon-gerardmerinfo.png","width":512,"height":512,"caption":"Gerardmer Info"},"image":{"@id":"https:\/\/vosgesinfo.fr\/gerardmerinfo\/#\/schema\/logo\/image\/"},"sameAs":["https:\/\/www.facebook.com\/profile.php?id=100049475262660","https:\/\/x.com\/VosgesInfo88","https:\/\/www.youtube.com\/@vosgesinfo"]},{"@type":"Person","@id":"https:\/\/vosgesinfo.fr\/gerardmerinfo\/#\/schema\/person\/db5605779a843dad16b5368f3e7613a5","name":"QG","image":{"@type":"ImageObject","inLanguage":"fr-FR","@id":"https:\/\/vosgesinfo.fr\/gerardmerinfo\/#\/schema\/person\/image\/","url":"https:\/\/secure.gravatar.com\/avatar\/ea80c42c204b534408512832fde52504ecabb9706bcb6151cf6175e5b64e6793?s=96&d=mm&r=g","contentUrl":"https:\/\/secure.gravatar.com\/avatar\/ea80c42c204b534408512832fde52504ecabb9706bcb6151cf6175e5b64e6793?s=96&d=mm&r=g","caption":"QG"},"url":"https:\/\/vosgesinfo.fr\/gerardmerinfo\/author\/quentin88\/"}]}},"_links":{"self":[{"href":"https:\/\/vosgesinfo.fr\/gerardmerinfo\/wp-json\/wp\/v2\/posts\/7085","targetHints":{"allow":["GET"]}}],"collection":[{"href":"https:\/\/vosgesinfo.fr\/gerardmerinfo\/wp-json\/wp\/v2\/posts"}],"about":[{"href":"https:\/\/vosgesinfo.fr\/gerardmerinfo\/wp-json\/wp\/v2\/types\/post"}],"author":[{"embeddable":true,"href":"https:\/\/vosgesinfo.fr\/gerardmerinfo\/wp-json\/wp\/v2\/users\/42"}],"replies":[{"embeddable":true,"href":"https:\/\/vosgesinfo.fr\/gerardmerinfo\/wp-json\/wp\/v2\/comments?post=7085"}],"version-history":[{"count":1,"href":"https:\/\/vosgesinfo.fr\/gerardmerinfo\/wp-json\/wp\/v2\/posts\/7085\/revisions"}],"predecessor-version":[{"id":7090,"href":"https:\/\/vosgesinfo.fr\/gerardmerinfo\/wp-json\/wp\/v2\/posts\/7085\/revisions\/7090"}],"wp:featuredmedia":[{"embeddable":true,"href":"https:\/\/vosgesinfo.fr\/gerardmerinfo\/wp-json\/wp\/v2\/media\/7086"}],"wp:attachment":[{"href":"https:\/\/vosgesinfo.fr\/gerardmerinfo\/wp-json\/wp\/v2\/media?parent=7085"}],"wp:term":[{"taxonomy":"category","embeddable":true,"href":"https:\/\/vosgesinfo.fr\/gerardmerinfo\/wp-json\/wp\/v2\/categories?post=7085"},{"taxonomy":"post_tag","embeddable":true,"href":"https:\/\/vosgesinfo.fr\/gerardmerinfo\/wp-json\/wp\/v2\/tags?post=7085"}],"curies":[{"name":"wp","href":"https:\/\/api.w.org\/{rel}","templated":true}]}}