{"id":71031,"date":"2024-11-18T17:28:35","date_gmt":"2024-11-18T16:28:35","guid":{"rendered":"https:\/\/vosgesinfo.fr\/gerardmerinfo\/2024\/11\/en-novembre-cest-parti-pour-parler-de-la-collecte-de-vos-dechets\/"},"modified":"2024-11-18T17:28:35","modified_gmt":"2024-11-18T16:28:35","slug":"en-novembre-cest-parti-pour-parler-de-la-collecte-de-vos-dechets","status":"publish","type":"post","link":"https:\/\/vosgesinfo.fr\/gerardmerinfo\/2024\/11\/en-novembre-cest-parti-pour-parler-de-la-collecte-de-vos-dechets\/","title":{"rendered":"En novembre, c\u2019est PARTI pour parler de la collecte de vos d\u00e9chets !"},"content":{"rendered":"<p><strong><a href=\"https:\/\/vosgesinfo.fr\/app\/uploads\/sites\/3\/2024\/11\/thumbnail-0ruwfq4ge1xebu2s.png\"><img decoding=\"async\" class=\"aligncenter size-full wp-image-124438\" src=\"https:\/\/vosgesinfo.fr\/app\/uploads\/sites\/3\/2024\/11\/thumbnail-0ruwfq4ge1xebu2s.png\" alt=\"\" width=\"608\" height=\"431\" \/><\/a>Info n\u00b01\u00a0: Savez-vous qui <\/strong><strong>collecte<\/strong><strong> vos d\u00e9chets\u00a0? <\/strong><\/p>\n<p>Dans les Vosges, la collecte des d\u00e9chets est assur\u00e9e par les communaut\u00e9s de communes et syndicats intercommunaux r\u00e9partis sur le territoire <a href=\"https:\/\/www.evodia.org\/evodia\/lacteur-vosgien-de-la-gestion-des-dechets\/\">au nombre de 9.<\/a> Elles sont en charge de la collecte de vos ordures m\u00e9nag\u00e8res et de la collecte s\u00e9lective (sacs jaunes, bacs jaunes ou conteneurs d\u2019apports volontaires). \u00c9vodia g\u00e8re ce qu\u2019il se passe apr\u00e8s la collecte, c\u2019est-\u00e0-dire qu\u2019il traite vos d\u00e9chets issus de la collecte s\u00e9lective, des ordures m\u00e9nag\u00e8res et ceux que vous d\u00e9posez en d\u00e9ch\u00e8teries.<\/p>\n<p><strong>Info n\u00b02\u00a0: Une grande <u>collecte<\/u> des textiles en entreprise pendant la Semaine Europ\u00e9enne de R\u00e9duction des D\u00e9chets (SERD)<\/strong><\/p>\n<p>Une sp\u00e9cificit\u00e9 sur notre territoire vosgien concerne les textiles. Evodia g\u00e8re l\u2019ensemble de la fili\u00e8re des textiles\u00a0: de la collecte jusqu\u2019au tri. Lors de la SERD, Evodia organise une collecte des textiles en entreprise. L\u2019objectif est de sensibiliser les vosgiens aux enjeux du r\u00e9emploi, du tri, et du recyclage des textiles usag\u00e9s et de leur faire d\u00e9couvrir, voire adopter, des solutions pour diminuer les impacts de l\u2019industrie textile (qui reste la 2\u00e8me plus polluante au monde). Les entreprises vosgiennes, dont les r\u00f4les sociaux et environnementaux sont clairement affich\u00e9s, sont un cadre parfait pour \u00e9voquer ces enjeux et s\u2019adresser aux salari\u00e9s qui sont aussi et surtout des citoyens.<\/p>\n<p><strong>Info n\u00b03\u00a0: Et les <\/strong><strong>collectes <\/strong><strong>sp\u00e9cifiques\u00a0? <\/strong><\/p>\n<p>Certains d\u00e9chets n\u00e9cessitent une collecte sp\u00e9cifique, comme les piles et ampoules usag\u00e9es. Des points de collecte sont install\u00e9s dans de nombreuses d\u00e9ch\u00e8teries ou magasin.<\/p>\n<p>Les D\u00e9chets d\u2019Activit\u00e9s de Soins \u00e0 Risques Infectieux (DASRI) des patients en auto-traitement sont quant \u00e0 eux \u00e0 rapporter directement en pharmacie pour assurer un traitement optimum et en toute s\u00e9curit\u00e9 de ces d\u00e9chets sp\u00e9cifiques.<\/p>\n<p><strong>La collecte est la 2<sup>nd<\/sup> \u00e9tape, apr\u00e8s le tri, du parcours du vos d\u00e9chets pour \u00eatre valoris\u00e9s,<\/strong> \u00e9tape \u00d4 combien importante pour assurer en toute s\u00e9curit\u00e9 le transport et le traitement de ces d\u00e9chets vers leur seconde vie\u00a0!<\/p>\n<p><strong>Seul, je TRIE. Ensemble, on REDUIT. D\u00e9fi presque REUSSI\u00a0!<\/strong><\/p>\n<p><strong>\u00a0<\/strong><\/p>\n","protected":false},"excerpt":{"rendered":"<p>Info n\u00b01\u00a0: Savez-vous qui collecte vos d\u00e9chets\u00a0? Dans les Vosges, la collecte des d\u00e9chets est assur\u00e9e par les communaut\u00e9s de [&hellip;]<\/p>\n","protected":false},"author":52,"featured_media":71032,"comment_status":"open","ping_status":"open","sticky":false,"template":"","format":"standard","meta":{"footnotes":""},"categories":[20,878,25,328,11,868,946,18],"tags":[],"class_list":["post-71031","post","type-post","status-publish","format-standard","has-post-thumbnail","hentry","category-a-la-une","category-epinal","category-gerardmer","category-la-plaine-des-vosges","category-publi-reportage","category-remiremont","category-saint-die","category-vosges"],"acf":[],"yoast_head":"<!-- This site is optimized with the Yoast SEO plugin v22.5 - https:\/\/yoast.com\/wordpress\/plugins\/seo\/ -->\n<title>En novembre, c\u2019est PARTI pour parler de la collecte de vos d\u00e9chets ! - Gerardmer Info<\/title>\n<meta name=\"robots\" content=\"index, follow, max-snippet:-1, max-image-preview:large, max-video-preview:-1\" \/>\n<link rel=\"canonical\" href=\"https:\/\/vosgesinfo.fr\/gerardmerinfo\/2024\/11\/en-novembre-cest-parti-pour-parler-de-la-collecte-de-vos-dechets\/\" \/>\n<meta name=\"twitter:card\" content=\"summary_large_image\" \/>\n<meta name=\"twitter:title\" content=\"En novembre, c\u2019est PARTI pour parler de la collecte de vos d\u00e9chets ! - Gerardmer Info\" \/>\n<meta name=\"twitter:description\" content=\"Info n\u00b01\u00a0: Savez-vous qui collecte vos d\u00e9chets\u00a0? Dans les Vosges, la collecte des d\u00e9chets est assur\u00e9e par les communaut\u00e9s de [&hellip;]\" \/>\n<meta name=\"twitter:image\" content=\"https:\/\/vosgesinfo.fr\/app\/uploads\/sites\/6\/2024\/11\/thumbnail-0ruwfq4ge1xebu2s.png\" \/>\n<meta name=\"twitter:creator\" content=\"@VosgesInfo88\" \/>\n<meta name=\"twitter:site\" content=\"@VosgesInfo88\" \/>\n<meta name=\"twitter:label1\" content=\"\u00c9crit par\" \/>\n\t<meta name=\"twitter:data1\" content=\"C.K.\" \/>\n\t<meta name=\"twitter:label2\" content=\"Dur\u00e9e de lecture estim\u00e9e\" \/>\n\t<meta name=\"twitter:data2\" content=\"2 minutes\" \/>\n<script type=\"application\/ld+json\" class=\"yoast-schema-graph\">{\"@context\":\"https:\/\/schema.org\",\"@graph\":[{\"@type\":\"Article\",\"@id\":\"https:\/\/vosgesinfo.fr\/gerardmerinfo\/2024\/11\/en-novembre-cest-parti-pour-parler-de-la-collecte-de-vos-dechets\/#article\",\"isPartOf\":{\"@id\":\"https:\/\/vosgesinfo.fr\/gerardmerinfo\/2024\/11\/en-novembre-cest-parti-pour-parler-de-la-collecte-de-vos-dechets\/\"},\"author\":{\"name\":\"C.K.\",\"@id\":\"https:\/\/vosgesinfo.fr\/gerardmerinfo\/#\/schema\/person\/6f9a650eeea99d969b6c4ab78fccbe81\"},\"headline\":\"En novembre, c\u2019est PARTI pour parler de la collecte de vos d\u00e9chets !\",\"datePublished\":\"2024-11-18T16:28:35+00:00\",\"dateModified\":\"2024-11-18T16:28:35+00:00\",\"mainEntityOfPage\":{\"@id\":\"https:\/\/vosgesinfo.fr\/gerardmerinfo\/2024\/11\/en-novembre-cest-parti-pour-parler-de-la-collecte-de-vos-dechets\/\"},\"wordCount\":390,\"commentCount\":0,\"publisher\":{\"@id\":\"https:\/\/vosgesinfo.fr\/gerardmerinfo\/#organization\"},\"image\":{\"@id\":\"https:\/\/vosgesinfo.fr\/gerardmerinfo\/2024\/11\/en-novembre-cest-parti-pour-parler-de-la-collecte-de-vos-dechets\/#primaryimage\"},\"thumbnailUrl\":\"https:\/\/vosgesinfo.fr\/app\/uploads\/sites\/6\/2024\/11\/thumbnail-0ruwfq4ge1xebu2s.png\",\"articleSection\":[\"A la une\",\"Epinal\",\"G\u00e9rardmer\",\"La plaine des vosges\",\"Publi-reportage\",\"Remiremont\",\"Saint-di\u00e9\",\"Vosges\"],\"inLanguage\":\"fr-FR\",\"potentialAction\":[{\"@type\":\"CommentAction\",\"name\":\"Comment\",\"target\":[\"https:\/\/vosgesinfo.fr\/gerardmerinfo\/2024\/11\/en-novembre-cest-parti-pour-parler-de-la-collecte-de-vos-dechets\/#respond\"]}]},{\"@type\":\"WebPage\",\"@id\":\"https:\/\/vosgesinfo.fr\/gerardmerinfo\/2024\/11\/en-novembre-cest-parti-pour-parler-de-la-collecte-de-vos-dechets\/\",\"url\":\"https:\/\/vosgesinfo.fr\/gerardmerinfo\/2024\/11\/en-novembre-cest-parti-pour-parler-de-la-collecte-de-vos-dechets\/\",\"name\":\"En novembre, c\u2019est PARTI pour parler de la collecte de vos d\u00e9chets ! - Gerardmer Info\",\"isPartOf\":{\"@id\":\"https:\/\/vosgesinfo.fr\/gerardmerinfo\/#website\"},\"primaryImageOfPage\":{\"@id\":\"https:\/\/vosgesinfo.fr\/gerardmerinfo\/2024\/11\/en-novembre-cest-parti-pour-parler-de-la-collecte-de-vos-dechets\/#primaryimage\"},\"image\":{\"@id\":\"https:\/\/vosgesinfo.fr\/gerardmerinfo\/2024\/11\/en-novembre-cest-parti-pour-parler-de-la-collecte-de-vos-dechets\/#primaryimage\"},\"thumbnailUrl\":\"https:\/\/vosgesinfo.fr\/app\/uploads\/sites\/6\/2024\/11\/thumbnail-0ruwfq4ge1xebu2s.png\",\"datePublished\":\"2024-11-18T16:28:35+00:00\",\"dateModified\":\"2024-11-18T16:28:35+00:00\",\"breadcrumb\":{\"@id\":\"https:\/\/vosgesinfo.fr\/gerardmerinfo\/2024\/11\/en-novembre-cest-parti-pour-parler-de-la-collecte-de-vos-dechets\/#breadcrumb\"},\"inLanguage\":\"fr-FR\",\"potentialAction\":[{\"@type\":\"ReadAction\",\"target\":[\"https:\/\/vosgesinfo.fr\/gerardmerinfo\/2024\/11\/en-novembre-cest-parti-pour-parler-de-la-collecte-de-vos-dechets\/\"]}]},{\"@type\":\"ImageObject\",\"inLanguage\":\"fr-FR\",\"@id\":\"https:\/\/vosgesinfo.fr\/gerardmerinfo\/2024\/11\/en-novembre-cest-parti-pour-parler-de-la-collecte-de-vos-dechets\/#primaryimage\",\"url\":\"https:\/\/vosgesinfo.fr\/app\/uploads\/sites\/6\/2024\/11\/thumbnail-0ruwfq4ge1xebu2s.png\",\"contentUrl\":\"https:\/\/vosgesinfo.fr\/app\/uploads\/sites\/6\/2024\/11\/thumbnail-0ruwfq4ge1xebu2s.png\",\"width\":608,\"height\":431},{\"@type\":\"BreadcrumbList\",\"@id\":\"https:\/\/vosgesinfo.fr\/gerardmerinfo\/2024\/11\/en-novembre-cest-parti-pour-parler-de-la-collecte-de-vos-dechets\/#breadcrumb\",\"itemListElement\":[{\"@type\":\"ListItem\",\"position\":1,\"name\":\"Home\",\"item\":\"https:\/\/vosgesinfo.fr\/gerardmerinfo\/\"},{\"@type\":\"ListItem\",\"position\":2,\"name\":\"En novembre, c\u2019est PARTI pour parler de la collecte de vos d\u00e9chets !\"}]},{\"@type\":\"WebSite\",\"@id\":\"https:\/\/vosgesinfo.fr\/gerardmerinfo\/#website\",\"url\":\"https:\/\/vosgesinfo.fr\/gerardmerinfo\/\",\"name\":\"Gerardmer Info\",\"description\":\"Toute l&#039;actualit\u00e9 de G\u00e9rardmer\",\"publisher\":{\"@id\":\"https:\/\/vosgesinfo.fr\/gerardmerinfo\/#organization\"},\"alternateName\":\"Toute l'actualit\u00e9 de G\u00e9rardmer\",\"potentialAction\":[{\"@type\":\"SearchAction\",\"target\":{\"@type\":\"EntryPoint\",\"urlTemplate\":\"https:\/\/vosgesinfo.fr\/gerardmerinfo\/?s={search_term_string}\"},\"query-input\":\"required name=search_term_string\"}],\"inLanguage\":\"fr-FR\"},{\"@type\":\"Organization\",\"@id\":\"https:\/\/vosgesinfo.fr\/gerardmerinfo\/#organization\",\"name\":\"Gerardmer Info\",\"url\":\"https:\/\/vosgesinfo.fr\/gerardmerinfo\/\",\"logo\":{\"@type\":\"ImageObject\",\"inLanguage\":\"fr-FR\",\"@id\":\"https:\/\/vosgesinfo.fr\/gerardmerinfo\/#\/schema\/logo\/image\/\",\"url\":\"https:\/\/vosgesinfo.fr\/app\/uploads\/sites\/6\/2023\/08\/favicon-gerardmerinfo.png\",\"contentUrl\":\"https:\/\/vosgesinfo.fr\/app\/uploads\/sites\/6\/2023\/08\/favicon-gerardmerinfo.png\",\"width\":512,\"height\":512,\"caption\":\"Gerardmer Info\"},\"image\":{\"@id\":\"https:\/\/vosgesinfo.fr\/gerardmerinfo\/#\/schema\/logo\/image\/\"},\"sameAs\":[\"https:\/\/www.facebook.com\/profile.php?id=100049475262660\",\"https:\/\/x.com\/VosgesInfo88\",\"https:\/\/www.youtube.com\/@vosgesinfo\"]},{\"@type\":\"Person\",\"@id\":\"https:\/\/vosgesinfo.fr\/gerardmerinfo\/#\/schema\/person\/6f9a650eeea99d969b6c4ab78fccbe81\",\"name\":\"C.K.\",\"image\":{\"@type\":\"ImageObject\",\"inLanguage\":\"fr-FR\",\"@id\":\"https:\/\/vosgesinfo.fr\/gerardmerinfo\/#\/schema\/person\/image\/\",\"url\":\"https:\/\/secure.gravatar.com\/avatar\/48e3fc7f8421ba8942be6b74a2b7f014ca39bc00dece156b7a8e098ae7dc87bf?s=96&d=mm&r=g\",\"contentUrl\":\"https:\/\/secure.gravatar.com\/avatar\/48e3fc7f8421ba8942be6b74a2b7f014ca39bc00dece156b7a8e098ae7dc87bf?s=96&d=mm&r=g\",\"caption\":\"C.K.\"},\"url\":\"https:\/\/vosgesinfo.fr\/gerardmerinfo\/author\/celia-k-n\/\"}]}<\/script>\n<!-- \/ Yoast SEO plugin. -->","yoast_head_json":{"title":"En novembre, c\u2019est PARTI pour parler de la collecte de vos d\u00e9chets ! - Gerardmer Info","robots":{"index":"index","follow":"follow","max-snippet":"max-snippet:-1","max-image-preview":"max-image-preview:large","max-video-preview":"max-video-preview:-1"},"canonical":"https:\/\/vosgesinfo.fr\/gerardmerinfo\/2024\/11\/en-novembre-cest-parti-pour-parler-de-la-collecte-de-vos-dechets\/","twitter_card":"summary_large_image","twitter_title":"En novembre, c\u2019est PARTI pour parler de la collecte de vos d\u00e9chets ! - Gerardmer Info","twitter_description":"Info n\u00b01\u00a0: Savez-vous qui collecte vos d\u00e9chets\u00a0? Dans les Vosges, la collecte des d\u00e9chets est assur\u00e9e par les communaut\u00e9s de [&hellip;]","twitter_image":"https:\/\/vosgesinfo.fr\/app\/uploads\/sites\/6\/2024\/11\/thumbnail-0ruwfq4ge1xebu2s.png","twitter_creator":"@VosgesInfo88","twitter_site":"@VosgesInfo88","twitter_misc":{"\u00c9crit par":"C.K.","Dur\u00e9e de lecture estim\u00e9e":"2 minutes"},"schema":{"@context":"https:\/\/schema.org","@graph":[{"@type":"Article","@id":"https:\/\/vosgesinfo.fr\/gerardmerinfo\/2024\/11\/en-novembre-cest-parti-pour-parler-de-la-collecte-de-vos-dechets\/#article","isPartOf":{"@id":"https:\/\/vosgesinfo.fr\/gerardmerinfo\/2024\/11\/en-novembre-cest-parti-pour-parler-de-la-collecte-de-vos-dechets\/"},"author":{"name":"C.K.","@id":"https:\/\/vosgesinfo.fr\/gerardmerinfo\/#\/schema\/person\/6f9a650eeea99d969b6c4ab78fccbe81"},"headline":"En novembre, c\u2019est PARTI pour parler de la collecte de vos d\u00e9chets !","datePublished":"2024-11-18T16:28:35+00:00","dateModified":"2024-11-18T16:28:35+00:00","mainEntityOfPage":{"@id":"https:\/\/vosgesinfo.fr\/gerardmerinfo\/2024\/11\/en-novembre-cest-parti-pour-parler-de-la-collecte-de-vos-dechets\/"},"wordCount":390,"commentCount":0,"publisher":{"@id":"https:\/\/vosgesinfo.fr\/gerardmerinfo\/#organization"},"image":{"@id":"https:\/\/vosgesinfo.fr\/gerardmerinfo\/2024\/11\/en-novembre-cest-parti-pour-parler-de-la-collecte-de-vos-dechets\/#primaryimage"},"thumbnailUrl":"https:\/\/vosgesinfo.fr\/app\/uploads\/sites\/6\/2024\/11\/thumbnail-0ruwfq4ge1xebu2s.png","articleSection":["A la une","Epinal","G\u00e9rardmer","La plaine des vosges","Publi-reportage","Remiremont","Saint-di\u00e9","Vosges"],"inLanguage":"fr-FR","potentialAction":[{"@type":"CommentAction","name":"Comment","target":["https:\/\/vosgesinfo.fr\/gerardmerinfo\/2024\/11\/en-novembre-cest-parti-pour-parler-de-la-collecte-de-vos-dechets\/#respond"]}]},{"@type":"WebPage","@id":"https:\/\/vosgesinfo.fr\/gerardmerinfo\/2024\/11\/en-novembre-cest-parti-pour-parler-de-la-collecte-de-vos-dechets\/","url":"https:\/\/vosgesinfo.fr\/gerardmerinfo\/2024\/11\/en-novembre-cest-parti-pour-parler-de-la-collecte-de-vos-dechets\/","name":"En novembre, c\u2019est PARTI pour parler de la collecte de vos d\u00e9chets ! - Gerardmer Info","isPartOf":{"@id":"https:\/\/vosgesinfo.fr\/gerardmerinfo\/#website"},"primaryImageOfPage":{"@id":"https:\/\/vosgesinfo.fr\/gerardmerinfo\/2024\/11\/en-novembre-cest-parti-pour-parler-de-la-collecte-de-vos-dechets\/#primaryimage"},"image":{"@id":"https:\/\/vosgesinfo.fr\/gerardmerinfo\/2024\/11\/en-novembre-cest-parti-pour-parler-de-la-collecte-de-vos-dechets\/#primaryimage"},"thumbnailUrl":"https:\/\/vosgesinfo.fr\/app\/uploads\/sites\/6\/2024\/11\/thumbnail-0ruwfq4ge1xebu2s.png","datePublished":"2024-11-18T16:28:35+00:00","dateModified":"2024-11-18T16:28:35+00:00","breadcrumb":{"@id":"https:\/\/vosgesinfo.fr\/gerardmerinfo\/2024\/11\/en-novembre-cest-parti-pour-parler-de-la-collecte-de-vos-dechets\/#breadcrumb"},"inLanguage":"fr-FR","potentialAction":[{"@type":"ReadAction","target":["https:\/\/vosgesinfo.fr\/gerardmerinfo\/2024\/11\/en-novembre-cest-parti-pour-parler-de-la-collecte-de-vos-dechets\/"]}]},{"@type":"ImageObject","inLanguage":"fr-FR","@id":"https:\/\/vosgesinfo.fr\/gerardmerinfo\/2024\/11\/en-novembre-cest-parti-pour-parler-de-la-collecte-de-vos-dechets\/#primaryimage","url":"https:\/\/vosgesinfo.fr\/app\/uploads\/sites\/6\/2024\/11\/thumbnail-0ruwfq4ge1xebu2s.png","contentUrl":"https:\/\/vosgesinfo.fr\/app\/uploads\/sites\/6\/2024\/11\/thumbnail-0ruwfq4ge1xebu2s.png","width":608,"height":431},{"@type":"BreadcrumbList","@id":"https:\/\/vosgesinfo.fr\/gerardmerinfo\/2024\/11\/en-novembre-cest-parti-pour-parler-de-la-collecte-de-vos-dechets\/#breadcrumb","itemListElement":[{"@type":"ListItem","position":1,"name":"Home","item":"https:\/\/vosgesinfo.fr\/gerardmerinfo\/"},{"@type":"ListItem","position":2,"name":"En novembre, c\u2019est PARTI pour parler de la collecte de vos d\u00e9chets !"}]},{"@type":"WebSite","@id":"https:\/\/vosgesinfo.fr\/gerardmerinfo\/#website","url":"https:\/\/vosgesinfo.fr\/gerardmerinfo\/","name":"Gerardmer Info","description":"Toute l&#039;actualit\u00e9 de G\u00e9rardmer","publisher":{"@id":"https:\/\/vosgesinfo.fr\/gerardmerinfo\/#organization"},"alternateName":"Toute l'actualit\u00e9 de G\u00e9rardmer","potentialAction":[{"@type":"SearchAction","target":{"@type":"EntryPoint","urlTemplate":"https:\/\/vosgesinfo.fr\/gerardmerinfo\/?s={search_term_string}"},"query-input":"required name=search_term_string"}],"inLanguage":"fr-FR"},{"@type":"Organization","@id":"https:\/\/vosgesinfo.fr\/gerardmerinfo\/#organization","name":"Gerardmer Info","url":"https:\/\/vosgesinfo.fr\/gerardmerinfo\/","logo":{"@type":"ImageObject","inLanguage":"fr-FR","@id":"https:\/\/vosgesinfo.fr\/gerardmerinfo\/#\/schema\/logo\/image\/","url":"https:\/\/vosgesinfo.fr\/app\/uploads\/sites\/6\/2023\/08\/favicon-gerardmerinfo.png","contentUrl":"https:\/\/vosgesinfo.fr\/app\/uploads\/sites\/6\/2023\/08\/favicon-gerardmerinfo.png","width":512,"height":512,"caption":"Gerardmer Info"},"image":{"@id":"https:\/\/vosgesinfo.fr\/gerardmerinfo\/#\/schema\/logo\/image\/"},"sameAs":["https:\/\/www.facebook.com\/profile.php?id=100049475262660","https:\/\/x.com\/VosgesInfo88","https:\/\/www.youtube.com\/@vosgesinfo"]},{"@type":"Person","@id":"https:\/\/vosgesinfo.fr\/gerardmerinfo\/#\/schema\/person\/6f9a650eeea99d969b6c4ab78fccbe81","name":"C.K.","image":{"@type":"ImageObject","inLanguage":"fr-FR","@id":"https:\/\/vosgesinfo.fr\/gerardmerinfo\/#\/schema\/person\/image\/","url":"https:\/\/secure.gravatar.com\/avatar\/48e3fc7f8421ba8942be6b74a2b7f014ca39bc00dece156b7a8e098ae7dc87bf?s=96&d=mm&r=g","contentUrl":"https:\/\/secure.gravatar.com\/avatar\/48e3fc7f8421ba8942be6b74a2b7f014ca39bc00dece156b7a8e098ae7dc87bf?s=96&d=mm&r=g","caption":"C.K."},"url":"https:\/\/vosgesinfo.fr\/gerardmerinfo\/author\/celia-k-n\/"}]}},"_links":{"self":[{"href":"https:\/\/vosgesinfo.fr\/gerardmerinfo\/wp-json\/wp\/v2\/posts\/71031","targetHints":{"allow":["GET"]}}],"collection":[{"href":"https:\/\/vosgesinfo.fr\/gerardmerinfo\/wp-json\/wp\/v2\/posts"}],"about":[{"href":"https:\/\/vosgesinfo.fr\/gerardmerinfo\/wp-json\/wp\/v2\/types\/post"}],"author":[{"embeddable":true,"href":"https:\/\/vosgesinfo.fr\/gerardmerinfo\/wp-json\/wp\/v2\/users\/52"}],"replies":[{"embeddable":true,"href":"https:\/\/vosgesinfo.fr\/gerardmerinfo\/wp-json\/wp\/v2\/comments?post=71031"}],"version-history":[{"count":0,"href":"https:\/\/vosgesinfo.fr\/gerardmerinfo\/wp-json\/wp\/v2\/posts\/71031\/revisions"}],"wp:featuredmedia":[{"embeddable":true,"href":"https:\/\/vosgesinfo.fr\/gerardmerinfo\/wp-json\/wp\/v2\/media\/71032"}],"wp:attachment":[{"href":"https:\/\/vosgesinfo.fr\/gerardmerinfo\/wp-json\/wp\/v2\/media?parent=71031"}],"wp:term":[{"taxonomy":"category","embeddable":true,"href":"https:\/\/vosgesinfo.fr\/gerardmerinfo\/wp-json\/wp\/v2\/categories?post=71031"},{"taxonomy":"post_tag","embeddable":true,"href":"https:\/\/vosgesinfo.fr\/gerardmerinfo\/wp-json\/wp\/v2\/tags?post=71031"}],"curies":[{"name":"wp","href":"https:\/\/api.w.org\/{rel}","templated":true}]}}