{"id":71487,"date":"2024-11-29T10:30:06","date_gmt":"2024-11-29T09:30:06","guid":{"rendered":"https:\/\/vosgesinfo.fr\/gerardmerinfo\/?p=71487"},"modified":"2024-11-29T10:30:06","modified_gmt":"2024-11-29T09:30:06","slug":"prisca-hirschler-cree-un-calendrier-de-lavent-numerique-sur-le-violoncelle","status":"publish","type":"post","link":"https:\/\/vosgesinfo.fr\/gerardmerinfo\/2024\/11\/prisca-hirschler-cree-un-calendrier-de-lavent-numerique-sur-le-violoncelle\/","title":{"rendered":"Prisca Hirschler cr\u00e9e un calendrier de l&rsquo;Avent num\u00e9rique sur le violoncelle"},"content":{"rendered":"<p><a href=\"https:\/\/vosgesinfo.fr\/app\/uploads\/sites\/5\/2024\/11\/violoncelle-.png\"><img decoding=\"async\" class=\"aligncenter size-large wp-image-76047\" src=\"https:\/\/vosgesinfo.fr\/app\/uploads\/sites\/5\/2024\/11\/violoncelle--1024x576.png\" alt=\"\" width=\"1024\" height=\"576\" \/><\/a><\/p>\n<p style=\"font-weight: 400;\"><strong>D\u00e9cembre : la p\u00e9riode des f\u00eates, des premiers frimas et&#8230; des calendriers de l&rsquo;avent ! L&rsquo;occasion pour la CCPVM de vous faire conna\u00eetre l&rsquo;initiative musicale de Prisca Hirschler, enseignante au Cube : le \u00ab\u00a0calendrier de l&rsquo;avent du violoncelle\u00a0\u00bb.\u00a0<\/strong><\/p>\n<p style=\"font-weight: 400;\">Chaque jour, une vid\u00e9o, une petite info, une anecdote pour mieux conna\u00eetre l&rsquo;instrument, son univers et sa pratique. Initialement cr\u00e9\u00e9 pour ses \u00e9l\u00e8ves, Prisca a souhait\u00e9 avec ce calendrier mettre en lumi\u00e8re le violoncelle aupr\u00e8s du plus grand nombre.\u00a0Une belle mani\u00e8re de faire conna\u00eetre sa discipline pour cette professeure de violoncelle \u00e0 l&rsquo;\u00c9cole intercommunale de Musique LE CUBE et \u00e0 la Maison de la Musique \u00e0 G\u00e9rardmer.<\/p>\n<p style=\"font-weight: 400;\">Alors d\u00e8s le 1er d\u00e9cembre, amusez-vous \u00e0 cliquer chaque jour sur le bon num\u00e9ro, vous deviendrez vite addict ! Ici, pas moyen de tricher comme avec les chocolats, les cases sont bloqu\u00e9es jusqu&rsquo;au jour J \ud83d\ude42<\/p>\n<p style=\"font-weight: 400;\">Et si la pratique vous int\u00e9resse, allez voir l&rsquo;\u00e9quipe du Cube, toujours enthousiaste \u00e0 faire d\u00e9couvrir l&rsquo;\u00e9cole.<\/p>\n<p style=\"font-weight: 400;\"><strong>Lien vers le calendrier\u00a0:<\/strong><\/p>\n<p style=\"font-weight: 400;\"><u><a href=\"https:\/\/app.myadvent.net\/calendar?id=53m93wpmd8jdtmtaanecllxr7jv4ez4m\" target=\"_blank\" rel=\"noopener\">https:\/\/app.myadvent.net\/calendar?id=53m93wpmd8jdtmtaanecllxr7jv4ez4m<\/a>\u00a0<\/u><\/p>\n","protected":false},"excerpt":{"rendered":"<p>D\u00e9cembre : la p\u00e9riode des f\u00eates, des premiers frimas et&#8230; des calendriers de l&rsquo;avent ! L&rsquo;occasion pour la CCPVM de [&hellip;]<\/p>\n","protected":false},"author":418,"featured_media":71488,"comment_status":"open","ping_status":"open","sticky":false,"template":"","format":"standard","meta":{"footnotes":""},"categories":[20,878,6032,25,328,1163,868,946],"tags":[6168,6169,6170],"class_list":["post-71487","post","type-post","status-publish","format-standard","has-post-thumbnail","hentry","category-a-la-une","category-epinal","category-fetes","category-gerardmer","category-la-plaine-des-vosges","category-musique","category-remiremont","category-saint-die","tag-calendrier-de-lavent","tag-le-cube","tag-violoncelle"],"acf":[],"yoast_head":"<!-- This site is optimized with the Yoast SEO plugin v22.5 - https:\/\/yoast.com\/wordpress\/plugins\/seo\/ -->\n<title>Prisca Hirschler cr\u00e9e un calendrier de l&#039;Avent num\u00e9rique sur le violoncelle - Gerardmer Info<\/title>\n<meta name=\"robots\" content=\"index, follow, max-snippet:-1, max-image-preview:large, max-video-preview:-1\" \/>\n<link rel=\"canonical\" href=\"https:\/\/vosgesinfo.fr\/gerardmerinfo\/2024\/11\/prisca-hirschler-cree-un-calendrier-de-lavent-numerique-sur-le-violoncelle\/\" \/>\n<meta name=\"twitter:card\" content=\"summary_large_image\" \/>\n<meta name=\"twitter:title\" content=\"Prisca Hirschler cr\u00e9e un calendrier de l&#039;Avent num\u00e9rique sur le violoncelle - Gerardmer Info\" \/>\n<meta name=\"twitter:description\" content=\"D\u00e9cembre : la p\u00e9riode des f\u00eates, des premiers frimas et&#8230; des calendriers de l&rsquo;avent ! L&rsquo;occasion pour la CCPVM de [&hellip;]\" \/>\n<meta name=\"twitter:image\" content=\"https:\/\/vosgesinfo.fr\/app\/uploads\/sites\/6\/2024\/11\/violoncelle-.png\" \/>\n<meta name=\"twitter:creator\" content=\"@VosgesInfo88\" \/>\n<meta name=\"twitter:site\" content=\"@VosgesInfo88\" \/>\n<meta name=\"twitter:label1\" content=\"\u00c9crit par\" \/>\n\t<meta name=\"twitter:data1\" content=\"C.M\" \/>\n\t<meta name=\"twitter:label2\" content=\"Dur\u00e9e de lecture estim\u00e9e\" \/>\n\t<meta name=\"twitter:data2\" content=\"1 minute\" \/>\n<script type=\"application\/ld+json\" class=\"yoast-schema-graph\">{\"@context\":\"https:\/\/schema.org\",\"@graph\":[{\"@type\":\"Article\",\"@id\":\"https:\/\/vosgesinfo.fr\/gerardmerinfo\/2024\/11\/prisca-hirschler-cree-un-calendrier-de-lavent-numerique-sur-le-violoncelle\/#article\",\"isPartOf\":{\"@id\":\"https:\/\/vosgesinfo.fr\/gerardmerinfo\/2024\/11\/prisca-hirschler-cree-un-calendrier-de-lavent-numerique-sur-le-violoncelle\/\"},\"author\":{\"name\":\"C.M\",\"@id\":\"https:\/\/vosgesinfo.fr\/gerardmerinfo\/#\/schema\/person\/4f38cd3068e342935b7304695c797d08\"},\"headline\":\"Prisca Hirschler cr\u00e9e un calendrier de l&rsquo;Avent num\u00e9rique sur le violoncelle\",\"datePublished\":\"2024-11-29T09:30:06+00:00\",\"dateModified\":\"2024-11-29T09:30:06+00:00\",\"mainEntityOfPage\":{\"@id\":\"https:\/\/vosgesinfo.fr\/gerardmerinfo\/2024\/11\/prisca-hirschler-cree-un-calendrier-de-lavent-numerique-sur-le-violoncelle\/\"},\"wordCount\":206,\"commentCount\":0,\"publisher\":{\"@id\":\"https:\/\/vosgesinfo.fr\/gerardmerinfo\/#organization\"},\"image\":{\"@id\":\"https:\/\/vosgesinfo.fr\/gerardmerinfo\/2024\/11\/prisca-hirschler-cree-un-calendrier-de-lavent-numerique-sur-le-violoncelle\/#primaryimage\"},\"thumbnailUrl\":\"https:\/\/vosgesinfo.fr\/app\/uploads\/sites\/6\/2024\/11\/violoncelle-.png\",\"keywords\":[\"Calendrier de l'avent\",\"le cube\",\"violoncelle\"],\"articleSection\":[\"A la une\",\"Epinal\",\"F\u00eates\",\"G\u00e9rardmer\",\"La plaine des vosges\",\"Musique\",\"Remiremont\",\"Saint-di\u00e9\"],\"inLanguage\":\"fr-FR\",\"potentialAction\":[{\"@type\":\"CommentAction\",\"name\":\"Comment\",\"target\":[\"https:\/\/vosgesinfo.fr\/gerardmerinfo\/2024\/11\/prisca-hirschler-cree-un-calendrier-de-lavent-numerique-sur-le-violoncelle\/#respond\"]}]},{\"@type\":\"WebPage\",\"@id\":\"https:\/\/vosgesinfo.fr\/gerardmerinfo\/2024\/11\/prisca-hirschler-cree-un-calendrier-de-lavent-numerique-sur-le-violoncelle\/\",\"url\":\"https:\/\/vosgesinfo.fr\/gerardmerinfo\/2024\/11\/prisca-hirschler-cree-un-calendrier-de-lavent-numerique-sur-le-violoncelle\/\",\"name\":\"Prisca Hirschler cr\u00e9e un calendrier de l'Avent num\u00e9rique sur le violoncelle - Gerardmer Info\",\"isPartOf\":{\"@id\":\"https:\/\/vosgesinfo.fr\/gerardmerinfo\/#website\"},\"primaryImageOfPage\":{\"@id\":\"https:\/\/vosgesinfo.fr\/gerardmerinfo\/2024\/11\/prisca-hirschler-cree-un-calendrier-de-lavent-numerique-sur-le-violoncelle\/#primaryimage\"},\"image\":{\"@id\":\"https:\/\/vosgesinfo.fr\/gerardmerinfo\/2024\/11\/prisca-hirschler-cree-un-calendrier-de-lavent-numerique-sur-le-violoncelle\/#primaryimage\"},\"thumbnailUrl\":\"https:\/\/vosgesinfo.fr\/app\/uploads\/sites\/6\/2024\/11\/violoncelle-.png\",\"datePublished\":\"2024-11-29T09:30:06+00:00\",\"dateModified\":\"2024-11-29T09:30:06+00:00\",\"breadcrumb\":{\"@id\":\"https:\/\/vosgesinfo.fr\/gerardmerinfo\/2024\/11\/prisca-hirschler-cree-un-calendrier-de-lavent-numerique-sur-le-violoncelle\/#breadcrumb\"},\"inLanguage\":\"fr-FR\",\"potentialAction\":[{\"@type\":\"ReadAction\",\"target\":[\"https:\/\/vosgesinfo.fr\/gerardmerinfo\/2024\/11\/prisca-hirschler-cree-un-calendrier-de-lavent-numerique-sur-le-violoncelle\/\"]}]},{\"@type\":\"ImageObject\",\"inLanguage\":\"fr-FR\",\"@id\":\"https:\/\/vosgesinfo.fr\/gerardmerinfo\/2024\/11\/prisca-hirschler-cree-un-calendrier-de-lavent-numerique-sur-le-violoncelle\/#primaryimage\",\"url\":\"https:\/\/vosgesinfo.fr\/app\/uploads\/sites\/6\/2024\/11\/violoncelle-.png\",\"contentUrl\":\"https:\/\/vosgesinfo.fr\/app\/uploads\/sites\/6\/2024\/11\/violoncelle-.png\",\"width\":1920,\"height\":1080},{\"@type\":\"BreadcrumbList\",\"@id\":\"https:\/\/vosgesinfo.fr\/gerardmerinfo\/2024\/11\/prisca-hirschler-cree-un-calendrier-de-lavent-numerique-sur-le-violoncelle\/#breadcrumb\",\"itemListElement\":[{\"@type\":\"ListItem\",\"position\":1,\"name\":\"Home\",\"item\":\"https:\/\/vosgesinfo.fr\/gerardmerinfo\/\"},{\"@type\":\"ListItem\",\"position\":2,\"name\":\"Prisca Hirschler cr\u00e9e un calendrier de l&rsquo;Avent num\u00e9rique sur le violoncelle\"}]},{\"@type\":\"WebSite\",\"@id\":\"https:\/\/vosgesinfo.fr\/gerardmerinfo\/#website\",\"url\":\"https:\/\/vosgesinfo.fr\/gerardmerinfo\/\",\"name\":\"Gerardmer Info\",\"description\":\"Toute l&#039;actualit\u00e9 de G\u00e9rardmer\",\"publisher\":{\"@id\":\"https:\/\/vosgesinfo.fr\/gerardmerinfo\/#organization\"},\"alternateName\":\"Toute l'actualit\u00e9 de G\u00e9rardmer\",\"potentialAction\":[{\"@type\":\"SearchAction\",\"target\":{\"@type\":\"EntryPoint\",\"urlTemplate\":\"https:\/\/vosgesinfo.fr\/gerardmerinfo\/?s={search_term_string}\"},\"query-input\":\"required name=search_term_string\"}],\"inLanguage\":\"fr-FR\"},{\"@type\":\"Organization\",\"@id\":\"https:\/\/vosgesinfo.fr\/gerardmerinfo\/#organization\",\"name\":\"Gerardmer Info\",\"url\":\"https:\/\/vosgesinfo.fr\/gerardmerinfo\/\",\"logo\":{\"@type\":\"ImageObject\",\"inLanguage\":\"fr-FR\",\"@id\":\"https:\/\/vosgesinfo.fr\/gerardmerinfo\/#\/schema\/logo\/image\/\",\"url\":\"https:\/\/vosgesinfo.fr\/app\/uploads\/sites\/6\/2023\/08\/favicon-gerardmerinfo.png\",\"contentUrl\":\"https:\/\/vosgesinfo.fr\/app\/uploads\/sites\/6\/2023\/08\/favicon-gerardmerinfo.png\",\"width\":512,\"height\":512,\"caption\":\"Gerardmer Info\"},\"image\":{\"@id\":\"https:\/\/vosgesinfo.fr\/gerardmerinfo\/#\/schema\/logo\/image\/\"},\"sameAs\":[\"https:\/\/www.facebook.com\/profile.php?id=100049475262660\",\"https:\/\/x.com\/VosgesInfo88\",\"https:\/\/www.youtube.com\/@vosgesinfo\"]},{\"@type\":\"Person\",\"@id\":\"https:\/\/vosgesinfo.fr\/gerardmerinfo\/#\/schema\/person\/4f38cd3068e342935b7304695c797d08\",\"name\":\"C.M\",\"image\":{\"@type\":\"ImageObject\",\"inLanguage\":\"fr-FR\",\"@id\":\"https:\/\/vosgesinfo.fr\/gerardmerinfo\/#\/schema\/person\/image\/\",\"url\":\"https:\/\/secure.gravatar.com\/avatar\/fe9daaef0164d920717484172682f3c5c9bcf7d42aa8c7048c76c34f0eb6c8da?s=96&d=mm&r=g\",\"contentUrl\":\"https:\/\/secure.gravatar.com\/avatar\/fe9daaef0164d920717484172682f3c5c9bcf7d42aa8c7048c76c34f0eb6c8da?s=96&d=mm&r=g\",\"caption\":\"C.M\"},\"url\":\"https:\/\/vosgesinfo.fr\/gerardmerinfo\/author\/cm88200\/\"}]}<\/script>\n<!-- \/ Yoast SEO plugin. -->","yoast_head_json":{"title":"Prisca Hirschler cr\u00e9e un calendrier de l'Avent num\u00e9rique sur le violoncelle - Gerardmer Info","robots":{"index":"index","follow":"follow","max-snippet":"max-snippet:-1","max-image-preview":"max-image-preview:large","max-video-preview":"max-video-preview:-1"},"canonical":"https:\/\/vosgesinfo.fr\/gerardmerinfo\/2024\/11\/prisca-hirschler-cree-un-calendrier-de-lavent-numerique-sur-le-violoncelle\/","twitter_card":"summary_large_image","twitter_title":"Prisca Hirschler cr\u00e9e un calendrier de l'Avent num\u00e9rique sur le violoncelle - Gerardmer Info","twitter_description":"D\u00e9cembre : la p\u00e9riode des f\u00eates, des premiers frimas et&#8230; des calendriers de l&rsquo;avent ! L&rsquo;occasion pour la CCPVM de [&hellip;]","twitter_image":"https:\/\/vosgesinfo.fr\/app\/uploads\/sites\/6\/2024\/11\/violoncelle-.png","twitter_creator":"@VosgesInfo88","twitter_site":"@VosgesInfo88","twitter_misc":{"\u00c9crit par":"C.M","Dur\u00e9e de lecture estim\u00e9e":"1 minute"},"schema":{"@context":"https:\/\/schema.org","@graph":[{"@type":"Article","@id":"https:\/\/vosgesinfo.fr\/gerardmerinfo\/2024\/11\/prisca-hirschler-cree-un-calendrier-de-lavent-numerique-sur-le-violoncelle\/#article","isPartOf":{"@id":"https:\/\/vosgesinfo.fr\/gerardmerinfo\/2024\/11\/prisca-hirschler-cree-un-calendrier-de-lavent-numerique-sur-le-violoncelle\/"},"author":{"name":"C.M","@id":"https:\/\/vosgesinfo.fr\/gerardmerinfo\/#\/schema\/person\/4f38cd3068e342935b7304695c797d08"},"headline":"Prisca Hirschler cr\u00e9e un calendrier de l&rsquo;Avent num\u00e9rique sur le violoncelle","datePublished":"2024-11-29T09:30:06+00:00","dateModified":"2024-11-29T09:30:06+00:00","mainEntityOfPage":{"@id":"https:\/\/vosgesinfo.fr\/gerardmerinfo\/2024\/11\/prisca-hirschler-cree-un-calendrier-de-lavent-numerique-sur-le-violoncelle\/"},"wordCount":206,"commentCount":0,"publisher":{"@id":"https:\/\/vosgesinfo.fr\/gerardmerinfo\/#organization"},"image":{"@id":"https:\/\/vosgesinfo.fr\/gerardmerinfo\/2024\/11\/prisca-hirschler-cree-un-calendrier-de-lavent-numerique-sur-le-violoncelle\/#primaryimage"},"thumbnailUrl":"https:\/\/vosgesinfo.fr\/app\/uploads\/sites\/6\/2024\/11\/violoncelle-.png","keywords":["Calendrier de l'avent","le cube","violoncelle"],"articleSection":["A la une","Epinal","F\u00eates","G\u00e9rardmer","La plaine des vosges","Musique","Remiremont","Saint-di\u00e9"],"inLanguage":"fr-FR","potentialAction":[{"@type":"CommentAction","name":"Comment","target":["https:\/\/vosgesinfo.fr\/gerardmerinfo\/2024\/11\/prisca-hirschler-cree-un-calendrier-de-lavent-numerique-sur-le-violoncelle\/#respond"]}]},{"@type":"WebPage","@id":"https:\/\/vosgesinfo.fr\/gerardmerinfo\/2024\/11\/prisca-hirschler-cree-un-calendrier-de-lavent-numerique-sur-le-violoncelle\/","url":"https:\/\/vosgesinfo.fr\/gerardmerinfo\/2024\/11\/prisca-hirschler-cree-un-calendrier-de-lavent-numerique-sur-le-violoncelle\/","name":"Prisca Hirschler cr\u00e9e un calendrier de l'Avent num\u00e9rique sur le violoncelle - Gerardmer Info","isPartOf":{"@id":"https:\/\/vosgesinfo.fr\/gerardmerinfo\/#website"},"primaryImageOfPage":{"@id":"https:\/\/vosgesinfo.fr\/gerardmerinfo\/2024\/11\/prisca-hirschler-cree-un-calendrier-de-lavent-numerique-sur-le-violoncelle\/#primaryimage"},"image":{"@id":"https:\/\/vosgesinfo.fr\/gerardmerinfo\/2024\/11\/prisca-hirschler-cree-un-calendrier-de-lavent-numerique-sur-le-violoncelle\/#primaryimage"},"thumbnailUrl":"https:\/\/vosgesinfo.fr\/app\/uploads\/sites\/6\/2024\/11\/violoncelle-.png","datePublished":"2024-11-29T09:30:06+00:00","dateModified":"2024-11-29T09:30:06+00:00","breadcrumb":{"@id":"https:\/\/vosgesinfo.fr\/gerardmerinfo\/2024\/11\/prisca-hirschler-cree-un-calendrier-de-lavent-numerique-sur-le-violoncelle\/#breadcrumb"},"inLanguage":"fr-FR","potentialAction":[{"@type":"ReadAction","target":["https:\/\/vosgesinfo.fr\/gerardmerinfo\/2024\/11\/prisca-hirschler-cree-un-calendrier-de-lavent-numerique-sur-le-violoncelle\/"]}]},{"@type":"ImageObject","inLanguage":"fr-FR","@id":"https:\/\/vosgesinfo.fr\/gerardmerinfo\/2024\/11\/prisca-hirschler-cree-un-calendrier-de-lavent-numerique-sur-le-violoncelle\/#primaryimage","url":"https:\/\/vosgesinfo.fr\/app\/uploads\/sites\/6\/2024\/11\/violoncelle-.png","contentUrl":"https:\/\/vosgesinfo.fr\/app\/uploads\/sites\/6\/2024\/11\/violoncelle-.png","width":1920,"height":1080},{"@type":"BreadcrumbList","@id":"https:\/\/vosgesinfo.fr\/gerardmerinfo\/2024\/11\/prisca-hirschler-cree-un-calendrier-de-lavent-numerique-sur-le-violoncelle\/#breadcrumb","itemListElement":[{"@type":"ListItem","position":1,"name":"Home","item":"https:\/\/vosgesinfo.fr\/gerardmerinfo\/"},{"@type":"ListItem","position":2,"name":"Prisca Hirschler cr\u00e9e un calendrier de l&rsquo;Avent num\u00e9rique sur le violoncelle"}]},{"@type":"WebSite","@id":"https:\/\/vosgesinfo.fr\/gerardmerinfo\/#website","url":"https:\/\/vosgesinfo.fr\/gerardmerinfo\/","name":"Gerardmer Info","description":"Toute l&#039;actualit\u00e9 de G\u00e9rardmer","publisher":{"@id":"https:\/\/vosgesinfo.fr\/gerardmerinfo\/#organization"},"alternateName":"Toute l'actualit\u00e9 de G\u00e9rardmer","potentialAction":[{"@type":"SearchAction","target":{"@type":"EntryPoint","urlTemplate":"https:\/\/vosgesinfo.fr\/gerardmerinfo\/?s={search_term_string}"},"query-input":"required name=search_term_string"}],"inLanguage":"fr-FR"},{"@type":"Organization","@id":"https:\/\/vosgesinfo.fr\/gerardmerinfo\/#organization","name":"Gerardmer Info","url":"https:\/\/vosgesinfo.fr\/gerardmerinfo\/","logo":{"@type":"ImageObject","inLanguage":"fr-FR","@id":"https:\/\/vosgesinfo.fr\/gerardmerinfo\/#\/schema\/logo\/image\/","url":"https:\/\/vosgesinfo.fr\/app\/uploads\/sites\/6\/2023\/08\/favicon-gerardmerinfo.png","contentUrl":"https:\/\/vosgesinfo.fr\/app\/uploads\/sites\/6\/2023\/08\/favicon-gerardmerinfo.png","width":512,"height":512,"caption":"Gerardmer Info"},"image":{"@id":"https:\/\/vosgesinfo.fr\/gerardmerinfo\/#\/schema\/logo\/image\/"},"sameAs":["https:\/\/www.facebook.com\/profile.php?id=100049475262660","https:\/\/x.com\/VosgesInfo88","https:\/\/www.youtube.com\/@vosgesinfo"]},{"@type":"Person","@id":"https:\/\/vosgesinfo.fr\/gerardmerinfo\/#\/schema\/person\/4f38cd3068e342935b7304695c797d08","name":"C.M","image":{"@type":"ImageObject","inLanguage":"fr-FR","@id":"https:\/\/vosgesinfo.fr\/gerardmerinfo\/#\/schema\/person\/image\/","url":"https:\/\/secure.gravatar.com\/avatar\/fe9daaef0164d920717484172682f3c5c9bcf7d42aa8c7048c76c34f0eb6c8da?s=96&d=mm&r=g","contentUrl":"https:\/\/secure.gravatar.com\/avatar\/fe9daaef0164d920717484172682f3c5c9bcf7d42aa8c7048c76c34f0eb6c8da?s=96&d=mm&r=g","caption":"C.M"},"url":"https:\/\/vosgesinfo.fr\/gerardmerinfo\/author\/cm88200\/"}]}},"_links":{"self":[{"href":"https:\/\/vosgesinfo.fr\/gerardmerinfo\/wp-json\/wp\/v2\/posts\/71487","targetHints":{"allow":["GET"]}}],"collection":[{"href":"https:\/\/vosgesinfo.fr\/gerardmerinfo\/wp-json\/wp\/v2\/posts"}],"about":[{"href":"https:\/\/vosgesinfo.fr\/gerardmerinfo\/wp-json\/wp\/v2\/types\/post"}],"author":[{"embeddable":true,"href":"https:\/\/vosgesinfo.fr\/gerardmerinfo\/wp-json\/wp\/v2\/users\/418"}],"replies":[{"embeddable":true,"href":"https:\/\/vosgesinfo.fr\/gerardmerinfo\/wp-json\/wp\/v2\/comments?post=71487"}],"version-history":[{"count":0,"href":"https:\/\/vosgesinfo.fr\/gerardmerinfo\/wp-json\/wp\/v2\/posts\/71487\/revisions"}],"wp:featuredmedia":[{"embeddable":true,"href":"https:\/\/vosgesinfo.fr\/gerardmerinfo\/wp-json\/wp\/v2\/media\/71488"}],"wp:attachment":[{"href":"https:\/\/vosgesinfo.fr\/gerardmerinfo\/wp-json\/wp\/v2\/media?parent=71487"}],"wp:term":[{"taxonomy":"category","embeddable":true,"href":"https:\/\/vosgesinfo.fr\/gerardmerinfo\/wp-json\/wp\/v2\/categories?post=71487"},{"taxonomy":"post_tag","embeddable":true,"href":"https:\/\/vosgesinfo.fr\/gerardmerinfo\/wp-json\/wp\/v2\/tags?post=71487"}],"curies":[{"name":"wp","href":"https:\/\/api.w.org\/{rel}","templated":true}]}}