{"id":71620,"date":"2024-12-03T06:07:55","date_gmt":"2024-12-03T05:07:55","guid":{"rendered":"https:\/\/vosgesinfo.fr\/gerardmerinfo\/?p=71620"},"modified":"2024-12-02T22:28:50","modified_gmt":"2024-12-02T21:28:50","slug":"un-piano-dans-les-etoiles-un-titre-de-livre-qui-fait-rever","status":"publish","type":"post","link":"https:\/\/vosgesinfo.fr\/gerardmerinfo\/2024\/12\/un-piano-dans-les-etoiles-un-titre-de-livre-qui-fait-rever\/","title":{"rendered":"Un Piano dans les \u00c9toiles\u2026 Un titre de livre qui fait r\u00eaver"},"content":{"rendered":"<h3><a href=\"https:\/\/vosgesinfo.fr\/app\/uploads\/sites\/6\/2024\/12\/lancement-du-dernier-livre-jc-aiguier-29.11-6-scaled.jpg\"><img decoding=\"async\" class=\"aligncenter size-large wp-image-71622\" src=\"https:\/\/vosgesinfo.fr\/app\/uploads\/sites\/6\/2024\/12\/lancement-du-dernier-livre-jc-aiguier-29.11-6-1024x768.jpg\" alt=\"\" width=\"1024\" height=\"768\" srcset=\"https:\/\/vosgesinfo.fr\/app\/uploads\/sites\/6\/2024\/12\/lancement-du-dernier-livre-jc-aiguier-29.11-6-1024x768.jpg 1024w, https:\/\/vosgesinfo.fr\/app\/uploads\/sites\/6\/2024\/12\/lancement-du-dernier-livre-jc-aiguier-29.11-6-300x225.jpg 300w, https:\/\/vosgesinfo.fr\/app\/uploads\/sites\/6\/2024\/12\/lancement-du-dernier-livre-jc-aiguier-29.11-6-768x576.jpg 768w, https:\/\/vosgesinfo.fr\/app\/uploads\/sites\/6\/2024\/12\/lancement-du-dernier-livre-jc-aiguier-29.11-6-1536x1152.jpg 1536w, https:\/\/vosgesinfo.fr\/app\/uploads\/sites\/6\/2024\/12\/lancement-du-dernier-livre-jc-aiguier-29.11-6-2048x1536.jpg 2048w\" sizes=\"(max-width: 1024px) 100vw, 1024px\" \/><\/a><\/h3>\n<p>&nbsp;<\/p>\n<h3>Son lancement\u2026 C\u2019est le jour \u2019\u2019 J\u2019\u2019 de la vie d\u2019un livre, et pas n\u2019importe lequel ! En effet, il s\u2019agit d\u2019un nouvel ouvrage r\u00e9alis\u00e9 par le talentueux \u2018\u2019Ma\u00eetre des Cuisines \u2018\u2019 : Jean-Claude Aiguier.<\/h3>\n<p>&nbsp;<\/p>\n<p>Cet \u00e9v\u00e8nement s\u2019est d\u00e9roul\u00e9 dans un endroit terriblement sympathique, parfaitement adapt\u00e9 pour ce type de r\u00e9ception : au Relais et Ch\u00e2teaux Les Bas-Rupts \u00e0 G\u00e9rardmer. Autour de Jean-Claude, ses enfants, \u00e9norm\u00e9ment d\u2019amis, ses copains cuisiniers, tous de talent, la presse \u00e9crite et quelques personnalit\u00e9s : Michel Philippe, des maires et de Fran\u00e7ois Vannson, le pr\u00e9sident du Conseil D\u00e9partemental. Tous, sans exception, se sont d\u00e9plac\u00e9s pour f\u00e9liciter Jean-Claude et prouver leur int\u00e9r\u00eat pour ce livre \u00e9tonnant et oh combien chaleureux et tellement vrai !<\/p>\n<p><a href=\"https:\/\/vosgesinfo.fr\/app\/uploads\/sites\/6\/2024\/12\/lancement-du-dernier-livre-jc-aiguier-29.11-7-scaled.jpg\"><img decoding=\"async\" class=\"alignright size-medium wp-image-71624\" src=\"https:\/\/vosgesinfo.fr\/app\/uploads\/sites\/6\/2024\/12\/lancement-du-dernier-livre-jc-aiguier-29.11-7-225x300.jpg\" alt=\"\" width=\"225\" height=\"300\" srcset=\"https:\/\/vosgesinfo.fr\/app\/uploads\/sites\/6\/2024\/12\/lancement-du-dernier-livre-jc-aiguier-29.11-7-225x300.jpg 225w, https:\/\/vosgesinfo.fr\/app\/uploads\/sites\/6\/2024\/12\/lancement-du-dernier-livre-jc-aiguier-29.11-7-768x1024.jpg 768w, https:\/\/vosgesinfo.fr\/app\/uploads\/sites\/6\/2024\/12\/lancement-du-dernier-livre-jc-aiguier-29.11-7-1152x1536.jpg 1152w, https:\/\/vosgesinfo.fr\/app\/uploads\/sites\/6\/2024\/12\/lancement-du-dernier-livre-jc-aiguier-29.11-7-1536x2048.jpg 1536w, https:\/\/vosgesinfo.fr\/app\/uploads\/sites\/6\/2024\/12\/lancement-du-dernier-livre-jc-aiguier-29.11-7-scaled.jpg 1920w\" sizes=\"(max-width: 225px) 100vw, 225px\" \/><\/a>Dans sa communication, Jean-Claude Aiguier a insist\u00e9 sur sa passion des arts de la table. Il a \u00e9voqu\u00e9 chaque page o\u00f9 filtre ses souvenirs, les anecdotes, les \u00e9motions\u2026 Bref, que des moments forts. En r\u00e9sum\u00e9, c\u2019est l\u2019histoire brillante d\u2019une vie, d\u2019un couple passionn\u00e9 au service du client et surtout de la gastronomie. Jean-Claude a bien s\u00fbr insist\u00e9 sur la pr\u00e9sence indispensable de Francine. \u00ab C\u2019est elle qui a donn\u00e9 un sens, une \u00e2me \u00e0 cette aventure et je lui dois beaucoup. \u00bb<\/p>\n<p>Tout cela devant un auditoire respectueux et conquis. Il est vrai que la vedette du jour n\u2019avait plus grand-chose \u00e0 d\u00e9montrer ! Fran\u00e7ois Vannson, amateur de v\u00e9ritable et bonne cuisine, a prononc\u00e9 quelques mots fort sympathiques \u00e0 l\u2019encontre de son ami, tout en y associant son \u00e9pouse h\u00e9las disparue. \u00ab Elle \u00e9tait extraordinaire et bien entendu toujours pr\u00e9sente. \u00bb Et de constater que Jean-Claude a su transformer la cuisine vosgienne en lui apportant son talent, une rigueur, un certain feeling tout en l\u2019imposant au travers de ses voyages et de ses diff\u00e9rents \u00e9tablissements o\u00f9 il a excell\u00e9.<\/p>\n<p><a href=\"https:\/\/vosgesinfo.fr\/app\/uploads\/sites\/6\/2024\/12\/lancement-du-dernier-livre-jc-aiguier-29.11-2-scaled.jpg\"><img decoding=\"async\" class=\"alignright size-medium wp-image-71623\" src=\"https:\/\/vosgesinfo.fr\/app\/uploads\/sites\/6\/2024\/12\/lancement-du-dernier-livre-jc-aiguier-29.11-2-225x300.jpg\" alt=\"\" width=\"225\" height=\"300\" srcset=\"https:\/\/vosgesinfo.fr\/app\/uploads\/sites\/6\/2024\/12\/lancement-du-dernier-livre-jc-aiguier-29.11-2-225x300.jpg 225w, https:\/\/vosgesinfo.fr\/app\/uploads\/sites\/6\/2024\/12\/lancement-du-dernier-livre-jc-aiguier-29.11-2-768x1024.jpg 768w, https:\/\/vosgesinfo.fr\/app\/uploads\/sites\/6\/2024\/12\/lancement-du-dernier-livre-jc-aiguier-29.11-2-1152x1536.jpg 1152w, https:\/\/vosgesinfo.fr\/app\/uploads\/sites\/6\/2024\/12\/lancement-du-dernier-livre-jc-aiguier-29.11-2-1536x2048.jpg 1536w, https:\/\/vosgesinfo.fr\/app\/uploads\/sites\/6\/2024\/12\/lancement-du-dernier-livre-jc-aiguier-29.11-2-scaled.jpg 1920w\" sizes=\"(max-width: 225px) 100vw, 225px\" \/><\/a>\u00ab Bref, Jean-Claude est un r\u00e9f\u00e9rent\u2026 Une cath\u00e9drale, une pi\u00e8ce mont\u00e9e dans le Grand Est ! Sans oublier la mise \u00e0 disposition de son savoir et de son exp\u00e9rience pour former des jeunes qui sont aujourd\u2019hui de v\u00e9ritables chefs d\u2019entreprise au service de la cuisine fran\u00e7aise. \u00bb Pour terminer son intervention, le pr\u00e9sident lui a remis la M\u00e9daille d\u2019Or du D\u00e9partement. Une r\u00e9compense prestigieuse et \u00f4 combien rare. Une s\u00e9ance de d\u00e9dicaces toutes personnalis\u00e9es a cl\u00f4tur\u00e9 ce petit \u00e9v\u00e9nement litt\u00e9raire dans une atmosph\u00e8re parfaitement conviviale.<\/p>\n<p>Un merveilleux livre \u00e0 recommander, plein d\u2019anecdotes, de souvenirs, de recettes faciles \u00e0 ex\u00e9cuter m\u00eame \u00e0 la maison pour ce cuisinier hors norme, \u00e9toil\u00e9\u2026 D\u2019ailleurs, la p\u00e9dagogie est aussi une recette !<\/p>\n<p>Rappel : <em>Un Piano dans les Etoiles<\/em> par Jean-Claude Aiguier &#8211; La saga d\u2019un couple passionn\u00e9.<\/p>\n<p>Aux \u00e9ditions G\u00e9rard Louis.<\/p>\n","protected":false},"excerpt":{"rendered":"<p>&nbsp; Son lancement\u2026 C\u2019est le jour \u2019\u2019 J\u2019\u2019 de la vie d\u2019un livre, et pas n\u2019importe lequel ! En effet, [&hellip;]<\/p>\n","protected":false},"author":391,"featured_media":71622,"comment_status":"open","ping_status":"open","sticky":false,"template":"","format":"standard","meta":{"footnotes":""},"categories":[20,64,18],"tags":[6186],"class_list":["post-71620","post","type-post","status-publish","format-standard","has-post-thumbnail","hentry","category-a-la-une","category-litterature","category-vosges","tag-jean-claude-aiguier"],"acf":[],"yoast_head":"<!-- This site is optimized with the Yoast SEO plugin v22.5 - https:\/\/yoast.com\/wordpress\/plugins\/seo\/ -->\n<title>Un Piano dans les \u00c9toiles\u2026 Un titre de livre qui fait r\u00eaver - Gerardmer Info<\/title>\n<meta name=\"robots\" content=\"index, follow, max-snippet:-1, max-image-preview:large, max-video-preview:-1\" \/>\n<link rel=\"canonical\" href=\"https:\/\/vosgesinfo.fr\/gerardmerinfo\/2024\/12\/un-piano-dans-les-etoiles-un-titre-de-livre-qui-fait-rever\/\" \/>\n<meta name=\"twitter:card\" content=\"summary_large_image\" \/>\n<meta name=\"twitter:title\" content=\"Un Piano dans les \u00c9toiles\u2026 Un titre de livre qui fait r\u00eaver - Gerardmer Info\" \/>\n<meta name=\"twitter:description\" content=\"&nbsp; Son lancement\u2026 C\u2019est le jour \u2019\u2019 J\u2019\u2019 de la vie d\u2019un livre, et pas n\u2019importe lequel ! En effet, [&hellip;]\" \/>\n<meta name=\"twitter:image\" content=\"https:\/\/vosgesinfo.fr\/app\/uploads\/sites\/6\/2024\/12\/lancement-du-dernier-livre-jc-aiguier-29.11-6-scaled.jpg\" \/>\n<meta name=\"twitter:creator\" content=\"@VosgesInfo88\" \/>\n<meta name=\"twitter:site\" content=\"@VosgesInfo88\" \/>\n<meta name=\"twitter:label1\" content=\"\u00c9crit par\" \/>\n\t<meta name=\"twitter:data1\" content=\"La redaction\" \/>\n\t<meta name=\"twitter:label2\" content=\"Dur\u00e9e de lecture estim\u00e9e\" \/>\n\t<meta name=\"twitter:data2\" content=\"3 minutes\" \/>\n<script type=\"application\/ld+json\" class=\"yoast-schema-graph\">{\"@context\":\"https:\/\/schema.org\",\"@graph\":[{\"@type\":\"Article\",\"@id\":\"https:\/\/vosgesinfo.fr\/gerardmerinfo\/2024\/12\/un-piano-dans-les-etoiles-un-titre-de-livre-qui-fait-rever\/#article\",\"isPartOf\":{\"@id\":\"https:\/\/vosgesinfo.fr\/gerardmerinfo\/2024\/12\/un-piano-dans-les-etoiles-un-titre-de-livre-qui-fait-rever\/\"},\"author\":{\"name\":\"La redaction\",\"@id\":\"https:\/\/vosgesinfo.fr\/gerardmerinfo\/#\/schema\/person\/27a3695b06db98895b354c0765cdfc31\"},\"headline\":\"Un Piano dans les \u00c9toiles\u2026 Un titre de livre qui fait r\u00eaver\",\"datePublished\":\"2024-12-03T05:07:55+00:00\",\"dateModified\":\"2024-12-02T21:28:50+00:00\",\"mainEntityOfPage\":{\"@id\":\"https:\/\/vosgesinfo.fr\/gerardmerinfo\/2024\/12\/un-piano-dans-les-etoiles-un-titre-de-livre-qui-fait-rever\/\"},\"wordCount\":493,\"commentCount\":1,\"publisher\":{\"@id\":\"https:\/\/vosgesinfo.fr\/gerardmerinfo\/#organization\"},\"image\":{\"@id\":\"https:\/\/vosgesinfo.fr\/gerardmerinfo\/2024\/12\/un-piano-dans-les-etoiles-un-titre-de-livre-qui-fait-rever\/#primaryimage\"},\"thumbnailUrl\":\"https:\/\/vosgesinfo.fr\/app\/uploads\/sites\/6\/2024\/12\/lancement-du-dernier-livre-jc-aiguier-29.11-6-scaled.jpg\",\"keywords\":[\"Jean-Claude Aiguier\"],\"articleSection\":[\"A la une\",\"Litt\u00e9rature\",\"Vosges\"],\"inLanguage\":\"fr-FR\",\"potentialAction\":[{\"@type\":\"CommentAction\",\"name\":\"Comment\",\"target\":[\"https:\/\/vosgesinfo.fr\/gerardmerinfo\/2024\/12\/un-piano-dans-les-etoiles-un-titre-de-livre-qui-fait-rever\/#respond\"]}]},{\"@type\":\"WebPage\",\"@id\":\"https:\/\/vosgesinfo.fr\/gerardmerinfo\/2024\/12\/un-piano-dans-les-etoiles-un-titre-de-livre-qui-fait-rever\/\",\"url\":\"https:\/\/vosgesinfo.fr\/gerardmerinfo\/2024\/12\/un-piano-dans-les-etoiles-un-titre-de-livre-qui-fait-rever\/\",\"name\":\"Un Piano dans les \u00c9toiles\u2026 Un titre de livre qui fait r\u00eaver - Gerardmer Info\",\"isPartOf\":{\"@id\":\"https:\/\/vosgesinfo.fr\/gerardmerinfo\/#website\"},\"primaryImageOfPage\":{\"@id\":\"https:\/\/vosgesinfo.fr\/gerardmerinfo\/2024\/12\/un-piano-dans-les-etoiles-un-titre-de-livre-qui-fait-rever\/#primaryimage\"},\"image\":{\"@id\":\"https:\/\/vosgesinfo.fr\/gerardmerinfo\/2024\/12\/un-piano-dans-les-etoiles-un-titre-de-livre-qui-fait-rever\/#primaryimage\"},\"thumbnailUrl\":\"https:\/\/vosgesinfo.fr\/app\/uploads\/sites\/6\/2024\/12\/lancement-du-dernier-livre-jc-aiguier-29.11-6-scaled.jpg\",\"datePublished\":\"2024-12-03T05:07:55+00:00\",\"dateModified\":\"2024-12-02T21:28:50+00:00\",\"breadcrumb\":{\"@id\":\"https:\/\/vosgesinfo.fr\/gerardmerinfo\/2024\/12\/un-piano-dans-les-etoiles-un-titre-de-livre-qui-fait-rever\/#breadcrumb\"},\"inLanguage\":\"fr-FR\",\"potentialAction\":[{\"@type\":\"ReadAction\",\"target\":[\"https:\/\/vosgesinfo.fr\/gerardmerinfo\/2024\/12\/un-piano-dans-les-etoiles-un-titre-de-livre-qui-fait-rever\/\"]}]},{\"@type\":\"ImageObject\",\"inLanguage\":\"fr-FR\",\"@id\":\"https:\/\/vosgesinfo.fr\/gerardmerinfo\/2024\/12\/un-piano-dans-les-etoiles-un-titre-de-livre-qui-fait-rever\/#primaryimage\",\"url\":\"https:\/\/vosgesinfo.fr\/app\/uploads\/sites\/6\/2024\/12\/lancement-du-dernier-livre-jc-aiguier-29.11-6-scaled.jpg\",\"contentUrl\":\"https:\/\/vosgesinfo.fr\/app\/uploads\/sites\/6\/2024\/12\/lancement-du-dernier-livre-jc-aiguier-29.11-6-scaled.jpg\",\"width\":2560,\"height\":1920},{\"@type\":\"BreadcrumbList\",\"@id\":\"https:\/\/vosgesinfo.fr\/gerardmerinfo\/2024\/12\/un-piano-dans-les-etoiles-un-titre-de-livre-qui-fait-rever\/#breadcrumb\",\"itemListElement\":[{\"@type\":\"ListItem\",\"position\":1,\"name\":\"Home\",\"item\":\"https:\/\/vosgesinfo.fr\/gerardmerinfo\/\"},{\"@type\":\"ListItem\",\"position\":2,\"name\":\"Un Piano dans les \u00c9toiles\u2026 Un titre de livre qui fait r\u00eaver\"}]},{\"@type\":\"WebSite\",\"@id\":\"https:\/\/vosgesinfo.fr\/gerardmerinfo\/#website\",\"url\":\"https:\/\/vosgesinfo.fr\/gerardmerinfo\/\",\"name\":\"Gerardmer Info\",\"description\":\"Toute l&#039;actualit\u00e9 de G\u00e9rardmer\",\"publisher\":{\"@id\":\"https:\/\/vosgesinfo.fr\/gerardmerinfo\/#organization\"},\"alternateName\":\"Toute l'actualit\u00e9 de G\u00e9rardmer\",\"potentialAction\":[{\"@type\":\"SearchAction\",\"target\":{\"@type\":\"EntryPoint\",\"urlTemplate\":\"https:\/\/vosgesinfo.fr\/gerardmerinfo\/?s={search_term_string}\"},\"query-input\":\"required name=search_term_string\"}],\"inLanguage\":\"fr-FR\"},{\"@type\":\"Organization\",\"@id\":\"https:\/\/vosgesinfo.fr\/gerardmerinfo\/#organization\",\"name\":\"Gerardmer Info\",\"url\":\"https:\/\/vosgesinfo.fr\/gerardmerinfo\/\",\"logo\":{\"@type\":\"ImageObject\",\"inLanguage\":\"fr-FR\",\"@id\":\"https:\/\/vosgesinfo.fr\/gerardmerinfo\/#\/schema\/logo\/image\/\",\"url\":\"https:\/\/vosgesinfo.fr\/app\/uploads\/sites\/6\/2023\/08\/favicon-gerardmerinfo.png\",\"contentUrl\":\"https:\/\/vosgesinfo.fr\/app\/uploads\/sites\/6\/2023\/08\/favicon-gerardmerinfo.png\",\"width\":512,\"height\":512,\"caption\":\"Gerardmer Info\"},\"image\":{\"@id\":\"https:\/\/vosgesinfo.fr\/gerardmerinfo\/#\/schema\/logo\/image\/\"},\"sameAs\":[\"https:\/\/www.facebook.com\/profile.php?id=100049475262660\",\"https:\/\/x.com\/VosgesInfo88\",\"https:\/\/www.youtube.com\/@vosgesinfo\"]},{\"@type\":\"Person\",\"@id\":\"https:\/\/vosgesinfo.fr\/gerardmerinfo\/#\/schema\/person\/27a3695b06db98895b354c0765cdfc31\",\"name\":\"La redaction\",\"image\":{\"@type\":\"ImageObject\",\"inLanguage\":\"fr-FR\",\"@id\":\"https:\/\/vosgesinfo.fr\/gerardmerinfo\/#\/schema\/person\/image\/\",\"url\":\"https:\/\/secure.gravatar.com\/avatar\/64c76a78e501cedee55736f43f332df901e1896ae9cd8fad269ae2236dd0e8b6?s=96&d=mm&r=g\",\"contentUrl\":\"https:\/\/secure.gravatar.com\/avatar\/64c76a78e501cedee55736f43f332df901e1896ae9cd8fad269ae2236dd0e8b6?s=96&d=mm&r=g\",\"caption\":\"La redaction\"},\"url\":\"https:\/\/vosgesinfo.fr\/gerardmerinfo\/author\/la-redaction\/\"}]}<\/script>\n<!-- \/ Yoast SEO plugin. -->","yoast_head_json":{"title":"Un Piano dans les \u00c9toiles\u2026 Un titre de livre qui fait r\u00eaver - Gerardmer Info","robots":{"index":"index","follow":"follow","max-snippet":"max-snippet:-1","max-image-preview":"max-image-preview:large","max-video-preview":"max-video-preview:-1"},"canonical":"https:\/\/vosgesinfo.fr\/gerardmerinfo\/2024\/12\/un-piano-dans-les-etoiles-un-titre-de-livre-qui-fait-rever\/","twitter_card":"summary_large_image","twitter_title":"Un Piano dans les \u00c9toiles\u2026 Un titre de livre qui fait r\u00eaver - Gerardmer Info","twitter_description":"&nbsp; Son lancement\u2026 C\u2019est le jour \u2019\u2019 J\u2019\u2019 de la vie d\u2019un livre, et pas n\u2019importe lequel ! En effet, [&hellip;]","twitter_image":"https:\/\/vosgesinfo.fr\/app\/uploads\/sites\/6\/2024\/12\/lancement-du-dernier-livre-jc-aiguier-29.11-6-scaled.jpg","twitter_creator":"@VosgesInfo88","twitter_site":"@VosgesInfo88","twitter_misc":{"\u00c9crit par":"La redaction","Dur\u00e9e de lecture estim\u00e9e":"3 minutes"},"schema":{"@context":"https:\/\/schema.org","@graph":[{"@type":"Article","@id":"https:\/\/vosgesinfo.fr\/gerardmerinfo\/2024\/12\/un-piano-dans-les-etoiles-un-titre-de-livre-qui-fait-rever\/#article","isPartOf":{"@id":"https:\/\/vosgesinfo.fr\/gerardmerinfo\/2024\/12\/un-piano-dans-les-etoiles-un-titre-de-livre-qui-fait-rever\/"},"author":{"name":"La redaction","@id":"https:\/\/vosgesinfo.fr\/gerardmerinfo\/#\/schema\/person\/27a3695b06db98895b354c0765cdfc31"},"headline":"Un Piano dans les \u00c9toiles\u2026 Un titre de livre qui fait r\u00eaver","datePublished":"2024-12-03T05:07:55+00:00","dateModified":"2024-12-02T21:28:50+00:00","mainEntityOfPage":{"@id":"https:\/\/vosgesinfo.fr\/gerardmerinfo\/2024\/12\/un-piano-dans-les-etoiles-un-titre-de-livre-qui-fait-rever\/"},"wordCount":493,"commentCount":1,"publisher":{"@id":"https:\/\/vosgesinfo.fr\/gerardmerinfo\/#organization"},"image":{"@id":"https:\/\/vosgesinfo.fr\/gerardmerinfo\/2024\/12\/un-piano-dans-les-etoiles-un-titre-de-livre-qui-fait-rever\/#primaryimage"},"thumbnailUrl":"https:\/\/vosgesinfo.fr\/app\/uploads\/sites\/6\/2024\/12\/lancement-du-dernier-livre-jc-aiguier-29.11-6-scaled.jpg","keywords":["Jean-Claude Aiguier"],"articleSection":["A la une","Litt\u00e9rature","Vosges"],"inLanguage":"fr-FR","potentialAction":[{"@type":"CommentAction","name":"Comment","target":["https:\/\/vosgesinfo.fr\/gerardmerinfo\/2024\/12\/un-piano-dans-les-etoiles-un-titre-de-livre-qui-fait-rever\/#respond"]}]},{"@type":"WebPage","@id":"https:\/\/vosgesinfo.fr\/gerardmerinfo\/2024\/12\/un-piano-dans-les-etoiles-un-titre-de-livre-qui-fait-rever\/","url":"https:\/\/vosgesinfo.fr\/gerardmerinfo\/2024\/12\/un-piano-dans-les-etoiles-un-titre-de-livre-qui-fait-rever\/","name":"Un Piano dans les \u00c9toiles\u2026 Un titre de livre qui fait r\u00eaver - Gerardmer Info","isPartOf":{"@id":"https:\/\/vosgesinfo.fr\/gerardmerinfo\/#website"},"primaryImageOfPage":{"@id":"https:\/\/vosgesinfo.fr\/gerardmerinfo\/2024\/12\/un-piano-dans-les-etoiles-un-titre-de-livre-qui-fait-rever\/#primaryimage"},"image":{"@id":"https:\/\/vosgesinfo.fr\/gerardmerinfo\/2024\/12\/un-piano-dans-les-etoiles-un-titre-de-livre-qui-fait-rever\/#primaryimage"},"thumbnailUrl":"https:\/\/vosgesinfo.fr\/app\/uploads\/sites\/6\/2024\/12\/lancement-du-dernier-livre-jc-aiguier-29.11-6-scaled.jpg","datePublished":"2024-12-03T05:07:55+00:00","dateModified":"2024-12-02T21:28:50+00:00","breadcrumb":{"@id":"https:\/\/vosgesinfo.fr\/gerardmerinfo\/2024\/12\/un-piano-dans-les-etoiles-un-titre-de-livre-qui-fait-rever\/#breadcrumb"},"inLanguage":"fr-FR","potentialAction":[{"@type":"ReadAction","target":["https:\/\/vosgesinfo.fr\/gerardmerinfo\/2024\/12\/un-piano-dans-les-etoiles-un-titre-de-livre-qui-fait-rever\/"]}]},{"@type":"ImageObject","inLanguage":"fr-FR","@id":"https:\/\/vosgesinfo.fr\/gerardmerinfo\/2024\/12\/un-piano-dans-les-etoiles-un-titre-de-livre-qui-fait-rever\/#primaryimage","url":"https:\/\/vosgesinfo.fr\/app\/uploads\/sites\/6\/2024\/12\/lancement-du-dernier-livre-jc-aiguier-29.11-6-scaled.jpg","contentUrl":"https:\/\/vosgesinfo.fr\/app\/uploads\/sites\/6\/2024\/12\/lancement-du-dernier-livre-jc-aiguier-29.11-6-scaled.jpg","width":2560,"height":1920},{"@type":"BreadcrumbList","@id":"https:\/\/vosgesinfo.fr\/gerardmerinfo\/2024\/12\/un-piano-dans-les-etoiles-un-titre-de-livre-qui-fait-rever\/#breadcrumb","itemListElement":[{"@type":"ListItem","position":1,"name":"Home","item":"https:\/\/vosgesinfo.fr\/gerardmerinfo\/"},{"@type":"ListItem","position":2,"name":"Un Piano dans les \u00c9toiles\u2026 Un titre de livre qui fait r\u00eaver"}]},{"@type":"WebSite","@id":"https:\/\/vosgesinfo.fr\/gerardmerinfo\/#website","url":"https:\/\/vosgesinfo.fr\/gerardmerinfo\/","name":"Gerardmer Info","description":"Toute l&#039;actualit\u00e9 de G\u00e9rardmer","publisher":{"@id":"https:\/\/vosgesinfo.fr\/gerardmerinfo\/#organization"},"alternateName":"Toute l'actualit\u00e9 de G\u00e9rardmer","potentialAction":[{"@type":"SearchAction","target":{"@type":"EntryPoint","urlTemplate":"https:\/\/vosgesinfo.fr\/gerardmerinfo\/?s={search_term_string}"},"query-input":"required name=search_term_string"}],"inLanguage":"fr-FR"},{"@type":"Organization","@id":"https:\/\/vosgesinfo.fr\/gerardmerinfo\/#organization","name":"Gerardmer Info","url":"https:\/\/vosgesinfo.fr\/gerardmerinfo\/","logo":{"@type":"ImageObject","inLanguage":"fr-FR","@id":"https:\/\/vosgesinfo.fr\/gerardmerinfo\/#\/schema\/logo\/image\/","url":"https:\/\/vosgesinfo.fr\/app\/uploads\/sites\/6\/2023\/08\/favicon-gerardmerinfo.png","contentUrl":"https:\/\/vosgesinfo.fr\/app\/uploads\/sites\/6\/2023\/08\/favicon-gerardmerinfo.png","width":512,"height":512,"caption":"Gerardmer Info"},"image":{"@id":"https:\/\/vosgesinfo.fr\/gerardmerinfo\/#\/schema\/logo\/image\/"},"sameAs":["https:\/\/www.facebook.com\/profile.php?id=100049475262660","https:\/\/x.com\/VosgesInfo88","https:\/\/www.youtube.com\/@vosgesinfo"]},{"@type":"Person","@id":"https:\/\/vosgesinfo.fr\/gerardmerinfo\/#\/schema\/person\/27a3695b06db98895b354c0765cdfc31","name":"La redaction","image":{"@type":"ImageObject","inLanguage":"fr-FR","@id":"https:\/\/vosgesinfo.fr\/gerardmerinfo\/#\/schema\/person\/image\/","url":"https:\/\/secure.gravatar.com\/avatar\/64c76a78e501cedee55736f43f332df901e1896ae9cd8fad269ae2236dd0e8b6?s=96&d=mm&r=g","contentUrl":"https:\/\/secure.gravatar.com\/avatar\/64c76a78e501cedee55736f43f332df901e1896ae9cd8fad269ae2236dd0e8b6?s=96&d=mm&r=g","caption":"La redaction"},"url":"https:\/\/vosgesinfo.fr\/gerardmerinfo\/author\/la-redaction\/"}]}},"_links":{"self":[{"href":"https:\/\/vosgesinfo.fr\/gerardmerinfo\/wp-json\/wp\/v2\/posts\/71620","targetHints":{"allow":["GET"]}}],"collection":[{"href":"https:\/\/vosgesinfo.fr\/gerardmerinfo\/wp-json\/wp\/v2\/posts"}],"about":[{"href":"https:\/\/vosgesinfo.fr\/gerardmerinfo\/wp-json\/wp\/v2\/types\/post"}],"author":[{"embeddable":true,"href":"https:\/\/vosgesinfo.fr\/gerardmerinfo\/wp-json\/wp\/v2\/users\/391"}],"replies":[{"embeddable":true,"href":"https:\/\/vosgesinfo.fr\/gerardmerinfo\/wp-json\/wp\/v2\/comments?post=71620"}],"version-history":[{"count":2,"href":"https:\/\/vosgesinfo.fr\/gerardmerinfo\/wp-json\/wp\/v2\/posts\/71620\/revisions"}],"predecessor-version":[{"id":71625,"href":"https:\/\/vosgesinfo.fr\/gerardmerinfo\/wp-json\/wp\/v2\/posts\/71620\/revisions\/71625"}],"wp:featuredmedia":[{"embeddable":true,"href":"https:\/\/vosgesinfo.fr\/gerardmerinfo\/wp-json\/wp\/v2\/media\/71622"}],"wp:attachment":[{"href":"https:\/\/vosgesinfo.fr\/gerardmerinfo\/wp-json\/wp\/v2\/media?parent=71620"}],"wp:term":[{"taxonomy":"category","embeddable":true,"href":"https:\/\/vosgesinfo.fr\/gerardmerinfo\/wp-json\/wp\/v2\/categories?post=71620"},{"taxonomy":"post_tag","embeddable":true,"href":"https:\/\/vosgesinfo.fr\/gerardmerinfo\/wp-json\/wp\/v2\/tags?post=71620"}],"curies":[{"name":"wp","href":"https:\/\/api.w.org\/{rel}","templated":true}]}}