{"id":71759,"date":"2024-12-06T06:00:25","date_gmt":"2024-12-06T05:00:25","guid":{"rendered":"https:\/\/vosgesinfo.fr\/gerardmerinfo\/?p=71759"},"modified":"2024-12-05T15:15:42","modified_gmt":"2024-12-05T14:15:42","slug":"la-semaine-des-80-ans-de-la-liberation-de-gerardmer-un-succes-pour-le-patrimoine-geromois","status":"publish","type":"post","link":"https:\/\/vosgesinfo.fr\/gerardmerinfo\/2024\/12\/la-semaine-des-80-ans-de-la-liberation-de-gerardmer-un-succes-pour-le-patrimoine-geromois\/","title":{"rendered":"La Semaine des 80 ans de la Lib\u00e9ration de G\u00e9rardmer : un succ\u00e8s pour le patrimoine g\u00e9r\u00f4mois"},"content":{"rendered":"<p><a href=\"https:\/\/vosgesinfo.fr\/app\/uploads\/sites\/6\/2024\/12\/banniere-80-ans-merci-scaled.jpg\"><img decoding=\"async\" class=\"aligncenter size-large wp-image-71760\" src=\"https:\/\/vosgesinfo.fr\/app\/uploads\/sites\/6\/2024\/12\/banniere-80-ans-merci-1024x256.jpg\" alt=\"\" width=\"1024\" height=\"256\" srcset=\"https:\/\/vosgesinfo.fr\/app\/uploads\/sites\/6\/2024\/12\/banniere-80-ans-merci-1024x256.jpg 1024w, https:\/\/vosgesinfo.fr\/app\/uploads\/sites\/6\/2024\/12\/banniere-80-ans-merci-300x75.jpg 300w, https:\/\/vosgesinfo.fr\/app\/uploads\/sites\/6\/2024\/12\/banniere-80-ans-merci-768x192.jpg 768w, https:\/\/vosgesinfo.fr\/app\/uploads\/sites\/6\/2024\/12\/banniere-80-ans-merci-1536x384.jpg 1536w, https:\/\/vosgesinfo.fr\/app\/uploads\/sites\/6\/2024\/12\/banniere-80-ans-merci-2048x512.jpg 2048w\" sizes=\"(max-width: 1024px) 100vw, 1024px\" \/><\/a><\/p>\n<p>&nbsp;<\/p>\n<h3>A l\u2019occasion des comm\u00e9morations des 80 ans de la Lib\u00e9ration de G\u00e9rardmer, qui se sont tenues du 19 au 24 novembre, la ville de G\u00e9rardmer a sensibilis\u00e9 tous les citoyens lors de cette semaine de c\u00e9l\u00e9bration. Tout au long de cette semaine, une exposition s\u2019est tenue \u00e0 l\u2019espace Tilleul regroupant toutes sortes de souvenirs de l\u2019occupation jusqu\u2019\u00e0 la Lib\u00e9ration. Plus de 1658 visiteurs et \u00e9l\u00e8ves des diff\u00e9rentes \u00e9coles de G\u00e9rardmer s\u2019y sont rendus afin d\u2019en apprendre davantage sur cette p\u00e9riode historique.<\/h3>\n<p>&nbsp;<\/p>\n<p><strong>Au programme de cette semaine riche en \u00e9motions :<\/strong><\/p>\n<ul>\n<li>Du 19 au 24 Novembre, exposition \u00e0 l\u2019Espace Tilleul.<\/li>\n<li>Jeudi 21, la conf\u00e9rence \u00ab Les op\u00e9rations militaires ayant men\u00e9 \u00e0 la Lib\u00e9ration de G\u00e9rardmer \u00bb a mobilis\u00e9 une centaine de participants. <a href=\"http:\/\/www.youtube.com\/@villedegerardmer\" data-saferedirecturl=\"https:\/\/www.google.com\/url?q=http:\/\/www.youtube.com\/@villedegerardmer&amp;source=gmail&amp;ust=1733489669648000&amp;usg=AOvVaw2ywpFoOvP5OyM3U3337fyS\">www.youtube.com\/@villedegerardmer<\/a><\/li>\n<li>Vendredi 22, le Bal de la Lib\u00e9ration a attir\u00e9 environ 250 courageux ayant brav\u00e9 la neige. L\u2018entr\u00e9e et la tombola \u00e9taient gratuites et le spectacle assur\u00e9 par un accord\u00e9oniste puis des chanteuses. La restauration \u00e9tait propos\u00e9e par la Sidi Brahim et Le Souvenir Fran\u00e7ais que nous remercions.<\/li>\n<li>Samedi 23, la projection du film \u00ab Il y a 80 ans : G\u00e9rardmer lib\u00e9r\u00e9e \u00bb, r\u00e9alis\u00e9 par le service communication avec la participation des diff\u00e9rentes \u00e9coles de la ville, le conseil municipal des jeunes, le conseil municipal des S\u00e9niors et nos concitoyens t\u00e9moins de l\u2019occupation et de la Lib\u00e9ration (Maurice Lavergne, Roger Michel, Arlette Malgras, Claude Vanony, Odette Chwaliszewski, Bernard Didier, Marie-Odile Tisserand, Andr\u00e9 Clair), a rencontr\u00e9 un franc succ\u00e8s ! Toujours gratuit, cet \u00e9v\u00e9nement a accueilli plus de 300 spectateurs. Le film est d\u00e9sormais disponible sur la page Youtube de la ville. <a href=\"http:\/\/www.youtube.com\/@villedegerardmer\" data-saferedirecturl=\"https:\/\/www.google.com\/url?q=http:\/\/www.youtube.com\/@villedegerardmer&amp;source=gmail&amp;ust=1733489669648000&amp;usg=AOvVaw2ywpFoOvP5OyM3U3337fyS\">www.youtube.com\/@villedegerardmer<\/a> \u00a0Nous remercions le JOA casino pour leur accueil chaleureux.<\/li>\n<li>Dimanche 24, avait lieu la c\u00e9r\u00e9monie au Monument aux Morts, avec la participation de l\u2019Union musicale qui a jou\u00e9 la G\u00e9romoise. Les enfants des \u00e9coles de la ville ont r\u00e9alis\u00e9 une cha\u00eene de la fraternit\u00e9 autour du monument. La foule s\u2019est ensuite d\u00e9plac\u00e9e jusqu\u2019\u00e0 l\u2019espace Tilleul avec un d\u00e9fil\u00e9 de voitures militaires d\u2019\u00e9poque. Nous remercions les propri\u00e9taires des v\u00e9hicules pour leur implication. Pour cl\u00f4turer cette semaine, les enfants des \u00e9coles sous la direction musicale d\u2019Ysabelle Masade ont repris la chanson de Francis Cabrel, <em>\u00ab Il faudra leur dire \u00bb<\/em>. Un vin d\u2019honneur attendait nos concitoyens venus nombreux, ils \u00e9taient environ 400.<\/li>\n<\/ul>\n<p>&nbsp;<\/p>\n<p>Gr\u00e2ce \u00e0 ces \u00e9v\u00e8nements la transmission de l\u2019histoire et le partage entre les a\u00een\u00e9s et les nouvelles g\u00e9n\u00e9rations ont \u00e9t\u00e9 assur\u00e9s. La ville remercie toutes les \u00e9coles, les lyc\u00e9es, toutes les associations et tous les citoyens qui ont contribu\u00e9 \u00e0 la r\u00e9ussite de cette semaine d\u2019anniversaire de la Lib\u00e9ration, ensemble, transmettons notre histoire et soyons fiers d\u2019\u00eatre g\u00e9romois.<\/p>\n","protected":false},"excerpt":{"rendered":"<p>&nbsp; A l\u2019occasion des comm\u00e9morations des 80 ans de la Lib\u00e9ration de G\u00e9rardmer, qui se sont tenues du 19 au [&hellip;]<\/p>\n","protected":false},"author":391,"featured_media":71282,"comment_status":"open","ping_status":"open","sticky":false,"template":"","format":"standard","meta":{"footnotes":""},"categories":[20,24,25],"tags":[6131],"class_list":["post-71759","post","type-post","status-publish","format-standard","has-post-thumbnail","hentry","category-a-la-une","category-evenements","category-gerardmer","tag-80e-anniversaire-de-la-liberation-de-gerardmer"],"acf":[],"yoast_head":"<!-- This site is optimized with the Yoast SEO plugin v22.5 - https:\/\/yoast.com\/wordpress\/plugins\/seo\/ -->\n<title>La Semaine des 80 ans de la Lib\u00e9ration de G\u00e9rardmer : un succ\u00e8s pour le patrimoine g\u00e9r\u00f4mois - Gerardmer Info<\/title>\n<meta name=\"robots\" content=\"index, follow, max-snippet:-1, max-image-preview:large, max-video-preview:-1\" \/>\n<link rel=\"canonical\" href=\"https:\/\/vosgesinfo.fr\/gerardmerinfo\/2024\/12\/la-semaine-des-80-ans-de-la-liberation-de-gerardmer-un-succes-pour-le-patrimoine-geromois\/\" \/>\n<meta name=\"twitter:card\" content=\"summary_large_image\" \/>\n<meta name=\"twitter:title\" content=\"La Semaine des 80 ans de la Lib\u00e9ration de G\u00e9rardmer : un succ\u00e8s pour le patrimoine g\u00e9r\u00f4mois - Gerardmer Info\" \/>\n<meta name=\"twitter:description\" content=\"&nbsp; A l\u2019occasion des comm\u00e9morations des 80 ans de la Lib\u00e9ration de G\u00e9rardmer, qui se sont tenues du 19 au [&hellip;]\" \/>\n<meta name=\"twitter:image\" content=\"https:\/\/vosgesinfo.fr\/app\/uploads\/sites\/6\/2024\/11\/ceremonie-officielle-et-cloture-80e-anniversaire-liberation-gerardmer-11-scaled.jpg\" \/>\n<meta name=\"twitter:creator\" content=\"@VosgesInfo88\" \/>\n<meta name=\"twitter:site\" content=\"@VosgesInfo88\" \/>\n<meta name=\"twitter:label1\" content=\"\u00c9crit par\" \/>\n\t<meta name=\"twitter:data1\" content=\"La redaction\" \/>\n\t<meta name=\"twitter:label2\" content=\"Dur\u00e9e de lecture estim\u00e9e\" \/>\n\t<meta name=\"twitter:data2\" content=\"3 minutes\" \/>\n<script type=\"application\/ld+json\" class=\"yoast-schema-graph\">{\"@context\":\"https:\/\/schema.org\",\"@graph\":[{\"@type\":\"Article\",\"@id\":\"https:\/\/vosgesinfo.fr\/gerardmerinfo\/2024\/12\/la-semaine-des-80-ans-de-la-liberation-de-gerardmer-un-succes-pour-le-patrimoine-geromois\/#article\",\"isPartOf\":{\"@id\":\"https:\/\/vosgesinfo.fr\/gerardmerinfo\/2024\/12\/la-semaine-des-80-ans-de-la-liberation-de-gerardmer-un-succes-pour-le-patrimoine-geromois\/\"},\"author\":{\"name\":\"La redaction\",\"@id\":\"https:\/\/vosgesinfo.fr\/gerardmerinfo\/#\/schema\/person\/27a3695b06db98895b354c0765cdfc31\"},\"headline\":\"La Semaine des 80 ans de la Lib\u00e9ration de G\u00e9rardmer : un succ\u00e8s pour le patrimoine g\u00e9r\u00f4mois\",\"datePublished\":\"2024-12-06T05:00:25+00:00\",\"dateModified\":\"2024-12-05T14:15:42+00:00\",\"mainEntityOfPage\":{\"@id\":\"https:\/\/vosgesinfo.fr\/gerardmerinfo\/2024\/12\/la-semaine-des-80-ans-de-la-liberation-de-gerardmer-un-succes-pour-le-patrimoine-geromois\/\"},\"wordCount\":504,\"commentCount\":0,\"publisher\":{\"@id\":\"https:\/\/vosgesinfo.fr\/gerardmerinfo\/#organization\"},\"image\":{\"@id\":\"https:\/\/vosgesinfo.fr\/gerardmerinfo\/2024\/12\/la-semaine-des-80-ans-de-la-liberation-de-gerardmer-un-succes-pour-le-patrimoine-geromois\/#primaryimage\"},\"thumbnailUrl\":\"https:\/\/vosgesinfo.fr\/app\/uploads\/sites\/6\/2024\/11\/ceremonie-officielle-et-cloture-80e-anniversaire-liberation-gerardmer-11-scaled.jpg\",\"keywords\":[\"80e anniversaire de la lib\u00e9ration de G\u00e9rardmer\"],\"articleSection\":[\"A la une\",\"Ev\u00e8nements\",\"G\u00e9rardmer\"],\"inLanguage\":\"fr-FR\",\"potentialAction\":[{\"@type\":\"CommentAction\",\"name\":\"Comment\",\"target\":[\"https:\/\/vosgesinfo.fr\/gerardmerinfo\/2024\/12\/la-semaine-des-80-ans-de-la-liberation-de-gerardmer-un-succes-pour-le-patrimoine-geromois\/#respond\"]}]},{\"@type\":\"WebPage\",\"@id\":\"https:\/\/vosgesinfo.fr\/gerardmerinfo\/2024\/12\/la-semaine-des-80-ans-de-la-liberation-de-gerardmer-un-succes-pour-le-patrimoine-geromois\/\",\"url\":\"https:\/\/vosgesinfo.fr\/gerardmerinfo\/2024\/12\/la-semaine-des-80-ans-de-la-liberation-de-gerardmer-un-succes-pour-le-patrimoine-geromois\/\",\"name\":\"La Semaine des 80 ans de la Lib\u00e9ration de G\u00e9rardmer : un succ\u00e8s pour le patrimoine g\u00e9r\u00f4mois - Gerardmer Info\",\"isPartOf\":{\"@id\":\"https:\/\/vosgesinfo.fr\/gerardmerinfo\/#website\"},\"primaryImageOfPage\":{\"@id\":\"https:\/\/vosgesinfo.fr\/gerardmerinfo\/2024\/12\/la-semaine-des-80-ans-de-la-liberation-de-gerardmer-un-succes-pour-le-patrimoine-geromois\/#primaryimage\"},\"image\":{\"@id\":\"https:\/\/vosgesinfo.fr\/gerardmerinfo\/2024\/12\/la-semaine-des-80-ans-de-la-liberation-de-gerardmer-un-succes-pour-le-patrimoine-geromois\/#primaryimage\"},\"thumbnailUrl\":\"https:\/\/vosgesinfo.fr\/app\/uploads\/sites\/6\/2024\/11\/ceremonie-officielle-et-cloture-80e-anniversaire-liberation-gerardmer-11-scaled.jpg\",\"datePublished\":\"2024-12-06T05:00:25+00:00\",\"dateModified\":\"2024-12-05T14:15:42+00:00\",\"breadcrumb\":{\"@id\":\"https:\/\/vosgesinfo.fr\/gerardmerinfo\/2024\/12\/la-semaine-des-80-ans-de-la-liberation-de-gerardmer-un-succes-pour-le-patrimoine-geromois\/#breadcrumb\"},\"inLanguage\":\"fr-FR\",\"potentialAction\":[{\"@type\":\"ReadAction\",\"target\":[\"https:\/\/vosgesinfo.fr\/gerardmerinfo\/2024\/12\/la-semaine-des-80-ans-de-la-liberation-de-gerardmer-un-succes-pour-le-patrimoine-geromois\/\"]}]},{\"@type\":\"ImageObject\",\"inLanguage\":\"fr-FR\",\"@id\":\"https:\/\/vosgesinfo.fr\/gerardmerinfo\/2024\/12\/la-semaine-des-80-ans-de-la-liberation-de-gerardmer-un-succes-pour-le-patrimoine-geromois\/#primaryimage\",\"url\":\"https:\/\/vosgesinfo.fr\/app\/uploads\/sites\/6\/2024\/11\/ceremonie-officielle-et-cloture-80e-anniversaire-liberation-gerardmer-11-scaled.jpg\",\"contentUrl\":\"https:\/\/vosgesinfo.fr\/app\/uploads\/sites\/6\/2024\/11\/ceremonie-officielle-et-cloture-80e-anniversaire-liberation-gerardmer-11-scaled.jpg\",\"width\":2560,\"height\":1928},{\"@type\":\"BreadcrumbList\",\"@id\":\"https:\/\/vosgesinfo.fr\/gerardmerinfo\/2024\/12\/la-semaine-des-80-ans-de-la-liberation-de-gerardmer-un-succes-pour-le-patrimoine-geromois\/#breadcrumb\",\"itemListElement\":[{\"@type\":\"ListItem\",\"position\":1,\"name\":\"Home\",\"item\":\"https:\/\/vosgesinfo.fr\/gerardmerinfo\/\"},{\"@type\":\"ListItem\",\"position\":2,\"name\":\"La Semaine des 80 ans de la Lib\u00e9ration de G\u00e9rardmer : un succ\u00e8s pour le patrimoine g\u00e9r\u00f4mois\"}]},{\"@type\":\"WebSite\",\"@id\":\"https:\/\/vosgesinfo.fr\/gerardmerinfo\/#website\",\"url\":\"https:\/\/vosgesinfo.fr\/gerardmerinfo\/\",\"name\":\"Gerardmer Info\",\"description\":\"Toute l&#039;actualit\u00e9 de G\u00e9rardmer\",\"publisher\":{\"@id\":\"https:\/\/vosgesinfo.fr\/gerardmerinfo\/#organization\"},\"alternateName\":\"Toute l'actualit\u00e9 de G\u00e9rardmer\",\"potentialAction\":[{\"@type\":\"SearchAction\",\"target\":{\"@type\":\"EntryPoint\",\"urlTemplate\":\"https:\/\/vosgesinfo.fr\/gerardmerinfo\/?s={search_term_string}\"},\"query-input\":\"required name=search_term_string\"}],\"inLanguage\":\"fr-FR\"},{\"@type\":\"Organization\",\"@id\":\"https:\/\/vosgesinfo.fr\/gerardmerinfo\/#organization\",\"name\":\"Gerardmer Info\",\"url\":\"https:\/\/vosgesinfo.fr\/gerardmerinfo\/\",\"logo\":{\"@type\":\"ImageObject\",\"inLanguage\":\"fr-FR\",\"@id\":\"https:\/\/vosgesinfo.fr\/gerardmerinfo\/#\/schema\/logo\/image\/\",\"url\":\"https:\/\/vosgesinfo.fr\/app\/uploads\/sites\/6\/2023\/08\/favicon-gerardmerinfo.png\",\"contentUrl\":\"https:\/\/vosgesinfo.fr\/app\/uploads\/sites\/6\/2023\/08\/favicon-gerardmerinfo.png\",\"width\":512,\"height\":512,\"caption\":\"Gerardmer Info\"},\"image\":{\"@id\":\"https:\/\/vosgesinfo.fr\/gerardmerinfo\/#\/schema\/logo\/image\/\"},\"sameAs\":[\"https:\/\/www.facebook.com\/profile.php?id=100049475262660\",\"https:\/\/x.com\/VosgesInfo88\",\"https:\/\/www.youtube.com\/@vosgesinfo\"]},{\"@type\":\"Person\",\"@id\":\"https:\/\/vosgesinfo.fr\/gerardmerinfo\/#\/schema\/person\/27a3695b06db98895b354c0765cdfc31\",\"name\":\"La redaction\",\"image\":{\"@type\":\"ImageObject\",\"inLanguage\":\"fr-FR\",\"@id\":\"https:\/\/vosgesinfo.fr\/gerardmerinfo\/#\/schema\/person\/image\/\",\"url\":\"https:\/\/secure.gravatar.com\/avatar\/64c76a78e501cedee55736f43f332df901e1896ae9cd8fad269ae2236dd0e8b6?s=96&d=mm&r=g\",\"contentUrl\":\"https:\/\/secure.gravatar.com\/avatar\/64c76a78e501cedee55736f43f332df901e1896ae9cd8fad269ae2236dd0e8b6?s=96&d=mm&r=g\",\"caption\":\"La redaction\"},\"url\":\"https:\/\/vosgesinfo.fr\/gerardmerinfo\/author\/la-redaction\/\"}]}<\/script>\n<!-- \/ Yoast SEO plugin. -->","yoast_head_json":{"title":"La Semaine des 80 ans de la Lib\u00e9ration de G\u00e9rardmer : un succ\u00e8s pour le patrimoine g\u00e9r\u00f4mois - Gerardmer Info","robots":{"index":"index","follow":"follow","max-snippet":"max-snippet:-1","max-image-preview":"max-image-preview:large","max-video-preview":"max-video-preview:-1"},"canonical":"https:\/\/vosgesinfo.fr\/gerardmerinfo\/2024\/12\/la-semaine-des-80-ans-de-la-liberation-de-gerardmer-un-succes-pour-le-patrimoine-geromois\/","twitter_card":"summary_large_image","twitter_title":"La Semaine des 80 ans de la Lib\u00e9ration de G\u00e9rardmer : un succ\u00e8s pour le patrimoine g\u00e9r\u00f4mois - Gerardmer Info","twitter_description":"&nbsp; A l\u2019occasion des comm\u00e9morations des 80 ans de la Lib\u00e9ration de G\u00e9rardmer, qui se sont tenues du 19 au [&hellip;]","twitter_image":"https:\/\/vosgesinfo.fr\/app\/uploads\/sites\/6\/2024\/11\/ceremonie-officielle-et-cloture-80e-anniversaire-liberation-gerardmer-11-scaled.jpg","twitter_creator":"@VosgesInfo88","twitter_site":"@VosgesInfo88","twitter_misc":{"\u00c9crit par":"La redaction","Dur\u00e9e de lecture estim\u00e9e":"3 minutes"},"schema":{"@context":"https:\/\/schema.org","@graph":[{"@type":"Article","@id":"https:\/\/vosgesinfo.fr\/gerardmerinfo\/2024\/12\/la-semaine-des-80-ans-de-la-liberation-de-gerardmer-un-succes-pour-le-patrimoine-geromois\/#article","isPartOf":{"@id":"https:\/\/vosgesinfo.fr\/gerardmerinfo\/2024\/12\/la-semaine-des-80-ans-de-la-liberation-de-gerardmer-un-succes-pour-le-patrimoine-geromois\/"},"author":{"name":"La redaction","@id":"https:\/\/vosgesinfo.fr\/gerardmerinfo\/#\/schema\/person\/27a3695b06db98895b354c0765cdfc31"},"headline":"La Semaine des 80 ans de la Lib\u00e9ration de G\u00e9rardmer : un succ\u00e8s pour le patrimoine g\u00e9r\u00f4mois","datePublished":"2024-12-06T05:00:25+00:00","dateModified":"2024-12-05T14:15:42+00:00","mainEntityOfPage":{"@id":"https:\/\/vosgesinfo.fr\/gerardmerinfo\/2024\/12\/la-semaine-des-80-ans-de-la-liberation-de-gerardmer-un-succes-pour-le-patrimoine-geromois\/"},"wordCount":504,"commentCount":0,"publisher":{"@id":"https:\/\/vosgesinfo.fr\/gerardmerinfo\/#organization"},"image":{"@id":"https:\/\/vosgesinfo.fr\/gerardmerinfo\/2024\/12\/la-semaine-des-80-ans-de-la-liberation-de-gerardmer-un-succes-pour-le-patrimoine-geromois\/#primaryimage"},"thumbnailUrl":"https:\/\/vosgesinfo.fr\/app\/uploads\/sites\/6\/2024\/11\/ceremonie-officielle-et-cloture-80e-anniversaire-liberation-gerardmer-11-scaled.jpg","keywords":["80e anniversaire de la lib\u00e9ration de G\u00e9rardmer"],"articleSection":["A la une","Ev\u00e8nements","G\u00e9rardmer"],"inLanguage":"fr-FR","potentialAction":[{"@type":"CommentAction","name":"Comment","target":["https:\/\/vosgesinfo.fr\/gerardmerinfo\/2024\/12\/la-semaine-des-80-ans-de-la-liberation-de-gerardmer-un-succes-pour-le-patrimoine-geromois\/#respond"]}]},{"@type":"WebPage","@id":"https:\/\/vosgesinfo.fr\/gerardmerinfo\/2024\/12\/la-semaine-des-80-ans-de-la-liberation-de-gerardmer-un-succes-pour-le-patrimoine-geromois\/","url":"https:\/\/vosgesinfo.fr\/gerardmerinfo\/2024\/12\/la-semaine-des-80-ans-de-la-liberation-de-gerardmer-un-succes-pour-le-patrimoine-geromois\/","name":"La Semaine des 80 ans de la Lib\u00e9ration de G\u00e9rardmer : un succ\u00e8s pour le patrimoine g\u00e9r\u00f4mois - Gerardmer Info","isPartOf":{"@id":"https:\/\/vosgesinfo.fr\/gerardmerinfo\/#website"},"primaryImageOfPage":{"@id":"https:\/\/vosgesinfo.fr\/gerardmerinfo\/2024\/12\/la-semaine-des-80-ans-de-la-liberation-de-gerardmer-un-succes-pour-le-patrimoine-geromois\/#primaryimage"},"image":{"@id":"https:\/\/vosgesinfo.fr\/gerardmerinfo\/2024\/12\/la-semaine-des-80-ans-de-la-liberation-de-gerardmer-un-succes-pour-le-patrimoine-geromois\/#primaryimage"},"thumbnailUrl":"https:\/\/vosgesinfo.fr\/app\/uploads\/sites\/6\/2024\/11\/ceremonie-officielle-et-cloture-80e-anniversaire-liberation-gerardmer-11-scaled.jpg","datePublished":"2024-12-06T05:00:25+00:00","dateModified":"2024-12-05T14:15:42+00:00","breadcrumb":{"@id":"https:\/\/vosgesinfo.fr\/gerardmerinfo\/2024\/12\/la-semaine-des-80-ans-de-la-liberation-de-gerardmer-un-succes-pour-le-patrimoine-geromois\/#breadcrumb"},"inLanguage":"fr-FR","potentialAction":[{"@type":"ReadAction","target":["https:\/\/vosgesinfo.fr\/gerardmerinfo\/2024\/12\/la-semaine-des-80-ans-de-la-liberation-de-gerardmer-un-succes-pour-le-patrimoine-geromois\/"]}]},{"@type":"ImageObject","inLanguage":"fr-FR","@id":"https:\/\/vosgesinfo.fr\/gerardmerinfo\/2024\/12\/la-semaine-des-80-ans-de-la-liberation-de-gerardmer-un-succes-pour-le-patrimoine-geromois\/#primaryimage","url":"https:\/\/vosgesinfo.fr\/app\/uploads\/sites\/6\/2024\/11\/ceremonie-officielle-et-cloture-80e-anniversaire-liberation-gerardmer-11-scaled.jpg","contentUrl":"https:\/\/vosgesinfo.fr\/app\/uploads\/sites\/6\/2024\/11\/ceremonie-officielle-et-cloture-80e-anniversaire-liberation-gerardmer-11-scaled.jpg","width":2560,"height":1928},{"@type":"BreadcrumbList","@id":"https:\/\/vosgesinfo.fr\/gerardmerinfo\/2024\/12\/la-semaine-des-80-ans-de-la-liberation-de-gerardmer-un-succes-pour-le-patrimoine-geromois\/#breadcrumb","itemListElement":[{"@type":"ListItem","position":1,"name":"Home","item":"https:\/\/vosgesinfo.fr\/gerardmerinfo\/"},{"@type":"ListItem","position":2,"name":"La Semaine des 80 ans de la Lib\u00e9ration de G\u00e9rardmer : un succ\u00e8s pour le patrimoine g\u00e9r\u00f4mois"}]},{"@type":"WebSite","@id":"https:\/\/vosgesinfo.fr\/gerardmerinfo\/#website","url":"https:\/\/vosgesinfo.fr\/gerardmerinfo\/","name":"Gerardmer Info","description":"Toute l&#039;actualit\u00e9 de G\u00e9rardmer","publisher":{"@id":"https:\/\/vosgesinfo.fr\/gerardmerinfo\/#organization"},"alternateName":"Toute l'actualit\u00e9 de G\u00e9rardmer","potentialAction":[{"@type":"SearchAction","target":{"@type":"EntryPoint","urlTemplate":"https:\/\/vosgesinfo.fr\/gerardmerinfo\/?s={search_term_string}"},"query-input":"required name=search_term_string"}],"inLanguage":"fr-FR"},{"@type":"Organization","@id":"https:\/\/vosgesinfo.fr\/gerardmerinfo\/#organization","name":"Gerardmer Info","url":"https:\/\/vosgesinfo.fr\/gerardmerinfo\/","logo":{"@type":"ImageObject","inLanguage":"fr-FR","@id":"https:\/\/vosgesinfo.fr\/gerardmerinfo\/#\/schema\/logo\/image\/","url":"https:\/\/vosgesinfo.fr\/app\/uploads\/sites\/6\/2023\/08\/favicon-gerardmerinfo.png","contentUrl":"https:\/\/vosgesinfo.fr\/app\/uploads\/sites\/6\/2023\/08\/favicon-gerardmerinfo.png","width":512,"height":512,"caption":"Gerardmer Info"},"image":{"@id":"https:\/\/vosgesinfo.fr\/gerardmerinfo\/#\/schema\/logo\/image\/"},"sameAs":["https:\/\/www.facebook.com\/profile.php?id=100049475262660","https:\/\/x.com\/VosgesInfo88","https:\/\/www.youtube.com\/@vosgesinfo"]},{"@type":"Person","@id":"https:\/\/vosgesinfo.fr\/gerardmerinfo\/#\/schema\/person\/27a3695b06db98895b354c0765cdfc31","name":"La redaction","image":{"@type":"ImageObject","inLanguage":"fr-FR","@id":"https:\/\/vosgesinfo.fr\/gerardmerinfo\/#\/schema\/person\/image\/","url":"https:\/\/secure.gravatar.com\/avatar\/64c76a78e501cedee55736f43f332df901e1896ae9cd8fad269ae2236dd0e8b6?s=96&d=mm&r=g","contentUrl":"https:\/\/secure.gravatar.com\/avatar\/64c76a78e501cedee55736f43f332df901e1896ae9cd8fad269ae2236dd0e8b6?s=96&d=mm&r=g","caption":"La redaction"},"url":"https:\/\/vosgesinfo.fr\/gerardmerinfo\/author\/la-redaction\/"}]}},"_links":{"self":[{"href":"https:\/\/vosgesinfo.fr\/gerardmerinfo\/wp-json\/wp\/v2\/posts\/71759","targetHints":{"allow":["GET"]}}],"collection":[{"href":"https:\/\/vosgesinfo.fr\/gerardmerinfo\/wp-json\/wp\/v2\/posts"}],"about":[{"href":"https:\/\/vosgesinfo.fr\/gerardmerinfo\/wp-json\/wp\/v2\/types\/post"}],"author":[{"embeddable":true,"href":"https:\/\/vosgesinfo.fr\/gerardmerinfo\/wp-json\/wp\/v2\/users\/391"}],"replies":[{"embeddable":true,"href":"https:\/\/vosgesinfo.fr\/gerardmerinfo\/wp-json\/wp\/v2\/comments?post=71759"}],"version-history":[{"count":3,"href":"https:\/\/vosgesinfo.fr\/gerardmerinfo\/wp-json\/wp\/v2\/posts\/71759\/revisions"}],"predecessor-version":[{"id":71763,"href":"https:\/\/vosgesinfo.fr\/gerardmerinfo\/wp-json\/wp\/v2\/posts\/71759\/revisions\/71763"}],"wp:featuredmedia":[{"embeddable":true,"href":"https:\/\/vosgesinfo.fr\/gerardmerinfo\/wp-json\/wp\/v2\/media\/71282"}],"wp:attachment":[{"href":"https:\/\/vosgesinfo.fr\/gerardmerinfo\/wp-json\/wp\/v2\/media?parent=71759"}],"wp:term":[{"taxonomy":"category","embeddable":true,"href":"https:\/\/vosgesinfo.fr\/gerardmerinfo\/wp-json\/wp\/v2\/categories?post=71759"},{"taxonomy":"post_tag","embeddable":true,"href":"https:\/\/vosgesinfo.fr\/gerardmerinfo\/wp-json\/wp\/v2\/tags?post=71759"}],"curies":[{"name":"wp","href":"https:\/\/api.w.org\/{rel}","templated":true}]}}