{"id":71793,"date":"2024-12-06T10:35:21","date_gmt":"2024-12-06T09:35:21","guid":{"rendered":"https:\/\/vosgesinfo.fr\/gerardmerinfo\/2024\/12\/le-lycee-claude-gellee-participe-a-un-concours-deloquence\/"},"modified":"2024-12-06T10:35:21","modified_gmt":"2024-12-06T09:35:21","slug":"le-lycee-claude-gellee-participe-a-un-concours-deloquence","status":"publish","type":"post","link":"https:\/\/vosgesinfo.fr\/gerardmerinfo\/2024\/12\/le-lycee-claude-gellee-participe-a-un-concours-deloquence\/","title":{"rendered":"Le lyc\u00e9e Claude Gell\u00e9e participe \u00e0 un concours d&rsquo;\u00e9loquence"},"content":{"rendered":"<div id=\"attachment_125592\" style=\"width: 2570px\" class=\"wp-caption aligncenter\"><a href=\"https:\/\/vosgesinfo.fr\/app\/uploads\/sites\/3\/2024\/12\/concours-deloquence-01-scaled.jpg\"><img decoding=\"async\" aria-describedby=\"caption-attachment-125592\" class=\"size-full wp-image-125592\" src=\"https:\/\/vosgesinfo.fr\/app\/uploads\/sites\/3\/2024\/12\/concours-deloquence-01-scaled.jpg\" alt=\"\" width=\"2560\" height=\"1710\" \/><\/a><p id=\"caption-attachment-125592\" class=\"wp-caption-text\">PBP-PHOTOGRAPHIE<\/p><\/div>\n<h2><span data-olk-copy-source=\"MessageBody\">Le lyc\u00e9e Claude Gell\u00e9e participe cette ann\u00e9e \u00e0 un <span class=\"markii3xburoj\" data-markjs=\"true\" data-ogac=\"\" data-ogab=\"\" data-ogsc=\"\" data-ogsb=\"\">concours<\/span> d&rsquo;\u00e9loquence. <\/span>Cette th\u00e9matique est ch\u00e8re au lyc\u00e9e Claude Gell\u00e9e qui int\u00e8gre habituellement l&rsquo;\u00e9loquence au sein des cours pour pr\u00e9parer les \u00e9l\u00e8ves aux \u00c9preuves anticip\u00e9es de Fran\u00e7ais.<\/h2>\n<p>Cette ann\u00e9e, le lyc\u00e9e Claude Gell\u00e9e d&rsquo;Epinal propose \u00e0 tous les \u00e9l\u00e8ves de Premi\u00e8re et Terminale qui le souhaitent de participer au concours inter-lyc\u00e9es propos\u00e9 par le Rotary club de G\u00e9rardmer. La premi\u00e8re<span data-olk-copy-source=\"MessageBody\"> partie de la comp\u00e9tition avait lieu ce jeudi soir et opposait le lyc\u00e9e Claude Gell\u00e9e d&rsquo;Epinal \u00e0 l&rsquo;\u00e9tablissement Jules Ferry de Saint-Di\u00e9-des-Vosges. <\/span><\/p>\n<p>Au lyc\u00e9e d&rsquo;Epinal, 8 \u00e9l\u00e8ves participaient \u00e0 la premi\u00e8re s\u00e9ance puis le nombre est all\u00e9 en augmentant pour atteindre 20.<\/p>\n<p>D\u00e8s le mois de septembre, les \u00e9l\u00e8ves volontaires de Claude Gell\u00e9e ont pu se rendre \u00e0 un cours hebdomadaire de 2h le mercredi apr\u00e8s-midi et ont re\u00e7u des conseils en diction, posture, rh\u00e9torique. Puis les \u00e9l\u00e8ves ont travaill\u00e9 sur le sujet impos\u00e9 par le Rotary 3 semaines avant la joute oratoire. Les joutes oratoires ont lieu entre d\u00e9cembre et mars 2025. <span data-olk-copy-source=\"MessageBody\">Le sujet qui \u00e9tait trait\u00e9 lors de cette soir\u00e9e : \u00ab\u00a0Pour ou contre le Black Friday?\u00a0\u00bb<\/span><\/p>\n\n\t\t<style type=\"text\/css\">\n\t\t\t#gallery-1 {\n\t\t\t\tmargin: auto;\n\t\t\t}\n\t\t\t#gallery-1 .gallery-item {\n\t\t\t\tfloat: left;\n\t\t\t\tmargin-top: 10px;\n\t\t\t\ttext-align: center;\n\t\t\t\twidth: 33%;\n\t\t\t}\n\t\t\t#gallery-1 img {\n\t\t\t\tborder: 2px solid #cfcfcf;\n\t\t\t}\n\t\t\t#gallery-1 .gallery-caption {\n\t\t\t\tmargin-left: 0;\n\t\t\t}\n\t\t\t\/* see gallery_shortcode() in wp-includes\/media.php *\/\n\t\t<\/style>\n\t\t<div id='gallery-1' class='gallery galleryid-71793 gallery-columns-3 gallery-size-thumbnail'><dl class='gallery-item'>\n\t\t\t<dt class='gallery-icon landscape'>\n\t\t\t\t<a href='https:\/\/vosgesinfo.fr\/app\/uploads\/sites\/6\/2024\/12\/concours-deloquence-17-scaled-1.jpg'><img decoding=\"async\" width=\"150\" height=\"150\" src=\"https:\/\/vosgesinfo.fr\/app\/uploads\/sites\/6\/2024\/12\/concours-deloquence-17-scaled-1-150x150.jpg\" class=\"attachment-thumbnail size-thumbnail\" alt=\"\" \/><\/a>\n\t\t\t<\/dt><\/dl><dl class='gallery-item'>\n\t\t\t<dt class='gallery-icon landscape'>\n\t\t\t\t<a href='https:\/\/vosgesinfo.fr\/app\/uploads\/sites\/6\/2024\/12\/concours-deloquence-18-scaled-1.jpg'><img decoding=\"async\" width=\"150\" height=\"150\" src=\"https:\/\/vosgesinfo.fr\/app\/uploads\/sites\/6\/2024\/12\/concours-deloquence-18-scaled-1-150x150.jpg\" class=\"attachment-thumbnail size-thumbnail\" alt=\"\" \/><\/a>\n\t\t\t<\/dt><\/dl><dl class='gallery-item'>\n\t\t\t<dt class='gallery-icon landscape'>\n\t\t\t\t<a href='https:\/\/vosgesinfo.fr\/app\/uploads\/sites\/6\/2024\/12\/concours-deloquence-22-scaled-1.jpg'><img decoding=\"async\" width=\"150\" height=\"150\" src=\"https:\/\/vosgesinfo.fr\/app\/uploads\/sites\/6\/2024\/12\/concours-deloquence-22-scaled-1-150x150.jpg\" class=\"attachment-thumbnail size-thumbnail\" alt=\"\" \/><\/a>\n\t\t\t<\/dt><\/dl><br style=\"clear: both\" \/><dl class='gallery-item'>\n\t\t\t<dt class='gallery-icon landscape'>\n\t\t\t\t<a href='https:\/\/vosgesinfo.fr\/app\/uploads\/sites\/6\/2024\/12\/concours-deloquence-23-scaled-1.jpg'><img decoding=\"async\" width=\"150\" height=\"150\" src=\"https:\/\/vosgesinfo.fr\/app\/uploads\/sites\/6\/2024\/12\/concours-deloquence-23-scaled-1-150x150.jpg\" class=\"attachment-thumbnail size-thumbnail\" alt=\"\" \/><\/a>\n\t\t\t<\/dt><\/dl><dl class='gallery-item'>\n\t\t\t<dt class='gallery-icon landscape'>\n\t\t\t\t<a href='https:\/\/vosgesinfo.fr\/app\/uploads\/sites\/6\/2024\/12\/concours-deloquence-09-scaled-1.jpg'><img decoding=\"async\" width=\"150\" height=\"150\" src=\"https:\/\/vosgesinfo.fr\/app\/uploads\/sites\/6\/2024\/12\/concours-deloquence-09-scaled-1-150x150.jpg\" class=\"attachment-thumbnail size-thumbnail\" alt=\"\" \/><\/a>\n\t\t\t<\/dt><\/dl><dl class='gallery-item'>\n\t\t\t<dt class='gallery-icon landscape'>\n\t\t\t\t<a href='https:\/\/vosgesinfo.fr\/app\/uploads\/sites\/6\/2024\/12\/concours-deloquence-05-scaled-1.jpg'><img decoding=\"async\" width=\"150\" height=\"150\" src=\"https:\/\/vosgesinfo.fr\/app\/uploads\/sites\/6\/2024\/12\/concours-deloquence-05-scaled-1-150x150.jpg\" class=\"attachment-thumbnail size-thumbnail\" alt=\"\" \/><\/a>\n\t\t\t<\/dt><\/dl><br style=\"clear: both\" \/><dl class='gallery-item'>\n\t\t\t<dt class='gallery-icon portrait'>\n\t\t\t\t<a href='https:\/\/vosgesinfo.fr\/app\/uploads\/sites\/6\/2024\/12\/concours-deloquence-03-scaled-1.jpg'><img decoding=\"async\" width=\"150\" height=\"150\" src=\"https:\/\/vosgesinfo.fr\/app\/uploads\/sites\/6\/2024\/12\/concours-deloquence-03-scaled-1-150x150.jpg\" class=\"attachment-thumbnail size-thumbnail\" alt=\"\" \/><\/a>\n\t\t\t<\/dt><\/dl>\n\t\t\t<br style='clear: both' \/>\n\t\t<\/div>\n\n","protected":false},"excerpt":{"rendered":"<p>Le lyc\u00e9e Claude Gell\u00e9e participe cette ann\u00e9e \u00e0 un concours d&rsquo;\u00e9loquence. Cette th\u00e9matique est ch\u00e8re au lyc\u00e9e Claude Gell\u00e9e qui [&hellip;]<\/p>\n","protected":false},"author":52,"featured_media":71794,"comment_status":"open","ping_status":"open","sticky":false,"template":"","format":"standard","meta":{"footnotes":""},"categories":[20,5901,878,25,328,868,946,18],"tags":[],"class_list":["post-71793","post","type-post","status-publish","format-standard","has-post-thumbnail","hentry","category-a-la-une","category-enseignement","category-epinal","category-gerardmer","category-la-plaine-des-vosges","category-remiremont","category-saint-die","category-vosges"],"acf":[],"yoast_head":"<!-- This site is optimized with the Yoast SEO plugin v22.5 - https:\/\/yoast.com\/wordpress\/plugins\/seo\/ -->\n<title>Le lyc\u00e9e Claude Gell\u00e9e participe \u00e0 un concours d&#039;\u00e9loquence - Gerardmer Info<\/title>\n<meta name=\"robots\" content=\"index, follow, max-snippet:-1, max-image-preview:large, max-video-preview:-1\" \/>\n<link rel=\"canonical\" href=\"https:\/\/vosgesinfo.fr\/gerardmerinfo\/2024\/12\/le-lycee-claude-gellee-participe-a-un-concours-deloquence\/\" \/>\n<meta name=\"twitter:card\" content=\"summary_large_image\" \/>\n<meta name=\"twitter:title\" content=\"Le lyc\u00e9e Claude Gell\u00e9e participe \u00e0 un concours d&#039;\u00e9loquence - Gerardmer Info\" \/>\n<meta name=\"twitter:description\" content=\"Le lyc\u00e9e Claude Gell\u00e9e participe cette ann\u00e9e \u00e0 un concours d&rsquo;\u00e9loquence. Cette th\u00e9matique est ch\u00e8re au lyc\u00e9e Claude Gell\u00e9e qui [&hellip;]\" \/>\n<meta name=\"twitter:image\" content=\"https:\/\/vosgesinfo.fr\/app\/uploads\/sites\/6\/2024\/12\/concours-deloquence-05-scaled-2.jpg\" \/>\n<meta name=\"twitter:creator\" content=\"@VosgesInfo88\" \/>\n<meta name=\"twitter:site\" content=\"@VosgesInfo88\" \/>\n<meta name=\"twitter:label1\" content=\"\u00c9crit par\" \/>\n\t<meta name=\"twitter:data1\" content=\"C.K.\" \/>\n\t<meta name=\"twitter:label2\" content=\"Dur\u00e9e de lecture estim\u00e9e\" \/>\n\t<meta name=\"twitter:data2\" content=\"1 minute\" \/>\n<script type=\"application\/ld+json\" class=\"yoast-schema-graph\">{\"@context\":\"https:\/\/schema.org\",\"@graph\":[{\"@type\":\"Article\",\"@id\":\"https:\/\/vosgesinfo.fr\/gerardmerinfo\/2024\/12\/le-lycee-claude-gellee-participe-a-un-concours-deloquence\/#article\",\"isPartOf\":{\"@id\":\"https:\/\/vosgesinfo.fr\/gerardmerinfo\/2024\/12\/le-lycee-claude-gellee-participe-a-un-concours-deloquence\/\"},\"author\":{\"name\":\"C.K.\",\"@id\":\"https:\/\/vosgesinfo.fr\/gerardmerinfo\/#\/schema\/person\/6f9a650eeea99d969b6c4ab78fccbe81\"},\"headline\":\"Le lyc\u00e9e Claude Gell\u00e9e participe \u00e0 un concours d&rsquo;\u00e9loquence\",\"datePublished\":\"2024-12-06T09:35:21+00:00\",\"dateModified\":\"2024-12-06T09:35:21+00:00\",\"mainEntityOfPage\":{\"@id\":\"https:\/\/vosgesinfo.fr\/gerardmerinfo\/2024\/12\/le-lycee-claude-gellee-participe-a-un-concours-deloquence\/\"},\"wordCount\":244,\"commentCount\":0,\"publisher\":{\"@id\":\"https:\/\/vosgesinfo.fr\/gerardmerinfo\/#organization\"},\"image\":{\"@id\":\"https:\/\/vosgesinfo.fr\/gerardmerinfo\/2024\/12\/le-lycee-claude-gellee-participe-a-un-concours-deloquence\/#primaryimage\"},\"thumbnailUrl\":\"https:\/\/vosgesinfo.fr\/app\/uploads\/sites\/6\/2024\/12\/concours-deloquence-05-scaled-2.jpg\",\"articleSection\":[\"A la une\",\"Enseignement\",\"Epinal\",\"G\u00e9rardmer\",\"La plaine des vosges\",\"Remiremont\",\"Saint-di\u00e9\",\"Vosges\"],\"inLanguage\":\"fr-FR\",\"potentialAction\":[{\"@type\":\"CommentAction\",\"name\":\"Comment\",\"target\":[\"https:\/\/vosgesinfo.fr\/gerardmerinfo\/2024\/12\/le-lycee-claude-gellee-participe-a-un-concours-deloquence\/#respond\"]}]},{\"@type\":\"WebPage\",\"@id\":\"https:\/\/vosgesinfo.fr\/gerardmerinfo\/2024\/12\/le-lycee-claude-gellee-participe-a-un-concours-deloquence\/\",\"url\":\"https:\/\/vosgesinfo.fr\/gerardmerinfo\/2024\/12\/le-lycee-claude-gellee-participe-a-un-concours-deloquence\/\",\"name\":\"Le lyc\u00e9e Claude Gell\u00e9e participe \u00e0 un concours d'\u00e9loquence - Gerardmer Info\",\"isPartOf\":{\"@id\":\"https:\/\/vosgesinfo.fr\/gerardmerinfo\/#website\"},\"primaryImageOfPage\":{\"@id\":\"https:\/\/vosgesinfo.fr\/gerardmerinfo\/2024\/12\/le-lycee-claude-gellee-participe-a-un-concours-deloquence\/#primaryimage\"},\"image\":{\"@id\":\"https:\/\/vosgesinfo.fr\/gerardmerinfo\/2024\/12\/le-lycee-claude-gellee-participe-a-un-concours-deloquence\/#primaryimage\"},\"thumbnailUrl\":\"https:\/\/vosgesinfo.fr\/app\/uploads\/sites\/6\/2024\/12\/concours-deloquence-05-scaled-2.jpg\",\"datePublished\":\"2024-12-06T09:35:21+00:00\",\"dateModified\":\"2024-12-06T09:35:21+00:00\",\"breadcrumb\":{\"@id\":\"https:\/\/vosgesinfo.fr\/gerardmerinfo\/2024\/12\/le-lycee-claude-gellee-participe-a-un-concours-deloquence\/#breadcrumb\"},\"inLanguage\":\"fr-FR\",\"potentialAction\":[{\"@type\":\"ReadAction\",\"target\":[\"https:\/\/vosgesinfo.fr\/gerardmerinfo\/2024\/12\/le-lycee-claude-gellee-participe-a-un-concours-deloquence\/\"]}]},{\"@type\":\"ImageObject\",\"inLanguage\":\"fr-FR\",\"@id\":\"https:\/\/vosgesinfo.fr\/gerardmerinfo\/2024\/12\/le-lycee-claude-gellee-participe-a-un-concours-deloquence\/#primaryimage\",\"url\":\"https:\/\/vosgesinfo.fr\/app\/uploads\/sites\/6\/2024\/12\/concours-deloquence-05-scaled-2.jpg\",\"contentUrl\":\"https:\/\/vosgesinfo.fr\/app\/uploads\/sites\/6\/2024\/12\/concours-deloquence-05-scaled-2.jpg\",\"width\":2560,\"height\":1709},{\"@type\":\"BreadcrumbList\",\"@id\":\"https:\/\/vosgesinfo.fr\/gerardmerinfo\/2024\/12\/le-lycee-claude-gellee-participe-a-un-concours-deloquence\/#breadcrumb\",\"itemListElement\":[{\"@type\":\"ListItem\",\"position\":1,\"name\":\"Home\",\"item\":\"https:\/\/vosgesinfo.fr\/gerardmerinfo\/\"},{\"@type\":\"ListItem\",\"position\":2,\"name\":\"Le lyc\u00e9e Claude Gell\u00e9e participe \u00e0 un concours d&rsquo;\u00e9loquence\"}]},{\"@type\":\"WebSite\",\"@id\":\"https:\/\/vosgesinfo.fr\/gerardmerinfo\/#website\",\"url\":\"https:\/\/vosgesinfo.fr\/gerardmerinfo\/\",\"name\":\"Gerardmer Info\",\"description\":\"Toute l&#039;actualit\u00e9 de G\u00e9rardmer\",\"publisher\":{\"@id\":\"https:\/\/vosgesinfo.fr\/gerardmerinfo\/#organization\"},\"alternateName\":\"Toute l'actualit\u00e9 de G\u00e9rardmer\",\"potentialAction\":[{\"@type\":\"SearchAction\",\"target\":{\"@type\":\"EntryPoint\",\"urlTemplate\":\"https:\/\/vosgesinfo.fr\/gerardmerinfo\/?s={search_term_string}\"},\"query-input\":\"required name=search_term_string\"}],\"inLanguage\":\"fr-FR\"},{\"@type\":\"Organization\",\"@id\":\"https:\/\/vosgesinfo.fr\/gerardmerinfo\/#organization\",\"name\":\"Gerardmer Info\",\"url\":\"https:\/\/vosgesinfo.fr\/gerardmerinfo\/\",\"logo\":{\"@type\":\"ImageObject\",\"inLanguage\":\"fr-FR\",\"@id\":\"https:\/\/vosgesinfo.fr\/gerardmerinfo\/#\/schema\/logo\/image\/\",\"url\":\"https:\/\/vosgesinfo.fr\/app\/uploads\/sites\/6\/2023\/08\/favicon-gerardmerinfo.png\",\"contentUrl\":\"https:\/\/vosgesinfo.fr\/app\/uploads\/sites\/6\/2023\/08\/favicon-gerardmerinfo.png\",\"width\":512,\"height\":512,\"caption\":\"Gerardmer Info\"},\"image\":{\"@id\":\"https:\/\/vosgesinfo.fr\/gerardmerinfo\/#\/schema\/logo\/image\/\"},\"sameAs\":[\"https:\/\/www.facebook.com\/profile.php?id=100049475262660\",\"https:\/\/x.com\/VosgesInfo88\",\"https:\/\/www.youtube.com\/@vosgesinfo\"]},{\"@type\":\"Person\",\"@id\":\"https:\/\/vosgesinfo.fr\/gerardmerinfo\/#\/schema\/person\/6f9a650eeea99d969b6c4ab78fccbe81\",\"name\":\"C.K.\",\"image\":{\"@type\":\"ImageObject\",\"inLanguage\":\"fr-FR\",\"@id\":\"https:\/\/vosgesinfo.fr\/gerardmerinfo\/#\/schema\/person\/image\/\",\"url\":\"https:\/\/secure.gravatar.com\/avatar\/48e3fc7f8421ba8942be6b74a2b7f014ca39bc00dece156b7a8e098ae7dc87bf?s=96&d=mm&r=g\",\"contentUrl\":\"https:\/\/secure.gravatar.com\/avatar\/48e3fc7f8421ba8942be6b74a2b7f014ca39bc00dece156b7a8e098ae7dc87bf?s=96&d=mm&r=g\",\"caption\":\"C.K.\"},\"url\":\"https:\/\/vosgesinfo.fr\/gerardmerinfo\/author\/celia-k-n\/\"}]}<\/script>\n<!-- \/ Yoast SEO plugin. -->","yoast_head_json":{"title":"Le lyc\u00e9e Claude Gell\u00e9e participe \u00e0 un concours d'\u00e9loquence - Gerardmer Info","robots":{"index":"index","follow":"follow","max-snippet":"max-snippet:-1","max-image-preview":"max-image-preview:large","max-video-preview":"max-video-preview:-1"},"canonical":"https:\/\/vosgesinfo.fr\/gerardmerinfo\/2024\/12\/le-lycee-claude-gellee-participe-a-un-concours-deloquence\/","twitter_card":"summary_large_image","twitter_title":"Le lyc\u00e9e Claude Gell\u00e9e participe \u00e0 un concours d'\u00e9loquence - Gerardmer Info","twitter_description":"Le lyc\u00e9e Claude Gell\u00e9e participe cette ann\u00e9e \u00e0 un concours d&rsquo;\u00e9loquence. Cette th\u00e9matique est ch\u00e8re au lyc\u00e9e Claude Gell\u00e9e qui [&hellip;]","twitter_image":"https:\/\/vosgesinfo.fr\/app\/uploads\/sites\/6\/2024\/12\/concours-deloquence-05-scaled-2.jpg","twitter_creator":"@VosgesInfo88","twitter_site":"@VosgesInfo88","twitter_misc":{"\u00c9crit par":"C.K.","Dur\u00e9e de lecture estim\u00e9e":"1 minute"},"schema":{"@context":"https:\/\/schema.org","@graph":[{"@type":"Article","@id":"https:\/\/vosgesinfo.fr\/gerardmerinfo\/2024\/12\/le-lycee-claude-gellee-participe-a-un-concours-deloquence\/#article","isPartOf":{"@id":"https:\/\/vosgesinfo.fr\/gerardmerinfo\/2024\/12\/le-lycee-claude-gellee-participe-a-un-concours-deloquence\/"},"author":{"name":"C.K.","@id":"https:\/\/vosgesinfo.fr\/gerardmerinfo\/#\/schema\/person\/6f9a650eeea99d969b6c4ab78fccbe81"},"headline":"Le lyc\u00e9e Claude Gell\u00e9e participe \u00e0 un concours d&rsquo;\u00e9loquence","datePublished":"2024-12-06T09:35:21+00:00","dateModified":"2024-12-06T09:35:21+00:00","mainEntityOfPage":{"@id":"https:\/\/vosgesinfo.fr\/gerardmerinfo\/2024\/12\/le-lycee-claude-gellee-participe-a-un-concours-deloquence\/"},"wordCount":244,"commentCount":0,"publisher":{"@id":"https:\/\/vosgesinfo.fr\/gerardmerinfo\/#organization"},"image":{"@id":"https:\/\/vosgesinfo.fr\/gerardmerinfo\/2024\/12\/le-lycee-claude-gellee-participe-a-un-concours-deloquence\/#primaryimage"},"thumbnailUrl":"https:\/\/vosgesinfo.fr\/app\/uploads\/sites\/6\/2024\/12\/concours-deloquence-05-scaled-2.jpg","articleSection":["A la une","Enseignement","Epinal","G\u00e9rardmer","La plaine des vosges","Remiremont","Saint-di\u00e9","Vosges"],"inLanguage":"fr-FR","potentialAction":[{"@type":"CommentAction","name":"Comment","target":["https:\/\/vosgesinfo.fr\/gerardmerinfo\/2024\/12\/le-lycee-claude-gellee-participe-a-un-concours-deloquence\/#respond"]}]},{"@type":"WebPage","@id":"https:\/\/vosgesinfo.fr\/gerardmerinfo\/2024\/12\/le-lycee-claude-gellee-participe-a-un-concours-deloquence\/","url":"https:\/\/vosgesinfo.fr\/gerardmerinfo\/2024\/12\/le-lycee-claude-gellee-participe-a-un-concours-deloquence\/","name":"Le lyc\u00e9e Claude Gell\u00e9e participe \u00e0 un concours d'\u00e9loquence - Gerardmer Info","isPartOf":{"@id":"https:\/\/vosgesinfo.fr\/gerardmerinfo\/#website"},"primaryImageOfPage":{"@id":"https:\/\/vosgesinfo.fr\/gerardmerinfo\/2024\/12\/le-lycee-claude-gellee-participe-a-un-concours-deloquence\/#primaryimage"},"image":{"@id":"https:\/\/vosgesinfo.fr\/gerardmerinfo\/2024\/12\/le-lycee-claude-gellee-participe-a-un-concours-deloquence\/#primaryimage"},"thumbnailUrl":"https:\/\/vosgesinfo.fr\/app\/uploads\/sites\/6\/2024\/12\/concours-deloquence-05-scaled-2.jpg","datePublished":"2024-12-06T09:35:21+00:00","dateModified":"2024-12-06T09:35:21+00:00","breadcrumb":{"@id":"https:\/\/vosgesinfo.fr\/gerardmerinfo\/2024\/12\/le-lycee-claude-gellee-participe-a-un-concours-deloquence\/#breadcrumb"},"inLanguage":"fr-FR","potentialAction":[{"@type":"ReadAction","target":["https:\/\/vosgesinfo.fr\/gerardmerinfo\/2024\/12\/le-lycee-claude-gellee-participe-a-un-concours-deloquence\/"]}]},{"@type":"ImageObject","inLanguage":"fr-FR","@id":"https:\/\/vosgesinfo.fr\/gerardmerinfo\/2024\/12\/le-lycee-claude-gellee-participe-a-un-concours-deloquence\/#primaryimage","url":"https:\/\/vosgesinfo.fr\/app\/uploads\/sites\/6\/2024\/12\/concours-deloquence-05-scaled-2.jpg","contentUrl":"https:\/\/vosgesinfo.fr\/app\/uploads\/sites\/6\/2024\/12\/concours-deloquence-05-scaled-2.jpg","width":2560,"height":1709},{"@type":"BreadcrumbList","@id":"https:\/\/vosgesinfo.fr\/gerardmerinfo\/2024\/12\/le-lycee-claude-gellee-participe-a-un-concours-deloquence\/#breadcrumb","itemListElement":[{"@type":"ListItem","position":1,"name":"Home","item":"https:\/\/vosgesinfo.fr\/gerardmerinfo\/"},{"@type":"ListItem","position":2,"name":"Le lyc\u00e9e Claude Gell\u00e9e participe \u00e0 un concours d&rsquo;\u00e9loquence"}]},{"@type":"WebSite","@id":"https:\/\/vosgesinfo.fr\/gerardmerinfo\/#website","url":"https:\/\/vosgesinfo.fr\/gerardmerinfo\/","name":"Gerardmer Info","description":"Toute l&#039;actualit\u00e9 de G\u00e9rardmer","publisher":{"@id":"https:\/\/vosgesinfo.fr\/gerardmerinfo\/#organization"},"alternateName":"Toute l'actualit\u00e9 de G\u00e9rardmer","potentialAction":[{"@type":"SearchAction","target":{"@type":"EntryPoint","urlTemplate":"https:\/\/vosgesinfo.fr\/gerardmerinfo\/?s={search_term_string}"},"query-input":"required name=search_term_string"}],"inLanguage":"fr-FR"},{"@type":"Organization","@id":"https:\/\/vosgesinfo.fr\/gerardmerinfo\/#organization","name":"Gerardmer Info","url":"https:\/\/vosgesinfo.fr\/gerardmerinfo\/","logo":{"@type":"ImageObject","inLanguage":"fr-FR","@id":"https:\/\/vosgesinfo.fr\/gerardmerinfo\/#\/schema\/logo\/image\/","url":"https:\/\/vosgesinfo.fr\/app\/uploads\/sites\/6\/2023\/08\/favicon-gerardmerinfo.png","contentUrl":"https:\/\/vosgesinfo.fr\/app\/uploads\/sites\/6\/2023\/08\/favicon-gerardmerinfo.png","width":512,"height":512,"caption":"Gerardmer Info"},"image":{"@id":"https:\/\/vosgesinfo.fr\/gerardmerinfo\/#\/schema\/logo\/image\/"},"sameAs":["https:\/\/www.facebook.com\/profile.php?id=100049475262660","https:\/\/x.com\/VosgesInfo88","https:\/\/www.youtube.com\/@vosgesinfo"]},{"@type":"Person","@id":"https:\/\/vosgesinfo.fr\/gerardmerinfo\/#\/schema\/person\/6f9a650eeea99d969b6c4ab78fccbe81","name":"C.K.","image":{"@type":"ImageObject","inLanguage":"fr-FR","@id":"https:\/\/vosgesinfo.fr\/gerardmerinfo\/#\/schema\/person\/image\/","url":"https:\/\/secure.gravatar.com\/avatar\/48e3fc7f8421ba8942be6b74a2b7f014ca39bc00dece156b7a8e098ae7dc87bf?s=96&d=mm&r=g","contentUrl":"https:\/\/secure.gravatar.com\/avatar\/48e3fc7f8421ba8942be6b74a2b7f014ca39bc00dece156b7a8e098ae7dc87bf?s=96&d=mm&r=g","caption":"C.K."},"url":"https:\/\/vosgesinfo.fr\/gerardmerinfo\/author\/celia-k-n\/"}]}},"_links":{"self":[{"href":"https:\/\/vosgesinfo.fr\/gerardmerinfo\/wp-json\/wp\/v2\/posts\/71793","targetHints":{"allow":["GET"]}}],"collection":[{"href":"https:\/\/vosgesinfo.fr\/gerardmerinfo\/wp-json\/wp\/v2\/posts"}],"about":[{"href":"https:\/\/vosgesinfo.fr\/gerardmerinfo\/wp-json\/wp\/v2\/types\/post"}],"author":[{"embeddable":true,"href":"https:\/\/vosgesinfo.fr\/gerardmerinfo\/wp-json\/wp\/v2\/users\/52"}],"replies":[{"embeddable":true,"href":"https:\/\/vosgesinfo.fr\/gerardmerinfo\/wp-json\/wp\/v2\/comments?post=71793"}],"version-history":[{"count":0,"href":"https:\/\/vosgesinfo.fr\/gerardmerinfo\/wp-json\/wp\/v2\/posts\/71793\/revisions"}],"wp:featuredmedia":[{"embeddable":true,"href":"https:\/\/vosgesinfo.fr\/gerardmerinfo\/wp-json\/wp\/v2\/media\/71794"}],"wp:attachment":[{"href":"https:\/\/vosgesinfo.fr\/gerardmerinfo\/wp-json\/wp\/v2\/media?parent=71793"}],"wp:term":[{"taxonomy":"category","embeddable":true,"href":"https:\/\/vosgesinfo.fr\/gerardmerinfo\/wp-json\/wp\/v2\/categories?post=71793"},{"taxonomy":"post_tag","embeddable":true,"href":"https:\/\/vosgesinfo.fr\/gerardmerinfo\/wp-json\/wp\/v2\/tags?post=71793"}],"curies":[{"name":"wp","href":"https:\/\/api.w.org\/{rel}","templated":true}]}}