{"id":71800,"date":"2024-12-08T05:57:26","date_gmt":"2024-12-08T04:57:26","guid":{"rendered":"https:\/\/vosgesinfo.fr\/gerardmerinfo\/?p=71800"},"modified":"2024-12-06T13:13:34","modified_gmt":"2024-12-06T12:13:34","slug":"ecole-de-musique-2-prestations-avec-les-classes-de-formations-musicales-de-1er-cycle","status":"publish","type":"post","link":"https:\/\/vosgesinfo.fr\/gerardmerinfo\/2024\/12\/ecole-de-musique-2-prestations-avec-les-classes-de-formations-musicales-de-1er-cycle\/","title":{"rendered":"\u00c9cole de musique &#8211; 2 prestations avec les classes de formations musicales de 1er cycle"},"content":{"rendered":"<h3>Les classes de formations musicales de 1<sup>er<\/sup> cycle des sites d\u2019enseignement de G\u00e9rardmer et Granges-Aumontzey vous propose deux prestations\u00a0:<\/h3>\n<p>&nbsp;<\/p>\n<ul>\n<li>Mercredi 18 d\u00e9cembre \u00e0 15h00 \u2013 salle des f\u00eates de Granges-Aumontzey\u00a0: ils participent au go\u00fbter de No\u00ebl organis\u00e9 par le CCAS<\/li>\n<li>Vendredi 20 d\u00e9cembre \u00e0 18h00 \u2013 Auditorium de la Maison de la Musique \u00e0 G\u00e9rardmer\u00a0: audition de No\u00ebl avec la participation en plus, de quelques \u00e9l\u00e8ves instrumentistes et petits ensembles.<\/li>\n<\/ul>\n<p>&nbsp;<\/p>\n<p><a href=\"https:\/\/vosgesinfo.fr\/app\/uploads\/sites\/6\/2024\/12\/chants-de-noel.png\"><img decoding=\"async\" class=\"aligncenter size-large wp-image-71801\" src=\"https:\/\/vosgesinfo.fr\/app\/uploads\/sites\/6\/2024\/12\/chants-de-noel-724x1024.png\" alt=\"\" width=\"724\" height=\"1024\" srcset=\"https:\/\/vosgesinfo.fr\/app\/uploads\/sites\/6\/2024\/12\/chants-de-noel-724x1024.png 724w, https:\/\/vosgesinfo.fr\/app\/uploads\/sites\/6\/2024\/12\/chants-de-noel-212x300.png 212w, https:\/\/vosgesinfo.fr\/app\/uploads\/sites\/6\/2024\/12\/chants-de-noel-768x1086.png 768w, https:\/\/vosgesinfo.fr\/app\/uploads\/sites\/6\/2024\/12\/chants-de-noel-1086x1536.png 1086w, https:\/\/vosgesinfo.fr\/app\/uploads\/sites\/6\/2024\/12\/chants-de-noel-1448x2048.png 1448w, https:\/\/vosgesinfo.fr\/app\/uploads\/sites\/6\/2024\/12\/chants-de-noel.png 1587w\" sizes=\"(max-width: 724px) 100vw, 724px\" \/><\/a><\/p>\n","protected":false},"excerpt":{"rendered":"<p>Les classes de formations musicales de 1er cycle des sites d\u2019enseignement de G\u00e9rardmer et Granges-Aumontzey vous propose deux prestations\u00a0: &nbsp; [&hellip;]<\/p>\n","protected":false},"author":391,"featured_media":71801,"comment_status":"open","ping_status":"open","sticky":false,"template":"","format":"standard","meta":{"footnotes":""},"categories":[20,34],"tags":[302],"class_list":["post-71800","post","type-post","status-publish","format-standard","has-post-thumbnail","hentry","category-a-la-une","category-concert","tag-ecole-de-musique-intercommunale"],"acf":[],"yoast_head":"<!-- This site is optimized with the Yoast SEO plugin v22.5 - https:\/\/yoast.com\/wordpress\/plugins\/seo\/ -->\n<title>\u00c9cole de musique - 2 prestations avec les classes de formations musicales de 1er cycle - Gerardmer Info<\/title>\n<meta name=\"robots\" content=\"index, follow, max-snippet:-1, max-image-preview:large, max-video-preview:-1\" \/>\n<link rel=\"canonical\" href=\"https:\/\/vosgesinfo.fr\/gerardmerinfo\/2024\/12\/ecole-de-musique-2-prestations-avec-les-classes-de-formations-musicales-de-1er-cycle\/\" \/>\n<meta name=\"twitter:card\" content=\"summary_large_image\" \/>\n<meta name=\"twitter:title\" content=\"\u00c9cole de musique - 2 prestations avec les classes de formations musicales de 1er cycle - Gerardmer Info\" \/>\n<meta name=\"twitter:description\" content=\"Les classes de formations musicales de 1er cycle des sites d\u2019enseignement de G\u00e9rardmer et Granges-Aumontzey vous propose deux prestations\u00a0: &nbsp; [&hellip;]\" \/>\n<meta name=\"twitter:image\" content=\"https:\/\/vosgesinfo.fr\/app\/uploads\/sites\/6\/2024\/12\/chants-de-noel.png\" \/>\n<meta name=\"twitter:creator\" content=\"@VosgesInfo88\" \/>\n<meta name=\"twitter:site\" content=\"@VosgesInfo88\" \/>\n<meta name=\"twitter:label1\" content=\"\u00c9crit par\" \/>\n\t<meta name=\"twitter:data1\" content=\"La redaction\" \/>\n<script type=\"application\/ld+json\" class=\"yoast-schema-graph\">{\"@context\":\"https:\/\/schema.org\",\"@graph\":[{\"@type\":\"Article\",\"@id\":\"https:\/\/vosgesinfo.fr\/gerardmerinfo\/2024\/12\/ecole-de-musique-2-prestations-avec-les-classes-de-formations-musicales-de-1er-cycle\/#article\",\"isPartOf\":{\"@id\":\"https:\/\/vosgesinfo.fr\/gerardmerinfo\/2024\/12\/ecole-de-musique-2-prestations-avec-les-classes-de-formations-musicales-de-1er-cycle\/\"},\"author\":{\"name\":\"La redaction\",\"@id\":\"https:\/\/vosgesinfo.fr\/gerardmerinfo\/#\/schema\/person\/27a3695b06db98895b354c0765cdfc31\"},\"headline\":\"\u00c9cole de musique &#8211; 2 prestations avec les classes de formations musicales de 1er cycle\",\"datePublished\":\"2024-12-08T04:57:26+00:00\",\"dateModified\":\"2024-12-06T12:13:34+00:00\",\"mainEntityOfPage\":{\"@id\":\"https:\/\/vosgesinfo.fr\/gerardmerinfo\/2024\/12\/ecole-de-musique-2-prestations-avec-les-classes-de-formations-musicales-de-1er-cycle\/\"},\"wordCount\":89,\"commentCount\":0,\"publisher\":{\"@id\":\"https:\/\/vosgesinfo.fr\/gerardmerinfo\/#organization\"},\"image\":{\"@id\":\"https:\/\/vosgesinfo.fr\/gerardmerinfo\/2024\/12\/ecole-de-musique-2-prestations-avec-les-classes-de-formations-musicales-de-1er-cycle\/#primaryimage\"},\"thumbnailUrl\":\"https:\/\/vosgesinfo.fr\/app\/uploads\/sites\/6\/2024\/12\/chants-de-noel.png\",\"keywords\":[\"ecole de musique intercommunale\"],\"articleSection\":[\"A la une\",\"Concert\"],\"inLanguage\":\"fr-FR\",\"potentialAction\":[{\"@type\":\"CommentAction\",\"name\":\"Comment\",\"target\":[\"https:\/\/vosgesinfo.fr\/gerardmerinfo\/2024\/12\/ecole-de-musique-2-prestations-avec-les-classes-de-formations-musicales-de-1er-cycle\/#respond\"]}]},{\"@type\":\"WebPage\",\"@id\":\"https:\/\/vosgesinfo.fr\/gerardmerinfo\/2024\/12\/ecole-de-musique-2-prestations-avec-les-classes-de-formations-musicales-de-1er-cycle\/\",\"url\":\"https:\/\/vosgesinfo.fr\/gerardmerinfo\/2024\/12\/ecole-de-musique-2-prestations-avec-les-classes-de-formations-musicales-de-1er-cycle\/\",\"name\":\"\u00c9cole de musique - 2 prestations avec les classes de formations musicales de 1er cycle - Gerardmer Info\",\"isPartOf\":{\"@id\":\"https:\/\/vosgesinfo.fr\/gerardmerinfo\/#website\"},\"primaryImageOfPage\":{\"@id\":\"https:\/\/vosgesinfo.fr\/gerardmerinfo\/2024\/12\/ecole-de-musique-2-prestations-avec-les-classes-de-formations-musicales-de-1er-cycle\/#primaryimage\"},\"image\":{\"@id\":\"https:\/\/vosgesinfo.fr\/gerardmerinfo\/2024\/12\/ecole-de-musique-2-prestations-avec-les-classes-de-formations-musicales-de-1er-cycle\/#primaryimage\"},\"thumbnailUrl\":\"https:\/\/vosgesinfo.fr\/app\/uploads\/sites\/6\/2024\/12\/chants-de-noel.png\",\"datePublished\":\"2024-12-08T04:57:26+00:00\",\"dateModified\":\"2024-12-06T12:13:34+00:00\",\"breadcrumb\":{\"@id\":\"https:\/\/vosgesinfo.fr\/gerardmerinfo\/2024\/12\/ecole-de-musique-2-prestations-avec-les-classes-de-formations-musicales-de-1er-cycle\/#breadcrumb\"},\"inLanguage\":\"fr-FR\",\"potentialAction\":[{\"@type\":\"ReadAction\",\"target\":[\"https:\/\/vosgesinfo.fr\/gerardmerinfo\/2024\/12\/ecole-de-musique-2-prestations-avec-les-classes-de-formations-musicales-de-1er-cycle\/\"]}]},{\"@type\":\"ImageObject\",\"inLanguage\":\"fr-FR\",\"@id\":\"https:\/\/vosgesinfo.fr\/gerardmerinfo\/2024\/12\/ecole-de-musique-2-prestations-avec-les-classes-de-formations-musicales-de-1er-cycle\/#primaryimage\",\"url\":\"https:\/\/vosgesinfo.fr\/app\/uploads\/sites\/6\/2024\/12\/chants-de-noel.png\",\"contentUrl\":\"https:\/\/vosgesinfo.fr\/app\/uploads\/sites\/6\/2024\/12\/chants-de-noel.png\",\"width\":1587,\"height\":2245},{\"@type\":\"BreadcrumbList\",\"@id\":\"https:\/\/vosgesinfo.fr\/gerardmerinfo\/2024\/12\/ecole-de-musique-2-prestations-avec-les-classes-de-formations-musicales-de-1er-cycle\/#breadcrumb\",\"itemListElement\":[{\"@type\":\"ListItem\",\"position\":1,\"name\":\"Home\",\"item\":\"https:\/\/vosgesinfo.fr\/gerardmerinfo\/\"},{\"@type\":\"ListItem\",\"position\":2,\"name\":\"\u00c9cole de musique &#8211; 2 prestations avec les classes de formations musicales de 1er cycle\"}]},{\"@type\":\"WebSite\",\"@id\":\"https:\/\/vosgesinfo.fr\/gerardmerinfo\/#website\",\"url\":\"https:\/\/vosgesinfo.fr\/gerardmerinfo\/\",\"name\":\"Gerardmer Info\",\"description\":\"Toute l&#039;actualit\u00e9 de G\u00e9rardmer\",\"publisher\":{\"@id\":\"https:\/\/vosgesinfo.fr\/gerardmerinfo\/#organization\"},\"alternateName\":\"Toute l'actualit\u00e9 de G\u00e9rardmer\",\"potentialAction\":[{\"@type\":\"SearchAction\",\"target\":{\"@type\":\"EntryPoint\",\"urlTemplate\":\"https:\/\/vosgesinfo.fr\/gerardmerinfo\/?s={search_term_string}\"},\"query-input\":\"required name=search_term_string\"}],\"inLanguage\":\"fr-FR\"},{\"@type\":\"Organization\",\"@id\":\"https:\/\/vosgesinfo.fr\/gerardmerinfo\/#organization\",\"name\":\"Gerardmer Info\",\"url\":\"https:\/\/vosgesinfo.fr\/gerardmerinfo\/\",\"logo\":{\"@type\":\"ImageObject\",\"inLanguage\":\"fr-FR\",\"@id\":\"https:\/\/vosgesinfo.fr\/gerardmerinfo\/#\/schema\/logo\/image\/\",\"url\":\"https:\/\/vosgesinfo.fr\/app\/uploads\/sites\/6\/2023\/08\/favicon-gerardmerinfo.png\",\"contentUrl\":\"https:\/\/vosgesinfo.fr\/app\/uploads\/sites\/6\/2023\/08\/favicon-gerardmerinfo.png\",\"width\":512,\"height\":512,\"caption\":\"Gerardmer Info\"},\"image\":{\"@id\":\"https:\/\/vosgesinfo.fr\/gerardmerinfo\/#\/schema\/logo\/image\/\"},\"sameAs\":[\"https:\/\/www.facebook.com\/profile.php?id=100049475262660\",\"https:\/\/x.com\/VosgesInfo88\",\"https:\/\/www.youtube.com\/@vosgesinfo\"]},{\"@type\":\"Person\",\"@id\":\"https:\/\/vosgesinfo.fr\/gerardmerinfo\/#\/schema\/person\/27a3695b06db98895b354c0765cdfc31\",\"name\":\"La redaction\",\"image\":{\"@type\":\"ImageObject\",\"inLanguage\":\"fr-FR\",\"@id\":\"https:\/\/vosgesinfo.fr\/gerardmerinfo\/#\/schema\/person\/image\/\",\"url\":\"https:\/\/secure.gravatar.com\/avatar\/64c76a78e501cedee55736f43f332df901e1896ae9cd8fad269ae2236dd0e8b6?s=96&d=mm&r=g\",\"contentUrl\":\"https:\/\/secure.gravatar.com\/avatar\/64c76a78e501cedee55736f43f332df901e1896ae9cd8fad269ae2236dd0e8b6?s=96&d=mm&r=g\",\"caption\":\"La redaction\"},\"url\":\"https:\/\/vosgesinfo.fr\/gerardmerinfo\/author\/la-redaction\/\"}]}<\/script>\n<!-- \/ Yoast SEO plugin. -->","yoast_head_json":{"title":"\u00c9cole de musique - 2 prestations avec les classes de formations musicales de 1er cycle - Gerardmer Info","robots":{"index":"index","follow":"follow","max-snippet":"max-snippet:-1","max-image-preview":"max-image-preview:large","max-video-preview":"max-video-preview:-1"},"canonical":"https:\/\/vosgesinfo.fr\/gerardmerinfo\/2024\/12\/ecole-de-musique-2-prestations-avec-les-classes-de-formations-musicales-de-1er-cycle\/","twitter_card":"summary_large_image","twitter_title":"\u00c9cole de musique - 2 prestations avec les classes de formations musicales de 1er cycle - Gerardmer Info","twitter_description":"Les classes de formations musicales de 1er cycle des sites d\u2019enseignement de G\u00e9rardmer et Granges-Aumontzey vous propose deux prestations\u00a0: &nbsp; [&hellip;]","twitter_image":"https:\/\/vosgesinfo.fr\/app\/uploads\/sites\/6\/2024\/12\/chants-de-noel.png","twitter_creator":"@VosgesInfo88","twitter_site":"@VosgesInfo88","twitter_misc":{"\u00c9crit par":"La redaction"},"schema":{"@context":"https:\/\/schema.org","@graph":[{"@type":"Article","@id":"https:\/\/vosgesinfo.fr\/gerardmerinfo\/2024\/12\/ecole-de-musique-2-prestations-avec-les-classes-de-formations-musicales-de-1er-cycle\/#article","isPartOf":{"@id":"https:\/\/vosgesinfo.fr\/gerardmerinfo\/2024\/12\/ecole-de-musique-2-prestations-avec-les-classes-de-formations-musicales-de-1er-cycle\/"},"author":{"name":"La redaction","@id":"https:\/\/vosgesinfo.fr\/gerardmerinfo\/#\/schema\/person\/27a3695b06db98895b354c0765cdfc31"},"headline":"\u00c9cole de musique &#8211; 2 prestations avec les classes de formations musicales de 1er cycle","datePublished":"2024-12-08T04:57:26+00:00","dateModified":"2024-12-06T12:13:34+00:00","mainEntityOfPage":{"@id":"https:\/\/vosgesinfo.fr\/gerardmerinfo\/2024\/12\/ecole-de-musique-2-prestations-avec-les-classes-de-formations-musicales-de-1er-cycle\/"},"wordCount":89,"commentCount":0,"publisher":{"@id":"https:\/\/vosgesinfo.fr\/gerardmerinfo\/#organization"},"image":{"@id":"https:\/\/vosgesinfo.fr\/gerardmerinfo\/2024\/12\/ecole-de-musique-2-prestations-avec-les-classes-de-formations-musicales-de-1er-cycle\/#primaryimage"},"thumbnailUrl":"https:\/\/vosgesinfo.fr\/app\/uploads\/sites\/6\/2024\/12\/chants-de-noel.png","keywords":["ecole de musique intercommunale"],"articleSection":["A la une","Concert"],"inLanguage":"fr-FR","potentialAction":[{"@type":"CommentAction","name":"Comment","target":["https:\/\/vosgesinfo.fr\/gerardmerinfo\/2024\/12\/ecole-de-musique-2-prestations-avec-les-classes-de-formations-musicales-de-1er-cycle\/#respond"]}]},{"@type":"WebPage","@id":"https:\/\/vosgesinfo.fr\/gerardmerinfo\/2024\/12\/ecole-de-musique-2-prestations-avec-les-classes-de-formations-musicales-de-1er-cycle\/","url":"https:\/\/vosgesinfo.fr\/gerardmerinfo\/2024\/12\/ecole-de-musique-2-prestations-avec-les-classes-de-formations-musicales-de-1er-cycle\/","name":"\u00c9cole de musique - 2 prestations avec les classes de formations musicales de 1er cycle - Gerardmer Info","isPartOf":{"@id":"https:\/\/vosgesinfo.fr\/gerardmerinfo\/#website"},"primaryImageOfPage":{"@id":"https:\/\/vosgesinfo.fr\/gerardmerinfo\/2024\/12\/ecole-de-musique-2-prestations-avec-les-classes-de-formations-musicales-de-1er-cycle\/#primaryimage"},"image":{"@id":"https:\/\/vosgesinfo.fr\/gerardmerinfo\/2024\/12\/ecole-de-musique-2-prestations-avec-les-classes-de-formations-musicales-de-1er-cycle\/#primaryimage"},"thumbnailUrl":"https:\/\/vosgesinfo.fr\/app\/uploads\/sites\/6\/2024\/12\/chants-de-noel.png","datePublished":"2024-12-08T04:57:26+00:00","dateModified":"2024-12-06T12:13:34+00:00","breadcrumb":{"@id":"https:\/\/vosgesinfo.fr\/gerardmerinfo\/2024\/12\/ecole-de-musique-2-prestations-avec-les-classes-de-formations-musicales-de-1er-cycle\/#breadcrumb"},"inLanguage":"fr-FR","potentialAction":[{"@type":"ReadAction","target":["https:\/\/vosgesinfo.fr\/gerardmerinfo\/2024\/12\/ecole-de-musique-2-prestations-avec-les-classes-de-formations-musicales-de-1er-cycle\/"]}]},{"@type":"ImageObject","inLanguage":"fr-FR","@id":"https:\/\/vosgesinfo.fr\/gerardmerinfo\/2024\/12\/ecole-de-musique-2-prestations-avec-les-classes-de-formations-musicales-de-1er-cycle\/#primaryimage","url":"https:\/\/vosgesinfo.fr\/app\/uploads\/sites\/6\/2024\/12\/chants-de-noel.png","contentUrl":"https:\/\/vosgesinfo.fr\/app\/uploads\/sites\/6\/2024\/12\/chants-de-noel.png","width":1587,"height":2245},{"@type":"BreadcrumbList","@id":"https:\/\/vosgesinfo.fr\/gerardmerinfo\/2024\/12\/ecole-de-musique-2-prestations-avec-les-classes-de-formations-musicales-de-1er-cycle\/#breadcrumb","itemListElement":[{"@type":"ListItem","position":1,"name":"Home","item":"https:\/\/vosgesinfo.fr\/gerardmerinfo\/"},{"@type":"ListItem","position":2,"name":"\u00c9cole de musique &#8211; 2 prestations avec les classes de formations musicales de 1er cycle"}]},{"@type":"WebSite","@id":"https:\/\/vosgesinfo.fr\/gerardmerinfo\/#website","url":"https:\/\/vosgesinfo.fr\/gerardmerinfo\/","name":"Gerardmer Info","description":"Toute l&#039;actualit\u00e9 de G\u00e9rardmer","publisher":{"@id":"https:\/\/vosgesinfo.fr\/gerardmerinfo\/#organization"},"alternateName":"Toute l'actualit\u00e9 de G\u00e9rardmer","potentialAction":[{"@type":"SearchAction","target":{"@type":"EntryPoint","urlTemplate":"https:\/\/vosgesinfo.fr\/gerardmerinfo\/?s={search_term_string}"},"query-input":"required name=search_term_string"}],"inLanguage":"fr-FR"},{"@type":"Organization","@id":"https:\/\/vosgesinfo.fr\/gerardmerinfo\/#organization","name":"Gerardmer Info","url":"https:\/\/vosgesinfo.fr\/gerardmerinfo\/","logo":{"@type":"ImageObject","inLanguage":"fr-FR","@id":"https:\/\/vosgesinfo.fr\/gerardmerinfo\/#\/schema\/logo\/image\/","url":"https:\/\/vosgesinfo.fr\/app\/uploads\/sites\/6\/2023\/08\/favicon-gerardmerinfo.png","contentUrl":"https:\/\/vosgesinfo.fr\/app\/uploads\/sites\/6\/2023\/08\/favicon-gerardmerinfo.png","width":512,"height":512,"caption":"Gerardmer Info"},"image":{"@id":"https:\/\/vosgesinfo.fr\/gerardmerinfo\/#\/schema\/logo\/image\/"},"sameAs":["https:\/\/www.facebook.com\/profile.php?id=100049475262660","https:\/\/x.com\/VosgesInfo88","https:\/\/www.youtube.com\/@vosgesinfo"]},{"@type":"Person","@id":"https:\/\/vosgesinfo.fr\/gerardmerinfo\/#\/schema\/person\/27a3695b06db98895b354c0765cdfc31","name":"La redaction","image":{"@type":"ImageObject","inLanguage":"fr-FR","@id":"https:\/\/vosgesinfo.fr\/gerardmerinfo\/#\/schema\/person\/image\/","url":"https:\/\/secure.gravatar.com\/avatar\/64c76a78e501cedee55736f43f332df901e1896ae9cd8fad269ae2236dd0e8b6?s=96&d=mm&r=g","contentUrl":"https:\/\/secure.gravatar.com\/avatar\/64c76a78e501cedee55736f43f332df901e1896ae9cd8fad269ae2236dd0e8b6?s=96&d=mm&r=g","caption":"La redaction"},"url":"https:\/\/vosgesinfo.fr\/gerardmerinfo\/author\/la-redaction\/"}]}},"_links":{"self":[{"href":"https:\/\/vosgesinfo.fr\/gerardmerinfo\/wp-json\/wp\/v2\/posts\/71800","targetHints":{"allow":["GET"]}}],"collection":[{"href":"https:\/\/vosgesinfo.fr\/gerardmerinfo\/wp-json\/wp\/v2\/posts"}],"about":[{"href":"https:\/\/vosgesinfo.fr\/gerardmerinfo\/wp-json\/wp\/v2\/types\/post"}],"author":[{"embeddable":true,"href":"https:\/\/vosgesinfo.fr\/gerardmerinfo\/wp-json\/wp\/v2\/users\/391"}],"replies":[{"embeddable":true,"href":"https:\/\/vosgesinfo.fr\/gerardmerinfo\/wp-json\/wp\/v2\/comments?post=71800"}],"version-history":[{"count":1,"href":"https:\/\/vosgesinfo.fr\/gerardmerinfo\/wp-json\/wp\/v2\/posts\/71800\/revisions"}],"predecessor-version":[{"id":71802,"href":"https:\/\/vosgesinfo.fr\/gerardmerinfo\/wp-json\/wp\/v2\/posts\/71800\/revisions\/71802"}],"wp:featuredmedia":[{"embeddable":true,"href":"https:\/\/vosgesinfo.fr\/gerardmerinfo\/wp-json\/wp\/v2\/media\/71801"}],"wp:attachment":[{"href":"https:\/\/vosgesinfo.fr\/gerardmerinfo\/wp-json\/wp\/v2\/media?parent=71800"}],"wp:term":[{"taxonomy":"category","embeddable":true,"href":"https:\/\/vosgesinfo.fr\/gerardmerinfo\/wp-json\/wp\/v2\/categories?post=71800"},{"taxonomy":"post_tag","embeddable":true,"href":"https:\/\/vosgesinfo.fr\/gerardmerinfo\/wp-json\/wp\/v2\/tags?post=71800"}],"curies":[{"name":"wp","href":"https:\/\/api.w.org\/{rel}","templated":true}]}}