{"id":71803,"date":"2024-12-08T05:59:10","date_gmt":"2024-12-08T04:59:10","guid":{"rendered":"https:\/\/vosgesinfo.fr\/gerardmerinfo\/?p=71803"},"modified":"2024-12-06T14:10:45","modified_gmt":"2024-12-06T13:10:45","slug":"le-grattoir-les-conferences-ont-trouve-leur-rythme-de-croisiere","status":"publish","type":"post","link":"https:\/\/vosgesinfo.fr\/gerardmerinfo\/2024\/12\/le-grattoir-les-conferences-ont-trouve-leur-rythme-de-croisiere\/","title":{"rendered":"Le Grattoir &#8211; les conf\u00e9rences ont trouv\u00e9 leur rythme de croisi\u00e8re"},"content":{"rendered":"\n\t\t<style type=\"text\/css\">\n\t\t\t#gallery-1 {\n\t\t\t\tmargin: auto;\n\t\t\t}\n\t\t\t#gallery-1 .gallery-item {\n\t\t\t\tfloat: left;\n\t\t\t\tmargin-top: 10px;\n\t\t\t\ttext-align: center;\n\t\t\t\twidth: 50%;\n\t\t\t}\n\t\t\t#gallery-1 img {\n\t\t\t\tborder: 2px solid #cfcfcf;\n\t\t\t}\n\t\t\t#gallery-1 .gallery-caption {\n\t\t\t\tmargin-left: 0;\n\t\t\t}\n\t\t\t\/* see gallery_shortcode() in wp-includes\/media.php *\/\n\t\t<\/style>\n\t\t<div id='gallery-1' class='gallery galleryid-71803 gallery-columns-2 gallery-size-medium'><dl class='gallery-item'>\n\t\t\t<dt class='gallery-icon landscape'>\n\t\t\t\t<a href='https:\/\/vosgesinfo.fr\/app\/uploads\/sites\/6\/2024\/12\/20230509-212330-scaled.jpg'><img decoding=\"async\" width=\"300\" height=\"169\" src=\"https:\/\/vosgesinfo.fr\/app\/uploads\/sites\/6\/2024\/12\/20230509-212330-300x169.jpg\" class=\"attachment-medium size-medium\" alt=\"\" srcset=\"https:\/\/vosgesinfo.fr\/app\/uploads\/sites\/6\/2024\/12\/20230509-212330-300x169.jpg 300w, https:\/\/vosgesinfo.fr\/app\/uploads\/sites\/6\/2024\/12\/20230509-212330-1024x576.jpg 1024w, https:\/\/vosgesinfo.fr\/app\/uploads\/sites\/6\/2024\/12\/20230509-212330-768x432.jpg 768w, https:\/\/vosgesinfo.fr\/app\/uploads\/sites\/6\/2024\/12\/20230509-212330-1536x864.jpg 1536w, https:\/\/vosgesinfo.fr\/app\/uploads\/sites\/6\/2024\/12\/20230509-212330-2048x1152.jpg 2048w\" sizes=\"(max-width: 300px) 100vw, 300px\" \/><\/a>\n\t\t\t<\/dt><\/dl><dl class='gallery-item'>\n\t\t\t<dt class='gallery-icon landscape'>\n\t\t\t\t<a href='https:\/\/vosgesinfo.fr\/app\/uploads\/sites\/6\/2024\/12\/conference-grattoir-gerardmer-2-scaled.jpg'><img decoding=\"async\" width=\"300\" height=\"169\" src=\"https:\/\/vosgesinfo.fr\/app\/uploads\/sites\/6\/2024\/12\/conference-grattoir-gerardmer-2-300x169.jpg\" class=\"attachment-medium size-medium\" alt=\"\" srcset=\"https:\/\/vosgesinfo.fr\/app\/uploads\/sites\/6\/2024\/12\/conference-grattoir-gerardmer-2-300x169.jpg 300w, https:\/\/vosgesinfo.fr\/app\/uploads\/sites\/6\/2024\/12\/conference-grattoir-gerardmer-2-1024x576.jpg 1024w, https:\/\/vosgesinfo.fr\/app\/uploads\/sites\/6\/2024\/12\/conference-grattoir-gerardmer-2-768x432.jpg 768w, https:\/\/vosgesinfo.fr\/app\/uploads\/sites\/6\/2024\/12\/conference-grattoir-gerardmer-2-1536x864.jpg 1536w, https:\/\/vosgesinfo.fr\/app\/uploads\/sites\/6\/2024\/12\/conference-grattoir-gerardmer-2-2048x1152.jpg 2048w\" sizes=\"(max-width: 300px) 100vw, 300px\" \/><\/a>\n\t\t\t<\/dt><\/dl><br style=\"clear: both\" \/><dl class='gallery-item'>\n\t\t\t<dt class='gallery-icon landscape'>\n\t\t\t\t<a href='https:\/\/vosgesinfo.fr\/app\/uploads\/sites\/6\/2024\/12\/conference-grattoir-gerardmer-1-scaled.jpg'><img decoding=\"async\" width=\"300\" height=\"169\" src=\"https:\/\/vosgesinfo.fr\/app\/uploads\/sites\/6\/2024\/12\/conference-grattoir-gerardmer-1-300x169.jpg\" class=\"attachment-medium size-medium\" alt=\"\" srcset=\"https:\/\/vosgesinfo.fr\/app\/uploads\/sites\/6\/2024\/12\/conference-grattoir-gerardmer-1-300x169.jpg 300w, https:\/\/vosgesinfo.fr\/app\/uploads\/sites\/6\/2024\/12\/conference-grattoir-gerardmer-1-1024x576.jpg 1024w, https:\/\/vosgesinfo.fr\/app\/uploads\/sites\/6\/2024\/12\/conference-grattoir-gerardmer-1-768x432.jpg 768w, https:\/\/vosgesinfo.fr\/app\/uploads\/sites\/6\/2024\/12\/conference-grattoir-gerardmer-1-1536x864.jpg 1536w, https:\/\/vosgesinfo.fr\/app\/uploads\/sites\/6\/2024\/12\/conference-grattoir-gerardmer-1-2048x1152.jpg 2048w\" sizes=\"(max-width: 300px) 100vw, 300px\" \/><\/a>\n\t\t\t<\/dt><\/dl><dl class='gallery-item'>\n\t\t\t<dt class='gallery-icon landscape'>\n\t\t\t\t<a href='https:\/\/vosgesinfo.fr\/app\/uploads\/sites\/6\/2024\/07\/202302fresque-du-climat-au-grattoir-2.jpg'><img decoding=\"async\" width=\"300\" height=\"224\" src=\"https:\/\/vosgesinfo.fr\/app\/uploads\/sites\/6\/2024\/07\/202302fresque-du-climat-au-grattoir-2-300x224.jpg\" class=\"attachment-medium size-medium\" alt=\"\" srcset=\"https:\/\/vosgesinfo.fr\/app\/uploads\/sites\/6\/2024\/07\/202302fresque-du-climat-au-grattoir-2-300x224.jpg 300w, https:\/\/vosgesinfo.fr\/app\/uploads\/sites\/6\/2024\/07\/202302fresque-du-climat-au-grattoir-2-1024x766.jpg 1024w, https:\/\/vosgesinfo.fr\/app\/uploads\/sites\/6\/2024\/07\/202302fresque-du-climat-au-grattoir-2-768x574.jpg 768w, https:\/\/vosgesinfo.fr\/app\/uploads\/sites\/6\/2024\/07\/202302fresque-du-climat-au-grattoir-2-1536x1149.jpg 1536w, https:\/\/vosgesinfo.fr\/app\/uploads\/sites\/6\/2024\/07\/202302fresque-du-climat-au-grattoir-2.jpg 2047w\" sizes=\"(max-width: 300px) 100vw, 300px\" \/><\/a>\n\t\t\t<\/dt><\/dl><br style=\"clear: both\" \/>\n\t\t<\/div>\n\n<p><strong>A une semaine de la derni\u00e8re conf\u00e9rence de l&rsquo;ann\u00e9e 2024, Marie-Odile Perrin-Balaud, instigatrice de ce rendez-vous mensuel, et Jacques Valentin, ont dress\u00e9 un premier bilan de l&rsquo;op\u00e9ration avant de pr\u00e9senter les premi\u00e8res th\u00e9matiques et les premiers intervenants de l&rsquo;ann\u00e9e 2025.<\/strong><\/p>\n<p>&nbsp;<\/p>\n<p><a href=\"https:\/\/vosgesinfo.fr\/app\/uploads\/sites\/6\/2024\/12\/conferences-grattoire-gerardmer-marie-odile-jacques-scaled.jpg\"><img decoding=\"async\" class=\"alignright size-medium wp-image-71806\" src=\"https:\/\/vosgesinfo.fr\/app\/uploads\/sites\/6\/2024\/12\/conferences-grattoire-gerardmer-marie-odile-jacques-300x225.jpg\" alt=\"\" width=\"300\" height=\"225\" srcset=\"https:\/\/vosgesinfo.fr\/app\/uploads\/sites\/6\/2024\/12\/conferences-grattoire-gerardmer-marie-odile-jacques-300x225.jpg 300w, https:\/\/vosgesinfo.fr\/app\/uploads\/sites\/6\/2024\/12\/conferences-grattoire-gerardmer-marie-odile-jacques-1024x768.jpg 1024w, https:\/\/vosgesinfo.fr\/app\/uploads\/sites\/6\/2024\/12\/conferences-grattoire-gerardmer-marie-odile-jacques-768x576.jpg 768w, https:\/\/vosgesinfo.fr\/app\/uploads\/sites\/6\/2024\/12\/conferences-grattoire-gerardmer-marie-odile-jacques-1536x1152.jpg 1536w, https:\/\/vosgesinfo.fr\/app\/uploads\/sites\/6\/2024\/12\/conferences-grattoire-gerardmer-marie-odile-jacques-2048x1536.jpg 2048w\" sizes=\"(max-width: 300px) 100vw, 300px\" \/><\/a>Les conf\u00e9rences ont donc \u00e9t\u00e9 lanc\u00e9es il y a deux ans maintenant au rythme d&rsquo;une par mois (en dehors des grandes vacances g\u00e9n\u00e9ralement). Elles ont g\u00e9n\u00e9ralement lieu le jeudi soir de 20 h 00 \u00e0 22 h 00, dans le prolongement du repas solidaire et hebdomadaire du jeudi midi. Les th\u00e8mes abord\u00e9s sont aussi divers que vari\u00e9s et vont de la litt\u00e9rature \u00e0 l&rsquo;histoire en passant par l&rsquo;environnement, le terroir, le d\u00e9veloppement personnel ou encore des th\u00e8mes plus soci\u00e9taux, d&rsquo;actualit\u00e9 ou pas d&rsquo;ailleurs. \u00ab\u00a0Le Grattoir est un lieu associatif, d&rsquo;accueil, de partage et d&rsquo;\u00e9coute, nous voulions \u00e9galement y apporter une touche culturelle au sens le plus large du terme\u00a0\u00bb pr\u00e9cise Marie-Odile, qui a eu la bonne id\u00e9e de s&rsquo;appuyer aussi sur son r\u00e9seau et son exp\u00e9rience pour initier ces rencontres anim\u00e9es par des sp\u00e9cialistes venus d&rsquo;horizons tr\u00e8s divers \u00e9galement, et qui interviennent gratuitement. G\u00e9n\u00e9ralement, le public r\u00e9pond pr\u00e9sent avec entre 15 et 40 personnes qui participent \u00e0 chaque session.<\/p>\n<p>Le rythme de croisi\u00e8re a donc \u00e9t\u00e9 trouv\u00e9 assez rapidement et plusieurs rendez-vous sont d\u00e9j\u00e0 fix\u00e9s pour l&rsquo;ann\u00e9e \u00e0 venir. Mais avant toute chose, sachez que l&rsquo;on finira 2024 le 12 d\u00e9cembre prochain avec Ren\u00e9 Bourquin qui vous parlera des origines du ski<em> : i<span data-olk-copy-source=\"MessageBody\">nitialement moyen de locomotion, le ski va vite devenir objet de comp\u00e9tition avec comme point d\u2019orgue les premiers jeux olympiques d\u2019hiver auxquels particip\u00e8rent des G\u00e9r\u00f4mois.<\/span><\/em><\/p>\n<p><em>La fabuleuse histoire du ski commen\u00e7ait et plus rien ne va arr\u00eater son \u00e9volution.<\/em><\/p>\n<p><em>Ren\u00e9 Bourquin, n\u00e9 pratiquement sur les skis est un collectionneur reconnu de mat\u00e9riels de sport d\u2019hiver. Sa passion l\u2019a amen\u00e9 \u00e0 s\u2019interroger sur l\u2019origine du ski et plus particuli\u00e8rement \u00e0 l\u2019introduction de ce mode de transport en France.<\/em><\/p>\n<p>Jeudi 12 d\u00e9cembre \u00e0 20 h 00 au bar le Grattoir.<\/p>\n<p><em>Entr\u00e9e libre.<br \/>\n<\/em><\/p>\n<p>Puis le 23 janvier, place \u00e0 une conf\u00e9rence sur le th\u00e8me de la lutte contre la pr\u00e9carit\u00e9 alimentaire avec notamment l&rsquo;action de la Banque Alimentaire 88. Le 27 mars sera pos\u00e9e la question \u00ab\u00a0A quoi sert la Franc-Ma\u00e7onnerie ?\u00a0\u00bb ;\u00a0 Le 17 avril, \u00ab\u00a0comment retrouver bien-\u00eatre, paix et amour &#8211; connaissez-vous l&rsquo;harmonie globale ?\u00a0\u00bb<\/p>\n<p><a href=\"https:\/\/vosgesinfo.fr\/app\/uploads\/sites\/6\/2024\/12\/bourquin-grattoir.jpg\"><img decoding=\"async\" class=\"aligncenter size-full wp-image-71808\" src=\"https:\/\/vosgesinfo.fr\/app\/uploads\/sites\/6\/2024\/12\/bourquin-grattoir.jpg\" alt=\"\" width=\"720\" height=\"960\" srcset=\"https:\/\/vosgesinfo.fr\/app\/uploads\/sites\/6\/2024\/12\/bourquin-grattoir.jpg 720w, https:\/\/vosgesinfo.fr\/app\/uploads\/sites\/6\/2024\/12\/bourquin-grattoir-225x300.jpg 225w\" sizes=\"(max-width: 720px) 100vw, 720px\" \/><\/a><\/p>\n","protected":false},"excerpt":{"rendered":"<p>A une semaine de la derni\u00e8re conf\u00e9rence de l&rsquo;ann\u00e9e 2024, Marie-Odile Perrin-Balaud, instigatrice de ce rendez-vous mensuel, et Jacques Valentin, [&hellip;]<\/p>\n","protected":false},"author":42,"featured_media":71807,"comment_status":"open","ping_status":"open","sticky":false,"template":"","format":"standard","meta":{"footnotes":""},"categories":[20,4,25,17],"tags":[35],"class_list":["post-71803","post","type-post","status-publish","format-standard","has-post-thumbnail","hentry","category-a-la-une","category-culture","category-gerardmer","category-vie-associative","tag-bar-le-grattoir"],"acf":[],"yoast_head":"<!-- This site is optimized with the Yoast SEO plugin v22.5 - https:\/\/yoast.com\/wordpress\/plugins\/seo\/ -->\n<title>Le Grattoir - les conf\u00e9rences ont trouv\u00e9 leur rythme de croisi\u00e8re - Gerardmer Info<\/title>\n<meta name=\"robots\" content=\"index, follow, max-snippet:-1, max-image-preview:large, max-video-preview:-1\" \/>\n<link rel=\"canonical\" href=\"https:\/\/vosgesinfo.fr\/gerardmerinfo\/2024\/12\/le-grattoir-les-conferences-ont-trouve-leur-rythme-de-croisiere\/\" \/>\n<meta name=\"twitter:card\" content=\"summary_large_image\" \/>\n<meta name=\"twitter:title\" content=\"Le Grattoir - les conf\u00e9rences ont trouv\u00e9 leur rythme de croisi\u00e8re - Gerardmer Info\" \/>\n<meta name=\"twitter:description\" content=\"A une semaine de la derni\u00e8re conf\u00e9rence de l&rsquo;ann\u00e9e 2024, Marie-Odile Perrin-Balaud, instigatrice de ce rendez-vous mensuel, et Jacques Valentin, [&hellip;]\" \/>\n<meta name=\"twitter:image\" content=\"https:\/\/vosgesinfo.fr\/app\/uploads\/sites\/6\/2024\/12\/20230509-212330-scaled.jpg\" \/>\n<meta name=\"twitter:creator\" content=\"@VosgesInfo88\" \/>\n<meta name=\"twitter:site\" content=\"@VosgesInfo88\" \/>\n<meta name=\"twitter:label1\" content=\"\u00c9crit par\" \/>\n\t<meta name=\"twitter:data1\" content=\"QG\" \/>\n\t<meta name=\"twitter:label2\" content=\"Dur\u00e9e de lecture estim\u00e9e\" \/>\n\t<meta name=\"twitter:data2\" content=\"3 minutes\" \/>\n<script type=\"application\/ld+json\" class=\"yoast-schema-graph\">{\"@context\":\"https:\/\/schema.org\",\"@graph\":[{\"@type\":\"Article\",\"@id\":\"https:\/\/vosgesinfo.fr\/gerardmerinfo\/2024\/12\/le-grattoir-les-conferences-ont-trouve-leur-rythme-de-croisiere\/#article\",\"isPartOf\":{\"@id\":\"https:\/\/vosgesinfo.fr\/gerardmerinfo\/2024\/12\/le-grattoir-les-conferences-ont-trouve-leur-rythme-de-croisiere\/\"},\"author\":{\"name\":\"QG\",\"@id\":\"https:\/\/vosgesinfo.fr\/gerardmerinfo\/#\/schema\/person\/db5605779a843dad16b5368f3e7613a5\"},\"headline\":\"Le Grattoir &#8211; les conf\u00e9rences ont trouv\u00e9 leur rythme de croisi\u00e8re\",\"datePublished\":\"2024-12-08T04:59:10+00:00\",\"dateModified\":\"2024-12-06T13:10:45+00:00\",\"mainEntityOfPage\":{\"@id\":\"https:\/\/vosgesinfo.fr\/gerardmerinfo\/2024\/12\/le-grattoir-les-conferences-ont-trouve-leur-rythme-de-croisiere\/\"},\"wordCount\":455,\"commentCount\":0,\"publisher\":{\"@id\":\"https:\/\/vosgesinfo.fr\/gerardmerinfo\/#organization\"},\"image\":{\"@id\":\"https:\/\/vosgesinfo.fr\/gerardmerinfo\/2024\/12\/le-grattoir-les-conferences-ont-trouve-leur-rythme-de-croisiere\/#primaryimage\"},\"thumbnailUrl\":\"https:\/\/vosgesinfo.fr\/app\/uploads\/sites\/6\/2024\/12\/20230509-212330-scaled.jpg\",\"keywords\":[\"bar le grattoir\"],\"articleSection\":[\"A la une\",\"Culture\",\"G\u00e9rardmer\",\"Vie Associative\"],\"inLanguage\":\"fr-FR\",\"potentialAction\":[{\"@type\":\"CommentAction\",\"name\":\"Comment\",\"target\":[\"https:\/\/vosgesinfo.fr\/gerardmerinfo\/2024\/12\/le-grattoir-les-conferences-ont-trouve-leur-rythme-de-croisiere\/#respond\"]}]},{\"@type\":\"WebPage\",\"@id\":\"https:\/\/vosgesinfo.fr\/gerardmerinfo\/2024\/12\/le-grattoir-les-conferences-ont-trouve-leur-rythme-de-croisiere\/\",\"url\":\"https:\/\/vosgesinfo.fr\/gerardmerinfo\/2024\/12\/le-grattoir-les-conferences-ont-trouve-leur-rythme-de-croisiere\/\",\"name\":\"Le Grattoir - les conf\u00e9rences ont trouv\u00e9 leur rythme de croisi\u00e8re - Gerardmer Info\",\"isPartOf\":{\"@id\":\"https:\/\/vosgesinfo.fr\/gerardmerinfo\/#website\"},\"primaryImageOfPage\":{\"@id\":\"https:\/\/vosgesinfo.fr\/gerardmerinfo\/2024\/12\/le-grattoir-les-conferences-ont-trouve-leur-rythme-de-croisiere\/#primaryimage\"},\"image\":{\"@id\":\"https:\/\/vosgesinfo.fr\/gerardmerinfo\/2024\/12\/le-grattoir-les-conferences-ont-trouve-leur-rythme-de-croisiere\/#primaryimage\"},\"thumbnailUrl\":\"https:\/\/vosgesinfo.fr\/app\/uploads\/sites\/6\/2024\/12\/20230509-212330-scaled.jpg\",\"datePublished\":\"2024-12-08T04:59:10+00:00\",\"dateModified\":\"2024-12-06T13:10:45+00:00\",\"breadcrumb\":{\"@id\":\"https:\/\/vosgesinfo.fr\/gerardmerinfo\/2024\/12\/le-grattoir-les-conferences-ont-trouve-leur-rythme-de-croisiere\/#breadcrumb\"},\"inLanguage\":\"fr-FR\",\"potentialAction\":[{\"@type\":\"ReadAction\",\"target\":[\"https:\/\/vosgesinfo.fr\/gerardmerinfo\/2024\/12\/le-grattoir-les-conferences-ont-trouve-leur-rythme-de-croisiere\/\"]}]},{\"@type\":\"ImageObject\",\"inLanguage\":\"fr-FR\",\"@id\":\"https:\/\/vosgesinfo.fr\/gerardmerinfo\/2024\/12\/le-grattoir-les-conferences-ont-trouve-leur-rythme-de-croisiere\/#primaryimage\",\"url\":\"https:\/\/vosgesinfo.fr\/app\/uploads\/sites\/6\/2024\/12\/20230509-212330-scaled.jpg\",\"contentUrl\":\"https:\/\/vosgesinfo.fr\/app\/uploads\/sites\/6\/2024\/12\/20230509-212330-scaled.jpg\",\"width\":2560,\"height\":1440},{\"@type\":\"BreadcrumbList\",\"@id\":\"https:\/\/vosgesinfo.fr\/gerardmerinfo\/2024\/12\/le-grattoir-les-conferences-ont-trouve-leur-rythme-de-croisiere\/#breadcrumb\",\"itemListElement\":[{\"@type\":\"ListItem\",\"position\":1,\"name\":\"Home\",\"item\":\"https:\/\/vosgesinfo.fr\/gerardmerinfo\/\"},{\"@type\":\"ListItem\",\"position\":2,\"name\":\"Le Grattoir &#8211; les conf\u00e9rences ont trouv\u00e9 leur rythme de croisi\u00e8re\"}]},{\"@type\":\"WebSite\",\"@id\":\"https:\/\/vosgesinfo.fr\/gerardmerinfo\/#website\",\"url\":\"https:\/\/vosgesinfo.fr\/gerardmerinfo\/\",\"name\":\"Gerardmer Info\",\"description\":\"Toute l&#039;actualit\u00e9 de G\u00e9rardmer\",\"publisher\":{\"@id\":\"https:\/\/vosgesinfo.fr\/gerardmerinfo\/#organization\"},\"alternateName\":\"Toute l'actualit\u00e9 de G\u00e9rardmer\",\"potentialAction\":[{\"@type\":\"SearchAction\",\"target\":{\"@type\":\"EntryPoint\",\"urlTemplate\":\"https:\/\/vosgesinfo.fr\/gerardmerinfo\/?s={search_term_string}\"},\"query-input\":\"required name=search_term_string\"}],\"inLanguage\":\"fr-FR\"},{\"@type\":\"Organization\",\"@id\":\"https:\/\/vosgesinfo.fr\/gerardmerinfo\/#organization\",\"name\":\"Gerardmer Info\",\"url\":\"https:\/\/vosgesinfo.fr\/gerardmerinfo\/\",\"logo\":{\"@type\":\"ImageObject\",\"inLanguage\":\"fr-FR\",\"@id\":\"https:\/\/vosgesinfo.fr\/gerardmerinfo\/#\/schema\/logo\/image\/\",\"url\":\"https:\/\/vosgesinfo.fr\/app\/uploads\/sites\/6\/2023\/08\/favicon-gerardmerinfo.png\",\"contentUrl\":\"https:\/\/vosgesinfo.fr\/app\/uploads\/sites\/6\/2023\/08\/favicon-gerardmerinfo.png\",\"width\":512,\"height\":512,\"caption\":\"Gerardmer Info\"},\"image\":{\"@id\":\"https:\/\/vosgesinfo.fr\/gerardmerinfo\/#\/schema\/logo\/image\/\"},\"sameAs\":[\"https:\/\/www.facebook.com\/profile.php?id=100049475262660\",\"https:\/\/x.com\/VosgesInfo88\",\"https:\/\/www.youtube.com\/@vosgesinfo\"]},{\"@type\":\"Person\",\"@id\":\"https:\/\/vosgesinfo.fr\/gerardmerinfo\/#\/schema\/person\/db5605779a843dad16b5368f3e7613a5\",\"name\":\"QG\",\"image\":{\"@type\":\"ImageObject\",\"inLanguage\":\"fr-FR\",\"@id\":\"https:\/\/vosgesinfo.fr\/gerardmerinfo\/#\/schema\/person\/image\/\",\"url\":\"https:\/\/secure.gravatar.com\/avatar\/ea80c42c204b534408512832fde52504ecabb9706bcb6151cf6175e5b64e6793?s=96&d=mm&r=g\",\"contentUrl\":\"https:\/\/secure.gravatar.com\/avatar\/ea80c42c204b534408512832fde52504ecabb9706bcb6151cf6175e5b64e6793?s=96&d=mm&r=g\",\"caption\":\"QG\"},\"url\":\"https:\/\/vosgesinfo.fr\/gerardmerinfo\/author\/quentin88\/\"}]}<\/script>\n<!-- \/ Yoast SEO plugin. -->","yoast_head_json":{"title":"Le Grattoir - les conf\u00e9rences ont trouv\u00e9 leur rythme de croisi\u00e8re - Gerardmer Info","robots":{"index":"index","follow":"follow","max-snippet":"max-snippet:-1","max-image-preview":"max-image-preview:large","max-video-preview":"max-video-preview:-1"},"canonical":"https:\/\/vosgesinfo.fr\/gerardmerinfo\/2024\/12\/le-grattoir-les-conferences-ont-trouve-leur-rythme-de-croisiere\/","twitter_card":"summary_large_image","twitter_title":"Le Grattoir - les conf\u00e9rences ont trouv\u00e9 leur rythme de croisi\u00e8re - Gerardmer Info","twitter_description":"A une semaine de la derni\u00e8re conf\u00e9rence de l&rsquo;ann\u00e9e 2024, Marie-Odile Perrin-Balaud, instigatrice de ce rendez-vous mensuel, et Jacques Valentin, [&hellip;]","twitter_image":"https:\/\/vosgesinfo.fr\/app\/uploads\/sites\/6\/2024\/12\/20230509-212330-scaled.jpg","twitter_creator":"@VosgesInfo88","twitter_site":"@VosgesInfo88","twitter_misc":{"\u00c9crit par":"QG","Dur\u00e9e de lecture estim\u00e9e":"3 minutes"},"schema":{"@context":"https:\/\/schema.org","@graph":[{"@type":"Article","@id":"https:\/\/vosgesinfo.fr\/gerardmerinfo\/2024\/12\/le-grattoir-les-conferences-ont-trouve-leur-rythme-de-croisiere\/#article","isPartOf":{"@id":"https:\/\/vosgesinfo.fr\/gerardmerinfo\/2024\/12\/le-grattoir-les-conferences-ont-trouve-leur-rythme-de-croisiere\/"},"author":{"name":"QG","@id":"https:\/\/vosgesinfo.fr\/gerardmerinfo\/#\/schema\/person\/db5605779a843dad16b5368f3e7613a5"},"headline":"Le Grattoir &#8211; les conf\u00e9rences ont trouv\u00e9 leur rythme de croisi\u00e8re","datePublished":"2024-12-08T04:59:10+00:00","dateModified":"2024-12-06T13:10:45+00:00","mainEntityOfPage":{"@id":"https:\/\/vosgesinfo.fr\/gerardmerinfo\/2024\/12\/le-grattoir-les-conferences-ont-trouve-leur-rythme-de-croisiere\/"},"wordCount":455,"commentCount":0,"publisher":{"@id":"https:\/\/vosgesinfo.fr\/gerardmerinfo\/#organization"},"image":{"@id":"https:\/\/vosgesinfo.fr\/gerardmerinfo\/2024\/12\/le-grattoir-les-conferences-ont-trouve-leur-rythme-de-croisiere\/#primaryimage"},"thumbnailUrl":"https:\/\/vosgesinfo.fr\/app\/uploads\/sites\/6\/2024\/12\/20230509-212330-scaled.jpg","keywords":["bar le grattoir"],"articleSection":["A la une","Culture","G\u00e9rardmer","Vie Associative"],"inLanguage":"fr-FR","potentialAction":[{"@type":"CommentAction","name":"Comment","target":["https:\/\/vosgesinfo.fr\/gerardmerinfo\/2024\/12\/le-grattoir-les-conferences-ont-trouve-leur-rythme-de-croisiere\/#respond"]}]},{"@type":"WebPage","@id":"https:\/\/vosgesinfo.fr\/gerardmerinfo\/2024\/12\/le-grattoir-les-conferences-ont-trouve-leur-rythme-de-croisiere\/","url":"https:\/\/vosgesinfo.fr\/gerardmerinfo\/2024\/12\/le-grattoir-les-conferences-ont-trouve-leur-rythme-de-croisiere\/","name":"Le Grattoir - les conf\u00e9rences ont trouv\u00e9 leur rythme de croisi\u00e8re - Gerardmer Info","isPartOf":{"@id":"https:\/\/vosgesinfo.fr\/gerardmerinfo\/#website"},"primaryImageOfPage":{"@id":"https:\/\/vosgesinfo.fr\/gerardmerinfo\/2024\/12\/le-grattoir-les-conferences-ont-trouve-leur-rythme-de-croisiere\/#primaryimage"},"image":{"@id":"https:\/\/vosgesinfo.fr\/gerardmerinfo\/2024\/12\/le-grattoir-les-conferences-ont-trouve-leur-rythme-de-croisiere\/#primaryimage"},"thumbnailUrl":"https:\/\/vosgesinfo.fr\/app\/uploads\/sites\/6\/2024\/12\/20230509-212330-scaled.jpg","datePublished":"2024-12-08T04:59:10+00:00","dateModified":"2024-12-06T13:10:45+00:00","breadcrumb":{"@id":"https:\/\/vosgesinfo.fr\/gerardmerinfo\/2024\/12\/le-grattoir-les-conferences-ont-trouve-leur-rythme-de-croisiere\/#breadcrumb"},"inLanguage":"fr-FR","potentialAction":[{"@type":"ReadAction","target":["https:\/\/vosgesinfo.fr\/gerardmerinfo\/2024\/12\/le-grattoir-les-conferences-ont-trouve-leur-rythme-de-croisiere\/"]}]},{"@type":"ImageObject","inLanguage":"fr-FR","@id":"https:\/\/vosgesinfo.fr\/gerardmerinfo\/2024\/12\/le-grattoir-les-conferences-ont-trouve-leur-rythme-de-croisiere\/#primaryimage","url":"https:\/\/vosgesinfo.fr\/app\/uploads\/sites\/6\/2024\/12\/20230509-212330-scaled.jpg","contentUrl":"https:\/\/vosgesinfo.fr\/app\/uploads\/sites\/6\/2024\/12\/20230509-212330-scaled.jpg","width":2560,"height":1440},{"@type":"BreadcrumbList","@id":"https:\/\/vosgesinfo.fr\/gerardmerinfo\/2024\/12\/le-grattoir-les-conferences-ont-trouve-leur-rythme-de-croisiere\/#breadcrumb","itemListElement":[{"@type":"ListItem","position":1,"name":"Home","item":"https:\/\/vosgesinfo.fr\/gerardmerinfo\/"},{"@type":"ListItem","position":2,"name":"Le Grattoir &#8211; les conf\u00e9rences ont trouv\u00e9 leur rythme de croisi\u00e8re"}]},{"@type":"WebSite","@id":"https:\/\/vosgesinfo.fr\/gerardmerinfo\/#website","url":"https:\/\/vosgesinfo.fr\/gerardmerinfo\/","name":"Gerardmer Info","description":"Toute l&#039;actualit\u00e9 de G\u00e9rardmer","publisher":{"@id":"https:\/\/vosgesinfo.fr\/gerardmerinfo\/#organization"},"alternateName":"Toute l'actualit\u00e9 de G\u00e9rardmer","potentialAction":[{"@type":"SearchAction","target":{"@type":"EntryPoint","urlTemplate":"https:\/\/vosgesinfo.fr\/gerardmerinfo\/?s={search_term_string}"},"query-input":"required name=search_term_string"}],"inLanguage":"fr-FR"},{"@type":"Organization","@id":"https:\/\/vosgesinfo.fr\/gerardmerinfo\/#organization","name":"Gerardmer Info","url":"https:\/\/vosgesinfo.fr\/gerardmerinfo\/","logo":{"@type":"ImageObject","inLanguage":"fr-FR","@id":"https:\/\/vosgesinfo.fr\/gerardmerinfo\/#\/schema\/logo\/image\/","url":"https:\/\/vosgesinfo.fr\/app\/uploads\/sites\/6\/2023\/08\/favicon-gerardmerinfo.png","contentUrl":"https:\/\/vosgesinfo.fr\/app\/uploads\/sites\/6\/2023\/08\/favicon-gerardmerinfo.png","width":512,"height":512,"caption":"Gerardmer Info"},"image":{"@id":"https:\/\/vosgesinfo.fr\/gerardmerinfo\/#\/schema\/logo\/image\/"},"sameAs":["https:\/\/www.facebook.com\/profile.php?id=100049475262660","https:\/\/x.com\/VosgesInfo88","https:\/\/www.youtube.com\/@vosgesinfo"]},{"@type":"Person","@id":"https:\/\/vosgesinfo.fr\/gerardmerinfo\/#\/schema\/person\/db5605779a843dad16b5368f3e7613a5","name":"QG","image":{"@type":"ImageObject","inLanguage":"fr-FR","@id":"https:\/\/vosgesinfo.fr\/gerardmerinfo\/#\/schema\/person\/image\/","url":"https:\/\/secure.gravatar.com\/avatar\/ea80c42c204b534408512832fde52504ecabb9706bcb6151cf6175e5b64e6793?s=96&d=mm&r=g","contentUrl":"https:\/\/secure.gravatar.com\/avatar\/ea80c42c204b534408512832fde52504ecabb9706bcb6151cf6175e5b64e6793?s=96&d=mm&r=g","caption":"QG"},"url":"https:\/\/vosgesinfo.fr\/gerardmerinfo\/author\/quentin88\/"}]}},"_links":{"self":[{"href":"https:\/\/vosgesinfo.fr\/gerardmerinfo\/wp-json\/wp\/v2\/posts\/71803","targetHints":{"allow":["GET"]}}],"collection":[{"href":"https:\/\/vosgesinfo.fr\/gerardmerinfo\/wp-json\/wp\/v2\/posts"}],"about":[{"href":"https:\/\/vosgesinfo.fr\/gerardmerinfo\/wp-json\/wp\/v2\/types\/post"}],"author":[{"embeddable":true,"href":"https:\/\/vosgesinfo.fr\/gerardmerinfo\/wp-json\/wp\/v2\/users\/42"}],"replies":[{"embeddable":true,"href":"https:\/\/vosgesinfo.fr\/gerardmerinfo\/wp-json\/wp\/v2\/comments?post=71803"}],"version-history":[{"count":3,"href":"https:\/\/vosgesinfo.fr\/gerardmerinfo\/wp-json\/wp\/v2\/posts\/71803\/revisions"}],"predecessor-version":[{"id":71811,"href":"https:\/\/vosgesinfo.fr\/gerardmerinfo\/wp-json\/wp\/v2\/posts\/71803\/revisions\/71811"}],"wp:featuredmedia":[{"embeddable":true,"href":"https:\/\/vosgesinfo.fr\/gerardmerinfo\/wp-json\/wp\/v2\/media\/71807"}],"wp:attachment":[{"href":"https:\/\/vosgesinfo.fr\/gerardmerinfo\/wp-json\/wp\/v2\/media?parent=71803"}],"wp:term":[{"taxonomy":"category","embeddable":true,"href":"https:\/\/vosgesinfo.fr\/gerardmerinfo\/wp-json\/wp\/v2\/categories?post=71803"},{"taxonomy":"post_tag","embeddable":true,"href":"https:\/\/vosgesinfo.fr\/gerardmerinfo\/wp-json\/wp\/v2\/tags?post=71803"}],"curies":[{"name":"wp","href":"https:\/\/api.w.org\/{rel}","templated":true}]}}