{"id":71829,"date":"2024-12-07T17:10:54","date_gmt":"2024-12-07T16:10:54","guid":{"rendered":"https:\/\/vosgesinfo.fr\/gerardmerinfo\/?p=71829"},"modified":"2024-12-07T11:40:57","modified_gmt":"2024-12-07T10:40:57","slug":"conference-sur-lhabitat-rural-des-hautes-vosges-avec-jean-yves-henry","status":"publish","type":"post","link":"https:\/\/vosgesinfo.fr\/gerardmerinfo\/2024\/12\/conference-sur-lhabitat-rural-des-hautes-vosges-avec-jean-yves-henry\/","title":{"rendered":"Conf\u00e9rence sur l\u2019habitat rural des Hautes-Vosges avec Jean-Yves Henry"},"content":{"rendered":"<p class=\"x_MsoNormal\" data-olk-copy-source=\"MessageBody\"><a href=\"https:\/\/vosgesinfo.fr\/app\/uploads\/sites\/6\/2024\/12\/habitat-rural-des-hautes-vosges1.jpg\"><img decoding=\"async\" class=\"aligncenter wp-image-71834 size-large\" src=\"https:\/\/vosgesinfo.fr\/app\/uploads\/sites\/6\/2024\/12\/habitat-rural-des-hautes-vosges1-1024x589.jpg\" alt=\"\" width=\"1024\" height=\"589\" srcset=\"https:\/\/vosgesinfo.fr\/app\/uploads\/sites\/6\/2024\/12\/habitat-rural-des-hautes-vosges1-1024x589.jpg 1024w, https:\/\/vosgesinfo.fr\/app\/uploads\/sites\/6\/2024\/12\/habitat-rural-des-hautes-vosges1-300x173.jpg 300w, https:\/\/vosgesinfo.fr\/app\/uploads\/sites\/6\/2024\/12\/habitat-rural-des-hautes-vosges1-768x442.jpg 768w, https:\/\/vosgesinfo.fr\/app\/uploads\/sites\/6\/2024\/12\/habitat-rural-des-hautes-vosges1.jpg 1200w\" sizes=\"(max-width: 1024px) 100vw, 1024px\" \/><\/a><\/p>\n<p class=\"x_MsoNormal\" aria-hidden=\"true\">\n<p class=\"x_MsoNormal\">Conf\u00e9rence sur l\u2019habitat rural des Hautes-Vosges mardi 10 d\u00e9cembre \u00e0 la m\u00e9diath\u00e8que du Tilleul\u00a0:<\/p>\n<p class=\"x_MsoNormal\" aria-hidden=\"true\">\n<p class=\"x_MsoNormal\"><a href=\"https:\/\/vosgesinfo.fr\/app\/uploads\/sites\/6\/2024\/12\/jean-yves-henry.jpg\"><img decoding=\"async\" class=\"alignright size-medium wp-image-71832\" src=\"https:\/\/vosgesinfo.fr\/app\/uploads\/sites\/6\/2024\/12\/jean-yves-henry-293x300.jpg\" alt=\"\" width=\"293\" height=\"300\" srcset=\"https:\/\/vosgesinfo.fr\/app\/uploads\/sites\/6\/2024\/12\/jean-yves-henry-293x300.jpg 293w, https:\/\/vosgesinfo.fr\/app\/uploads\/sites\/6\/2024\/12\/jean-yves-henry-768x786.jpg 768w, https:\/\/vosgesinfo.fr\/app\/uploads\/sites\/6\/2024\/12\/jean-yves-henry.jpg 1000w\" sizes=\"(max-width: 293px) 100vw, 293px\" \/><\/a>l&rsquo;Inventaire g\u00e9n\u00e9ral du patrimoine a publi\u00e9 en 2024 un ouvrage intitul\u00e9 \u00ab L\u2019habitat rural des Hautes-Vosges &#8211; Du territoire \u00e0 la ferme \u00bb, consacr\u00e9 \u00e0 l&rsquo;architecture rurale et au mobilier des fermes vosgiennes. La m\u00e9diath\u00e8que du Tilleul re\u00e7oit Jean-Yves Henry, l\u2019un des auteurs de cet ouvrage de r\u00e9f\u00e9rence, pour une conf\u00e9rence suivie d\u2019une s\u00e9ance de d\u00e9dicaces.<br \/>\nJean-Yves Henry se passionne pour la recherche sur le patrimoine rural vosgien. Ses domaines favoris sont l\u2019architecture rurale, l\u2019industrie hydraulique et les reconstructions qui ont suivi les deux guerres mondiales.<\/p>\n<p class=\"x_MsoNormal\">Venez le rencontrer \u00e0 la m\u00e9diath\u00e8que et d\u00e9couvrez les richesses insoup\u00e7onn\u00e9es de notre patrimoine b\u00e2ti\u00a0!<\/p>\n<p class=\"x_MsoNormal\" aria-hidden=\"true\">\n<p class=\"x_MsoNormal\">Mardi 10 d\u00e9cembre \u00e0 17h<br \/>\nEntr\u00e9e libre<br \/>\nM\u00e9diaLudoth\u00e8que du Tilleul<\/p>\n<p class=\"x_MsoNormal\">16 rue Charles de Gaulle, 88400 G\u00e9rardmer<\/p>\n<p><a href=\"https:\/\/vosgesinfo.fr\/app\/uploads\/sites\/6\/2024\/12\/couv-montagne-vosgienne-web.jpg\"><img decoding=\"async\" class=\"aligncenter size-large wp-image-71835\" src=\"https:\/\/vosgesinfo.fr\/app\/uploads\/sites\/6\/2024\/12\/couv-montagne-vosgienne-web-858x1024.jpg\" alt=\"\" width=\"858\" height=\"1024\" srcset=\"https:\/\/vosgesinfo.fr\/app\/uploads\/sites\/6\/2024\/12\/couv-montagne-vosgienne-web-858x1024.jpg 858w, https:\/\/vosgesinfo.fr\/app\/uploads\/sites\/6\/2024\/12\/couv-montagne-vosgienne-web-251x300.jpg 251w, https:\/\/vosgesinfo.fr\/app\/uploads\/sites\/6\/2024\/12\/couv-montagne-vosgienne-web-768x917.jpg 768w, https:\/\/vosgesinfo.fr\/app\/uploads\/sites\/6\/2024\/12\/couv-montagne-vosgienne-web.jpg 1181w\" sizes=\"(max-width: 858px) 100vw, 858px\" \/><\/a><\/p>\n","protected":false},"excerpt":{"rendered":"<p>Conf\u00e9rence sur l\u2019habitat rural des Hautes-Vosges mardi 10 d\u00e9cembre \u00e0 la m\u00e9diath\u00e8que du Tilleul\u00a0: l&rsquo;Inventaire g\u00e9n\u00e9ral du patrimoine a publi\u00e9 [&hellip;]<\/p>\n","protected":false},"author":391,"featured_media":71834,"comment_status":"open","ping_status":"open","sticky":false,"template":"","format":"standard","meta":{"footnotes":""},"categories":[20,25,16],"tags":[6214,153],"class_list":["post-71829","post","type-post","status-publish","format-standard","has-post-thumbnail","hentry","category-a-la-une","category-gerardmer","category-urbanisme","tag-jean-yves-henry","tag-mediatheque-du-tilleul"],"acf":[],"yoast_head":"<!-- This site is optimized with the Yoast SEO plugin v22.5 - https:\/\/yoast.com\/wordpress\/plugins\/seo\/ -->\n<title>Conf\u00e9rence sur l\u2019habitat rural des Hautes-Vosges avec Jean-Yves Henry - Gerardmer Info<\/title>\n<meta name=\"robots\" content=\"index, follow, max-snippet:-1, max-image-preview:large, max-video-preview:-1\" \/>\n<link rel=\"canonical\" href=\"https:\/\/vosgesinfo.fr\/gerardmerinfo\/2024\/12\/conference-sur-lhabitat-rural-des-hautes-vosges-avec-jean-yves-henry\/\" \/>\n<meta name=\"twitter:card\" content=\"summary_large_image\" \/>\n<meta name=\"twitter:title\" content=\"Conf\u00e9rence sur l\u2019habitat rural des Hautes-Vosges avec Jean-Yves Henry - Gerardmer Info\" \/>\n<meta name=\"twitter:description\" content=\"Conf\u00e9rence sur l\u2019habitat rural des Hautes-Vosges mardi 10 d\u00e9cembre \u00e0 la m\u00e9diath\u00e8que du Tilleul\u00a0: l&rsquo;Inventaire g\u00e9n\u00e9ral du patrimoine a publi\u00e9 [&hellip;]\" \/>\n<meta name=\"twitter:image\" content=\"https:\/\/vosgesinfo.fr\/app\/uploads\/sites\/6\/2024\/12\/habitat-rural-des-hautes-vosges1.jpg\" \/>\n<meta name=\"twitter:creator\" content=\"@VosgesInfo88\" \/>\n<meta name=\"twitter:site\" content=\"@VosgesInfo88\" \/>\n<meta name=\"twitter:label1\" content=\"\u00c9crit par\" \/>\n\t<meta name=\"twitter:data1\" content=\"La redaction\" \/>\n\t<meta name=\"twitter:label2\" content=\"Dur\u00e9e de lecture estim\u00e9e\" \/>\n\t<meta name=\"twitter:data2\" content=\"1 minute\" \/>\n<script type=\"application\/ld+json\" class=\"yoast-schema-graph\">{\"@context\":\"https:\/\/schema.org\",\"@graph\":[{\"@type\":\"Article\",\"@id\":\"https:\/\/vosgesinfo.fr\/gerardmerinfo\/2024\/12\/conference-sur-lhabitat-rural-des-hautes-vosges-avec-jean-yves-henry\/#article\",\"isPartOf\":{\"@id\":\"https:\/\/vosgesinfo.fr\/gerardmerinfo\/2024\/12\/conference-sur-lhabitat-rural-des-hautes-vosges-avec-jean-yves-henry\/\"},\"author\":{\"name\":\"La redaction\",\"@id\":\"https:\/\/vosgesinfo.fr\/gerardmerinfo\/#\/schema\/person\/27a3695b06db98895b354c0765cdfc31\"},\"headline\":\"Conf\u00e9rence sur l\u2019habitat rural des Hautes-Vosges avec Jean-Yves Henry\",\"datePublished\":\"2024-12-07T16:10:54+00:00\",\"dateModified\":\"2024-12-07T10:40:57+00:00\",\"mainEntityOfPage\":{\"@id\":\"https:\/\/vosgesinfo.fr\/gerardmerinfo\/2024\/12\/conference-sur-lhabitat-rural-des-hautes-vosges-avec-jean-yves-henry\/\"},\"wordCount\":164,\"commentCount\":0,\"publisher\":{\"@id\":\"https:\/\/vosgesinfo.fr\/gerardmerinfo\/#organization\"},\"image\":{\"@id\":\"https:\/\/vosgesinfo.fr\/gerardmerinfo\/2024\/12\/conference-sur-lhabitat-rural-des-hautes-vosges-avec-jean-yves-henry\/#primaryimage\"},\"thumbnailUrl\":\"https:\/\/vosgesinfo.fr\/app\/uploads\/sites\/6\/2024\/12\/habitat-rural-des-hautes-vosges1.jpg\",\"keywords\":[\"Jean-Yves Henry\",\"m\u00e9diath\u00e8que du tilleul\"],\"articleSection\":[\"A la une\",\"G\u00e9rardmer\",\"Urbanisme\"],\"inLanguage\":\"fr-FR\",\"potentialAction\":[{\"@type\":\"CommentAction\",\"name\":\"Comment\",\"target\":[\"https:\/\/vosgesinfo.fr\/gerardmerinfo\/2024\/12\/conference-sur-lhabitat-rural-des-hautes-vosges-avec-jean-yves-henry\/#respond\"]}]},{\"@type\":\"WebPage\",\"@id\":\"https:\/\/vosgesinfo.fr\/gerardmerinfo\/2024\/12\/conference-sur-lhabitat-rural-des-hautes-vosges-avec-jean-yves-henry\/\",\"url\":\"https:\/\/vosgesinfo.fr\/gerardmerinfo\/2024\/12\/conference-sur-lhabitat-rural-des-hautes-vosges-avec-jean-yves-henry\/\",\"name\":\"Conf\u00e9rence sur l\u2019habitat rural des Hautes-Vosges avec Jean-Yves Henry - Gerardmer Info\",\"isPartOf\":{\"@id\":\"https:\/\/vosgesinfo.fr\/gerardmerinfo\/#website\"},\"primaryImageOfPage\":{\"@id\":\"https:\/\/vosgesinfo.fr\/gerardmerinfo\/2024\/12\/conference-sur-lhabitat-rural-des-hautes-vosges-avec-jean-yves-henry\/#primaryimage\"},\"image\":{\"@id\":\"https:\/\/vosgesinfo.fr\/gerardmerinfo\/2024\/12\/conference-sur-lhabitat-rural-des-hautes-vosges-avec-jean-yves-henry\/#primaryimage\"},\"thumbnailUrl\":\"https:\/\/vosgesinfo.fr\/app\/uploads\/sites\/6\/2024\/12\/habitat-rural-des-hautes-vosges1.jpg\",\"datePublished\":\"2024-12-07T16:10:54+00:00\",\"dateModified\":\"2024-12-07T10:40:57+00:00\",\"breadcrumb\":{\"@id\":\"https:\/\/vosgesinfo.fr\/gerardmerinfo\/2024\/12\/conference-sur-lhabitat-rural-des-hautes-vosges-avec-jean-yves-henry\/#breadcrumb\"},\"inLanguage\":\"fr-FR\",\"potentialAction\":[{\"@type\":\"ReadAction\",\"target\":[\"https:\/\/vosgesinfo.fr\/gerardmerinfo\/2024\/12\/conference-sur-lhabitat-rural-des-hautes-vosges-avec-jean-yves-henry\/\"]}]},{\"@type\":\"ImageObject\",\"inLanguage\":\"fr-FR\",\"@id\":\"https:\/\/vosgesinfo.fr\/gerardmerinfo\/2024\/12\/conference-sur-lhabitat-rural-des-hautes-vosges-avec-jean-yves-henry\/#primaryimage\",\"url\":\"https:\/\/vosgesinfo.fr\/app\/uploads\/sites\/6\/2024\/12\/habitat-rural-des-hautes-vosges1.jpg\",\"contentUrl\":\"https:\/\/vosgesinfo.fr\/app\/uploads\/sites\/6\/2024\/12\/habitat-rural-des-hautes-vosges1.jpg\",\"width\":1200,\"height\":690},{\"@type\":\"BreadcrumbList\",\"@id\":\"https:\/\/vosgesinfo.fr\/gerardmerinfo\/2024\/12\/conference-sur-lhabitat-rural-des-hautes-vosges-avec-jean-yves-henry\/#breadcrumb\",\"itemListElement\":[{\"@type\":\"ListItem\",\"position\":1,\"name\":\"Home\",\"item\":\"https:\/\/vosgesinfo.fr\/gerardmerinfo\/\"},{\"@type\":\"ListItem\",\"position\":2,\"name\":\"Conf\u00e9rence sur l\u2019habitat rural des Hautes-Vosges avec Jean-Yves Henry\"}]},{\"@type\":\"WebSite\",\"@id\":\"https:\/\/vosgesinfo.fr\/gerardmerinfo\/#website\",\"url\":\"https:\/\/vosgesinfo.fr\/gerardmerinfo\/\",\"name\":\"Gerardmer Info\",\"description\":\"Toute l&#039;actualit\u00e9 de G\u00e9rardmer\",\"publisher\":{\"@id\":\"https:\/\/vosgesinfo.fr\/gerardmerinfo\/#organization\"},\"alternateName\":\"Toute l'actualit\u00e9 de G\u00e9rardmer\",\"potentialAction\":[{\"@type\":\"SearchAction\",\"target\":{\"@type\":\"EntryPoint\",\"urlTemplate\":\"https:\/\/vosgesinfo.fr\/gerardmerinfo\/?s={search_term_string}\"},\"query-input\":\"required name=search_term_string\"}],\"inLanguage\":\"fr-FR\"},{\"@type\":\"Organization\",\"@id\":\"https:\/\/vosgesinfo.fr\/gerardmerinfo\/#organization\",\"name\":\"Gerardmer Info\",\"url\":\"https:\/\/vosgesinfo.fr\/gerardmerinfo\/\",\"logo\":{\"@type\":\"ImageObject\",\"inLanguage\":\"fr-FR\",\"@id\":\"https:\/\/vosgesinfo.fr\/gerardmerinfo\/#\/schema\/logo\/image\/\",\"url\":\"https:\/\/vosgesinfo.fr\/app\/uploads\/sites\/6\/2023\/08\/favicon-gerardmerinfo.png\",\"contentUrl\":\"https:\/\/vosgesinfo.fr\/app\/uploads\/sites\/6\/2023\/08\/favicon-gerardmerinfo.png\",\"width\":512,\"height\":512,\"caption\":\"Gerardmer Info\"},\"image\":{\"@id\":\"https:\/\/vosgesinfo.fr\/gerardmerinfo\/#\/schema\/logo\/image\/\"},\"sameAs\":[\"https:\/\/www.facebook.com\/profile.php?id=100049475262660\",\"https:\/\/x.com\/VosgesInfo88\",\"https:\/\/www.youtube.com\/@vosgesinfo\"]},{\"@type\":\"Person\",\"@id\":\"https:\/\/vosgesinfo.fr\/gerardmerinfo\/#\/schema\/person\/27a3695b06db98895b354c0765cdfc31\",\"name\":\"La redaction\",\"image\":{\"@type\":\"ImageObject\",\"inLanguage\":\"fr-FR\",\"@id\":\"https:\/\/vosgesinfo.fr\/gerardmerinfo\/#\/schema\/person\/image\/\",\"url\":\"https:\/\/secure.gravatar.com\/avatar\/64c76a78e501cedee55736f43f332df901e1896ae9cd8fad269ae2236dd0e8b6?s=96&d=mm&r=g\",\"contentUrl\":\"https:\/\/secure.gravatar.com\/avatar\/64c76a78e501cedee55736f43f332df901e1896ae9cd8fad269ae2236dd0e8b6?s=96&d=mm&r=g\",\"caption\":\"La redaction\"},\"url\":\"https:\/\/vosgesinfo.fr\/gerardmerinfo\/author\/la-redaction\/\"}]}<\/script>\n<!-- \/ Yoast SEO plugin. -->","yoast_head_json":{"title":"Conf\u00e9rence sur l\u2019habitat rural des Hautes-Vosges avec Jean-Yves Henry - Gerardmer Info","robots":{"index":"index","follow":"follow","max-snippet":"max-snippet:-1","max-image-preview":"max-image-preview:large","max-video-preview":"max-video-preview:-1"},"canonical":"https:\/\/vosgesinfo.fr\/gerardmerinfo\/2024\/12\/conference-sur-lhabitat-rural-des-hautes-vosges-avec-jean-yves-henry\/","twitter_card":"summary_large_image","twitter_title":"Conf\u00e9rence sur l\u2019habitat rural des Hautes-Vosges avec Jean-Yves Henry - Gerardmer Info","twitter_description":"Conf\u00e9rence sur l\u2019habitat rural des Hautes-Vosges mardi 10 d\u00e9cembre \u00e0 la m\u00e9diath\u00e8que du Tilleul\u00a0: l&rsquo;Inventaire g\u00e9n\u00e9ral du patrimoine a publi\u00e9 [&hellip;]","twitter_image":"https:\/\/vosgesinfo.fr\/app\/uploads\/sites\/6\/2024\/12\/habitat-rural-des-hautes-vosges1.jpg","twitter_creator":"@VosgesInfo88","twitter_site":"@VosgesInfo88","twitter_misc":{"\u00c9crit par":"La redaction","Dur\u00e9e de lecture estim\u00e9e":"1 minute"},"schema":{"@context":"https:\/\/schema.org","@graph":[{"@type":"Article","@id":"https:\/\/vosgesinfo.fr\/gerardmerinfo\/2024\/12\/conference-sur-lhabitat-rural-des-hautes-vosges-avec-jean-yves-henry\/#article","isPartOf":{"@id":"https:\/\/vosgesinfo.fr\/gerardmerinfo\/2024\/12\/conference-sur-lhabitat-rural-des-hautes-vosges-avec-jean-yves-henry\/"},"author":{"name":"La redaction","@id":"https:\/\/vosgesinfo.fr\/gerardmerinfo\/#\/schema\/person\/27a3695b06db98895b354c0765cdfc31"},"headline":"Conf\u00e9rence sur l\u2019habitat rural des Hautes-Vosges avec Jean-Yves Henry","datePublished":"2024-12-07T16:10:54+00:00","dateModified":"2024-12-07T10:40:57+00:00","mainEntityOfPage":{"@id":"https:\/\/vosgesinfo.fr\/gerardmerinfo\/2024\/12\/conference-sur-lhabitat-rural-des-hautes-vosges-avec-jean-yves-henry\/"},"wordCount":164,"commentCount":0,"publisher":{"@id":"https:\/\/vosgesinfo.fr\/gerardmerinfo\/#organization"},"image":{"@id":"https:\/\/vosgesinfo.fr\/gerardmerinfo\/2024\/12\/conference-sur-lhabitat-rural-des-hautes-vosges-avec-jean-yves-henry\/#primaryimage"},"thumbnailUrl":"https:\/\/vosgesinfo.fr\/app\/uploads\/sites\/6\/2024\/12\/habitat-rural-des-hautes-vosges1.jpg","keywords":["Jean-Yves Henry","m\u00e9diath\u00e8que du tilleul"],"articleSection":["A la une","G\u00e9rardmer","Urbanisme"],"inLanguage":"fr-FR","potentialAction":[{"@type":"CommentAction","name":"Comment","target":["https:\/\/vosgesinfo.fr\/gerardmerinfo\/2024\/12\/conference-sur-lhabitat-rural-des-hautes-vosges-avec-jean-yves-henry\/#respond"]}]},{"@type":"WebPage","@id":"https:\/\/vosgesinfo.fr\/gerardmerinfo\/2024\/12\/conference-sur-lhabitat-rural-des-hautes-vosges-avec-jean-yves-henry\/","url":"https:\/\/vosgesinfo.fr\/gerardmerinfo\/2024\/12\/conference-sur-lhabitat-rural-des-hautes-vosges-avec-jean-yves-henry\/","name":"Conf\u00e9rence sur l\u2019habitat rural des Hautes-Vosges avec Jean-Yves Henry - Gerardmer Info","isPartOf":{"@id":"https:\/\/vosgesinfo.fr\/gerardmerinfo\/#website"},"primaryImageOfPage":{"@id":"https:\/\/vosgesinfo.fr\/gerardmerinfo\/2024\/12\/conference-sur-lhabitat-rural-des-hautes-vosges-avec-jean-yves-henry\/#primaryimage"},"image":{"@id":"https:\/\/vosgesinfo.fr\/gerardmerinfo\/2024\/12\/conference-sur-lhabitat-rural-des-hautes-vosges-avec-jean-yves-henry\/#primaryimage"},"thumbnailUrl":"https:\/\/vosgesinfo.fr\/app\/uploads\/sites\/6\/2024\/12\/habitat-rural-des-hautes-vosges1.jpg","datePublished":"2024-12-07T16:10:54+00:00","dateModified":"2024-12-07T10:40:57+00:00","breadcrumb":{"@id":"https:\/\/vosgesinfo.fr\/gerardmerinfo\/2024\/12\/conference-sur-lhabitat-rural-des-hautes-vosges-avec-jean-yves-henry\/#breadcrumb"},"inLanguage":"fr-FR","potentialAction":[{"@type":"ReadAction","target":["https:\/\/vosgesinfo.fr\/gerardmerinfo\/2024\/12\/conference-sur-lhabitat-rural-des-hautes-vosges-avec-jean-yves-henry\/"]}]},{"@type":"ImageObject","inLanguage":"fr-FR","@id":"https:\/\/vosgesinfo.fr\/gerardmerinfo\/2024\/12\/conference-sur-lhabitat-rural-des-hautes-vosges-avec-jean-yves-henry\/#primaryimage","url":"https:\/\/vosgesinfo.fr\/app\/uploads\/sites\/6\/2024\/12\/habitat-rural-des-hautes-vosges1.jpg","contentUrl":"https:\/\/vosgesinfo.fr\/app\/uploads\/sites\/6\/2024\/12\/habitat-rural-des-hautes-vosges1.jpg","width":1200,"height":690},{"@type":"BreadcrumbList","@id":"https:\/\/vosgesinfo.fr\/gerardmerinfo\/2024\/12\/conference-sur-lhabitat-rural-des-hautes-vosges-avec-jean-yves-henry\/#breadcrumb","itemListElement":[{"@type":"ListItem","position":1,"name":"Home","item":"https:\/\/vosgesinfo.fr\/gerardmerinfo\/"},{"@type":"ListItem","position":2,"name":"Conf\u00e9rence sur l\u2019habitat rural des Hautes-Vosges avec Jean-Yves Henry"}]},{"@type":"WebSite","@id":"https:\/\/vosgesinfo.fr\/gerardmerinfo\/#website","url":"https:\/\/vosgesinfo.fr\/gerardmerinfo\/","name":"Gerardmer Info","description":"Toute l&#039;actualit\u00e9 de G\u00e9rardmer","publisher":{"@id":"https:\/\/vosgesinfo.fr\/gerardmerinfo\/#organization"},"alternateName":"Toute l'actualit\u00e9 de G\u00e9rardmer","potentialAction":[{"@type":"SearchAction","target":{"@type":"EntryPoint","urlTemplate":"https:\/\/vosgesinfo.fr\/gerardmerinfo\/?s={search_term_string}"},"query-input":"required name=search_term_string"}],"inLanguage":"fr-FR"},{"@type":"Organization","@id":"https:\/\/vosgesinfo.fr\/gerardmerinfo\/#organization","name":"Gerardmer Info","url":"https:\/\/vosgesinfo.fr\/gerardmerinfo\/","logo":{"@type":"ImageObject","inLanguage":"fr-FR","@id":"https:\/\/vosgesinfo.fr\/gerardmerinfo\/#\/schema\/logo\/image\/","url":"https:\/\/vosgesinfo.fr\/app\/uploads\/sites\/6\/2023\/08\/favicon-gerardmerinfo.png","contentUrl":"https:\/\/vosgesinfo.fr\/app\/uploads\/sites\/6\/2023\/08\/favicon-gerardmerinfo.png","width":512,"height":512,"caption":"Gerardmer Info"},"image":{"@id":"https:\/\/vosgesinfo.fr\/gerardmerinfo\/#\/schema\/logo\/image\/"},"sameAs":["https:\/\/www.facebook.com\/profile.php?id=100049475262660","https:\/\/x.com\/VosgesInfo88","https:\/\/www.youtube.com\/@vosgesinfo"]},{"@type":"Person","@id":"https:\/\/vosgesinfo.fr\/gerardmerinfo\/#\/schema\/person\/27a3695b06db98895b354c0765cdfc31","name":"La redaction","image":{"@type":"ImageObject","inLanguage":"fr-FR","@id":"https:\/\/vosgesinfo.fr\/gerardmerinfo\/#\/schema\/person\/image\/","url":"https:\/\/secure.gravatar.com\/avatar\/64c76a78e501cedee55736f43f332df901e1896ae9cd8fad269ae2236dd0e8b6?s=96&d=mm&r=g","contentUrl":"https:\/\/secure.gravatar.com\/avatar\/64c76a78e501cedee55736f43f332df901e1896ae9cd8fad269ae2236dd0e8b6?s=96&d=mm&r=g","caption":"La redaction"},"url":"https:\/\/vosgesinfo.fr\/gerardmerinfo\/author\/la-redaction\/"}]}},"_links":{"self":[{"href":"https:\/\/vosgesinfo.fr\/gerardmerinfo\/wp-json\/wp\/v2\/posts\/71829","targetHints":{"allow":["GET"]}}],"collection":[{"href":"https:\/\/vosgesinfo.fr\/gerardmerinfo\/wp-json\/wp\/v2\/posts"}],"about":[{"href":"https:\/\/vosgesinfo.fr\/gerardmerinfo\/wp-json\/wp\/v2\/types\/post"}],"author":[{"embeddable":true,"href":"https:\/\/vosgesinfo.fr\/gerardmerinfo\/wp-json\/wp\/v2\/users\/391"}],"replies":[{"embeddable":true,"href":"https:\/\/vosgesinfo.fr\/gerardmerinfo\/wp-json\/wp\/v2\/comments?post=71829"}],"version-history":[{"count":1,"href":"https:\/\/vosgesinfo.fr\/gerardmerinfo\/wp-json\/wp\/v2\/posts\/71829\/revisions"}],"predecessor-version":[{"id":71836,"href":"https:\/\/vosgesinfo.fr\/gerardmerinfo\/wp-json\/wp\/v2\/posts\/71829\/revisions\/71836"}],"wp:featuredmedia":[{"embeddable":true,"href":"https:\/\/vosgesinfo.fr\/gerardmerinfo\/wp-json\/wp\/v2\/media\/71834"}],"wp:attachment":[{"href":"https:\/\/vosgesinfo.fr\/gerardmerinfo\/wp-json\/wp\/v2\/media?parent=71829"}],"wp:term":[{"taxonomy":"category","embeddable":true,"href":"https:\/\/vosgesinfo.fr\/gerardmerinfo\/wp-json\/wp\/v2\/categories?post=71829"},{"taxonomy":"post_tag","embeddable":true,"href":"https:\/\/vosgesinfo.fr\/gerardmerinfo\/wp-json\/wp\/v2\/tags?post=71829"}],"curies":[{"name":"wp","href":"https:\/\/api.w.org\/{rel}","templated":true}]}}