{"id":71840,"date":"2024-12-08T05:59:59","date_gmt":"2024-12-08T04:59:59","guid":{"rendered":"https:\/\/vosgesinfo.fr\/gerardmerinfo\/?p=71840"},"modified":"2024-12-07T17:11:27","modified_gmt":"2024-12-07T16:11:27","slug":"25e-concours-de-leloquence-du-rotary-la-haie-griselle-a-gerardmer-recevait-le-lycee-andre-malraux-de-remiremont","status":"publish","type":"post","link":"https:\/\/vosgesinfo.fr\/gerardmerinfo\/2024\/12\/25e-concours-de-leloquence-du-rotary-la-haie-griselle-a-gerardmer-recevait-le-lycee-andre-malraux-de-remiremont\/","title":{"rendered":"25e Concours de l\u2019\u00e9loquence du Rotary &#8211; la Haie Griselle \u00e0 G\u00e9rardmer recevait le Lyc\u00e9e Andr\u00e9 Malraux de Remiremont"},"content":{"rendered":"<p><a href=\"https:\/\/vosgesinfo.fr\/app\/uploads\/sites\/6\/2024\/12\/concours-deloquence-rotary-2024-2025-1-scaled.jpg\"><img decoding=\"async\" class=\"aligncenter size-large wp-image-71844\" src=\"https:\/\/vosgesinfo.fr\/app\/uploads\/sites\/6\/2024\/12\/concours-deloquence-rotary-2024-2025-1-1024x768.jpg\" alt=\"\" width=\"1024\" height=\"768\" srcset=\"https:\/\/vosgesinfo.fr\/app\/uploads\/sites\/6\/2024\/12\/concours-deloquence-rotary-2024-2025-1-1024x768.jpg 1024w, https:\/\/vosgesinfo.fr\/app\/uploads\/sites\/6\/2024\/12\/concours-deloquence-rotary-2024-2025-1-300x225.jpg 300w, https:\/\/vosgesinfo.fr\/app\/uploads\/sites\/6\/2024\/12\/concours-deloquence-rotary-2024-2025-1-768x576.jpg 768w, https:\/\/vosgesinfo.fr\/app\/uploads\/sites\/6\/2024\/12\/concours-deloquence-rotary-2024-2025-1-1536x1152.jpg 1536w, https:\/\/vosgesinfo.fr\/app\/uploads\/sites\/6\/2024\/12\/concours-deloquence-rotary-2024-2025-1-2048x1536.jpg 2048w\" sizes=\"(max-width: 1024px) 100vw, 1024px\" \/><\/a><\/p>\n<p class=\"western\"><strong><span style=\"color: #1c1c1c;\"><span style=\"font-size: medium;\">Le Lyc\u00e9e de la Haie Griselle r recevait le Lyc\u00e9e Andr\u00e9 Malraux de Remiremont dans le cadre du traditionnel concours d&rsquo;\u00e9loquence du Roatary.\u00a0 <\/span><\/span><\/strong><span style=\"color: #1c1c1c;\"><span style=\"font-size: medium;\"><strong>L\u2019\u00e9preuve s\u2019est d\u00e9roul\u00e9e dans une salle de cours du Lyc\u00e9e G\u00e9r\u00f4mois.<\/strong> <\/span><\/span><\/p>\n<p class=\"western\"><span style=\"color: #1c1c1c;\"><span style=\"font-size: medium;\"><a href=\"https:\/\/vosgesinfo.fr\/app\/uploads\/sites\/6\/2024\/12\/concours-deloquence-rotary-2024-2025-2-scaled.jpg\"><img decoding=\"async\" class=\"alignright size-medium wp-image-71841\" src=\"https:\/\/vosgesinfo.fr\/app\/uploads\/sites\/6\/2024\/12\/concours-deloquence-rotary-2024-2025-2-300x225.jpg\" alt=\"\" width=\"300\" height=\"225\" srcset=\"https:\/\/vosgesinfo.fr\/app\/uploads\/sites\/6\/2024\/12\/concours-deloquence-rotary-2024-2025-2-300x225.jpg 300w, https:\/\/vosgesinfo.fr\/app\/uploads\/sites\/6\/2024\/12\/concours-deloquence-rotary-2024-2025-2-1024x768.jpg 1024w, https:\/\/vosgesinfo.fr\/app\/uploads\/sites\/6\/2024\/12\/concours-deloquence-rotary-2024-2025-2-768x576.jpg 768w, https:\/\/vosgesinfo.fr\/app\/uploads\/sites\/6\/2024\/12\/concours-deloquence-rotary-2024-2025-2-1536x1152.jpg 1536w, https:\/\/vosgesinfo.fr\/app\/uploads\/sites\/6\/2024\/12\/concours-deloquence-rotary-2024-2025-2-2048x1536.jpg 2048w\" sizes=\"(max-width: 300px) 100vw, 300px\" \/><\/a>L\u2019\u00e9quipe romarimontaine \u00e9tait compos\u00e9e de Simon MATHIEU ( Terminale g\u00e9n\u00e9rale) et L\u00e9a VILLEMIN (Premi\u00e8re g\u00e9n\u00e9rale). A noter que Simon envisage de faire du droit ou du journalisme pour devenir Grand Reporter. L\u00e9a, elle, voudrait suivre des \u00e9tudes de droit.<\/span><\/span><\/p>\n<p class=\"western\"><span style=\"color: #1c1c1c;\"><span style=\"font-size: medium;\">Le bin\u00f4me g\u00e9r\u00f4mois \u00e9tait repr\u00e9sent\u00e9 par Abigaelle SCHMITT (Premi\u00e8re G\u00e9n\u00e9rale) et <\/span><\/span><span style=\"color: #1c1c1c;\"><span style=\"font-size: medium;\">Romane HAJEK (Premi\u00e8re g\u00e9n\u00e9rale). Abigaelle ambitionne de devenir Procureur de la R\u00e9publique alors que Romane se verrait bien Banqui\u00e8re.<br \/>\n<\/span><\/span><\/p>\n<p class=\"western\"><span style=\"color: #1c1c1c;\"><span style=\"font-size: medium;\">45 personnes assistaient \u00e0 cette joute verbales, avec bien entendu q<\/span><\/span><span style=\"color: #1c1c1c;\"><span style=\"font-size: medium;\">uelques parents d\u2019\u00e9l\u00e8ves suivaient avec attention et ferveur l\u2019\u00e9volution de leurs prot\u00e9g\u00e9s.<\/span><\/span><\/p>\n<p class=\"western\"><span style=\"color: #1c1c1c;\"><span style=\"font-size: medium;\">Le jury \u00e9tait compos\u00e9 de 4 personnes, 2 de G\u00e9rardmer et 2 de Remiremont, et <\/span><\/span><span style=\"color: #1c1c1c;\"><span style=\"font-size: medium;\">Remy Dugravot (Rotary Club de G\u00e9rardmer) \u00e9tait le Monsieur Loyal<\/span><\/span><\/p>\n<p>&nbsp;<\/p>\n<p class=\"western\"><strong><span style=\"color: #1c1c1c;\"><span style=\"font-size: medium;\">La \u2018\u2019question\u2019\u2019 du jour :<\/span><\/span><\/strong><\/p>\n<p class=\"western\" align=\"center\"><strong><span style=\"color: #1c1c1c;\"><span style=\"font-size: medium;\">POUR ou CONTRE le BLACK FRIDAY<\/span><\/span><\/strong><\/p>\n<p class=\"western\"><span style=\"color: #1c1c1c;\"><span style=\"font-size: medium;\">L\u2019\u00e9quipe A La Haie Griselle s\u2019est charg\u00e9 de l\u2019option \u2018\u2019POUR\u2019\u2019<\/span><\/span><\/p>\n<p class=\"western\"><span style=\"color: #1c1c1c;\"><span style=\"font-size: medium;\">L\u2019\u00e9quipe B Andr\u00e9 Malraux d\u00e9fendait la position \u2018\u2019CONTRE\u2019\u2019<\/span><\/span><\/p>\n<p class=\"western\"><span style=\"color: #1c1c1c;\"><span style=\"font-size: medium;\"><a href=\"https:\/\/vosgesinfo.fr\/app\/uploads\/sites\/6\/2024\/12\/concours-deloquence-rotary-2024-2025-3-scaled.jpg\"><img decoding=\"async\" class=\"alignright size-medium wp-image-71842\" src=\"https:\/\/vosgesinfo.fr\/app\/uploads\/sites\/6\/2024\/12\/concours-deloquence-rotary-2024-2025-3-225x300.jpg\" alt=\"\" width=\"225\" height=\"300\" srcset=\"https:\/\/vosgesinfo.fr\/app\/uploads\/sites\/6\/2024\/12\/concours-deloquence-rotary-2024-2025-3-225x300.jpg 225w, https:\/\/vosgesinfo.fr\/app\/uploads\/sites\/6\/2024\/12\/concours-deloquence-rotary-2024-2025-3-768x1024.jpg 768w, https:\/\/vosgesinfo.fr\/app\/uploads\/sites\/6\/2024\/12\/concours-deloquence-rotary-2024-2025-3-1152x1536.jpg 1152w, https:\/\/vosgesinfo.fr\/app\/uploads\/sites\/6\/2024\/12\/concours-deloquence-rotary-2024-2025-3-1536x2048.jpg 1536w, https:\/\/vosgesinfo.fr\/app\/uploads\/sites\/6\/2024\/12\/concours-deloquence-rotary-2024-2025-3-scaled.jpg 1920w\" sizes=\"(max-width: 225px) 100vw, 225px\" \/><\/a>Abigaelle et Romane\/ Le No\u00ebl avant l\u2019heure\u2026Accessibilit\u00e9 \u00e0 tous..Une date tr\u00e8s importante avant les f\u00eates de fin d\u2019ann\u00e9e\u2026 65% des consommateurs d\u00e9clare acheter \u00e0 ce moment\u2026Opportunit\u00e9 de faire des achats en famille\u2026Bon pour le d\u00e9veloppement \u00e9conomique en g\u00e9n\u00e9ral \u2026Plus de 50% des commerces y participent\u202620% des ventes en plus\u2026La Poste embauche des employ\u00e9s compl\u00e9mentaires pour assurer la distribution des colis\u2026Bons plans d\u2019\u00e9changes sur les r\u00e9seaux sociaux\u2026Le Black Friday doit encore prosp\u00e9rer\u00a0!!&#8230;On a m\u00eame fait parler Aristote sur le bonheur utile\u2026<\/span><\/span><\/p>\n<p class=\"western\"><span style=\"color: #1c1c1c;\"><span style=\"font-size: medium;\"><a href=\"https:\/\/vosgesinfo.fr\/app\/uploads\/sites\/6\/2024\/12\/concours-deloquence-rotary-2024-2025-4-scaled.jpg\"><img decoding=\"async\" class=\"alignright size-medium wp-image-71843\" src=\"https:\/\/vosgesinfo.fr\/app\/uploads\/sites\/6\/2024\/12\/concours-deloquence-rotary-2024-2025-4-300x225.jpg\" alt=\"\" width=\"300\" height=\"225\" srcset=\"https:\/\/vosgesinfo.fr\/app\/uploads\/sites\/6\/2024\/12\/concours-deloquence-rotary-2024-2025-4-300x225.jpg 300w, https:\/\/vosgesinfo.fr\/app\/uploads\/sites\/6\/2024\/12\/concours-deloquence-rotary-2024-2025-4-1024x768.jpg 1024w, https:\/\/vosgesinfo.fr\/app\/uploads\/sites\/6\/2024\/12\/concours-deloquence-rotary-2024-2025-4-768x576.jpg 768w, https:\/\/vosgesinfo.fr\/app\/uploads\/sites\/6\/2024\/12\/concours-deloquence-rotary-2024-2025-4-1536x1152.jpg 1536w, https:\/\/vosgesinfo.fr\/app\/uploads\/sites\/6\/2024\/12\/concours-deloquence-rotary-2024-2025-4-2048x1536.jpg 2048w\" sizes=\"(max-width: 300px) 100vw, 300px\" \/><\/a>L\u00e9a et Simon\/ Le Black Friday , est l\u2019occasion de pr\u00e9senter des \u00e9normes soldes\u00a0!!! mais terriblement frauduleuses\u2026Avant cette date oh combien commerciale, les prix sont gonfl\u00e9s en amont pour pr\u00e9senter le jour \u2018\u2019J\u2019\u2019 des prix attractifs\u2026 C\u2019est une escroquerie contre la population\u2026Cet \u00e9v\u00e9nement est orchestr\u00e9 par Amazone\u2026Il y aura automatiquement une sur consommation, donc un impact environnemental\u00a0!&#8230;Il est vital de penser \u00e0 notre plan\u00e8te\u2026D\u00e9chets, plastiques, papiers, polystyr\u00e8ne\u2026 80 % des v\u00eatements sont jet\u00e9s ou jamais utilis\u00e9s apr\u00e8s ce Black Friday\u2026Le \u2018\u2019petit\u2019\u2019 commerce a du mal \u00e0 rivaliser\u2026Les commer\u00e7ants franchis\u00e9s subissent d\u2019\u00e9normes pressions pour vendre absolument\u2026Vous \u00eates des victimes de cette surconsommation\u00a0!!!<\/span><\/span><\/p>\n<p class=\"western\"><span style=\"color: #1c1c1c;\"><span style=\"font-size: medium;\">Apr\u00e8s avoir d\u00e9fendu avec ardeur, exemples, citations\u2026les deux \u00e9quipes ont d\u00e9battu\u2026.Puis ont r\u00e9pondu aux questions pos\u00e9es par les spectateurs (\u00e9tudiants uniquement) pour terminer par une conclusion qui se voulait courte mais efficace<\/span><\/span><\/p>\n<p class=\"western\"><span style=\"color: #1c1c1c;\"><span style=\"font-size: medium;\">A ce moment de l\u2019\u00e9preuve, l\u2019\u00e9quipe de Remiremont a pris l\u2019avantage surtout dans l\u2019argumentation du \u2018\u2019CONTRE\u2019\u2019 <\/span><\/span><\/p>\n<p class=\"western\"><span style=\"color: #1c1c1c;\"><span style=\"font-size: medium;\"><i>***La question \u2018\u2019JONQUILLE\u2019\u2019 est d\u00e9sormais identique aux deux \u00e9quipes\u2026(Avec une obligation de s\u2019exprimer au moins pendant 3 minutes)<\/i><\/span><\/span><\/p>\n<p class=\"western\" align=\"center\"><span style=\"color: #1c1c1c;\"><span style=\"font-size: large;\"><b data-olk-copy-source=\"MessageBody\">Jeanne d&rsquo;Arc ne s&rsquo;\u00e9tait-elle pas trop enflamm\u00e9e<\/b> ?<br \/>\n<\/span><\/span><\/p>\n<p class=\"western\"><span style=\"color: #1c1c1c;\"> <span style=\"font-size: medium;\">Abigaelle et Romane\/La Haie Griselle<\/span><\/span><\/p>\n<p class=\"western\"><span style=\"color: #1c1c1c;\"> <span style=\"font-size: medium;\"><i>D\u00e9monstration moyenne avec un exemple certes, bas\u00e9 sur une histoire de dragons qui crachaient du feu pour mettre Jeanne en valeur\u00a0! et surtout pour \u00e9viter les jaloux\u2026 Tout cela pour p\u00e9rir au milieu des flammes\u00a0!<\/i><\/span><\/span><\/p>\n<p class=\"western\"><span style=\"color: #1c1c1c;\"> <span style=\"font-size: medium;\">Une dose d\u2019humour minimale qui n\u2019a pas r\u00e9ussi \u00e0 convaincre, h\u00e9las\u00a0!<\/span><\/span><\/p>\n<p class=\"western\"><span style=\"color: #1c1c1c;\"> <span style=\"font-size: medium;\">L\u00e9a et Simon \/Andr\u00e9 Malraux<\/span><\/span><\/p>\n<p class=\"western\"><span style=\"color: #1c1c1c;\"><span style=\"font-size: medium;\">Les deux \u2018\u2019romarimontains\u2019\u2019 se sont montr\u00e9s tr\u00e8s \u00e0 l\u2019aise dans ce style d\u2019intervention o\u00f9 seule l\u2019improvisation, les jeux de mots et l\u2019humour restent les clefs du succ\u00e8s\u2026.<\/span><\/span><\/p>\n<p class=\"western\"><span style=\"color: #1c1c1c;\"><span style=\"font-size: medium;\">Allumer le feu\u2026Sorci\u00e8re sur le b\u00fbcher\u2026Il sera flambant\u2026Jeanne d\u2019Arc trop jeune ou trop dark\u00a0!&#8230;Ma\u00eetriser les Jeannes\u2026Elle a \u00e9t\u00e9 trop loin\u2026<i> \u2026<\/i><\/span><\/span><\/p>\n<p class=\"western\"><span style=\"color: #1c1c1c;\"><span style=\"font-size: medium;\"><i>Bref l\u2019auditoire a \u00e9t\u00e9 satisfait\u2026les jur\u00e9s conquis\u2026<\/i><\/span><\/span><\/p>\n<p class=\"western\"><span style=\"color: #1c1c1c;\"><span style=\"font-size: medium;\">Avantage suppl\u00e9mentaire aux repr\u00e9sentants du Lyc\u00e9e Andr\u00e9 Malraux pour ce sujet toujours redoutable \u2018\u2019 la question jonquille \u2019\u2019<\/span><\/span><\/p>\n<p class=\"western\"><span style=\"color: #1c1c1c;\"><span style=\"font-size: medium;\">Apr\u00e8s cotations des diff\u00e9rent th\u00e8mes de cette belle \u00e9preuve, le jury \u00e0 proclam\u00e9\u00a0:<\/span><\/span><\/p>\n<p class=\"western\"><span style=\"color: #1c1c1c;\"><span style=\"font-size: medium;\">&#8211; Vainqueurs, les deux repr\u00e9sentants romarimontains avec un magnifique score de 17,50 -Le bin\u00f4me aux couleurs de La Haie Griselle , lui comptabilisait 16,40 (une belle note, \u00e9galement)<\/span><\/span><\/p>\n<p class=\"western\"><span style=\"color: #1c1c1c;\"><span style=\"font-size: medium;\">Pour conclure\u00a0: Tr\u00e8s bonnes prestations des deux \u00e9quipes\u2026o\u00f9 chacune peut envisager le d\u00e9roulement futur de ce concours avec optimisme. (Les notes sont \u00e9lev\u00e9es et relativement proches\u2026)<\/span><\/span><\/p>\n<p class=\"western\"><span style=\"color: #1c1c1c;\"><span style=\"font-size: medium;\">On a pu observer du respect pour les adversaires, de la politesse, de l\u2019estime et de la loyaut\u00e9. <\/span><\/span><span style=\"color: #1c1c1c;\"><span style=\"font-size: medium;\">En d\u00e9finitive une belle r\u00e9union qui glorifie le savoir et la capacit\u00e9 des \u00e9tudiants \u00e0 d\u00e9monter leur savoir. <\/span><\/span><span style=\"color: #1c1c1c;\"><span style=\"font-size: medium;\">Encore un bon point pour les organisateurs\u2026\u00e0 savoir le Rotary<\/span><\/span><\/p>\n<p>&nbsp;<\/p>\n<p class=\"western\"><span style=\"color: #1c1c1c;\"><span style=\"font-size: medium;\">P.P<\/span><\/span><\/p>\n","protected":false},"excerpt":{"rendered":"<p>Le Lyc\u00e9e de la Haie Griselle r recevait le Lyc\u00e9e Andr\u00e9 Malraux de Remiremont dans le cadre du traditionnel concours [&hellip;]<\/p>\n","protected":false},"author":391,"featured_media":71844,"comment_status":"open","ping_status":"open","sticky":false,"template":"","format":"standard","meta":{"footnotes":""},"categories":[20,868],"tags":[151,189,6215],"class_list":["post-71840","post","type-post","status-publish","format-standard","has-post-thumbnail","hentry","category-a-la-une","category-remiremont","tag-concours-deloquence-rotary","tag-haie-griselle","tag-lycee-malraux"],"acf":[],"yoast_head":"<!-- This site is optimized with the Yoast SEO plugin v22.5 - https:\/\/yoast.com\/wordpress\/plugins\/seo\/ -->\n<title>25e Concours de l\u2019\u00e9loquence du Rotary - la Haie Griselle \u00e0 G\u00e9rardmer recevait le Lyc\u00e9e Andr\u00e9 Malraux de Remiremont - Gerardmer Info<\/title>\n<meta name=\"robots\" content=\"index, follow, max-snippet:-1, max-image-preview:large, max-video-preview:-1\" \/>\n<link rel=\"canonical\" href=\"https:\/\/vosgesinfo.fr\/gerardmerinfo\/2024\/12\/25e-concours-de-leloquence-du-rotary-la-haie-griselle-a-gerardmer-recevait-le-lycee-andre-malraux-de-remiremont\/\" \/>\n<meta name=\"twitter:card\" content=\"summary_large_image\" \/>\n<meta name=\"twitter:title\" content=\"25e Concours de l\u2019\u00e9loquence du Rotary - la Haie Griselle \u00e0 G\u00e9rardmer recevait le Lyc\u00e9e Andr\u00e9 Malraux de Remiremont - Gerardmer Info\" \/>\n<meta name=\"twitter:description\" content=\"Le Lyc\u00e9e de la Haie Griselle r recevait le Lyc\u00e9e Andr\u00e9 Malraux de Remiremont dans le cadre du traditionnel concours [&hellip;]\" \/>\n<meta name=\"twitter:image\" content=\"https:\/\/vosgesinfo.fr\/app\/uploads\/sites\/6\/2024\/12\/concours-deloquence-rotary-2024-2025-1-scaled.jpg\" \/>\n<meta name=\"twitter:creator\" content=\"@VosgesInfo88\" \/>\n<meta name=\"twitter:site\" content=\"@VosgesInfo88\" \/>\n<meta name=\"twitter:label1\" content=\"\u00c9crit par\" \/>\n\t<meta name=\"twitter:data1\" content=\"La redaction\" \/>\n\t<meta name=\"twitter:label2\" content=\"Dur\u00e9e de lecture estim\u00e9e\" \/>\n\t<meta name=\"twitter:data2\" content=\"5 minutes\" \/>\n<script type=\"application\/ld+json\" class=\"yoast-schema-graph\">{\"@context\":\"https:\/\/schema.org\",\"@graph\":[{\"@type\":\"Article\",\"@id\":\"https:\/\/vosgesinfo.fr\/gerardmerinfo\/2024\/12\/25e-concours-de-leloquence-du-rotary-la-haie-griselle-a-gerardmer-recevait-le-lycee-andre-malraux-de-remiremont\/#article\",\"isPartOf\":{\"@id\":\"https:\/\/vosgesinfo.fr\/gerardmerinfo\/2024\/12\/25e-concours-de-leloquence-du-rotary-la-haie-griselle-a-gerardmer-recevait-le-lycee-andre-malraux-de-remiremont\/\"},\"author\":{\"name\":\"La redaction\",\"@id\":\"https:\/\/vosgesinfo.fr\/gerardmerinfo\/#\/schema\/person\/27a3695b06db98895b354c0765cdfc31\"},\"headline\":\"25e Concours de l\u2019\u00e9loquence du Rotary &#8211; la Haie Griselle \u00e0 G\u00e9rardmer recevait le Lyc\u00e9e Andr\u00e9 Malraux de Remiremont\",\"datePublished\":\"2024-12-08T04:59:59+00:00\",\"dateModified\":\"2024-12-07T16:11:27+00:00\",\"mainEntityOfPage\":{\"@id\":\"https:\/\/vosgesinfo.fr\/gerardmerinfo\/2024\/12\/25e-concours-de-leloquence-du-rotary-la-haie-griselle-a-gerardmer-recevait-le-lycee-andre-malraux-de-remiremont\/\"},\"wordCount\":826,\"commentCount\":0,\"publisher\":{\"@id\":\"https:\/\/vosgesinfo.fr\/gerardmerinfo\/#organization\"},\"image\":{\"@id\":\"https:\/\/vosgesinfo.fr\/gerardmerinfo\/2024\/12\/25e-concours-de-leloquence-du-rotary-la-haie-griselle-a-gerardmer-recevait-le-lycee-andre-malraux-de-remiremont\/#primaryimage\"},\"thumbnailUrl\":\"https:\/\/vosgesinfo.fr\/app\/uploads\/sites\/6\/2024\/12\/concours-deloquence-rotary-2024-2025-1-scaled.jpg\",\"keywords\":[\"concours d'\u00e9loquence rotary\",\"haie griselle\",\"Lyc\u00e9e Malraux\"],\"articleSection\":[\"A la une\",\"Remiremont\"],\"inLanguage\":\"fr-FR\",\"potentialAction\":[{\"@type\":\"CommentAction\",\"name\":\"Comment\",\"target\":[\"https:\/\/vosgesinfo.fr\/gerardmerinfo\/2024\/12\/25e-concours-de-leloquence-du-rotary-la-haie-griselle-a-gerardmer-recevait-le-lycee-andre-malraux-de-remiremont\/#respond\"]}]},{\"@type\":\"WebPage\",\"@id\":\"https:\/\/vosgesinfo.fr\/gerardmerinfo\/2024\/12\/25e-concours-de-leloquence-du-rotary-la-haie-griselle-a-gerardmer-recevait-le-lycee-andre-malraux-de-remiremont\/\",\"url\":\"https:\/\/vosgesinfo.fr\/gerardmerinfo\/2024\/12\/25e-concours-de-leloquence-du-rotary-la-haie-griselle-a-gerardmer-recevait-le-lycee-andre-malraux-de-remiremont\/\",\"name\":\"25e Concours de l\u2019\u00e9loquence du Rotary - la Haie Griselle \u00e0 G\u00e9rardmer recevait le Lyc\u00e9e Andr\u00e9 Malraux de Remiremont - Gerardmer Info\",\"isPartOf\":{\"@id\":\"https:\/\/vosgesinfo.fr\/gerardmerinfo\/#website\"},\"primaryImageOfPage\":{\"@id\":\"https:\/\/vosgesinfo.fr\/gerardmerinfo\/2024\/12\/25e-concours-de-leloquence-du-rotary-la-haie-griselle-a-gerardmer-recevait-le-lycee-andre-malraux-de-remiremont\/#primaryimage\"},\"image\":{\"@id\":\"https:\/\/vosgesinfo.fr\/gerardmerinfo\/2024\/12\/25e-concours-de-leloquence-du-rotary-la-haie-griselle-a-gerardmer-recevait-le-lycee-andre-malraux-de-remiremont\/#primaryimage\"},\"thumbnailUrl\":\"https:\/\/vosgesinfo.fr\/app\/uploads\/sites\/6\/2024\/12\/concours-deloquence-rotary-2024-2025-1-scaled.jpg\",\"datePublished\":\"2024-12-08T04:59:59+00:00\",\"dateModified\":\"2024-12-07T16:11:27+00:00\",\"breadcrumb\":{\"@id\":\"https:\/\/vosgesinfo.fr\/gerardmerinfo\/2024\/12\/25e-concours-de-leloquence-du-rotary-la-haie-griselle-a-gerardmer-recevait-le-lycee-andre-malraux-de-remiremont\/#breadcrumb\"},\"inLanguage\":\"fr-FR\",\"potentialAction\":[{\"@type\":\"ReadAction\",\"target\":[\"https:\/\/vosgesinfo.fr\/gerardmerinfo\/2024\/12\/25e-concours-de-leloquence-du-rotary-la-haie-griselle-a-gerardmer-recevait-le-lycee-andre-malraux-de-remiremont\/\"]}]},{\"@type\":\"ImageObject\",\"inLanguage\":\"fr-FR\",\"@id\":\"https:\/\/vosgesinfo.fr\/gerardmerinfo\/2024\/12\/25e-concours-de-leloquence-du-rotary-la-haie-griselle-a-gerardmer-recevait-le-lycee-andre-malraux-de-remiremont\/#primaryimage\",\"url\":\"https:\/\/vosgesinfo.fr\/app\/uploads\/sites\/6\/2024\/12\/concours-deloquence-rotary-2024-2025-1-scaled.jpg\",\"contentUrl\":\"https:\/\/vosgesinfo.fr\/app\/uploads\/sites\/6\/2024\/12\/concours-deloquence-rotary-2024-2025-1-scaled.jpg\",\"width\":2560,\"height\":1920},{\"@type\":\"BreadcrumbList\",\"@id\":\"https:\/\/vosgesinfo.fr\/gerardmerinfo\/2024\/12\/25e-concours-de-leloquence-du-rotary-la-haie-griselle-a-gerardmer-recevait-le-lycee-andre-malraux-de-remiremont\/#breadcrumb\",\"itemListElement\":[{\"@type\":\"ListItem\",\"position\":1,\"name\":\"Home\",\"item\":\"https:\/\/vosgesinfo.fr\/gerardmerinfo\/\"},{\"@type\":\"ListItem\",\"position\":2,\"name\":\"25e Concours de l\u2019\u00e9loquence du Rotary &#8211; la Haie Griselle \u00e0 G\u00e9rardmer recevait le Lyc\u00e9e Andr\u00e9 Malraux de Remiremont\"}]},{\"@type\":\"WebSite\",\"@id\":\"https:\/\/vosgesinfo.fr\/gerardmerinfo\/#website\",\"url\":\"https:\/\/vosgesinfo.fr\/gerardmerinfo\/\",\"name\":\"Gerardmer Info\",\"description\":\"Toute l&#039;actualit\u00e9 de G\u00e9rardmer\",\"publisher\":{\"@id\":\"https:\/\/vosgesinfo.fr\/gerardmerinfo\/#organization\"},\"alternateName\":\"Toute l'actualit\u00e9 de G\u00e9rardmer\",\"potentialAction\":[{\"@type\":\"SearchAction\",\"target\":{\"@type\":\"EntryPoint\",\"urlTemplate\":\"https:\/\/vosgesinfo.fr\/gerardmerinfo\/?s={search_term_string}\"},\"query-input\":\"required name=search_term_string\"}],\"inLanguage\":\"fr-FR\"},{\"@type\":\"Organization\",\"@id\":\"https:\/\/vosgesinfo.fr\/gerardmerinfo\/#organization\",\"name\":\"Gerardmer Info\",\"url\":\"https:\/\/vosgesinfo.fr\/gerardmerinfo\/\",\"logo\":{\"@type\":\"ImageObject\",\"inLanguage\":\"fr-FR\",\"@id\":\"https:\/\/vosgesinfo.fr\/gerardmerinfo\/#\/schema\/logo\/image\/\",\"url\":\"https:\/\/vosgesinfo.fr\/app\/uploads\/sites\/6\/2023\/08\/favicon-gerardmerinfo.png\",\"contentUrl\":\"https:\/\/vosgesinfo.fr\/app\/uploads\/sites\/6\/2023\/08\/favicon-gerardmerinfo.png\",\"width\":512,\"height\":512,\"caption\":\"Gerardmer Info\"},\"image\":{\"@id\":\"https:\/\/vosgesinfo.fr\/gerardmerinfo\/#\/schema\/logo\/image\/\"},\"sameAs\":[\"https:\/\/www.facebook.com\/profile.php?id=100049475262660\",\"https:\/\/x.com\/VosgesInfo88\",\"https:\/\/www.youtube.com\/@vosgesinfo\"]},{\"@type\":\"Person\",\"@id\":\"https:\/\/vosgesinfo.fr\/gerardmerinfo\/#\/schema\/person\/27a3695b06db98895b354c0765cdfc31\",\"name\":\"La redaction\",\"image\":{\"@type\":\"ImageObject\",\"inLanguage\":\"fr-FR\",\"@id\":\"https:\/\/vosgesinfo.fr\/gerardmerinfo\/#\/schema\/person\/image\/\",\"url\":\"https:\/\/secure.gravatar.com\/avatar\/64c76a78e501cedee55736f43f332df901e1896ae9cd8fad269ae2236dd0e8b6?s=96&d=mm&r=g\",\"contentUrl\":\"https:\/\/secure.gravatar.com\/avatar\/64c76a78e501cedee55736f43f332df901e1896ae9cd8fad269ae2236dd0e8b6?s=96&d=mm&r=g\",\"caption\":\"La redaction\"},\"url\":\"https:\/\/vosgesinfo.fr\/gerardmerinfo\/author\/la-redaction\/\"}]}<\/script>\n<!-- \/ Yoast SEO plugin. -->","yoast_head_json":{"title":"25e Concours de l\u2019\u00e9loquence du Rotary - la Haie Griselle \u00e0 G\u00e9rardmer recevait le Lyc\u00e9e Andr\u00e9 Malraux de Remiremont - Gerardmer Info","robots":{"index":"index","follow":"follow","max-snippet":"max-snippet:-1","max-image-preview":"max-image-preview:large","max-video-preview":"max-video-preview:-1"},"canonical":"https:\/\/vosgesinfo.fr\/gerardmerinfo\/2024\/12\/25e-concours-de-leloquence-du-rotary-la-haie-griselle-a-gerardmer-recevait-le-lycee-andre-malraux-de-remiremont\/","twitter_card":"summary_large_image","twitter_title":"25e Concours de l\u2019\u00e9loquence du Rotary - la Haie Griselle \u00e0 G\u00e9rardmer recevait le Lyc\u00e9e Andr\u00e9 Malraux de Remiremont - Gerardmer Info","twitter_description":"Le Lyc\u00e9e de la Haie Griselle r recevait le Lyc\u00e9e Andr\u00e9 Malraux de Remiremont dans le cadre du traditionnel concours [&hellip;]","twitter_image":"https:\/\/vosgesinfo.fr\/app\/uploads\/sites\/6\/2024\/12\/concours-deloquence-rotary-2024-2025-1-scaled.jpg","twitter_creator":"@VosgesInfo88","twitter_site":"@VosgesInfo88","twitter_misc":{"\u00c9crit par":"La redaction","Dur\u00e9e de lecture estim\u00e9e":"5 minutes"},"schema":{"@context":"https:\/\/schema.org","@graph":[{"@type":"Article","@id":"https:\/\/vosgesinfo.fr\/gerardmerinfo\/2024\/12\/25e-concours-de-leloquence-du-rotary-la-haie-griselle-a-gerardmer-recevait-le-lycee-andre-malraux-de-remiremont\/#article","isPartOf":{"@id":"https:\/\/vosgesinfo.fr\/gerardmerinfo\/2024\/12\/25e-concours-de-leloquence-du-rotary-la-haie-griselle-a-gerardmer-recevait-le-lycee-andre-malraux-de-remiremont\/"},"author":{"name":"La redaction","@id":"https:\/\/vosgesinfo.fr\/gerardmerinfo\/#\/schema\/person\/27a3695b06db98895b354c0765cdfc31"},"headline":"25e Concours de l\u2019\u00e9loquence du Rotary &#8211; la Haie Griselle \u00e0 G\u00e9rardmer recevait le Lyc\u00e9e Andr\u00e9 Malraux de Remiremont","datePublished":"2024-12-08T04:59:59+00:00","dateModified":"2024-12-07T16:11:27+00:00","mainEntityOfPage":{"@id":"https:\/\/vosgesinfo.fr\/gerardmerinfo\/2024\/12\/25e-concours-de-leloquence-du-rotary-la-haie-griselle-a-gerardmer-recevait-le-lycee-andre-malraux-de-remiremont\/"},"wordCount":826,"commentCount":0,"publisher":{"@id":"https:\/\/vosgesinfo.fr\/gerardmerinfo\/#organization"},"image":{"@id":"https:\/\/vosgesinfo.fr\/gerardmerinfo\/2024\/12\/25e-concours-de-leloquence-du-rotary-la-haie-griselle-a-gerardmer-recevait-le-lycee-andre-malraux-de-remiremont\/#primaryimage"},"thumbnailUrl":"https:\/\/vosgesinfo.fr\/app\/uploads\/sites\/6\/2024\/12\/concours-deloquence-rotary-2024-2025-1-scaled.jpg","keywords":["concours d'\u00e9loquence rotary","haie griselle","Lyc\u00e9e Malraux"],"articleSection":["A la une","Remiremont"],"inLanguage":"fr-FR","potentialAction":[{"@type":"CommentAction","name":"Comment","target":["https:\/\/vosgesinfo.fr\/gerardmerinfo\/2024\/12\/25e-concours-de-leloquence-du-rotary-la-haie-griselle-a-gerardmer-recevait-le-lycee-andre-malraux-de-remiremont\/#respond"]}]},{"@type":"WebPage","@id":"https:\/\/vosgesinfo.fr\/gerardmerinfo\/2024\/12\/25e-concours-de-leloquence-du-rotary-la-haie-griselle-a-gerardmer-recevait-le-lycee-andre-malraux-de-remiremont\/","url":"https:\/\/vosgesinfo.fr\/gerardmerinfo\/2024\/12\/25e-concours-de-leloquence-du-rotary-la-haie-griselle-a-gerardmer-recevait-le-lycee-andre-malraux-de-remiremont\/","name":"25e Concours de l\u2019\u00e9loquence du Rotary - la Haie Griselle \u00e0 G\u00e9rardmer recevait le Lyc\u00e9e Andr\u00e9 Malraux de Remiremont - Gerardmer Info","isPartOf":{"@id":"https:\/\/vosgesinfo.fr\/gerardmerinfo\/#website"},"primaryImageOfPage":{"@id":"https:\/\/vosgesinfo.fr\/gerardmerinfo\/2024\/12\/25e-concours-de-leloquence-du-rotary-la-haie-griselle-a-gerardmer-recevait-le-lycee-andre-malraux-de-remiremont\/#primaryimage"},"image":{"@id":"https:\/\/vosgesinfo.fr\/gerardmerinfo\/2024\/12\/25e-concours-de-leloquence-du-rotary-la-haie-griselle-a-gerardmer-recevait-le-lycee-andre-malraux-de-remiremont\/#primaryimage"},"thumbnailUrl":"https:\/\/vosgesinfo.fr\/app\/uploads\/sites\/6\/2024\/12\/concours-deloquence-rotary-2024-2025-1-scaled.jpg","datePublished":"2024-12-08T04:59:59+00:00","dateModified":"2024-12-07T16:11:27+00:00","breadcrumb":{"@id":"https:\/\/vosgesinfo.fr\/gerardmerinfo\/2024\/12\/25e-concours-de-leloquence-du-rotary-la-haie-griselle-a-gerardmer-recevait-le-lycee-andre-malraux-de-remiremont\/#breadcrumb"},"inLanguage":"fr-FR","potentialAction":[{"@type":"ReadAction","target":["https:\/\/vosgesinfo.fr\/gerardmerinfo\/2024\/12\/25e-concours-de-leloquence-du-rotary-la-haie-griselle-a-gerardmer-recevait-le-lycee-andre-malraux-de-remiremont\/"]}]},{"@type":"ImageObject","inLanguage":"fr-FR","@id":"https:\/\/vosgesinfo.fr\/gerardmerinfo\/2024\/12\/25e-concours-de-leloquence-du-rotary-la-haie-griselle-a-gerardmer-recevait-le-lycee-andre-malraux-de-remiremont\/#primaryimage","url":"https:\/\/vosgesinfo.fr\/app\/uploads\/sites\/6\/2024\/12\/concours-deloquence-rotary-2024-2025-1-scaled.jpg","contentUrl":"https:\/\/vosgesinfo.fr\/app\/uploads\/sites\/6\/2024\/12\/concours-deloquence-rotary-2024-2025-1-scaled.jpg","width":2560,"height":1920},{"@type":"BreadcrumbList","@id":"https:\/\/vosgesinfo.fr\/gerardmerinfo\/2024\/12\/25e-concours-de-leloquence-du-rotary-la-haie-griselle-a-gerardmer-recevait-le-lycee-andre-malraux-de-remiremont\/#breadcrumb","itemListElement":[{"@type":"ListItem","position":1,"name":"Home","item":"https:\/\/vosgesinfo.fr\/gerardmerinfo\/"},{"@type":"ListItem","position":2,"name":"25e Concours de l\u2019\u00e9loquence du Rotary &#8211; la Haie Griselle \u00e0 G\u00e9rardmer recevait le Lyc\u00e9e Andr\u00e9 Malraux de Remiremont"}]},{"@type":"WebSite","@id":"https:\/\/vosgesinfo.fr\/gerardmerinfo\/#website","url":"https:\/\/vosgesinfo.fr\/gerardmerinfo\/","name":"Gerardmer Info","description":"Toute l&#039;actualit\u00e9 de G\u00e9rardmer","publisher":{"@id":"https:\/\/vosgesinfo.fr\/gerardmerinfo\/#organization"},"alternateName":"Toute l'actualit\u00e9 de G\u00e9rardmer","potentialAction":[{"@type":"SearchAction","target":{"@type":"EntryPoint","urlTemplate":"https:\/\/vosgesinfo.fr\/gerardmerinfo\/?s={search_term_string}"},"query-input":"required name=search_term_string"}],"inLanguage":"fr-FR"},{"@type":"Organization","@id":"https:\/\/vosgesinfo.fr\/gerardmerinfo\/#organization","name":"Gerardmer Info","url":"https:\/\/vosgesinfo.fr\/gerardmerinfo\/","logo":{"@type":"ImageObject","inLanguage":"fr-FR","@id":"https:\/\/vosgesinfo.fr\/gerardmerinfo\/#\/schema\/logo\/image\/","url":"https:\/\/vosgesinfo.fr\/app\/uploads\/sites\/6\/2023\/08\/favicon-gerardmerinfo.png","contentUrl":"https:\/\/vosgesinfo.fr\/app\/uploads\/sites\/6\/2023\/08\/favicon-gerardmerinfo.png","width":512,"height":512,"caption":"Gerardmer Info"},"image":{"@id":"https:\/\/vosgesinfo.fr\/gerardmerinfo\/#\/schema\/logo\/image\/"},"sameAs":["https:\/\/www.facebook.com\/profile.php?id=100049475262660","https:\/\/x.com\/VosgesInfo88","https:\/\/www.youtube.com\/@vosgesinfo"]},{"@type":"Person","@id":"https:\/\/vosgesinfo.fr\/gerardmerinfo\/#\/schema\/person\/27a3695b06db98895b354c0765cdfc31","name":"La redaction","image":{"@type":"ImageObject","inLanguage":"fr-FR","@id":"https:\/\/vosgesinfo.fr\/gerardmerinfo\/#\/schema\/person\/image\/","url":"https:\/\/secure.gravatar.com\/avatar\/64c76a78e501cedee55736f43f332df901e1896ae9cd8fad269ae2236dd0e8b6?s=96&d=mm&r=g","contentUrl":"https:\/\/secure.gravatar.com\/avatar\/64c76a78e501cedee55736f43f332df901e1896ae9cd8fad269ae2236dd0e8b6?s=96&d=mm&r=g","caption":"La redaction"},"url":"https:\/\/vosgesinfo.fr\/gerardmerinfo\/author\/la-redaction\/"}]}},"_links":{"self":[{"href":"https:\/\/vosgesinfo.fr\/gerardmerinfo\/wp-json\/wp\/v2\/posts\/71840","targetHints":{"allow":["GET"]}}],"collection":[{"href":"https:\/\/vosgesinfo.fr\/gerardmerinfo\/wp-json\/wp\/v2\/posts"}],"about":[{"href":"https:\/\/vosgesinfo.fr\/gerardmerinfo\/wp-json\/wp\/v2\/types\/post"}],"author":[{"embeddable":true,"href":"https:\/\/vosgesinfo.fr\/gerardmerinfo\/wp-json\/wp\/v2\/users\/391"}],"replies":[{"embeddable":true,"href":"https:\/\/vosgesinfo.fr\/gerardmerinfo\/wp-json\/wp\/v2\/comments?post=71840"}],"version-history":[{"count":3,"href":"https:\/\/vosgesinfo.fr\/gerardmerinfo\/wp-json\/wp\/v2\/posts\/71840\/revisions"}],"predecessor-version":[{"id":71865,"href":"https:\/\/vosgesinfo.fr\/gerardmerinfo\/wp-json\/wp\/v2\/posts\/71840\/revisions\/71865"}],"wp:featuredmedia":[{"embeddable":true,"href":"https:\/\/vosgesinfo.fr\/gerardmerinfo\/wp-json\/wp\/v2\/media\/71844"}],"wp:attachment":[{"href":"https:\/\/vosgesinfo.fr\/gerardmerinfo\/wp-json\/wp\/v2\/media?parent=71840"}],"wp:term":[{"taxonomy":"category","embeddable":true,"href":"https:\/\/vosgesinfo.fr\/gerardmerinfo\/wp-json\/wp\/v2\/categories?post=71840"},{"taxonomy":"post_tag","embeddable":true,"href":"https:\/\/vosgesinfo.fr\/gerardmerinfo\/wp-json\/wp\/v2\/tags?post=71840"}],"curies":[{"name":"wp","href":"https:\/\/api.w.org\/{rel}","templated":true}]}}