{"id":71846,"date":"2024-12-07T13:14:14","date_gmt":"2024-12-07T12:14:14","guid":{"rendered":"https:\/\/vosgesinfo.fr\/gerardmerinfo\/?p=71846"},"modified":"2024-12-07T13:14:14","modified_gmt":"2024-12-07T12:14:14","slug":"gerardmer-station-de-ski-la-reduction-des-effectifs-des-salaries-permanents-a-debute","status":"publish","type":"post","link":"https:\/\/vosgesinfo.fr\/gerardmerinfo\/2024\/12\/gerardmer-station-de-ski-la-reduction-des-effectifs-des-salaries-permanents-a-debute\/","title":{"rendered":"G\u00e9rardmer &#8211; Station de ski : la r\u00e9duction des effectifs des salari\u00e9s permanents a d\u00e9but\u00e9"},"content":{"rendered":"<h3 data-pm-slice=\"1 1 []\"><a href=\"https:\/\/vosgesinfo.fr\/app\/uploads\/sites\/6\/2024\/01\/mauselaine-station-ski-alpin-gerardmer-2.jpg\"><img decoding=\"async\" class=\"aligncenter size-medium wp-image-673\" src=\"https:\/\/vosgesinfo.fr\/app\/uploads\/sites\/6\/2024\/01\/mauselaine-station-ski-alpin-gerardmer-2-225x300.jpg\" alt=\"\" width=\"225\" height=\"300\" srcset=\"https:\/\/vosgesinfo.fr\/app\/uploads\/sites\/6\/2024\/01\/mauselaine-station-ski-alpin-gerardmer-2-225x300.jpg 225w, https:\/\/vosgesinfo.fr\/app\/uploads\/sites\/6\/2024\/01\/mauselaine-station-ski-alpin-gerardmer-2-768x1024.jpg 768w, https:\/\/vosgesinfo.fr\/app\/uploads\/sites\/6\/2024\/01\/mauselaine-station-ski-alpin-gerardmer-2-1152x1536.jpg 1152w, https:\/\/vosgesinfo.fr\/app\/uploads\/sites\/6\/2024\/01\/mauselaine-station-ski-alpin-gerardmer-2.jpg 1200w\" sizes=\"(max-width: 225px) 100vw, 225px\" \/><\/a><\/h3>\n<h3 data-pm-slice=\"1 1 []\"><\/h3>\n<h3 data-pm-slice=\"1 1 []\">Les \u00e9lus g\u00e9r\u00f4mois se sont r\u00e9unis vendredi soir dans le cadre du dernier conseil municipal de l&rsquo;ann\u00e9e civile 2024. Alors que les vacances de No\u00ebl approchent \u00e0 grandes enjamb\u00e9es et que la neige se laisse d\u00e9sirer, l&rsquo;un des points \u00e0 l&rsquo;ordre du jour appelait les conseillers et conseill\u00e8res \u00e0 voter un plan de d\u00e9part volontaire des salari\u00e9s de la R\u00e9gie de Ski.<\/h3>\n<p>L&rsquo;insuffisance chronique de neige entrainant une r\u00e9duction importante du nombre de jours d&rsquo;ouverture de la station et de ses recettes, il \u00e9tait devenu imp\u00e9ratif de prendre des mesures fortes. Parmi ces mesures figurent la fermeture des remont\u00e9es m\u00e9caniques du Pr\u00e9 Lynx ainsi que la r\u00e9duction des effectifs des salari\u00e9s permanents en supprimant 6 postes au niveau du personnel technique. Des propositions de reclassement au sein des services techniques de la commune ont ou vont \u00eatre faites, et la possibilit\u00e9 de s&rsquo;inscrire dans un plan de d\u00e9part volontaire fait \u00e9galement partie des options. \u00ab\u00a0Cela permet aux salari\u00e9s de b\u00e9n\u00e9ficier de mesures particuli\u00e8res qui risquent d&rsquo;\u00eatre supprim\u00e9es en janvier, il fallait donc rapidement le proposer \u00e0 nos salari\u00e9s\u00a0\u00bb, pr\u00e9cise le maire de G\u00e9rardmer.<\/p>\n<p>En plus des droits et indemnit\u00e9s habituelles, s&rsquo;ajoute notamment la possibilit\u00e9 d&rsquo;adh\u00e9sion au contrat de s\u00e9curisation professionnelle (CSP), relay\u00e9 en cas de besoin par le r\u00e9gime d&rsquo;assurance-ch\u00f4mage. A l&rsquo;heure actuelle, rappelons que la station comporte 14 salari\u00e9s permanents. 3 salari\u00e9s ont d\u00e9j\u00e0 fait appel au plan de d\u00e9part volontaire et un quatri\u00e8me pourrait b\u00e9n\u00e9ficier d&rsquo;un reclassement. Concernant les trois d\u00e9parts, Stessy Speissmann Mozas a ajout\u00e9 que le montant des indemnit\u00e9s que devra r\u00e9gler la commune, prime comprise, s&rsquo;\u00e9l\u00e8ve au total \u00e0 50 000 \u20ac (total pour les trois d\u00e9parts et non pour chaque salari\u00e9 \u2013 NDLR).<\/p>\n<p>Un point \u00e0 l&rsquo;ordre du jour qui a permis au groupe d&rsquo;opposition G\u00e9rardmer Notre Perle de rebondir sur l&rsquo;avenir de la station \u00e0 l&rsquo;occasion des questions diverses, par l&rsquo;interm\u00e9diaire de Franck Lemaire : \u00ab\u00a0Nous connaissons d\u00e9sormais le sch\u00e9ma d\u2019exploitation du domaine de ski qui a \u00e9t\u00e9 retenu pour l\u2019hiver 2024\/2025. Au-del\u00e0 de cette \u00e9ch\u00e9ance \u00e0 court terme, quelles sont les r\u00e9flexions en cours sur le devenir \u00e0 moyen terme de notre station et avez-vous toujours l\u2019intention d\u2019organiser une r\u00e9union publique sur le sujet comme vous l\u2019aviez annonc\u00e9 ?\u00a0\u00bb Le premier magistrat a rappel\u00e9 que, concernant l&rsquo;avenir de la station, il y avait un travail permanent des \u00e9lus ainsi qu&rsquo;en conseil d&rsquo;exploitation ou encore en collaboration avec les socio-professionnels et autres acteurs locaux du tourisme.\u00a0 \u00ab\u00a0Il y a un projet avec un priv\u00e9 qui est \u00e9galement en cours d&rsquo;\u00e9tude et je me suis \u00e0 nouveau rapproch\u00e9 de certaines collectivit\u00e9s locales. (&#8230;) Nous allons attendre le bilan de la saison \u00e0 venir pour savoir si le nouveau mod\u00e8le mis en place est judicieux. Nous attendons \u00e9galement deux rapports importants : celui de la CRC, courant f\u00e9vrier, qui fournit une analyse compl\u00e8te sur la ville et qui sera cette ann\u00e9e orient\u00e9 sur l&rsquo;\u00e9conomie touristique justement ; et celui de la direction r\u00e9gionale des Finances Publiques portant notamment sur la capacit\u00e9 de la ville \u00e0 g\u00e9n\u00e9rer\/trouver des recettes nouvelles. La station de ski figurera bien entendu dans cette \u00e9tude\u00a0\u00bb explique Stessy Speissmann Mozas. Deux \u00e9tudes dont les r\u00e9sultats serviront \u00e9galement \u00e0 orienter le budget de l&rsquo;ann\u00e9e \u00e0 venir, \u00e9tabli vraisemblablement en mars prochain.<\/p>\n","protected":false},"excerpt":{"rendered":"<p>Les \u00e9lus g\u00e9r\u00f4mois se sont r\u00e9unis vendredi soir dans le cadre du dernier conseil municipal de l&rsquo;ann\u00e9e civile 2024. Alors [&hellip;]<\/p>\n","protected":false},"author":42,"featured_media":46324,"comment_status":"open","ping_status":"open","sticky":false,"template":"","format":"standard","meta":{"footnotes":""},"categories":[20,5,25,15],"tags":[6217,124],"class_list":["post-71846","post","type-post","status-publish","format-standard","has-post-thumbnail","hentry","category-a-la-une","category-economie","category-gerardmer","category-tourisme","tag-effectifs","tag-la-mauselaine"],"acf":[],"yoast_head":"<!-- This site is optimized with the Yoast SEO plugin v22.5 - https:\/\/yoast.com\/wordpress\/plugins\/seo\/ -->\n<title>G\u00e9rardmer - Station de ski : la r\u00e9duction des effectifs des salari\u00e9s permanents a d\u00e9but\u00e9 - Gerardmer Info<\/title>\n<meta name=\"robots\" content=\"index, follow, max-snippet:-1, max-image-preview:large, max-video-preview:-1\" \/>\n<link rel=\"canonical\" href=\"https:\/\/vosgesinfo.fr\/gerardmerinfo\/?p=71846\" \/>\n<meta name=\"twitter:card\" content=\"summary_large_image\" \/>\n<meta name=\"twitter:title\" content=\"G\u00e9rardmer - Station de ski : la r\u00e9duction des effectifs des salari\u00e9s permanents a d\u00e9but\u00e9 - Gerardmer Info\" \/>\n<meta name=\"twitter:description\" content=\"Les \u00e9lus g\u00e9r\u00f4mois se sont r\u00e9unis vendredi soir dans le cadre du dernier conseil municipal de l&rsquo;ann\u00e9e civile 2024. Alors [&hellip;]\" \/>\n<meta name=\"twitter:image\" content=\"https:\/\/vosgesinfo.fr\/app\/uploads\/sites\/6\/2024\/01\/mauselaine-station-ski-alpin-gerardmer-2-225x300.jpg\" \/>\n<meta name=\"twitter:creator\" content=\"@VosgesInfo88\" \/>\n<meta name=\"twitter:site\" content=\"@VosgesInfo88\" \/>\n<meta name=\"twitter:label1\" content=\"\u00c9crit par\" \/>\n\t<meta name=\"twitter:data1\" content=\"QG\" \/>\n\t<meta name=\"twitter:label2\" content=\"Dur\u00e9e de lecture estim\u00e9e\" \/>\n\t<meta name=\"twitter:data2\" content=\"3 minutes\" \/>\n<script type=\"application\/ld+json\" class=\"yoast-schema-graph\">{\"@context\":\"https:\/\/schema.org\",\"@graph\":[{\"@type\":\"Article\",\"@id\":\"https:\/\/vosgesinfo.fr\/gerardmerinfo\/?p=71846#article\",\"isPartOf\":{\"@id\":\"https:\/\/vosgesinfo.fr\/gerardmerinfo\/?p=71846\"},\"author\":{\"name\":\"QG\",\"@id\":\"https:\/\/vosgesinfo.fr\/gerardmerinfo\/#\/schema\/person\/db5605779a843dad16b5368f3e7613a5\"},\"headline\":\"G\u00e9rardmer &#8211; Station de ski : la r\u00e9duction des effectifs des salari\u00e9s permanents a d\u00e9but\u00e9\",\"datePublished\":\"2024-12-07T12:14:14+00:00\",\"dateModified\":\"2024-12-07T12:14:14+00:00\",\"mainEntityOfPage\":{\"@id\":\"https:\/\/vosgesinfo.fr\/gerardmerinfo\/?p=71846\"},\"wordCount\":618,\"commentCount\":3,\"publisher\":{\"@id\":\"https:\/\/vosgesinfo.fr\/gerardmerinfo\/#organization\"},\"image\":{\"@id\":\"https:\/\/vosgesinfo.fr\/gerardmerinfo\/?p=71846#primaryimage\"},\"thumbnailUrl\":\"https:\/\/vosgesinfo.fr\/app\/uploads\/sites\/6\/2024\/07\/201511mauselaine-21-22.jpg\",\"keywords\":[\"effectifs\",\"la mauselaine\"],\"articleSection\":[\"A la une\",\"\u00c9conomie\",\"G\u00e9rardmer\",\"Tourisme\"],\"inLanguage\":\"fr-FR\",\"potentialAction\":[{\"@type\":\"CommentAction\",\"name\":\"Comment\",\"target\":[\"https:\/\/vosgesinfo.fr\/gerardmerinfo\/?p=71846#respond\"]}]},{\"@type\":\"WebPage\",\"@id\":\"https:\/\/vosgesinfo.fr\/gerardmerinfo\/?p=71846\",\"url\":\"https:\/\/vosgesinfo.fr\/gerardmerinfo\/?p=71846\",\"name\":\"G\u00e9rardmer - Station de ski : la r\u00e9duction des effectifs des salari\u00e9s permanents a d\u00e9but\u00e9 - Gerardmer Info\",\"isPartOf\":{\"@id\":\"https:\/\/vosgesinfo.fr\/gerardmerinfo\/#website\"},\"primaryImageOfPage\":{\"@id\":\"https:\/\/vosgesinfo.fr\/gerardmerinfo\/?p=71846#primaryimage\"},\"image\":{\"@id\":\"https:\/\/vosgesinfo.fr\/gerardmerinfo\/?p=71846#primaryimage\"},\"thumbnailUrl\":\"https:\/\/vosgesinfo.fr\/app\/uploads\/sites\/6\/2024\/07\/201511mauselaine-21-22.jpg\",\"datePublished\":\"2024-12-07T12:14:14+00:00\",\"dateModified\":\"2024-12-07T12:14:14+00:00\",\"breadcrumb\":{\"@id\":\"https:\/\/vosgesinfo.fr\/gerardmerinfo\/?p=71846#breadcrumb\"},\"inLanguage\":\"fr-FR\",\"potentialAction\":[{\"@type\":\"ReadAction\",\"target\":[\"https:\/\/vosgesinfo.fr\/gerardmerinfo\/?p=71846\"]}]},{\"@type\":\"ImageObject\",\"inLanguage\":\"fr-FR\",\"@id\":\"https:\/\/vosgesinfo.fr\/gerardmerinfo\/?p=71846#primaryimage\",\"url\":\"https:\/\/vosgesinfo.fr\/app\/uploads\/sites\/6\/2024\/07\/201511mauselaine-21-22.jpg\",\"contentUrl\":\"https:\/\/vosgesinfo.fr\/app\/uploads\/sites\/6\/2024\/07\/201511mauselaine-21-22.jpg\",\"width\":1024,\"height\":768},{\"@type\":\"BreadcrumbList\",\"@id\":\"https:\/\/vosgesinfo.fr\/gerardmerinfo\/?p=71846#breadcrumb\",\"itemListElement\":[{\"@type\":\"ListItem\",\"position\":1,\"name\":\"Home\",\"item\":\"https:\/\/vosgesinfo.fr\/gerardmerinfo\/\"},{\"@type\":\"ListItem\",\"position\":2,\"name\":\"G\u00e9rardmer &#8211; Station de ski : la r\u00e9duction des effectifs des salari\u00e9s permanents a d\u00e9but\u00e9\"}]},{\"@type\":\"WebSite\",\"@id\":\"https:\/\/vosgesinfo.fr\/gerardmerinfo\/#website\",\"url\":\"https:\/\/vosgesinfo.fr\/gerardmerinfo\/\",\"name\":\"Gerardmer Info\",\"description\":\"Toute l&#039;actualit\u00e9 de G\u00e9rardmer\",\"publisher\":{\"@id\":\"https:\/\/vosgesinfo.fr\/gerardmerinfo\/#organization\"},\"alternateName\":\"Toute l'actualit\u00e9 de G\u00e9rardmer\",\"potentialAction\":[{\"@type\":\"SearchAction\",\"target\":{\"@type\":\"EntryPoint\",\"urlTemplate\":\"https:\/\/vosgesinfo.fr\/gerardmerinfo\/?s={search_term_string}\"},\"query-input\":\"required name=search_term_string\"}],\"inLanguage\":\"fr-FR\"},{\"@type\":\"Organization\",\"@id\":\"https:\/\/vosgesinfo.fr\/gerardmerinfo\/#organization\",\"name\":\"Gerardmer Info\",\"url\":\"https:\/\/vosgesinfo.fr\/gerardmerinfo\/\",\"logo\":{\"@type\":\"ImageObject\",\"inLanguage\":\"fr-FR\",\"@id\":\"https:\/\/vosgesinfo.fr\/gerardmerinfo\/#\/schema\/logo\/image\/\",\"url\":\"https:\/\/vosgesinfo.fr\/app\/uploads\/sites\/6\/2023\/08\/favicon-gerardmerinfo.png\",\"contentUrl\":\"https:\/\/vosgesinfo.fr\/app\/uploads\/sites\/6\/2023\/08\/favicon-gerardmerinfo.png\",\"width\":512,\"height\":512,\"caption\":\"Gerardmer Info\"},\"image\":{\"@id\":\"https:\/\/vosgesinfo.fr\/gerardmerinfo\/#\/schema\/logo\/image\/\"},\"sameAs\":[\"https:\/\/www.facebook.com\/profile.php?id=100049475262660\",\"https:\/\/x.com\/VosgesInfo88\",\"https:\/\/www.youtube.com\/@vosgesinfo\"]},{\"@type\":\"Person\",\"@id\":\"https:\/\/vosgesinfo.fr\/gerardmerinfo\/#\/schema\/person\/db5605779a843dad16b5368f3e7613a5\",\"name\":\"QG\",\"image\":{\"@type\":\"ImageObject\",\"inLanguage\":\"fr-FR\",\"@id\":\"https:\/\/vosgesinfo.fr\/gerardmerinfo\/#\/schema\/person\/image\/\",\"url\":\"https:\/\/secure.gravatar.com\/avatar\/ea80c42c204b534408512832fde52504ecabb9706bcb6151cf6175e5b64e6793?s=96&d=mm&r=g\",\"contentUrl\":\"https:\/\/secure.gravatar.com\/avatar\/ea80c42c204b534408512832fde52504ecabb9706bcb6151cf6175e5b64e6793?s=96&d=mm&r=g\",\"caption\":\"QG\"},\"url\":\"https:\/\/vosgesinfo.fr\/gerardmerinfo\/author\/quentin88\/\"}]}<\/script>\n<!-- \/ Yoast SEO plugin. -->","yoast_head_json":{"title":"G\u00e9rardmer - Station de ski : la r\u00e9duction des effectifs des salari\u00e9s permanents a d\u00e9but\u00e9 - Gerardmer Info","robots":{"index":"index","follow":"follow","max-snippet":"max-snippet:-1","max-image-preview":"max-image-preview:large","max-video-preview":"max-video-preview:-1"},"canonical":"https:\/\/vosgesinfo.fr\/gerardmerinfo\/?p=71846","twitter_card":"summary_large_image","twitter_title":"G\u00e9rardmer - Station de ski : la r\u00e9duction des effectifs des salari\u00e9s permanents a d\u00e9but\u00e9 - Gerardmer Info","twitter_description":"Les \u00e9lus g\u00e9r\u00f4mois se sont r\u00e9unis vendredi soir dans le cadre du dernier conseil municipal de l&rsquo;ann\u00e9e civile 2024. Alors [&hellip;]","twitter_image":"https:\/\/vosgesinfo.fr\/app\/uploads\/sites\/6\/2024\/01\/mauselaine-station-ski-alpin-gerardmer-2-225x300.jpg","twitter_creator":"@VosgesInfo88","twitter_site":"@VosgesInfo88","twitter_misc":{"\u00c9crit par":"QG","Dur\u00e9e de lecture estim\u00e9e":"3 minutes"},"schema":{"@context":"https:\/\/schema.org","@graph":[{"@type":"Article","@id":"https:\/\/vosgesinfo.fr\/gerardmerinfo\/?p=71846#article","isPartOf":{"@id":"https:\/\/vosgesinfo.fr\/gerardmerinfo\/?p=71846"},"author":{"name":"QG","@id":"https:\/\/vosgesinfo.fr\/gerardmerinfo\/#\/schema\/person\/db5605779a843dad16b5368f3e7613a5"},"headline":"G\u00e9rardmer &#8211; Station de ski : la r\u00e9duction des effectifs des salari\u00e9s permanents a d\u00e9but\u00e9","datePublished":"2024-12-07T12:14:14+00:00","dateModified":"2024-12-07T12:14:14+00:00","mainEntityOfPage":{"@id":"https:\/\/vosgesinfo.fr\/gerardmerinfo\/?p=71846"},"wordCount":618,"commentCount":3,"publisher":{"@id":"https:\/\/vosgesinfo.fr\/gerardmerinfo\/#organization"},"image":{"@id":"https:\/\/vosgesinfo.fr\/gerardmerinfo\/?p=71846#primaryimage"},"thumbnailUrl":"https:\/\/vosgesinfo.fr\/app\/uploads\/sites\/6\/2024\/07\/201511mauselaine-21-22.jpg","keywords":["effectifs","la mauselaine"],"articleSection":["A la une","\u00c9conomie","G\u00e9rardmer","Tourisme"],"inLanguage":"fr-FR","potentialAction":[{"@type":"CommentAction","name":"Comment","target":["https:\/\/vosgesinfo.fr\/gerardmerinfo\/?p=71846#respond"]}]},{"@type":"WebPage","@id":"https:\/\/vosgesinfo.fr\/gerardmerinfo\/?p=71846","url":"https:\/\/vosgesinfo.fr\/gerardmerinfo\/?p=71846","name":"G\u00e9rardmer - Station de ski : la r\u00e9duction des effectifs des salari\u00e9s permanents a d\u00e9but\u00e9 - Gerardmer Info","isPartOf":{"@id":"https:\/\/vosgesinfo.fr\/gerardmerinfo\/#website"},"primaryImageOfPage":{"@id":"https:\/\/vosgesinfo.fr\/gerardmerinfo\/?p=71846#primaryimage"},"image":{"@id":"https:\/\/vosgesinfo.fr\/gerardmerinfo\/?p=71846#primaryimage"},"thumbnailUrl":"https:\/\/vosgesinfo.fr\/app\/uploads\/sites\/6\/2024\/07\/201511mauselaine-21-22.jpg","datePublished":"2024-12-07T12:14:14+00:00","dateModified":"2024-12-07T12:14:14+00:00","breadcrumb":{"@id":"https:\/\/vosgesinfo.fr\/gerardmerinfo\/?p=71846#breadcrumb"},"inLanguage":"fr-FR","potentialAction":[{"@type":"ReadAction","target":["https:\/\/vosgesinfo.fr\/gerardmerinfo\/?p=71846"]}]},{"@type":"ImageObject","inLanguage":"fr-FR","@id":"https:\/\/vosgesinfo.fr\/gerardmerinfo\/?p=71846#primaryimage","url":"https:\/\/vosgesinfo.fr\/app\/uploads\/sites\/6\/2024\/07\/201511mauselaine-21-22.jpg","contentUrl":"https:\/\/vosgesinfo.fr\/app\/uploads\/sites\/6\/2024\/07\/201511mauselaine-21-22.jpg","width":1024,"height":768},{"@type":"BreadcrumbList","@id":"https:\/\/vosgesinfo.fr\/gerardmerinfo\/?p=71846#breadcrumb","itemListElement":[{"@type":"ListItem","position":1,"name":"Home","item":"https:\/\/vosgesinfo.fr\/gerardmerinfo\/"},{"@type":"ListItem","position":2,"name":"G\u00e9rardmer &#8211; Station de ski : la r\u00e9duction des effectifs des salari\u00e9s permanents a d\u00e9but\u00e9"}]},{"@type":"WebSite","@id":"https:\/\/vosgesinfo.fr\/gerardmerinfo\/#website","url":"https:\/\/vosgesinfo.fr\/gerardmerinfo\/","name":"Gerardmer Info","description":"Toute l&#039;actualit\u00e9 de G\u00e9rardmer","publisher":{"@id":"https:\/\/vosgesinfo.fr\/gerardmerinfo\/#organization"},"alternateName":"Toute l'actualit\u00e9 de G\u00e9rardmer","potentialAction":[{"@type":"SearchAction","target":{"@type":"EntryPoint","urlTemplate":"https:\/\/vosgesinfo.fr\/gerardmerinfo\/?s={search_term_string}"},"query-input":"required name=search_term_string"}],"inLanguage":"fr-FR"},{"@type":"Organization","@id":"https:\/\/vosgesinfo.fr\/gerardmerinfo\/#organization","name":"Gerardmer Info","url":"https:\/\/vosgesinfo.fr\/gerardmerinfo\/","logo":{"@type":"ImageObject","inLanguage":"fr-FR","@id":"https:\/\/vosgesinfo.fr\/gerardmerinfo\/#\/schema\/logo\/image\/","url":"https:\/\/vosgesinfo.fr\/app\/uploads\/sites\/6\/2023\/08\/favicon-gerardmerinfo.png","contentUrl":"https:\/\/vosgesinfo.fr\/app\/uploads\/sites\/6\/2023\/08\/favicon-gerardmerinfo.png","width":512,"height":512,"caption":"Gerardmer Info"},"image":{"@id":"https:\/\/vosgesinfo.fr\/gerardmerinfo\/#\/schema\/logo\/image\/"},"sameAs":["https:\/\/www.facebook.com\/profile.php?id=100049475262660","https:\/\/x.com\/VosgesInfo88","https:\/\/www.youtube.com\/@vosgesinfo"]},{"@type":"Person","@id":"https:\/\/vosgesinfo.fr\/gerardmerinfo\/#\/schema\/person\/db5605779a843dad16b5368f3e7613a5","name":"QG","image":{"@type":"ImageObject","inLanguage":"fr-FR","@id":"https:\/\/vosgesinfo.fr\/gerardmerinfo\/#\/schema\/person\/image\/","url":"https:\/\/secure.gravatar.com\/avatar\/ea80c42c204b534408512832fde52504ecabb9706bcb6151cf6175e5b64e6793?s=96&d=mm&r=g","contentUrl":"https:\/\/secure.gravatar.com\/avatar\/ea80c42c204b534408512832fde52504ecabb9706bcb6151cf6175e5b64e6793?s=96&d=mm&r=g","caption":"QG"},"url":"https:\/\/vosgesinfo.fr\/gerardmerinfo\/author\/quentin88\/"}]}},"_links":{"self":[{"href":"https:\/\/vosgesinfo.fr\/gerardmerinfo\/wp-json\/wp\/v2\/posts\/71846","targetHints":{"allow":["GET"]}}],"collection":[{"href":"https:\/\/vosgesinfo.fr\/gerardmerinfo\/wp-json\/wp\/v2\/posts"}],"about":[{"href":"https:\/\/vosgesinfo.fr\/gerardmerinfo\/wp-json\/wp\/v2\/types\/post"}],"author":[{"embeddable":true,"href":"https:\/\/vosgesinfo.fr\/gerardmerinfo\/wp-json\/wp\/v2\/users\/42"}],"replies":[{"embeddable":true,"href":"https:\/\/vosgesinfo.fr\/gerardmerinfo\/wp-json\/wp\/v2\/comments?post=71846"}],"version-history":[{"count":3,"href":"https:\/\/vosgesinfo.fr\/gerardmerinfo\/wp-json\/wp\/v2\/posts\/71846\/revisions"}],"predecessor-version":[{"id":71851,"href":"https:\/\/vosgesinfo.fr\/gerardmerinfo\/wp-json\/wp\/v2\/posts\/71846\/revisions\/71851"}],"wp:featuredmedia":[{"embeddable":true,"href":"https:\/\/vosgesinfo.fr\/gerardmerinfo\/wp-json\/wp\/v2\/media\/46324"}],"wp:attachment":[{"href":"https:\/\/vosgesinfo.fr\/gerardmerinfo\/wp-json\/wp\/v2\/media?parent=71846"}],"wp:term":[{"taxonomy":"category","embeddable":true,"href":"https:\/\/vosgesinfo.fr\/gerardmerinfo\/wp-json\/wp\/v2\/categories?post=71846"},{"taxonomy":"post_tag","embeddable":true,"href":"https:\/\/vosgesinfo.fr\/gerardmerinfo\/wp-json\/wp\/v2\/tags?post=71846"}],"curies":[{"name":"wp","href":"https:\/\/api.w.org\/{rel}","templated":true}]}}