{"id":71861,"date":"2024-12-07T17:06:53","date_gmt":"2024-12-07T16:06:53","guid":{"rendered":"https:\/\/vosgesinfo.fr\/gerardmerinfo\/2024\/12\/telio-maubre-quitte-la-presidence-du-conseil-des-jeunes-de-bruyeres\/"},"modified":"2024-12-07T17:06:53","modified_gmt":"2024-12-07T16:06:53","slug":"telio-maubre-quitte-la-presidence-du-conseil-des-jeunes-de-bruyeres","status":"publish","type":"post","link":"https:\/\/vosgesinfo.fr\/gerardmerinfo\/2024\/12\/telio-maubre-quitte-la-presidence-du-conseil-des-jeunes-de-bruyeres\/","title":{"rendered":"T\u00e9lio Maubr\u00e9 quitte la pr\u00e9sidence du conseil des jeunes de Bruy\u00e8res"},"content":{"rendered":"<div id=\"attachment_125683\" style=\"width: 778px\" class=\"wp-caption aligncenter\"><a href=\"https:\/\/vosgesinfo.fr\/app\/uploads\/sites\/3\/2024\/12\/telio-maubre.jpg\"><img decoding=\"async\" aria-describedby=\"caption-attachment-125683\" class=\"size-large wp-image-125683\" src=\"https:\/\/vosgesinfo.fr\/app\/uploads\/sites\/3\/2024\/12\/telio-maubre-768x1024.jpg\" alt=\"\" width=\"768\" height=\"1024\" \/><\/a><p id=\"caption-attachment-125683\" class=\"wp-caption-text\">photo FB<\/p><\/div>\n<h2><strong>T\u00e9lio Maubr\u00e9 a pris la d\u00e9cision de quitter son r\u00f4le de responsable du conseil des jeunes de Bruy\u00e8res qu&rsquo;il occupe depuis 2021 (comme vice-pr\u00e9sident, puis pr\u00e9sident).<\/strong><\/h2>\n<p><em>\u00ab\u00a0En effet, mon positionnement sur les \u00e9lections \u00e0 venir le 26 janvier prochain ne me permettait pas de continuer \u00e0 pr\u00e9server l&rsquo;ind\u00e9pendance de cette structure qui m&rsquo;est ch\u00e8re. \u00c0 l&rsquo;heure o\u00f9 <b>je dresse le bilan de 4 ann\u00e9es d&rsquo;actions sur ma commune<\/b> (rassemblement de la jeunesse, premi\u00e8re rencontre d\u00e9partementale des CDJ, d\u00e9veloppement de la culture, soutien aux associations, mobilisation patriotique&#8230;), auxquelles s&rsquo;ajoutent <b>mes responsabilit\u00e9s de pr\u00e9sident associatif dans les Vosges<\/b>, il me paraissait \u00eatre le bon moment de<b> faire \u00e9voluer mon d\u00e9vouement pour Bruy\u00e8res <\/b>en rejoignant<b>\u00a0la liste d&rsquo;union et d&rsquo;apaisement port\u00e9e par Ludovic Durain.\u00a0<\/b><\/em><\/p>\n<p><em>Je souhaite par ce choix, qui n&rsquo;est pas politique, mais qui vient du c\u0153ur, pouvoir servir du mieux que je le peux notre cit\u00e9 dans une nouvelle forme d&rsquo;engagement. C&rsquo;est dans cette optique que <\/em><b><em>j&rsquo;appelle les \u00e9lecteurs \u00e0 une forte mobilisation le 26 Janvier prochain, pour acter un changement fort dans la gestion de notre ville et mettre un terme \u00e0 un mandat qui aura laiss\u00e9 des traces\u00a0\u00bb<\/em> <\/b><\/p>\n","protected":false},"excerpt":{"rendered":"<p>T\u00e9lio Maubr\u00e9 a pris la d\u00e9cision de quitter son r\u00f4le de responsable du conseil des jeunes de Bruy\u00e8res qu&rsquo;il occupe [&hellip;]<\/p>\n","protected":false},"author":52,"featured_media":71862,"comment_status":"open","ping_status":"open","sticky":false,"template":"","format":"standard","meta":{"footnotes":""},"categories":[20,5713,878,25,10],"tags":[],"class_list":["post-71861","post","type-post","status-publish","format-standard","has-post-thumbnail","hentry","category-a-la-une","category-bruyeres","category-epinal","category-gerardmer","category-politique"],"acf":[],"yoast_head":"<!-- This site is optimized with the Yoast SEO plugin v22.5 - https:\/\/yoast.com\/wordpress\/plugins\/seo\/ -->\n<title>T\u00e9lio Maubr\u00e9 quitte la pr\u00e9sidence du conseil des jeunes de Bruy\u00e8res - Gerardmer Info<\/title>\n<meta name=\"robots\" content=\"index, follow, max-snippet:-1, max-image-preview:large, max-video-preview:-1\" \/>\n<link rel=\"canonical\" href=\"https:\/\/vosgesinfo.fr\/gerardmerinfo\/2024\/12\/telio-maubre-quitte-la-presidence-du-conseil-des-jeunes-de-bruyeres\/\" \/>\n<meta name=\"twitter:card\" content=\"summary_large_image\" \/>\n<meta name=\"twitter:title\" content=\"T\u00e9lio Maubr\u00e9 quitte la pr\u00e9sidence du conseil des jeunes de Bruy\u00e8res - Gerardmer Info\" \/>\n<meta name=\"twitter:description\" content=\"T\u00e9lio Maubr\u00e9 a pris la d\u00e9cision de quitter son r\u00f4le de responsable du conseil des jeunes de Bruy\u00e8res qu&rsquo;il occupe [&hellip;]\" \/>\n<meta name=\"twitter:image\" content=\"https:\/\/vosgesinfo.fr\/app\/uploads\/sites\/6\/2024\/12\/telio-maubre.jpg\" \/>\n<meta name=\"twitter:creator\" content=\"@VosgesInfo88\" \/>\n<meta name=\"twitter:site\" content=\"@VosgesInfo88\" \/>\n<meta name=\"twitter:label1\" content=\"\u00c9crit par\" \/>\n\t<meta name=\"twitter:data1\" content=\"C.K.\" \/>\n\t<meta name=\"twitter:label2\" content=\"Dur\u00e9e de lecture estim\u00e9e\" \/>\n\t<meta name=\"twitter:data2\" content=\"1 minute\" \/>\n<script type=\"application\/ld+json\" class=\"yoast-schema-graph\">{\"@context\":\"https:\/\/schema.org\",\"@graph\":[{\"@type\":\"Article\",\"@id\":\"https:\/\/vosgesinfo.fr\/gerardmerinfo\/2024\/12\/telio-maubre-quitte-la-presidence-du-conseil-des-jeunes-de-bruyeres\/#article\",\"isPartOf\":{\"@id\":\"https:\/\/vosgesinfo.fr\/gerardmerinfo\/2024\/12\/telio-maubre-quitte-la-presidence-du-conseil-des-jeunes-de-bruyeres\/\"},\"author\":{\"name\":\"C.K.\",\"@id\":\"https:\/\/vosgesinfo.fr\/gerardmerinfo\/#\/schema\/person\/6f9a650eeea99d969b6c4ab78fccbe81\"},\"headline\":\"T\u00e9lio Maubr\u00e9 quitte la pr\u00e9sidence du conseil des jeunes de Bruy\u00e8res\",\"datePublished\":\"2024-12-07T16:06:53+00:00\",\"dateModified\":\"2024-12-07T16:06:53+00:00\",\"mainEntityOfPage\":{\"@id\":\"https:\/\/vosgesinfo.fr\/gerardmerinfo\/2024\/12\/telio-maubre-quitte-la-presidence-du-conseil-des-jeunes-de-bruyeres\/\"},\"wordCount\":234,\"commentCount\":0,\"publisher\":{\"@id\":\"https:\/\/vosgesinfo.fr\/gerardmerinfo\/#organization\"},\"image\":{\"@id\":\"https:\/\/vosgesinfo.fr\/gerardmerinfo\/2024\/12\/telio-maubre-quitte-la-presidence-du-conseil-des-jeunes-de-bruyeres\/#primaryimage\"},\"thumbnailUrl\":\"https:\/\/vosgesinfo.fr\/app\/uploads\/sites\/6\/2024\/12\/telio-maubre.jpg\",\"articleSection\":[\"A la une\",\"Bruy\u00e8res\",\"Epinal\",\"G\u00e9rardmer\",\"Politique\"],\"inLanguage\":\"fr-FR\",\"potentialAction\":[{\"@type\":\"CommentAction\",\"name\":\"Comment\",\"target\":[\"https:\/\/vosgesinfo.fr\/gerardmerinfo\/2024\/12\/telio-maubre-quitte-la-presidence-du-conseil-des-jeunes-de-bruyeres\/#respond\"]}]},{\"@type\":\"WebPage\",\"@id\":\"https:\/\/vosgesinfo.fr\/gerardmerinfo\/2024\/12\/telio-maubre-quitte-la-presidence-du-conseil-des-jeunes-de-bruyeres\/\",\"url\":\"https:\/\/vosgesinfo.fr\/gerardmerinfo\/2024\/12\/telio-maubre-quitte-la-presidence-du-conseil-des-jeunes-de-bruyeres\/\",\"name\":\"T\u00e9lio Maubr\u00e9 quitte la pr\u00e9sidence du conseil des jeunes de Bruy\u00e8res - Gerardmer Info\",\"isPartOf\":{\"@id\":\"https:\/\/vosgesinfo.fr\/gerardmerinfo\/#website\"},\"primaryImageOfPage\":{\"@id\":\"https:\/\/vosgesinfo.fr\/gerardmerinfo\/2024\/12\/telio-maubre-quitte-la-presidence-du-conseil-des-jeunes-de-bruyeres\/#primaryimage\"},\"image\":{\"@id\":\"https:\/\/vosgesinfo.fr\/gerardmerinfo\/2024\/12\/telio-maubre-quitte-la-presidence-du-conseil-des-jeunes-de-bruyeres\/#primaryimage\"},\"thumbnailUrl\":\"https:\/\/vosgesinfo.fr\/app\/uploads\/sites\/6\/2024\/12\/telio-maubre.jpg\",\"datePublished\":\"2024-12-07T16:06:53+00:00\",\"dateModified\":\"2024-12-07T16:06:53+00:00\",\"breadcrumb\":{\"@id\":\"https:\/\/vosgesinfo.fr\/gerardmerinfo\/2024\/12\/telio-maubre-quitte-la-presidence-du-conseil-des-jeunes-de-bruyeres\/#breadcrumb\"},\"inLanguage\":\"fr-FR\",\"potentialAction\":[{\"@type\":\"ReadAction\",\"target\":[\"https:\/\/vosgesinfo.fr\/gerardmerinfo\/2024\/12\/telio-maubre-quitte-la-presidence-du-conseil-des-jeunes-de-bruyeres\/\"]}]},{\"@type\":\"ImageObject\",\"inLanguage\":\"fr-FR\",\"@id\":\"https:\/\/vosgesinfo.fr\/gerardmerinfo\/2024\/12\/telio-maubre-quitte-la-presidence-du-conseil-des-jeunes-de-bruyeres\/#primaryimage\",\"url\":\"https:\/\/vosgesinfo.fr\/app\/uploads\/sites\/6\/2024\/12\/telio-maubre.jpg\",\"contentUrl\":\"https:\/\/vosgesinfo.fr\/app\/uploads\/sites\/6\/2024\/12\/telio-maubre.jpg\",\"width\":1536,\"height\":2048},{\"@type\":\"BreadcrumbList\",\"@id\":\"https:\/\/vosgesinfo.fr\/gerardmerinfo\/2024\/12\/telio-maubre-quitte-la-presidence-du-conseil-des-jeunes-de-bruyeres\/#breadcrumb\",\"itemListElement\":[{\"@type\":\"ListItem\",\"position\":1,\"name\":\"Home\",\"item\":\"https:\/\/vosgesinfo.fr\/gerardmerinfo\/\"},{\"@type\":\"ListItem\",\"position\":2,\"name\":\"T\u00e9lio Maubr\u00e9 quitte la pr\u00e9sidence du conseil des jeunes de Bruy\u00e8res\"}]},{\"@type\":\"WebSite\",\"@id\":\"https:\/\/vosgesinfo.fr\/gerardmerinfo\/#website\",\"url\":\"https:\/\/vosgesinfo.fr\/gerardmerinfo\/\",\"name\":\"Gerardmer Info\",\"description\":\"Toute l&#039;actualit\u00e9 de G\u00e9rardmer\",\"publisher\":{\"@id\":\"https:\/\/vosgesinfo.fr\/gerardmerinfo\/#organization\"},\"alternateName\":\"Toute l'actualit\u00e9 de G\u00e9rardmer\",\"potentialAction\":[{\"@type\":\"SearchAction\",\"target\":{\"@type\":\"EntryPoint\",\"urlTemplate\":\"https:\/\/vosgesinfo.fr\/gerardmerinfo\/?s={search_term_string}\"},\"query-input\":\"required name=search_term_string\"}],\"inLanguage\":\"fr-FR\"},{\"@type\":\"Organization\",\"@id\":\"https:\/\/vosgesinfo.fr\/gerardmerinfo\/#organization\",\"name\":\"Gerardmer Info\",\"url\":\"https:\/\/vosgesinfo.fr\/gerardmerinfo\/\",\"logo\":{\"@type\":\"ImageObject\",\"inLanguage\":\"fr-FR\",\"@id\":\"https:\/\/vosgesinfo.fr\/gerardmerinfo\/#\/schema\/logo\/image\/\",\"url\":\"https:\/\/vosgesinfo.fr\/app\/uploads\/sites\/6\/2023\/08\/favicon-gerardmerinfo.png\",\"contentUrl\":\"https:\/\/vosgesinfo.fr\/app\/uploads\/sites\/6\/2023\/08\/favicon-gerardmerinfo.png\",\"width\":512,\"height\":512,\"caption\":\"Gerardmer Info\"},\"image\":{\"@id\":\"https:\/\/vosgesinfo.fr\/gerardmerinfo\/#\/schema\/logo\/image\/\"},\"sameAs\":[\"https:\/\/www.facebook.com\/profile.php?id=100049475262660\",\"https:\/\/x.com\/VosgesInfo88\",\"https:\/\/www.youtube.com\/@vosgesinfo\"]},{\"@type\":\"Person\",\"@id\":\"https:\/\/vosgesinfo.fr\/gerardmerinfo\/#\/schema\/person\/6f9a650eeea99d969b6c4ab78fccbe81\",\"name\":\"C.K.\",\"image\":{\"@type\":\"ImageObject\",\"inLanguage\":\"fr-FR\",\"@id\":\"https:\/\/vosgesinfo.fr\/gerardmerinfo\/#\/schema\/person\/image\/\",\"url\":\"https:\/\/secure.gravatar.com\/avatar\/48e3fc7f8421ba8942be6b74a2b7f014ca39bc00dece156b7a8e098ae7dc87bf?s=96&d=mm&r=g\",\"contentUrl\":\"https:\/\/secure.gravatar.com\/avatar\/48e3fc7f8421ba8942be6b74a2b7f014ca39bc00dece156b7a8e098ae7dc87bf?s=96&d=mm&r=g\",\"caption\":\"C.K.\"},\"url\":\"https:\/\/vosgesinfo.fr\/gerardmerinfo\/author\/celia-k-n\/\"}]}<\/script>\n<!-- \/ Yoast SEO plugin. -->","yoast_head_json":{"title":"T\u00e9lio Maubr\u00e9 quitte la pr\u00e9sidence du conseil des jeunes de Bruy\u00e8res - Gerardmer Info","robots":{"index":"index","follow":"follow","max-snippet":"max-snippet:-1","max-image-preview":"max-image-preview:large","max-video-preview":"max-video-preview:-1"},"canonical":"https:\/\/vosgesinfo.fr\/gerardmerinfo\/2024\/12\/telio-maubre-quitte-la-presidence-du-conseil-des-jeunes-de-bruyeres\/","twitter_card":"summary_large_image","twitter_title":"T\u00e9lio Maubr\u00e9 quitte la pr\u00e9sidence du conseil des jeunes de Bruy\u00e8res - Gerardmer Info","twitter_description":"T\u00e9lio Maubr\u00e9 a pris la d\u00e9cision de quitter son r\u00f4le de responsable du conseil des jeunes de Bruy\u00e8res qu&rsquo;il occupe [&hellip;]","twitter_image":"https:\/\/vosgesinfo.fr\/app\/uploads\/sites\/6\/2024\/12\/telio-maubre.jpg","twitter_creator":"@VosgesInfo88","twitter_site":"@VosgesInfo88","twitter_misc":{"\u00c9crit par":"C.K.","Dur\u00e9e de lecture estim\u00e9e":"1 minute"},"schema":{"@context":"https:\/\/schema.org","@graph":[{"@type":"Article","@id":"https:\/\/vosgesinfo.fr\/gerardmerinfo\/2024\/12\/telio-maubre-quitte-la-presidence-du-conseil-des-jeunes-de-bruyeres\/#article","isPartOf":{"@id":"https:\/\/vosgesinfo.fr\/gerardmerinfo\/2024\/12\/telio-maubre-quitte-la-presidence-du-conseil-des-jeunes-de-bruyeres\/"},"author":{"name":"C.K.","@id":"https:\/\/vosgesinfo.fr\/gerardmerinfo\/#\/schema\/person\/6f9a650eeea99d969b6c4ab78fccbe81"},"headline":"T\u00e9lio Maubr\u00e9 quitte la pr\u00e9sidence du conseil des jeunes de Bruy\u00e8res","datePublished":"2024-12-07T16:06:53+00:00","dateModified":"2024-12-07T16:06:53+00:00","mainEntityOfPage":{"@id":"https:\/\/vosgesinfo.fr\/gerardmerinfo\/2024\/12\/telio-maubre-quitte-la-presidence-du-conseil-des-jeunes-de-bruyeres\/"},"wordCount":234,"commentCount":0,"publisher":{"@id":"https:\/\/vosgesinfo.fr\/gerardmerinfo\/#organization"},"image":{"@id":"https:\/\/vosgesinfo.fr\/gerardmerinfo\/2024\/12\/telio-maubre-quitte-la-presidence-du-conseil-des-jeunes-de-bruyeres\/#primaryimage"},"thumbnailUrl":"https:\/\/vosgesinfo.fr\/app\/uploads\/sites\/6\/2024\/12\/telio-maubre.jpg","articleSection":["A la une","Bruy\u00e8res","Epinal","G\u00e9rardmer","Politique"],"inLanguage":"fr-FR","potentialAction":[{"@type":"CommentAction","name":"Comment","target":["https:\/\/vosgesinfo.fr\/gerardmerinfo\/2024\/12\/telio-maubre-quitte-la-presidence-du-conseil-des-jeunes-de-bruyeres\/#respond"]}]},{"@type":"WebPage","@id":"https:\/\/vosgesinfo.fr\/gerardmerinfo\/2024\/12\/telio-maubre-quitte-la-presidence-du-conseil-des-jeunes-de-bruyeres\/","url":"https:\/\/vosgesinfo.fr\/gerardmerinfo\/2024\/12\/telio-maubre-quitte-la-presidence-du-conseil-des-jeunes-de-bruyeres\/","name":"T\u00e9lio Maubr\u00e9 quitte la pr\u00e9sidence du conseil des jeunes de Bruy\u00e8res - Gerardmer Info","isPartOf":{"@id":"https:\/\/vosgesinfo.fr\/gerardmerinfo\/#website"},"primaryImageOfPage":{"@id":"https:\/\/vosgesinfo.fr\/gerardmerinfo\/2024\/12\/telio-maubre-quitte-la-presidence-du-conseil-des-jeunes-de-bruyeres\/#primaryimage"},"image":{"@id":"https:\/\/vosgesinfo.fr\/gerardmerinfo\/2024\/12\/telio-maubre-quitte-la-presidence-du-conseil-des-jeunes-de-bruyeres\/#primaryimage"},"thumbnailUrl":"https:\/\/vosgesinfo.fr\/app\/uploads\/sites\/6\/2024\/12\/telio-maubre.jpg","datePublished":"2024-12-07T16:06:53+00:00","dateModified":"2024-12-07T16:06:53+00:00","breadcrumb":{"@id":"https:\/\/vosgesinfo.fr\/gerardmerinfo\/2024\/12\/telio-maubre-quitte-la-presidence-du-conseil-des-jeunes-de-bruyeres\/#breadcrumb"},"inLanguage":"fr-FR","potentialAction":[{"@type":"ReadAction","target":["https:\/\/vosgesinfo.fr\/gerardmerinfo\/2024\/12\/telio-maubre-quitte-la-presidence-du-conseil-des-jeunes-de-bruyeres\/"]}]},{"@type":"ImageObject","inLanguage":"fr-FR","@id":"https:\/\/vosgesinfo.fr\/gerardmerinfo\/2024\/12\/telio-maubre-quitte-la-presidence-du-conseil-des-jeunes-de-bruyeres\/#primaryimage","url":"https:\/\/vosgesinfo.fr\/app\/uploads\/sites\/6\/2024\/12\/telio-maubre.jpg","contentUrl":"https:\/\/vosgesinfo.fr\/app\/uploads\/sites\/6\/2024\/12\/telio-maubre.jpg","width":1536,"height":2048},{"@type":"BreadcrumbList","@id":"https:\/\/vosgesinfo.fr\/gerardmerinfo\/2024\/12\/telio-maubre-quitte-la-presidence-du-conseil-des-jeunes-de-bruyeres\/#breadcrumb","itemListElement":[{"@type":"ListItem","position":1,"name":"Home","item":"https:\/\/vosgesinfo.fr\/gerardmerinfo\/"},{"@type":"ListItem","position":2,"name":"T\u00e9lio Maubr\u00e9 quitte la pr\u00e9sidence du conseil des jeunes de Bruy\u00e8res"}]},{"@type":"WebSite","@id":"https:\/\/vosgesinfo.fr\/gerardmerinfo\/#website","url":"https:\/\/vosgesinfo.fr\/gerardmerinfo\/","name":"Gerardmer Info","description":"Toute l&#039;actualit\u00e9 de G\u00e9rardmer","publisher":{"@id":"https:\/\/vosgesinfo.fr\/gerardmerinfo\/#organization"},"alternateName":"Toute l'actualit\u00e9 de G\u00e9rardmer","potentialAction":[{"@type":"SearchAction","target":{"@type":"EntryPoint","urlTemplate":"https:\/\/vosgesinfo.fr\/gerardmerinfo\/?s={search_term_string}"},"query-input":"required name=search_term_string"}],"inLanguage":"fr-FR"},{"@type":"Organization","@id":"https:\/\/vosgesinfo.fr\/gerardmerinfo\/#organization","name":"Gerardmer Info","url":"https:\/\/vosgesinfo.fr\/gerardmerinfo\/","logo":{"@type":"ImageObject","inLanguage":"fr-FR","@id":"https:\/\/vosgesinfo.fr\/gerardmerinfo\/#\/schema\/logo\/image\/","url":"https:\/\/vosgesinfo.fr\/app\/uploads\/sites\/6\/2023\/08\/favicon-gerardmerinfo.png","contentUrl":"https:\/\/vosgesinfo.fr\/app\/uploads\/sites\/6\/2023\/08\/favicon-gerardmerinfo.png","width":512,"height":512,"caption":"Gerardmer Info"},"image":{"@id":"https:\/\/vosgesinfo.fr\/gerardmerinfo\/#\/schema\/logo\/image\/"},"sameAs":["https:\/\/www.facebook.com\/profile.php?id=100049475262660","https:\/\/x.com\/VosgesInfo88","https:\/\/www.youtube.com\/@vosgesinfo"]},{"@type":"Person","@id":"https:\/\/vosgesinfo.fr\/gerardmerinfo\/#\/schema\/person\/6f9a650eeea99d969b6c4ab78fccbe81","name":"C.K.","image":{"@type":"ImageObject","inLanguage":"fr-FR","@id":"https:\/\/vosgesinfo.fr\/gerardmerinfo\/#\/schema\/person\/image\/","url":"https:\/\/secure.gravatar.com\/avatar\/48e3fc7f8421ba8942be6b74a2b7f014ca39bc00dece156b7a8e098ae7dc87bf?s=96&d=mm&r=g","contentUrl":"https:\/\/secure.gravatar.com\/avatar\/48e3fc7f8421ba8942be6b74a2b7f014ca39bc00dece156b7a8e098ae7dc87bf?s=96&d=mm&r=g","caption":"C.K."},"url":"https:\/\/vosgesinfo.fr\/gerardmerinfo\/author\/celia-k-n\/"}]}},"_links":{"self":[{"href":"https:\/\/vosgesinfo.fr\/gerardmerinfo\/wp-json\/wp\/v2\/posts\/71861","targetHints":{"allow":["GET"]}}],"collection":[{"href":"https:\/\/vosgesinfo.fr\/gerardmerinfo\/wp-json\/wp\/v2\/posts"}],"about":[{"href":"https:\/\/vosgesinfo.fr\/gerardmerinfo\/wp-json\/wp\/v2\/types\/post"}],"author":[{"embeddable":true,"href":"https:\/\/vosgesinfo.fr\/gerardmerinfo\/wp-json\/wp\/v2\/users\/52"}],"replies":[{"embeddable":true,"href":"https:\/\/vosgesinfo.fr\/gerardmerinfo\/wp-json\/wp\/v2\/comments?post=71861"}],"version-history":[{"count":0,"href":"https:\/\/vosgesinfo.fr\/gerardmerinfo\/wp-json\/wp\/v2\/posts\/71861\/revisions"}],"wp:featuredmedia":[{"embeddable":true,"href":"https:\/\/vosgesinfo.fr\/gerardmerinfo\/wp-json\/wp\/v2\/media\/71862"}],"wp:attachment":[{"href":"https:\/\/vosgesinfo.fr\/gerardmerinfo\/wp-json\/wp\/v2\/media?parent=71861"}],"wp:term":[{"taxonomy":"category","embeddable":true,"href":"https:\/\/vosgesinfo.fr\/gerardmerinfo\/wp-json\/wp\/v2\/categories?post=71861"},{"taxonomy":"post_tag","embeddable":true,"href":"https:\/\/vosgesinfo.fr\/gerardmerinfo\/wp-json\/wp\/v2\/tags?post=71861"}],"curies":[{"name":"wp","href":"https:\/\/api.w.org\/{rel}","templated":true}]}}