{"id":71936,"date":"2024-12-10T14:49:34","date_gmt":"2024-12-10T13:49:34","guid":{"rendered":"https:\/\/vosgesinfo.fr\/gerardmerinfo\/?p=71936"},"modified":"2024-12-10T14:49:34","modified_gmt":"2024-12-10T13:49:34","slug":"lusse-en-2025-le-tunnel-maurice-lemaire-sera-ferme-deux-soirs-par-mois","status":"publish","type":"post","link":"https:\/\/vosgesinfo.fr\/gerardmerinfo\/2024\/12\/lusse-en-2025-le-tunnel-maurice-lemaire-sera-ferme-deux-soirs-par-mois\/","title":{"rendered":"Lusse \u2013 En 2025, le tunnel Maurice-Lemaire sera ferm\u00e9 deux soirs par mois"},"content":{"rendered":"<div id=\"attachment_36591\" style=\"width: 1034px\" class=\"wp-caption alignnone\"><a href=\"https:\/\/vosgesinfo.fr\/app\/uploads\/sites\/4\/2024\/08\/lusse-tunnel-maurice-lemaire.jpg\"><img decoding=\"async\" aria-describedby=\"caption-attachment-36591\" class=\"wp-image-36591 size-large\" src=\"https:\/\/vosgesinfo.fr\/app\/uploads\/sites\/4\/2024\/08\/lusse-tunnel-maurice-lemaire-1024x682.jpg\" alt=\"\" width=\"1024\" height=\"682\" \/><\/a><p id=\"caption-attachment-36591\" class=\"wp-caption-text\">(Photographie APRR)<\/p><\/div>\n<h2>En 2025, le tunnel Maurice-Lemaire sera ferm\u00e9 les premiers mercredi et jeudi de chaque mois, de 21h \u00e0 5h, afin que les \u00e9quipes d&rsquo;Autoroutes Paris-Rhin-R\u00f4ne \u2013 APRR, l&rsquo;exploitant du tunnel \u2013 puissent proc\u00e9der \u00e0 des travaux de maintenance.<\/h2>\n<p><!--more--><\/p>\n<p><a href=\"https:\/\/vosgesinfo.fr\/app\/uploads\/sites\/4\/2024\/12\/lusse-fermetures-tunnel-maurice-lemaire-2025.jpg\"><img decoding=\"async\" class=\"alignnone size-large wp-image-71696\" src=\"https:\/\/vosgesinfo.fr\/app\/uploads\/sites\/4\/2024\/12\/lusse-fermetures-tunnel-maurice-lemaire-2025-1024x768.jpg\" alt=\"\" width=\"1024\" height=\"768\" \/><\/a><\/p>\n","protected":false},"excerpt":{"rendered":"<p>En 2025, le tunnel Maurice-Lemaire sera ferm\u00e9 les premiers mercredi et jeudi de chaque mois, de 21h \u00e0 5h, afin [&hellip;]<\/p>\n","protected":false},"author":46,"featured_media":71937,"comment_status":"open","ping_status":"open","sticky":false,"template":"","format":"standard","meta":{"footnotes":""},"categories":[20,871,878,25,328,868,18],"tags":[6224,6225,5236,2583],"class_list":["post-71936","post","type-post","status-publish","format-standard","has-post-thumbnail","hentry","category-a-la-une","category-deodatie","category-epinal","category-gerardmer","category-la-plaine-des-vosges","category-remiremont","category-vosges","tag-aprr","tag-fermeture-du-tunnel-maurice-lemaire","tag-lusse","tag-tunnel-maurice-lemaire"],"acf":[],"yoast_head":"<!-- This site is optimized with the Yoast SEO plugin v22.5 - https:\/\/yoast.com\/wordpress\/plugins\/seo\/ -->\n<title>Lusse \u2013 En 2025, le tunnel Maurice-Lemaire sera ferm\u00e9 deux soirs par mois - Gerardmer Info<\/title>\n<meta name=\"robots\" content=\"index, follow, max-snippet:-1, max-image-preview:large, max-video-preview:-1\" \/>\n<link rel=\"canonical\" href=\"https:\/\/vosgesinfo.fr\/gerardmerinfo\/2024\/12\/lusse-en-2025-le-tunnel-maurice-lemaire-sera-ferme-deux-soirs-par-mois\/\" \/>\n<meta name=\"twitter:card\" content=\"summary_large_image\" \/>\n<meta name=\"twitter:title\" content=\"Lusse \u2013 En 2025, le tunnel Maurice-Lemaire sera ferm\u00e9 deux soirs par mois - Gerardmer Info\" \/>\n<meta name=\"twitter:description\" content=\"En 2025, le tunnel Maurice-Lemaire sera ferm\u00e9 les premiers mercredi et jeudi de chaque mois, de 21h \u00e0 5h, afin [&hellip;]\" \/>\n<meta name=\"twitter:image\" content=\"https:\/\/vosgesinfo.fr\/app\/uploads\/sites\/6\/2024\/12\/lusse-tunnel-maurice-lemaire.jpg\" \/>\n<meta name=\"twitter:creator\" content=\"@VosgesInfo88\" \/>\n<meta name=\"twitter:site\" content=\"@VosgesInfo88\" \/>\n<meta name=\"twitter:label1\" content=\"\u00c9crit par\" \/>\n\t<meta name=\"twitter:data1\" content=\"J.J.\" \/>\n<script type=\"application\/ld+json\" class=\"yoast-schema-graph\">{\"@context\":\"https:\/\/schema.org\",\"@graph\":[{\"@type\":\"Article\",\"@id\":\"https:\/\/vosgesinfo.fr\/gerardmerinfo\/2024\/12\/lusse-en-2025-le-tunnel-maurice-lemaire-sera-ferme-deux-soirs-par-mois\/#article\",\"isPartOf\":{\"@id\":\"https:\/\/vosgesinfo.fr\/gerardmerinfo\/2024\/12\/lusse-en-2025-le-tunnel-maurice-lemaire-sera-ferme-deux-soirs-par-mois\/\"},\"author\":{\"name\":\"J.J.\",\"@id\":\"https:\/\/vosgesinfo.fr\/gerardmerinfo\/#\/schema\/person\/fa73e9f726d67bb88f46d5b7943cb572\"},\"headline\":\"Lusse \u2013 En 2025, le tunnel Maurice-Lemaire sera ferm\u00e9 deux soirs par mois\",\"datePublished\":\"2024-12-10T13:49:34+00:00\",\"dateModified\":\"2024-12-10T13:49:34+00:00\",\"mainEntityOfPage\":{\"@id\":\"https:\/\/vosgesinfo.fr\/gerardmerinfo\/2024\/12\/lusse-en-2025-le-tunnel-maurice-lemaire-sera-ferme-deux-soirs-par-mois\/\"},\"wordCount\":57,\"commentCount\":0,\"publisher\":{\"@id\":\"https:\/\/vosgesinfo.fr\/gerardmerinfo\/#organization\"},\"image\":{\"@id\":\"https:\/\/vosgesinfo.fr\/gerardmerinfo\/2024\/12\/lusse-en-2025-le-tunnel-maurice-lemaire-sera-ferme-deux-soirs-par-mois\/#primaryimage\"},\"thumbnailUrl\":\"https:\/\/vosgesinfo.fr\/app\/uploads\/sites\/6\/2024\/12\/lusse-tunnel-maurice-lemaire.jpg\",\"keywords\":[\"APRR\",\"Fermeture du tunnel Maurice-Lemaire\",\"Lusse\",\"tunnel maurice lemaire\"],\"articleSection\":[\"A la une\",\"D\u00e9odatie\",\"Epinal\",\"G\u00e9rardmer\",\"La plaine des vosges\",\"Remiremont\",\"Vosges\"],\"inLanguage\":\"fr-FR\",\"potentialAction\":[{\"@type\":\"CommentAction\",\"name\":\"Comment\",\"target\":[\"https:\/\/vosgesinfo.fr\/gerardmerinfo\/2024\/12\/lusse-en-2025-le-tunnel-maurice-lemaire-sera-ferme-deux-soirs-par-mois\/#respond\"]}]},{\"@type\":\"WebPage\",\"@id\":\"https:\/\/vosgesinfo.fr\/gerardmerinfo\/2024\/12\/lusse-en-2025-le-tunnel-maurice-lemaire-sera-ferme-deux-soirs-par-mois\/\",\"url\":\"https:\/\/vosgesinfo.fr\/gerardmerinfo\/2024\/12\/lusse-en-2025-le-tunnel-maurice-lemaire-sera-ferme-deux-soirs-par-mois\/\",\"name\":\"Lusse \u2013 En 2025, le tunnel Maurice-Lemaire sera ferm\u00e9 deux soirs par mois - Gerardmer Info\",\"isPartOf\":{\"@id\":\"https:\/\/vosgesinfo.fr\/gerardmerinfo\/#website\"},\"primaryImageOfPage\":{\"@id\":\"https:\/\/vosgesinfo.fr\/gerardmerinfo\/2024\/12\/lusse-en-2025-le-tunnel-maurice-lemaire-sera-ferme-deux-soirs-par-mois\/#primaryimage\"},\"image\":{\"@id\":\"https:\/\/vosgesinfo.fr\/gerardmerinfo\/2024\/12\/lusse-en-2025-le-tunnel-maurice-lemaire-sera-ferme-deux-soirs-par-mois\/#primaryimage\"},\"thumbnailUrl\":\"https:\/\/vosgesinfo.fr\/app\/uploads\/sites\/6\/2024\/12\/lusse-tunnel-maurice-lemaire.jpg\",\"datePublished\":\"2024-12-10T13:49:34+00:00\",\"dateModified\":\"2024-12-10T13:49:34+00:00\",\"breadcrumb\":{\"@id\":\"https:\/\/vosgesinfo.fr\/gerardmerinfo\/2024\/12\/lusse-en-2025-le-tunnel-maurice-lemaire-sera-ferme-deux-soirs-par-mois\/#breadcrumb\"},\"inLanguage\":\"fr-FR\",\"potentialAction\":[{\"@type\":\"ReadAction\",\"target\":[\"https:\/\/vosgesinfo.fr\/gerardmerinfo\/2024\/12\/lusse-en-2025-le-tunnel-maurice-lemaire-sera-ferme-deux-soirs-par-mois\/\"]}]},{\"@type\":\"ImageObject\",\"inLanguage\":\"fr-FR\",\"@id\":\"https:\/\/vosgesinfo.fr\/gerardmerinfo\/2024\/12\/lusse-en-2025-le-tunnel-maurice-lemaire-sera-ferme-deux-soirs-par-mois\/#primaryimage\",\"url\":\"https:\/\/vosgesinfo.fr\/app\/uploads\/sites\/6\/2024\/12\/lusse-tunnel-maurice-lemaire.jpg\",\"contentUrl\":\"https:\/\/vosgesinfo.fr\/app\/uploads\/sites\/6\/2024\/12\/lusse-tunnel-maurice-lemaire.jpg\",\"width\":2048,\"height\":1364},{\"@type\":\"BreadcrumbList\",\"@id\":\"https:\/\/vosgesinfo.fr\/gerardmerinfo\/2024\/12\/lusse-en-2025-le-tunnel-maurice-lemaire-sera-ferme-deux-soirs-par-mois\/#breadcrumb\",\"itemListElement\":[{\"@type\":\"ListItem\",\"position\":1,\"name\":\"Home\",\"item\":\"https:\/\/vosgesinfo.fr\/gerardmerinfo\/\"},{\"@type\":\"ListItem\",\"position\":2,\"name\":\"Lusse \u2013 En 2025, le tunnel Maurice-Lemaire sera ferm\u00e9 deux soirs par mois\"}]},{\"@type\":\"WebSite\",\"@id\":\"https:\/\/vosgesinfo.fr\/gerardmerinfo\/#website\",\"url\":\"https:\/\/vosgesinfo.fr\/gerardmerinfo\/\",\"name\":\"Gerardmer Info\",\"description\":\"Toute l&#039;actualit\u00e9 de G\u00e9rardmer\",\"publisher\":{\"@id\":\"https:\/\/vosgesinfo.fr\/gerardmerinfo\/#organization\"},\"alternateName\":\"Toute l'actualit\u00e9 de G\u00e9rardmer\",\"potentialAction\":[{\"@type\":\"SearchAction\",\"target\":{\"@type\":\"EntryPoint\",\"urlTemplate\":\"https:\/\/vosgesinfo.fr\/gerardmerinfo\/?s={search_term_string}\"},\"query-input\":\"required name=search_term_string\"}],\"inLanguage\":\"fr-FR\"},{\"@type\":\"Organization\",\"@id\":\"https:\/\/vosgesinfo.fr\/gerardmerinfo\/#organization\",\"name\":\"Gerardmer Info\",\"url\":\"https:\/\/vosgesinfo.fr\/gerardmerinfo\/\",\"logo\":{\"@type\":\"ImageObject\",\"inLanguage\":\"fr-FR\",\"@id\":\"https:\/\/vosgesinfo.fr\/gerardmerinfo\/#\/schema\/logo\/image\/\",\"url\":\"https:\/\/vosgesinfo.fr\/app\/uploads\/sites\/6\/2023\/08\/favicon-gerardmerinfo.png\",\"contentUrl\":\"https:\/\/vosgesinfo.fr\/app\/uploads\/sites\/6\/2023\/08\/favicon-gerardmerinfo.png\",\"width\":512,\"height\":512,\"caption\":\"Gerardmer Info\"},\"image\":{\"@id\":\"https:\/\/vosgesinfo.fr\/gerardmerinfo\/#\/schema\/logo\/image\/\"},\"sameAs\":[\"https:\/\/www.facebook.com\/profile.php?id=100049475262660\",\"https:\/\/x.com\/VosgesInfo88\",\"https:\/\/www.youtube.com\/@vosgesinfo\"]},{\"@type\":\"Person\",\"@id\":\"https:\/\/vosgesinfo.fr\/gerardmerinfo\/#\/schema\/person\/fa73e9f726d67bb88f46d5b7943cb572\",\"name\":\"J.J.\",\"image\":{\"@type\":\"ImageObject\",\"inLanguage\":\"fr-FR\",\"@id\":\"https:\/\/vosgesinfo.fr\/gerardmerinfo\/#\/schema\/person\/image\/\",\"url\":\"https:\/\/secure.gravatar.com\/avatar\/219e749e47ffbcca018a360ae4add7d4cdf1cdaaf8bc7676b27efade3fe65615?s=96&d=mm&r=g\",\"contentUrl\":\"https:\/\/secure.gravatar.com\/avatar\/219e749e47ffbcca018a360ae4add7d4cdf1cdaaf8bc7676b27efade3fe65615?s=96&d=mm&r=g\",\"caption\":\"J.J.\"},\"url\":\"https:\/\/vosgesinfo.fr\/gerardmerinfo\/author\/j-j\/\"}]}<\/script>\n<!-- \/ Yoast SEO plugin. -->","yoast_head_json":{"title":"Lusse \u2013 En 2025, le tunnel Maurice-Lemaire sera ferm\u00e9 deux soirs par mois - Gerardmer Info","robots":{"index":"index","follow":"follow","max-snippet":"max-snippet:-1","max-image-preview":"max-image-preview:large","max-video-preview":"max-video-preview:-1"},"canonical":"https:\/\/vosgesinfo.fr\/gerardmerinfo\/2024\/12\/lusse-en-2025-le-tunnel-maurice-lemaire-sera-ferme-deux-soirs-par-mois\/","twitter_card":"summary_large_image","twitter_title":"Lusse \u2013 En 2025, le tunnel Maurice-Lemaire sera ferm\u00e9 deux soirs par mois - Gerardmer Info","twitter_description":"En 2025, le tunnel Maurice-Lemaire sera ferm\u00e9 les premiers mercredi et jeudi de chaque mois, de 21h \u00e0 5h, afin [&hellip;]","twitter_image":"https:\/\/vosgesinfo.fr\/app\/uploads\/sites\/6\/2024\/12\/lusse-tunnel-maurice-lemaire.jpg","twitter_creator":"@VosgesInfo88","twitter_site":"@VosgesInfo88","twitter_misc":{"\u00c9crit par":"J.J."},"schema":{"@context":"https:\/\/schema.org","@graph":[{"@type":"Article","@id":"https:\/\/vosgesinfo.fr\/gerardmerinfo\/2024\/12\/lusse-en-2025-le-tunnel-maurice-lemaire-sera-ferme-deux-soirs-par-mois\/#article","isPartOf":{"@id":"https:\/\/vosgesinfo.fr\/gerardmerinfo\/2024\/12\/lusse-en-2025-le-tunnel-maurice-lemaire-sera-ferme-deux-soirs-par-mois\/"},"author":{"name":"J.J.","@id":"https:\/\/vosgesinfo.fr\/gerardmerinfo\/#\/schema\/person\/fa73e9f726d67bb88f46d5b7943cb572"},"headline":"Lusse \u2013 En 2025, le tunnel Maurice-Lemaire sera ferm\u00e9 deux soirs par mois","datePublished":"2024-12-10T13:49:34+00:00","dateModified":"2024-12-10T13:49:34+00:00","mainEntityOfPage":{"@id":"https:\/\/vosgesinfo.fr\/gerardmerinfo\/2024\/12\/lusse-en-2025-le-tunnel-maurice-lemaire-sera-ferme-deux-soirs-par-mois\/"},"wordCount":57,"commentCount":0,"publisher":{"@id":"https:\/\/vosgesinfo.fr\/gerardmerinfo\/#organization"},"image":{"@id":"https:\/\/vosgesinfo.fr\/gerardmerinfo\/2024\/12\/lusse-en-2025-le-tunnel-maurice-lemaire-sera-ferme-deux-soirs-par-mois\/#primaryimage"},"thumbnailUrl":"https:\/\/vosgesinfo.fr\/app\/uploads\/sites\/6\/2024\/12\/lusse-tunnel-maurice-lemaire.jpg","keywords":["APRR","Fermeture du tunnel Maurice-Lemaire","Lusse","tunnel maurice lemaire"],"articleSection":["A la une","D\u00e9odatie","Epinal","G\u00e9rardmer","La plaine des vosges","Remiremont","Vosges"],"inLanguage":"fr-FR","potentialAction":[{"@type":"CommentAction","name":"Comment","target":["https:\/\/vosgesinfo.fr\/gerardmerinfo\/2024\/12\/lusse-en-2025-le-tunnel-maurice-lemaire-sera-ferme-deux-soirs-par-mois\/#respond"]}]},{"@type":"WebPage","@id":"https:\/\/vosgesinfo.fr\/gerardmerinfo\/2024\/12\/lusse-en-2025-le-tunnel-maurice-lemaire-sera-ferme-deux-soirs-par-mois\/","url":"https:\/\/vosgesinfo.fr\/gerardmerinfo\/2024\/12\/lusse-en-2025-le-tunnel-maurice-lemaire-sera-ferme-deux-soirs-par-mois\/","name":"Lusse \u2013 En 2025, le tunnel Maurice-Lemaire sera ferm\u00e9 deux soirs par mois - Gerardmer Info","isPartOf":{"@id":"https:\/\/vosgesinfo.fr\/gerardmerinfo\/#website"},"primaryImageOfPage":{"@id":"https:\/\/vosgesinfo.fr\/gerardmerinfo\/2024\/12\/lusse-en-2025-le-tunnel-maurice-lemaire-sera-ferme-deux-soirs-par-mois\/#primaryimage"},"image":{"@id":"https:\/\/vosgesinfo.fr\/gerardmerinfo\/2024\/12\/lusse-en-2025-le-tunnel-maurice-lemaire-sera-ferme-deux-soirs-par-mois\/#primaryimage"},"thumbnailUrl":"https:\/\/vosgesinfo.fr\/app\/uploads\/sites\/6\/2024\/12\/lusse-tunnel-maurice-lemaire.jpg","datePublished":"2024-12-10T13:49:34+00:00","dateModified":"2024-12-10T13:49:34+00:00","breadcrumb":{"@id":"https:\/\/vosgesinfo.fr\/gerardmerinfo\/2024\/12\/lusse-en-2025-le-tunnel-maurice-lemaire-sera-ferme-deux-soirs-par-mois\/#breadcrumb"},"inLanguage":"fr-FR","potentialAction":[{"@type":"ReadAction","target":["https:\/\/vosgesinfo.fr\/gerardmerinfo\/2024\/12\/lusse-en-2025-le-tunnel-maurice-lemaire-sera-ferme-deux-soirs-par-mois\/"]}]},{"@type":"ImageObject","inLanguage":"fr-FR","@id":"https:\/\/vosgesinfo.fr\/gerardmerinfo\/2024\/12\/lusse-en-2025-le-tunnel-maurice-lemaire-sera-ferme-deux-soirs-par-mois\/#primaryimage","url":"https:\/\/vosgesinfo.fr\/app\/uploads\/sites\/6\/2024\/12\/lusse-tunnel-maurice-lemaire.jpg","contentUrl":"https:\/\/vosgesinfo.fr\/app\/uploads\/sites\/6\/2024\/12\/lusse-tunnel-maurice-lemaire.jpg","width":2048,"height":1364},{"@type":"BreadcrumbList","@id":"https:\/\/vosgesinfo.fr\/gerardmerinfo\/2024\/12\/lusse-en-2025-le-tunnel-maurice-lemaire-sera-ferme-deux-soirs-par-mois\/#breadcrumb","itemListElement":[{"@type":"ListItem","position":1,"name":"Home","item":"https:\/\/vosgesinfo.fr\/gerardmerinfo\/"},{"@type":"ListItem","position":2,"name":"Lusse \u2013 En 2025, le tunnel Maurice-Lemaire sera ferm\u00e9 deux soirs par mois"}]},{"@type":"WebSite","@id":"https:\/\/vosgesinfo.fr\/gerardmerinfo\/#website","url":"https:\/\/vosgesinfo.fr\/gerardmerinfo\/","name":"Gerardmer Info","description":"Toute l&#039;actualit\u00e9 de G\u00e9rardmer","publisher":{"@id":"https:\/\/vosgesinfo.fr\/gerardmerinfo\/#organization"},"alternateName":"Toute l'actualit\u00e9 de G\u00e9rardmer","potentialAction":[{"@type":"SearchAction","target":{"@type":"EntryPoint","urlTemplate":"https:\/\/vosgesinfo.fr\/gerardmerinfo\/?s={search_term_string}"},"query-input":"required name=search_term_string"}],"inLanguage":"fr-FR"},{"@type":"Organization","@id":"https:\/\/vosgesinfo.fr\/gerardmerinfo\/#organization","name":"Gerardmer Info","url":"https:\/\/vosgesinfo.fr\/gerardmerinfo\/","logo":{"@type":"ImageObject","inLanguage":"fr-FR","@id":"https:\/\/vosgesinfo.fr\/gerardmerinfo\/#\/schema\/logo\/image\/","url":"https:\/\/vosgesinfo.fr\/app\/uploads\/sites\/6\/2023\/08\/favicon-gerardmerinfo.png","contentUrl":"https:\/\/vosgesinfo.fr\/app\/uploads\/sites\/6\/2023\/08\/favicon-gerardmerinfo.png","width":512,"height":512,"caption":"Gerardmer Info"},"image":{"@id":"https:\/\/vosgesinfo.fr\/gerardmerinfo\/#\/schema\/logo\/image\/"},"sameAs":["https:\/\/www.facebook.com\/profile.php?id=100049475262660","https:\/\/x.com\/VosgesInfo88","https:\/\/www.youtube.com\/@vosgesinfo"]},{"@type":"Person","@id":"https:\/\/vosgesinfo.fr\/gerardmerinfo\/#\/schema\/person\/fa73e9f726d67bb88f46d5b7943cb572","name":"J.J.","image":{"@type":"ImageObject","inLanguage":"fr-FR","@id":"https:\/\/vosgesinfo.fr\/gerardmerinfo\/#\/schema\/person\/image\/","url":"https:\/\/secure.gravatar.com\/avatar\/219e749e47ffbcca018a360ae4add7d4cdf1cdaaf8bc7676b27efade3fe65615?s=96&d=mm&r=g","contentUrl":"https:\/\/secure.gravatar.com\/avatar\/219e749e47ffbcca018a360ae4add7d4cdf1cdaaf8bc7676b27efade3fe65615?s=96&d=mm&r=g","caption":"J.J."},"url":"https:\/\/vosgesinfo.fr\/gerardmerinfo\/author\/j-j\/"}]}},"_links":{"self":[{"href":"https:\/\/vosgesinfo.fr\/gerardmerinfo\/wp-json\/wp\/v2\/posts\/71936","targetHints":{"allow":["GET"]}}],"collection":[{"href":"https:\/\/vosgesinfo.fr\/gerardmerinfo\/wp-json\/wp\/v2\/posts"}],"about":[{"href":"https:\/\/vosgesinfo.fr\/gerardmerinfo\/wp-json\/wp\/v2\/types\/post"}],"author":[{"embeddable":true,"href":"https:\/\/vosgesinfo.fr\/gerardmerinfo\/wp-json\/wp\/v2\/users\/46"}],"replies":[{"embeddable":true,"href":"https:\/\/vosgesinfo.fr\/gerardmerinfo\/wp-json\/wp\/v2\/comments?post=71936"}],"version-history":[{"count":0,"href":"https:\/\/vosgesinfo.fr\/gerardmerinfo\/wp-json\/wp\/v2\/posts\/71936\/revisions"}],"wp:featuredmedia":[{"embeddable":true,"href":"https:\/\/vosgesinfo.fr\/gerardmerinfo\/wp-json\/wp\/v2\/media\/71937"}],"wp:attachment":[{"href":"https:\/\/vosgesinfo.fr\/gerardmerinfo\/wp-json\/wp\/v2\/media?parent=71936"}],"wp:term":[{"taxonomy":"category","embeddable":true,"href":"https:\/\/vosgesinfo.fr\/gerardmerinfo\/wp-json\/wp\/v2\/categories?post=71936"},{"taxonomy":"post_tag","embeddable":true,"href":"https:\/\/vosgesinfo.fr\/gerardmerinfo\/wp-json\/wp\/v2\/tags?post=71936"}],"curies":[{"name":"wp","href":"https:\/\/api.w.org\/{rel}","templated":true}]}}