{"id":71938,"date":"2024-12-10T15:27:08","date_gmt":"2024-12-10T14:27:08","guid":{"rendered":"https:\/\/vosgesinfo.fr\/gerardmerinfo\/2024\/12\/aquagym-special-noel-mercredi-18-decembre-a-la-bresse\/"},"modified":"2024-12-10T15:27:08","modified_gmt":"2024-12-10T14:27:08","slug":"aquagym-special-noel-mercredi-18-decembre-a-la-bresse","status":"publish","type":"post","link":"https:\/\/vosgesinfo.fr\/gerardmerinfo\/2024\/12\/aquagym-special-noel-mercredi-18-decembre-a-la-bresse\/","title":{"rendered":"Aquagym sp\u00e9cial No\u00ebl mercredi 18 d\u00e9cembre \u00e0 La Bresse"},"content":{"rendered":"<p><i><b>Pour finir l&rsquo;ann\u00e9e en beaut\u00e9, pr\u00e9parez-vous \u00e0 vivre une s\u00e9ance d&rsquo;aquagym unique dans une ambiance de No\u00ebl !!<\/b><b><br \/>\n<\/b><\/i><\/p>\n<p><i><b>C<\/b><b>e mercredi 18 d\u00e9cembre, rejoignez-nous pour une session d&rsquo;aquagym sp\u00e9ciale, pleine de bonne humeur et de surprises !! <\/b><b>Ambiance assur\u00e9e <\/b><b>!!<\/b><\/i><\/p>\n<p><i><b>Venez profiter d&rsquo;une s\u00e9ance d&rsquo;aquagym de 19h \u00e0 19h45, et b\u00e9n\u00e9ficiez d&rsquo;une ambiance de No\u00ebl exceptionnelle.\u00a0<\/b><\/i><\/p>\n<p><i><b>Pour rendre cet \u00e9v\u00e9nement encore plus sp\u00e9cial, un cadeau sera offert \u00e0 tous les participants portant un bonnet de No\u00ebl !<\/b><b><br \/>\n<\/b><\/i><\/p>\n<p><i><b>Que vous soyez adepte de l&rsquo;aquagym ou que vous souhaitiez simplement vous amuser dans l&rsquo;eau, cette s\u00e9ance festive est l&rsquo;occasion id\u00e9ale de bouger tout en vous plongeant dans l&rsquo;esprit de No\u00ebl.<\/b><\/i><\/p>\n<p><i><b>Venez nombreux et apportez votre sourire, nous nous occupons du reste !<\/b><b><br \/>\n<\/b><\/i><\/p>\n<p><i><b>R\u00e9servation conseill\u00e9e : 03.29.26.21.20<\/b><b><br \/>\n<\/b><\/i><\/p>\n<p><i><b>Pour toute question, veuillez contacter par mail\u00a0 :\u00a0<\/b> <a class=\"moz-txt-link-abbreviated moz-txt-link-freetext\" href=\"mailto:accueil-piscine@cchautesvosges.fr\" rel=\"noreferrer\">accueil-piscine@cchautesvosges.fr<\/a><\/i><\/p>\n<p><a href=\"https:\/\/vosgesinfo.fr\/app\/uploads\/sites\/5\/2024\/12\/affiche-aquagym-noel-scaled.jpg\"><img decoding=\"async\" class=\"aligncenter size-large wp-image-76414\" src=\"https:\/\/vosgesinfo.fr\/app\/uploads\/sites\/5\/2024\/12\/affiche-aquagym-noel-724x1024.jpg\" alt=\"\" width=\"724\" height=\"1024\" \/><\/a><\/p>\n","protected":false},"excerpt":{"rendered":"<p>Pour finir l&rsquo;ann\u00e9e en beaut\u00e9, pr\u00e9parez-vous \u00e0 vivre une s\u00e9ance d&rsquo;aquagym unique dans une ambiance de No\u00ebl !! Ce mercredi [&hellip;]<\/p>\n","protected":false},"author":391,"featured_media":71939,"comment_status":"open","ping_status":"open","sticky":false,"template":"","format":"standard","meta":{"footnotes":""},"categories":[20,5668,25,5676],"tags":[6226,5813,4766],"class_list":["post-71938","post","type-post","status-publish","format-standard","has-post-thumbnail","hentry","category-a-la-une","category-agenda","category-gerardmer","category-la-bresse","tag-aquagym","tag-complexe-aquatique-de-la-bresse","tag-noel"],"acf":[],"yoast_head":"<!-- This site is optimized with the Yoast SEO plugin v22.5 - https:\/\/yoast.com\/wordpress\/plugins\/seo\/ -->\n<title>Aquagym sp\u00e9cial No\u00ebl mercredi 18 d\u00e9cembre \u00e0 La Bresse - Gerardmer Info<\/title>\n<meta name=\"robots\" content=\"index, follow, max-snippet:-1, max-image-preview:large, max-video-preview:-1\" \/>\n<link rel=\"canonical\" href=\"https:\/\/vosgesinfo.fr\/gerardmerinfo\/2024\/12\/aquagym-special-noel-mercredi-18-decembre-a-la-bresse\/\" \/>\n<meta name=\"twitter:card\" content=\"summary_large_image\" \/>\n<meta name=\"twitter:title\" content=\"Aquagym sp\u00e9cial No\u00ebl mercredi 18 d\u00e9cembre \u00e0 La Bresse - Gerardmer Info\" \/>\n<meta name=\"twitter:description\" content=\"Pour finir l&rsquo;ann\u00e9e en beaut\u00e9, pr\u00e9parez-vous \u00e0 vivre une s\u00e9ance d&rsquo;aquagym unique dans une ambiance de No\u00ebl !! Ce mercredi [&hellip;]\" \/>\n<meta name=\"twitter:image\" content=\"https:\/\/vosgesinfo.fr\/app\/uploads\/sites\/5\/2024\/12\/affiche-aquagym-noel-724x1024.jpg\" \/>\n<meta name=\"twitter:creator\" content=\"@VosgesInfo88\" \/>\n<meta name=\"twitter:site\" content=\"@VosgesInfo88\" \/>\n<meta name=\"twitter:label1\" content=\"\u00c9crit par\" \/>\n\t<meta name=\"twitter:data1\" content=\"La redaction\" \/>\n\t<meta name=\"twitter:label2\" content=\"Dur\u00e9e de lecture estim\u00e9e\" \/>\n\t<meta name=\"twitter:data2\" content=\"1 minute\" \/>\n<script type=\"application\/ld+json\" class=\"yoast-schema-graph\">{\"@context\":\"https:\/\/schema.org\",\"@graph\":[{\"@type\":\"Article\",\"@id\":\"https:\/\/vosgesinfo.fr\/gerardmerinfo\/2024\/12\/aquagym-special-noel-mercredi-18-decembre-a-la-bresse\/#article\",\"isPartOf\":{\"@id\":\"https:\/\/vosgesinfo.fr\/gerardmerinfo\/2024\/12\/aquagym-special-noel-mercredi-18-decembre-a-la-bresse\/\"},\"author\":{\"name\":\"La redaction\",\"@id\":\"https:\/\/vosgesinfo.fr\/gerardmerinfo\/#\/schema\/person\/27a3695b06db98895b354c0765cdfc31\"},\"headline\":\"Aquagym sp\u00e9cial No\u00ebl mercredi 18 d\u00e9cembre \u00e0 La Bresse\",\"datePublished\":\"2024-12-10T14:27:08+00:00\",\"dateModified\":\"2024-12-10T14:27:08+00:00\",\"mainEntityOfPage\":{\"@id\":\"https:\/\/vosgesinfo.fr\/gerardmerinfo\/2024\/12\/aquagym-special-noel-mercredi-18-decembre-a-la-bresse\/\"},\"wordCount\":162,\"commentCount\":0,\"publisher\":{\"@id\":\"https:\/\/vosgesinfo.fr\/gerardmerinfo\/#organization\"},\"image\":{\"@id\":\"https:\/\/vosgesinfo.fr\/gerardmerinfo\/2024\/12\/aquagym-special-noel-mercredi-18-decembre-a-la-bresse\/#primaryimage\"},\"thumbnailUrl\":\"https:\/\/vosgesinfo.fr\/app\/uploads\/sites\/6\/2024\/12\/affiche-aquagym-noel-scaled-1.jpg\",\"keywords\":[\"aquagym\",\"Complexe aquatique de La Bresse\",\"No\u00ebl\"],\"articleSection\":[\"A la une\",\"Agenda\",\"G\u00e9rardmer\",\"La Bresse\"],\"inLanguage\":\"fr-FR\",\"potentialAction\":[{\"@type\":\"CommentAction\",\"name\":\"Comment\",\"target\":[\"https:\/\/vosgesinfo.fr\/gerardmerinfo\/2024\/12\/aquagym-special-noel-mercredi-18-decembre-a-la-bresse\/#respond\"]}]},{\"@type\":\"WebPage\",\"@id\":\"https:\/\/vosgesinfo.fr\/gerardmerinfo\/2024\/12\/aquagym-special-noel-mercredi-18-decembre-a-la-bresse\/\",\"url\":\"https:\/\/vosgesinfo.fr\/gerardmerinfo\/2024\/12\/aquagym-special-noel-mercredi-18-decembre-a-la-bresse\/\",\"name\":\"Aquagym sp\u00e9cial No\u00ebl mercredi 18 d\u00e9cembre \u00e0 La Bresse - Gerardmer Info\",\"isPartOf\":{\"@id\":\"https:\/\/vosgesinfo.fr\/gerardmerinfo\/#website\"},\"primaryImageOfPage\":{\"@id\":\"https:\/\/vosgesinfo.fr\/gerardmerinfo\/2024\/12\/aquagym-special-noel-mercredi-18-decembre-a-la-bresse\/#primaryimage\"},\"image\":{\"@id\":\"https:\/\/vosgesinfo.fr\/gerardmerinfo\/2024\/12\/aquagym-special-noel-mercredi-18-decembre-a-la-bresse\/#primaryimage\"},\"thumbnailUrl\":\"https:\/\/vosgesinfo.fr\/app\/uploads\/sites\/6\/2024\/12\/affiche-aquagym-noel-scaled-1.jpg\",\"datePublished\":\"2024-12-10T14:27:08+00:00\",\"dateModified\":\"2024-12-10T14:27:08+00:00\",\"breadcrumb\":{\"@id\":\"https:\/\/vosgesinfo.fr\/gerardmerinfo\/2024\/12\/aquagym-special-noel-mercredi-18-decembre-a-la-bresse\/#breadcrumb\"},\"inLanguage\":\"fr-FR\",\"potentialAction\":[{\"@type\":\"ReadAction\",\"target\":[\"https:\/\/vosgesinfo.fr\/gerardmerinfo\/2024\/12\/aquagym-special-noel-mercredi-18-decembre-a-la-bresse\/\"]}]},{\"@type\":\"ImageObject\",\"inLanguage\":\"fr-FR\",\"@id\":\"https:\/\/vosgesinfo.fr\/gerardmerinfo\/2024\/12\/aquagym-special-noel-mercredi-18-decembre-a-la-bresse\/#primaryimage\",\"url\":\"https:\/\/vosgesinfo.fr\/app\/uploads\/sites\/6\/2024\/12\/affiche-aquagym-noel-scaled-1.jpg\",\"contentUrl\":\"https:\/\/vosgesinfo.fr\/app\/uploads\/sites\/6\/2024\/12\/affiche-aquagym-noel-scaled-1.jpg\",\"width\":1810,\"height\":2560},{\"@type\":\"BreadcrumbList\",\"@id\":\"https:\/\/vosgesinfo.fr\/gerardmerinfo\/2024\/12\/aquagym-special-noel-mercredi-18-decembre-a-la-bresse\/#breadcrumb\",\"itemListElement\":[{\"@type\":\"ListItem\",\"position\":1,\"name\":\"Home\",\"item\":\"https:\/\/vosgesinfo.fr\/gerardmerinfo\/\"},{\"@type\":\"ListItem\",\"position\":2,\"name\":\"Aquagym sp\u00e9cial No\u00ebl mercredi 18 d\u00e9cembre \u00e0 La Bresse\"}]},{\"@type\":\"WebSite\",\"@id\":\"https:\/\/vosgesinfo.fr\/gerardmerinfo\/#website\",\"url\":\"https:\/\/vosgesinfo.fr\/gerardmerinfo\/\",\"name\":\"Gerardmer Info\",\"description\":\"Toute l&#039;actualit\u00e9 de G\u00e9rardmer\",\"publisher\":{\"@id\":\"https:\/\/vosgesinfo.fr\/gerardmerinfo\/#organization\"},\"alternateName\":\"Toute l'actualit\u00e9 de G\u00e9rardmer\",\"potentialAction\":[{\"@type\":\"SearchAction\",\"target\":{\"@type\":\"EntryPoint\",\"urlTemplate\":\"https:\/\/vosgesinfo.fr\/gerardmerinfo\/?s={search_term_string}\"},\"query-input\":\"required name=search_term_string\"}],\"inLanguage\":\"fr-FR\"},{\"@type\":\"Organization\",\"@id\":\"https:\/\/vosgesinfo.fr\/gerardmerinfo\/#organization\",\"name\":\"Gerardmer Info\",\"url\":\"https:\/\/vosgesinfo.fr\/gerardmerinfo\/\",\"logo\":{\"@type\":\"ImageObject\",\"inLanguage\":\"fr-FR\",\"@id\":\"https:\/\/vosgesinfo.fr\/gerardmerinfo\/#\/schema\/logo\/image\/\",\"url\":\"https:\/\/vosgesinfo.fr\/app\/uploads\/sites\/6\/2023\/08\/favicon-gerardmerinfo.png\",\"contentUrl\":\"https:\/\/vosgesinfo.fr\/app\/uploads\/sites\/6\/2023\/08\/favicon-gerardmerinfo.png\",\"width\":512,\"height\":512,\"caption\":\"Gerardmer Info\"},\"image\":{\"@id\":\"https:\/\/vosgesinfo.fr\/gerardmerinfo\/#\/schema\/logo\/image\/\"},\"sameAs\":[\"https:\/\/www.facebook.com\/profile.php?id=100049475262660\",\"https:\/\/x.com\/VosgesInfo88\",\"https:\/\/www.youtube.com\/@vosgesinfo\"]},{\"@type\":\"Person\",\"@id\":\"https:\/\/vosgesinfo.fr\/gerardmerinfo\/#\/schema\/person\/27a3695b06db98895b354c0765cdfc31\",\"name\":\"La redaction\",\"image\":{\"@type\":\"ImageObject\",\"inLanguage\":\"fr-FR\",\"@id\":\"https:\/\/vosgesinfo.fr\/gerardmerinfo\/#\/schema\/person\/image\/\",\"url\":\"https:\/\/secure.gravatar.com\/avatar\/64c76a78e501cedee55736f43f332df901e1896ae9cd8fad269ae2236dd0e8b6?s=96&d=mm&r=g\",\"contentUrl\":\"https:\/\/secure.gravatar.com\/avatar\/64c76a78e501cedee55736f43f332df901e1896ae9cd8fad269ae2236dd0e8b6?s=96&d=mm&r=g\",\"caption\":\"La redaction\"},\"url\":\"https:\/\/vosgesinfo.fr\/gerardmerinfo\/author\/la-redaction\/\"}]}<\/script>\n<!-- \/ Yoast SEO plugin. -->","yoast_head_json":{"title":"Aquagym sp\u00e9cial No\u00ebl mercredi 18 d\u00e9cembre \u00e0 La Bresse - Gerardmer Info","robots":{"index":"index","follow":"follow","max-snippet":"max-snippet:-1","max-image-preview":"max-image-preview:large","max-video-preview":"max-video-preview:-1"},"canonical":"https:\/\/vosgesinfo.fr\/gerardmerinfo\/2024\/12\/aquagym-special-noel-mercredi-18-decembre-a-la-bresse\/","twitter_card":"summary_large_image","twitter_title":"Aquagym sp\u00e9cial No\u00ebl mercredi 18 d\u00e9cembre \u00e0 La Bresse - Gerardmer Info","twitter_description":"Pour finir l&rsquo;ann\u00e9e en beaut\u00e9, pr\u00e9parez-vous \u00e0 vivre une s\u00e9ance d&rsquo;aquagym unique dans une ambiance de No\u00ebl !! Ce mercredi [&hellip;]","twitter_image":"https:\/\/vosgesinfo.fr\/app\/uploads\/sites\/5\/2024\/12\/affiche-aquagym-noel-724x1024.jpg","twitter_creator":"@VosgesInfo88","twitter_site":"@VosgesInfo88","twitter_misc":{"\u00c9crit par":"La redaction","Dur\u00e9e de lecture estim\u00e9e":"1 minute"},"schema":{"@context":"https:\/\/schema.org","@graph":[{"@type":"Article","@id":"https:\/\/vosgesinfo.fr\/gerardmerinfo\/2024\/12\/aquagym-special-noel-mercredi-18-decembre-a-la-bresse\/#article","isPartOf":{"@id":"https:\/\/vosgesinfo.fr\/gerardmerinfo\/2024\/12\/aquagym-special-noel-mercredi-18-decembre-a-la-bresse\/"},"author":{"name":"La redaction","@id":"https:\/\/vosgesinfo.fr\/gerardmerinfo\/#\/schema\/person\/27a3695b06db98895b354c0765cdfc31"},"headline":"Aquagym sp\u00e9cial No\u00ebl mercredi 18 d\u00e9cembre \u00e0 La Bresse","datePublished":"2024-12-10T14:27:08+00:00","dateModified":"2024-12-10T14:27:08+00:00","mainEntityOfPage":{"@id":"https:\/\/vosgesinfo.fr\/gerardmerinfo\/2024\/12\/aquagym-special-noel-mercredi-18-decembre-a-la-bresse\/"},"wordCount":162,"commentCount":0,"publisher":{"@id":"https:\/\/vosgesinfo.fr\/gerardmerinfo\/#organization"},"image":{"@id":"https:\/\/vosgesinfo.fr\/gerardmerinfo\/2024\/12\/aquagym-special-noel-mercredi-18-decembre-a-la-bresse\/#primaryimage"},"thumbnailUrl":"https:\/\/vosgesinfo.fr\/app\/uploads\/sites\/6\/2024\/12\/affiche-aquagym-noel-scaled-1.jpg","keywords":["aquagym","Complexe aquatique de La Bresse","No\u00ebl"],"articleSection":["A la une","Agenda","G\u00e9rardmer","La Bresse"],"inLanguage":"fr-FR","potentialAction":[{"@type":"CommentAction","name":"Comment","target":["https:\/\/vosgesinfo.fr\/gerardmerinfo\/2024\/12\/aquagym-special-noel-mercredi-18-decembre-a-la-bresse\/#respond"]}]},{"@type":"WebPage","@id":"https:\/\/vosgesinfo.fr\/gerardmerinfo\/2024\/12\/aquagym-special-noel-mercredi-18-decembre-a-la-bresse\/","url":"https:\/\/vosgesinfo.fr\/gerardmerinfo\/2024\/12\/aquagym-special-noel-mercredi-18-decembre-a-la-bresse\/","name":"Aquagym sp\u00e9cial No\u00ebl mercredi 18 d\u00e9cembre \u00e0 La Bresse - Gerardmer Info","isPartOf":{"@id":"https:\/\/vosgesinfo.fr\/gerardmerinfo\/#website"},"primaryImageOfPage":{"@id":"https:\/\/vosgesinfo.fr\/gerardmerinfo\/2024\/12\/aquagym-special-noel-mercredi-18-decembre-a-la-bresse\/#primaryimage"},"image":{"@id":"https:\/\/vosgesinfo.fr\/gerardmerinfo\/2024\/12\/aquagym-special-noel-mercredi-18-decembre-a-la-bresse\/#primaryimage"},"thumbnailUrl":"https:\/\/vosgesinfo.fr\/app\/uploads\/sites\/6\/2024\/12\/affiche-aquagym-noel-scaled-1.jpg","datePublished":"2024-12-10T14:27:08+00:00","dateModified":"2024-12-10T14:27:08+00:00","breadcrumb":{"@id":"https:\/\/vosgesinfo.fr\/gerardmerinfo\/2024\/12\/aquagym-special-noel-mercredi-18-decembre-a-la-bresse\/#breadcrumb"},"inLanguage":"fr-FR","potentialAction":[{"@type":"ReadAction","target":["https:\/\/vosgesinfo.fr\/gerardmerinfo\/2024\/12\/aquagym-special-noel-mercredi-18-decembre-a-la-bresse\/"]}]},{"@type":"ImageObject","inLanguage":"fr-FR","@id":"https:\/\/vosgesinfo.fr\/gerardmerinfo\/2024\/12\/aquagym-special-noel-mercredi-18-decembre-a-la-bresse\/#primaryimage","url":"https:\/\/vosgesinfo.fr\/app\/uploads\/sites\/6\/2024\/12\/affiche-aquagym-noel-scaled-1.jpg","contentUrl":"https:\/\/vosgesinfo.fr\/app\/uploads\/sites\/6\/2024\/12\/affiche-aquagym-noel-scaled-1.jpg","width":1810,"height":2560},{"@type":"BreadcrumbList","@id":"https:\/\/vosgesinfo.fr\/gerardmerinfo\/2024\/12\/aquagym-special-noel-mercredi-18-decembre-a-la-bresse\/#breadcrumb","itemListElement":[{"@type":"ListItem","position":1,"name":"Home","item":"https:\/\/vosgesinfo.fr\/gerardmerinfo\/"},{"@type":"ListItem","position":2,"name":"Aquagym sp\u00e9cial No\u00ebl mercredi 18 d\u00e9cembre \u00e0 La Bresse"}]},{"@type":"WebSite","@id":"https:\/\/vosgesinfo.fr\/gerardmerinfo\/#website","url":"https:\/\/vosgesinfo.fr\/gerardmerinfo\/","name":"Gerardmer Info","description":"Toute l&#039;actualit\u00e9 de G\u00e9rardmer","publisher":{"@id":"https:\/\/vosgesinfo.fr\/gerardmerinfo\/#organization"},"alternateName":"Toute l'actualit\u00e9 de G\u00e9rardmer","potentialAction":[{"@type":"SearchAction","target":{"@type":"EntryPoint","urlTemplate":"https:\/\/vosgesinfo.fr\/gerardmerinfo\/?s={search_term_string}"},"query-input":"required name=search_term_string"}],"inLanguage":"fr-FR"},{"@type":"Organization","@id":"https:\/\/vosgesinfo.fr\/gerardmerinfo\/#organization","name":"Gerardmer Info","url":"https:\/\/vosgesinfo.fr\/gerardmerinfo\/","logo":{"@type":"ImageObject","inLanguage":"fr-FR","@id":"https:\/\/vosgesinfo.fr\/gerardmerinfo\/#\/schema\/logo\/image\/","url":"https:\/\/vosgesinfo.fr\/app\/uploads\/sites\/6\/2023\/08\/favicon-gerardmerinfo.png","contentUrl":"https:\/\/vosgesinfo.fr\/app\/uploads\/sites\/6\/2023\/08\/favicon-gerardmerinfo.png","width":512,"height":512,"caption":"Gerardmer Info"},"image":{"@id":"https:\/\/vosgesinfo.fr\/gerardmerinfo\/#\/schema\/logo\/image\/"},"sameAs":["https:\/\/www.facebook.com\/profile.php?id=100049475262660","https:\/\/x.com\/VosgesInfo88","https:\/\/www.youtube.com\/@vosgesinfo"]},{"@type":"Person","@id":"https:\/\/vosgesinfo.fr\/gerardmerinfo\/#\/schema\/person\/27a3695b06db98895b354c0765cdfc31","name":"La redaction","image":{"@type":"ImageObject","inLanguage":"fr-FR","@id":"https:\/\/vosgesinfo.fr\/gerardmerinfo\/#\/schema\/person\/image\/","url":"https:\/\/secure.gravatar.com\/avatar\/64c76a78e501cedee55736f43f332df901e1896ae9cd8fad269ae2236dd0e8b6?s=96&d=mm&r=g","contentUrl":"https:\/\/secure.gravatar.com\/avatar\/64c76a78e501cedee55736f43f332df901e1896ae9cd8fad269ae2236dd0e8b6?s=96&d=mm&r=g","caption":"La redaction"},"url":"https:\/\/vosgesinfo.fr\/gerardmerinfo\/author\/la-redaction\/"}]}},"_links":{"self":[{"href":"https:\/\/vosgesinfo.fr\/gerardmerinfo\/wp-json\/wp\/v2\/posts\/71938","targetHints":{"allow":["GET"]}}],"collection":[{"href":"https:\/\/vosgesinfo.fr\/gerardmerinfo\/wp-json\/wp\/v2\/posts"}],"about":[{"href":"https:\/\/vosgesinfo.fr\/gerardmerinfo\/wp-json\/wp\/v2\/types\/post"}],"author":[{"embeddable":true,"href":"https:\/\/vosgesinfo.fr\/gerardmerinfo\/wp-json\/wp\/v2\/users\/391"}],"replies":[{"embeddable":true,"href":"https:\/\/vosgesinfo.fr\/gerardmerinfo\/wp-json\/wp\/v2\/comments?post=71938"}],"version-history":[{"count":0,"href":"https:\/\/vosgesinfo.fr\/gerardmerinfo\/wp-json\/wp\/v2\/posts\/71938\/revisions"}],"wp:featuredmedia":[{"embeddable":true,"href":"https:\/\/vosgesinfo.fr\/gerardmerinfo\/wp-json\/wp\/v2\/media\/71939"}],"wp:attachment":[{"href":"https:\/\/vosgesinfo.fr\/gerardmerinfo\/wp-json\/wp\/v2\/media?parent=71938"}],"wp:term":[{"taxonomy":"category","embeddable":true,"href":"https:\/\/vosgesinfo.fr\/gerardmerinfo\/wp-json\/wp\/v2\/categories?post=71938"},{"taxonomy":"post_tag","embeddable":true,"href":"https:\/\/vosgesinfo.fr\/gerardmerinfo\/wp-json\/wp\/v2\/tags?post=71938"}],"curies":[{"name":"wp","href":"https:\/\/api.w.org\/{rel}","templated":true}]}}