{"id":71971,"date":"2024-12-11T09:32:48","date_gmt":"2024-12-11T08:32:48","guid":{"rendered":"https:\/\/vosgesinfo.fr\/gerardmerinfo\/2024\/12\/patrimoine-vosgien-des-oeuvres-et-objets-en-bonne-voie-pour-une-reconnaissance-historique\/"},"modified":"2024-12-11T09:32:48","modified_gmt":"2024-12-11T08:32:48","slug":"patrimoine-vosgien-des-oeuvres-et-objets-en-bonne-voie-pour-une-reconnaissance-historique","status":"publish","type":"post","link":"https:\/\/vosgesinfo.fr\/gerardmerinfo\/2024\/12\/patrimoine-vosgien-des-oeuvres-et-objets-en-bonne-voie-pour-une-reconnaissance-historique\/","title":{"rendered":"Patrimoine vosgien : des \u0153uvres et objets en bonne voie pour une reconnaissance historique"},"content":{"rendered":"<p><a href=\"https:\/\/vosgesinfo.fr\/app\/uploads\/sites\/5\/2024\/12\/tableaux-contrex.jpg\"><img decoding=\"async\" class=\"aligncenter size-large wp-image-76439\" src=\"https:\/\/vosgesinfo.fr\/app\/uploads\/sites\/5\/2024\/12\/tableaux-contrex-1024x443.jpg\" alt=\"\" width=\"1024\" height=\"443\" \/><\/a><\/p>\n<p><strong>Vendredi dernier, la commission r\u00e9gionale du patrimoine et de l\u2019architecture, pr\u00e9sid\u00e9e depuis 2021 par David Valence, ancien d\u00e9put\u00e9 des Vosges, s\u2019est r\u00e9unie en visioconf\u00e9rence pour examiner divers dossiers de protection du patrimoine. Cette commission, qui regroupe \u00e9lus, repr\u00e9sentants du minist\u00e8re de la Culture, associations et experts, est divis\u00e9e en trois sections et a pour r\u00f4le d\u2019\u00e9valuer la valeur patrimoniale de b\u00e2timents, mais aussi d\u2019\u0153uvres et d\u2019objets.<span class=\"Apple-converted-space\">\u00a0<\/span><\/strong><\/p>\n<p><b>Des objets vosgiens au c\u0153ur des discussions<\/b><\/p>\n<p>Plusieurs dossiers concernaient les Vosges. Parmi eux :<\/p>\n<ul>\n<li><b><\/b><b>\u00c0 Eloyes<\/b> : l\u2019orgue de l\u2019\u00e9glise.<\/li>\n<li><b><\/b><b>\u00c0 Contrex\u00e9ville<\/b> : une croix en cristal et am\u00e9thystes datant du d\u00e9but du XIX\u1d49 si\u00e8cle, conserv\u00e9e dans la mairie apr\u00e8s avoir \u00e9t\u00e9 longtemps expos\u00e9e dans une \u00e9glise, ainsi que deux tableaux pr\u00e9sents dans la chapelle orthodoxe.<\/li>\n<li><b><\/b><b>\u00c0 La V\u00f4ge-les-Bains<\/b> : une machine \u00e0 clous datant des d\u00e9buts de l\u2019industrialisation, soumis par le propri\u00e9taire actuel de la Manufacture Royale.<\/li>\n<\/ul>\n<p>Ces \u00e9l\u00e9ments, d\u2019une grande valeur historique et patrimoniale, ont \u00e9t\u00e9 examin\u00e9s par la commission. Les propositions d\u2019inscription seront maintenant transmises au pr\u00e9fet de r\u00e9gion, qui prendra les arr\u00eat\u00e9s d\u00e9finitifs.<\/p>\n\n\t\t<style type=\"text\/css\">\n\t\t\t#gallery-1 {\n\t\t\t\tmargin: auto;\n\t\t\t}\n\t\t\t#gallery-1 .gallery-item {\n\t\t\t\tfloat: left;\n\t\t\t\tmargin-top: 10px;\n\t\t\t\ttext-align: center;\n\t\t\t\twidth: 33%;\n\t\t\t}\n\t\t\t#gallery-1 img {\n\t\t\t\tborder: 2px solid #cfcfcf;\n\t\t\t}\n\t\t\t#gallery-1 .gallery-caption {\n\t\t\t\tmargin-left: 0;\n\t\t\t}\n\t\t\t\/* see gallery_shortcode() in wp-includes\/media.php *\/\n\t\t<\/style>\n\t\t<div id='gallery-1' class='gallery galleryid-71971 gallery-columns-3 gallery-size-thumbnail'><dl class='gallery-item'>\n\t\t\t<dt class='gallery-icon portrait'>\n\t\t\t\t<a href='https:\/\/vosgesinfo.fr\/app\/uploads\/sites\/6\/2024\/12\/croix-contrex.jpg'><img decoding=\"async\" width=\"150\" height=\"150\" src=\"https:\/\/vosgesinfo.fr\/app\/uploads\/sites\/6\/2024\/12\/croix-contrex-150x150.jpg\" class=\"attachment-thumbnail size-thumbnail\" alt=\"\" \/><\/a>\n\t\t\t<\/dt><\/dl><dl class='gallery-item'>\n\t\t\t<dt class='gallery-icon portrait'>\n\t\t\t\t<a href='https:\/\/vosgesinfo.fr\/app\/uploads\/sites\/6\/2024\/12\/orgue-eloyes.jpg'><img decoding=\"async\" width=\"150\" height=\"150\" src=\"https:\/\/vosgesinfo.fr\/app\/uploads\/sites\/6\/2024\/12\/orgue-eloyes-150x150.jpg\" class=\"attachment-thumbnail size-thumbnail\" alt=\"\" \/><\/a>\n\t\t\t<\/dt><\/dl>\n\t\t\t<br style='clear: both' \/>\n\t\t<\/div>\n\n<p><b>Un processus rigoureux et collectif<\/b><\/p>\n<p>David Valence a d\u00e9taill\u00e9 la proc\u00e9dure d\u2019examen : des agents du minist\u00e8re de la Culture se d\u00e9placent sur site pour une premi\u00e8re \u00e9valuation avant que le dossier ne soit pr\u00e9sent\u00e9 \u00e0 la commission. Celle-ci vote ensuite sur l\u2019opportunit\u00e9 de proposer une inscription ou un classement. Une fois l\u2019avis favorable obtenu, le pr\u00e9fet de r\u00e9gion statue sur la d\u00e9cision finale.<\/p>\n<p>Le pr\u00e9sident a soulign\u00e9 que, pour les objets, les cons\u00e9quences en termes d\u2019urbanisme sont limit\u00e9es. Toutefois, en cas de restauration, des r\u00e8gles sp\u00e9cifiques doivent \u00eatre respect\u00e9es, notamment en faisant appel \u00e0 des artisans sp\u00e9cialis\u00e9s, ce qui permet \u00e9galement d\u2019acc\u00e9der \u00e0 des subventions.<\/p>\n<p><b>Un patrimoine vosgien r\u00e9guli\u00e8rement \u00e0 l\u2019honneur<\/b><\/p>\n<p>Les Vosges apparaissent r\u00e9guli\u00e8rement dans les travaux de la commission. Parmi les r\u00e9cents dossiers, on peut citer le chemin de croix de l\u2019\u00e9glise de Mortagne ou encore des tableaux suspendus dans l\u2019\u00e9glise de Plainfaing. Ces actions permettent de maintenir vivante la m\u00e9moire r\u00e9gionale tout en pr\u00e9servant des \u00e9l\u00e9ments pr\u00e9cieux pour les g\u00e9n\u00e9rations futures.<\/p>\n<p>Les d\u00e9cisions pour les objets examin\u00e9s vendredi dernier devraient \u00eatre officialis\u00e9es sous peu, confirmant une reconnaissance m\u00e9rit\u00e9e pour leur valeur patrimoniale exceptionnelle.<\/p>\n","protected":false},"excerpt":{"rendered":"<p>Vendredi dernier, la commission r\u00e9gionale du patrimoine et de l\u2019architecture, pr\u00e9sid\u00e9e depuis 2021 par David Valence, ancien d\u00e9put\u00e9 des Vosges, [&hellip;]<\/p>\n","protected":false},"author":418,"featured_media":71972,"comment_status":"open","ping_status":"open","sticky":false,"template":"","format":"standard","meta":{"footnotes":""},"categories":[20,878,25,328,6239,868,946],"tags":[6238,489],"class_list":["post-71971","post","type-post","status-publish","format-standard","has-post-thumbnail","hentry","category-a-la-une","category-epinal","category-gerardmer","category-la-plaine-des-vosges","category-patrimoine","category-remiremont","category-saint-die","tag-commission-regionale-du-patrimoine-et-de-larchitecture","tag-david-valence"],"acf":[],"yoast_head":"<!-- This site is optimized with the Yoast SEO plugin v22.5 - https:\/\/yoast.com\/wordpress\/plugins\/seo\/ -->\n<title>Patrimoine vosgien : des \u0153uvres et objets en bonne voie pour une reconnaissance historique - Gerardmer Info<\/title>\n<meta name=\"robots\" content=\"index, follow, max-snippet:-1, max-image-preview:large, max-video-preview:-1\" \/>\n<link rel=\"canonical\" href=\"https:\/\/vosgesinfo.fr\/gerardmerinfo\/2024\/12\/patrimoine-vosgien-des-oeuvres-et-objets-en-bonne-voie-pour-une-reconnaissance-historique\/\" \/>\n<meta name=\"twitter:card\" content=\"summary_large_image\" \/>\n<meta name=\"twitter:title\" content=\"Patrimoine vosgien : des \u0153uvres et objets en bonne voie pour une reconnaissance historique - Gerardmer Info\" \/>\n<meta name=\"twitter:description\" content=\"Vendredi dernier, la commission r\u00e9gionale du patrimoine et de l\u2019architecture, pr\u00e9sid\u00e9e depuis 2021 par David Valence, ancien d\u00e9put\u00e9 des Vosges, [&hellip;]\" \/>\n<meta name=\"twitter:image\" content=\"https:\/\/vosgesinfo.fr\/app\/uploads\/sites\/6\/2024\/12\/tableaux-contrex.jpg\" \/>\n<meta name=\"twitter:creator\" content=\"@VosgesInfo88\" \/>\n<meta name=\"twitter:site\" content=\"@VosgesInfo88\" \/>\n<meta name=\"twitter:label1\" content=\"\u00c9crit par\" \/>\n\t<meta name=\"twitter:data1\" content=\"C.M\" \/>\n\t<meta name=\"twitter:label2\" content=\"Dur\u00e9e de lecture estim\u00e9e\" \/>\n\t<meta name=\"twitter:data2\" content=\"2 minutes\" \/>\n<script type=\"application\/ld+json\" class=\"yoast-schema-graph\">{\"@context\":\"https:\/\/schema.org\",\"@graph\":[{\"@type\":\"Article\",\"@id\":\"https:\/\/vosgesinfo.fr\/gerardmerinfo\/2024\/12\/patrimoine-vosgien-des-oeuvres-et-objets-en-bonne-voie-pour-une-reconnaissance-historique\/#article\",\"isPartOf\":{\"@id\":\"https:\/\/vosgesinfo.fr\/gerardmerinfo\/2024\/12\/patrimoine-vosgien-des-oeuvres-et-objets-en-bonne-voie-pour-une-reconnaissance-historique\/\"},\"author\":{\"name\":\"C.M\",\"@id\":\"https:\/\/vosgesinfo.fr\/gerardmerinfo\/#\/schema\/person\/4f38cd3068e342935b7304695c797d08\"},\"headline\":\"Patrimoine vosgien : des \u0153uvres et objets en bonne voie pour une reconnaissance historique\",\"datePublished\":\"2024-12-11T08:32:48+00:00\",\"dateModified\":\"2024-12-11T08:32:48+00:00\",\"mainEntityOfPage\":{\"@id\":\"https:\/\/vosgesinfo.fr\/gerardmerinfo\/2024\/12\/patrimoine-vosgien-des-oeuvres-et-objets-en-bonne-voie-pour-une-reconnaissance-historique\/\"},\"wordCount\":447,\"commentCount\":1,\"publisher\":{\"@id\":\"https:\/\/vosgesinfo.fr\/gerardmerinfo\/#organization\"},\"image\":{\"@id\":\"https:\/\/vosgesinfo.fr\/gerardmerinfo\/2024\/12\/patrimoine-vosgien-des-oeuvres-et-objets-en-bonne-voie-pour-une-reconnaissance-historique\/#primaryimage\"},\"thumbnailUrl\":\"https:\/\/vosgesinfo.fr\/app\/uploads\/sites\/6\/2024\/12\/tableaux-contrex.jpg\",\"keywords\":[\"Commission r\u00e9gionale du patrimoine et de l'architecture\",\"david valence\"],\"articleSection\":[\"A la une\",\"Epinal\",\"G\u00e9rardmer\",\"La plaine des vosges\",\"Patrimoine\",\"Remiremont\",\"Saint-di\u00e9\"],\"inLanguage\":\"fr-FR\",\"potentialAction\":[{\"@type\":\"CommentAction\",\"name\":\"Comment\",\"target\":[\"https:\/\/vosgesinfo.fr\/gerardmerinfo\/2024\/12\/patrimoine-vosgien-des-oeuvres-et-objets-en-bonne-voie-pour-une-reconnaissance-historique\/#respond\"]}]},{\"@type\":\"WebPage\",\"@id\":\"https:\/\/vosgesinfo.fr\/gerardmerinfo\/2024\/12\/patrimoine-vosgien-des-oeuvres-et-objets-en-bonne-voie-pour-une-reconnaissance-historique\/\",\"url\":\"https:\/\/vosgesinfo.fr\/gerardmerinfo\/2024\/12\/patrimoine-vosgien-des-oeuvres-et-objets-en-bonne-voie-pour-une-reconnaissance-historique\/\",\"name\":\"Patrimoine vosgien : des \u0153uvres et objets en bonne voie pour une reconnaissance historique - Gerardmer Info\",\"isPartOf\":{\"@id\":\"https:\/\/vosgesinfo.fr\/gerardmerinfo\/#website\"},\"primaryImageOfPage\":{\"@id\":\"https:\/\/vosgesinfo.fr\/gerardmerinfo\/2024\/12\/patrimoine-vosgien-des-oeuvres-et-objets-en-bonne-voie-pour-une-reconnaissance-historique\/#primaryimage\"},\"image\":{\"@id\":\"https:\/\/vosgesinfo.fr\/gerardmerinfo\/2024\/12\/patrimoine-vosgien-des-oeuvres-et-objets-en-bonne-voie-pour-une-reconnaissance-historique\/#primaryimage\"},\"thumbnailUrl\":\"https:\/\/vosgesinfo.fr\/app\/uploads\/sites\/6\/2024\/12\/tableaux-contrex.jpg\",\"datePublished\":\"2024-12-11T08:32:48+00:00\",\"dateModified\":\"2024-12-11T08:32:48+00:00\",\"breadcrumb\":{\"@id\":\"https:\/\/vosgesinfo.fr\/gerardmerinfo\/2024\/12\/patrimoine-vosgien-des-oeuvres-et-objets-en-bonne-voie-pour-une-reconnaissance-historique\/#breadcrumb\"},\"inLanguage\":\"fr-FR\",\"potentialAction\":[{\"@type\":\"ReadAction\",\"target\":[\"https:\/\/vosgesinfo.fr\/gerardmerinfo\/2024\/12\/patrimoine-vosgien-des-oeuvres-et-objets-en-bonne-voie-pour-une-reconnaissance-historique\/\"]}]},{\"@type\":\"ImageObject\",\"inLanguage\":\"fr-FR\",\"@id\":\"https:\/\/vosgesinfo.fr\/gerardmerinfo\/2024\/12\/patrimoine-vosgien-des-oeuvres-et-objets-en-bonne-voie-pour-une-reconnaissance-historique\/#primaryimage\",\"url\":\"https:\/\/vosgesinfo.fr\/app\/uploads\/sites\/6\/2024\/12\/tableaux-contrex.jpg\",\"contentUrl\":\"https:\/\/vosgesinfo.fr\/app\/uploads\/sites\/6\/2024\/12\/tableaux-contrex.jpg\",\"width\":1253,\"height\":542},{\"@type\":\"BreadcrumbList\",\"@id\":\"https:\/\/vosgesinfo.fr\/gerardmerinfo\/2024\/12\/patrimoine-vosgien-des-oeuvres-et-objets-en-bonne-voie-pour-une-reconnaissance-historique\/#breadcrumb\",\"itemListElement\":[{\"@type\":\"ListItem\",\"position\":1,\"name\":\"Home\",\"item\":\"https:\/\/vosgesinfo.fr\/gerardmerinfo\/\"},{\"@type\":\"ListItem\",\"position\":2,\"name\":\"Patrimoine vosgien : des \u0153uvres et objets en bonne voie pour une reconnaissance historique\"}]},{\"@type\":\"WebSite\",\"@id\":\"https:\/\/vosgesinfo.fr\/gerardmerinfo\/#website\",\"url\":\"https:\/\/vosgesinfo.fr\/gerardmerinfo\/\",\"name\":\"Gerardmer Info\",\"description\":\"Toute l&#039;actualit\u00e9 de G\u00e9rardmer\",\"publisher\":{\"@id\":\"https:\/\/vosgesinfo.fr\/gerardmerinfo\/#organization\"},\"alternateName\":\"Toute l'actualit\u00e9 de G\u00e9rardmer\",\"potentialAction\":[{\"@type\":\"SearchAction\",\"target\":{\"@type\":\"EntryPoint\",\"urlTemplate\":\"https:\/\/vosgesinfo.fr\/gerardmerinfo\/?s={search_term_string}\"},\"query-input\":\"required name=search_term_string\"}],\"inLanguage\":\"fr-FR\"},{\"@type\":\"Organization\",\"@id\":\"https:\/\/vosgesinfo.fr\/gerardmerinfo\/#organization\",\"name\":\"Gerardmer Info\",\"url\":\"https:\/\/vosgesinfo.fr\/gerardmerinfo\/\",\"logo\":{\"@type\":\"ImageObject\",\"inLanguage\":\"fr-FR\",\"@id\":\"https:\/\/vosgesinfo.fr\/gerardmerinfo\/#\/schema\/logo\/image\/\",\"url\":\"https:\/\/vosgesinfo.fr\/app\/uploads\/sites\/6\/2023\/08\/favicon-gerardmerinfo.png\",\"contentUrl\":\"https:\/\/vosgesinfo.fr\/app\/uploads\/sites\/6\/2023\/08\/favicon-gerardmerinfo.png\",\"width\":512,\"height\":512,\"caption\":\"Gerardmer Info\"},\"image\":{\"@id\":\"https:\/\/vosgesinfo.fr\/gerardmerinfo\/#\/schema\/logo\/image\/\"},\"sameAs\":[\"https:\/\/www.facebook.com\/profile.php?id=100049475262660\",\"https:\/\/x.com\/VosgesInfo88\",\"https:\/\/www.youtube.com\/@vosgesinfo\"]},{\"@type\":\"Person\",\"@id\":\"https:\/\/vosgesinfo.fr\/gerardmerinfo\/#\/schema\/person\/4f38cd3068e342935b7304695c797d08\",\"name\":\"C.M\",\"image\":{\"@type\":\"ImageObject\",\"inLanguage\":\"fr-FR\",\"@id\":\"https:\/\/vosgesinfo.fr\/gerardmerinfo\/#\/schema\/person\/image\/\",\"url\":\"https:\/\/secure.gravatar.com\/avatar\/fe9daaef0164d920717484172682f3c5c9bcf7d42aa8c7048c76c34f0eb6c8da?s=96&d=mm&r=g\",\"contentUrl\":\"https:\/\/secure.gravatar.com\/avatar\/fe9daaef0164d920717484172682f3c5c9bcf7d42aa8c7048c76c34f0eb6c8da?s=96&d=mm&r=g\",\"caption\":\"C.M\"},\"url\":\"https:\/\/vosgesinfo.fr\/gerardmerinfo\/author\/cm88200\/\"}]}<\/script>\n<!-- \/ Yoast SEO plugin. -->","yoast_head_json":{"title":"Patrimoine vosgien : des \u0153uvres et objets en bonne voie pour une reconnaissance historique - Gerardmer Info","robots":{"index":"index","follow":"follow","max-snippet":"max-snippet:-1","max-image-preview":"max-image-preview:large","max-video-preview":"max-video-preview:-1"},"canonical":"https:\/\/vosgesinfo.fr\/gerardmerinfo\/2024\/12\/patrimoine-vosgien-des-oeuvres-et-objets-en-bonne-voie-pour-une-reconnaissance-historique\/","twitter_card":"summary_large_image","twitter_title":"Patrimoine vosgien : des \u0153uvres et objets en bonne voie pour une reconnaissance historique - Gerardmer Info","twitter_description":"Vendredi dernier, la commission r\u00e9gionale du patrimoine et de l\u2019architecture, pr\u00e9sid\u00e9e depuis 2021 par David Valence, ancien d\u00e9put\u00e9 des Vosges, [&hellip;]","twitter_image":"https:\/\/vosgesinfo.fr\/app\/uploads\/sites\/6\/2024\/12\/tableaux-contrex.jpg","twitter_creator":"@VosgesInfo88","twitter_site":"@VosgesInfo88","twitter_misc":{"\u00c9crit par":"C.M","Dur\u00e9e de lecture estim\u00e9e":"2 minutes"},"schema":{"@context":"https:\/\/schema.org","@graph":[{"@type":"Article","@id":"https:\/\/vosgesinfo.fr\/gerardmerinfo\/2024\/12\/patrimoine-vosgien-des-oeuvres-et-objets-en-bonne-voie-pour-une-reconnaissance-historique\/#article","isPartOf":{"@id":"https:\/\/vosgesinfo.fr\/gerardmerinfo\/2024\/12\/patrimoine-vosgien-des-oeuvres-et-objets-en-bonne-voie-pour-une-reconnaissance-historique\/"},"author":{"name":"C.M","@id":"https:\/\/vosgesinfo.fr\/gerardmerinfo\/#\/schema\/person\/4f38cd3068e342935b7304695c797d08"},"headline":"Patrimoine vosgien : des \u0153uvres et objets en bonne voie pour une reconnaissance historique","datePublished":"2024-12-11T08:32:48+00:00","dateModified":"2024-12-11T08:32:48+00:00","mainEntityOfPage":{"@id":"https:\/\/vosgesinfo.fr\/gerardmerinfo\/2024\/12\/patrimoine-vosgien-des-oeuvres-et-objets-en-bonne-voie-pour-une-reconnaissance-historique\/"},"wordCount":447,"commentCount":1,"publisher":{"@id":"https:\/\/vosgesinfo.fr\/gerardmerinfo\/#organization"},"image":{"@id":"https:\/\/vosgesinfo.fr\/gerardmerinfo\/2024\/12\/patrimoine-vosgien-des-oeuvres-et-objets-en-bonne-voie-pour-une-reconnaissance-historique\/#primaryimage"},"thumbnailUrl":"https:\/\/vosgesinfo.fr\/app\/uploads\/sites\/6\/2024\/12\/tableaux-contrex.jpg","keywords":["Commission r\u00e9gionale du patrimoine et de l'architecture","david valence"],"articleSection":["A la une","Epinal","G\u00e9rardmer","La plaine des vosges","Patrimoine","Remiremont","Saint-di\u00e9"],"inLanguage":"fr-FR","potentialAction":[{"@type":"CommentAction","name":"Comment","target":["https:\/\/vosgesinfo.fr\/gerardmerinfo\/2024\/12\/patrimoine-vosgien-des-oeuvres-et-objets-en-bonne-voie-pour-une-reconnaissance-historique\/#respond"]}]},{"@type":"WebPage","@id":"https:\/\/vosgesinfo.fr\/gerardmerinfo\/2024\/12\/patrimoine-vosgien-des-oeuvres-et-objets-en-bonne-voie-pour-une-reconnaissance-historique\/","url":"https:\/\/vosgesinfo.fr\/gerardmerinfo\/2024\/12\/patrimoine-vosgien-des-oeuvres-et-objets-en-bonne-voie-pour-une-reconnaissance-historique\/","name":"Patrimoine vosgien : des \u0153uvres et objets en bonne voie pour une reconnaissance historique - Gerardmer Info","isPartOf":{"@id":"https:\/\/vosgesinfo.fr\/gerardmerinfo\/#website"},"primaryImageOfPage":{"@id":"https:\/\/vosgesinfo.fr\/gerardmerinfo\/2024\/12\/patrimoine-vosgien-des-oeuvres-et-objets-en-bonne-voie-pour-une-reconnaissance-historique\/#primaryimage"},"image":{"@id":"https:\/\/vosgesinfo.fr\/gerardmerinfo\/2024\/12\/patrimoine-vosgien-des-oeuvres-et-objets-en-bonne-voie-pour-une-reconnaissance-historique\/#primaryimage"},"thumbnailUrl":"https:\/\/vosgesinfo.fr\/app\/uploads\/sites\/6\/2024\/12\/tableaux-contrex.jpg","datePublished":"2024-12-11T08:32:48+00:00","dateModified":"2024-12-11T08:32:48+00:00","breadcrumb":{"@id":"https:\/\/vosgesinfo.fr\/gerardmerinfo\/2024\/12\/patrimoine-vosgien-des-oeuvres-et-objets-en-bonne-voie-pour-une-reconnaissance-historique\/#breadcrumb"},"inLanguage":"fr-FR","potentialAction":[{"@type":"ReadAction","target":["https:\/\/vosgesinfo.fr\/gerardmerinfo\/2024\/12\/patrimoine-vosgien-des-oeuvres-et-objets-en-bonne-voie-pour-une-reconnaissance-historique\/"]}]},{"@type":"ImageObject","inLanguage":"fr-FR","@id":"https:\/\/vosgesinfo.fr\/gerardmerinfo\/2024\/12\/patrimoine-vosgien-des-oeuvres-et-objets-en-bonne-voie-pour-une-reconnaissance-historique\/#primaryimage","url":"https:\/\/vosgesinfo.fr\/app\/uploads\/sites\/6\/2024\/12\/tableaux-contrex.jpg","contentUrl":"https:\/\/vosgesinfo.fr\/app\/uploads\/sites\/6\/2024\/12\/tableaux-contrex.jpg","width":1253,"height":542},{"@type":"BreadcrumbList","@id":"https:\/\/vosgesinfo.fr\/gerardmerinfo\/2024\/12\/patrimoine-vosgien-des-oeuvres-et-objets-en-bonne-voie-pour-une-reconnaissance-historique\/#breadcrumb","itemListElement":[{"@type":"ListItem","position":1,"name":"Home","item":"https:\/\/vosgesinfo.fr\/gerardmerinfo\/"},{"@type":"ListItem","position":2,"name":"Patrimoine vosgien : des \u0153uvres et objets en bonne voie pour une reconnaissance historique"}]},{"@type":"WebSite","@id":"https:\/\/vosgesinfo.fr\/gerardmerinfo\/#website","url":"https:\/\/vosgesinfo.fr\/gerardmerinfo\/","name":"Gerardmer Info","description":"Toute l&#039;actualit\u00e9 de G\u00e9rardmer","publisher":{"@id":"https:\/\/vosgesinfo.fr\/gerardmerinfo\/#organization"},"alternateName":"Toute l'actualit\u00e9 de G\u00e9rardmer","potentialAction":[{"@type":"SearchAction","target":{"@type":"EntryPoint","urlTemplate":"https:\/\/vosgesinfo.fr\/gerardmerinfo\/?s={search_term_string}"},"query-input":"required name=search_term_string"}],"inLanguage":"fr-FR"},{"@type":"Organization","@id":"https:\/\/vosgesinfo.fr\/gerardmerinfo\/#organization","name":"Gerardmer Info","url":"https:\/\/vosgesinfo.fr\/gerardmerinfo\/","logo":{"@type":"ImageObject","inLanguage":"fr-FR","@id":"https:\/\/vosgesinfo.fr\/gerardmerinfo\/#\/schema\/logo\/image\/","url":"https:\/\/vosgesinfo.fr\/app\/uploads\/sites\/6\/2023\/08\/favicon-gerardmerinfo.png","contentUrl":"https:\/\/vosgesinfo.fr\/app\/uploads\/sites\/6\/2023\/08\/favicon-gerardmerinfo.png","width":512,"height":512,"caption":"Gerardmer Info"},"image":{"@id":"https:\/\/vosgesinfo.fr\/gerardmerinfo\/#\/schema\/logo\/image\/"},"sameAs":["https:\/\/www.facebook.com\/profile.php?id=100049475262660","https:\/\/x.com\/VosgesInfo88","https:\/\/www.youtube.com\/@vosgesinfo"]},{"@type":"Person","@id":"https:\/\/vosgesinfo.fr\/gerardmerinfo\/#\/schema\/person\/4f38cd3068e342935b7304695c797d08","name":"C.M","image":{"@type":"ImageObject","inLanguage":"fr-FR","@id":"https:\/\/vosgesinfo.fr\/gerardmerinfo\/#\/schema\/person\/image\/","url":"https:\/\/secure.gravatar.com\/avatar\/fe9daaef0164d920717484172682f3c5c9bcf7d42aa8c7048c76c34f0eb6c8da?s=96&d=mm&r=g","contentUrl":"https:\/\/secure.gravatar.com\/avatar\/fe9daaef0164d920717484172682f3c5c9bcf7d42aa8c7048c76c34f0eb6c8da?s=96&d=mm&r=g","caption":"C.M"},"url":"https:\/\/vosgesinfo.fr\/gerardmerinfo\/author\/cm88200\/"}]}},"_links":{"self":[{"href":"https:\/\/vosgesinfo.fr\/gerardmerinfo\/wp-json\/wp\/v2\/posts\/71971","targetHints":{"allow":["GET"]}}],"collection":[{"href":"https:\/\/vosgesinfo.fr\/gerardmerinfo\/wp-json\/wp\/v2\/posts"}],"about":[{"href":"https:\/\/vosgesinfo.fr\/gerardmerinfo\/wp-json\/wp\/v2\/types\/post"}],"author":[{"embeddable":true,"href":"https:\/\/vosgesinfo.fr\/gerardmerinfo\/wp-json\/wp\/v2\/users\/418"}],"replies":[{"embeddable":true,"href":"https:\/\/vosgesinfo.fr\/gerardmerinfo\/wp-json\/wp\/v2\/comments?post=71971"}],"version-history":[{"count":0,"href":"https:\/\/vosgesinfo.fr\/gerardmerinfo\/wp-json\/wp\/v2\/posts\/71971\/revisions"}],"wp:featuredmedia":[{"embeddable":true,"href":"https:\/\/vosgesinfo.fr\/gerardmerinfo\/wp-json\/wp\/v2\/media\/71972"}],"wp:attachment":[{"href":"https:\/\/vosgesinfo.fr\/gerardmerinfo\/wp-json\/wp\/v2\/media?parent=71971"}],"wp:term":[{"taxonomy":"category","embeddable":true,"href":"https:\/\/vosgesinfo.fr\/gerardmerinfo\/wp-json\/wp\/v2\/categories?post=71971"},{"taxonomy":"post_tag","embeddable":true,"href":"https:\/\/vosgesinfo.fr\/gerardmerinfo\/wp-json\/wp\/v2\/tags?post=71971"}],"curies":[{"name":"wp","href":"https:\/\/api.w.org\/{rel}","templated":true}]}}