{"id":725,"date":"2024-01-17T04:59:52","date_gmt":"2024-01-17T03:59:52","guid":{"rendered":"https:\/\/vosgesinfo.fr\/gerardmerinfo\/2024\/01\/rochesson-les-apprentis-skieurs-rencontrent-les-futurs-moniteurs\/"},"modified":"2024-01-17T04:59:52","modified_gmt":"2024-01-17T03:59:52","slug":"rochesson-les-apprentis-skieurs-rencontrent-les-futurs-moniteurs","status":"publish","type":"post","link":"https:\/\/vosgesinfo.fr\/gerardmerinfo\/2024\/01\/rochesson-les-apprentis-skieurs-rencontrent-les-futurs-moniteurs\/","title":{"rendered":"Rochesson : les apprentis skieurs rencontrent les futurs moniteurs"},"content":{"rendered":"<h3 align=\"justify\"><span style=\"font-family: Calibri, serif;\"><a href=\"https:\/\/gerardmerinfo.fr\/wp-content\/uploads\/2024\/01\/haie-griselle-ecole-rochesson-ski-1.jpg\"><img decoding=\"async\" class=\"aligncenter size-large wp-image-214576\" src=\"https:\/\/vosgesinfo.fr\/app\/uploads\/sites\/6\/2024\/01\/haie-griselle-ecole-rochesson-ski-1.jpg\" alt=\"haie griselle ecole rochesson ski (1)\" width=\"960\" height=\"720\" \/><\/a><\/span><\/h3>\n<h3 align=\"justify\"><span style=\"font-family: Calibri, serif;\">Depuis quelques ann\u00e9es maintenant, un v\u00e9ritable partenariat s\u2019est install\u00e9 entre l\u2019\u00e9cole primaire de Rochesson et les lyc\u00e9ens de la Haie Griselle inscrits \u00e0 la section DE de ski de fond. <\/span><\/h3>\n<p align=\"justify\"><span style=\"font-family: Calibri, serif; font-size: 14pt;\"><a href=\"https:\/\/gerardmerinfo.fr\/wp-content\/uploads\/2024\/01\/haie-griselle-ecole-rochesson-ski-2.jpg\"><img decoding=\"async\" class=\"alignright size-medium wp-image-214577\" src=\"https:\/\/vosgesinfo.fr\/app\/uploads\/sites\/6\/2024\/01\/haie-griselle-ecole-rochesson-ski-2.jpg\" alt=\"haie griselle ecole rochesson ski (2)\" width=\"191\" height=\"255\" \/><\/a>Chaque hiver, les pistes de ski des domaines de G\u00e9rardmer ou de La Bresse repr\u00e9sentent un excellent terrain d\u2019\u00e9change interg\u00e9n\u00e9rationnel puisque les apprentis skieurs Rochenats ont rendez-vous tous les vendredis apr\u00e8s-midis avec les apprentis moniteurs de ski de fond\u00a0! <\/span><\/p>\n<p align=\"justify\"><span style=\"font-family: Calibri, serif; font-size: 14pt;\">Sous couvert de l\u2019Ecole de Ski Fran\u00e7ais, les adolescents accompagnent les s\u00e9ances et prennent en charge l\u2019organisation et le d\u00e9roulement des activit\u00e9s. Une d\u00e9couverte du milieu professionnel et du monitorat de ski de fond leur est ainsi propos\u00e9e en compl\u00e9mentarit\u00e9 des s\u00e9ances d\u2019entra\u00eenement qu\u2019ils peuvent suivre avec leur encadrant, G\u00e9rald GROSJEAN. En plus des parents agr\u00e9\u00e9s, les plus petits ont la chance de pouvoir \u00eatre encadr\u00e9s par de jeunes comp\u00e9titeurs, responsables et tr\u00e8s \u00e0 l\u2019\u00e9coute\u2026 <\/span><\/p>\n<p align=\"justify\"><span style=\"font-family: Calibri, serif; font-size: 14pt;\">Ainsi, les plus \u00e2g\u00e9s, exp\u00e9riment\u00e9s se pr\u00e9parent \u00e0 transmettre leurs savoirs faire, leurs apports techniques mais aussi toutes les valeurs du sport exigeant que repr\u00e9sente le ski de fond et les plus petits \u00e9coliers se pr\u00e9parent \u00e0 arpenter toutes les pistes du massif\u00a0!! Un v\u00e9ritable moment d\u2019\u00e9changes, de convivialit\u00e9 permis gr\u00e2ce \u00e0 une convention instaur\u00e9e entre l\u2019\u00e9cole primaire et le lyc\u00e9e\u2026 et un beau moyen de faire progresser petits et grands skieurs\u00a0!!<\/span><\/p>\n<p>&nbsp;<\/p>\n\n","protected":false},"excerpt":{"rendered":"<p>Depuis quelques ann\u00e9es maintenant, un v\u00e9ritable partenariat s\u2019est install\u00e9 entre l\u2019\u00e9cole primaire de Rochesson et les lyc\u00e9ens de la Haie [&hellip;]<\/p>\n","protected":false},"author":1,"featured_media":723,"comment_status":"open","ping_status":"open","sticky":false,"template":"","format":"standard","meta":{"footnotes":""},"categories":[20,6,14,18],"tags":[160,161],"class_list":["post-725","post","type-post","status-publish","format-standard","has-post-thumbnail","hentry","category-a-la-une","category-education","category-sport","category-vosges","tag-lycee-de-la-haie-griselle","tag-rochesson"],"acf":[],"yoast_head":"<!-- This site is optimized with the Yoast SEO plugin v22.5 - https:\/\/yoast.com\/wordpress\/plugins\/seo\/ -->\n<title>Rochesson : les apprentis skieurs rencontrent les futurs moniteurs - Gerardmer Info<\/title>\n<meta name=\"robots\" content=\"index, follow, max-snippet:-1, max-image-preview:large, max-video-preview:-1\" \/>\n<link rel=\"canonical\" href=\"https:\/\/vosgesinfo.fr\/gerardmerinfo\/2024\/01\/rochesson-les-apprentis-skieurs-rencontrent-les-futurs-moniteurs\/\" \/>\n<meta name=\"twitter:card\" content=\"summary_large_image\" \/>\n<meta name=\"twitter:title\" content=\"Rochesson : les apprentis skieurs rencontrent les futurs moniteurs - Gerardmer Info\" \/>\n<meta name=\"twitter:description\" content=\"Depuis quelques ann\u00e9es maintenant, un v\u00e9ritable partenariat s\u2019est install\u00e9 entre l\u2019\u00e9cole primaire de Rochesson et les lyc\u00e9ens de la Haie [&hellip;]\" \/>\n<meta name=\"twitter:image\" content=\"https:\/\/vosgesinfo.fr\/app\/uploads\/sites\/6\/2024\/01\/haie-griselle-ecole-rochesson-ski-1.jpg\" \/>\n<meta name=\"twitter:creator\" content=\"@VosgesInfo88\" \/>\n<meta name=\"twitter:site\" content=\"@VosgesInfo88\" \/>\n<meta name=\"twitter:label1\" content=\"\u00c9crit par\" \/>\n\t<meta name=\"twitter:data1\" content=\"qs_admin\" \/>\n\t<meta name=\"twitter:label2\" content=\"Dur\u00e9e de lecture estim\u00e9e\" \/>\n\t<meta name=\"twitter:data2\" content=\"1 minute\" \/>\n<script type=\"application\/ld+json\" class=\"yoast-schema-graph\">{\"@context\":\"https:\/\/schema.org\",\"@graph\":[{\"@type\":\"Article\",\"@id\":\"https:\/\/vosgesinfo.fr\/gerardmerinfo\/2024\/01\/rochesson-les-apprentis-skieurs-rencontrent-les-futurs-moniteurs\/#article\",\"isPartOf\":{\"@id\":\"https:\/\/vosgesinfo.fr\/gerardmerinfo\/2024\/01\/rochesson-les-apprentis-skieurs-rencontrent-les-futurs-moniteurs\/\"},\"author\":{\"name\":\"qs_admin\",\"@id\":\"https:\/\/vosgesinfo.fr\/gerardmerinfo\/#\/schema\/person\/bc5d02d71e6932e81b6dadb7386667b1\"},\"headline\":\"Rochesson : les apprentis skieurs rencontrent les futurs moniteurs\",\"datePublished\":\"2024-01-17T03:59:52+00:00\",\"dateModified\":\"2024-01-17T03:59:52+00:00\",\"mainEntityOfPage\":{\"@id\":\"https:\/\/vosgesinfo.fr\/gerardmerinfo\/2024\/01\/rochesson-les-apprentis-skieurs-rencontrent-les-futurs-moniteurs\/\"},\"wordCount\":270,\"commentCount\":0,\"publisher\":{\"@id\":\"https:\/\/vosgesinfo.fr\/gerardmerinfo\/#organization\"},\"image\":{\"@id\":\"https:\/\/vosgesinfo.fr\/gerardmerinfo\/2024\/01\/rochesson-les-apprentis-skieurs-rencontrent-les-futurs-moniteurs\/#primaryimage\"},\"thumbnailUrl\":\"https:\/\/vosgesinfo.fr\/app\/uploads\/sites\/6\/2024\/01\/haie-griselle-ecole-rochesson-ski-1.jpg\",\"keywords\":[\"lyc\u00e9e de la haie griselle\",\"Rochesson\"],\"articleSection\":[\"A la une\",\"\u00c9ducation\",\"Sport\",\"Vosges\"],\"inLanguage\":\"fr-FR\",\"potentialAction\":[{\"@type\":\"CommentAction\",\"name\":\"Comment\",\"target\":[\"https:\/\/vosgesinfo.fr\/gerardmerinfo\/2024\/01\/rochesson-les-apprentis-skieurs-rencontrent-les-futurs-moniteurs\/#respond\"]}]},{\"@type\":\"WebPage\",\"@id\":\"https:\/\/vosgesinfo.fr\/gerardmerinfo\/2024\/01\/rochesson-les-apprentis-skieurs-rencontrent-les-futurs-moniteurs\/\",\"url\":\"https:\/\/vosgesinfo.fr\/gerardmerinfo\/2024\/01\/rochesson-les-apprentis-skieurs-rencontrent-les-futurs-moniteurs\/\",\"name\":\"Rochesson : les apprentis skieurs rencontrent les futurs moniteurs - Gerardmer Info\",\"isPartOf\":{\"@id\":\"https:\/\/vosgesinfo.fr\/gerardmerinfo\/#website\"},\"primaryImageOfPage\":{\"@id\":\"https:\/\/vosgesinfo.fr\/gerardmerinfo\/2024\/01\/rochesson-les-apprentis-skieurs-rencontrent-les-futurs-moniteurs\/#primaryimage\"},\"image\":{\"@id\":\"https:\/\/vosgesinfo.fr\/gerardmerinfo\/2024\/01\/rochesson-les-apprentis-skieurs-rencontrent-les-futurs-moniteurs\/#primaryimage\"},\"thumbnailUrl\":\"https:\/\/vosgesinfo.fr\/app\/uploads\/sites\/6\/2024\/01\/haie-griselle-ecole-rochesson-ski-1.jpg\",\"datePublished\":\"2024-01-17T03:59:52+00:00\",\"dateModified\":\"2024-01-17T03:59:52+00:00\",\"breadcrumb\":{\"@id\":\"https:\/\/vosgesinfo.fr\/gerardmerinfo\/2024\/01\/rochesson-les-apprentis-skieurs-rencontrent-les-futurs-moniteurs\/#breadcrumb\"},\"inLanguage\":\"fr-FR\",\"potentialAction\":[{\"@type\":\"ReadAction\",\"target\":[\"https:\/\/vosgesinfo.fr\/gerardmerinfo\/2024\/01\/rochesson-les-apprentis-skieurs-rencontrent-les-futurs-moniteurs\/\"]}]},{\"@type\":\"ImageObject\",\"inLanguage\":\"fr-FR\",\"@id\":\"https:\/\/vosgesinfo.fr\/gerardmerinfo\/2024\/01\/rochesson-les-apprentis-skieurs-rencontrent-les-futurs-moniteurs\/#primaryimage\",\"url\":\"https:\/\/vosgesinfo.fr\/app\/uploads\/sites\/6\/2024\/01\/haie-griselle-ecole-rochesson-ski-1.jpg\",\"contentUrl\":\"https:\/\/vosgesinfo.fr\/app\/uploads\/sites\/6\/2024\/01\/haie-griselle-ecole-rochesson-ski-1.jpg\",\"width\":1600,\"height\":1200},{\"@type\":\"BreadcrumbList\",\"@id\":\"https:\/\/vosgesinfo.fr\/gerardmerinfo\/2024\/01\/rochesson-les-apprentis-skieurs-rencontrent-les-futurs-moniteurs\/#breadcrumb\",\"itemListElement\":[{\"@type\":\"ListItem\",\"position\":1,\"name\":\"Home\",\"item\":\"https:\/\/vosgesinfo.fr\/gerardmerinfo\/\"},{\"@type\":\"ListItem\",\"position\":2,\"name\":\"Rochesson : les apprentis skieurs rencontrent les futurs moniteurs\"}]},{\"@type\":\"WebSite\",\"@id\":\"https:\/\/vosgesinfo.fr\/gerardmerinfo\/#website\",\"url\":\"https:\/\/vosgesinfo.fr\/gerardmerinfo\/\",\"name\":\"Gerardmer Info\",\"description\":\"Toute l&#039;actualit\u00e9 de G\u00e9rardmer\",\"publisher\":{\"@id\":\"https:\/\/vosgesinfo.fr\/gerardmerinfo\/#organization\"},\"alternateName\":\"Toute l'actualit\u00e9 de G\u00e9rardmer\",\"potentialAction\":[{\"@type\":\"SearchAction\",\"target\":{\"@type\":\"EntryPoint\",\"urlTemplate\":\"https:\/\/vosgesinfo.fr\/gerardmerinfo\/?s={search_term_string}\"},\"query-input\":\"required name=search_term_string\"}],\"inLanguage\":\"fr-FR\"},{\"@type\":\"Organization\",\"@id\":\"https:\/\/vosgesinfo.fr\/gerardmerinfo\/#organization\",\"name\":\"Gerardmer Info\",\"url\":\"https:\/\/vosgesinfo.fr\/gerardmerinfo\/\",\"logo\":{\"@type\":\"ImageObject\",\"inLanguage\":\"fr-FR\",\"@id\":\"https:\/\/vosgesinfo.fr\/gerardmerinfo\/#\/schema\/logo\/image\/\",\"url\":\"https:\/\/vosgesinfo.fr\/app\/uploads\/sites\/6\/2023\/08\/favicon-gerardmerinfo.png\",\"contentUrl\":\"https:\/\/vosgesinfo.fr\/app\/uploads\/sites\/6\/2023\/08\/favicon-gerardmerinfo.png\",\"width\":512,\"height\":512,\"caption\":\"Gerardmer Info\"},\"image\":{\"@id\":\"https:\/\/vosgesinfo.fr\/gerardmerinfo\/#\/schema\/logo\/image\/\"},\"sameAs\":[\"https:\/\/www.facebook.com\/profile.php?id=100049475262660\",\"https:\/\/x.com\/VosgesInfo88\",\"https:\/\/www.youtube.com\/@vosgesinfo\"]},{\"@type\":\"Person\",\"@id\":\"https:\/\/vosgesinfo.fr\/gerardmerinfo\/#\/schema\/person\/bc5d02d71e6932e81b6dadb7386667b1\",\"name\":\"qs_admin\",\"image\":{\"@type\":\"ImageObject\",\"inLanguage\":\"fr-FR\",\"@id\":\"https:\/\/vosgesinfo.fr\/gerardmerinfo\/#\/schema\/person\/image\/\",\"url\":\"https:\/\/secure.gravatar.com\/avatar\/94b18ee0ed79e4a42ea2f2931277b6841a8999fc6fde214600c78057cf1fe1de?s=96&d=mm&r=g\",\"contentUrl\":\"https:\/\/secure.gravatar.com\/avatar\/94b18ee0ed79e4a42ea2f2931277b6841a8999fc6fde214600c78057cf1fe1de?s=96&d=mm&r=g\",\"caption\":\"qs_admin\"},\"sameAs\":[\"https:\/\/vosgesinfo.fr\/wp\"],\"url\":\"https:\/\/vosgesinfo.fr\/gerardmerinfo\/author\/qs_admin\/\"}]}<\/script>\n<!-- \/ Yoast SEO plugin. -->","yoast_head_json":{"title":"Rochesson : les apprentis skieurs rencontrent les futurs moniteurs - Gerardmer Info","robots":{"index":"index","follow":"follow","max-snippet":"max-snippet:-1","max-image-preview":"max-image-preview:large","max-video-preview":"max-video-preview:-1"},"canonical":"https:\/\/vosgesinfo.fr\/gerardmerinfo\/2024\/01\/rochesson-les-apprentis-skieurs-rencontrent-les-futurs-moniteurs\/","twitter_card":"summary_large_image","twitter_title":"Rochesson : les apprentis skieurs rencontrent les futurs moniteurs - Gerardmer Info","twitter_description":"Depuis quelques ann\u00e9es maintenant, un v\u00e9ritable partenariat s\u2019est install\u00e9 entre l\u2019\u00e9cole primaire de Rochesson et les lyc\u00e9ens de la Haie [&hellip;]","twitter_image":"https:\/\/vosgesinfo.fr\/app\/uploads\/sites\/6\/2024\/01\/haie-griselle-ecole-rochesson-ski-1.jpg","twitter_creator":"@VosgesInfo88","twitter_site":"@VosgesInfo88","twitter_misc":{"\u00c9crit par":"qs_admin","Dur\u00e9e de lecture estim\u00e9e":"1 minute"},"schema":{"@context":"https:\/\/schema.org","@graph":[{"@type":"Article","@id":"https:\/\/vosgesinfo.fr\/gerardmerinfo\/2024\/01\/rochesson-les-apprentis-skieurs-rencontrent-les-futurs-moniteurs\/#article","isPartOf":{"@id":"https:\/\/vosgesinfo.fr\/gerardmerinfo\/2024\/01\/rochesson-les-apprentis-skieurs-rencontrent-les-futurs-moniteurs\/"},"author":{"name":"qs_admin","@id":"https:\/\/vosgesinfo.fr\/gerardmerinfo\/#\/schema\/person\/bc5d02d71e6932e81b6dadb7386667b1"},"headline":"Rochesson : les apprentis skieurs rencontrent les futurs moniteurs","datePublished":"2024-01-17T03:59:52+00:00","dateModified":"2024-01-17T03:59:52+00:00","mainEntityOfPage":{"@id":"https:\/\/vosgesinfo.fr\/gerardmerinfo\/2024\/01\/rochesson-les-apprentis-skieurs-rencontrent-les-futurs-moniteurs\/"},"wordCount":270,"commentCount":0,"publisher":{"@id":"https:\/\/vosgesinfo.fr\/gerardmerinfo\/#organization"},"image":{"@id":"https:\/\/vosgesinfo.fr\/gerardmerinfo\/2024\/01\/rochesson-les-apprentis-skieurs-rencontrent-les-futurs-moniteurs\/#primaryimage"},"thumbnailUrl":"https:\/\/vosgesinfo.fr\/app\/uploads\/sites\/6\/2024\/01\/haie-griselle-ecole-rochesson-ski-1.jpg","keywords":["lyc\u00e9e de la haie griselle","Rochesson"],"articleSection":["A la une","\u00c9ducation","Sport","Vosges"],"inLanguage":"fr-FR","potentialAction":[{"@type":"CommentAction","name":"Comment","target":["https:\/\/vosgesinfo.fr\/gerardmerinfo\/2024\/01\/rochesson-les-apprentis-skieurs-rencontrent-les-futurs-moniteurs\/#respond"]}]},{"@type":"WebPage","@id":"https:\/\/vosgesinfo.fr\/gerardmerinfo\/2024\/01\/rochesson-les-apprentis-skieurs-rencontrent-les-futurs-moniteurs\/","url":"https:\/\/vosgesinfo.fr\/gerardmerinfo\/2024\/01\/rochesson-les-apprentis-skieurs-rencontrent-les-futurs-moniteurs\/","name":"Rochesson : les apprentis skieurs rencontrent les futurs moniteurs - Gerardmer Info","isPartOf":{"@id":"https:\/\/vosgesinfo.fr\/gerardmerinfo\/#website"},"primaryImageOfPage":{"@id":"https:\/\/vosgesinfo.fr\/gerardmerinfo\/2024\/01\/rochesson-les-apprentis-skieurs-rencontrent-les-futurs-moniteurs\/#primaryimage"},"image":{"@id":"https:\/\/vosgesinfo.fr\/gerardmerinfo\/2024\/01\/rochesson-les-apprentis-skieurs-rencontrent-les-futurs-moniteurs\/#primaryimage"},"thumbnailUrl":"https:\/\/vosgesinfo.fr\/app\/uploads\/sites\/6\/2024\/01\/haie-griselle-ecole-rochesson-ski-1.jpg","datePublished":"2024-01-17T03:59:52+00:00","dateModified":"2024-01-17T03:59:52+00:00","breadcrumb":{"@id":"https:\/\/vosgesinfo.fr\/gerardmerinfo\/2024\/01\/rochesson-les-apprentis-skieurs-rencontrent-les-futurs-moniteurs\/#breadcrumb"},"inLanguage":"fr-FR","potentialAction":[{"@type":"ReadAction","target":["https:\/\/vosgesinfo.fr\/gerardmerinfo\/2024\/01\/rochesson-les-apprentis-skieurs-rencontrent-les-futurs-moniteurs\/"]}]},{"@type":"ImageObject","inLanguage":"fr-FR","@id":"https:\/\/vosgesinfo.fr\/gerardmerinfo\/2024\/01\/rochesson-les-apprentis-skieurs-rencontrent-les-futurs-moniteurs\/#primaryimage","url":"https:\/\/vosgesinfo.fr\/app\/uploads\/sites\/6\/2024\/01\/haie-griselle-ecole-rochesson-ski-1.jpg","contentUrl":"https:\/\/vosgesinfo.fr\/app\/uploads\/sites\/6\/2024\/01\/haie-griselle-ecole-rochesson-ski-1.jpg","width":1600,"height":1200},{"@type":"BreadcrumbList","@id":"https:\/\/vosgesinfo.fr\/gerardmerinfo\/2024\/01\/rochesson-les-apprentis-skieurs-rencontrent-les-futurs-moniteurs\/#breadcrumb","itemListElement":[{"@type":"ListItem","position":1,"name":"Home","item":"https:\/\/vosgesinfo.fr\/gerardmerinfo\/"},{"@type":"ListItem","position":2,"name":"Rochesson : les apprentis skieurs rencontrent les futurs moniteurs"}]},{"@type":"WebSite","@id":"https:\/\/vosgesinfo.fr\/gerardmerinfo\/#website","url":"https:\/\/vosgesinfo.fr\/gerardmerinfo\/","name":"Gerardmer Info","description":"Toute l&#039;actualit\u00e9 de G\u00e9rardmer","publisher":{"@id":"https:\/\/vosgesinfo.fr\/gerardmerinfo\/#organization"},"alternateName":"Toute l'actualit\u00e9 de G\u00e9rardmer","potentialAction":[{"@type":"SearchAction","target":{"@type":"EntryPoint","urlTemplate":"https:\/\/vosgesinfo.fr\/gerardmerinfo\/?s={search_term_string}"},"query-input":"required name=search_term_string"}],"inLanguage":"fr-FR"},{"@type":"Organization","@id":"https:\/\/vosgesinfo.fr\/gerardmerinfo\/#organization","name":"Gerardmer Info","url":"https:\/\/vosgesinfo.fr\/gerardmerinfo\/","logo":{"@type":"ImageObject","inLanguage":"fr-FR","@id":"https:\/\/vosgesinfo.fr\/gerardmerinfo\/#\/schema\/logo\/image\/","url":"https:\/\/vosgesinfo.fr\/app\/uploads\/sites\/6\/2023\/08\/favicon-gerardmerinfo.png","contentUrl":"https:\/\/vosgesinfo.fr\/app\/uploads\/sites\/6\/2023\/08\/favicon-gerardmerinfo.png","width":512,"height":512,"caption":"Gerardmer Info"},"image":{"@id":"https:\/\/vosgesinfo.fr\/gerardmerinfo\/#\/schema\/logo\/image\/"},"sameAs":["https:\/\/www.facebook.com\/profile.php?id=100049475262660","https:\/\/x.com\/VosgesInfo88","https:\/\/www.youtube.com\/@vosgesinfo"]},{"@type":"Person","@id":"https:\/\/vosgesinfo.fr\/gerardmerinfo\/#\/schema\/person\/bc5d02d71e6932e81b6dadb7386667b1","name":"qs_admin","image":{"@type":"ImageObject","inLanguage":"fr-FR","@id":"https:\/\/vosgesinfo.fr\/gerardmerinfo\/#\/schema\/person\/image\/","url":"https:\/\/secure.gravatar.com\/avatar\/94b18ee0ed79e4a42ea2f2931277b6841a8999fc6fde214600c78057cf1fe1de?s=96&d=mm&r=g","contentUrl":"https:\/\/secure.gravatar.com\/avatar\/94b18ee0ed79e4a42ea2f2931277b6841a8999fc6fde214600c78057cf1fe1de?s=96&d=mm&r=g","caption":"qs_admin"},"sameAs":["https:\/\/vosgesinfo.fr\/wp"],"url":"https:\/\/vosgesinfo.fr\/gerardmerinfo\/author\/qs_admin\/"}]}},"_links":{"self":[{"href":"https:\/\/vosgesinfo.fr\/gerardmerinfo\/wp-json\/wp\/v2\/posts\/725","targetHints":{"allow":["GET"]}}],"collection":[{"href":"https:\/\/vosgesinfo.fr\/gerardmerinfo\/wp-json\/wp\/v2\/posts"}],"about":[{"href":"https:\/\/vosgesinfo.fr\/gerardmerinfo\/wp-json\/wp\/v2\/types\/post"}],"author":[{"embeddable":true,"href":"https:\/\/vosgesinfo.fr\/gerardmerinfo\/wp-json\/wp\/v2\/users\/1"}],"replies":[{"embeddable":true,"href":"https:\/\/vosgesinfo.fr\/gerardmerinfo\/wp-json\/wp\/v2\/comments?post=725"}],"version-history":[{"count":0,"href":"https:\/\/vosgesinfo.fr\/gerardmerinfo\/wp-json\/wp\/v2\/posts\/725\/revisions"}],"wp:featuredmedia":[{"embeddable":true,"href":"https:\/\/vosgesinfo.fr\/gerardmerinfo\/wp-json\/wp\/v2\/media\/723"}],"wp:attachment":[{"href":"https:\/\/vosgesinfo.fr\/gerardmerinfo\/wp-json\/wp\/v2\/media?parent=725"}],"wp:term":[{"taxonomy":"category","embeddable":true,"href":"https:\/\/vosgesinfo.fr\/gerardmerinfo\/wp-json\/wp\/v2\/categories?post=725"},{"taxonomy":"post_tag","embeddable":true,"href":"https:\/\/vosgesinfo.fr\/gerardmerinfo\/wp-json\/wp\/v2\/tags?post=725"}],"curies":[{"name":"wp","href":"https:\/\/api.w.org\/{rel}","templated":true}]}}