{"id":7257,"date":"2024-03-23T05:56:53","date_gmt":"2024-03-23T04:56:53","guid":{"rendered":"https:\/\/vosgesinfo.fr\/gerardmerinfo\/?p=7257"},"modified":"2024-03-22T16:09:00","modified_gmt":"2024-03-22T15:09:00","slug":"horaires-des-messes-7","status":"publish","type":"post","link":"https:\/\/vosgesinfo.fr\/gerardmerinfo\/2024\/03\/horaires-des-messes-7\/","title":{"rendered":"Horaires des messes"},"content":{"rendered":"<pre class=\"western\"><span style=\"color: #000000;\"><span style=\"font-family: Calibri, serif;\"><span style=\"font-size: small;\"><b>Samedi 23 mars 2024, Temps de Car<\/b><\/span><\/span><\/span><span style=\"color: #000000;\"><span style=\"font-family: Calibri, serif;\"><span style=\"font-size: small;\"><b>\u00eame.<\/b><\/span><\/span><\/span>\r\n<span style=\"color: #000000;\"><span style=\"font-family: Calibri, serif;\"><span style=\"font-size: small;\"><b>Dimanche 24 mars 2024, dimanche des Rameaux et de la Passion,<\/b><\/span><\/span><\/span><span style=\"color: #000000;\"><span style=\"font-family: Calibri, serif;\"><span style=\"font-size: small;\"><b>Le Tholy 9hOO\u00a0: <\/b><\/span><\/span><\/span><span style=\"color: #000000;\"><span style=\"font-family: Calibri, serif;\"><span style=\"font-size: small;\">Pour tous les paroissiens, les d\u00e9funts: Jeannine GROS (voisins) et B\u00e9atrice ~ Gaston et Yvette DORIDANT ~ Germain MAIRE (demand\u00e9e par les conscrits) ~ Famille GAUDEL~ Anne-Marie BOMBARDE (4\u1d49 anniversaire) et son \u00e9poux Michel<\/span><\/span><\/span>\r\n<span style=\"color: #000000;\"><span style=\"font-family: Calibri, serif;\"><span style=\"font-size: small;\"><b>Xonrupt 10h00 : <\/b><\/span><\/span><\/span><span style=\"color: #000000;\"><span style=\"font-family: Calibri, serif;\"><span style=\"font-size: small;\">Messe pour Mr ROGER.<\/span><\/span><\/span>\r\n<span style=\"color: #000000;\"><span style=\"font-family: Calibri, serif;\"><span style=\"font-size: small;\"><b>G\u00e9rardmer 11h00 <\/b><\/span><\/span><\/span><span style=\"color: #000000;\"><span style=\"font-family: Calibri, serif;\"><span style=\"font-size: small;\">: Messe pour Marguerite <\/span><\/span><\/span><span style=\"color: #000000;\"><span style=\"font-family: Calibri, serif;\"><span style=\"font-size: small;\">JEANSELME - Odile et Emmanuel MILLOT -<\/span><\/span><\/span><span style=\"color: #000000;\"><span style=\"font-family: Calibri, serif;\"><span style=\"font-size: small;\">Marie H\u00e9l\u00e8ne et Matthieu LEBEDEL et les d\u00e9funts <\/span><\/span><\/span><span style=\"color: #000000;\"><span style=\"font-family: Calibri, serif;\"><span style=\"font-size: small;\">de la famille - Ren\u00e9 LIENERE et familles <\/span><\/span><\/span><span style=\"color: #000000;\"><span style=\"font-family: Calibri, serif;\"><span style=\"font-size: small;\">LIENERE, SION - M. et Mme Antoine LOSIO et <\/span><\/span><\/span><span style=\"color: #000000;\"><span style=\"font-family: Calibri, serif;\"><span style=\"font-size: small;\">d\u00e9funts de la famille. Recommandations\u00a0: Monique LAROSE, Colette SOUM, Jean-Jacques ANDRE, Serge REMY.<\/span><\/span><\/span>\r\n\r\n<span style=\"font-family: Calibri, serif;\"><span style=\"font-size: small;\"><b>Lundi 25 mars 2024<\/b><\/span><\/span><span style=\"font-family: Calibri, serif;\"><span style=\"font-size: small;\">, <\/span><\/span><span style=\"font-family: Calibri, serif;\"><span style=\"font-size: small;\"><b>Semaine sainte (l\u2019Annonciation est c\u00e9l\u00e9br\u00e9e cette ann\u00e9e le <\/b><\/span><\/span>\r\n<span style=\"font-family: Calibri, serif;\"><span style=\"font-size: small;\"><b>8 avril).<\/b><\/span><\/span>  \r\n\r\n<span style=\"font-family: Calibri, serif;\"><span style=\"font-size: small;\"><b>Mardi 26 mars  2024<\/b><\/span><\/span><span style=\"font-family: Calibri, serif;\"><span style=\"font-size: small;\">, <\/span><\/span><span style=\"font-family: Calibri, serif;\"><span style=\"font-size: small;\"><b>Semaine sainte<\/b><\/span><\/span><span style=\"font-family: Calibri, serif;\"><span style=\"font-size: small;\">.<\/span><\/span>\r\n<span style=\"font-family: Calibri, serif;\"><span style=\"font-size: small;\"><b>G\u00e9rardmer, 17h00<\/b><\/span><\/span><span style=\"font-family: Calibri, serif;\"><span style=\"font-size: small;\"> Pri\u00e8re du chapelet, <\/span><\/span><span style=\"font-family: Calibri, serif;\"><span style=\"font-size: small;\"><b>18h00<\/b><\/span><\/span><span style=\"font-family: Calibri, serif;\"><span style=\"font-size: small;\"> Messe<\/span><\/span>\r\n\r\n<span style=\"font-family: Calibri, serif;\"><span style=\"font-size: small;\"><b>Mercredi 27 mars 2024<\/b><\/span><\/span><span style=\"font-family: Calibri, serif;\"><span style=\"font-size: small;\">, Semaine sainte.  <\/span><\/span><span style=\"font-family: Calibri, serif;\"><span style=\"font-size: small;\"><b>\u00c9pinal, 18h00<\/b><\/span><\/span><span style=\"font-family: Calibri, serif;\"><span style=\"font-size: small;\"> Messe Chrismale.<\/span><\/span>\r\n\r\n<span style=\"font-family: Calibri, serif;\"><span style=\"font-size: small;\"><b>Jeudi 28 mars 2024<\/b><\/span><\/span><span style=\"font-family: Calibri, serif;\"><span style=\"font-size: small;\">, Jeudi saint.<\/span><\/span>\r\n<span style=\"font-family: Calibri, serif;\"><span style=\"font-size: small;\"><b>G\u00e9rardmer, 19h00<\/b><\/span><\/span><span style=\"font-family: Calibri, serif;\"><span style=\"font-size: small;\"> Messe en m\u00e9moire de la C\u00e8ne du Seigneur.<\/span><\/span>\r\n\r\n<span style=\"font-family: Calibri, serif;\"><span style=\"font-size: small;\"><b>Vendredi 29 mars 2024<\/b><\/span><\/span><span style=\"font-family: Calibri, serif;\"><span style=\"font-size: small;\">, Vendredi saint.<\/span><\/span>\r\n<span style=\"font-family: Calibri, serif;\"><span style=\"font-size: small;\"><b>G\u00e9rardmer, 15h00<\/b><\/span><\/span><span style=\"font-family: Calibri, serif;\"><span style=\"font-size: small;\"> Chemin de Croix <\/span><\/span><span style=\"font-family: Calibri, serif;\"><span style=\"font-size: small;\"><b>19h00<\/b><\/span><\/span><span style=\"font-family: Calibri, serif;\"><span style=\"font-size: small;\"> La Passion du Seigneur.<\/span><\/span>\r\n\r\n<span style=\"font-family: Calibri, serif;\"><span style=\"font-size: small;\"><b>Samedi 30 mars 2024, <\/b><\/span><\/span><span style=\"font-family: Calibri, serif;\"><span style=\"font-size: small;\">Veill\u00e9e pascale. <\/span><\/span><span style=\"font-family: Calibri, serif;\"><span style=\"font-size: small;\"><b>G\u00e9rardmer<\/b><\/span><\/span><span style=\"font-family: Calibri, serif;\"><span style=\"font-size: small;\">, 20h00 Messe. <\/span><\/span>\r\n\r\n<span style=\"font-family: Calibri, serif;\"><span style=\"font-size: small;\"><b>Dimanche 31 mars 2024<\/b><\/span><\/span><span style=\"font-family: Calibri, serif;\"><span style=\"font-size: small;\">, <\/span><\/span><span style=\"font-family: Calibri, serif;\"><span style=\"font-size: small;\"><b>dimanche de P\u00e2ques<\/b><\/span><\/span><span style=\"font-family: Calibri, serif;\"><span style=\"font-size: small;\">.<\/span><\/span>\r\n<span style=\"font-family: Calibri, serif;\"><span style=\"font-size: small;\"><b>Le Tholy\u00a009h00<\/b><\/span><\/span><span style=\"font-family: Calibri, serif;\"><span style=\"font-size: small;\">\u00a0: Messe pour tous les paroissiens, les d\u00e9funts : Jeannine GROS (voisins) et B\u00e9atrice ~ Gaston TISSRANT, Dany, Armand et les d\u00e9funts des familles TISSERANT-VILLEMIN ~ Th\u00e9r\u00e8se VIRY (10\u00e8me anniversaire) et famille VIRY-DIDIER ~Laurent MANSUY, son papa Michel, Brigitte et les d\u00e9funts des familles MANSUY-LEDUC ~ <\/span><\/span><span style=\"font-family: Calibri, serif;\"><span style=\"font-size: small;\">Landry THIRIET et les d\u00e9funts sa famille ~ Marcel et Marguerite DIDIER.<\/span><\/span>\r\n<span style=\"font-family: Calibri, serif;\"><span style=\"font-size: small;\"><b>Xonrupt 10h00<\/b><\/span><\/span><span style=\"font-family: Calibri, serif;\"><span style=\"font-size: small;\">\u00a0: Messe pour Marcel LAMBERT \u2013 Les familles JACQUEL, PERRIN, Sylvia GARZIA \u2013 Familles CHARLET, DETRE \u2013 D\u00e9funts des Familles SCHILTZ, HENTZIEN,BR\u00dcNNER \u2013 Rose LAMBERT<\/span><\/span>\r\n<span style=\"font-family: Calibri, serif;\"><span style=\"font-size: small;\"><b>G\u00e9rardmer 11h00\u00a0: <\/b><\/span><\/span><span style=\"font-family: Calibri, serif;\"><span style=\"font-size: small;\">Messe pour les familles WILLMANN, MORICE, REMY et Choupette DURAND \u2013 Brigitte de ALMEIDA \u2013 Jean6Fran\u00e7ois DELBARRE \u2013 ren\u00e9 DIDIER et les d\u00e9funts de la Famille \u2013 Familles Samuel NICOLAZZI, Micheline et Jean VIRY, Marie-Joseph et Jean-Marie PIERREL, Jacqueline JOLAS \u2013 Fran\u00e7ois CHPOT et les Familles CHIPOT-LEBLOND \u2013 Jean-Loup BOSSUT et les d\u00e9funts de la Famille \u2013 Hubert CHERREY et les Familles CHERREY-ROUSSEL \u2013 Suzanne GRANDMOUGIN<\/span><\/span>\r\n<\/pre>\n<p class=\"western\" align=\"center\"><span style=\"color: #222222;\"><span style=\"font-family: Calibri, serif;\"><span style=\"font-size: small;\"><b>MESSES DE LA SEMAINE SAINTE DANS LA PAROISSE<\/b><\/span><\/span><\/span><\/p>\n<p class=\"western\"><span style=\"color: #ff0000;\"><span style=\"font-family: Calibri, serif;\"><span style=\"font-size: small;\">Dimanche 24 mars 2024 : Rameaux<\/span><\/span><\/span><\/p>\n<p class=\"western\"><span style=\"color: #222222;\"><span style=\"font-family: Calibri, serif;\"><span style=\"font-size: small;\">Le Tholy : 9hOO Messe des Rameaux <\/span><\/span><\/span><span style=\"color: #222222;\"><span style=\"font-family: Calibri, serif;\"><span style=\"font-size: small;\">Xonrupt <\/span><\/span><\/span><span style=\"color: #000000;\"><span style=\"font-family: Calibri, serif;\"><span style=\"font-size: small;\">:10<\/span><\/span><\/span><span style=\"color: #222222;\"><span style=\"font-family: Calibri, serif;\"><span style=\"font-size: small;\">h00 Messe des Rameaux <\/span><\/span><\/span><\/p>\n<p class=\"western\"><span style=\"color: #222222;\"><span style=\"font-family: Calibri, serif;\"><span style=\"font-size: small;\">G\u00e9rardmer <\/span><\/span><\/span><span style=\"color: #000000;\"><span style=\"font-family: Calibri, serif;\"><span style=\"font-size: small;\">: 11<\/span><\/span><\/span><span style=\"color: #222222;\"><span style=\"font-family: Calibri, serif;\"><span style=\"font-size: small;\">h00 Messe des Rameaux<\/span><\/span><\/span><\/p>\n<p class=\"western\"><span style=\"color: #ff0000;\"><span style=\"font-family: Calibri, serif;\"><span style=\"font-size: small;\">Mercredi 27 mars 2024 : Messe chrismale<\/span><\/span><\/span><\/p>\n<p class=\"western\"><span style=\"color: #222222;\"><span style=\"font-family: Calibri, serif;\"><span style=\"font-size: small;\">\u00c9pinal : 18h00 Messe chrismale<\/span><\/span><\/span><\/p>\n<p class=\"western\" align=\"justify\"><span style=\"color: #ff0000;\"><span style=\"font-family: Calibri, serif;\"><span style=\"font-size: small;\">Jeudi 28 mars 2024 : M\u00e9moire de la C\u00e8ne du Seigneur <\/span><\/span><\/span><span style=\"color: #222222;\"><span style=\"font-family: Calibri, serif;\"><span style=\"font-size: small;\">G\u00e9rardmer : 19hOO Messe en m\u00e9moire de la C\u00e8ne du Seigneur <\/span><\/span><\/span><span style=\"color: #222222;\"><span style=\"font-family: Calibri, serif;\"><span style=\"font-size: small;\">G\u00e9rardmer : 20h30 Veill\u00e9e de pri\u00e8re jusqu\u2019\u00e0 5hOO du matin<\/span><\/span><\/span><\/p>\n<p class=\"western\"><span style=\"color: #ff0000;\"><span style=\"font-family: Calibri, serif;\"><span style=\"font-size: small;\">Vendredi 29 mars 2024 : Vendredi saint<\/span><\/span><\/span><\/p>\n<p class=\"western\"><span style=\"color: #222222;\"><span style=\"font-family: Calibri, serif;\"><span style=\"font-size: small;\">G\u00e9rardmer, Le Tholy <\/span><\/span><\/span><span style=\"color: #000000;\"><span style=\"font-family: Calibri, serif;\"><span style=\"font-size: small;\">: <\/span><\/span><\/span><span style=\"color: #222222;\"><span style=\"font-family: Calibri, serif;\"><span style=\"font-size: small;\">I5h00 Chemin de croix <\/span><\/span><\/span><\/p>\n<p class=\"western\"><span style=\"color: #222222;\"><span style=\"font-family: Calibri, serif;\"><span style=\"font-size: small;\">G\u00e9rardmer ; 19HOO La Passion du Seigneur<\/span><\/span><\/span><\/p>\n<p class=\"western\"><span style=\"color: #ff0000;\"><span style=\"font-family: Calibri, serif;\"><span style=\"font-size: small;\">Samedi 30 mars 2024 : Veill\u00e9e pascale <\/span><\/span><\/span><span style=\"color: #222222;\"><span style=\"font-family: Calibri, serif;\"><span style=\"font-size: small;\">G\u00e9rardmer <\/span><\/span><\/span><span style=\"color: #000000;\"><span style=\"font-family: Calibri, serif;\"><span style=\"font-size: small;\">: <\/span><\/span><\/span><span style=\"color: #222222;\"><span style=\"font-family: Calibri, serif;\"><span style=\"font-size: small;\">20HOO Veill\u00e9e pascale<\/span><\/span><\/span><\/p>\n<p class=\"western\"><span style=\"color: #ff0000;\"><span style=\"font-family: Calibri, serif;\"><span style=\"font-size: small;\">Dimanche 31 mars 2024 : P\u00e2ques<\/span><\/span><\/span><\/p>\n<p class=\"western\"><span style=\"color: #222222;\"><span style=\"font-family: Calibri, serif;\"><span style=\"font-size: small;\">Le Tholy <\/span><\/span><\/span><span style=\"color: #000000;\"><span style=\"font-family: Calibri, serif;\"><span style=\"font-size: small;\">: <\/span><\/span><\/span><span style=\"color: #222222;\"><span style=\"font-family: Calibri, serif;\"><span style=\"font-size: small;\">9h00 Messe de P\u00e2ques <\/span><\/span><\/span><span style=\"color: #222222;\"><span style=\"font-family: Calibri, serif;\"><span style=\"font-size: small;\">Xonrupt <\/span><\/span><\/span><span style=\"color: #000000;\"><span style=\"font-family: Calibri, serif;\"><span style=\"font-size: small;\">: 10<\/span><\/span><\/span><span style=\"color: #222222;\"><span style=\"font-family: Calibri, serif;\"><span style=\"font-size: small;\">h00 Messe de P\u00e2ques <\/span><\/span><\/span><span style=\"color: #222222;\"><span style=\"font-family: Calibri, serif;\"><span style=\"font-size: small;\">G\u00e9rardmer 11h00 Messe de P\u00e2ques<\/span><\/span><\/span><\/p>\n<p class=\"western\"><span style=\"color: #222222;\"><span style=\"font-family: Calibri, serif;\"><span style=\"font-size: small;\">ACTION CATHOLIQUE DES FEMMES<\/span><\/span><\/span><\/p>\n<p class=\"western\" align=\"justify\"><span style=\"color: #000000;\"><span style=\"font-family: Calibri, serif;\"><span style=\"font-size: small;\">L&rsquo;ACF est un lieu o\u00f9 les mots : accueil, \u00e9coute, entraide et <\/span><\/span><\/span><span style=\"color: #222222;\"><span style=\"font-family: Calibri, serif;\"><span style=\"font-size: small;\">bienveillance ont <\/span><\/span><\/span><span style=\"color: #656565;\"><span style=\"font-family: Calibri, serif;\"><span style=\"font-size: small;\">tout <\/span><\/span><\/span><span style=\"color: #94767f;\"><span style=\"font-family: Calibri, serif;\"><span style=\"font-size: small;\">leur sens. <\/span><\/span><\/span><span style=\"color: #656565;\"><span style=\"font-family: Calibri, serif;\"><span style=\"font-size: small;\">C&rsquo;est aussi <\/span><\/span><\/span><span style=\"color: #94767f;\"><span style=\"font-family: Calibri, serif;\"><span style=\"font-size: small;\">un lieu <\/span><\/span><\/span><span style=\"color: #222222;\"><span style=\"font-family: Calibri, serif;\"><span style=\"font-size: small;\">o\u00f9 se vit <\/span><\/span><\/span><span style=\"color: #000000;\"><span style=\"font-family: Calibri, serif;\"><span style=\"font-size: small;\">l&rsquo;amiti\u00e9, <\/span><\/span><\/span><span style=\"color: #222222;\"><span style=\"font-family: Calibri, serif;\"><span style=\"font-size: small;\">la solidarit\u00e9 <\/span><\/span><\/span><span style=\"color: #656565;\"><span style=\"font-family: Calibri, serif;\"><span style=\"font-size: small;\">et l&rsquo;esp\u00e9rance <\/span><\/span><\/span><span style=\"color: #94767f;\"><span style=\"font-family: Calibri, serif;\"><span style=\"font-size: small;\">en groupe. Le partage <\/span><\/span><\/span><span style=\"color: #222222;\"><span style=\"font-family: Calibri, serif;\"><span style=\"font-size: small;\">entre <\/span><\/span><\/span><span style=\"color: #000000;\"><span style=\"font-family: Calibri, serif;\"><span style=\"font-size: small;\">femmes <\/span><\/span><\/span><span style=\"color: #222222;\"><span style=\"font-family: Calibri, serif;\"><span style=\"font-size: small;\">se fait dans le respect <\/span><\/span><\/span><span style=\"color: #656565;\"><span style=\"font-family: Calibri, serif;\"><span style=\"font-size: small;\">de la dignit\u00e9 <\/span><\/span><\/span><span style=\"color: #222222;\"><span style=\"font-family: Calibri, serif;\"><span style=\"font-size: small;\">de chaque <\/span><\/span><\/span><span style=\"color: #000000;\"><span style=\"font-family: Calibri, serif;\"><span style=\"font-size: small;\">personne <\/span><\/span><\/span><span style=\"color: #000000;\"><span style=\"font-family: Calibri, serif;\"><span style=\"font-size: small;\">et en <\/span><\/span><\/span><span style=\"color: #222222;\"><span style=\"font-family: Calibri, serif;\"><span style=\"font-size: small;\">toute confidentialit\u00e9. L&rsquo;association oeuvre pour <\/span><\/span><\/span><span style=\"color: #000000;\"><span style=\"font-family: Calibri, serif;\"><span style=\"font-size: small;\">le respect <\/span><\/span><\/span><span style=\"color: #000000;\"><span style=\"font-family: Calibri, serif;\"><span style=\"font-size: small;\">des libert\u00e9s <\/span><\/span><\/span><span style=\"color: #222222;\"><span style=\"font-family: Calibri, serif;\"><span style=\"font-size: small;\">et des <\/span><\/span><\/span><span style=\"color: #000000;\"><span style=\"font-family: Calibri, serif;\"><span style=\"font-size: small;\">droits <\/span><\/span><\/span><span style=\"color: #222222;\"><span style=\"font-family: Calibri, serif;\"><span style=\"font-size: small;\">des <\/span><\/span><\/span><span style=\"color: #000000;\"><span style=\"font-family: Calibri, serif;\"><span style=\"font-size: small;\">femmes <\/span><\/span><\/span><span style=\"color: #222222;\"><span style=\"font-family: Calibri, serif;\"><span style=\"font-size: small;\">dans <\/span><\/span><\/span><span style=\"color: #000000;\"><span style=\"font-family: Calibri, serif;\"><span style=\"font-size: small;\">la soci\u00e9t\u00e9 et dans l&rsquo;Eglise. Pour <\/span><\/span><\/span><span style=\"color: #222222;\"><span style=\"font-family: Calibri, serif;\"><span style=\"font-size: small;\">plus <\/span><\/span><\/span><span style=\"color: #000000;\"><span style=\"font-family: Calibri, serif;\"><span style=\"font-size: small;\">d&rsquo;information contactez la paroisse.<\/span><\/span><\/span><\/p>\n<p class=\"western\" align=\"center\"><span style=\"color: #656565;\"><span style=\"font-family: Calibri, serif;\"><span style=\"font-size: small;\"><b>BAPT\u00caMES<\/b><\/span><\/span><\/span><\/p>\n<p class=\"western\"><span style=\"color: #000000;\"><span style=\"font-family: Calibri, serif;\"><span style=\"font-size: small;\">Samedi 30 mars 2024 \u00e0 11h00 \u00e0 G\u00e9rardmer<\/span><\/span><\/span><\/p>\n<p class=\"western\"><span style=\"color: #000000;\"><span style=\"font-family: Calibri, serif;\"><span style=\"font-size: small;\">Maxime DE NARDIN ; L\u00e9o DE NARDIN ; Olivia DE NARDIN<\/span><\/span><\/span><\/p>\n<p class=\"western\"><span style=\"color: #000000;\"><span style=\"font-family: Calibri, serif;\"><span style=\"font-size: small;\">Dimanche 31 mars \u00e0 11h3O \u00e0 G\u00e9rardmer <\/span><\/span><\/span><span style=\"color: #000000;\"><span style=\"font-family: Calibri, serif;\"><span style=\"font-size: small;\">Sacrement de l&rsquo;initiation chr\u00e9tienne<\/span><\/span><\/span><\/p>\n<p class=\"western\"><span style=\"color: #000000;\"><span style=\"font-family: Calibri, serif;\"><span style=\"font-size: small;\">Ros\u00e9 Elizabeth BERNARD ; Emma MORIN\u00a0; Doris Maria Nicole <\/span><\/span><\/span><span style=\"color: #000000;\"><span style=\"font-family: Calibri, serif;\"><span style=\"font-size: small;\">TURPAUD\u00a0; Tara ENGELMANN<\/span><\/span><\/span><\/p>\n","protected":false},"excerpt":{"rendered":"<p>Samedi 23 mars 2024, Temps de Car\u00eame. Dimanche 24 mars 2024, dimanche des Rameaux et de la Passion,Le Tholy 9hOO\u00a0: [&hellip;]<\/p>\n","protected":false},"author":42,"featured_media":224,"comment_status":"open","ping_status":"open","sticky":false,"template":"","format":"standard","meta":{"footnotes":""},"categories":[20,25,41,17,42],"tags":[270],"class_list":["post-7257","post","type-post","status-publish","format-standard","has-post-thumbnail","hentry","category-a-la-une","category-gerardmer","category-liezey","category-vie-associative","category-xonrupt-longemer","tag-paroisse-saint-gerard-de-la-vallee-des-lacs"],"acf":[],"yoast_head":"<!-- This site is optimized with the Yoast SEO plugin v22.5 - https:\/\/yoast.com\/wordpress\/plugins\/seo\/ -->\n<title>Horaires des messes - Gerardmer Info<\/title>\n<meta name=\"robots\" content=\"index, follow, max-snippet:-1, max-image-preview:large, max-video-preview:-1\" \/>\n<link rel=\"canonical\" href=\"https:\/\/vosgesinfo.fr\/gerardmerinfo\/2024\/03\/horaires-des-messes-7\/\" \/>\n<meta name=\"twitter:card\" content=\"summary_large_image\" \/>\n<meta name=\"twitter:title\" content=\"Horaires des messes - Gerardmer Info\" \/>\n<meta name=\"twitter:description\" content=\"Samedi 23 mars 2024, Temps de Car\u00eame. Dimanche 24 mars 2024, dimanche des Rameaux et de la Passion,Le Tholy 9hOO\u00a0: [&hellip;]\" \/>\n<meta name=\"twitter:image\" content=\"https:\/\/vosgesinfo.fr\/app\/uploads\/sites\/6\/2018\/06\/messes-paroisse-saint-gerard-barthelemy.jpg\" \/>\n<meta name=\"twitter:creator\" content=\"@VosgesInfo88\" \/>\n<meta name=\"twitter:site\" content=\"@VosgesInfo88\" \/>\n<meta name=\"twitter:label1\" content=\"\u00c9crit par\" \/>\n\t<meta name=\"twitter:data1\" content=\"QG\" \/>\n\t<meta name=\"twitter:label2\" content=\"Dur\u00e9e de lecture estim\u00e9e\" \/>\n\t<meta name=\"twitter:data2\" content=\"3 minutes\" \/>\n<script type=\"application\/ld+json\" class=\"yoast-schema-graph\">{\"@context\":\"https:\/\/schema.org\",\"@graph\":[{\"@type\":\"Article\",\"@id\":\"https:\/\/vosgesinfo.fr\/gerardmerinfo\/2024\/03\/horaires-des-messes-7\/#article\",\"isPartOf\":{\"@id\":\"https:\/\/vosgesinfo.fr\/gerardmerinfo\/2024\/03\/horaires-des-messes-7\/\"},\"author\":{\"name\":\"QG\",\"@id\":\"https:\/\/vosgesinfo.fr\/gerardmerinfo\/#\/schema\/person\/db5605779a843dad16b5368f3e7613a5\"},\"headline\":\"Horaires des messes\",\"datePublished\":\"2024-03-23T04:56:53+00:00\",\"dateModified\":\"2024-03-22T15:09:00+00:00\",\"mainEntityOfPage\":{\"@id\":\"https:\/\/vosgesinfo.fr\/gerardmerinfo\/2024\/03\/horaires-des-messes-7\/\"},\"wordCount\":256,\"commentCount\":0,\"publisher\":{\"@id\":\"https:\/\/vosgesinfo.fr\/gerardmerinfo\/#organization\"},\"image\":{\"@id\":\"https:\/\/vosgesinfo.fr\/gerardmerinfo\/2024\/03\/horaires-des-messes-7\/#primaryimage\"},\"thumbnailUrl\":\"https:\/\/vosgesinfo.fr\/app\/uploads\/sites\/6\/2018\/06\/messes-paroisse-saint-gerard-barthelemy.jpg\",\"keywords\":[\"paroisse saint G\u00e9rard de la Vall\u00e9e des lacs\"],\"articleSection\":[\"A la une\",\"G\u00e9rardmer\",\"Liezey\",\"Vie Associative\",\"Xonrupt-Longemer\"],\"inLanguage\":\"fr-FR\",\"potentialAction\":[{\"@type\":\"CommentAction\",\"name\":\"Comment\",\"target\":[\"https:\/\/vosgesinfo.fr\/gerardmerinfo\/2024\/03\/horaires-des-messes-7\/#respond\"]}]},{\"@type\":\"WebPage\",\"@id\":\"https:\/\/vosgesinfo.fr\/gerardmerinfo\/2024\/03\/horaires-des-messes-7\/\",\"url\":\"https:\/\/vosgesinfo.fr\/gerardmerinfo\/2024\/03\/horaires-des-messes-7\/\",\"name\":\"Horaires des messes - Gerardmer Info\",\"isPartOf\":{\"@id\":\"https:\/\/vosgesinfo.fr\/gerardmerinfo\/#website\"},\"primaryImageOfPage\":{\"@id\":\"https:\/\/vosgesinfo.fr\/gerardmerinfo\/2024\/03\/horaires-des-messes-7\/#primaryimage\"},\"image\":{\"@id\":\"https:\/\/vosgesinfo.fr\/gerardmerinfo\/2024\/03\/horaires-des-messes-7\/#primaryimage\"},\"thumbnailUrl\":\"https:\/\/vosgesinfo.fr\/app\/uploads\/sites\/6\/2018\/06\/messes-paroisse-saint-gerard-barthelemy.jpg\",\"datePublished\":\"2024-03-23T04:56:53+00:00\",\"dateModified\":\"2024-03-22T15:09:00+00:00\",\"breadcrumb\":{\"@id\":\"https:\/\/vosgesinfo.fr\/gerardmerinfo\/2024\/03\/horaires-des-messes-7\/#breadcrumb\"},\"inLanguage\":\"fr-FR\",\"potentialAction\":[{\"@type\":\"ReadAction\",\"target\":[\"https:\/\/vosgesinfo.fr\/gerardmerinfo\/2024\/03\/horaires-des-messes-7\/\"]}]},{\"@type\":\"ImageObject\",\"inLanguage\":\"fr-FR\",\"@id\":\"https:\/\/vosgesinfo.fr\/gerardmerinfo\/2024\/03\/horaires-des-messes-7\/#primaryimage\",\"url\":\"https:\/\/vosgesinfo.fr\/app\/uploads\/sites\/6\/2018\/06\/messes-paroisse-saint-gerard-barthelemy.jpg\",\"contentUrl\":\"https:\/\/vosgesinfo.fr\/app\/uploads\/sites\/6\/2018\/06\/messes-paroisse-saint-gerard-barthelemy.jpg\",\"width\":800,\"height\":600},{\"@type\":\"BreadcrumbList\",\"@id\":\"https:\/\/vosgesinfo.fr\/gerardmerinfo\/2024\/03\/horaires-des-messes-7\/#breadcrumb\",\"itemListElement\":[{\"@type\":\"ListItem\",\"position\":1,\"name\":\"Home\",\"item\":\"https:\/\/vosgesinfo.fr\/gerardmerinfo\/\"},{\"@type\":\"ListItem\",\"position\":2,\"name\":\"Horaires des messes\"}]},{\"@type\":\"WebSite\",\"@id\":\"https:\/\/vosgesinfo.fr\/gerardmerinfo\/#website\",\"url\":\"https:\/\/vosgesinfo.fr\/gerardmerinfo\/\",\"name\":\"Gerardmer Info\",\"description\":\"Toute l&#039;actualit\u00e9 de G\u00e9rardmer\",\"publisher\":{\"@id\":\"https:\/\/vosgesinfo.fr\/gerardmerinfo\/#organization\"},\"alternateName\":\"Toute l'actualit\u00e9 de G\u00e9rardmer\",\"potentialAction\":[{\"@type\":\"SearchAction\",\"target\":{\"@type\":\"EntryPoint\",\"urlTemplate\":\"https:\/\/vosgesinfo.fr\/gerardmerinfo\/?s={search_term_string}\"},\"query-input\":\"required name=search_term_string\"}],\"inLanguage\":\"fr-FR\"},{\"@type\":\"Organization\",\"@id\":\"https:\/\/vosgesinfo.fr\/gerardmerinfo\/#organization\",\"name\":\"Gerardmer Info\",\"url\":\"https:\/\/vosgesinfo.fr\/gerardmerinfo\/\",\"logo\":{\"@type\":\"ImageObject\",\"inLanguage\":\"fr-FR\",\"@id\":\"https:\/\/vosgesinfo.fr\/gerardmerinfo\/#\/schema\/logo\/image\/\",\"url\":\"https:\/\/vosgesinfo.fr\/app\/uploads\/sites\/6\/2023\/08\/favicon-gerardmerinfo.png\",\"contentUrl\":\"https:\/\/vosgesinfo.fr\/app\/uploads\/sites\/6\/2023\/08\/favicon-gerardmerinfo.png\",\"width\":512,\"height\":512,\"caption\":\"Gerardmer Info\"},\"image\":{\"@id\":\"https:\/\/vosgesinfo.fr\/gerardmerinfo\/#\/schema\/logo\/image\/\"},\"sameAs\":[\"https:\/\/www.facebook.com\/profile.php?id=100049475262660\",\"https:\/\/x.com\/VosgesInfo88\",\"https:\/\/www.youtube.com\/@vosgesinfo\"]},{\"@type\":\"Person\",\"@id\":\"https:\/\/vosgesinfo.fr\/gerardmerinfo\/#\/schema\/person\/db5605779a843dad16b5368f3e7613a5\",\"name\":\"QG\",\"image\":{\"@type\":\"ImageObject\",\"inLanguage\":\"fr-FR\",\"@id\":\"https:\/\/vosgesinfo.fr\/gerardmerinfo\/#\/schema\/person\/image\/\",\"url\":\"https:\/\/secure.gravatar.com\/avatar\/ea80c42c204b534408512832fde52504ecabb9706bcb6151cf6175e5b64e6793?s=96&d=mm&r=g\",\"contentUrl\":\"https:\/\/secure.gravatar.com\/avatar\/ea80c42c204b534408512832fde52504ecabb9706bcb6151cf6175e5b64e6793?s=96&d=mm&r=g\",\"caption\":\"QG\"},\"url\":\"https:\/\/vosgesinfo.fr\/gerardmerinfo\/author\/quentin88\/\"}]}<\/script>\n<!-- \/ Yoast SEO plugin. -->","yoast_head_json":{"title":"Horaires des messes - Gerardmer Info","robots":{"index":"index","follow":"follow","max-snippet":"max-snippet:-1","max-image-preview":"max-image-preview:large","max-video-preview":"max-video-preview:-1"},"canonical":"https:\/\/vosgesinfo.fr\/gerardmerinfo\/2024\/03\/horaires-des-messes-7\/","twitter_card":"summary_large_image","twitter_title":"Horaires des messes - Gerardmer Info","twitter_description":"Samedi 23 mars 2024, Temps de Car\u00eame. Dimanche 24 mars 2024, dimanche des Rameaux et de la Passion,Le Tholy 9hOO\u00a0: [&hellip;]","twitter_image":"https:\/\/vosgesinfo.fr\/app\/uploads\/sites\/6\/2018\/06\/messes-paroisse-saint-gerard-barthelemy.jpg","twitter_creator":"@VosgesInfo88","twitter_site":"@VosgesInfo88","twitter_misc":{"\u00c9crit par":"QG","Dur\u00e9e de lecture estim\u00e9e":"3 minutes"},"schema":{"@context":"https:\/\/schema.org","@graph":[{"@type":"Article","@id":"https:\/\/vosgesinfo.fr\/gerardmerinfo\/2024\/03\/horaires-des-messes-7\/#article","isPartOf":{"@id":"https:\/\/vosgesinfo.fr\/gerardmerinfo\/2024\/03\/horaires-des-messes-7\/"},"author":{"name":"QG","@id":"https:\/\/vosgesinfo.fr\/gerardmerinfo\/#\/schema\/person\/db5605779a843dad16b5368f3e7613a5"},"headline":"Horaires des messes","datePublished":"2024-03-23T04:56:53+00:00","dateModified":"2024-03-22T15:09:00+00:00","mainEntityOfPage":{"@id":"https:\/\/vosgesinfo.fr\/gerardmerinfo\/2024\/03\/horaires-des-messes-7\/"},"wordCount":256,"commentCount":0,"publisher":{"@id":"https:\/\/vosgesinfo.fr\/gerardmerinfo\/#organization"},"image":{"@id":"https:\/\/vosgesinfo.fr\/gerardmerinfo\/2024\/03\/horaires-des-messes-7\/#primaryimage"},"thumbnailUrl":"https:\/\/vosgesinfo.fr\/app\/uploads\/sites\/6\/2018\/06\/messes-paroisse-saint-gerard-barthelemy.jpg","keywords":["paroisse saint G\u00e9rard de la Vall\u00e9e des lacs"],"articleSection":["A la une","G\u00e9rardmer","Liezey","Vie Associative","Xonrupt-Longemer"],"inLanguage":"fr-FR","potentialAction":[{"@type":"CommentAction","name":"Comment","target":["https:\/\/vosgesinfo.fr\/gerardmerinfo\/2024\/03\/horaires-des-messes-7\/#respond"]}]},{"@type":"WebPage","@id":"https:\/\/vosgesinfo.fr\/gerardmerinfo\/2024\/03\/horaires-des-messes-7\/","url":"https:\/\/vosgesinfo.fr\/gerardmerinfo\/2024\/03\/horaires-des-messes-7\/","name":"Horaires des messes - Gerardmer Info","isPartOf":{"@id":"https:\/\/vosgesinfo.fr\/gerardmerinfo\/#website"},"primaryImageOfPage":{"@id":"https:\/\/vosgesinfo.fr\/gerardmerinfo\/2024\/03\/horaires-des-messes-7\/#primaryimage"},"image":{"@id":"https:\/\/vosgesinfo.fr\/gerardmerinfo\/2024\/03\/horaires-des-messes-7\/#primaryimage"},"thumbnailUrl":"https:\/\/vosgesinfo.fr\/app\/uploads\/sites\/6\/2018\/06\/messes-paroisse-saint-gerard-barthelemy.jpg","datePublished":"2024-03-23T04:56:53+00:00","dateModified":"2024-03-22T15:09:00+00:00","breadcrumb":{"@id":"https:\/\/vosgesinfo.fr\/gerardmerinfo\/2024\/03\/horaires-des-messes-7\/#breadcrumb"},"inLanguage":"fr-FR","potentialAction":[{"@type":"ReadAction","target":["https:\/\/vosgesinfo.fr\/gerardmerinfo\/2024\/03\/horaires-des-messes-7\/"]}]},{"@type":"ImageObject","inLanguage":"fr-FR","@id":"https:\/\/vosgesinfo.fr\/gerardmerinfo\/2024\/03\/horaires-des-messes-7\/#primaryimage","url":"https:\/\/vosgesinfo.fr\/app\/uploads\/sites\/6\/2018\/06\/messes-paroisse-saint-gerard-barthelemy.jpg","contentUrl":"https:\/\/vosgesinfo.fr\/app\/uploads\/sites\/6\/2018\/06\/messes-paroisse-saint-gerard-barthelemy.jpg","width":800,"height":600},{"@type":"BreadcrumbList","@id":"https:\/\/vosgesinfo.fr\/gerardmerinfo\/2024\/03\/horaires-des-messes-7\/#breadcrumb","itemListElement":[{"@type":"ListItem","position":1,"name":"Home","item":"https:\/\/vosgesinfo.fr\/gerardmerinfo\/"},{"@type":"ListItem","position":2,"name":"Horaires des messes"}]},{"@type":"WebSite","@id":"https:\/\/vosgesinfo.fr\/gerardmerinfo\/#website","url":"https:\/\/vosgesinfo.fr\/gerardmerinfo\/","name":"Gerardmer Info","description":"Toute l&#039;actualit\u00e9 de G\u00e9rardmer","publisher":{"@id":"https:\/\/vosgesinfo.fr\/gerardmerinfo\/#organization"},"alternateName":"Toute l'actualit\u00e9 de G\u00e9rardmer","potentialAction":[{"@type":"SearchAction","target":{"@type":"EntryPoint","urlTemplate":"https:\/\/vosgesinfo.fr\/gerardmerinfo\/?s={search_term_string}"},"query-input":"required name=search_term_string"}],"inLanguage":"fr-FR"},{"@type":"Organization","@id":"https:\/\/vosgesinfo.fr\/gerardmerinfo\/#organization","name":"Gerardmer Info","url":"https:\/\/vosgesinfo.fr\/gerardmerinfo\/","logo":{"@type":"ImageObject","inLanguage":"fr-FR","@id":"https:\/\/vosgesinfo.fr\/gerardmerinfo\/#\/schema\/logo\/image\/","url":"https:\/\/vosgesinfo.fr\/app\/uploads\/sites\/6\/2023\/08\/favicon-gerardmerinfo.png","contentUrl":"https:\/\/vosgesinfo.fr\/app\/uploads\/sites\/6\/2023\/08\/favicon-gerardmerinfo.png","width":512,"height":512,"caption":"Gerardmer Info"},"image":{"@id":"https:\/\/vosgesinfo.fr\/gerardmerinfo\/#\/schema\/logo\/image\/"},"sameAs":["https:\/\/www.facebook.com\/profile.php?id=100049475262660","https:\/\/x.com\/VosgesInfo88","https:\/\/www.youtube.com\/@vosgesinfo"]},{"@type":"Person","@id":"https:\/\/vosgesinfo.fr\/gerardmerinfo\/#\/schema\/person\/db5605779a843dad16b5368f3e7613a5","name":"QG","image":{"@type":"ImageObject","inLanguage":"fr-FR","@id":"https:\/\/vosgesinfo.fr\/gerardmerinfo\/#\/schema\/person\/image\/","url":"https:\/\/secure.gravatar.com\/avatar\/ea80c42c204b534408512832fde52504ecabb9706bcb6151cf6175e5b64e6793?s=96&d=mm&r=g","contentUrl":"https:\/\/secure.gravatar.com\/avatar\/ea80c42c204b534408512832fde52504ecabb9706bcb6151cf6175e5b64e6793?s=96&d=mm&r=g","caption":"QG"},"url":"https:\/\/vosgesinfo.fr\/gerardmerinfo\/author\/quentin88\/"}]}},"_links":{"self":[{"href":"https:\/\/vosgesinfo.fr\/gerardmerinfo\/wp-json\/wp\/v2\/posts\/7257","targetHints":{"allow":["GET"]}}],"collection":[{"href":"https:\/\/vosgesinfo.fr\/gerardmerinfo\/wp-json\/wp\/v2\/posts"}],"about":[{"href":"https:\/\/vosgesinfo.fr\/gerardmerinfo\/wp-json\/wp\/v2\/types\/post"}],"author":[{"embeddable":true,"href":"https:\/\/vosgesinfo.fr\/gerardmerinfo\/wp-json\/wp\/v2\/users\/42"}],"replies":[{"embeddable":true,"href":"https:\/\/vosgesinfo.fr\/gerardmerinfo\/wp-json\/wp\/v2\/comments?post=7257"}],"version-history":[{"count":1,"href":"https:\/\/vosgesinfo.fr\/gerardmerinfo\/wp-json\/wp\/v2\/posts\/7257\/revisions"}],"predecessor-version":[{"id":7258,"href":"https:\/\/vosgesinfo.fr\/gerardmerinfo\/wp-json\/wp\/v2\/posts\/7257\/revisions\/7258"}],"wp:featuredmedia":[{"embeddable":true,"href":"https:\/\/vosgesinfo.fr\/gerardmerinfo\/wp-json\/wp\/v2\/media\/224"}],"wp:attachment":[{"href":"https:\/\/vosgesinfo.fr\/gerardmerinfo\/wp-json\/wp\/v2\/media?parent=7257"}],"wp:term":[{"taxonomy":"category","embeddable":true,"href":"https:\/\/vosgesinfo.fr\/gerardmerinfo\/wp-json\/wp\/v2\/categories?post=7257"},{"taxonomy":"post_tag","embeddable":true,"href":"https:\/\/vosgesinfo.fr\/gerardmerinfo\/wp-json\/wp\/v2\/tags?post=7257"}],"curies":[{"name":"wp","href":"https:\/\/api.w.org\/{rel}","templated":true}]}}