{"id":72625,"date":"2025-01-03T10:15:03","date_gmt":"2025-01-03T09:15:03","guid":{"rendered":"https:\/\/vosgesinfo.fr\/gerardmerinfo\/?p=72625"},"modified":"2025-01-03T10:15:03","modified_gmt":"2025-01-03T09:15:03","slug":"plainfaing-le-programme-2025-de-lassociation-orgue-cavaille-coll","status":"publish","type":"post","link":"https:\/\/vosgesinfo.fr\/gerardmerinfo\/2025\/01\/plainfaing-le-programme-2025-de-lassociation-orgue-cavaille-coll\/","title":{"rendered":"Plainfaing \u2013 Le programme 2025 de l&rsquo;association Orgue Cavaill\u00e9-Coll"},"content":{"rendered":"<div id=\"attachment_72367\" style=\"width: 650px\" class=\"wp-caption alignnone\"><a href=\"https:\/\/vosgesinfo.fr\/app\/uploads\/sites\/4\/2025\/01\/plainfaing-orgue-cavaille-coll.jpg\"><img decoding=\"async\" aria-describedby=\"caption-attachment-72367\" class=\"wp-image-72367 size-full\" src=\"https:\/\/vosgesinfo.fr\/app\/uploads\/sites\/4\/2025\/01\/plainfaing-orgue-cavaille-coll.jpg\" alt=\"\" width=\"640\" height=\"480\" \/><\/a><p id=\"caption-attachment-72367\" class=\"wp-caption-text\">(Photographie Orgues et Vosges)<\/p><\/div>\n<h2>En pr\u00e9sentant ses v\u0153ux pour la nouvelle ann\u00e9e, le pr\u00e9sident Jean-Louis Salaignac a d\u00e9voil\u00e9 le programme 2025 de l&rsquo;association Orgue Cavaill\u00e9-Coll de Plainfaing.<\/h2>\n<p><!--more--><\/p>\n<h3>Comme chaque ann\u00e9e, des concerts seront propos\u00e9s durant l&rsquo;\u00e9t\u00e9 en l&rsquo;\u00e9glise Saint-Nicolas de Plainfaing\u00a0:<\/h3>\n<ul>\n<li>Dimanche 6 juillet \u00e0 16h, avec un concert \u00ab\u00a0Orgue et Cors des Alpes\u00a0\u00bb\u00a0;<\/li>\n<li>Dimanche 3 ao\u00fbt \u00e0 16h, avec un concert \u00ab\u00a0Orgue et Saxophone\u00a0\u00bb\u00a0;<\/li>\n<li>Dimanche 17 ao\u00fbt \u00e0 16h, avec un concert \u00ab\u00a0Orgue\u00a0\u00bb.<\/li>\n<\/ul>\n<p>De plus, le 21 septembre 2025, \u00e0 l&rsquo;occasion des Journ\u00e9es du Patrimoine, un concert aura \u00e9galement lieu \u00e0 16h. Le nom et la qualit\u00e9 des intervenants seront annonc\u00e9s plus tard dans l&rsquo;ann\u00e9e.<\/p>\n","protected":false},"excerpt":{"rendered":"<p>En pr\u00e9sentant ses v\u0153ux pour la nouvelle ann\u00e9e, le pr\u00e9sident Jean-Louis Salaignac a d\u00e9voil\u00e9 le programme 2025 de l&rsquo;association Orgue [&hellip;]<\/p>\n","protected":false},"author":46,"featured_media":72626,"comment_status":"open","ping_status":"open","sticky":false,"template":"","format":"standard","meta":{"footnotes":""},"categories":[20,34,25,908,17],"tags":[6323,6324,252],"class_list":["post-72625","post","type-post","status-publish","format-standard","has-post-thumbnail","hentry","category-a-la-une","category-concert","category-gerardmer","category-saint-die-des-vosges-et-son-agglomeration","category-vie-associative","tag-association-orgue-cavaille-coll","tag-eglise-saint-nicolas-de-plainfaing","tag-plainfaing"],"acf":[],"yoast_head":"<!-- This site is optimized with the Yoast SEO plugin v22.5 - https:\/\/yoast.com\/wordpress\/plugins\/seo\/ -->\n<title>Plainfaing \u2013 Le programme 2025 de l&#039;association Orgue Cavaill\u00e9-Coll - Gerardmer Info<\/title>\n<meta name=\"robots\" content=\"index, follow, max-snippet:-1, max-image-preview:large, max-video-preview:-1\" \/>\n<link rel=\"canonical\" href=\"https:\/\/vosgesinfo.fr\/gerardmerinfo\/2025\/01\/plainfaing-le-programme-2025-de-lassociation-orgue-cavaille-coll\/\" \/>\n<meta name=\"twitter:card\" content=\"summary_large_image\" \/>\n<meta name=\"twitter:title\" content=\"Plainfaing \u2013 Le programme 2025 de l&#039;association Orgue Cavaill\u00e9-Coll - Gerardmer Info\" \/>\n<meta name=\"twitter:description\" content=\"En pr\u00e9sentant ses v\u0153ux pour la nouvelle ann\u00e9e, le pr\u00e9sident Jean-Louis Salaignac a d\u00e9voil\u00e9 le programme 2025 de l&rsquo;association Orgue [&hellip;]\" \/>\n<meta name=\"twitter:image\" content=\"https:\/\/vosgesinfo.fr\/app\/uploads\/sites\/6\/2025\/01\/plainfaing-orgue-cavaille-coll.jpg\" \/>\n<meta name=\"twitter:creator\" content=\"@VosgesInfo88\" \/>\n<meta name=\"twitter:site\" content=\"@VosgesInfo88\" \/>\n<meta name=\"twitter:label1\" content=\"\u00c9crit par\" \/>\n\t<meta name=\"twitter:data1\" content=\"J.J.\" \/>\n\t<meta name=\"twitter:label2\" content=\"Dur\u00e9e de lecture estim\u00e9e\" \/>\n\t<meta name=\"twitter:data2\" content=\"1 minute\" \/>\n<script type=\"application\/ld+json\" class=\"yoast-schema-graph\">{\"@context\":\"https:\/\/schema.org\",\"@graph\":[{\"@type\":\"Article\",\"@id\":\"https:\/\/vosgesinfo.fr\/gerardmerinfo\/2025\/01\/plainfaing-le-programme-2025-de-lassociation-orgue-cavaille-coll\/#article\",\"isPartOf\":{\"@id\":\"https:\/\/vosgesinfo.fr\/gerardmerinfo\/2025\/01\/plainfaing-le-programme-2025-de-lassociation-orgue-cavaille-coll\/\"},\"author\":{\"name\":\"J.J.\",\"@id\":\"https:\/\/vosgesinfo.fr\/gerardmerinfo\/#\/schema\/person\/fa73e9f726d67bb88f46d5b7943cb572\"},\"headline\":\"Plainfaing \u2013 Le programme 2025 de l&rsquo;association Orgue Cavaill\u00e9-Coll\",\"datePublished\":\"2025-01-03T09:15:03+00:00\",\"dateModified\":\"2025-01-03T09:15:03+00:00\",\"mainEntityOfPage\":{\"@id\":\"https:\/\/vosgesinfo.fr\/gerardmerinfo\/2025\/01\/plainfaing-le-programme-2025-de-lassociation-orgue-cavaille-coll\/\"},\"wordCount\":129,\"commentCount\":0,\"publisher\":{\"@id\":\"https:\/\/vosgesinfo.fr\/gerardmerinfo\/#organization\"},\"image\":{\"@id\":\"https:\/\/vosgesinfo.fr\/gerardmerinfo\/2025\/01\/plainfaing-le-programme-2025-de-lassociation-orgue-cavaille-coll\/#primaryimage\"},\"thumbnailUrl\":\"https:\/\/vosgesinfo.fr\/app\/uploads\/sites\/6\/2025\/01\/plainfaing-orgue-cavaille-coll.jpg\",\"keywords\":[\"Association Orgue Cavaill\u00e9-Coll\",\"Eglise Saint-Nicolas de Plainfaing\",\"Plainfaing\"],\"articleSection\":[\"A la une\",\"Concert\",\"G\u00e9rardmer\",\"Saint-Di\u00e9-des-Vosges et son Agglom\u00e9ration\",\"Vie Associative\"],\"inLanguage\":\"fr-FR\",\"potentialAction\":[{\"@type\":\"CommentAction\",\"name\":\"Comment\",\"target\":[\"https:\/\/vosgesinfo.fr\/gerardmerinfo\/2025\/01\/plainfaing-le-programme-2025-de-lassociation-orgue-cavaille-coll\/#respond\"]}]},{\"@type\":\"WebPage\",\"@id\":\"https:\/\/vosgesinfo.fr\/gerardmerinfo\/2025\/01\/plainfaing-le-programme-2025-de-lassociation-orgue-cavaille-coll\/\",\"url\":\"https:\/\/vosgesinfo.fr\/gerardmerinfo\/2025\/01\/plainfaing-le-programme-2025-de-lassociation-orgue-cavaille-coll\/\",\"name\":\"Plainfaing \u2013 Le programme 2025 de l'association Orgue Cavaill\u00e9-Coll - Gerardmer Info\",\"isPartOf\":{\"@id\":\"https:\/\/vosgesinfo.fr\/gerardmerinfo\/#website\"},\"primaryImageOfPage\":{\"@id\":\"https:\/\/vosgesinfo.fr\/gerardmerinfo\/2025\/01\/plainfaing-le-programme-2025-de-lassociation-orgue-cavaille-coll\/#primaryimage\"},\"image\":{\"@id\":\"https:\/\/vosgesinfo.fr\/gerardmerinfo\/2025\/01\/plainfaing-le-programme-2025-de-lassociation-orgue-cavaille-coll\/#primaryimage\"},\"thumbnailUrl\":\"https:\/\/vosgesinfo.fr\/app\/uploads\/sites\/6\/2025\/01\/plainfaing-orgue-cavaille-coll.jpg\",\"datePublished\":\"2025-01-03T09:15:03+00:00\",\"dateModified\":\"2025-01-03T09:15:03+00:00\",\"breadcrumb\":{\"@id\":\"https:\/\/vosgesinfo.fr\/gerardmerinfo\/2025\/01\/plainfaing-le-programme-2025-de-lassociation-orgue-cavaille-coll\/#breadcrumb\"},\"inLanguage\":\"fr-FR\",\"potentialAction\":[{\"@type\":\"ReadAction\",\"target\":[\"https:\/\/vosgesinfo.fr\/gerardmerinfo\/2025\/01\/plainfaing-le-programme-2025-de-lassociation-orgue-cavaille-coll\/\"]}]},{\"@type\":\"ImageObject\",\"inLanguage\":\"fr-FR\",\"@id\":\"https:\/\/vosgesinfo.fr\/gerardmerinfo\/2025\/01\/plainfaing-le-programme-2025-de-lassociation-orgue-cavaille-coll\/#primaryimage\",\"url\":\"https:\/\/vosgesinfo.fr\/app\/uploads\/sites\/6\/2025\/01\/plainfaing-orgue-cavaille-coll.jpg\",\"contentUrl\":\"https:\/\/vosgesinfo.fr\/app\/uploads\/sites\/6\/2025\/01\/plainfaing-orgue-cavaille-coll.jpg\",\"width\":640,\"height\":480},{\"@type\":\"BreadcrumbList\",\"@id\":\"https:\/\/vosgesinfo.fr\/gerardmerinfo\/2025\/01\/plainfaing-le-programme-2025-de-lassociation-orgue-cavaille-coll\/#breadcrumb\",\"itemListElement\":[{\"@type\":\"ListItem\",\"position\":1,\"name\":\"Home\",\"item\":\"https:\/\/vosgesinfo.fr\/gerardmerinfo\/\"},{\"@type\":\"ListItem\",\"position\":2,\"name\":\"Plainfaing \u2013 Le programme 2025 de l&rsquo;association Orgue Cavaill\u00e9-Coll\"}]},{\"@type\":\"WebSite\",\"@id\":\"https:\/\/vosgesinfo.fr\/gerardmerinfo\/#website\",\"url\":\"https:\/\/vosgesinfo.fr\/gerardmerinfo\/\",\"name\":\"Gerardmer Info\",\"description\":\"Toute l&#039;actualit\u00e9 de G\u00e9rardmer\",\"publisher\":{\"@id\":\"https:\/\/vosgesinfo.fr\/gerardmerinfo\/#organization\"},\"alternateName\":\"Toute l'actualit\u00e9 de G\u00e9rardmer\",\"potentialAction\":[{\"@type\":\"SearchAction\",\"target\":{\"@type\":\"EntryPoint\",\"urlTemplate\":\"https:\/\/vosgesinfo.fr\/gerardmerinfo\/?s={search_term_string}\"},\"query-input\":\"required name=search_term_string\"}],\"inLanguage\":\"fr-FR\"},{\"@type\":\"Organization\",\"@id\":\"https:\/\/vosgesinfo.fr\/gerardmerinfo\/#organization\",\"name\":\"Gerardmer Info\",\"url\":\"https:\/\/vosgesinfo.fr\/gerardmerinfo\/\",\"logo\":{\"@type\":\"ImageObject\",\"inLanguage\":\"fr-FR\",\"@id\":\"https:\/\/vosgesinfo.fr\/gerardmerinfo\/#\/schema\/logo\/image\/\",\"url\":\"https:\/\/vosgesinfo.fr\/app\/uploads\/sites\/6\/2023\/08\/favicon-gerardmerinfo.png\",\"contentUrl\":\"https:\/\/vosgesinfo.fr\/app\/uploads\/sites\/6\/2023\/08\/favicon-gerardmerinfo.png\",\"width\":512,\"height\":512,\"caption\":\"Gerardmer Info\"},\"image\":{\"@id\":\"https:\/\/vosgesinfo.fr\/gerardmerinfo\/#\/schema\/logo\/image\/\"},\"sameAs\":[\"https:\/\/www.facebook.com\/profile.php?id=100049475262660\",\"https:\/\/x.com\/VosgesInfo88\",\"https:\/\/www.youtube.com\/@vosgesinfo\"]},{\"@type\":\"Person\",\"@id\":\"https:\/\/vosgesinfo.fr\/gerardmerinfo\/#\/schema\/person\/fa73e9f726d67bb88f46d5b7943cb572\",\"name\":\"J.J.\",\"image\":{\"@type\":\"ImageObject\",\"inLanguage\":\"fr-FR\",\"@id\":\"https:\/\/vosgesinfo.fr\/gerardmerinfo\/#\/schema\/person\/image\/\",\"url\":\"https:\/\/secure.gravatar.com\/avatar\/219e749e47ffbcca018a360ae4add7d4cdf1cdaaf8bc7676b27efade3fe65615?s=96&d=mm&r=g\",\"contentUrl\":\"https:\/\/secure.gravatar.com\/avatar\/219e749e47ffbcca018a360ae4add7d4cdf1cdaaf8bc7676b27efade3fe65615?s=96&d=mm&r=g\",\"caption\":\"J.J.\"},\"url\":\"https:\/\/vosgesinfo.fr\/gerardmerinfo\/author\/j-j\/\"}]}<\/script>\n<!-- \/ Yoast SEO plugin. -->","yoast_head_json":{"title":"Plainfaing \u2013 Le programme 2025 de l'association Orgue Cavaill\u00e9-Coll - Gerardmer Info","robots":{"index":"index","follow":"follow","max-snippet":"max-snippet:-1","max-image-preview":"max-image-preview:large","max-video-preview":"max-video-preview:-1"},"canonical":"https:\/\/vosgesinfo.fr\/gerardmerinfo\/2025\/01\/plainfaing-le-programme-2025-de-lassociation-orgue-cavaille-coll\/","twitter_card":"summary_large_image","twitter_title":"Plainfaing \u2013 Le programme 2025 de l'association Orgue Cavaill\u00e9-Coll - Gerardmer Info","twitter_description":"En pr\u00e9sentant ses v\u0153ux pour la nouvelle ann\u00e9e, le pr\u00e9sident Jean-Louis Salaignac a d\u00e9voil\u00e9 le programme 2025 de l&rsquo;association Orgue [&hellip;]","twitter_image":"https:\/\/vosgesinfo.fr\/app\/uploads\/sites\/6\/2025\/01\/plainfaing-orgue-cavaille-coll.jpg","twitter_creator":"@VosgesInfo88","twitter_site":"@VosgesInfo88","twitter_misc":{"\u00c9crit par":"J.J.","Dur\u00e9e de lecture estim\u00e9e":"1 minute"},"schema":{"@context":"https:\/\/schema.org","@graph":[{"@type":"Article","@id":"https:\/\/vosgesinfo.fr\/gerardmerinfo\/2025\/01\/plainfaing-le-programme-2025-de-lassociation-orgue-cavaille-coll\/#article","isPartOf":{"@id":"https:\/\/vosgesinfo.fr\/gerardmerinfo\/2025\/01\/plainfaing-le-programme-2025-de-lassociation-orgue-cavaille-coll\/"},"author":{"name":"J.J.","@id":"https:\/\/vosgesinfo.fr\/gerardmerinfo\/#\/schema\/person\/fa73e9f726d67bb88f46d5b7943cb572"},"headline":"Plainfaing \u2013 Le programme 2025 de l&rsquo;association Orgue Cavaill\u00e9-Coll","datePublished":"2025-01-03T09:15:03+00:00","dateModified":"2025-01-03T09:15:03+00:00","mainEntityOfPage":{"@id":"https:\/\/vosgesinfo.fr\/gerardmerinfo\/2025\/01\/plainfaing-le-programme-2025-de-lassociation-orgue-cavaille-coll\/"},"wordCount":129,"commentCount":0,"publisher":{"@id":"https:\/\/vosgesinfo.fr\/gerardmerinfo\/#organization"},"image":{"@id":"https:\/\/vosgesinfo.fr\/gerardmerinfo\/2025\/01\/plainfaing-le-programme-2025-de-lassociation-orgue-cavaille-coll\/#primaryimage"},"thumbnailUrl":"https:\/\/vosgesinfo.fr\/app\/uploads\/sites\/6\/2025\/01\/plainfaing-orgue-cavaille-coll.jpg","keywords":["Association Orgue Cavaill\u00e9-Coll","Eglise Saint-Nicolas de Plainfaing","Plainfaing"],"articleSection":["A la une","Concert","G\u00e9rardmer","Saint-Di\u00e9-des-Vosges et son Agglom\u00e9ration","Vie Associative"],"inLanguage":"fr-FR","potentialAction":[{"@type":"CommentAction","name":"Comment","target":["https:\/\/vosgesinfo.fr\/gerardmerinfo\/2025\/01\/plainfaing-le-programme-2025-de-lassociation-orgue-cavaille-coll\/#respond"]}]},{"@type":"WebPage","@id":"https:\/\/vosgesinfo.fr\/gerardmerinfo\/2025\/01\/plainfaing-le-programme-2025-de-lassociation-orgue-cavaille-coll\/","url":"https:\/\/vosgesinfo.fr\/gerardmerinfo\/2025\/01\/plainfaing-le-programme-2025-de-lassociation-orgue-cavaille-coll\/","name":"Plainfaing \u2013 Le programme 2025 de l'association Orgue Cavaill\u00e9-Coll - Gerardmer Info","isPartOf":{"@id":"https:\/\/vosgesinfo.fr\/gerardmerinfo\/#website"},"primaryImageOfPage":{"@id":"https:\/\/vosgesinfo.fr\/gerardmerinfo\/2025\/01\/plainfaing-le-programme-2025-de-lassociation-orgue-cavaille-coll\/#primaryimage"},"image":{"@id":"https:\/\/vosgesinfo.fr\/gerardmerinfo\/2025\/01\/plainfaing-le-programme-2025-de-lassociation-orgue-cavaille-coll\/#primaryimage"},"thumbnailUrl":"https:\/\/vosgesinfo.fr\/app\/uploads\/sites\/6\/2025\/01\/plainfaing-orgue-cavaille-coll.jpg","datePublished":"2025-01-03T09:15:03+00:00","dateModified":"2025-01-03T09:15:03+00:00","breadcrumb":{"@id":"https:\/\/vosgesinfo.fr\/gerardmerinfo\/2025\/01\/plainfaing-le-programme-2025-de-lassociation-orgue-cavaille-coll\/#breadcrumb"},"inLanguage":"fr-FR","potentialAction":[{"@type":"ReadAction","target":["https:\/\/vosgesinfo.fr\/gerardmerinfo\/2025\/01\/plainfaing-le-programme-2025-de-lassociation-orgue-cavaille-coll\/"]}]},{"@type":"ImageObject","inLanguage":"fr-FR","@id":"https:\/\/vosgesinfo.fr\/gerardmerinfo\/2025\/01\/plainfaing-le-programme-2025-de-lassociation-orgue-cavaille-coll\/#primaryimage","url":"https:\/\/vosgesinfo.fr\/app\/uploads\/sites\/6\/2025\/01\/plainfaing-orgue-cavaille-coll.jpg","contentUrl":"https:\/\/vosgesinfo.fr\/app\/uploads\/sites\/6\/2025\/01\/plainfaing-orgue-cavaille-coll.jpg","width":640,"height":480},{"@type":"BreadcrumbList","@id":"https:\/\/vosgesinfo.fr\/gerardmerinfo\/2025\/01\/plainfaing-le-programme-2025-de-lassociation-orgue-cavaille-coll\/#breadcrumb","itemListElement":[{"@type":"ListItem","position":1,"name":"Home","item":"https:\/\/vosgesinfo.fr\/gerardmerinfo\/"},{"@type":"ListItem","position":2,"name":"Plainfaing \u2013 Le programme 2025 de l&rsquo;association Orgue Cavaill\u00e9-Coll"}]},{"@type":"WebSite","@id":"https:\/\/vosgesinfo.fr\/gerardmerinfo\/#website","url":"https:\/\/vosgesinfo.fr\/gerardmerinfo\/","name":"Gerardmer Info","description":"Toute l&#039;actualit\u00e9 de G\u00e9rardmer","publisher":{"@id":"https:\/\/vosgesinfo.fr\/gerardmerinfo\/#organization"},"alternateName":"Toute l'actualit\u00e9 de G\u00e9rardmer","potentialAction":[{"@type":"SearchAction","target":{"@type":"EntryPoint","urlTemplate":"https:\/\/vosgesinfo.fr\/gerardmerinfo\/?s={search_term_string}"},"query-input":"required name=search_term_string"}],"inLanguage":"fr-FR"},{"@type":"Organization","@id":"https:\/\/vosgesinfo.fr\/gerardmerinfo\/#organization","name":"Gerardmer Info","url":"https:\/\/vosgesinfo.fr\/gerardmerinfo\/","logo":{"@type":"ImageObject","inLanguage":"fr-FR","@id":"https:\/\/vosgesinfo.fr\/gerardmerinfo\/#\/schema\/logo\/image\/","url":"https:\/\/vosgesinfo.fr\/app\/uploads\/sites\/6\/2023\/08\/favicon-gerardmerinfo.png","contentUrl":"https:\/\/vosgesinfo.fr\/app\/uploads\/sites\/6\/2023\/08\/favicon-gerardmerinfo.png","width":512,"height":512,"caption":"Gerardmer Info"},"image":{"@id":"https:\/\/vosgesinfo.fr\/gerardmerinfo\/#\/schema\/logo\/image\/"},"sameAs":["https:\/\/www.facebook.com\/profile.php?id=100049475262660","https:\/\/x.com\/VosgesInfo88","https:\/\/www.youtube.com\/@vosgesinfo"]},{"@type":"Person","@id":"https:\/\/vosgesinfo.fr\/gerardmerinfo\/#\/schema\/person\/fa73e9f726d67bb88f46d5b7943cb572","name":"J.J.","image":{"@type":"ImageObject","inLanguage":"fr-FR","@id":"https:\/\/vosgesinfo.fr\/gerardmerinfo\/#\/schema\/person\/image\/","url":"https:\/\/secure.gravatar.com\/avatar\/219e749e47ffbcca018a360ae4add7d4cdf1cdaaf8bc7676b27efade3fe65615?s=96&d=mm&r=g","contentUrl":"https:\/\/secure.gravatar.com\/avatar\/219e749e47ffbcca018a360ae4add7d4cdf1cdaaf8bc7676b27efade3fe65615?s=96&d=mm&r=g","caption":"J.J."},"url":"https:\/\/vosgesinfo.fr\/gerardmerinfo\/author\/j-j\/"}]}},"_links":{"self":[{"href":"https:\/\/vosgesinfo.fr\/gerardmerinfo\/wp-json\/wp\/v2\/posts\/72625","targetHints":{"allow":["GET"]}}],"collection":[{"href":"https:\/\/vosgesinfo.fr\/gerardmerinfo\/wp-json\/wp\/v2\/posts"}],"about":[{"href":"https:\/\/vosgesinfo.fr\/gerardmerinfo\/wp-json\/wp\/v2\/types\/post"}],"author":[{"embeddable":true,"href":"https:\/\/vosgesinfo.fr\/gerardmerinfo\/wp-json\/wp\/v2\/users\/46"}],"replies":[{"embeddable":true,"href":"https:\/\/vosgesinfo.fr\/gerardmerinfo\/wp-json\/wp\/v2\/comments?post=72625"}],"version-history":[{"count":0,"href":"https:\/\/vosgesinfo.fr\/gerardmerinfo\/wp-json\/wp\/v2\/posts\/72625\/revisions"}],"wp:featuredmedia":[{"embeddable":true,"href":"https:\/\/vosgesinfo.fr\/gerardmerinfo\/wp-json\/wp\/v2\/media\/72626"}],"wp:attachment":[{"href":"https:\/\/vosgesinfo.fr\/gerardmerinfo\/wp-json\/wp\/v2\/media?parent=72625"}],"wp:term":[{"taxonomy":"category","embeddable":true,"href":"https:\/\/vosgesinfo.fr\/gerardmerinfo\/wp-json\/wp\/v2\/categories?post=72625"},{"taxonomy":"post_tag","embeddable":true,"href":"https:\/\/vosgesinfo.fr\/gerardmerinfo\/wp-json\/wp\/v2\/tags?post=72625"}],"curies":[{"name":"wp","href":"https:\/\/api.w.org\/{rel}","templated":true}]}}