{"id":72729,"date":"2025-01-08T11:20:48","date_gmt":"2025-01-08T10:20:48","guid":{"rendered":"https:\/\/vosgesinfo.fr\/gerardmerinfo\/?p=72729"},"modified":"2025-01-08T13:14:18","modified_gmt":"2025-01-08T12:14:18","slug":"rencontres-vosgiennes-du-nfp-du-12-janvier-a-linvitation-de-gerardmer-ecologie-solidarite","status":"publish","type":"post","link":"https:\/\/vosgesinfo.fr\/gerardmerinfo\/2025\/01\/rencontres-vosgiennes-du-nfp-du-12-janvier-a-linvitation-de-gerardmer-ecologie-solidarite\/","title":{"rendered":"RENCONTRES VOSGIENNES DU NFP du 12 Janvier \u00e0 l\u2019invitation de G\u00e9rardmer Ecologie Solidarit\u00e9"},"content":{"rendered":"<h3><a href=\"https:\/\/vosgesinfo.fr\/app\/uploads\/sites\/6\/2024\/11\/nouveau-front-populaire-nfp-logo-1.jpg\"><img decoding=\"async\" class=\"aligncenter size-medium wp-image-70442\" src=\"https:\/\/vosgesinfo.fr\/app\/uploads\/sites\/6\/2024\/11\/nouveau-front-populaire-nfp-logo-1-300x154.jpg\" alt=\"\" width=\"300\" height=\"154\" srcset=\"https:\/\/vosgesinfo.fr\/app\/uploads\/sites\/6\/2024\/11\/nouveau-front-populaire-nfp-logo-1-300x154.jpg 300w, https:\/\/vosgesinfo.fr\/app\/uploads\/sites\/6\/2024\/11\/nouveau-front-populaire-nfp-logo-1-1024x525.jpg 1024w, https:\/\/vosgesinfo.fr\/app\/uploads\/sites\/6\/2024\/11\/nouveau-front-populaire-nfp-logo-1-768x394.jpg 768w, https:\/\/vosgesinfo.fr\/app\/uploads\/sites\/6\/2024\/11\/nouveau-front-populaire-nfp-logo-1.jpg 1200w\" sizes=\"(max-width: 300px) 100vw, 300px\" \/><\/a><\/h3>\n<h3 style=\"text-align: center;\">RENCONTRES VOSGIENNES DU NFP du 12 Janvier<br \/>\n\u00e0 l\u2019invitation de G\u00e9rardmer Ecologie Solidarit\u00e9<br \/>\nMaison de la montagne, 5, place du Vieux G\u00e9rardmer<br \/>\n88400 G\u00e9rardmer<\/h3>\n<p>Depuis les derni\u00e8res l\u00e9gislatives des militants et militantes, sympathisants et sympathisantes, citoyens et citoyennes du Nouveau Front Populaire se sont rencontr\u00e9-es pour \u00e9changer, partager, cr\u00e9er des liens et faire valoir les valeurs communes qui nous animent.<br \/>\nAfin de poursuivre ce mouvement et faire vivre la d\u00e9mocratie participative, une rencontre est pr\u00e9vue ce dimanche 12 janvier.<br \/>\nCette rencontre est organis\u00e9e dans la continuit\u00e9 de celles de Domfaing, \u00c9pinal, Dompaire et Remiremont .<\/p>\n<p><strong>DEROULEMENT DE LA JOURNEE :<\/strong><br \/>\nHoraire : accueil caf\u00e9 9h45<br \/>\nD\u00e9marrage 10h<br \/>\naccueil, pr\u00e9sentation de la journ\u00e9e<br \/>\n10h15 d\u00e9but des interventions de la matin\u00e9e<br \/>\n14h00-19h00 Groupes de travail<\/p>\n<p><strong>INTERVENTIONS DE LA MATINEE :<\/strong><br \/>\n1 Syndicalisme dans les Vosges<br \/>\n2.Conf\u00e9d\u00e9ration paysanne<br \/>\n3.SOS Massif des Vosges<br \/>\n4.Comit\u00e9 conte le racisme de G\u00e9rardmer<br \/>\n5.G\u00e9rardmer Ecologie Solidarit\u00e9<\/p>\n<p>Pour suivre la pause d\u00e9jeuner de 12h30 en auberge espagnole (il y aura une soupe chaude, amenez vos bols et cuill\u00e8res), des groupes de travail aborderont \u00e0 partir de 14h diff\u00e9rentes th\u00e9matiques :<br \/>\n1.Elections municipales<br \/>\n2.Discussion sur l\u2019extr\u00eame droite avec le groupe antifa dans les Vosges<br \/>\n3.Temps d\u2019analyse politique de la situation<br \/>\n4.Finalisation de la cr\u00e9ation de l\u2019association.<br \/>\nVous qui vous reconnaissez dans les termes \u00ab d\u00e9mocratie, justice sociale et environnementale \u00bb, nous vous invitons vivement \u00e0 vous joindre \u00e0 nous.<\/p>\n<p><strong>Le groupe d\u2019organisation des r\u00e9unions du NFP 88.<\/strong><\/p>\n","protected":false},"excerpt":{"rendered":"<p>RENCONTRES VOSGIENNES DU NFP du 12 Janvier \u00e0 l\u2019invitation de G\u00e9rardmer Ecologie Solidarit\u00e9 Maison de la montagne, 5, place du [&hellip;]<\/p>\n","protected":false},"author":391,"featured_media":70442,"comment_status":"closed","ping_status":"open","sticky":false,"template":"","format":"standard","meta":{"footnotes":""},"categories":[20,878,5647,10,868,946,18],"tags":[291,6348],"class_list":["post-72729","post","type-post","status-publish","format-standard","has-post-thumbnail","hentry","category-a-la-une","category-epinal","category-gerardmer-autres-sites","category-politique","category-remiremont","category-saint-die","category-vosges","tag-gerardmer-ecologie-solidarite","tag-nfp"],"acf":[],"yoast_head":"<!-- This site is optimized with the Yoast SEO plugin v22.5 - https:\/\/yoast.com\/wordpress\/plugins\/seo\/ -->\n<title>RENCONTRES VOSGIENNES DU NFP du 12 Janvier \u00e0 l\u2019invitation de G\u00e9rardmer Ecologie Solidarit\u00e9 - Gerardmer Info<\/title>\n<meta name=\"robots\" content=\"index, follow, max-snippet:-1, max-image-preview:large, max-video-preview:-1\" \/>\n<link rel=\"canonical\" href=\"https:\/\/vosgesinfo.fr\/gerardmerinfo\/2025\/01\/rencontres-vosgiennes-du-nfp-du-12-janvier-a-linvitation-de-gerardmer-ecologie-solidarite\/\" \/>\n<meta name=\"twitter:card\" content=\"summary_large_image\" \/>\n<meta name=\"twitter:title\" content=\"RENCONTRES VOSGIENNES DU NFP du 12 Janvier \u00e0 l\u2019invitation de G\u00e9rardmer Ecologie Solidarit\u00e9 - Gerardmer Info\" \/>\n<meta name=\"twitter:description\" content=\"RENCONTRES VOSGIENNES DU NFP du 12 Janvier \u00e0 l\u2019invitation de G\u00e9rardmer Ecologie Solidarit\u00e9 Maison de la montagne, 5, place du [&hellip;]\" \/>\n<meta name=\"twitter:image\" content=\"https:\/\/vosgesinfo.fr\/app\/uploads\/sites\/6\/2024\/11\/nouveau-front-populaire-nfp-logo-1.jpg\" \/>\n<meta name=\"twitter:creator\" content=\"@VosgesInfo88\" \/>\n<meta name=\"twitter:site\" content=\"@VosgesInfo88\" \/>\n<meta name=\"twitter:label1\" content=\"\u00c9crit par\" \/>\n\t<meta name=\"twitter:data1\" content=\"La redaction\" \/>\n\t<meta name=\"twitter:label2\" content=\"Dur\u00e9e de lecture estim\u00e9e\" \/>\n\t<meta name=\"twitter:data2\" content=\"2 minutes\" \/>\n<script type=\"application\/ld+json\" class=\"yoast-schema-graph\">{\"@context\":\"https:\/\/schema.org\",\"@graph\":[{\"@type\":\"Article\",\"@id\":\"https:\/\/vosgesinfo.fr\/gerardmerinfo\/2025\/01\/rencontres-vosgiennes-du-nfp-du-12-janvier-a-linvitation-de-gerardmer-ecologie-solidarite\/#article\",\"isPartOf\":{\"@id\":\"https:\/\/vosgesinfo.fr\/gerardmerinfo\/2025\/01\/rencontres-vosgiennes-du-nfp-du-12-janvier-a-linvitation-de-gerardmer-ecologie-solidarite\/\"},\"author\":{\"name\":\"La redaction\",\"@id\":\"https:\/\/vosgesinfo.fr\/gerardmerinfo\/#\/schema\/person\/27a3695b06db98895b354c0765cdfc31\"},\"headline\":\"RENCONTRES VOSGIENNES DU NFP du 12 Janvier \u00e0 l\u2019invitation de G\u00e9rardmer Ecologie Solidarit\u00e9\",\"datePublished\":\"2025-01-08T10:20:48+00:00\",\"dateModified\":\"2025-01-08T12:14:18+00:00\",\"mainEntityOfPage\":{\"@id\":\"https:\/\/vosgesinfo.fr\/gerardmerinfo\/2025\/01\/rencontres-vosgiennes-du-nfp-du-12-janvier-a-linvitation-de-gerardmer-ecologie-solidarite\/\"},\"wordCount\":267,\"publisher\":{\"@id\":\"https:\/\/vosgesinfo.fr\/gerardmerinfo\/#organization\"},\"image\":{\"@id\":\"https:\/\/vosgesinfo.fr\/gerardmerinfo\/2025\/01\/rencontres-vosgiennes-du-nfp-du-12-janvier-a-linvitation-de-gerardmer-ecologie-solidarite\/#primaryimage\"},\"thumbnailUrl\":\"https:\/\/vosgesinfo.fr\/app\/uploads\/sites\/6\/2024\/11\/nouveau-front-populaire-nfp-logo-1.jpg\",\"keywords\":[\"G\u00e9rardmer ecologie solidarit\u00e9\",\"NFP\"],\"articleSection\":[\"A la une\",\"Epinal\",\"Gerardmer\",\"Politique\",\"Remiremont\",\"Saint-di\u00e9\",\"Vosges\"],\"inLanguage\":\"fr-FR\"},{\"@type\":\"WebPage\",\"@id\":\"https:\/\/vosgesinfo.fr\/gerardmerinfo\/2025\/01\/rencontres-vosgiennes-du-nfp-du-12-janvier-a-linvitation-de-gerardmer-ecologie-solidarite\/\",\"url\":\"https:\/\/vosgesinfo.fr\/gerardmerinfo\/2025\/01\/rencontres-vosgiennes-du-nfp-du-12-janvier-a-linvitation-de-gerardmer-ecologie-solidarite\/\",\"name\":\"RENCONTRES VOSGIENNES DU NFP du 12 Janvier \u00e0 l\u2019invitation de G\u00e9rardmer Ecologie Solidarit\u00e9 - Gerardmer Info\",\"isPartOf\":{\"@id\":\"https:\/\/vosgesinfo.fr\/gerardmerinfo\/#website\"},\"primaryImageOfPage\":{\"@id\":\"https:\/\/vosgesinfo.fr\/gerardmerinfo\/2025\/01\/rencontres-vosgiennes-du-nfp-du-12-janvier-a-linvitation-de-gerardmer-ecologie-solidarite\/#primaryimage\"},\"image\":{\"@id\":\"https:\/\/vosgesinfo.fr\/gerardmerinfo\/2025\/01\/rencontres-vosgiennes-du-nfp-du-12-janvier-a-linvitation-de-gerardmer-ecologie-solidarite\/#primaryimage\"},\"thumbnailUrl\":\"https:\/\/vosgesinfo.fr\/app\/uploads\/sites\/6\/2024\/11\/nouveau-front-populaire-nfp-logo-1.jpg\",\"datePublished\":\"2025-01-08T10:20:48+00:00\",\"dateModified\":\"2025-01-08T12:14:18+00:00\",\"breadcrumb\":{\"@id\":\"https:\/\/vosgesinfo.fr\/gerardmerinfo\/2025\/01\/rencontres-vosgiennes-du-nfp-du-12-janvier-a-linvitation-de-gerardmer-ecologie-solidarite\/#breadcrumb\"},\"inLanguage\":\"fr-FR\",\"potentialAction\":[{\"@type\":\"ReadAction\",\"target\":[\"https:\/\/vosgesinfo.fr\/gerardmerinfo\/2025\/01\/rencontres-vosgiennes-du-nfp-du-12-janvier-a-linvitation-de-gerardmer-ecologie-solidarite\/\"]}]},{\"@type\":\"ImageObject\",\"inLanguage\":\"fr-FR\",\"@id\":\"https:\/\/vosgesinfo.fr\/gerardmerinfo\/2025\/01\/rencontres-vosgiennes-du-nfp-du-12-janvier-a-linvitation-de-gerardmer-ecologie-solidarite\/#primaryimage\",\"url\":\"https:\/\/vosgesinfo.fr\/app\/uploads\/sites\/6\/2024\/11\/nouveau-front-populaire-nfp-logo-1.jpg\",\"contentUrl\":\"https:\/\/vosgesinfo.fr\/app\/uploads\/sites\/6\/2024\/11\/nouveau-front-populaire-nfp-logo-1.jpg\",\"width\":1200,\"height\":615},{\"@type\":\"BreadcrumbList\",\"@id\":\"https:\/\/vosgesinfo.fr\/gerardmerinfo\/2025\/01\/rencontres-vosgiennes-du-nfp-du-12-janvier-a-linvitation-de-gerardmer-ecologie-solidarite\/#breadcrumb\",\"itemListElement\":[{\"@type\":\"ListItem\",\"position\":1,\"name\":\"Home\",\"item\":\"https:\/\/vosgesinfo.fr\/gerardmerinfo\/\"},{\"@type\":\"ListItem\",\"position\":2,\"name\":\"RENCONTRES VOSGIENNES DU NFP du 12 Janvier \u00e0 l\u2019invitation de G\u00e9rardmer Ecologie Solidarit\u00e9\"}]},{\"@type\":\"WebSite\",\"@id\":\"https:\/\/vosgesinfo.fr\/gerardmerinfo\/#website\",\"url\":\"https:\/\/vosgesinfo.fr\/gerardmerinfo\/\",\"name\":\"Gerardmer Info\",\"description\":\"Toute l&#039;actualit\u00e9 de G\u00e9rardmer\",\"publisher\":{\"@id\":\"https:\/\/vosgesinfo.fr\/gerardmerinfo\/#organization\"},\"alternateName\":\"Toute l'actualit\u00e9 de G\u00e9rardmer\",\"potentialAction\":[{\"@type\":\"SearchAction\",\"target\":{\"@type\":\"EntryPoint\",\"urlTemplate\":\"https:\/\/vosgesinfo.fr\/gerardmerinfo\/?s={search_term_string}\"},\"query-input\":\"required name=search_term_string\"}],\"inLanguage\":\"fr-FR\"},{\"@type\":\"Organization\",\"@id\":\"https:\/\/vosgesinfo.fr\/gerardmerinfo\/#organization\",\"name\":\"Gerardmer Info\",\"url\":\"https:\/\/vosgesinfo.fr\/gerardmerinfo\/\",\"logo\":{\"@type\":\"ImageObject\",\"inLanguage\":\"fr-FR\",\"@id\":\"https:\/\/vosgesinfo.fr\/gerardmerinfo\/#\/schema\/logo\/image\/\",\"url\":\"https:\/\/vosgesinfo.fr\/app\/uploads\/sites\/6\/2023\/08\/favicon-gerardmerinfo.png\",\"contentUrl\":\"https:\/\/vosgesinfo.fr\/app\/uploads\/sites\/6\/2023\/08\/favicon-gerardmerinfo.png\",\"width\":512,\"height\":512,\"caption\":\"Gerardmer Info\"},\"image\":{\"@id\":\"https:\/\/vosgesinfo.fr\/gerardmerinfo\/#\/schema\/logo\/image\/\"},\"sameAs\":[\"https:\/\/www.facebook.com\/profile.php?id=100049475262660\",\"https:\/\/x.com\/VosgesInfo88\",\"https:\/\/www.youtube.com\/@vosgesinfo\"]},{\"@type\":\"Person\",\"@id\":\"https:\/\/vosgesinfo.fr\/gerardmerinfo\/#\/schema\/person\/27a3695b06db98895b354c0765cdfc31\",\"name\":\"La redaction\",\"image\":{\"@type\":\"ImageObject\",\"inLanguage\":\"fr-FR\",\"@id\":\"https:\/\/vosgesinfo.fr\/gerardmerinfo\/#\/schema\/person\/image\/\",\"url\":\"https:\/\/secure.gravatar.com\/avatar\/64c76a78e501cedee55736f43f332df901e1896ae9cd8fad269ae2236dd0e8b6?s=96&d=mm&r=g\",\"contentUrl\":\"https:\/\/secure.gravatar.com\/avatar\/64c76a78e501cedee55736f43f332df901e1896ae9cd8fad269ae2236dd0e8b6?s=96&d=mm&r=g\",\"caption\":\"La redaction\"},\"url\":\"https:\/\/vosgesinfo.fr\/gerardmerinfo\/author\/la-redaction\/\"}]}<\/script>\n<!-- \/ Yoast SEO plugin. -->","yoast_head_json":{"title":"RENCONTRES VOSGIENNES DU NFP du 12 Janvier \u00e0 l\u2019invitation de G\u00e9rardmer Ecologie Solidarit\u00e9 - Gerardmer Info","robots":{"index":"index","follow":"follow","max-snippet":"max-snippet:-1","max-image-preview":"max-image-preview:large","max-video-preview":"max-video-preview:-1"},"canonical":"https:\/\/vosgesinfo.fr\/gerardmerinfo\/2025\/01\/rencontres-vosgiennes-du-nfp-du-12-janvier-a-linvitation-de-gerardmer-ecologie-solidarite\/","twitter_card":"summary_large_image","twitter_title":"RENCONTRES VOSGIENNES DU NFP du 12 Janvier \u00e0 l\u2019invitation de G\u00e9rardmer Ecologie Solidarit\u00e9 - Gerardmer Info","twitter_description":"RENCONTRES VOSGIENNES DU NFP du 12 Janvier \u00e0 l\u2019invitation de G\u00e9rardmer Ecologie Solidarit\u00e9 Maison de la montagne, 5, place du [&hellip;]","twitter_image":"https:\/\/vosgesinfo.fr\/app\/uploads\/sites\/6\/2024\/11\/nouveau-front-populaire-nfp-logo-1.jpg","twitter_creator":"@VosgesInfo88","twitter_site":"@VosgesInfo88","twitter_misc":{"\u00c9crit par":"La redaction","Dur\u00e9e de lecture estim\u00e9e":"2 minutes"},"schema":{"@context":"https:\/\/schema.org","@graph":[{"@type":"Article","@id":"https:\/\/vosgesinfo.fr\/gerardmerinfo\/2025\/01\/rencontres-vosgiennes-du-nfp-du-12-janvier-a-linvitation-de-gerardmer-ecologie-solidarite\/#article","isPartOf":{"@id":"https:\/\/vosgesinfo.fr\/gerardmerinfo\/2025\/01\/rencontres-vosgiennes-du-nfp-du-12-janvier-a-linvitation-de-gerardmer-ecologie-solidarite\/"},"author":{"name":"La redaction","@id":"https:\/\/vosgesinfo.fr\/gerardmerinfo\/#\/schema\/person\/27a3695b06db98895b354c0765cdfc31"},"headline":"RENCONTRES VOSGIENNES DU NFP du 12 Janvier \u00e0 l\u2019invitation de G\u00e9rardmer Ecologie Solidarit\u00e9","datePublished":"2025-01-08T10:20:48+00:00","dateModified":"2025-01-08T12:14:18+00:00","mainEntityOfPage":{"@id":"https:\/\/vosgesinfo.fr\/gerardmerinfo\/2025\/01\/rencontres-vosgiennes-du-nfp-du-12-janvier-a-linvitation-de-gerardmer-ecologie-solidarite\/"},"wordCount":267,"publisher":{"@id":"https:\/\/vosgesinfo.fr\/gerardmerinfo\/#organization"},"image":{"@id":"https:\/\/vosgesinfo.fr\/gerardmerinfo\/2025\/01\/rencontres-vosgiennes-du-nfp-du-12-janvier-a-linvitation-de-gerardmer-ecologie-solidarite\/#primaryimage"},"thumbnailUrl":"https:\/\/vosgesinfo.fr\/app\/uploads\/sites\/6\/2024\/11\/nouveau-front-populaire-nfp-logo-1.jpg","keywords":["G\u00e9rardmer ecologie solidarit\u00e9","NFP"],"articleSection":["A la une","Epinal","Gerardmer","Politique","Remiremont","Saint-di\u00e9","Vosges"],"inLanguage":"fr-FR"},{"@type":"WebPage","@id":"https:\/\/vosgesinfo.fr\/gerardmerinfo\/2025\/01\/rencontres-vosgiennes-du-nfp-du-12-janvier-a-linvitation-de-gerardmer-ecologie-solidarite\/","url":"https:\/\/vosgesinfo.fr\/gerardmerinfo\/2025\/01\/rencontres-vosgiennes-du-nfp-du-12-janvier-a-linvitation-de-gerardmer-ecologie-solidarite\/","name":"RENCONTRES VOSGIENNES DU NFP du 12 Janvier \u00e0 l\u2019invitation de G\u00e9rardmer Ecologie Solidarit\u00e9 - Gerardmer Info","isPartOf":{"@id":"https:\/\/vosgesinfo.fr\/gerardmerinfo\/#website"},"primaryImageOfPage":{"@id":"https:\/\/vosgesinfo.fr\/gerardmerinfo\/2025\/01\/rencontres-vosgiennes-du-nfp-du-12-janvier-a-linvitation-de-gerardmer-ecologie-solidarite\/#primaryimage"},"image":{"@id":"https:\/\/vosgesinfo.fr\/gerardmerinfo\/2025\/01\/rencontres-vosgiennes-du-nfp-du-12-janvier-a-linvitation-de-gerardmer-ecologie-solidarite\/#primaryimage"},"thumbnailUrl":"https:\/\/vosgesinfo.fr\/app\/uploads\/sites\/6\/2024\/11\/nouveau-front-populaire-nfp-logo-1.jpg","datePublished":"2025-01-08T10:20:48+00:00","dateModified":"2025-01-08T12:14:18+00:00","breadcrumb":{"@id":"https:\/\/vosgesinfo.fr\/gerardmerinfo\/2025\/01\/rencontres-vosgiennes-du-nfp-du-12-janvier-a-linvitation-de-gerardmer-ecologie-solidarite\/#breadcrumb"},"inLanguage":"fr-FR","potentialAction":[{"@type":"ReadAction","target":["https:\/\/vosgesinfo.fr\/gerardmerinfo\/2025\/01\/rencontres-vosgiennes-du-nfp-du-12-janvier-a-linvitation-de-gerardmer-ecologie-solidarite\/"]}]},{"@type":"ImageObject","inLanguage":"fr-FR","@id":"https:\/\/vosgesinfo.fr\/gerardmerinfo\/2025\/01\/rencontres-vosgiennes-du-nfp-du-12-janvier-a-linvitation-de-gerardmer-ecologie-solidarite\/#primaryimage","url":"https:\/\/vosgesinfo.fr\/app\/uploads\/sites\/6\/2024\/11\/nouveau-front-populaire-nfp-logo-1.jpg","contentUrl":"https:\/\/vosgesinfo.fr\/app\/uploads\/sites\/6\/2024\/11\/nouveau-front-populaire-nfp-logo-1.jpg","width":1200,"height":615},{"@type":"BreadcrumbList","@id":"https:\/\/vosgesinfo.fr\/gerardmerinfo\/2025\/01\/rencontres-vosgiennes-du-nfp-du-12-janvier-a-linvitation-de-gerardmer-ecologie-solidarite\/#breadcrumb","itemListElement":[{"@type":"ListItem","position":1,"name":"Home","item":"https:\/\/vosgesinfo.fr\/gerardmerinfo\/"},{"@type":"ListItem","position":2,"name":"RENCONTRES VOSGIENNES DU NFP du 12 Janvier \u00e0 l\u2019invitation de G\u00e9rardmer Ecologie Solidarit\u00e9"}]},{"@type":"WebSite","@id":"https:\/\/vosgesinfo.fr\/gerardmerinfo\/#website","url":"https:\/\/vosgesinfo.fr\/gerardmerinfo\/","name":"Gerardmer Info","description":"Toute l&#039;actualit\u00e9 de G\u00e9rardmer","publisher":{"@id":"https:\/\/vosgesinfo.fr\/gerardmerinfo\/#organization"},"alternateName":"Toute l'actualit\u00e9 de G\u00e9rardmer","potentialAction":[{"@type":"SearchAction","target":{"@type":"EntryPoint","urlTemplate":"https:\/\/vosgesinfo.fr\/gerardmerinfo\/?s={search_term_string}"},"query-input":"required name=search_term_string"}],"inLanguage":"fr-FR"},{"@type":"Organization","@id":"https:\/\/vosgesinfo.fr\/gerardmerinfo\/#organization","name":"Gerardmer Info","url":"https:\/\/vosgesinfo.fr\/gerardmerinfo\/","logo":{"@type":"ImageObject","inLanguage":"fr-FR","@id":"https:\/\/vosgesinfo.fr\/gerardmerinfo\/#\/schema\/logo\/image\/","url":"https:\/\/vosgesinfo.fr\/app\/uploads\/sites\/6\/2023\/08\/favicon-gerardmerinfo.png","contentUrl":"https:\/\/vosgesinfo.fr\/app\/uploads\/sites\/6\/2023\/08\/favicon-gerardmerinfo.png","width":512,"height":512,"caption":"Gerardmer Info"},"image":{"@id":"https:\/\/vosgesinfo.fr\/gerardmerinfo\/#\/schema\/logo\/image\/"},"sameAs":["https:\/\/www.facebook.com\/profile.php?id=100049475262660","https:\/\/x.com\/VosgesInfo88","https:\/\/www.youtube.com\/@vosgesinfo"]},{"@type":"Person","@id":"https:\/\/vosgesinfo.fr\/gerardmerinfo\/#\/schema\/person\/27a3695b06db98895b354c0765cdfc31","name":"La redaction","image":{"@type":"ImageObject","inLanguage":"fr-FR","@id":"https:\/\/vosgesinfo.fr\/gerardmerinfo\/#\/schema\/person\/image\/","url":"https:\/\/secure.gravatar.com\/avatar\/64c76a78e501cedee55736f43f332df901e1896ae9cd8fad269ae2236dd0e8b6?s=96&d=mm&r=g","contentUrl":"https:\/\/secure.gravatar.com\/avatar\/64c76a78e501cedee55736f43f332df901e1896ae9cd8fad269ae2236dd0e8b6?s=96&d=mm&r=g","caption":"La redaction"},"url":"https:\/\/vosgesinfo.fr\/gerardmerinfo\/author\/la-redaction\/"}]}},"_links":{"self":[{"href":"https:\/\/vosgesinfo.fr\/gerardmerinfo\/wp-json\/wp\/v2\/posts\/72729","targetHints":{"allow":["GET"]}}],"collection":[{"href":"https:\/\/vosgesinfo.fr\/gerardmerinfo\/wp-json\/wp\/v2\/posts"}],"about":[{"href":"https:\/\/vosgesinfo.fr\/gerardmerinfo\/wp-json\/wp\/v2\/types\/post"}],"author":[{"embeddable":true,"href":"https:\/\/vosgesinfo.fr\/gerardmerinfo\/wp-json\/wp\/v2\/users\/391"}],"replies":[{"embeddable":true,"href":"https:\/\/vosgesinfo.fr\/gerardmerinfo\/wp-json\/wp\/v2\/comments?post=72729"}],"version-history":[{"count":3,"href":"https:\/\/vosgesinfo.fr\/gerardmerinfo\/wp-json\/wp\/v2\/posts\/72729\/revisions"}],"predecessor-version":[{"id":72756,"href":"https:\/\/vosgesinfo.fr\/gerardmerinfo\/wp-json\/wp\/v2\/posts\/72729\/revisions\/72756"}],"wp:featuredmedia":[{"embeddable":true,"href":"https:\/\/vosgesinfo.fr\/gerardmerinfo\/wp-json\/wp\/v2\/media\/70442"}],"wp:attachment":[{"href":"https:\/\/vosgesinfo.fr\/gerardmerinfo\/wp-json\/wp\/v2\/media?parent=72729"}],"wp:term":[{"taxonomy":"category","embeddable":true,"href":"https:\/\/vosgesinfo.fr\/gerardmerinfo\/wp-json\/wp\/v2\/categories?post=72729"},{"taxonomy":"post_tag","embeddable":true,"href":"https:\/\/vosgesinfo.fr\/gerardmerinfo\/wp-json\/wp\/v2\/tags?post=72729"}],"curies":[{"name":"wp","href":"https:\/\/api.w.org\/{rel}","templated":true}]}}