{"id":72776,"date":"2025-01-09T10:08:41","date_gmt":"2025-01-09T09:08:41","guid":{"rendered":"https:\/\/vosgesinfo.fr\/gerardmerinfo\/2025\/01\/rehaupal-les-trois-chevaux-disparus-ont-ete-retrouves\/"},"modified":"2025-01-09T10:08:41","modified_gmt":"2025-01-09T09:08:41","slug":"rehaupal-les-trois-chevaux-disparus-ont-ete-retrouves","status":"publish","type":"post","link":"https:\/\/vosgesinfo.fr\/gerardmerinfo\/2025\/01\/rehaupal-les-trois-chevaux-disparus-ont-ete-retrouves\/","title":{"rendered":"Rehaupal &#8211; Les trois chevaux disparus ont \u00e9t\u00e9 retrouv\u00e9s"},"content":{"rendered":"<h2><a href=\"https:\/\/vosgesinfo.fr\/app\/uploads\/sites\/3\/2025\/01\/472194539-122199252776227817-2435831818992014562-n.jpg\"><img decoding=\"async\" class=\"aligncenter size-full wp-image-126927\" src=\"https:\/\/vosgesinfo.fr\/app\/uploads\/sites\/3\/2025\/01\/472194539-122199252776227817-2435831818992014562-n.jpg\" alt=\"\" width=\"600\" height=\"594\" \/><\/a>Dans les Vosges, les trois chevaux de Rehaupal, qui avaient disparu dans la nuit du r\u00e9veillon de la Saint-Sylvestre ont \u00e9t\u00e9 retrouv\u00e9s. Jammin, Odin et Bingo ont finalement sont sains et saufs.<\/h2>\n<p>Jammin, Odin et Bing, les trois chevaux disparus dans la nuit du r\u00e9veillon de la Saint-Sylvestre, ont \u00e9t\u00e9 retrouv\u00e9s. Ils sont sains et saufs. Les propri\u00e9taires situ\u00e9s \u00e0 Rehaupal, dans les Vosges ont annonc\u00e9 la bonne nouvelle sur les r\u00e9seaux sociaux.<\/p>\n<p>Leurs propri\u00e9taires les recherchaient sans rel\u00e2che. Bingo, avait \u00e9t\u00e9 retrouv\u00e9 d\u00e8s le lendemain de sa disparition. Mais Jammin, un pur-sang arabe et Odin, <span class=\"x193iq5w xeuugli x13faqbe x1vvkbs x1xmvt09 x1lliihq x1s928wv xhkezso x1gmr53x x1cpjm7i x1fgarty x1943h6x xudqn12 x3x7a5m x6prxxf xvq8zen xo1l8bm xzsf02u x1yc453h\" dir=\"auto\">un poney shetland brun<\/span>, restaient introuvables jusque l\u00e0. Ils ont finalement \u00e9t\u00e9 retrouv\u00e9s sains et saufs, gr\u00e2ce \u00e0 la diffusion de l&rsquo;annonce sur les r\u00e9seaux sociaux.<\/p>\n","protected":false},"excerpt":{"rendered":"<p>Dans les Vosges, les trois chevaux de Rehaupal, qui avaient disparu dans la nuit du r\u00e9veillon de la Saint-Sylvestre ont [&hellip;]<\/p>\n","protected":false},"author":52,"featured_media":72777,"comment_status":"open","ping_status":"open","sticky":false,"template":"","format":"standard","meta":{"footnotes":""},"categories":[20,878,25,328,868,946],"tags":[6361,4520,1168,1392],"class_list":["post-72776","post","type-post","status-publish","format-standard","has-post-thumbnail","hentry","category-a-la-une","category-epinal","category-gerardmer","category-la-plaine-des-vosges","category-remiremont","category-saint-die","tag-chevaux","tag-disparition","tag-rehaupal","tag-vosges"],"acf":[],"yoast_head":"<!-- This site is optimized with the Yoast SEO plugin v22.5 - https:\/\/yoast.com\/wordpress\/plugins\/seo\/ -->\n<title>Rehaupal - Les trois chevaux disparus ont \u00e9t\u00e9 retrouv\u00e9s - Gerardmer Info<\/title>\n<meta name=\"robots\" content=\"index, follow, max-snippet:-1, max-image-preview:large, max-video-preview:-1\" \/>\n<link rel=\"canonical\" href=\"https:\/\/vosgesinfo.fr\/gerardmerinfo\/2025\/01\/rehaupal-les-trois-chevaux-disparus-ont-ete-retrouves\/\" \/>\n<meta name=\"twitter:card\" content=\"summary_large_image\" \/>\n<meta name=\"twitter:title\" content=\"Rehaupal - Les trois chevaux disparus ont \u00e9t\u00e9 retrouv\u00e9s - Gerardmer Info\" \/>\n<meta name=\"twitter:description\" content=\"Dans les Vosges, les trois chevaux de Rehaupal, qui avaient disparu dans la nuit du r\u00e9veillon de la Saint-Sylvestre ont [&hellip;]\" \/>\n<meta name=\"twitter:image\" content=\"https:\/\/vosgesinfo.fr\/app\/uploads\/sites\/6\/2025\/01\/472194539-122199252776227817-2435831818992014562-n.jpg\" \/>\n<meta name=\"twitter:creator\" content=\"@VosgesInfo88\" \/>\n<meta name=\"twitter:site\" content=\"@VosgesInfo88\" \/>\n<meta name=\"twitter:label1\" content=\"\u00c9crit par\" \/>\n\t<meta name=\"twitter:data1\" content=\"C.K.\" \/>\n\t<meta name=\"twitter:label2\" content=\"Dur\u00e9e de lecture estim\u00e9e\" \/>\n\t<meta name=\"twitter:data2\" content=\"1 minute\" \/>\n<script type=\"application\/ld+json\" class=\"yoast-schema-graph\">{\"@context\":\"https:\/\/schema.org\",\"@graph\":[{\"@type\":\"Article\",\"@id\":\"https:\/\/vosgesinfo.fr\/gerardmerinfo\/2025\/01\/rehaupal-les-trois-chevaux-disparus-ont-ete-retrouves\/#article\",\"isPartOf\":{\"@id\":\"https:\/\/vosgesinfo.fr\/gerardmerinfo\/2025\/01\/rehaupal-les-trois-chevaux-disparus-ont-ete-retrouves\/\"},\"author\":{\"name\":\"C.K.\",\"@id\":\"https:\/\/vosgesinfo.fr\/gerardmerinfo\/#\/schema\/person\/6f9a650eeea99d969b6c4ab78fccbe81\"},\"headline\":\"Rehaupal &#8211; Les trois chevaux disparus ont \u00e9t\u00e9 retrouv\u00e9s\",\"datePublished\":\"2025-01-09T09:08:41+00:00\",\"dateModified\":\"2025-01-09T09:08:41+00:00\",\"mainEntityOfPage\":{\"@id\":\"https:\/\/vosgesinfo.fr\/gerardmerinfo\/2025\/01\/rehaupal-les-trois-chevaux-disparus-ont-ete-retrouves\/\"},\"wordCount\":144,\"commentCount\":0,\"publisher\":{\"@id\":\"https:\/\/vosgesinfo.fr\/gerardmerinfo\/#organization\"},\"image\":{\"@id\":\"https:\/\/vosgesinfo.fr\/gerardmerinfo\/2025\/01\/rehaupal-les-trois-chevaux-disparus-ont-ete-retrouves\/#primaryimage\"},\"thumbnailUrl\":\"https:\/\/vosgesinfo.fr\/app\/uploads\/sites\/6\/2025\/01\/472194539-122199252776227817-2435831818992014562-n.jpg\",\"keywords\":[\"chevaux\",\"Disparition\",\"rehaupal\",\"vosges\"],\"articleSection\":[\"A la une\",\"Epinal\",\"G\u00e9rardmer\",\"La plaine des vosges\",\"Remiremont\",\"Saint-di\u00e9\"],\"inLanguage\":\"fr-FR\",\"potentialAction\":[{\"@type\":\"CommentAction\",\"name\":\"Comment\",\"target\":[\"https:\/\/vosgesinfo.fr\/gerardmerinfo\/2025\/01\/rehaupal-les-trois-chevaux-disparus-ont-ete-retrouves\/#respond\"]}]},{\"@type\":\"WebPage\",\"@id\":\"https:\/\/vosgesinfo.fr\/gerardmerinfo\/2025\/01\/rehaupal-les-trois-chevaux-disparus-ont-ete-retrouves\/\",\"url\":\"https:\/\/vosgesinfo.fr\/gerardmerinfo\/2025\/01\/rehaupal-les-trois-chevaux-disparus-ont-ete-retrouves\/\",\"name\":\"Rehaupal - Les trois chevaux disparus ont \u00e9t\u00e9 retrouv\u00e9s - Gerardmer Info\",\"isPartOf\":{\"@id\":\"https:\/\/vosgesinfo.fr\/gerardmerinfo\/#website\"},\"primaryImageOfPage\":{\"@id\":\"https:\/\/vosgesinfo.fr\/gerardmerinfo\/2025\/01\/rehaupal-les-trois-chevaux-disparus-ont-ete-retrouves\/#primaryimage\"},\"image\":{\"@id\":\"https:\/\/vosgesinfo.fr\/gerardmerinfo\/2025\/01\/rehaupal-les-trois-chevaux-disparus-ont-ete-retrouves\/#primaryimage\"},\"thumbnailUrl\":\"https:\/\/vosgesinfo.fr\/app\/uploads\/sites\/6\/2025\/01\/472194539-122199252776227817-2435831818992014562-n.jpg\",\"datePublished\":\"2025-01-09T09:08:41+00:00\",\"dateModified\":\"2025-01-09T09:08:41+00:00\",\"breadcrumb\":{\"@id\":\"https:\/\/vosgesinfo.fr\/gerardmerinfo\/2025\/01\/rehaupal-les-trois-chevaux-disparus-ont-ete-retrouves\/#breadcrumb\"},\"inLanguage\":\"fr-FR\",\"potentialAction\":[{\"@type\":\"ReadAction\",\"target\":[\"https:\/\/vosgesinfo.fr\/gerardmerinfo\/2025\/01\/rehaupal-les-trois-chevaux-disparus-ont-ete-retrouves\/\"]}]},{\"@type\":\"ImageObject\",\"inLanguage\":\"fr-FR\",\"@id\":\"https:\/\/vosgesinfo.fr\/gerardmerinfo\/2025\/01\/rehaupal-les-trois-chevaux-disparus-ont-ete-retrouves\/#primaryimage\",\"url\":\"https:\/\/vosgesinfo.fr\/app\/uploads\/sites\/6\/2025\/01\/472194539-122199252776227817-2435831818992014562-n.jpg\",\"contentUrl\":\"https:\/\/vosgesinfo.fr\/app\/uploads\/sites\/6\/2025\/01\/472194539-122199252776227817-2435831818992014562-n.jpg\",\"width\":600,\"height\":594},{\"@type\":\"BreadcrumbList\",\"@id\":\"https:\/\/vosgesinfo.fr\/gerardmerinfo\/2025\/01\/rehaupal-les-trois-chevaux-disparus-ont-ete-retrouves\/#breadcrumb\",\"itemListElement\":[{\"@type\":\"ListItem\",\"position\":1,\"name\":\"Home\",\"item\":\"https:\/\/vosgesinfo.fr\/gerardmerinfo\/\"},{\"@type\":\"ListItem\",\"position\":2,\"name\":\"Rehaupal &#8211; Les trois chevaux disparus ont \u00e9t\u00e9 retrouv\u00e9s\"}]},{\"@type\":\"WebSite\",\"@id\":\"https:\/\/vosgesinfo.fr\/gerardmerinfo\/#website\",\"url\":\"https:\/\/vosgesinfo.fr\/gerardmerinfo\/\",\"name\":\"Gerardmer Info\",\"description\":\"Toute l&#039;actualit\u00e9 de G\u00e9rardmer\",\"publisher\":{\"@id\":\"https:\/\/vosgesinfo.fr\/gerardmerinfo\/#organization\"},\"alternateName\":\"Toute l'actualit\u00e9 de G\u00e9rardmer\",\"potentialAction\":[{\"@type\":\"SearchAction\",\"target\":{\"@type\":\"EntryPoint\",\"urlTemplate\":\"https:\/\/vosgesinfo.fr\/gerardmerinfo\/?s={search_term_string}\"},\"query-input\":\"required name=search_term_string\"}],\"inLanguage\":\"fr-FR\"},{\"@type\":\"Organization\",\"@id\":\"https:\/\/vosgesinfo.fr\/gerardmerinfo\/#organization\",\"name\":\"Gerardmer Info\",\"url\":\"https:\/\/vosgesinfo.fr\/gerardmerinfo\/\",\"logo\":{\"@type\":\"ImageObject\",\"inLanguage\":\"fr-FR\",\"@id\":\"https:\/\/vosgesinfo.fr\/gerardmerinfo\/#\/schema\/logo\/image\/\",\"url\":\"https:\/\/vosgesinfo.fr\/app\/uploads\/sites\/6\/2023\/08\/favicon-gerardmerinfo.png\",\"contentUrl\":\"https:\/\/vosgesinfo.fr\/app\/uploads\/sites\/6\/2023\/08\/favicon-gerardmerinfo.png\",\"width\":512,\"height\":512,\"caption\":\"Gerardmer Info\"},\"image\":{\"@id\":\"https:\/\/vosgesinfo.fr\/gerardmerinfo\/#\/schema\/logo\/image\/\"},\"sameAs\":[\"https:\/\/www.facebook.com\/profile.php?id=100049475262660\",\"https:\/\/x.com\/VosgesInfo88\",\"https:\/\/www.youtube.com\/@vosgesinfo\"]},{\"@type\":\"Person\",\"@id\":\"https:\/\/vosgesinfo.fr\/gerardmerinfo\/#\/schema\/person\/6f9a650eeea99d969b6c4ab78fccbe81\",\"name\":\"C.K.\",\"image\":{\"@type\":\"ImageObject\",\"inLanguage\":\"fr-FR\",\"@id\":\"https:\/\/vosgesinfo.fr\/gerardmerinfo\/#\/schema\/person\/image\/\",\"url\":\"https:\/\/secure.gravatar.com\/avatar\/48e3fc7f8421ba8942be6b74a2b7f014ca39bc00dece156b7a8e098ae7dc87bf?s=96&d=mm&r=g\",\"contentUrl\":\"https:\/\/secure.gravatar.com\/avatar\/48e3fc7f8421ba8942be6b74a2b7f014ca39bc00dece156b7a8e098ae7dc87bf?s=96&d=mm&r=g\",\"caption\":\"C.K.\"},\"url\":\"https:\/\/vosgesinfo.fr\/gerardmerinfo\/author\/celia-k-n\/\"}]}<\/script>\n<!-- \/ Yoast SEO plugin. -->","yoast_head_json":{"title":"Rehaupal - Les trois chevaux disparus ont \u00e9t\u00e9 retrouv\u00e9s - Gerardmer Info","robots":{"index":"index","follow":"follow","max-snippet":"max-snippet:-1","max-image-preview":"max-image-preview:large","max-video-preview":"max-video-preview:-1"},"canonical":"https:\/\/vosgesinfo.fr\/gerardmerinfo\/2025\/01\/rehaupal-les-trois-chevaux-disparus-ont-ete-retrouves\/","twitter_card":"summary_large_image","twitter_title":"Rehaupal - Les trois chevaux disparus ont \u00e9t\u00e9 retrouv\u00e9s - Gerardmer Info","twitter_description":"Dans les Vosges, les trois chevaux de Rehaupal, qui avaient disparu dans la nuit du r\u00e9veillon de la Saint-Sylvestre ont [&hellip;]","twitter_image":"https:\/\/vosgesinfo.fr\/app\/uploads\/sites\/6\/2025\/01\/472194539-122199252776227817-2435831818992014562-n.jpg","twitter_creator":"@VosgesInfo88","twitter_site":"@VosgesInfo88","twitter_misc":{"\u00c9crit par":"C.K.","Dur\u00e9e de lecture estim\u00e9e":"1 minute"},"schema":{"@context":"https:\/\/schema.org","@graph":[{"@type":"Article","@id":"https:\/\/vosgesinfo.fr\/gerardmerinfo\/2025\/01\/rehaupal-les-trois-chevaux-disparus-ont-ete-retrouves\/#article","isPartOf":{"@id":"https:\/\/vosgesinfo.fr\/gerardmerinfo\/2025\/01\/rehaupal-les-trois-chevaux-disparus-ont-ete-retrouves\/"},"author":{"name":"C.K.","@id":"https:\/\/vosgesinfo.fr\/gerardmerinfo\/#\/schema\/person\/6f9a650eeea99d969b6c4ab78fccbe81"},"headline":"Rehaupal &#8211; Les trois chevaux disparus ont \u00e9t\u00e9 retrouv\u00e9s","datePublished":"2025-01-09T09:08:41+00:00","dateModified":"2025-01-09T09:08:41+00:00","mainEntityOfPage":{"@id":"https:\/\/vosgesinfo.fr\/gerardmerinfo\/2025\/01\/rehaupal-les-trois-chevaux-disparus-ont-ete-retrouves\/"},"wordCount":144,"commentCount":0,"publisher":{"@id":"https:\/\/vosgesinfo.fr\/gerardmerinfo\/#organization"},"image":{"@id":"https:\/\/vosgesinfo.fr\/gerardmerinfo\/2025\/01\/rehaupal-les-trois-chevaux-disparus-ont-ete-retrouves\/#primaryimage"},"thumbnailUrl":"https:\/\/vosgesinfo.fr\/app\/uploads\/sites\/6\/2025\/01\/472194539-122199252776227817-2435831818992014562-n.jpg","keywords":["chevaux","Disparition","rehaupal","vosges"],"articleSection":["A la une","Epinal","G\u00e9rardmer","La plaine des vosges","Remiremont","Saint-di\u00e9"],"inLanguage":"fr-FR","potentialAction":[{"@type":"CommentAction","name":"Comment","target":["https:\/\/vosgesinfo.fr\/gerardmerinfo\/2025\/01\/rehaupal-les-trois-chevaux-disparus-ont-ete-retrouves\/#respond"]}]},{"@type":"WebPage","@id":"https:\/\/vosgesinfo.fr\/gerardmerinfo\/2025\/01\/rehaupal-les-trois-chevaux-disparus-ont-ete-retrouves\/","url":"https:\/\/vosgesinfo.fr\/gerardmerinfo\/2025\/01\/rehaupal-les-trois-chevaux-disparus-ont-ete-retrouves\/","name":"Rehaupal - Les trois chevaux disparus ont \u00e9t\u00e9 retrouv\u00e9s - Gerardmer Info","isPartOf":{"@id":"https:\/\/vosgesinfo.fr\/gerardmerinfo\/#website"},"primaryImageOfPage":{"@id":"https:\/\/vosgesinfo.fr\/gerardmerinfo\/2025\/01\/rehaupal-les-trois-chevaux-disparus-ont-ete-retrouves\/#primaryimage"},"image":{"@id":"https:\/\/vosgesinfo.fr\/gerardmerinfo\/2025\/01\/rehaupal-les-trois-chevaux-disparus-ont-ete-retrouves\/#primaryimage"},"thumbnailUrl":"https:\/\/vosgesinfo.fr\/app\/uploads\/sites\/6\/2025\/01\/472194539-122199252776227817-2435831818992014562-n.jpg","datePublished":"2025-01-09T09:08:41+00:00","dateModified":"2025-01-09T09:08:41+00:00","breadcrumb":{"@id":"https:\/\/vosgesinfo.fr\/gerardmerinfo\/2025\/01\/rehaupal-les-trois-chevaux-disparus-ont-ete-retrouves\/#breadcrumb"},"inLanguage":"fr-FR","potentialAction":[{"@type":"ReadAction","target":["https:\/\/vosgesinfo.fr\/gerardmerinfo\/2025\/01\/rehaupal-les-trois-chevaux-disparus-ont-ete-retrouves\/"]}]},{"@type":"ImageObject","inLanguage":"fr-FR","@id":"https:\/\/vosgesinfo.fr\/gerardmerinfo\/2025\/01\/rehaupal-les-trois-chevaux-disparus-ont-ete-retrouves\/#primaryimage","url":"https:\/\/vosgesinfo.fr\/app\/uploads\/sites\/6\/2025\/01\/472194539-122199252776227817-2435831818992014562-n.jpg","contentUrl":"https:\/\/vosgesinfo.fr\/app\/uploads\/sites\/6\/2025\/01\/472194539-122199252776227817-2435831818992014562-n.jpg","width":600,"height":594},{"@type":"BreadcrumbList","@id":"https:\/\/vosgesinfo.fr\/gerardmerinfo\/2025\/01\/rehaupal-les-trois-chevaux-disparus-ont-ete-retrouves\/#breadcrumb","itemListElement":[{"@type":"ListItem","position":1,"name":"Home","item":"https:\/\/vosgesinfo.fr\/gerardmerinfo\/"},{"@type":"ListItem","position":2,"name":"Rehaupal &#8211; Les trois chevaux disparus ont \u00e9t\u00e9 retrouv\u00e9s"}]},{"@type":"WebSite","@id":"https:\/\/vosgesinfo.fr\/gerardmerinfo\/#website","url":"https:\/\/vosgesinfo.fr\/gerardmerinfo\/","name":"Gerardmer Info","description":"Toute l&#039;actualit\u00e9 de G\u00e9rardmer","publisher":{"@id":"https:\/\/vosgesinfo.fr\/gerardmerinfo\/#organization"},"alternateName":"Toute l'actualit\u00e9 de G\u00e9rardmer","potentialAction":[{"@type":"SearchAction","target":{"@type":"EntryPoint","urlTemplate":"https:\/\/vosgesinfo.fr\/gerardmerinfo\/?s={search_term_string}"},"query-input":"required name=search_term_string"}],"inLanguage":"fr-FR"},{"@type":"Organization","@id":"https:\/\/vosgesinfo.fr\/gerardmerinfo\/#organization","name":"Gerardmer Info","url":"https:\/\/vosgesinfo.fr\/gerardmerinfo\/","logo":{"@type":"ImageObject","inLanguage":"fr-FR","@id":"https:\/\/vosgesinfo.fr\/gerardmerinfo\/#\/schema\/logo\/image\/","url":"https:\/\/vosgesinfo.fr\/app\/uploads\/sites\/6\/2023\/08\/favicon-gerardmerinfo.png","contentUrl":"https:\/\/vosgesinfo.fr\/app\/uploads\/sites\/6\/2023\/08\/favicon-gerardmerinfo.png","width":512,"height":512,"caption":"Gerardmer Info"},"image":{"@id":"https:\/\/vosgesinfo.fr\/gerardmerinfo\/#\/schema\/logo\/image\/"},"sameAs":["https:\/\/www.facebook.com\/profile.php?id=100049475262660","https:\/\/x.com\/VosgesInfo88","https:\/\/www.youtube.com\/@vosgesinfo"]},{"@type":"Person","@id":"https:\/\/vosgesinfo.fr\/gerardmerinfo\/#\/schema\/person\/6f9a650eeea99d969b6c4ab78fccbe81","name":"C.K.","image":{"@type":"ImageObject","inLanguage":"fr-FR","@id":"https:\/\/vosgesinfo.fr\/gerardmerinfo\/#\/schema\/person\/image\/","url":"https:\/\/secure.gravatar.com\/avatar\/48e3fc7f8421ba8942be6b74a2b7f014ca39bc00dece156b7a8e098ae7dc87bf?s=96&d=mm&r=g","contentUrl":"https:\/\/secure.gravatar.com\/avatar\/48e3fc7f8421ba8942be6b74a2b7f014ca39bc00dece156b7a8e098ae7dc87bf?s=96&d=mm&r=g","caption":"C.K."},"url":"https:\/\/vosgesinfo.fr\/gerardmerinfo\/author\/celia-k-n\/"}]}},"_links":{"self":[{"href":"https:\/\/vosgesinfo.fr\/gerardmerinfo\/wp-json\/wp\/v2\/posts\/72776","targetHints":{"allow":["GET"]}}],"collection":[{"href":"https:\/\/vosgesinfo.fr\/gerardmerinfo\/wp-json\/wp\/v2\/posts"}],"about":[{"href":"https:\/\/vosgesinfo.fr\/gerardmerinfo\/wp-json\/wp\/v2\/types\/post"}],"author":[{"embeddable":true,"href":"https:\/\/vosgesinfo.fr\/gerardmerinfo\/wp-json\/wp\/v2\/users\/52"}],"replies":[{"embeddable":true,"href":"https:\/\/vosgesinfo.fr\/gerardmerinfo\/wp-json\/wp\/v2\/comments?post=72776"}],"version-history":[{"count":0,"href":"https:\/\/vosgesinfo.fr\/gerardmerinfo\/wp-json\/wp\/v2\/posts\/72776\/revisions"}],"wp:featuredmedia":[{"embeddable":true,"href":"https:\/\/vosgesinfo.fr\/gerardmerinfo\/wp-json\/wp\/v2\/media\/72777"}],"wp:attachment":[{"href":"https:\/\/vosgesinfo.fr\/gerardmerinfo\/wp-json\/wp\/v2\/media?parent=72776"}],"wp:term":[{"taxonomy":"category","embeddable":true,"href":"https:\/\/vosgesinfo.fr\/gerardmerinfo\/wp-json\/wp\/v2\/categories?post=72776"},{"taxonomy":"post_tag","embeddable":true,"href":"https:\/\/vosgesinfo.fr\/gerardmerinfo\/wp-json\/wp\/v2\/tags?post=72776"}],"curies":[{"name":"wp","href":"https:\/\/api.w.org\/{rel}","templated":true}]}}