{"id":73009,"date":"2025-01-14T10:00:15","date_gmt":"2025-01-14T09:00:15","guid":{"rendered":"https:\/\/vosgesinfo.fr\/gerardmerinfo\/?p=73009"},"modified":"2025-01-15T20:51:23","modified_gmt":"2025-01-15T19:51:23","slug":"vimala-pons-emma-benestan-seront-les-presidentes-des-jurys-du-festival-international-du-film-fantastique","status":"publish","type":"post","link":"https:\/\/vosgesinfo.fr\/gerardmerinfo\/2025\/01\/vimala-pons-emma-benestan-seront-les-presidentes-des-jurys-du-festival-international-du-film-fantastique\/","title":{"rendered":"Vimala Pons &#038; Emma Benestan seront les pr\u00e9sidentes des jurys du Festival international du film fantastique"},"content":{"rendered":"\n\t\t<style type=\"text\/css\">\n\t\t\t#gallery-1 {\n\t\t\t\tmargin: auto;\n\t\t\t}\n\t\t\t#gallery-1 .gallery-item {\n\t\t\t\tfloat: left;\n\t\t\t\tmargin-top: 10px;\n\t\t\t\ttext-align: center;\n\t\t\t\twidth: 50%;\n\t\t\t}\n\t\t\t#gallery-1 img {\n\t\t\t\tborder: 2px solid #cfcfcf;\n\t\t\t}\n\t\t\t#gallery-1 .gallery-caption {\n\t\t\t\tmargin-left: 0;\n\t\t\t}\n\t\t\t\/* see gallery_shortcode() in wp-includes\/media.php *\/\n\t\t<\/style>\n\t\t<div id='gallery-1' class='gallery galleryid-73009 gallery-columns-2 gallery-size-medium'><dl class='gallery-item'>\n\t\t\t<dt class='gallery-icon landscape'>\n\t\t\t\t<a href='https:\/\/vosgesinfo.fr\/app\/uploads\/sites\/6\/2025\/01\/img102.jpg'><img decoding=\"async\" width=\"300\" height=\"300\" src=\"https:\/\/vosgesinfo.fr\/app\/uploads\/sites\/6\/2025\/01\/img102-300x300.jpg\" class=\"attachment-medium size-medium\" alt=\"\" aria-describedby=\"gallery-1-73010\" srcset=\"https:\/\/vosgesinfo.fr\/app\/uploads\/sites\/6\/2025\/01\/img102-300x300.jpg 300w, https:\/\/vosgesinfo.fr\/app\/uploads\/sites\/6\/2025\/01\/img102-150x150.jpg 150w, https:\/\/vosgesinfo.fr\/app\/uploads\/sites\/6\/2025\/01\/img102.jpg 412w\" sizes=\"(max-width: 300px) 100vw, 300px\" \/><\/a>\n\t\t\t<\/dt>\n\t\t\t\t<dd class='wp-caption-text gallery-caption' id='gallery-1-73010'>\n\t\t\t\tVimala Pons, pr\u00e9sidente du jury longs m\u00e9trages &#8211; Photo \u00a9 Rainer_Erain &#8211; Berlin\n\t\t\t\t<\/dd><\/dl><dl class='gallery-item'>\n\t\t\t<dt class='gallery-icon landscape'>\n\t\t\t\t<a href='https:\/\/vosgesinfo.fr\/app\/uploads\/sites\/6\/2025\/01\/img103.jpg'><img decoding=\"async\" width=\"300\" height=\"300\" src=\"https:\/\/vosgesinfo.fr\/app\/uploads\/sites\/6\/2025\/01\/img103-300x300.jpg\" class=\"attachment-medium size-medium\" alt=\"\" aria-describedby=\"gallery-1-73011\" srcset=\"https:\/\/vosgesinfo.fr\/app\/uploads\/sites\/6\/2025\/01\/img103-300x300.jpg 300w, https:\/\/vosgesinfo.fr\/app\/uploads\/sites\/6\/2025\/01\/img103-150x150.jpg 150w, https:\/\/vosgesinfo.fr\/app\/uploads\/sites\/6\/2025\/01\/img103.jpg 412w\" sizes=\"(max-width: 300px) 100vw, 300px\" \/><\/a>\n\t\t\t<\/dt>\n\t\t\t\t<dd class='wp-caption-text gallery-caption' id='gallery-1-73011'>\n\t\t\t\tEmma Benestan, pr\u00e9sidente du jury courts m\u00e9trages &#8211; Photo \u00a9 Olivier Vigerie\n\t\t\t\t<\/dd><\/dl><br style=\"clear: both\" \/>\n\t\t<\/div>\n\n<p>&nbsp;<\/p>\n<p>Pour sa 32e \u00e9dition, le Festival international du film fantastique de G\u00e9rardmer a l\u2019honneur de confier la pr\u00e9sidence des jurys longs m\u00e9trages et courts m\u00e9trages \u00e0 deux artistes au sens premier du terme, \u00e0 la fois artisanes et techniciennes de l\u2019art, dont le talent incontestable ne rencontre aucune limite mais s\u2019illustre au contraire dans des domaines pluriels aux formes diverses, o\u00f9 s\u2019abattent les fronti\u00e8res.<\/p>\n<p>Com\u00e9dienne, artiste de cirque, metteuse en sc\u00e8ne, performeuse, musicienne\u2026 Depuis une vingtaine d\u2019ann\u00e9es, Vimala Pons s\u2019impose dans le paysage artistique en empruntant des itin\u00e9raires acrobatiques qui d\u00e9fient les lois de la gravit\u00e9. Remarqu\u00e9e au cin\u00e9ma en 2013 pour le r\u00f4le-titre de La Fille du 14 juillet d&rsquo;Antonin Peretjatko, avec qui elle r\u00e9cidive trois ans plus tard dans La Loi de la jungle, elle ne cesse de jongler entre les tournages et les planches, la sc\u00e8ne et les centres d\u2019art. Partout, le travail du corps et de l\u2019\u00e9quilibre occupe une place centrale.<br \/>\nSi ses collaborations sur grand \u00e9cran oscillent souvent entre les genres, passant du drame \u00e0 la com\u00e9die absurde, elles penchent aussi vers le cin\u00e9ma fantastique, ne serait-ce que pour les pouvoirs surnaturels de Vincent n\u2019a pas d\u2019\u00e9cailles, imagin\u00e9s par Thomas Salvador, les terres fantastiques des Gar\u00e7ons Sauvages et d\u2019After Blue (Paradis sale), dessin\u00e9es par Bertrand Mandico, ou encore la course contre la mort de Vincent doit mourir, sign\u00e9e St\u00e9phane Castang.<br \/>\nMise \u00e0 l\u2019honneur l\u2019\u00e9t\u00e9 dernier par les Rencontres photographiques d\u2019Arles et r\u00e9cemment \u00e0 l\u2019affiche du premier film de Victor Rodenbach, Le beau r\u00f4le, Vimala Pons avoue ne pas faire de diff\u00e9rences dans sa pratique. \u00ab L&rsquo;art que j&rsquo;essaye d&rsquo;exercer est l&rsquo;interpr\u00e9tation, ce qui est notre superpouvoir \u00e0 tous \u00bb, conc\u00e8de-t-elle. Un don universel selon l\u2019artiste, qui la rend pourtant unique.<\/p>\n<p>\u00c0 sa mani\u00e8re, Emma Benestan sait, elle aussi, s\u2019aventurer dans des territoires h\u00e9t\u00e9roclites, o\u00f9 le m\u00e9dium cin\u00e9matographique se con\u00e7oit avant tout comme une mati\u00e8re composite. D\u00e8s ses d\u00e9buts, la r\u00e9alisatrice et sc\u00e9nariste multiplie les postes, passant de l\u2019\u00e9criture \u00e0 la r\u00e9alisation pour ses propres courts m\u00e9trages, puis au montage pour d\u2019autres cin\u00e9astes comme Claire Simon avec Gare du Nord et Le Concours, ou Abdellatif Kechiche pour La Vie d\u2019Ad\u00e8le et Mektoub, my love.<br \/>\nApr\u00e8s avoir r\u00e9alis\u00e9 Fragile en 2021, son premier long m\u00e9trage aux allures de com\u00e9die sentimentale touchante, Emma Benestan poursuit son travail d\u2019\u00e9criture et cosc\u00e9narise Chien de la casse de Jean-Baptiste Durand, qui remporte le C\u00e9sar du meilleur premier film 2024. Mais c\u2019est surtout avec son deuxi\u00e8me film, Animale, pr\u00e9sent\u00e9 en mai dernier \u00e0 la Semaine de la Critique, que la r\u00e9alisatrice surprend. Derri\u00e8re ce n\u00e9o-western \u00e0 l\u2019esth\u00e9tique onirique, Emma Benestan r\u00e9ussi \u00e0 s\u2019immiscer \u00e0 son tour dans le cin\u00e9ma de genre pour y d\u00e9velopper des sujets traumatiques de fa\u00e7on d\u00e9tourn\u00e9e. Elle y d\u00e9montre surtout toute l\u2019ampleur de son ambition.<br \/>\nC\u2019est donc \u00e0 ces deux figures inclassables, si ce n\u2019est d\u00e9sormais incontournables, du septi\u00e8me art fran\u00e7ais contemporain, Vimala Pons et Emma Benestan, que le Festival de G\u00e9rardmer a choisi de confier la pr\u00e9sidence des jurys longs et courts m\u00e9trages. Deux visages singuliers aux talents multiples pour une comp\u00e9tition pr\u00eate \u00e0 explorer le genre sous toutes ses formes.<\/p>\n<p>&nbsp;<\/p>\n<p><strong>Save The date :<\/strong><\/p>\n<p>Jeudi 16 janvier 2025<br \/>\nAnnonce de la programmation compl\u00e8te<\/p>\n<p>Mercredi 22 janvier 2025<br \/>\nMise en ligne de la grille horaire des s\u00e9ances<\/p>\n<p>Samedi 25 janvier 2025 &#8211; 11h<\/p>\n<p>Ouverture de la vente en ligne des billets \u00e0 la s\u00e9ance<br \/>\net des r\u00e9servations<\/p>\n","protected":false},"excerpt":{"rendered":"<p>&nbsp; Pour sa 32e \u00e9dition, le Festival international du film fantastique de G\u00e9rardmer a l\u2019honneur de confier la pr\u00e9sidence des [&hellip;]<\/p>\n","protected":false},"author":391,"featured_media":73010,"comment_status":"open","ping_status":"open","sticky":false,"template":"","format":"standard","meta":{"footnotes":""},"categories":[20,4,878,5647,328,868,946,18],"tags":[6409,91,6408],"class_list":["post-73009","post","type-post","status-publish","format-standard","has-post-thumbnail","hentry","category-a-la-une","category-culture","category-epinal","category-gerardmer-autres-sites","category-la-plaine-des-vosges","category-remiremont","category-saint-die","category-vosges","tag-emma-benestan","tag-festival-du-film-fantastique-gerardmer","tag-vimala-pons"],"acf":[],"yoast_head":"<!-- This site is optimized with the Yoast SEO plugin v22.5 - https:\/\/yoast.com\/wordpress\/plugins\/seo\/ -->\n<title>Vimala Pons &amp; Emma Benestan seront les pr\u00e9sidentes des jurys du Festival international du film fantastique - Gerardmer Info<\/title>\n<meta name=\"robots\" content=\"index, follow, max-snippet:-1, max-image-preview:large, max-video-preview:-1\" \/>\n<link rel=\"canonical\" href=\"https:\/\/vosgesinfo.fr\/gerardmerinfo\/2025\/01\/vimala-pons-emma-benestan-seront-les-presidentes-des-jurys-du-festival-international-du-film-fantastique\/\" \/>\n<meta name=\"twitter:card\" content=\"summary_large_image\" \/>\n<meta name=\"twitter:title\" content=\"Vimala Pons &amp; Emma Benestan seront les pr\u00e9sidentes des jurys du Festival international du film fantastique - Gerardmer Info\" \/>\n<meta name=\"twitter:description\" content=\"&nbsp; Pour sa 32e \u00e9dition, le Festival international du film fantastique de G\u00e9rardmer a l\u2019honneur de confier la pr\u00e9sidence des [&hellip;]\" \/>\n<meta name=\"twitter:image\" content=\"https:\/\/vosgesinfo.fr\/app\/uploads\/sites\/6\/2025\/01\/img102.jpg\" \/>\n<meta name=\"twitter:creator\" content=\"@VosgesInfo88\" \/>\n<meta name=\"twitter:site\" content=\"@VosgesInfo88\" \/>\n<meta name=\"twitter:label1\" content=\"\u00c9crit par\" \/>\n\t<meta name=\"twitter:data1\" content=\"La redaction\" \/>\n\t<meta name=\"twitter:label2\" content=\"Dur\u00e9e de lecture estim\u00e9e\" \/>\n\t<meta name=\"twitter:data2\" content=\"4 minutes\" \/>\n<script type=\"application\/ld+json\" class=\"yoast-schema-graph\">{\"@context\":\"https:\/\/schema.org\",\"@graph\":[{\"@type\":\"Article\",\"@id\":\"https:\/\/vosgesinfo.fr\/gerardmerinfo\/2025\/01\/vimala-pons-emma-benestan-seront-les-presidentes-des-jurys-du-festival-international-du-film-fantastique\/#article\",\"isPartOf\":{\"@id\":\"https:\/\/vosgesinfo.fr\/gerardmerinfo\/2025\/01\/vimala-pons-emma-benestan-seront-les-presidentes-des-jurys-du-festival-international-du-film-fantastique\/\"},\"author\":{\"name\":\"La redaction\",\"@id\":\"https:\/\/vosgesinfo.fr\/gerardmerinfo\/#\/schema\/person\/27a3695b06db98895b354c0765cdfc31\"},\"headline\":\"Vimala Pons &#038; Emma Benestan seront les pr\u00e9sidentes des jurys du Festival international du film fantastique\",\"datePublished\":\"2025-01-14T09:00:15+00:00\",\"dateModified\":\"2025-01-15T19:51:23+00:00\",\"mainEntityOfPage\":{\"@id\":\"https:\/\/vosgesinfo.fr\/gerardmerinfo\/2025\/01\/vimala-pons-emma-benestan-seront-les-presidentes-des-jurys-du-festival-international-du-film-fantastique\/\"},\"wordCount\":662,\"commentCount\":0,\"publisher\":{\"@id\":\"https:\/\/vosgesinfo.fr\/gerardmerinfo\/#organization\"},\"image\":{\"@id\":\"https:\/\/vosgesinfo.fr\/gerardmerinfo\/2025\/01\/vimala-pons-emma-benestan-seront-les-presidentes-des-jurys-du-festival-international-du-film-fantastique\/#primaryimage\"},\"thumbnailUrl\":\"https:\/\/vosgesinfo.fr\/app\/uploads\/sites\/6\/2025\/01\/img102.jpg\",\"keywords\":[\"Emma Benestan\",\"festival du film fantastique G\u00e9rardmer\",\"Vimala Pons\"],\"articleSection\":[\"A la une\",\"Culture\",\"Epinal\",\"Gerardmer\",\"La plaine des vosges\",\"Remiremont\",\"Saint-di\u00e9\",\"Vosges\"],\"inLanguage\":\"fr-FR\",\"potentialAction\":[{\"@type\":\"CommentAction\",\"name\":\"Comment\",\"target\":[\"https:\/\/vosgesinfo.fr\/gerardmerinfo\/2025\/01\/vimala-pons-emma-benestan-seront-les-presidentes-des-jurys-du-festival-international-du-film-fantastique\/#respond\"]}]},{\"@type\":\"WebPage\",\"@id\":\"https:\/\/vosgesinfo.fr\/gerardmerinfo\/2025\/01\/vimala-pons-emma-benestan-seront-les-presidentes-des-jurys-du-festival-international-du-film-fantastique\/\",\"url\":\"https:\/\/vosgesinfo.fr\/gerardmerinfo\/2025\/01\/vimala-pons-emma-benestan-seront-les-presidentes-des-jurys-du-festival-international-du-film-fantastique\/\",\"name\":\"Vimala Pons & Emma Benestan seront les pr\u00e9sidentes des jurys du Festival international du film fantastique - Gerardmer Info\",\"isPartOf\":{\"@id\":\"https:\/\/vosgesinfo.fr\/gerardmerinfo\/#website\"},\"primaryImageOfPage\":{\"@id\":\"https:\/\/vosgesinfo.fr\/gerardmerinfo\/2025\/01\/vimala-pons-emma-benestan-seront-les-presidentes-des-jurys-du-festival-international-du-film-fantastique\/#primaryimage\"},\"image\":{\"@id\":\"https:\/\/vosgesinfo.fr\/gerardmerinfo\/2025\/01\/vimala-pons-emma-benestan-seront-les-presidentes-des-jurys-du-festival-international-du-film-fantastique\/#primaryimage\"},\"thumbnailUrl\":\"https:\/\/vosgesinfo.fr\/app\/uploads\/sites\/6\/2025\/01\/img102.jpg\",\"datePublished\":\"2025-01-14T09:00:15+00:00\",\"dateModified\":\"2025-01-15T19:51:23+00:00\",\"breadcrumb\":{\"@id\":\"https:\/\/vosgesinfo.fr\/gerardmerinfo\/2025\/01\/vimala-pons-emma-benestan-seront-les-presidentes-des-jurys-du-festival-international-du-film-fantastique\/#breadcrumb\"},\"inLanguage\":\"fr-FR\",\"potentialAction\":[{\"@type\":\"ReadAction\",\"target\":[\"https:\/\/vosgesinfo.fr\/gerardmerinfo\/2025\/01\/vimala-pons-emma-benestan-seront-les-presidentes-des-jurys-du-festival-international-du-film-fantastique\/\"]}]},{\"@type\":\"ImageObject\",\"inLanguage\":\"fr-FR\",\"@id\":\"https:\/\/vosgesinfo.fr\/gerardmerinfo\/2025\/01\/vimala-pons-emma-benestan-seront-les-presidentes-des-jurys-du-festival-international-du-film-fantastique\/#primaryimage\",\"url\":\"https:\/\/vosgesinfo.fr\/app\/uploads\/sites\/6\/2025\/01\/img102.jpg\",\"contentUrl\":\"https:\/\/vosgesinfo.fr\/app\/uploads\/sites\/6\/2025\/01\/img102.jpg\",\"width\":412,\"height\":412,\"caption\":\"Vimala Pons, pr\u00e9sidente du jury longs m\u00e9trages - Photo \u00a9 Rainer_Erain - Berlin\"},{\"@type\":\"BreadcrumbList\",\"@id\":\"https:\/\/vosgesinfo.fr\/gerardmerinfo\/2025\/01\/vimala-pons-emma-benestan-seront-les-presidentes-des-jurys-du-festival-international-du-film-fantastique\/#breadcrumb\",\"itemListElement\":[{\"@type\":\"ListItem\",\"position\":1,\"name\":\"Home\",\"item\":\"https:\/\/vosgesinfo.fr\/gerardmerinfo\/\"},{\"@type\":\"ListItem\",\"position\":2,\"name\":\"Vimala Pons &#038; Emma Benestan seront les pr\u00e9sidentes des jurys du Festival international du film fantastique\"}]},{\"@type\":\"WebSite\",\"@id\":\"https:\/\/vosgesinfo.fr\/gerardmerinfo\/#website\",\"url\":\"https:\/\/vosgesinfo.fr\/gerardmerinfo\/\",\"name\":\"Gerardmer Info\",\"description\":\"Toute l&#039;actualit\u00e9 de G\u00e9rardmer\",\"publisher\":{\"@id\":\"https:\/\/vosgesinfo.fr\/gerardmerinfo\/#organization\"},\"alternateName\":\"Toute l'actualit\u00e9 de G\u00e9rardmer\",\"potentialAction\":[{\"@type\":\"SearchAction\",\"target\":{\"@type\":\"EntryPoint\",\"urlTemplate\":\"https:\/\/vosgesinfo.fr\/gerardmerinfo\/?s={search_term_string}\"},\"query-input\":\"required name=search_term_string\"}],\"inLanguage\":\"fr-FR\"},{\"@type\":\"Organization\",\"@id\":\"https:\/\/vosgesinfo.fr\/gerardmerinfo\/#organization\",\"name\":\"Gerardmer Info\",\"url\":\"https:\/\/vosgesinfo.fr\/gerardmerinfo\/\",\"logo\":{\"@type\":\"ImageObject\",\"inLanguage\":\"fr-FR\",\"@id\":\"https:\/\/vosgesinfo.fr\/gerardmerinfo\/#\/schema\/logo\/image\/\",\"url\":\"https:\/\/vosgesinfo.fr\/app\/uploads\/sites\/6\/2023\/08\/favicon-gerardmerinfo.png\",\"contentUrl\":\"https:\/\/vosgesinfo.fr\/app\/uploads\/sites\/6\/2023\/08\/favicon-gerardmerinfo.png\",\"width\":512,\"height\":512,\"caption\":\"Gerardmer Info\"},\"image\":{\"@id\":\"https:\/\/vosgesinfo.fr\/gerardmerinfo\/#\/schema\/logo\/image\/\"},\"sameAs\":[\"https:\/\/www.facebook.com\/profile.php?id=100049475262660\",\"https:\/\/x.com\/VosgesInfo88\",\"https:\/\/www.youtube.com\/@vosgesinfo\"]},{\"@type\":\"Person\",\"@id\":\"https:\/\/vosgesinfo.fr\/gerardmerinfo\/#\/schema\/person\/27a3695b06db98895b354c0765cdfc31\",\"name\":\"La redaction\",\"image\":{\"@type\":\"ImageObject\",\"inLanguage\":\"fr-FR\",\"@id\":\"https:\/\/vosgesinfo.fr\/gerardmerinfo\/#\/schema\/person\/image\/\",\"url\":\"https:\/\/secure.gravatar.com\/avatar\/64c76a78e501cedee55736f43f332df901e1896ae9cd8fad269ae2236dd0e8b6?s=96&d=mm&r=g\",\"contentUrl\":\"https:\/\/secure.gravatar.com\/avatar\/64c76a78e501cedee55736f43f332df901e1896ae9cd8fad269ae2236dd0e8b6?s=96&d=mm&r=g\",\"caption\":\"La redaction\"},\"url\":\"https:\/\/vosgesinfo.fr\/gerardmerinfo\/author\/la-redaction\/\"}]}<\/script>\n<!-- \/ Yoast SEO plugin. -->","yoast_head_json":{"title":"Vimala Pons & Emma Benestan seront les pr\u00e9sidentes des jurys du Festival international du film fantastique - Gerardmer Info","robots":{"index":"index","follow":"follow","max-snippet":"max-snippet:-1","max-image-preview":"max-image-preview:large","max-video-preview":"max-video-preview:-1"},"canonical":"https:\/\/vosgesinfo.fr\/gerardmerinfo\/2025\/01\/vimala-pons-emma-benestan-seront-les-presidentes-des-jurys-du-festival-international-du-film-fantastique\/","twitter_card":"summary_large_image","twitter_title":"Vimala Pons & Emma Benestan seront les pr\u00e9sidentes des jurys du Festival international du film fantastique - Gerardmer Info","twitter_description":"&nbsp; Pour sa 32e \u00e9dition, le Festival international du film fantastique de G\u00e9rardmer a l\u2019honneur de confier la pr\u00e9sidence des [&hellip;]","twitter_image":"https:\/\/vosgesinfo.fr\/app\/uploads\/sites\/6\/2025\/01\/img102.jpg","twitter_creator":"@VosgesInfo88","twitter_site":"@VosgesInfo88","twitter_misc":{"\u00c9crit par":"La redaction","Dur\u00e9e de lecture estim\u00e9e":"4 minutes"},"schema":{"@context":"https:\/\/schema.org","@graph":[{"@type":"Article","@id":"https:\/\/vosgesinfo.fr\/gerardmerinfo\/2025\/01\/vimala-pons-emma-benestan-seront-les-presidentes-des-jurys-du-festival-international-du-film-fantastique\/#article","isPartOf":{"@id":"https:\/\/vosgesinfo.fr\/gerardmerinfo\/2025\/01\/vimala-pons-emma-benestan-seront-les-presidentes-des-jurys-du-festival-international-du-film-fantastique\/"},"author":{"name":"La redaction","@id":"https:\/\/vosgesinfo.fr\/gerardmerinfo\/#\/schema\/person\/27a3695b06db98895b354c0765cdfc31"},"headline":"Vimala Pons &#038; Emma Benestan seront les pr\u00e9sidentes des jurys du Festival international du film fantastique","datePublished":"2025-01-14T09:00:15+00:00","dateModified":"2025-01-15T19:51:23+00:00","mainEntityOfPage":{"@id":"https:\/\/vosgesinfo.fr\/gerardmerinfo\/2025\/01\/vimala-pons-emma-benestan-seront-les-presidentes-des-jurys-du-festival-international-du-film-fantastique\/"},"wordCount":662,"commentCount":0,"publisher":{"@id":"https:\/\/vosgesinfo.fr\/gerardmerinfo\/#organization"},"image":{"@id":"https:\/\/vosgesinfo.fr\/gerardmerinfo\/2025\/01\/vimala-pons-emma-benestan-seront-les-presidentes-des-jurys-du-festival-international-du-film-fantastique\/#primaryimage"},"thumbnailUrl":"https:\/\/vosgesinfo.fr\/app\/uploads\/sites\/6\/2025\/01\/img102.jpg","keywords":["Emma Benestan","festival du film fantastique G\u00e9rardmer","Vimala Pons"],"articleSection":["A la une","Culture","Epinal","Gerardmer","La plaine des vosges","Remiremont","Saint-di\u00e9","Vosges"],"inLanguage":"fr-FR","potentialAction":[{"@type":"CommentAction","name":"Comment","target":["https:\/\/vosgesinfo.fr\/gerardmerinfo\/2025\/01\/vimala-pons-emma-benestan-seront-les-presidentes-des-jurys-du-festival-international-du-film-fantastique\/#respond"]}]},{"@type":"WebPage","@id":"https:\/\/vosgesinfo.fr\/gerardmerinfo\/2025\/01\/vimala-pons-emma-benestan-seront-les-presidentes-des-jurys-du-festival-international-du-film-fantastique\/","url":"https:\/\/vosgesinfo.fr\/gerardmerinfo\/2025\/01\/vimala-pons-emma-benestan-seront-les-presidentes-des-jurys-du-festival-international-du-film-fantastique\/","name":"Vimala Pons & Emma Benestan seront les pr\u00e9sidentes des jurys du Festival international du film fantastique - Gerardmer Info","isPartOf":{"@id":"https:\/\/vosgesinfo.fr\/gerardmerinfo\/#website"},"primaryImageOfPage":{"@id":"https:\/\/vosgesinfo.fr\/gerardmerinfo\/2025\/01\/vimala-pons-emma-benestan-seront-les-presidentes-des-jurys-du-festival-international-du-film-fantastique\/#primaryimage"},"image":{"@id":"https:\/\/vosgesinfo.fr\/gerardmerinfo\/2025\/01\/vimala-pons-emma-benestan-seront-les-presidentes-des-jurys-du-festival-international-du-film-fantastique\/#primaryimage"},"thumbnailUrl":"https:\/\/vosgesinfo.fr\/app\/uploads\/sites\/6\/2025\/01\/img102.jpg","datePublished":"2025-01-14T09:00:15+00:00","dateModified":"2025-01-15T19:51:23+00:00","breadcrumb":{"@id":"https:\/\/vosgesinfo.fr\/gerardmerinfo\/2025\/01\/vimala-pons-emma-benestan-seront-les-presidentes-des-jurys-du-festival-international-du-film-fantastique\/#breadcrumb"},"inLanguage":"fr-FR","potentialAction":[{"@type":"ReadAction","target":["https:\/\/vosgesinfo.fr\/gerardmerinfo\/2025\/01\/vimala-pons-emma-benestan-seront-les-presidentes-des-jurys-du-festival-international-du-film-fantastique\/"]}]},{"@type":"ImageObject","inLanguage":"fr-FR","@id":"https:\/\/vosgesinfo.fr\/gerardmerinfo\/2025\/01\/vimala-pons-emma-benestan-seront-les-presidentes-des-jurys-du-festival-international-du-film-fantastique\/#primaryimage","url":"https:\/\/vosgesinfo.fr\/app\/uploads\/sites\/6\/2025\/01\/img102.jpg","contentUrl":"https:\/\/vosgesinfo.fr\/app\/uploads\/sites\/6\/2025\/01\/img102.jpg","width":412,"height":412,"caption":"Vimala Pons, pr\u00e9sidente du jury longs m\u00e9trages - Photo \u00a9 Rainer_Erain - Berlin"},{"@type":"BreadcrumbList","@id":"https:\/\/vosgesinfo.fr\/gerardmerinfo\/2025\/01\/vimala-pons-emma-benestan-seront-les-presidentes-des-jurys-du-festival-international-du-film-fantastique\/#breadcrumb","itemListElement":[{"@type":"ListItem","position":1,"name":"Home","item":"https:\/\/vosgesinfo.fr\/gerardmerinfo\/"},{"@type":"ListItem","position":2,"name":"Vimala Pons &#038; Emma Benestan seront les pr\u00e9sidentes des jurys du Festival international du film fantastique"}]},{"@type":"WebSite","@id":"https:\/\/vosgesinfo.fr\/gerardmerinfo\/#website","url":"https:\/\/vosgesinfo.fr\/gerardmerinfo\/","name":"Gerardmer Info","description":"Toute l&#039;actualit\u00e9 de G\u00e9rardmer","publisher":{"@id":"https:\/\/vosgesinfo.fr\/gerardmerinfo\/#organization"},"alternateName":"Toute l'actualit\u00e9 de G\u00e9rardmer","potentialAction":[{"@type":"SearchAction","target":{"@type":"EntryPoint","urlTemplate":"https:\/\/vosgesinfo.fr\/gerardmerinfo\/?s={search_term_string}"},"query-input":"required name=search_term_string"}],"inLanguage":"fr-FR"},{"@type":"Organization","@id":"https:\/\/vosgesinfo.fr\/gerardmerinfo\/#organization","name":"Gerardmer Info","url":"https:\/\/vosgesinfo.fr\/gerardmerinfo\/","logo":{"@type":"ImageObject","inLanguage":"fr-FR","@id":"https:\/\/vosgesinfo.fr\/gerardmerinfo\/#\/schema\/logo\/image\/","url":"https:\/\/vosgesinfo.fr\/app\/uploads\/sites\/6\/2023\/08\/favicon-gerardmerinfo.png","contentUrl":"https:\/\/vosgesinfo.fr\/app\/uploads\/sites\/6\/2023\/08\/favicon-gerardmerinfo.png","width":512,"height":512,"caption":"Gerardmer Info"},"image":{"@id":"https:\/\/vosgesinfo.fr\/gerardmerinfo\/#\/schema\/logo\/image\/"},"sameAs":["https:\/\/www.facebook.com\/profile.php?id=100049475262660","https:\/\/x.com\/VosgesInfo88","https:\/\/www.youtube.com\/@vosgesinfo"]},{"@type":"Person","@id":"https:\/\/vosgesinfo.fr\/gerardmerinfo\/#\/schema\/person\/27a3695b06db98895b354c0765cdfc31","name":"La redaction","image":{"@type":"ImageObject","inLanguage":"fr-FR","@id":"https:\/\/vosgesinfo.fr\/gerardmerinfo\/#\/schema\/person\/image\/","url":"https:\/\/secure.gravatar.com\/avatar\/64c76a78e501cedee55736f43f332df901e1896ae9cd8fad269ae2236dd0e8b6?s=96&d=mm&r=g","contentUrl":"https:\/\/secure.gravatar.com\/avatar\/64c76a78e501cedee55736f43f332df901e1896ae9cd8fad269ae2236dd0e8b6?s=96&d=mm&r=g","caption":"La redaction"},"url":"https:\/\/vosgesinfo.fr\/gerardmerinfo\/author\/la-redaction\/"}]}},"_links":{"self":[{"href":"https:\/\/vosgesinfo.fr\/gerardmerinfo\/wp-json\/wp\/v2\/posts\/73009","targetHints":{"allow":["GET"]}}],"collection":[{"href":"https:\/\/vosgesinfo.fr\/gerardmerinfo\/wp-json\/wp\/v2\/posts"}],"about":[{"href":"https:\/\/vosgesinfo.fr\/gerardmerinfo\/wp-json\/wp\/v2\/types\/post"}],"author":[{"embeddable":true,"href":"https:\/\/vosgesinfo.fr\/gerardmerinfo\/wp-json\/wp\/v2\/users\/391"}],"replies":[{"embeddable":true,"href":"https:\/\/vosgesinfo.fr\/gerardmerinfo\/wp-json\/wp\/v2\/comments?post=73009"}],"version-history":[{"count":2,"href":"https:\/\/vosgesinfo.fr\/gerardmerinfo\/wp-json\/wp\/v2\/posts\/73009\/revisions"}],"predecessor-version":[{"id":73013,"href":"https:\/\/vosgesinfo.fr\/gerardmerinfo\/wp-json\/wp\/v2\/posts\/73009\/revisions\/73013"}],"wp:featuredmedia":[{"embeddable":true,"href":"https:\/\/vosgesinfo.fr\/gerardmerinfo\/wp-json\/wp\/v2\/media\/73010"}],"wp:attachment":[{"href":"https:\/\/vosgesinfo.fr\/gerardmerinfo\/wp-json\/wp\/v2\/media?parent=73009"}],"wp:term":[{"taxonomy":"category","embeddable":true,"href":"https:\/\/vosgesinfo.fr\/gerardmerinfo\/wp-json\/wp\/v2\/categories?post=73009"},{"taxonomy":"post_tag","embeddable":true,"href":"https:\/\/vosgesinfo.fr\/gerardmerinfo\/wp-json\/wp\/v2\/tags?post=73009"}],"curies":[{"name":"wp","href":"https:\/\/api.w.org\/{rel}","templated":true}]}}