{"id":73120,"date":"2025-01-16T16:26:26","date_gmt":"2025-01-16T15:26:26","guid":{"rendered":"https:\/\/vosgesinfo.fr\/gerardmerinfo\/?p=73120"},"modified":"2025-01-16T16:11:41","modified_gmt":"2025-01-16T15:11:41","slug":"animations-la-zombie-walk-de-retour-au-festival-international-du-film-fantastique-le-concours-de-vitrines-souvre-aux-particuliers","status":"publish","type":"post","link":"https:\/\/vosgesinfo.fr\/gerardmerinfo\/2025\/01\/animations-la-zombie-walk-de-retour-au-festival-international-du-film-fantastique-le-concours-de-vitrines-souvre-aux-particuliers\/","title":{"rendered":"Animations &#8211; La zombie walk de retour au Festival International du Film Fantastique &#8211; le concours de vitrines s&rsquo;ouvre aux particuliers"},"content":{"rendered":"<p><a href=\"https:\/\/vosgesinfo.fr\/app\/uploads\/sites\/6\/2025\/01\/festival-international-du-film-fantastique-baniere.jpg\"><img decoding=\"async\" class=\"aligncenter wp-image-73032\" src=\"https:\/\/vosgesinfo.fr\/app\/uploads\/sites\/6\/2025\/01\/festival-international-du-film-fantastique-baniere.jpg\" alt=\"\" width=\"581\" height=\"222\" srcset=\"https:\/\/vosgesinfo.fr\/app\/uploads\/sites\/6\/2025\/01\/festival-international-du-film-fantastique-baniere.jpg 881w, https:\/\/vosgesinfo.fr\/app\/uploads\/sites\/6\/2025\/01\/festival-international-du-film-fantastique-baniere-300x114.jpg 300w, https:\/\/vosgesinfo.fr\/app\/uploads\/sites\/6\/2025\/01\/festival-international-du-film-fantastique-baniere-768x293.jpg 768w\" sizes=\"(max-width: 581px) 100vw, 581px\" \/><\/a><\/p>\n<div id=\"attachment_73132\" style=\"width: 310px\" class=\"wp-caption alignright\"><a href=\"https:\/\/vosgesinfo.fr\/app\/uploads\/sites\/6\/2025\/01\/zombie-walk-la-haie-griselle-2013.jpg\"><img decoding=\"async\" aria-describedby=\"caption-attachment-73132\" class=\"size-medium wp-image-73132\" src=\"https:\/\/vosgesinfo.fr\/app\/uploads\/sites\/6\/2025\/01\/zombie-walk-la-haie-griselle-2013-300x199.jpg\" alt=\"\" width=\"300\" height=\"199\" srcset=\"https:\/\/vosgesinfo.fr\/app\/uploads\/sites\/6\/2025\/01\/zombie-walk-la-haie-griselle-2013-300x199.jpg 300w, https:\/\/vosgesinfo.fr\/app\/uploads\/sites\/6\/2025\/01\/zombie-walk-la-haie-griselle-2013-768x510.jpg 768w, https:\/\/vosgesinfo.fr\/app\/uploads\/sites\/6\/2025\/01\/zombie-walk-la-haie-griselle-2013.jpg 1024w\" sizes=\"(max-width: 300px) 100vw, 300px\" \/><\/a><p id=\"caption-attachment-73132\" class=\"wp-caption-text\">Photo d&rsquo;archive<\/p><\/div>\n<p data-pm-slice=\"1 1 []\">Le Festival international du Film Fantastique de G\u00e9rardmer proposera \u00e0 nouveau de tr\u00e8s nombreuses animations gratuites et souvent familiales lors de cette 32\u1d49 \u00e9dition, \u00e0 l&rsquo;image de la zombie walk qui fera son grand retour sous un format un peu diff\u00e9rent. Cette marche, programm\u00e9e le samedi du festival et rebaptis\u00e9e pour l&rsquo;occasion Le D\u00e9fil\u00e9 des P&rsquo;tits Monstres, sera en effet ouverte aux enfants. Des stands de maquillages accueilleront d&rsquo;ailleurs les participants \u00e0 partir de 14 h 30 qui d\u00e9fileront \u00e0 la tomb\u00e9e de la nuit !<\/p>\n<p>Le concours de vitrines sponsoris\u00e9 par les champagnes Cristian Senez est reconduit avec une nouveaut\u00e9 de taille puisqu&rsquo;il sera ouvert aux chalets du march\u00e9 des skieurs de G\u00e9rardmer ainsi qu&rsquo;aux balcons des particuliers. Une excellente nouvelle qui devrait inciter encore plus d&rsquo;amoureux du fantastique \u00e0 contribuer \u00e0 l&rsquo;ambiance du festival. \u00c0 noter qu&rsquo;un plan de la ville indiquant les participants sera distribu\u00e9 au public au point info du festival. Et en se promenant, il sera \u00e9galement possible de participer \u00e0 un jeu de piste fantastique en partenariat avec les commer\u00e7ants locaux \u00e0 base d&rsquo;\u00e9nigmes, de mots \u00e0 d\u00e9couvrir et de phrases \u00e0 reconstituer pour tenter de gagner des lots. Toujours dans le registre familial, et sans \u00eatre exhaustif, deux quizz figurent \u00e9galement au menu : un burger quizz de l&rsquo;horreur et un quizz musical qui commence \u00e0 devenir un des incontournables du festival, en partenariat avec la maison de la musique.<\/p>\n<p>Le d\u00e9tail des animations sera \u00e0 retrouver prochainement sur le site du festival : <a href=\"https:\/\/festival-gerardmer.com\/2025\/\" target=\"_blank\" rel=\"noopener\">https:\/\/festival-gerardmer.com\/2025\/<\/a><\/p>\n","protected":false},"excerpt":{"rendered":"<p>Le Festival international du Film Fantastique de G\u00e9rardmer proposera \u00e0 nouveau de tr\u00e8s nombreuses animations gratuites et souvent familiales lors [&hellip;]<\/p>\n","protected":false},"author":42,"featured_media":73132,"comment_status":"open","ping_status":"open","sticky":false,"template":"","format":"standard","meta":{"footnotes":""},"categories":[20,878,5647,328,868,946,18],"tags":[6443,231,6438,6442],"class_list":["post-73120","post","type-post","status-publish","format-standard","has-post-thumbnail","hentry","category-a-la-une","category-epinal","category-gerardmer-autres-sites","category-la-plaine-des-vosges","category-remiremont","category-saint-die","category-vosges","tag-burger-quizz","tag-concours-de-vitrines","tag-festival-international-du-film-fantastique-de-gerardmer","tag-quizz-musical"],"acf":[],"yoast_head":"<!-- This site is optimized with the Yoast SEO plugin v22.5 - https:\/\/yoast.com\/wordpress\/plugins\/seo\/ -->\n<title>Animations - La zombie walk de retour au Festival International du Film Fantastique - le concours de vitrines s&#039;ouvre aux particuliers - Gerardmer Info<\/title>\n<meta name=\"robots\" content=\"index, follow, max-snippet:-1, max-image-preview:large, max-video-preview:-1\" \/>\n<link rel=\"canonical\" href=\"https:\/\/vosgesinfo.fr\/gerardmerinfo\/2025\/01\/animations-la-zombie-walk-de-retour-au-festival-international-du-film-fantastique-le-concours-de-vitrines-souvre-aux-particuliers\/\" \/>\n<meta name=\"twitter:card\" content=\"summary_large_image\" \/>\n<meta name=\"twitter:title\" content=\"Animations - La zombie walk de retour au Festival International du Film Fantastique - le concours de vitrines s&#039;ouvre aux particuliers - Gerardmer Info\" \/>\n<meta name=\"twitter:description\" content=\"Le Festival international du Film Fantastique de G\u00e9rardmer proposera \u00e0 nouveau de tr\u00e8s nombreuses animations gratuites et souvent familiales lors [&hellip;]\" \/>\n<meta name=\"twitter:image\" content=\"https:\/\/vosgesinfo.fr\/app\/uploads\/sites\/6\/2025\/01\/zombie-walk-la-haie-griselle-2013.jpg\" \/>\n<meta name=\"twitter:creator\" content=\"@VosgesInfo88\" \/>\n<meta name=\"twitter:site\" content=\"@VosgesInfo88\" \/>\n<meta name=\"twitter:label1\" content=\"\u00c9crit par\" \/>\n\t<meta name=\"twitter:data1\" content=\"QG\" \/>\n\t<meta name=\"twitter:label2\" content=\"Dur\u00e9e de lecture estim\u00e9e\" \/>\n\t<meta name=\"twitter:data2\" content=\"1 minute\" \/>\n<script type=\"application\/ld+json\" class=\"yoast-schema-graph\">{\"@context\":\"https:\/\/schema.org\",\"@graph\":[{\"@type\":\"Article\",\"@id\":\"https:\/\/vosgesinfo.fr\/gerardmerinfo\/2025\/01\/animations-la-zombie-walk-de-retour-au-festival-international-du-film-fantastique-le-concours-de-vitrines-souvre-aux-particuliers\/#article\",\"isPartOf\":{\"@id\":\"https:\/\/vosgesinfo.fr\/gerardmerinfo\/2025\/01\/animations-la-zombie-walk-de-retour-au-festival-international-du-film-fantastique-le-concours-de-vitrines-souvre-aux-particuliers\/\"},\"author\":{\"name\":\"QG\",\"@id\":\"https:\/\/vosgesinfo.fr\/gerardmerinfo\/#\/schema\/person\/db5605779a843dad16b5368f3e7613a5\"},\"headline\":\"Animations &#8211; La zombie walk de retour au Festival International du Film Fantastique &#8211; le concours de vitrines s&rsquo;ouvre aux particuliers\",\"datePublished\":\"2025-01-16T15:26:26+00:00\",\"dateModified\":\"2025-01-16T15:11:41+00:00\",\"mainEntityOfPage\":{\"@id\":\"https:\/\/vosgesinfo.fr\/gerardmerinfo\/2025\/01\/animations-la-zombie-walk-de-retour-au-festival-international-du-film-fantastique-le-concours-de-vitrines-souvre-aux-particuliers\/\"},\"wordCount\":290,\"commentCount\":0,\"publisher\":{\"@id\":\"https:\/\/vosgesinfo.fr\/gerardmerinfo\/#organization\"},\"image\":{\"@id\":\"https:\/\/vosgesinfo.fr\/gerardmerinfo\/2025\/01\/animations-la-zombie-walk-de-retour-au-festival-international-du-film-fantastique-le-concours-de-vitrines-souvre-aux-particuliers\/#primaryimage\"},\"thumbnailUrl\":\"https:\/\/vosgesinfo.fr\/app\/uploads\/sites\/6\/2025\/01\/zombie-walk-la-haie-griselle-2013.jpg\",\"keywords\":[\"Burger quizz\",\"concours de vitrines\",\"Festival International du film fantastique de G\u00e9rardmer\",\"quizz musical\"],\"articleSection\":[\"A la une\",\"Epinal\",\"Gerardmer\",\"La plaine des vosges\",\"Remiremont\",\"Saint-di\u00e9\",\"Vosges\"],\"inLanguage\":\"fr-FR\",\"potentialAction\":[{\"@type\":\"CommentAction\",\"name\":\"Comment\",\"target\":[\"https:\/\/vosgesinfo.fr\/gerardmerinfo\/2025\/01\/animations-la-zombie-walk-de-retour-au-festival-international-du-film-fantastique-le-concours-de-vitrines-souvre-aux-particuliers\/#respond\"]}]},{\"@type\":\"WebPage\",\"@id\":\"https:\/\/vosgesinfo.fr\/gerardmerinfo\/2025\/01\/animations-la-zombie-walk-de-retour-au-festival-international-du-film-fantastique-le-concours-de-vitrines-souvre-aux-particuliers\/\",\"url\":\"https:\/\/vosgesinfo.fr\/gerardmerinfo\/2025\/01\/animations-la-zombie-walk-de-retour-au-festival-international-du-film-fantastique-le-concours-de-vitrines-souvre-aux-particuliers\/\",\"name\":\"Animations - La zombie walk de retour au Festival International du Film Fantastique - le concours de vitrines s'ouvre aux particuliers - Gerardmer Info\",\"isPartOf\":{\"@id\":\"https:\/\/vosgesinfo.fr\/gerardmerinfo\/#website\"},\"primaryImageOfPage\":{\"@id\":\"https:\/\/vosgesinfo.fr\/gerardmerinfo\/2025\/01\/animations-la-zombie-walk-de-retour-au-festival-international-du-film-fantastique-le-concours-de-vitrines-souvre-aux-particuliers\/#primaryimage\"},\"image\":{\"@id\":\"https:\/\/vosgesinfo.fr\/gerardmerinfo\/2025\/01\/animations-la-zombie-walk-de-retour-au-festival-international-du-film-fantastique-le-concours-de-vitrines-souvre-aux-particuliers\/#primaryimage\"},\"thumbnailUrl\":\"https:\/\/vosgesinfo.fr\/app\/uploads\/sites\/6\/2025\/01\/zombie-walk-la-haie-griselle-2013.jpg\",\"datePublished\":\"2025-01-16T15:26:26+00:00\",\"dateModified\":\"2025-01-16T15:11:41+00:00\",\"breadcrumb\":{\"@id\":\"https:\/\/vosgesinfo.fr\/gerardmerinfo\/2025\/01\/animations-la-zombie-walk-de-retour-au-festival-international-du-film-fantastique-le-concours-de-vitrines-souvre-aux-particuliers\/#breadcrumb\"},\"inLanguage\":\"fr-FR\",\"potentialAction\":[{\"@type\":\"ReadAction\",\"target\":[\"https:\/\/vosgesinfo.fr\/gerardmerinfo\/2025\/01\/animations-la-zombie-walk-de-retour-au-festival-international-du-film-fantastique-le-concours-de-vitrines-souvre-aux-particuliers\/\"]}]},{\"@type\":\"ImageObject\",\"inLanguage\":\"fr-FR\",\"@id\":\"https:\/\/vosgesinfo.fr\/gerardmerinfo\/2025\/01\/animations-la-zombie-walk-de-retour-au-festival-international-du-film-fantastique-le-concours-de-vitrines-souvre-aux-particuliers\/#primaryimage\",\"url\":\"https:\/\/vosgesinfo.fr\/app\/uploads\/sites\/6\/2025\/01\/zombie-walk-la-haie-griselle-2013.jpg\",\"contentUrl\":\"https:\/\/vosgesinfo.fr\/app\/uploads\/sites\/6\/2025\/01\/zombie-walk-la-haie-griselle-2013.jpg\",\"width\":1024,\"height\":680,\"caption\":\"Photo d'archive\"},{\"@type\":\"BreadcrumbList\",\"@id\":\"https:\/\/vosgesinfo.fr\/gerardmerinfo\/2025\/01\/animations-la-zombie-walk-de-retour-au-festival-international-du-film-fantastique-le-concours-de-vitrines-souvre-aux-particuliers\/#breadcrumb\",\"itemListElement\":[{\"@type\":\"ListItem\",\"position\":1,\"name\":\"Home\",\"item\":\"https:\/\/vosgesinfo.fr\/gerardmerinfo\/\"},{\"@type\":\"ListItem\",\"position\":2,\"name\":\"Animations &#8211; La zombie walk de retour au Festival International du Film Fantastique &#8211; le concours de vitrines s&rsquo;ouvre aux particuliers\"}]},{\"@type\":\"WebSite\",\"@id\":\"https:\/\/vosgesinfo.fr\/gerardmerinfo\/#website\",\"url\":\"https:\/\/vosgesinfo.fr\/gerardmerinfo\/\",\"name\":\"Gerardmer Info\",\"description\":\"Toute l&#039;actualit\u00e9 de G\u00e9rardmer\",\"publisher\":{\"@id\":\"https:\/\/vosgesinfo.fr\/gerardmerinfo\/#organization\"},\"alternateName\":\"Toute l'actualit\u00e9 de G\u00e9rardmer\",\"potentialAction\":[{\"@type\":\"SearchAction\",\"target\":{\"@type\":\"EntryPoint\",\"urlTemplate\":\"https:\/\/vosgesinfo.fr\/gerardmerinfo\/?s={search_term_string}\"},\"query-input\":\"required name=search_term_string\"}],\"inLanguage\":\"fr-FR\"},{\"@type\":\"Organization\",\"@id\":\"https:\/\/vosgesinfo.fr\/gerardmerinfo\/#organization\",\"name\":\"Gerardmer Info\",\"url\":\"https:\/\/vosgesinfo.fr\/gerardmerinfo\/\",\"logo\":{\"@type\":\"ImageObject\",\"inLanguage\":\"fr-FR\",\"@id\":\"https:\/\/vosgesinfo.fr\/gerardmerinfo\/#\/schema\/logo\/image\/\",\"url\":\"https:\/\/vosgesinfo.fr\/app\/uploads\/sites\/6\/2023\/08\/favicon-gerardmerinfo.png\",\"contentUrl\":\"https:\/\/vosgesinfo.fr\/app\/uploads\/sites\/6\/2023\/08\/favicon-gerardmerinfo.png\",\"width\":512,\"height\":512,\"caption\":\"Gerardmer Info\"},\"image\":{\"@id\":\"https:\/\/vosgesinfo.fr\/gerardmerinfo\/#\/schema\/logo\/image\/\"},\"sameAs\":[\"https:\/\/www.facebook.com\/profile.php?id=100049475262660\",\"https:\/\/x.com\/VosgesInfo88\",\"https:\/\/www.youtube.com\/@vosgesinfo\"]},{\"@type\":\"Person\",\"@id\":\"https:\/\/vosgesinfo.fr\/gerardmerinfo\/#\/schema\/person\/db5605779a843dad16b5368f3e7613a5\",\"name\":\"QG\",\"image\":{\"@type\":\"ImageObject\",\"inLanguage\":\"fr-FR\",\"@id\":\"https:\/\/vosgesinfo.fr\/gerardmerinfo\/#\/schema\/person\/image\/\",\"url\":\"https:\/\/secure.gravatar.com\/avatar\/ea80c42c204b534408512832fde52504ecabb9706bcb6151cf6175e5b64e6793?s=96&d=mm&r=g\",\"contentUrl\":\"https:\/\/secure.gravatar.com\/avatar\/ea80c42c204b534408512832fde52504ecabb9706bcb6151cf6175e5b64e6793?s=96&d=mm&r=g\",\"caption\":\"QG\"},\"url\":\"https:\/\/vosgesinfo.fr\/gerardmerinfo\/author\/quentin88\/\"}]}<\/script>\n<!-- \/ Yoast SEO plugin. -->","yoast_head_json":{"title":"Animations - La zombie walk de retour au Festival International du Film Fantastique - le concours de vitrines s'ouvre aux particuliers - Gerardmer Info","robots":{"index":"index","follow":"follow","max-snippet":"max-snippet:-1","max-image-preview":"max-image-preview:large","max-video-preview":"max-video-preview:-1"},"canonical":"https:\/\/vosgesinfo.fr\/gerardmerinfo\/2025\/01\/animations-la-zombie-walk-de-retour-au-festival-international-du-film-fantastique-le-concours-de-vitrines-souvre-aux-particuliers\/","twitter_card":"summary_large_image","twitter_title":"Animations - La zombie walk de retour au Festival International du Film Fantastique - le concours de vitrines s'ouvre aux particuliers - Gerardmer Info","twitter_description":"Le Festival international du Film Fantastique de G\u00e9rardmer proposera \u00e0 nouveau de tr\u00e8s nombreuses animations gratuites et souvent familiales lors [&hellip;]","twitter_image":"https:\/\/vosgesinfo.fr\/app\/uploads\/sites\/6\/2025\/01\/zombie-walk-la-haie-griselle-2013.jpg","twitter_creator":"@VosgesInfo88","twitter_site":"@VosgesInfo88","twitter_misc":{"\u00c9crit par":"QG","Dur\u00e9e de lecture estim\u00e9e":"1 minute"},"schema":{"@context":"https:\/\/schema.org","@graph":[{"@type":"Article","@id":"https:\/\/vosgesinfo.fr\/gerardmerinfo\/2025\/01\/animations-la-zombie-walk-de-retour-au-festival-international-du-film-fantastique-le-concours-de-vitrines-souvre-aux-particuliers\/#article","isPartOf":{"@id":"https:\/\/vosgesinfo.fr\/gerardmerinfo\/2025\/01\/animations-la-zombie-walk-de-retour-au-festival-international-du-film-fantastique-le-concours-de-vitrines-souvre-aux-particuliers\/"},"author":{"name":"QG","@id":"https:\/\/vosgesinfo.fr\/gerardmerinfo\/#\/schema\/person\/db5605779a843dad16b5368f3e7613a5"},"headline":"Animations &#8211; La zombie walk de retour au Festival International du Film Fantastique &#8211; le concours de vitrines s&rsquo;ouvre aux particuliers","datePublished":"2025-01-16T15:26:26+00:00","dateModified":"2025-01-16T15:11:41+00:00","mainEntityOfPage":{"@id":"https:\/\/vosgesinfo.fr\/gerardmerinfo\/2025\/01\/animations-la-zombie-walk-de-retour-au-festival-international-du-film-fantastique-le-concours-de-vitrines-souvre-aux-particuliers\/"},"wordCount":290,"commentCount":0,"publisher":{"@id":"https:\/\/vosgesinfo.fr\/gerardmerinfo\/#organization"},"image":{"@id":"https:\/\/vosgesinfo.fr\/gerardmerinfo\/2025\/01\/animations-la-zombie-walk-de-retour-au-festival-international-du-film-fantastique-le-concours-de-vitrines-souvre-aux-particuliers\/#primaryimage"},"thumbnailUrl":"https:\/\/vosgesinfo.fr\/app\/uploads\/sites\/6\/2025\/01\/zombie-walk-la-haie-griselle-2013.jpg","keywords":["Burger quizz","concours de vitrines","Festival International du film fantastique de G\u00e9rardmer","quizz musical"],"articleSection":["A la une","Epinal","Gerardmer","La plaine des vosges","Remiremont","Saint-di\u00e9","Vosges"],"inLanguage":"fr-FR","potentialAction":[{"@type":"CommentAction","name":"Comment","target":["https:\/\/vosgesinfo.fr\/gerardmerinfo\/2025\/01\/animations-la-zombie-walk-de-retour-au-festival-international-du-film-fantastique-le-concours-de-vitrines-souvre-aux-particuliers\/#respond"]}]},{"@type":"WebPage","@id":"https:\/\/vosgesinfo.fr\/gerardmerinfo\/2025\/01\/animations-la-zombie-walk-de-retour-au-festival-international-du-film-fantastique-le-concours-de-vitrines-souvre-aux-particuliers\/","url":"https:\/\/vosgesinfo.fr\/gerardmerinfo\/2025\/01\/animations-la-zombie-walk-de-retour-au-festival-international-du-film-fantastique-le-concours-de-vitrines-souvre-aux-particuliers\/","name":"Animations - La zombie walk de retour au Festival International du Film Fantastique - le concours de vitrines s'ouvre aux particuliers - Gerardmer Info","isPartOf":{"@id":"https:\/\/vosgesinfo.fr\/gerardmerinfo\/#website"},"primaryImageOfPage":{"@id":"https:\/\/vosgesinfo.fr\/gerardmerinfo\/2025\/01\/animations-la-zombie-walk-de-retour-au-festival-international-du-film-fantastique-le-concours-de-vitrines-souvre-aux-particuliers\/#primaryimage"},"image":{"@id":"https:\/\/vosgesinfo.fr\/gerardmerinfo\/2025\/01\/animations-la-zombie-walk-de-retour-au-festival-international-du-film-fantastique-le-concours-de-vitrines-souvre-aux-particuliers\/#primaryimage"},"thumbnailUrl":"https:\/\/vosgesinfo.fr\/app\/uploads\/sites\/6\/2025\/01\/zombie-walk-la-haie-griselle-2013.jpg","datePublished":"2025-01-16T15:26:26+00:00","dateModified":"2025-01-16T15:11:41+00:00","breadcrumb":{"@id":"https:\/\/vosgesinfo.fr\/gerardmerinfo\/2025\/01\/animations-la-zombie-walk-de-retour-au-festival-international-du-film-fantastique-le-concours-de-vitrines-souvre-aux-particuliers\/#breadcrumb"},"inLanguage":"fr-FR","potentialAction":[{"@type":"ReadAction","target":["https:\/\/vosgesinfo.fr\/gerardmerinfo\/2025\/01\/animations-la-zombie-walk-de-retour-au-festival-international-du-film-fantastique-le-concours-de-vitrines-souvre-aux-particuliers\/"]}]},{"@type":"ImageObject","inLanguage":"fr-FR","@id":"https:\/\/vosgesinfo.fr\/gerardmerinfo\/2025\/01\/animations-la-zombie-walk-de-retour-au-festival-international-du-film-fantastique-le-concours-de-vitrines-souvre-aux-particuliers\/#primaryimage","url":"https:\/\/vosgesinfo.fr\/app\/uploads\/sites\/6\/2025\/01\/zombie-walk-la-haie-griselle-2013.jpg","contentUrl":"https:\/\/vosgesinfo.fr\/app\/uploads\/sites\/6\/2025\/01\/zombie-walk-la-haie-griselle-2013.jpg","width":1024,"height":680,"caption":"Photo d'archive"},{"@type":"BreadcrumbList","@id":"https:\/\/vosgesinfo.fr\/gerardmerinfo\/2025\/01\/animations-la-zombie-walk-de-retour-au-festival-international-du-film-fantastique-le-concours-de-vitrines-souvre-aux-particuliers\/#breadcrumb","itemListElement":[{"@type":"ListItem","position":1,"name":"Home","item":"https:\/\/vosgesinfo.fr\/gerardmerinfo\/"},{"@type":"ListItem","position":2,"name":"Animations &#8211; La zombie walk de retour au Festival International du Film Fantastique &#8211; le concours de vitrines s&rsquo;ouvre aux particuliers"}]},{"@type":"WebSite","@id":"https:\/\/vosgesinfo.fr\/gerardmerinfo\/#website","url":"https:\/\/vosgesinfo.fr\/gerardmerinfo\/","name":"Gerardmer Info","description":"Toute l&#039;actualit\u00e9 de G\u00e9rardmer","publisher":{"@id":"https:\/\/vosgesinfo.fr\/gerardmerinfo\/#organization"},"alternateName":"Toute l'actualit\u00e9 de G\u00e9rardmer","potentialAction":[{"@type":"SearchAction","target":{"@type":"EntryPoint","urlTemplate":"https:\/\/vosgesinfo.fr\/gerardmerinfo\/?s={search_term_string}"},"query-input":"required name=search_term_string"}],"inLanguage":"fr-FR"},{"@type":"Organization","@id":"https:\/\/vosgesinfo.fr\/gerardmerinfo\/#organization","name":"Gerardmer Info","url":"https:\/\/vosgesinfo.fr\/gerardmerinfo\/","logo":{"@type":"ImageObject","inLanguage":"fr-FR","@id":"https:\/\/vosgesinfo.fr\/gerardmerinfo\/#\/schema\/logo\/image\/","url":"https:\/\/vosgesinfo.fr\/app\/uploads\/sites\/6\/2023\/08\/favicon-gerardmerinfo.png","contentUrl":"https:\/\/vosgesinfo.fr\/app\/uploads\/sites\/6\/2023\/08\/favicon-gerardmerinfo.png","width":512,"height":512,"caption":"Gerardmer Info"},"image":{"@id":"https:\/\/vosgesinfo.fr\/gerardmerinfo\/#\/schema\/logo\/image\/"},"sameAs":["https:\/\/www.facebook.com\/profile.php?id=100049475262660","https:\/\/x.com\/VosgesInfo88","https:\/\/www.youtube.com\/@vosgesinfo"]},{"@type":"Person","@id":"https:\/\/vosgesinfo.fr\/gerardmerinfo\/#\/schema\/person\/db5605779a843dad16b5368f3e7613a5","name":"QG","image":{"@type":"ImageObject","inLanguage":"fr-FR","@id":"https:\/\/vosgesinfo.fr\/gerardmerinfo\/#\/schema\/person\/image\/","url":"https:\/\/secure.gravatar.com\/avatar\/ea80c42c204b534408512832fde52504ecabb9706bcb6151cf6175e5b64e6793?s=96&d=mm&r=g","contentUrl":"https:\/\/secure.gravatar.com\/avatar\/ea80c42c204b534408512832fde52504ecabb9706bcb6151cf6175e5b64e6793?s=96&d=mm&r=g","caption":"QG"},"url":"https:\/\/vosgesinfo.fr\/gerardmerinfo\/author\/quentin88\/"}]}},"_links":{"self":[{"href":"https:\/\/vosgesinfo.fr\/gerardmerinfo\/wp-json\/wp\/v2\/posts\/73120","targetHints":{"allow":["GET"]}}],"collection":[{"href":"https:\/\/vosgesinfo.fr\/gerardmerinfo\/wp-json\/wp\/v2\/posts"}],"about":[{"href":"https:\/\/vosgesinfo.fr\/gerardmerinfo\/wp-json\/wp\/v2\/types\/post"}],"author":[{"embeddable":true,"href":"https:\/\/vosgesinfo.fr\/gerardmerinfo\/wp-json\/wp\/v2\/users\/42"}],"replies":[{"embeddable":true,"href":"https:\/\/vosgesinfo.fr\/gerardmerinfo\/wp-json\/wp\/v2\/comments?post=73120"}],"version-history":[{"count":2,"href":"https:\/\/vosgesinfo.fr\/gerardmerinfo\/wp-json\/wp\/v2\/posts\/73120\/revisions"}],"predecessor-version":[{"id":73134,"href":"https:\/\/vosgesinfo.fr\/gerardmerinfo\/wp-json\/wp\/v2\/posts\/73120\/revisions\/73134"}],"wp:featuredmedia":[{"embeddable":true,"href":"https:\/\/vosgesinfo.fr\/gerardmerinfo\/wp-json\/wp\/v2\/media\/73132"}],"wp:attachment":[{"href":"https:\/\/vosgesinfo.fr\/gerardmerinfo\/wp-json\/wp\/v2\/media?parent=73120"}],"wp:term":[{"taxonomy":"category","embeddable":true,"href":"https:\/\/vosgesinfo.fr\/gerardmerinfo\/wp-json\/wp\/v2\/categories?post=73120"},{"taxonomy":"post_tag","embeddable":true,"href":"https:\/\/vosgesinfo.fr\/gerardmerinfo\/wp-json\/wp\/v2\/tags?post=73120"}],"curies":[{"name":"wp","href":"https:\/\/api.w.org\/{rel}","templated":true}]}}