{"id":7314,"date":"2024-04-03T05:59:51","date_gmt":"2024-04-03T03:59:51","guid":{"rendered":"https:\/\/vosgesinfo.fr\/gerardmerinfo\/?p=7314"},"modified":"2024-04-01T14:40:32","modified_gmt":"2024-04-01T12:40:32","slug":"le-printemps-de-la-palestine-a-gerardmer","status":"publish","type":"post","link":"https:\/\/vosgesinfo.fr\/gerardmerinfo\/2024\/04\/le-printemps-de-la-palestine-a-gerardmer\/","title":{"rendered":"LE PRINTEMPS DE LA PALESTINE A GERARDMER"},"content":{"rendered":"<p style=\"text-align: left;\" align=\"center\"><a href=\"https:\/\/vosgesinfo.fr\/app\/uploads\/sites\/6\/2024\/03\/affiche-printemps-2024-page-0001.jpg\"><img decoding=\"async\" class=\"aligncenter size-medium wp-image-7315\" src=\"https:\/\/vosgesinfo.fr\/app\/uploads\/sites\/6\/2024\/03\/affiche-printemps-2024-page-0001-211x300.jpg\" alt=\"\" width=\"211\" height=\"300\" srcset=\"https:\/\/vosgesinfo.fr\/app\/uploads\/sites\/6\/2024\/03\/affiche-printemps-2024-page-0001-211x300.jpg 211w, https:\/\/vosgesinfo.fr\/app\/uploads\/sites\/6\/2024\/03\/affiche-printemps-2024-page-0001-719x1024.jpg 719w, https:\/\/vosgesinfo.fr\/app\/uploads\/sites\/6\/2024\/03\/affiche-printemps-2024-page-0001-768x1094.jpg 768w, https:\/\/vosgesinfo.fr\/app\/uploads\/sites\/6\/2024\/03\/affiche-printemps-2024-page-0001-1079x1536.jpg 1079w, https:\/\/vosgesinfo.fr\/app\/uploads\/sites\/6\/2024\/03\/affiche-printemps-2024-page-0001.jpg 1224w\" sizes=\"(max-width: 211px) 100vw, 211px\" \/><\/a><\/p>\n<p><b>GAZA<\/b><\/p>\n<p>Nous, citoyens du monde, nous nous sentons impuissants devant le g\u00e9nocide qui se d\u00e9roule<\/p>\n<p>Sous nos yeux. Nous sommes impuissants mais pas indiff\u00e9rents.<\/p>\n<p><b>Le dimanche 7 AVRIL<\/b>, la ligue des droits de l\u2019Homme et l\u2019association France Palestine solidarit\u00e9 vous invitent \u00e0 une journ\u00e9e militante et solidaire, \u00e0 la maison de la culture et des loisirs de G\u00e9rardmer.<\/p>\n<p><u>Au programme<\/u>\u00a0:<\/p>\n<p>11H30 \u00e9changes avec Anne Paq, photographe et cin\u00e9aste, auteure de plusieurs photographies de l\u2019exposition \u00ab\u00a0Palestine, l\u2019eau confisqu\u00e9e\u00a0\u00bb visible \u00e0 l\u2019espace tilleul du 8 au 13 avril. Anne a pass\u00e9, plus de 10 ans, \u00e0 couvrir des sujets sur la Palestine.<\/p>\n<p>12h30 repas palestinien<\/p>\n<p><span lang=\"en-US\">15h film ALAM (2023) de Firas Khouris<\/span><\/p>\n<p>Tamer mene avec ses amis la vie d\u2019un lyc\u00e9en insouciant jusqu\u2019\u00e0 l\u2019arriv\u00e9e de la belle Mayssa. Pour lui plaire, il accepte de prendre part \u00e0 une myst\u00e9rieuse op\u00e9ration drapeau. la veille de la f\u00eate de l\u2019ind\u00e9pendance isra\u00e9lienne qui est aussi pour la Palestine le jour de la Nakba (la catastrophe) il hisse au fronton de son lyc\u00e9e le drapeau palestinien au lieu et place du drapeau isra\u00e9lien. La nonchalance typique de cet \u00e2ge se heurte soudain \u00e0 une situation politique et sociale qui va l\u2019obliger \u00e0 s\u2019engager. Les derni\u00e8res images du film sont bouleversantes \u00e0 ce point de vue.<\/p>\n<p>D\u00e9bat anim\u00e9 par Anne Paq.<\/p>\n<p>Tarif cin\u00e9ma habituel MCL<\/p>\n<p>17h30. Go\u00fbter th\u00e9 et petits g\u00e2teaux orientaux<\/p>\n<p><u>Tarif du repas<\/u>\u00a0:<\/p>\n<p>25 euros \u2013 r\u00e9servation imp\u00e9rative avant le 2 avril au 0608719746 ou <span style=\"color: #0563c1;\"><u><a href=\"mailto:laurencevosges05@gmail.com\">laurencevosges05@gmail.com<\/a><\/u><\/span><\/p>\n<p>Vous pouvez participer aux 3 temps forts de la journ\u00e9e pour mieux comprendre la situation de Gaza ou choisir l\u2019un ou l\u2019autre suivant vos go\u00fbts et disponibilit\u00e9s.<\/p>\n","protected":false},"excerpt":{"rendered":"<p>GAZA Nous, citoyens du monde, nous nous sentons impuissants devant le g\u00e9nocide qui se d\u00e9roule Sous nos yeux. Nous sommes [&hellip;]<\/p>\n","protected":false},"author":42,"featured_media":7315,"comment_status":"closed","ping_status":"open","sticky":false,"template":"","format":"standard","meta":{"footnotes":""},"categories":[20,25,26,17],"tags":[],"class_list":["post-7314","post","type-post","status-publish","format-standard","has-post-thumbnail","hentry","category-a-la-une","category-gerardmer","category-solidarite","category-vie-associative"],"acf":[],"yoast_head":"<!-- This site is optimized with the Yoast SEO plugin v22.5 - https:\/\/yoast.com\/wordpress\/plugins\/seo\/ -->\n<title>LE PRINTEMPS DE LA PALESTINE A GERARDMER - Gerardmer Info<\/title>\n<meta name=\"robots\" content=\"index, follow, max-snippet:-1, max-image-preview:large, max-video-preview:-1\" \/>\n<link rel=\"canonical\" href=\"https:\/\/vosgesinfo.fr\/gerardmerinfo\/2024\/04\/le-printemps-de-la-palestine-a-gerardmer\/\" \/>\n<meta name=\"twitter:card\" content=\"summary_large_image\" \/>\n<meta name=\"twitter:title\" content=\"LE PRINTEMPS DE LA PALESTINE A GERARDMER - Gerardmer Info\" \/>\n<meta name=\"twitter:description\" content=\"GAZA Nous, citoyens du monde, nous nous sentons impuissants devant le g\u00e9nocide qui se d\u00e9roule Sous nos yeux. Nous sommes [&hellip;]\" \/>\n<meta name=\"twitter:image\" content=\"https:\/\/vosgesinfo.fr\/app\/uploads\/sites\/6\/2024\/03\/affiche-printemps-2024-page-0001.jpg\" \/>\n<meta name=\"twitter:creator\" content=\"@VosgesInfo88\" \/>\n<meta name=\"twitter:site\" content=\"@VosgesInfo88\" \/>\n<meta name=\"twitter:label1\" content=\"\u00c9crit par\" \/>\n\t<meta name=\"twitter:data1\" content=\"QG\" \/>\n\t<meta name=\"twitter:label2\" content=\"Dur\u00e9e de lecture estim\u00e9e\" \/>\n\t<meta name=\"twitter:data2\" content=\"1 minute\" \/>\n<script type=\"application\/ld+json\" class=\"yoast-schema-graph\">{\"@context\":\"https:\/\/schema.org\",\"@graph\":[{\"@type\":\"Article\",\"@id\":\"https:\/\/vosgesinfo.fr\/gerardmerinfo\/2024\/04\/le-printemps-de-la-palestine-a-gerardmer\/#article\",\"isPartOf\":{\"@id\":\"https:\/\/vosgesinfo.fr\/gerardmerinfo\/2024\/04\/le-printemps-de-la-palestine-a-gerardmer\/\"},\"author\":{\"name\":\"QG\",\"@id\":\"https:\/\/vosgesinfo.fr\/gerardmerinfo\/#\/schema\/person\/db5605779a843dad16b5368f3e7613a5\"},\"headline\":\"LE PRINTEMPS DE LA PALESTINE A GERARDMER\",\"datePublished\":\"2024-04-03T03:59:51+00:00\",\"dateModified\":\"2024-04-01T12:40:32+00:00\",\"mainEntityOfPage\":{\"@id\":\"https:\/\/vosgesinfo.fr\/gerardmerinfo\/2024\/04\/le-printemps-de-la-palestine-a-gerardmer\/\"},\"wordCount\":297,\"publisher\":{\"@id\":\"https:\/\/vosgesinfo.fr\/gerardmerinfo\/#organization\"},\"image\":{\"@id\":\"https:\/\/vosgesinfo.fr\/gerardmerinfo\/2024\/04\/le-printemps-de-la-palestine-a-gerardmer\/#primaryimage\"},\"thumbnailUrl\":\"https:\/\/vosgesinfo.fr\/app\/uploads\/sites\/6\/2024\/03\/affiche-printemps-2024-page-0001.jpg\",\"articleSection\":[\"A la une\",\"G\u00e9rardmer\",\"solidarit\u00e9\",\"Vie Associative\"],\"inLanguage\":\"fr-FR\"},{\"@type\":\"WebPage\",\"@id\":\"https:\/\/vosgesinfo.fr\/gerardmerinfo\/2024\/04\/le-printemps-de-la-palestine-a-gerardmer\/\",\"url\":\"https:\/\/vosgesinfo.fr\/gerardmerinfo\/2024\/04\/le-printemps-de-la-palestine-a-gerardmer\/\",\"name\":\"LE PRINTEMPS DE LA PALESTINE A GERARDMER - Gerardmer Info\",\"isPartOf\":{\"@id\":\"https:\/\/vosgesinfo.fr\/gerardmerinfo\/#website\"},\"primaryImageOfPage\":{\"@id\":\"https:\/\/vosgesinfo.fr\/gerardmerinfo\/2024\/04\/le-printemps-de-la-palestine-a-gerardmer\/#primaryimage\"},\"image\":{\"@id\":\"https:\/\/vosgesinfo.fr\/gerardmerinfo\/2024\/04\/le-printemps-de-la-palestine-a-gerardmer\/#primaryimage\"},\"thumbnailUrl\":\"https:\/\/vosgesinfo.fr\/app\/uploads\/sites\/6\/2024\/03\/affiche-printemps-2024-page-0001.jpg\",\"datePublished\":\"2024-04-03T03:59:51+00:00\",\"dateModified\":\"2024-04-01T12:40:32+00:00\",\"breadcrumb\":{\"@id\":\"https:\/\/vosgesinfo.fr\/gerardmerinfo\/2024\/04\/le-printemps-de-la-palestine-a-gerardmer\/#breadcrumb\"},\"inLanguage\":\"fr-FR\",\"potentialAction\":[{\"@type\":\"ReadAction\",\"target\":[\"https:\/\/vosgesinfo.fr\/gerardmerinfo\/2024\/04\/le-printemps-de-la-palestine-a-gerardmer\/\"]}]},{\"@type\":\"ImageObject\",\"inLanguage\":\"fr-FR\",\"@id\":\"https:\/\/vosgesinfo.fr\/gerardmerinfo\/2024\/04\/le-printemps-de-la-palestine-a-gerardmer\/#primaryimage\",\"url\":\"https:\/\/vosgesinfo.fr\/app\/uploads\/sites\/6\/2024\/03\/affiche-printemps-2024-page-0001.jpg\",\"contentUrl\":\"https:\/\/vosgesinfo.fr\/app\/uploads\/sites\/6\/2024\/03\/affiche-printemps-2024-page-0001.jpg\",\"width\":1224,\"height\":1743},{\"@type\":\"BreadcrumbList\",\"@id\":\"https:\/\/vosgesinfo.fr\/gerardmerinfo\/2024\/04\/le-printemps-de-la-palestine-a-gerardmer\/#breadcrumb\",\"itemListElement\":[{\"@type\":\"ListItem\",\"position\":1,\"name\":\"Home\",\"item\":\"https:\/\/vosgesinfo.fr\/gerardmerinfo\/\"},{\"@type\":\"ListItem\",\"position\":2,\"name\":\"LE PRINTEMPS DE LA PALESTINE A GERARDMER\"}]},{\"@type\":\"WebSite\",\"@id\":\"https:\/\/vosgesinfo.fr\/gerardmerinfo\/#website\",\"url\":\"https:\/\/vosgesinfo.fr\/gerardmerinfo\/\",\"name\":\"Gerardmer Info\",\"description\":\"Toute l&#039;actualit\u00e9 de G\u00e9rardmer\",\"publisher\":{\"@id\":\"https:\/\/vosgesinfo.fr\/gerardmerinfo\/#organization\"},\"alternateName\":\"Toute l'actualit\u00e9 de G\u00e9rardmer\",\"potentialAction\":[{\"@type\":\"SearchAction\",\"target\":{\"@type\":\"EntryPoint\",\"urlTemplate\":\"https:\/\/vosgesinfo.fr\/gerardmerinfo\/?s={search_term_string}\"},\"query-input\":\"required name=search_term_string\"}],\"inLanguage\":\"fr-FR\"},{\"@type\":\"Organization\",\"@id\":\"https:\/\/vosgesinfo.fr\/gerardmerinfo\/#organization\",\"name\":\"Gerardmer Info\",\"url\":\"https:\/\/vosgesinfo.fr\/gerardmerinfo\/\",\"logo\":{\"@type\":\"ImageObject\",\"inLanguage\":\"fr-FR\",\"@id\":\"https:\/\/vosgesinfo.fr\/gerardmerinfo\/#\/schema\/logo\/image\/\",\"url\":\"https:\/\/vosgesinfo.fr\/app\/uploads\/sites\/6\/2023\/08\/favicon-gerardmerinfo.png\",\"contentUrl\":\"https:\/\/vosgesinfo.fr\/app\/uploads\/sites\/6\/2023\/08\/favicon-gerardmerinfo.png\",\"width\":512,\"height\":512,\"caption\":\"Gerardmer Info\"},\"image\":{\"@id\":\"https:\/\/vosgesinfo.fr\/gerardmerinfo\/#\/schema\/logo\/image\/\"},\"sameAs\":[\"https:\/\/www.facebook.com\/profile.php?id=100049475262660\",\"https:\/\/x.com\/VosgesInfo88\",\"https:\/\/www.youtube.com\/@vosgesinfo\"]},{\"@type\":\"Person\",\"@id\":\"https:\/\/vosgesinfo.fr\/gerardmerinfo\/#\/schema\/person\/db5605779a843dad16b5368f3e7613a5\",\"name\":\"QG\",\"image\":{\"@type\":\"ImageObject\",\"inLanguage\":\"fr-FR\",\"@id\":\"https:\/\/vosgesinfo.fr\/gerardmerinfo\/#\/schema\/person\/image\/\",\"url\":\"https:\/\/secure.gravatar.com\/avatar\/ea80c42c204b534408512832fde52504ecabb9706bcb6151cf6175e5b64e6793?s=96&d=mm&r=g\",\"contentUrl\":\"https:\/\/secure.gravatar.com\/avatar\/ea80c42c204b534408512832fde52504ecabb9706bcb6151cf6175e5b64e6793?s=96&d=mm&r=g\",\"caption\":\"QG\"},\"url\":\"https:\/\/vosgesinfo.fr\/gerardmerinfo\/author\/quentin88\/\"}]}<\/script>\n<!-- \/ Yoast SEO plugin. -->","yoast_head_json":{"title":"LE PRINTEMPS DE LA PALESTINE A GERARDMER - Gerardmer Info","robots":{"index":"index","follow":"follow","max-snippet":"max-snippet:-1","max-image-preview":"max-image-preview:large","max-video-preview":"max-video-preview:-1"},"canonical":"https:\/\/vosgesinfo.fr\/gerardmerinfo\/2024\/04\/le-printemps-de-la-palestine-a-gerardmer\/","twitter_card":"summary_large_image","twitter_title":"LE PRINTEMPS DE LA PALESTINE A GERARDMER - Gerardmer Info","twitter_description":"GAZA Nous, citoyens du monde, nous nous sentons impuissants devant le g\u00e9nocide qui se d\u00e9roule Sous nos yeux. Nous sommes [&hellip;]","twitter_image":"https:\/\/vosgesinfo.fr\/app\/uploads\/sites\/6\/2024\/03\/affiche-printemps-2024-page-0001.jpg","twitter_creator":"@VosgesInfo88","twitter_site":"@VosgesInfo88","twitter_misc":{"\u00c9crit par":"QG","Dur\u00e9e de lecture estim\u00e9e":"1 minute"},"schema":{"@context":"https:\/\/schema.org","@graph":[{"@type":"Article","@id":"https:\/\/vosgesinfo.fr\/gerardmerinfo\/2024\/04\/le-printemps-de-la-palestine-a-gerardmer\/#article","isPartOf":{"@id":"https:\/\/vosgesinfo.fr\/gerardmerinfo\/2024\/04\/le-printemps-de-la-palestine-a-gerardmer\/"},"author":{"name":"QG","@id":"https:\/\/vosgesinfo.fr\/gerardmerinfo\/#\/schema\/person\/db5605779a843dad16b5368f3e7613a5"},"headline":"LE PRINTEMPS DE LA PALESTINE A GERARDMER","datePublished":"2024-04-03T03:59:51+00:00","dateModified":"2024-04-01T12:40:32+00:00","mainEntityOfPage":{"@id":"https:\/\/vosgesinfo.fr\/gerardmerinfo\/2024\/04\/le-printemps-de-la-palestine-a-gerardmer\/"},"wordCount":297,"publisher":{"@id":"https:\/\/vosgesinfo.fr\/gerardmerinfo\/#organization"},"image":{"@id":"https:\/\/vosgesinfo.fr\/gerardmerinfo\/2024\/04\/le-printemps-de-la-palestine-a-gerardmer\/#primaryimage"},"thumbnailUrl":"https:\/\/vosgesinfo.fr\/app\/uploads\/sites\/6\/2024\/03\/affiche-printemps-2024-page-0001.jpg","articleSection":["A la une","G\u00e9rardmer","solidarit\u00e9","Vie Associative"],"inLanguage":"fr-FR"},{"@type":"WebPage","@id":"https:\/\/vosgesinfo.fr\/gerardmerinfo\/2024\/04\/le-printemps-de-la-palestine-a-gerardmer\/","url":"https:\/\/vosgesinfo.fr\/gerardmerinfo\/2024\/04\/le-printemps-de-la-palestine-a-gerardmer\/","name":"LE PRINTEMPS DE LA PALESTINE A GERARDMER - Gerardmer Info","isPartOf":{"@id":"https:\/\/vosgesinfo.fr\/gerardmerinfo\/#website"},"primaryImageOfPage":{"@id":"https:\/\/vosgesinfo.fr\/gerardmerinfo\/2024\/04\/le-printemps-de-la-palestine-a-gerardmer\/#primaryimage"},"image":{"@id":"https:\/\/vosgesinfo.fr\/gerardmerinfo\/2024\/04\/le-printemps-de-la-palestine-a-gerardmer\/#primaryimage"},"thumbnailUrl":"https:\/\/vosgesinfo.fr\/app\/uploads\/sites\/6\/2024\/03\/affiche-printemps-2024-page-0001.jpg","datePublished":"2024-04-03T03:59:51+00:00","dateModified":"2024-04-01T12:40:32+00:00","breadcrumb":{"@id":"https:\/\/vosgesinfo.fr\/gerardmerinfo\/2024\/04\/le-printemps-de-la-palestine-a-gerardmer\/#breadcrumb"},"inLanguage":"fr-FR","potentialAction":[{"@type":"ReadAction","target":["https:\/\/vosgesinfo.fr\/gerardmerinfo\/2024\/04\/le-printemps-de-la-palestine-a-gerardmer\/"]}]},{"@type":"ImageObject","inLanguage":"fr-FR","@id":"https:\/\/vosgesinfo.fr\/gerardmerinfo\/2024\/04\/le-printemps-de-la-palestine-a-gerardmer\/#primaryimage","url":"https:\/\/vosgesinfo.fr\/app\/uploads\/sites\/6\/2024\/03\/affiche-printemps-2024-page-0001.jpg","contentUrl":"https:\/\/vosgesinfo.fr\/app\/uploads\/sites\/6\/2024\/03\/affiche-printemps-2024-page-0001.jpg","width":1224,"height":1743},{"@type":"BreadcrumbList","@id":"https:\/\/vosgesinfo.fr\/gerardmerinfo\/2024\/04\/le-printemps-de-la-palestine-a-gerardmer\/#breadcrumb","itemListElement":[{"@type":"ListItem","position":1,"name":"Home","item":"https:\/\/vosgesinfo.fr\/gerardmerinfo\/"},{"@type":"ListItem","position":2,"name":"LE PRINTEMPS DE LA PALESTINE A GERARDMER"}]},{"@type":"WebSite","@id":"https:\/\/vosgesinfo.fr\/gerardmerinfo\/#website","url":"https:\/\/vosgesinfo.fr\/gerardmerinfo\/","name":"Gerardmer Info","description":"Toute l&#039;actualit\u00e9 de G\u00e9rardmer","publisher":{"@id":"https:\/\/vosgesinfo.fr\/gerardmerinfo\/#organization"},"alternateName":"Toute l'actualit\u00e9 de G\u00e9rardmer","potentialAction":[{"@type":"SearchAction","target":{"@type":"EntryPoint","urlTemplate":"https:\/\/vosgesinfo.fr\/gerardmerinfo\/?s={search_term_string}"},"query-input":"required name=search_term_string"}],"inLanguage":"fr-FR"},{"@type":"Organization","@id":"https:\/\/vosgesinfo.fr\/gerardmerinfo\/#organization","name":"Gerardmer Info","url":"https:\/\/vosgesinfo.fr\/gerardmerinfo\/","logo":{"@type":"ImageObject","inLanguage":"fr-FR","@id":"https:\/\/vosgesinfo.fr\/gerardmerinfo\/#\/schema\/logo\/image\/","url":"https:\/\/vosgesinfo.fr\/app\/uploads\/sites\/6\/2023\/08\/favicon-gerardmerinfo.png","contentUrl":"https:\/\/vosgesinfo.fr\/app\/uploads\/sites\/6\/2023\/08\/favicon-gerardmerinfo.png","width":512,"height":512,"caption":"Gerardmer Info"},"image":{"@id":"https:\/\/vosgesinfo.fr\/gerardmerinfo\/#\/schema\/logo\/image\/"},"sameAs":["https:\/\/www.facebook.com\/profile.php?id=100049475262660","https:\/\/x.com\/VosgesInfo88","https:\/\/www.youtube.com\/@vosgesinfo"]},{"@type":"Person","@id":"https:\/\/vosgesinfo.fr\/gerardmerinfo\/#\/schema\/person\/db5605779a843dad16b5368f3e7613a5","name":"QG","image":{"@type":"ImageObject","inLanguage":"fr-FR","@id":"https:\/\/vosgesinfo.fr\/gerardmerinfo\/#\/schema\/person\/image\/","url":"https:\/\/secure.gravatar.com\/avatar\/ea80c42c204b534408512832fde52504ecabb9706bcb6151cf6175e5b64e6793?s=96&d=mm&r=g","contentUrl":"https:\/\/secure.gravatar.com\/avatar\/ea80c42c204b534408512832fde52504ecabb9706bcb6151cf6175e5b64e6793?s=96&d=mm&r=g","caption":"QG"},"url":"https:\/\/vosgesinfo.fr\/gerardmerinfo\/author\/quentin88\/"}]}},"_links":{"self":[{"href":"https:\/\/vosgesinfo.fr\/gerardmerinfo\/wp-json\/wp\/v2\/posts\/7314","targetHints":{"allow":["GET"]}}],"collection":[{"href":"https:\/\/vosgesinfo.fr\/gerardmerinfo\/wp-json\/wp\/v2\/posts"}],"about":[{"href":"https:\/\/vosgesinfo.fr\/gerardmerinfo\/wp-json\/wp\/v2\/types\/post"}],"author":[{"embeddable":true,"href":"https:\/\/vosgesinfo.fr\/gerardmerinfo\/wp-json\/wp\/v2\/users\/42"}],"replies":[{"embeddable":true,"href":"https:\/\/vosgesinfo.fr\/gerardmerinfo\/wp-json\/wp\/v2\/comments?post=7314"}],"version-history":[{"count":1,"href":"https:\/\/vosgesinfo.fr\/gerardmerinfo\/wp-json\/wp\/v2\/posts\/7314\/revisions"}],"predecessor-version":[{"id":7316,"href":"https:\/\/vosgesinfo.fr\/gerardmerinfo\/wp-json\/wp\/v2\/posts\/7314\/revisions\/7316"}],"wp:featuredmedia":[{"embeddable":true,"href":"https:\/\/vosgesinfo.fr\/gerardmerinfo\/wp-json\/wp\/v2\/media\/7315"}],"wp:attachment":[{"href":"https:\/\/vosgesinfo.fr\/gerardmerinfo\/wp-json\/wp\/v2\/media?parent=7314"}],"wp:term":[{"taxonomy":"category","embeddable":true,"href":"https:\/\/vosgesinfo.fr\/gerardmerinfo\/wp-json\/wp\/v2\/categories?post=7314"},{"taxonomy":"post_tag","embeddable":true,"href":"https:\/\/vosgesinfo.fr\/gerardmerinfo\/wp-json\/wp\/v2\/tags?post=7314"}],"curies":[{"name":"wp","href":"https:\/\/api.w.org\/{rel}","templated":true}]}}