{"id":73679,"date":"2025-01-30T17:12:57","date_gmt":"2025-01-30T16:12:57","guid":{"rendered":"https:\/\/vosgesinfo.fr\/gerardmerinfo\/?p=73679"},"modified":"2025-01-30T17:12:57","modified_gmt":"2025-01-30T16:12:57","slug":"les-mediatheques-vosgiennes-sengagent-en-faveur-du-handicap-visuel","status":"publish","type":"post","link":"https:\/\/vosgesinfo.fr\/gerardmerinfo\/2025\/01\/les-mediatheques-vosgiennes-sengagent-en-faveur-du-handicap-visuel\/","title":{"rendered":"Les m\u00e9diath\u00e8ques vosgiennes s&rsquo;engagent en faveur du handicap visuel"},"content":{"rendered":"\n\t\t<style type=\"text\/css\">\n\t\t\t#gallery-1 {\n\t\t\t\tmargin: auto;\n\t\t\t}\n\t\t\t#gallery-1 .gallery-item {\n\t\t\t\tfloat: left;\n\t\t\t\tmargin-top: 10px;\n\t\t\t\ttext-align: center;\n\t\t\t\twidth: 33%;\n\t\t\t}\n\t\t\t#gallery-1 img {\n\t\t\t\tborder: 2px solid #cfcfcf;\n\t\t\t}\n\t\t\t#gallery-1 .gallery-caption {\n\t\t\t\tmargin-left: 0;\n\t\t\t}\n\t\t\t\/* see gallery_shortcode() in wp-includes\/media.php *\/\n\t\t<\/style>\n\t\t<div id='gallery-1' class='gallery galleryid-73679 gallery-columns-3 gallery-size-thumbnail'><dl class='gallery-item'>\n\t\t\t<dt class='gallery-icon landscape'>\n\t\t\t\t<a href='https:\/\/vosgesinfo.fr\/app\/uploads\/sites\/6\/2025\/01\/signature-convention-acces-culture-handicap-1.jpg'><img decoding=\"async\" width=\"150\" height=\"150\" src=\"https:\/\/vosgesinfo.fr\/app\/uploads\/sites\/6\/2025\/01\/signature-convention-acces-culture-handicap-1-150x150.jpg\" class=\"attachment-thumbnail size-thumbnail\" alt=\"\" \/><\/a>\n\t\t\t<\/dt><\/dl><dl class='gallery-item'>\n\t\t\t<dt class='gallery-icon landscape'>\n\t\t\t\t<a href='https:\/\/vosgesinfo.fr\/app\/uploads\/sites\/6\/2025\/01\/signature-convention-acces-culture-handicap-2.jpg'><img decoding=\"async\" width=\"150\" height=\"150\" src=\"https:\/\/vosgesinfo.fr\/app\/uploads\/sites\/6\/2025\/01\/signature-convention-acces-culture-handicap-2-150x150.jpg\" class=\"attachment-thumbnail size-thumbnail\" alt=\"\" \/><\/a>\n\t\t\t<\/dt><\/dl>\n\t\t\t<br style='clear: both' \/>\n\t\t<\/div>\n\n<h2>C&rsquo;est une avanc\u00e9e significative pour <b>l&rsquo;accessibilit\u00e9 \u00e0 la lecture<\/b> qui vient d&rsquo;\u00eatre franchie dans les Vosges. Ce jeudi matin a \u00e9t\u00e9 sign\u00e9e une convention entre l&rsquo;<strong>Association Valentin Ha\u00fcy \u2013 AVH <\/strong><strong>\u2013 <\/strong>et les <strong>m\u00e9diath\u00e8ques vosgiennes<\/strong>. Objectif : renforcer l&rsquo;<strong>inclusion<\/strong> et l&rsquo;<strong>accessibilit\u00e9 culturelle<\/strong> pour les <strong>personnes en situation de handicap visuel<\/strong>.<\/h2>\n<p><!--more--><\/p>\n<p>C&rsquo;est \u00e0 <strong>La Boussole de Saint-Di\u00e9-des-Vosges<\/strong> que s&rsquo;est tenue la signature de la convention, en pr\u00e9sence de <strong>Caroline Privat-Mattioni<\/strong>, <strong>vice-pr\u00e9sidente du Conseil D\u00e9partemental des Vosges<\/strong>, d&rsquo;<strong>Alain Claudel<\/strong>, <strong>pr\u00e9sident de D\u00e9oVision<\/strong> \u2013 l&rsquo;antenne locale de l&rsquo;AVH \u2013 ainsi que de <strong>Claude Kiener<\/strong>, <strong>vice-pr\u00e9sidente de la Communaut\u00e9 d&rsquo;Agglom\u00e9ration<\/strong>.<\/p>\n<h3 class=\"western\">Un dispositif pilote avant un d\u00e9ploiement g\u00e9n\u00e9ral<\/h3>\n<p>D\u00e8s l&rsquo;an prochain, <strong>8 biblioth\u00e8ques pilotes<\/strong> b\u00e9n\u00e9ficieront de ce partenariat, avant une <strong>extension progressive<\/strong> \u00e0 l&rsquo;ensemble du r\u00e9seau. Parmi les premi\u00e8res structures concern\u00e9es figurent les <strong>m\u00e9diath\u00e8ques de Raon-l&rsquo;\u00c9tape, Rambervillers, Vittel, Mirecourt, le R\u00e9seau de la Communaut\u00e9 de Communes des Hautes-Vosges, Neufch\u00e2teau et la BMI d&rsquo;\u00c9pinal<\/strong>.<\/p>\n<h3 class=\"western\">Une offre enrichie gr\u00e2ce \u00e0 \u00c9ole et des ressources sp\u00e9cialis\u00e9es<\/h3>\n<p>Au c\u0153ur de ce partenariat, la plateforme <strong>\u00ab \u00c9ole \u00bb<\/strong> de l&rsquo;AVH, une biblioth\u00e8que num\u00e9rique proposant plus de <strong>70 000 ouvrages en formats accessibles<\/strong> : <strong>livres audio<\/strong>, <strong>braille num\u00e9rique<\/strong>, et <strong>supports sp\u00e9cifiques<\/strong> pour les personnes ayant des difficult\u00e9s de lecture dues \u00e0 un <strong>handicap visuel<\/strong>, <strong>moteur<\/strong>, <strong>intellectuel<\/strong> ou \u00e0 des <strong>troubles cognitifs<\/strong> comme la <strong>dyslexie<\/strong>. \u00ab \u00c9ole \u00bb \u00e9tant accessible gratuitement sur inscription avec un <strong>justificatif de handicap<\/strong>.<\/p>\n<p>De plus, la <strong>M\u00e9diath\u00e8que D\u00e9partementale des Vosges \u2013 MDV<\/strong> dispose de quelques <strong>2 000 livres audio<\/strong> pour adultes et enfants, <strong>50 livres en braille<\/strong>, <strong>30 livres tactiles<\/strong>, ainsi que <strong>5 500 livres en gros caract\u00e8res<\/strong> pour adultes et <strong>500 pour les jeunes lecteurs<\/strong>. Des <strong>malles th\u00e9matiques<\/strong>, allant des jeux accessibles aux ouvrages d\u00e9di\u00e9s \u00e0 la sensibilisation au handicap visuel, compl\u00e8tent cette offre.<\/p>\n<h3 class=\"western\">Une d\u00e9marche inclusive renforc\u00e9e par la formation<\/h3>\n<p>Ce partenariat pr\u00e9voit \u00e9galement des actions de formation pour les professionnels des m\u00e9diath\u00e8ques. Tout au long de l&rsquo;ann\u00e9e, des <strong>sessions de sensibilisation et d&rsquo;accompagnement<\/strong> permettront d&rsquo;am\u00e9liorer l&rsquo;accueil et l&rsquo;orientation des publics en situation de handicap visuel.<\/p>\n<p><strong>\u00ab Ce partenariat marque une \u00e9tape importante dans l&rsquo;engagement des m\u00e9diath\u00e8ques vosgiennes pour l&rsquo;inclusion et l&rsquo;accessibilit\u00e9 culturelle \u00bb<\/strong> souligne Caroline Privat-Mattioni en guise de conclusion.<\/p>\n<p>J.J.<\/p>\n","protected":false},"excerpt":{"rendered":"<p>C&rsquo;est une avanc\u00e9e significative pour l&rsquo;accessibilit\u00e9 \u00e0 la lecture qui vient d&rsquo;\u00eatre franchie dans les Vosges. Ce jeudi matin a [&hellip;]<\/p>\n","protected":false},"author":46,"featured_media":73680,"comment_status":"open","ping_status":"open","sticky":false,"template":"","format":"standard","meta":{"footnotes":""},"categories":[20,4,878,25,328,868,908,12,18],"tags":[6568,6569,1053,6570,6571,5410,6572],"class_list":["post-73679","post","type-post","status-publish","format-standard","has-post-thumbnail","hentry","category-a-la-une","category-culture","category-epinal","category-gerardmer","category-la-plaine-des-vosges","category-remiremont","category-saint-die-des-vosges-et-son-agglomeration","category-sante","category-vosges","tag-association-valentin-hauy","tag-avh","tag-conseil-departemental-des-vosges","tag-deovision","tag-handicap-visuel","tag-la-boussole","tag-les-mediatheques-vosgiennes-sengagent-en-faveur-du-handicap-visuel"],"acf":[],"yoast_head":"<!-- This site is optimized with the Yoast SEO plugin v22.5 - https:\/\/yoast.com\/wordpress\/plugins\/seo\/ -->\n<title>Les m\u00e9diath\u00e8ques vosgiennes s&#039;engagent en faveur du handicap visuel - Gerardmer Info<\/title>\n<meta name=\"robots\" content=\"index, follow, max-snippet:-1, max-image-preview:large, max-video-preview:-1\" \/>\n<link rel=\"canonical\" href=\"https:\/\/vosgesinfo.fr\/gerardmerinfo\/2025\/01\/les-mediatheques-vosgiennes-sengagent-en-faveur-du-handicap-visuel\/\" \/>\n<meta name=\"twitter:card\" content=\"summary_large_image\" \/>\n<meta name=\"twitter:title\" content=\"Les m\u00e9diath\u00e8ques vosgiennes s&#039;engagent en faveur du handicap visuel - Gerardmer Info\" \/>\n<meta name=\"twitter:description\" content=\"C&rsquo;est une avanc\u00e9e significative pour l&rsquo;accessibilit\u00e9 \u00e0 la lecture qui vient d&rsquo;\u00eatre franchie dans les Vosges. Ce jeudi matin a [&hellip;]\" \/>\n<meta name=\"twitter:image\" content=\"https:\/\/vosgesinfo.fr\/app\/uploads\/sites\/6\/2025\/01\/signature-convention-acces-culture-handicap-1-1.jpg\" \/>\n<meta name=\"twitter:creator\" content=\"@VosgesInfo88\" \/>\n<meta name=\"twitter:site\" content=\"@VosgesInfo88\" \/>\n<meta name=\"twitter:label1\" content=\"\u00c9crit par\" \/>\n\t<meta name=\"twitter:data1\" content=\"J.J.\" \/>\n\t<meta name=\"twitter:label2\" content=\"Dur\u00e9e de lecture estim\u00e9e\" \/>\n\t<meta name=\"twitter:data2\" content=\"2 minutes\" \/>\n<script type=\"application\/ld+json\" class=\"yoast-schema-graph\">{\"@context\":\"https:\/\/schema.org\",\"@graph\":[{\"@type\":\"Article\",\"@id\":\"https:\/\/vosgesinfo.fr\/gerardmerinfo\/2025\/01\/les-mediatheques-vosgiennes-sengagent-en-faveur-du-handicap-visuel\/#article\",\"isPartOf\":{\"@id\":\"https:\/\/vosgesinfo.fr\/gerardmerinfo\/2025\/01\/les-mediatheques-vosgiennes-sengagent-en-faveur-du-handicap-visuel\/\"},\"author\":{\"name\":\"J.J.\",\"@id\":\"https:\/\/vosgesinfo.fr\/gerardmerinfo\/#\/schema\/person\/fa73e9f726d67bb88f46d5b7943cb572\"},\"headline\":\"Les m\u00e9diath\u00e8ques vosgiennes s&rsquo;engagent en faveur du handicap visuel\",\"datePublished\":\"2025-01-30T16:12:57+00:00\",\"dateModified\":\"2025-01-30T16:12:57+00:00\",\"mainEntityOfPage\":{\"@id\":\"https:\/\/vosgesinfo.fr\/gerardmerinfo\/2025\/01\/les-mediatheques-vosgiennes-sengagent-en-faveur-du-handicap-visuel\/\"},\"wordCount\":422,\"commentCount\":0,\"publisher\":{\"@id\":\"https:\/\/vosgesinfo.fr\/gerardmerinfo\/#organization\"},\"image\":{\"@id\":\"https:\/\/vosgesinfo.fr\/gerardmerinfo\/2025\/01\/les-mediatheques-vosgiennes-sengagent-en-faveur-du-handicap-visuel\/#primaryimage\"},\"thumbnailUrl\":\"https:\/\/vosgesinfo.fr\/app\/uploads\/sites\/6\/2025\/01\/signature-convention-acces-culture-handicap-1-1.jpg\",\"keywords\":[\"Association Valentin Hauy\",\"AVH\",\"Conseil d\u00e9partemental des Vosges\",\"D\u00e9oVision\",\"Handicap visuel\",\"La Boussole\",\"Les m\u00e9diath\u00e8ques vosgiennes s'engagent en faveur du handicap visuel\"],\"articleSection\":[\"A la une\",\"Culture\",\"Epinal\",\"G\u00e9rardmer\",\"La plaine des vosges\",\"Remiremont\",\"Saint-Di\u00e9-des-Vosges et son Agglom\u00e9ration\",\"Sant\u00e9\",\"Vosges\"],\"inLanguage\":\"fr-FR\",\"potentialAction\":[{\"@type\":\"CommentAction\",\"name\":\"Comment\",\"target\":[\"https:\/\/vosgesinfo.fr\/gerardmerinfo\/2025\/01\/les-mediatheques-vosgiennes-sengagent-en-faveur-du-handicap-visuel\/#respond\"]}]},{\"@type\":\"WebPage\",\"@id\":\"https:\/\/vosgesinfo.fr\/gerardmerinfo\/2025\/01\/les-mediatheques-vosgiennes-sengagent-en-faveur-du-handicap-visuel\/\",\"url\":\"https:\/\/vosgesinfo.fr\/gerardmerinfo\/2025\/01\/les-mediatheques-vosgiennes-sengagent-en-faveur-du-handicap-visuel\/\",\"name\":\"Les m\u00e9diath\u00e8ques vosgiennes s'engagent en faveur du handicap visuel - Gerardmer Info\",\"isPartOf\":{\"@id\":\"https:\/\/vosgesinfo.fr\/gerardmerinfo\/#website\"},\"primaryImageOfPage\":{\"@id\":\"https:\/\/vosgesinfo.fr\/gerardmerinfo\/2025\/01\/les-mediatheques-vosgiennes-sengagent-en-faveur-du-handicap-visuel\/#primaryimage\"},\"image\":{\"@id\":\"https:\/\/vosgesinfo.fr\/gerardmerinfo\/2025\/01\/les-mediatheques-vosgiennes-sengagent-en-faveur-du-handicap-visuel\/#primaryimage\"},\"thumbnailUrl\":\"https:\/\/vosgesinfo.fr\/app\/uploads\/sites\/6\/2025\/01\/signature-convention-acces-culture-handicap-1-1.jpg\",\"datePublished\":\"2025-01-30T16:12:57+00:00\",\"dateModified\":\"2025-01-30T16:12:57+00:00\",\"breadcrumb\":{\"@id\":\"https:\/\/vosgesinfo.fr\/gerardmerinfo\/2025\/01\/les-mediatheques-vosgiennes-sengagent-en-faveur-du-handicap-visuel\/#breadcrumb\"},\"inLanguage\":\"fr-FR\",\"potentialAction\":[{\"@type\":\"ReadAction\",\"target\":[\"https:\/\/vosgesinfo.fr\/gerardmerinfo\/2025\/01\/les-mediatheques-vosgiennes-sengagent-en-faveur-du-handicap-visuel\/\"]}]},{\"@type\":\"ImageObject\",\"inLanguage\":\"fr-FR\",\"@id\":\"https:\/\/vosgesinfo.fr\/gerardmerinfo\/2025\/01\/les-mediatheques-vosgiennes-sengagent-en-faveur-du-handicap-visuel\/#primaryimage\",\"url\":\"https:\/\/vosgesinfo.fr\/app\/uploads\/sites\/6\/2025\/01\/signature-convention-acces-culture-handicap-1-1.jpg\",\"contentUrl\":\"https:\/\/vosgesinfo.fr\/app\/uploads\/sites\/6\/2025\/01\/signature-convention-acces-culture-handicap-1-1.jpg\",\"width\":1080,\"height\":810},{\"@type\":\"BreadcrumbList\",\"@id\":\"https:\/\/vosgesinfo.fr\/gerardmerinfo\/2025\/01\/les-mediatheques-vosgiennes-sengagent-en-faveur-du-handicap-visuel\/#breadcrumb\",\"itemListElement\":[{\"@type\":\"ListItem\",\"position\":1,\"name\":\"Home\",\"item\":\"https:\/\/vosgesinfo.fr\/gerardmerinfo\/\"},{\"@type\":\"ListItem\",\"position\":2,\"name\":\"Les m\u00e9diath\u00e8ques vosgiennes s&rsquo;engagent en faveur du handicap visuel\"}]},{\"@type\":\"WebSite\",\"@id\":\"https:\/\/vosgesinfo.fr\/gerardmerinfo\/#website\",\"url\":\"https:\/\/vosgesinfo.fr\/gerardmerinfo\/\",\"name\":\"Gerardmer Info\",\"description\":\"Toute l&#039;actualit\u00e9 de G\u00e9rardmer\",\"publisher\":{\"@id\":\"https:\/\/vosgesinfo.fr\/gerardmerinfo\/#organization\"},\"alternateName\":\"Toute l'actualit\u00e9 de G\u00e9rardmer\",\"potentialAction\":[{\"@type\":\"SearchAction\",\"target\":{\"@type\":\"EntryPoint\",\"urlTemplate\":\"https:\/\/vosgesinfo.fr\/gerardmerinfo\/?s={search_term_string}\"},\"query-input\":\"required name=search_term_string\"}],\"inLanguage\":\"fr-FR\"},{\"@type\":\"Organization\",\"@id\":\"https:\/\/vosgesinfo.fr\/gerardmerinfo\/#organization\",\"name\":\"Gerardmer Info\",\"url\":\"https:\/\/vosgesinfo.fr\/gerardmerinfo\/\",\"logo\":{\"@type\":\"ImageObject\",\"inLanguage\":\"fr-FR\",\"@id\":\"https:\/\/vosgesinfo.fr\/gerardmerinfo\/#\/schema\/logo\/image\/\",\"url\":\"https:\/\/vosgesinfo.fr\/app\/uploads\/sites\/6\/2023\/08\/favicon-gerardmerinfo.png\",\"contentUrl\":\"https:\/\/vosgesinfo.fr\/app\/uploads\/sites\/6\/2023\/08\/favicon-gerardmerinfo.png\",\"width\":512,\"height\":512,\"caption\":\"Gerardmer Info\"},\"image\":{\"@id\":\"https:\/\/vosgesinfo.fr\/gerardmerinfo\/#\/schema\/logo\/image\/\"},\"sameAs\":[\"https:\/\/www.facebook.com\/profile.php?id=100049475262660\",\"https:\/\/x.com\/VosgesInfo88\",\"https:\/\/www.youtube.com\/@vosgesinfo\"]},{\"@type\":\"Person\",\"@id\":\"https:\/\/vosgesinfo.fr\/gerardmerinfo\/#\/schema\/person\/fa73e9f726d67bb88f46d5b7943cb572\",\"name\":\"J.J.\",\"image\":{\"@type\":\"ImageObject\",\"inLanguage\":\"fr-FR\",\"@id\":\"https:\/\/vosgesinfo.fr\/gerardmerinfo\/#\/schema\/person\/image\/\",\"url\":\"https:\/\/secure.gravatar.com\/avatar\/219e749e47ffbcca018a360ae4add7d4cdf1cdaaf8bc7676b27efade3fe65615?s=96&d=mm&r=g\",\"contentUrl\":\"https:\/\/secure.gravatar.com\/avatar\/219e749e47ffbcca018a360ae4add7d4cdf1cdaaf8bc7676b27efade3fe65615?s=96&d=mm&r=g\",\"caption\":\"J.J.\"},\"url\":\"https:\/\/vosgesinfo.fr\/gerardmerinfo\/author\/j-j\/\"}]}<\/script>\n<!-- \/ Yoast SEO plugin. -->","yoast_head_json":{"title":"Les m\u00e9diath\u00e8ques vosgiennes s'engagent en faveur du handicap visuel - Gerardmer Info","robots":{"index":"index","follow":"follow","max-snippet":"max-snippet:-1","max-image-preview":"max-image-preview:large","max-video-preview":"max-video-preview:-1"},"canonical":"https:\/\/vosgesinfo.fr\/gerardmerinfo\/2025\/01\/les-mediatheques-vosgiennes-sengagent-en-faveur-du-handicap-visuel\/","twitter_card":"summary_large_image","twitter_title":"Les m\u00e9diath\u00e8ques vosgiennes s'engagent en faveur du handicap visuel - Gerardmer Info","twitter_description":"C&rsquo;est une avanc\u00e9e significative pour l&rsquo;accessibilit\u00e9 \u00e0 la lecture qui vient d&rsquo;\u00eatre franchie dans les Vosges. Ce jeudi matin a [&hellip;]","twitter_image":"https:\/\/vosgesinfo.fr\/app\/uploads\/sites\/6\/2025\/01\/signature-convention-acces-culture-handicap-1-1.jpg","twitter_creator":"@VosgesInfo88","twitter_site":"@VosgesInfo88","twitter_misc":{"\u00c9crit par":"J.J.","Dur\u00e9e de lecture estim\u00e9e":"2 minutes"},"schema":{"@context":"https:\/\/schema.org","@graph":[{"@type":"Article","@id":"https:\/\/vosgesinfo.fr\/gerardmerinfo\/2025\/01\/les-mediatheques-vosgiennes-sengagent-en-faveur-du-handicap-visuel\/#article","isPartOf":{"@id":"https:\/\/vosgesinfo.fr\/gerardmerinfo\/2025\/01\/les-mediatheques-vosgiennes-sengagent-en-faveur-du-handicap-visuel\/"},"author":{"name":"J.J.","@id":"https:\/\/vosgesinfo.fr\/gerardmerinfo\/#\/schema\/person\/fa73e9f726d67bb88f46d5b7943cb572"},"headline":"Les m\u00e9diath\u00e8ques vosgiennes s&rsquo;engagent en faveur du handicap visuel","datePublished":"2025-01-30T16:12:57+00:00","dateModified":"2025-01-30T16:12:57+00:00","mainEntityOfPage":{"@id":"https:\/\/vosgesinfo.fr\/gerardmerinfo\/2025\/01\/les-mediatheques-vosgiennes-sengagent-en-faveur-du-handicap-visuel\/"},"wordCount":422,"commentCount":0,"publisher":{"@id":"https:\/\/vosgesinfo.fr\/gerardmerinfo\/#organization"},"image":{"@id":"https:\/\/vosgesinfo.fr\/gerardmerinfo\/2025\/01\/les-mediatheques-vosgiennes-sengagent-en-faveur-du-handicap-visuel\/#primaryimage"},"thumbnailUrl":"https:\/\/vosgesinfo.fr\/app\/uploads\/sites\/6\/2025\/01\/signature-convention-acces-culture-handicap-1-1.jpg","keywords":["Association Valentin Hauy","AVH","Conseil d\u00e9partemental des Vosges","D\u00e9oVision","Handicap visuel","La Boussole","Les m\u00e9diath\u00e8ques vosgiennes s'engagent en faveur du handicap visuel"],"articleSection":["A la une","Culture","Epinal","G\u00e9rardmer","La plaine des vosges","Remiremont","Saint-Di\u00e9-des-Vosges et son Agglom\u00e9ration","Sant\u00e9","Vosges"],"inLanguage":"fr-FR","potentialAction":[{"@type":"CommentAction","name":"Comment","target":["https:\/\/vosgesinfo.fr\/gerardmerinfo\/2025\/01\/les-mediatheques-vosgiennes-sengagent-en-faveur-du-handicap-visuel\/#respond"]}]},{"@type":"WebPage","@id":"https:\/\/vosgesinfo.fr\/gerardmerinfo\/2025\/01\/les-mediatheques-vosgiennes-sengagent-en-faveur-du-handicap-visuel\/","url":"https:\/\/vosgesinfo.fr\/gerardmerinfo\/2025\/01\/les-mediatheques-vosgiennes-sengagent-en-faveur-du-handicap-visuel\/","name":"Les m\u00e9diath\u00e8ques vosgiennes s'engagent en faveur du handicap visuel - Gerardmer Info","isPartOf":{"@id":"https:\/\/vosgesinfo.fr\/gerardmerinfo\/#website"},"primaryImageOfPage":{"@id":"https:\/\/vosgesinfo.fr\/gerardmerinfo\/2025\/01\/les-mediatheques-vosgiennes-sengagent-en-faveur-du-handicap-visuel\/#primaryimage"},"image":{"@id":"https:\/\/vosgesinfo.fr\/gerardmerinfo\/2025\/01\/les-mediatheques-vosgiennes-sengagent-en-faveur-du-handicap-visuel\/#primaryimage"},"thumbnailUrl":"https:\/\/vosgesinfo.fr\/app\/uploads\/sites\/6\/2025\/01\/signature-convention-acces-culture-handicap-1-1.jpg","datePublished":"2025-01-30T16:12:57+00:00","dateModified":"2025-01-30T16:12:57+00:00","breadcrumb":{"@id":"https:\/\/vosgesinfo.fr\/gerardmerinfo\/2025\/01\/les-mediatheques-vosgiennes-sengagent-en-faveur-du-handicap-visuel\/#breadcrumb"},"inLanguage":"fr-FR","potentialAction":[{"@type":"ReadAction","target":["https:\/\/vosgesinfo.fr\/gerardmerinfo\/2025\/01\/les-mediatheques-vosgiennes-sengagent-en-faveur-du-handicap-visuel\/"]}]},{"@type":"ImageObject","inLanguage":"fr-FR","@id":"https:\/\/vosgesinfo.fr\/gerardmerinfo\/2025\/01\/les-mediatheques-vosgiennes-sengagent-en-faveur-du-handicap-visuel\/#primaryimage","url":"https:\/\/vosgesinfo.fr\/app\/uploads\/sites\/6\/2025\/01\/signature-convention-acces-culture-handicap-1-1.jpg","contentUrl":"https:\/\/vosgesinfo.fr\/app\/uploads\/sites\/6\/2025\/01\/signature-convention-acces-culture-handicap-1-1.jpg","width":1080,"height":810},{"@type":"BreadcrumbList","@id":"https:\/\/vosgesinfo.fr\/gerardmerinfo\/2025\/01\/les-mediatheques-vosgiennes-sengagent-en-faveur-du-handicap-visuel\/#breadcrumb","itemListElement":[{"@type":"ListItem","position":1,"name":"Home","item":"https:\/\/vosgesinfo.fr\/gerardmerinfo\/"},{"@type":"ListItem","position":2,"name":"Les m\u00e9diath\u00e8ques vosgiennes s&rsquo;engagent en faveur du handicap visuel"}]},{"@type":"WebSite","@id":"https:\/\/vosgesinfo.fr\/gerardmerinfo\/#website","url":"https:\/\/vosgesinfo.fr\/gerardmerinfo\/","name":"Gerardmer Info","description":"Toute l&#039;actualit\u00e9 de G\u00e9rardmer","publisher":{"@id":"https:\/\/vosgesinfo.fr\/gerardmerinfo\/#organization"},"alternateName":"Toute l'actualit\u00e9 de G\u00e9rardmer","potentialAction":[{"@type":"SearchAction","target":{"@type":"EntryPoint","urlTemplate":"https:\/\/vosgesinfo.fr\/gerardmerinfo\/?s={search_term_string}"},"query-input":"required name=search_term_string"}],"inLanguage":"fr-FR"},{"@type":"Organization","@id":"https:\/\/vosgesinfo.fr\/gerardmerinfo\/#organization","name":"Gerardmer Info","url":"https:\/\/vosgesinfo.fr\/gerardmerinfo\/","logo":{"@type":"ImageObject","inLanguage":"fr-FR","@id":"https:\/\/vosgesinfo.fr\/gerardmerinfo\/#\/schema\/logo\/image\/","url":"https:\/\/vosgesinfo.fr\/app\/uploads\/sites\/6\/2023\/08\/favicon-gerardmerinfo.png","contentUrl":"https:\/\/vosgesinfo.fr\/app\/uploads\/sites\/6\/2023\/08\/favicon-gerardmerinfo.png","width":512,"height":512,"caption":"Gerardmer Info"},"image":{"@id":"https:\/\/vosgesinfo.fr\/gerardmerinfo\/#\/schema\/logo\/image\/"},"sameAs":["https:\/\/www.facebook.com\/profile.php?id=100049475262660","https:\/\/x.com\/VosgesInfo88","https:\/\/www.youtube.com\/@vosgesinfo"]},{"@type":"Person","@id":"https:\/\/vosgesinfo.fr\/gerardmerinfo\/#\/schema\/person\/fa73e9f726d67bb88f46d5b7943cb572","name":"J.J.","image":{"@type":"ImageObject","inLanguage":"fr-FR","@id":"https:\/\/vosgesinfo.fr\/gerardmerinfo\/#\/schema\/person\/image\/","url":"https:\/\/secure.gravatar.com\/avatar\/219e749e47ffbcca018a360ae4add7d4cdf1cdaaf8bc7676b27efade3fe65615?s=96&d=mm&r=g","contentUrl":"https:\/\/secure.gravatar.com\/avatar\/219e749e47ffbcca018a360ae4add7d4cdf1cdaaf8bc7676b27efade3fe65615?s=96&d=mm&r=g","caption":"J.J."},"url":"https:\/\/vosgesinfo.fr\/gerardmerinfo\/author\/j-j\/"}]}},"_links":{"self":[{"href":"https:\/\/vosgesinfo.fr\/gerardmerinfo\/wp-json\/wp\/v2\/posts\/73679","targetHints":{"allow":["GET"]}}],"collection":[{"href":"https:\/\/vosgesinfo.fr\/gerardmerinfo\/wp-json\/wp\/v2\/posts"}],"about":[{"href":"https:\/\/vosgesinfo.fr\/gerardmerinfo\/wp-json\/wp\/v2\/types\/post"}],"author":[{"embeddable":true,"href":"https:\/\/vosgesinfo.fr\/gerardmerinfo\/wp-json\/wp\/v2\/users\/46"}],"replies":[{"embeddable":true,"href":"https:\/\/vosgesinfo.fr\/gerardmerinfo\/wp-json\/wp\/v2\/comments?post=73679"}],"version-history":[{"count":0,"href":"https:\/\/vosgesinfo.fr\/gerardmerinfo\/wp-json\/wp\/v2\/posts\/73679\/revisions"}],"wp:featuredmedia":[{"embeddable":true,"href":"https:\/\/vosgesinfo.fr\/gerardmerinfo\/wp-json\/wp\/v2\/media\/73680"}],"wp:attachment":[{"href":"https:\/\/vosgesinfo.fr\/gerardmerinfo\/wp-json\/wp\/v2\/media?parent=73679"}],"wp:term":[{"taxonomy":"category","embeddable":true,"href":"https:\/\/vosgesinfo.fr\/gerardmerinfo\/wp-json\/wp\/v2\/categories?post=73679"},{"taxonomy":"post_tag","embeddable":true,"href":"https:\/\/vosgesinfo.fr\/gerardmerinfo\/wp-json\/wp\/v2\/tags?post=73679"}],"curies":[{"name":"wp","href":"https:\/\/api.w.org\/{rel}","templated":true}]}}