{"id":737,"date":"2024-01-16T16:29:42","date_gmt":"2024-01-16T15:29:42","guid":{"rendered":"https:\/\/vosgesinfo.fr\/gerardmerinfo\/2024\/01\/lamour-est-dans-le-pre-le-portrait-de-stephane-lagriculteur-vosgien-diffuse-ce-lundi\/"},"modified":"2024-01-16T16:29:42","modified_gmt":"2024-01-16T15:29:42","slug":"lamour-est-dans-le-pre-le-portrait-de-stephane-lagriculteur-vosgien-diffuse-ce-lundi","status":"publish","type":"post","link":"https:\/\/vosgesinfo.fr\/gerardmerinfo\/2024\/01\/lamour-est-dans-le-pre-le-portrait-de-stephane-lagriculteur-vosgien-diffuse-ce-lundi\/","title":{"rendered":"L\u2019Amour est dans le pr\u00e9 : Le portrait de St\u00e9phane, l\u2019agriculteur vosgien, diffus\u00e9 ce lundi"},"content":{"rendered":"<h2>Ce lundi, l\u2019\u00e9mission de M6 \u201cL\u2019Amour est dans le pr\u00e9\u201d pr\u00e9sent\u00e9e par Karine Le Marchand a diffus\u00e9 le portrait de St\u00e9phane, seul agriculteur vosgien de cette 19e saison.<\/h2>\n<p>\u00c9leveur d\u2019ovins et de vaches laiti\u00e8res dans une exploitation \u00e0 Domptail, St\u00e9phane est le seul agriculteur vosgien de la 19e saison de l\u2019\u00e9mission de M6 \u201cL\u2019Amour est dans le pr\u00e9\u201d. Le divertissement de la \u201csix\u201d a diffus\u00e9 ce lundi 15 janvier le portrait du quadrag\u00e9naire vosgien \u00e0 la recherche de l\u2019amour.<\/p>\n","protected":false},"excerpt":{"rendered":"<p>Ce lundi, l\u2019\u00e9mission de M6 \u201cL\u2019Amour est dans le pr\u00e9\u201d pr\u00e9sent\u00e9e par Karine Le Marchand a diffus\u00e9 le portrait de [&hellip;]<\/p>\n","protected":false},"author":1,"featured_media":738,"comment_status":"open","ping_status":"open","sticky":false,"template":"","format":"standard","meta":{"footnotes":""},"categories":[20,18],"tags":[],"class_list":["post-737","post","type-post","status-publish","format-standard","has-post-thumbnail","hentry","category-a-la-une","category-vosges"],"acf":[],"yoast_head":"<!-- This site is optimized with the Yoast SEO plugin v22.5 - https:\/\/yoast.com\/wordpress\/plugins\/seo\/ -->\n<title>L\u2019Amour est dans le pr\u00e9 : Le portrait de St\u00e9phane, l\u2019agriculteur vosgien, diffus\u00e9 ce lundi - Gerardmer Info<\/title>\n<meta name=\"robots\" content=\"index, follow, max-snippet:-1, max-image-preview:large, max-video-preview:-1\" \/>\n<link rel=\"canonical\" href=\"https:\/\/vosgesinfo.fr\/gerardmerinfo\/2024\/01\/lamour-est-dans-le-pre-le-portrait-de-stephane-lagriculteur-vosgien-diffuse-ce-lundi\/\" \/>\n<meta name=\"twitter:card\" content=\"summary_large_image\" \/>\n<meta name=\"twitter:title\" content=\"L\u2019Amour est dans le pr\u00e9 : Le portrait de St\u00e9phane, l\u2019agriculteur vosgien, diffus\u00e9 ce lundi - Gerardmer Info\" \/>\n<meta name=\"twitter:description\" content=\"Ce lundi, l\u2019\u00e9mission de M6 \u201cL\u2019Amour est dans le pr\u00e9\u201d pr\u00e9sent\u00e9e par Karine Le Marchand a diffus\u00e9 le portrait de [&hellip;]\" \/>\n<meta name=\"twitter:image\" content=\"https:\/\/vosgesinfo.fr\/app\/uploads\/sites\/6\/2024\/01\/stephane-lamour-est-dans-le-pre.jpeg\" \/>\n<meta name=\"twitter:creator\" content=\"@VosgesInfo88\" \/>\n<meta name=\"twitter:site\" content=\"@VosgesInfo88\" \/>\n<meta name=\"twitter:label1\" content=\"\u00c9crit par\" \/>\n\t<meta name=\"twitter:data1\" content=\"qs_admin\" \/>\n<script type=\"application\/ld+json\" class=\"yoast-schema-graph\">{\"@context\":\"https:\/\/schema.org\",\"@graph\":[{\"@type\":\"Article\",\"@id\":\"https:\/\/vosgesinfo.fr\/gerardmerinfo\/2024\/01\/lamour-est-dans-le-pre-le-portrait-de-stephane-lagriculteur-vosgien-diffuse-ce-lundi\/#article\",\"isPartOf\":{\"@id\":\"https:\/\/vosgesinfo.fr\/gerardmerinfo\/2024\/01\/lamour-est-dans-le-pre-le-portrait-de-stephane-lagriculteur-vosgien-diffuse-ce-lundi\/\"},\"author\":{\"name\":\"qs_admin\",\"@id\":\"https:\/\/vosgesinfo.fr\/gerardmerinfo\/#\/schema\/person\/bc5d02d71e6932e81b6dadb7386667b1\"},\"headline\":\"L\u2019Amour est dans le pr\u00e9 : Le portrait de St\u00e9phane, l\u2019agriculteur vosgien, diffus\u00e9 ce lundi\",\"datePublished\":\"2024-01-16T15:29:42+00:00\",\"dateModified\":\"2024-01-16T15:29:42+00:00\",\"mainEntityOfPage\":{\"@id\":\"https:\/\/vosgesinfo.fr\/gerardmerinfo\/2024\/01\/lamour-est-dans-le-pre-le-portrait-de-stephane-lagriculteur-vosgien-diffuse-ce-lundi\/\"},\"wordCount\":105,\"commentCount\":0,\"publisher\":{\"@id\":\"https:\/\/vosgesinfo.fr\/gerardmerinfo\/#organization\"},\"image\":{\"@id\":\"https:\/\/vosgesinfo.fr\/gerardmerinfo\/2024\/01\/lamour-est-dans-le-pre-le-portrait-de-stephane-lagriculteur-vosgien-diffuse-ce-lundi\/#primaryimage\"},\"thumbnailUrl\":\"https:\/\/vosgesinfo.fr\/app\/uploads\/sites\/6\/2024\/01\/stephane-lamour-est-dans-le-pre.jpeg\",\"articleSection\":[\"A la une\",\"Vosges\"],\"inLanguage\":\"fr-FR\",\"potentialAction\":[{\"@type\":\"CommentAction\",\"name\":\"Comment\",\"target\":[\"https:\/\/vosgesinfo.fr\/gerardmerinfo\/2024\/01\/lamour-est-dans-le-pre-le-portrait-de-stephane-lagriculteur-vosgien-diffuse-ce-lundi\/#respond\"]}]},{\"@type\":\"WebPage\",\"@id\":\"https:\/\/vosgesinfo.fr\/gerardmerinfo\/2024\/01\/lamour-est-dans-le-pre-le-portrait-de-stephane-lagriculteur-vosgien-diffuse-ce-lundi\/\",\"url\":\"https:\/\/vosgesinfo.fr\/gerardmerinfo\/2024\/01\/lamour-est-dans-le-pre-le-portrait-de-stephane-lagriculteur-vosgien-diffuse-ce-lundi\/\",\"name\":\"L\u2019Amour est dans le pr\u00e9 : Le portrait de St\u00e9phane, l\u2019agriculteur vosgien, diffus\u00e9 ce lundi - Gerardmer Info\",\"isPartOf\":{\"@id\":\"https:\/\/vosgesinfo.fr\/gerardmerinfo\/#website\"},\"primaryImageOfPage\":{\"@id\":\"https:\/\/vosgesinfo.fr\/gerardmerinfo\/2024\/01\/lamour-est-dans-le-pre-le-portrait-de-stephane-lagriculteur-vosgien-diffuse-ce-lundi\/#primaryimage\"},\"image\":{\"@id\":\"https:\/\/vosgesinfo.fr\/gerardmerinfo\/2024\/01\/lamour-est-dans-le-pre-le-portrait-de-stephane-lagriculteur-vosgien-diffuse-ce-lundi\/#primaryimage\"},\"thumbnailUrl\":\"https:\/\/vosgesinfo.fr\/app\/uploads\/sites\/6\/2024\/01\/stephane-lamour-est-dans-le-pre.jpeg\",\"datePublished\":\"2024-01-16T15:29:42+00:00\",\"dateModified\":\"2024-01-16T15:29:42+00:00\",\"breadcrumb\":{\"@id\":\"https:\/\/vosgesinfo.fr\/gerardmerinfo\/2024\/01\/lamour-est-dans-le-pre-le-portrait-de-stephane-lagriculteur-vosgien-diffuse-ce-lundi\/#breadcrumb\"},\"inLanguage\":\"fr-FR\",\"potentialAction\":[{\"@type\":\"ReadAction\",\"target\":[\"https:\/\/vosgesinfo.fr\/gerardmerinfo\/2024\/01\/lamour-est-dans-le-pre-le-portrait-de-stephane-lagriculteur-vosgien-diffuse-ce-lundi\/\"]}]},{\"@type\":\"ImageObject\",\"inLanguage\":\"fr-FR\",\"@id\":\"https:\/\/vosgesinfo.fr\/gerardmerinfo\/2024\/01\/lamour-est-dans-le-pre-le-portrait-de-stephane-lagriculteur-vosgien-diffuse-ce-lundi\/#primaryimage\",\"url\":\"https:\/\/vosgesinfo.fr\/app\/uploads\/sites\/6\/2024\/01\/stephane-lamour-est-dans-le-pre.jpeg\",\"contentUrl\":\"https:\/\/vosgesinfo.fr\/app\/uploads\/sites\/6\/2024\/01\/stephane-lamour-est-dans-le-pre.jpeg\",\"width\":2173,\"height\":1446},{\"@type\":\"BreadcrumbList\",\"@id\":\"https:\/\/vosgesinfo.fr\/gerardmerinfo\/2024\/01\/lamour-est-dans-le-pre-le-portrait-de-stephane-lagriculteur-vosgien-diffuse-ce-lundi\/#breadcrumb\",\"itemListElement\":[{\"@type\":\"ListItem\",\"position\":1,\"name\":\"Home\",\"item\":\"https:\/\/vosgesinfo.fr\/gerardmerinfo\/\"},{\"@type\":\"ListItem\",\"position\":2,\"name\":\"L\u2019Amour est dans le pr\u00e9 : Le portrait de St\u00e9phane, l\u2019agriculteur vosgien, diffus\u00e9 ce lundi\"}]},{\"@type\":\"WebSite\",\"@id\":\"https:\/\/vosgesinfo.fr\/gerardmerinfo\/#website\",\"url\":\"https:\/\/vosgesinfo.fr\/gerardmerinfo\/\",\"name\":\"Gerardmer Info\",\"description\":\"Toute l&#039;actualit\u00e9 de G\u00e9rardmer\",\"publisher\":{\"@id\":\"https:\/\/vosgesinfo.fr\/gerardmerinfo\/#organization\"},\"alternateName\":\"Toute l'actualit\u00e9 de G\u00e9rardmer\",\"potentialAction\":[{\"@type\":\"SearchAction\",\"target\":{\"@type\":\"EntryPoint\",\"urlTemplate\":\"https:\/\/vosgesinfo.fr\/gerardmerinfo\/?s={search_term_string}\"},\"query-input\":\"required name=search_term_string\"}],\"inLanguage\":\"fr-FR\"},{\"@type\":\"Organization\",\"@id\":\"https:\/\/vosgesinfo.fr\/gerardmerinfo\/#organization\",\"name\":\"Gerardmer Info\",\"url\":\"https:\/\/vosgesinfo.fr\/gerardmerinfo\/\",\"logo\":{\"@type\":\"ImageObject\",\"inLanguage\":\"fr-FR\",\"@id\":\"https:\/\/vosgesinfo.fr\/gerardmerinfo\/#\/schema\/logo\/image\/\",\"url\":\"https:\/\/vosgesinfo.fr\/app\/uploads\/sites\/6\/2023\/08\/favicon-gerardmerinfo.png\",\"contentUrl\":\"https:\/\/vosgesinfo.fr\/app\/uploads\/sites\/6\/2023\/08\/favicon-gerardmerinfo.png\",\"width\":512,\"height\":512,\"caption\":\"Gerardmer Info\"},\"image\":{\"@id\":\"https:\/\/vosgesinfo.fr\/gerardmerinfo\/#\/schema\/logo\/image\/\"},\"sameAs\":[\"https:\/\/www.facebook.com\/profile.php?id=100049475262660\",\"https:\/\/x.com\/VosgesInfo88\",\"https:\/\/www.youtube.com\/@vosgesinfo\"]},{\"@type\":\"Person\",\"@id\":\"https:\/\/vosgesinfo.fr\/gerardmerinfo\/#\/schema\/person\/bc5d02d71e6932e81b6dadb7386667b1\",\"name\":\"qs_admin\",\"image\":{\"@type\":\"ImageObject\",\"inLanguage\":\"fr-FR\",\"@id\":\"https:\/\/vosgesinfo.fr\/gerardmerinfo\/#\/schema\/person\/image\/\",\"url\":\"https:\/\/secure.gravatar.com\/avatar\/94b18ee0ed79e4a42ea2f2931277b6841a8999fc6fde214600c78057cf1fe1de?s=96&d=mm&r=g\",\"contentUrl\":\"https:\/\/secure.gravatar.com\/avatar\/94b18ee0ed79e4a42ea2f2931277b6841a8999fc6fde214600c78057cf1fe1de?s=96&d=mm&r=g\",\"caption\":\"qs_admin\"},\"sameAs\":[\"https:\/\/vosgesinfo.fr\/wp\"],\"url\":\"https:\/\/vosgesinfo.fr\/gerardmerinfo\/author\/qs_admin\/\"}]}<\/script>\n<!-- \/ Yoast SEO plugin. -->","yoast_head_json":{"title":"L\u2019Amour est dans le pr\u00e9 : Le portrait de St\u00e9phane, l\u2019agriculteur vosgien, diffus\u00e9 ce lundi - Gerardmer Info","robots":{"index":"index","follow":"follow","max-snippet":"max-snippet:-1","max-image-preview":"max-image-preview:large","max-video-preview":"max-video-preview:-1"},"canonical":"https:\/\/vosgesinfo.fr\/gerardmerinfo\/2024\/01\/lamour-est-dans-le-pre-le-portrait-de-stephane-lagriculteur-vosgien-diffuse-ce-lundi\/","twitter_card":"summary_large_image","twitter_title":"L\u2019Amour est dans le pr\u00e9 : Le portrait de St\u00e9phane, l\u2019agriculteur vosgien, diffus\u00e9 ce lundi - Gerardmer Info","twitter_description":"Ce lundi, l\u2019\u00e9mission de M6 \u201cL\u2019Amour est dans le pr\u00e9\u201d pr\u00e9sent\u00e9e par Karine Le Marchand a diffus\u00e9 le portrait de [&hellip;]","twitter_image":"https:\/\/vosgesinfo.fr\/app\/uploads\/sites\/6\/2024\/01\/stephane-lamour-est-dans-le-pre.jpeg","twitter_creator":"@VosgesInfo88","twitter_site":"@VosgesInfo88","twitter_misc":{"\u00c9crit par":"qs_admin"},"schema":{"@context":"https:\/\/schema.org","@graph":[{"@type":"Article","@id":"https:\/\/vosgesinfo.fr\/gerardmerinfo\/2024\/01\/lamour-est-dans-le-pre-le-portrait-de-stephane-lagriculteur-vosgien-diffuse-ce-lundi\/#article","isPartOf":{"@id":"https:\/\/vosgesinfo.fr\/gerardmerinfo\/2024\/01\/lamour-est-dans-le-pre-le-portrait-de-stephane-lagriculteur-vosgien-diffuse-ce-lundi\/"},"author":{"name":"qs_admin","@id":"https:\/\/vosgesinfo.fr\/gerardmerinfo\/#\/schema\/person\/bc5d02d71e6932e81b6dadb7386667b1"},"headline":"L\u2019Amour est dans le pr\u00e9 : Le portrait de St\u00e9phane, l\u2019agriculteur vosgien, diffus\u00e9 ce lundi","datePublished":"2024-01-16T15:29:42+00:00","dateModified":"2024-01-16T15:29:42+00:00","mainEntityOfPage":{"@id":"https:\/\/vosgesinfo.fr\/gerardmerinfo\/2024\/01\/lamour-est-dans-le-pre-le-portrait-de-stephane-lagriculteur-vosgien-diffuse-ce-lundi\/"},"wordCount":105,"commentCount":0,"publisher":{"@id":"https:\/\/vosgesinfo.fr\/gerardmerinfo\/#organization"},"image":{"@id":"https:\/\/vosgesinfo.fr\/gerardmerinfo\/2024\/01\/lamour-est-dans-le-pre-le-portrait-de-stephane-lagriculteur-vosgien-diffuse-ce-lundi\/#primaryimage"},"thumbnailUrl":"https:\/\/vosgesinfo.fr\/app\/uploads\/sites\/6\/2024\/01\/stephane-lamour-est-dans-le-pre.jpeg","articleSection":["A la une","Vosges"],"inLanguage":"fr-FR","potentialAction":[{"@type":"CommentAction","name":"Comment","target":["https:\/\/vosgesinfo.fr\/gerardmerinfo\/2024\/01\/lamour-est-dans-le-pre-le-portrait-de-stephane-lagriculteur-vosgien-diffuse-ce-lundi\/#respond"]}]},{"@type":"WebPage","@id":"https:\/\/vosgesinfo.fr\/gerardmerinfo\/2024\/01\/lamour-est-dans-le-pre-le-portrait-de-stephane-lagriculteur-vosgien-diffuse-ce-lundi\/","url":"https:\/\/vosgesinfo.fr\/gerardmerinfo\/2024\/01\/lamour-est-dans-le-pre-le-portrait-de-stephane-lagriculteur-vosgien-diffuse-ce-lundi\/","name":"L\u2019Amour est dans le pr\u00e9 : Le portrait de St\u00e9phane, l\u2019agriculteur vosgien, diffus\u00e9 ce lundi - Gerardmer Info","isPartOf":{"@id":"https:\/\/vosgesinfo.fr\/gerardmerinfo\/#website"},"primaryImageOfPage":{"@id":"https:\/\/vosgesinfo.fr\/gerardmerinfo\/2024\/01\/lamour-est-dans-le-pre-le-portrait-de-stephane-lagriculteur-vosgien-diffuse-ce-lundi\/#primaryimage"},"image":{"@id":"https:\/\/vosgesinfo.fr\/gerardmerinfo\/2024\/01\/lamour-est-dans-le-pre-le-portrait-de-stephane-lagriculteur-vosgien-diffuse-ce-lundi\/#primaryimage"},"thumbnailUrl":"https:\/\/vosgesinfo.fr\/app\/uploads\/sites\/6\/2024\/01\/stephane-lamour-est-dans-le-pre.jpeg","datePublished":"2024-01-16T15:29:42+00:00","dateModified":"2024-01-16T15:29:42+00:00","breadcrumb":{"@id":"https:\/\/vosgesinfo.fr\/gerardmerinfo\/2024\/01\/lamour-est-dans-le-pre-le-portrait-de-stephane-lagriculteur-vosgien-diffuse-ce-lundi\/#breadcrumb"},"inLanguage":"fr-FR","potentialAction":[{"@type":"ReadAction","target":["https:\/\/vosgesinfo.fr\/gerardmerinfo\/2024\/01\/lamour-est-dans-le-pre-le-portrait-de-stephane-lagriculteur-vosgien-diffuse-ce-lundi\/"]}]},{"@type":"ImageObject","inLanguage":"fr-FR","@id":"https:\/\/vosgesinfo.fr\/gerardmerinfo\/2024\/01\/lamour-est-dans-le-pre-le-portrait-de-stephane-lagriculteur-vosgien-diffuse-ce-lundi\/#primaryimage","url":"https:\/\/vosgesinfo.fr\/app\/uploads\/sites\/6\/2024\/01\/stephane-lamour-est-dans-le-pre.jpeg","contentUrl":"https:\/\/vosgesinfo.fr\/app\/uploads\/sites\/6\/2024\/01\/stephane-lamour-est-dans-le-pre.jpeg","width":2173,"height":1446},{"@type":"BreadcrumbList","@id":"https:\/\/vosgesinfo.fr\/gerardmerinfo\/2024\/01\/lamour-est-dans-le-pre-le-portrait-de-stephane-lagriculteur-vosgien-diffuse-ce-lundi\/#breadcrumb","itemListElement":[{"@type":"ListItem","position":1,"name":"Home","item":"https:\/\/vosgesinfo.fr\/gerardmerinfo\/"},{"@type":"ListItem","position":2,"name":"L\u2019Amour est dans le pr\u00e9 : Le portrait de St\u00e9phane, l\u2019agriculteur vosgien, diffus\u00e9 ce lundi"}]},{"@type":"WebSite","@id":"https:\/\/vosgesinfo.fr\/gerardmerinfo\/#website","url":"https:\/\/vosgesinfo.fr\/gerardmerinfo\/","name":"Gerardmer Info","description":"Toute l&#039;actualit\u00e9 de G\u00e9rardmer","publisher":{"@id":"https:\/\/vosgesinfo.fr\/gerardmerinfo\/#organization"},"alternateName":"Toute l'actualit\u00e9 de G\u00e9rardmer","potentialAction":[{"@type":"SearchAction","target":{"@type":"EntryPoint","urlTemplate":"https:\/\/vosgesinfo.fr\/gerardmerinfo\/?s={search_term_string}"},"query-input":"required name=search_term_string"}],"inLanguage":"fr-FR"},{"@type":"Organization","@id":"https:\/\/vosgesinfo.fr\/gerardmerinfo\/#organization","name":"Gerardmer Info","url":"https:\/\/vosgesinfo.fr\/gerardmerinfo\/","logo":{"@type":"ImageObject","inLanguage":"fr-FR","@id":"https:\/\/vosgesinfo.fr\/gerardmerinfo\/#\/schema\/logo\/image\/","url":"https:\/\/vosgesinfo.fr\/app\/uploads\/sites\/6\/2023\/08\/favicon-gerardmerinfo.png","contentUrl":"https:\/\/vosgesinfo.fr\/app\/uploads\/sites\/6\/2023\/08\/favicon-gerardmerinfo.png","width":512,"height":512,"caption":"Gerardmer Info"},"image":{"@id":"https:\/\/vosgesinfo.fr\/gerardmerinfo\/#\/schema\/logo\/image\/"},"sameAs":["https:\/\/www.facebook.com\/profile.php?id=100049475262660","https:\/\/x.com\/VosgesInfo88","https:\/\/www.youtube.com\/@vosgesinfo"]},{"@type":"Person","@id":"https:\/\/vosgesinfo.fr\/gerardmerinfo\/#\/schema\/person\/bc5d02d71e6932e81b6dadb7386667b1","name":"qs_admin","image":{"@type":"ImageObject","inLanguage":"fr-FR","@id":"https:\/\/vosgesinfo.fr\/gerardmerinfo\/#\/schema\/person\/image\/","url":"https:\/\/secure.gravatar.com\/avatar\/94b18ee0ed79e4a42ea2f2931277b6841a8999fc6fde214600c78057cf1fe1de?s=96&d=mm&r=g","contentUrl":"https:\/\/secure.gravatar.com\/avatar\/94b18ee0ed79e4a42ea2f2931277b6841a8999fc6fde214600c78057cf1fe1de?s=96&d=mm&r=g","caption":"qs_admin"},"sameAs":["https:\/\/vosgesinfo.fr\/wp"],"url":"https:\/\/vosgesinfo.fr\/gerardmerinfo\/author\/qs_admin\/"}]}},"_links":{"self":[{"href":"https:\/\/vosgesinfo.fr\/gerardmerinfo\/wp-json\/wp\/v2\/posts\/737","targetHints":{"allow":["GET"]}}],"collection":[{"href":"https:\/\/vosgesinfo.fr\/gerardmerinfo\/wp-json\/wp\/v2\/posts"}],"about":[{"href":"https:\/\/vosgesinfo.fr\/gerardmerinfo\/wp-json\/wp\/v2\/types\/post"}],"author":[{"embeddable":true,"href":"https:\/\/vosgesinfo.fr\/gerardmerinfo\/wp-json\/wp\/v2\/users\/1"}],"replies":[{"embeddable":true,"href":"https:\/\/vosgesinfo.fr\/gerardmerinfo\/wp-json\/wp\/v2\/comments?post=737"}],"version-history":[{"count":0,"href":"https:\/\/vosgesinfo.fr\/gerardmerinfo\/wp-json\/wp\/v2\/posts\/737\/revisions"}],"wp:featuredmedia":[{"embeddable":true,"href":"https:\/\/vosgesinfo.fr\/gerardmerinfo\/wp-json\/wp\/v2\/media\/738"}],"wp:attachment":[{"href":"https:\/\/vosgesinfo.fr\/gerardmerinfo\/wp-json\/wp\/v2\/media?parent=737"}],"wp:term":[{"taxonomy":"category","embeddable":true,"href":"https:\/\/vosgesinfo.fr\/gerardmerinfo\/wp-json\/wp\/v2\/categories?post=737"},{"taxonomy":"post_tag","embeddable":true,"href":"https:\/\/vosgesinfo.fr\/gerardmerinfo\/wp-json\/wp\/v2\/tags?post=737"}],"curies":[{"name":"wp","href":"https:\/\/api.w.org\/{rel}","templated":true}]}}