{"id":73706,"date":"2025-01-31T17:30:54","date_gmt":"2025-01-31T16:30:54","guid":{"rendered":"https:\/\/vosgesinfo.fr\/gerardmerinfo\/?p=73706"},"modified":"2025-01-31T17:15:37","modified_gmt":"2025-01-31T16:15:37","slug":"burger-quizz-conference-exposition-et-salon-litteraire-lespace-tilleul-et-la-mediatheque-restent-incontournables","status":"publish","type":"post","link":"https:\/\/vosgesinfo.fr\/gerardmerinfo\/2025\/01\/burger-quizz-conference-exposition-et-salon-litteraire-lespace-tilleul-et-la-mediatheque-restent-incontournables\/","title":{"rendered":"Burger quizz, conf\u00e9rence, exposition et salon litt\u00e9raire : l&rsquo;espace Tilleul et la m\u00e9diath\u00e8que restent incontournables"},"content":{"rendered":"\n\t\t<style type=\"text\/css\">\n\t\t\t#gallery-1 {\n\t\t\t\tmargin: auto;\n\t\t\t}\n\t\t\t#gallery-1 .gallery-item {\n\t\t\t\tfloat: left;\n\t\t\t\tmargin-top: 10px;\n\t\t\t\ttext-align: center;\n\t\t\t\twidth: 50%;\n\t\t\t}\n\t\t\t#gallery-1 img {\n\t\t\t\tborder: 2px solid #cfcfcf;\n\t\t\t}\n\t\t\t#gallery-1 .gallery-caption {\n\t\t\t\tmargin-left: 0;\n\t\t\t}\n\t\t\t\/* see gallery_shortcode() in wp-includes\/media.php *\/\n\t\t<\/style>\n\t\t<div id='gallery-1' class='gallery galleryid-73706 gallery-columns-2 gallery-size-medium'><dl class='gallery-item'>\n\t\t\t<dt class='gallery-icon landscape'>\n\t\t\t\t<a href='https:\/\/vosgesinfo.fr\/app\/uploads\/sites\/6\/2025\/01\/expo-mediatheque-2.jpg'><img decoding=\"async\" width=\"300\" height=\"225\" src=\"https:\/\/vosgesinfo.fr\/app\/uploads\/sites\/6\/2025\/01\/expo-mediatheque-2-300x225.jpg\" class=\"attachment-medium size-medium\" alt=\"\" srcset=\"https:\/\/vosgesinfo.fr\/app\/uploads\/sites\/6\/2025\/01\/expo-mediatheque-2-300x225.jpg 300w, https:\/\/vosgesinfo.fr\/app\/uploads\/sites\/6\/2025\/01\/expo-mediatheque-2-1024x768.jpg 1024w, https:\/\/vosgesinfo.fr\/app\/uploads\/sites\/6\/2025\/01\/expo-mediatheque-2-768x576.jpg 768w, https:\/\/vosgesinfo.fr\/app\/uploads\/sites\/6\/2025\/01\/expo-mediatheque-2-1536x1152.jpg 1536w, https:\/\/vosgesinfo.fr\/app\/uploads\/sites\/6\/2025\/01\/expo-mediatheque-2.jpg 2048w\" sizes=\"(max-width: 300px) 100vw, 300px\" \/><\/a>\n\t\t\t<\/dt><\/dl><dl class='gallery-item'>\n\t\t\t<dt class='gallery-icon landscape'>\n\t\t\t\t<a href='https:\/\/vosgesinfo.fr\/app\/uploads\/sites\/6\/2025\/01\/expo-mediatheque-1.jpg'><img decoding=\"async\" width=\"300\" height=\"225\" src=\"https:\/\/vosgesinfo.fr\/app\/uploads\/sites\/6\/2025\/01\/expo-mediatheque-1-300x225.jpg\" class=\"attachment-medium size-medium\" alt=\"\" srcset=\"https:\/\/vosgesinfo.fr\/app\/uploads\/sites\/6\/2025\/01\/expo-mediatheque-1-300x225.jpg 300w, https:\/\/vosgesinfo.fr\/app\/uploads\/sites\/6\/2025\/01\/expo-mediatheque-1-1024x768.jpg 1024w, https:\/\/vosgesinfo.fr\/app\/uploads\/sites\/6\/2025\/01\/expo-mediatheque-1-768x576.jpg 768w, https:\/\/vosgesinfo.fr\/app\/uploads\/sites\/6\/2025\/01\/expo-mediatheque-1-1536x1152.jpg 1536w, https:\/\/vosgesinfo.fr\/app\/uploads\/sites\/6\/2025\/01\/expo-mediatheque-1.jpg 2048w\" sizes=\"(max-width: 300px) 100vw, 300px\" \/><\/a>\n\t\t\t<\/dt><\/dl><br style=\"clear: both\" \/><dl class='gallery-item'>\n\t\t\t<dt class='gallery-icon landscape'>\n\t\t\t\t<a href='https:\/\/vosgesinfo.fr\/app\/uploads\/sites\/6\/2025\/01\/conference-sorhorrite-4.jpg'><img decoding=\"async\" width=\"300\" height=\"225\" src=\"https:\/\/vosgesinfo.fr\/app\/uploads\/sites\/6\/2025\/01\/conference-sorhorrite-4-300x225.jpg\" class=\"attachment-medium size-medium\" alt=\"\" srcset=\"https:\/\/vosgesinfo.fr\/app\/uploads\/sites\/6\/2025\/01\/conference-sorhorrite-4-300x225.jpg 300w, https:\/\/vosgesinfo.fr\/app\/uploads\/sites\/6\/2025\/01\/conference-sorhorrite-4-1024x768.jpg 1024w, https:\/\/vosgesinfo.fr\/app\/uploads\/sites\/6\/2025\/01\/conference-sorhorrite-4-768x576.jpg 768w, https:\/\/vosgesinfo.fr\/app\/uploads\/sites\/6\/2025\/01\/conference-sorhorrite-4-1536x1152.jpg 1536w, https:\/\/vosgesinfo.fr\/app\/uploads\/sites\/6\/2025\/01\/conference-sorhorrite-4.jpg 2040w\" sizes=\"(max-width: 300px) 100vw, 300px\" \/><\/a>\n\t\t\t<\/dt><\/dl><dl class='gallery-item'>\n\t\t\t<dt class='gallery-icon landscape'>\n\t\t\t\t<a href='https:\/\/vosgesinfo.fr\/app\/uploads\/sites\/6\/2025\/01\/conference-sorhorrite-3.jpg'><img decoding=\"async\" width=\"300\" height=\"225\" src=\"https:\/\/vosgesinfo.fr\/app\/uploads\/sites\/6\/2025\/01\/conference-sorhorrite-3-300x225.jpg\" class=\"attachment-medium size-medium\" alt=\"\" srcset=\"https:\/\/vosgesinfo.fr\/app\/uploads\/sites\/6\/2025\/01\/conference-sorhorrite-3-300x225.jpg 300w, https:\/\/vosgesinfo.fr\/app\/uploads\/sites\/6\/2025\/01\/conference-sorhorrite-3-1024x768.jpg 1024w, https:\/\/vosgesinfo.fr\/app\/uploads\/sites\/6\/2025\/01\/conference-sorhorrite-3-768x576.jpg 768w, https:\/\/vosgesinfo.fr\/app\/uploads\/sites\/6\/2025\/01\/conference-sorhorrite-3-1536x1152.jpg 1536w, https:\/\/vosgesinfo.fr\/app\/uploads\/sites\/6\/2025\/01\/conference-sorhorrite-3.jpg 2040w\" sizes=\"(max-width: 300px) 100vw, 300px\" \/><\/a>\n\t\t\t<\/dt><\/dl><br style=\"clear: both\" \/><dl class='gallery-item'>\n\t\t\t<dt class='gallery-icon landscape'>\n\t\t\t\t<a href='https:\/\/vosgesinfo.fr\/app\/uploads\/sites\/6\/2025\/01\/conference-sorhorrite-2.jpg'><img decoding=\"async\" width=\"300\" height=\"225\" src=\"https:\/\/vosgesinfo.fr\/app\/uploads\/sites\/6\/2025\/01\/conference-sorhorrite-2-300x225.jpg\" class=\"attachment-medium size-medium\" alt=\"\" srcset=\"https:\/\/vosgesinfo.fr\/app\/uploads\/sites\/6\/2025\/01\/conference-sorhorrite-2-300x225.jpg 300w, https:\/\/vosgesinfo.fr\/app\/uploads\/sites\/6\/2025\/01\/conference-sorhorrite-2-1024x768.jpg 1024w, https:\/\/vosgesinfo.fr\/app\/uploads\/sites\/6\/2025\/01\/conference-sorhorrite-2-768x576.jpg 768w, https:\/\/vosgesinfo.fr\/app\/uploads\/sites\/6\/2025\/01\/conference-sorhorrite-2-1536x1152.jpg 1536w, https:\/\/vosgesinfo.fr\/app\/uploads\/sites\/6\/2025\/01\/conference-sorhorrite-2.jpg 2048w\" sizes=\"(max-width: 300px) 100vw, 300px\" \/><\/a>\n\t\t\t<\/dt><\/dl><dl class='gallery-item'>\n\t\t\t<dt class='gallery-icon landscape'>\n\t\t\t\t<a href='https:\/\/vosgesinfo.fr\/app\/uploads\/sites\/6\/2025\/01\/conference-sorhorrite-1.jpg'><img decoding=\"async\" width=\"300\" height=\"225\" src=\"https:\/\/vosgesinfo.fr\/app\/uploads\/sites\/6\/2025\/01\/conference-sorhorrite-1-300x225.jpg\" class=\"attachment-medium size-medium\" alt=\"\" srcset=\"https:\/\/vosgesinfo.fr\/app\/uploads\/sites\/6\/2025\/01\/conference-sorhorrite-1-300x225.jpg 300w, https:\/\/vosgesinfo.fr\/app\/uploads\/sites\/6\/2025\/01\/conference-sorhorrite-1-1024x768.jpg 1024w, https:\/\/vosgesinfo.fr\/app\/uploads\/sites\/6\/2025\/01\/conference-sorhorrite-1-768x576.jpg 768w, https:\/\/vosgesinfo.fr\/app\/uploads\/sites\/6\/2025\/01\/conference-sorhorrite-1-1536x1152.jpg 1536w, https:\/\/vosgesinfo.fr\/app\/uploads\/sites\/6\/2025\/01\/conference-sorhorrite-1.jpg 2000w\" sizes=\"(max-width: 300px) 100vw, 300px\" \/><\/a>\n\t\t\t<\/dt><\/dl><br style=\"clear: both\" \/><dl class='gallery-item'>\n\t\t\t<dt class='gallery-icon landscape'>\n\t\t\t\t<a href='https:\/\/vosgesinfo.fr\/app\/uploads\/sites\/6\/2025\/01\/burger-quizz-de-lhorreur-gerardmer-4.jpg'><img decoding=\"async\" width=\"300\" height=\"225\" src=\"https:\/\/vosgesinfo.fr\/app\/uploads\/sites\/6\/2025\/01\/burger-quizz-de-lhorreur-gerardmer-4-300x225.jpg\" class=\"attachment-medium size-medium\" alt=\"\" srcset=\"https:\/\/vosgesinfo.fr\/app\/uploads\/sites\/6\/2025\/01\/burger-quizz-de-lhorreur-gerardmer-4-300x225.jpg 300w, https:\/\/vosgesinfo.fr\/app\/uploads\/sites\/6\/2025\/01\/burger-quizz-de-lhorreur-gerardmer-4-1024x768.jpg 1024w, https:\/\/vosgesinfo.fr\/app\/uploads\/sites\/6\/2025\/01\/burger-quizz-de-lhorreur-gerardmer-4-768x576.jpg 768w, https:\/\/vosgesinfo.fr\/app\/uploads\/sites\/6\/2025\/01\/burger-quizz-de-lhorreur-gerardmer-4-1536x1152.jpg 1536w, https:\/\/vosgesinfo.fr\/app\/uploads\/sites\/6\/2025\/01\/burger-quizz-de-lhorreur-gerardmer-4.jpg 2048w\" sizes=\"(max-width: 300px) 100vw, 300px\" \/><\/a>\n\t\t\t<\/dt><\/dl><dl class='gallery-item'>\n\t\t\t<dt class='gallery-icon landscape'>\n\t\t\t\t<a href='https:\/\/vosgesinfo.fr\/app\/uploads\/sites\/6\/2025\/01\/burger-quizz-de-lhorreur-gerardmer-2.jpg'><img decoding=\"async\" width=\"300\" height=\"225\" src=\"https:\/\/vosgesinfo.fr\/app\/uploads\/sites\/6\/2025\/01\/burger-quizz-de-lhorreur-gerardmer-2-300x225.jpg\" class=\"attachment-medium size-medium\" alt=\"\" srcset=\"https:\/\/vosgesinfo.fr\/app\/uploads\/sites\/6\/2025\/01\/burger-quizz-de-lhorreur-gerardmer-2-300x225.jpg 300w, https:\/\/vosgesinfo.fr\/app\/uploads\/sites\/6\/2025\/01\/burger-quizz-de-lhorreur-gerardmer-2-1024x768.jpg 1024w, https:\/\/vosgesinfo.fr\/app\/uploads\/sites\/6\/2025\/01\/burger-quizz-de-lhorreur-gerardmer-2-768x576.jpg 768w, https:\/\/vosgesinfo.fr\/app\/uploads\/sites\/6\/2025\/01\/burger-quizz-de-lhorreur-gerardmer-2-1536x1152.jpg 1536w, https:\/\/vosgesinfo.fr\/app\/uploads\/sites\/6\/2025\/01\/burger-quizz-de-lhorreur-gerardmer-2.jpg 2048w\" sizes=\"(max-width: 300px) 100vw, 300px\" \/><\/a>\n\t\t\t<\/dt><\/dl><br style=\"clear: both\" \/>\n\t\t<\/div>\n\n<p data-pm-slice=\"1 1 []\">L&rsquo;espace Tilleul reste incontournable et m\u00eame presque indispensable au festival international du Film Fantastique en proposant et en abritant de nombreuses animations ouvertes au public. Bien entendu, il y a le salon litt\u00e9raire, alias Le Grimoire (\u00e0 retrouver ici !), qui s&rsquo;installe chaque ann\u00e9e au rez-de-chauss\u00e9e avec ses auteurs, ses d\u00e9dicaces, ses rencontres ainsi que l&rsquo;espace d\u00e9di\u00e9 au shopping. C&rsquo;est l\u00e0 que vous pourrez vous procurer DvD et Blue ray de grands classiques du genre ou de bons vieux nanards du dimanche soir, mais aussi tout un tas de produits d\u00e9riv\u00e9s histoire de vous faire plaisir.<\/p>\n<p><a href=\"https:\/\/vosgesinfo.fr\/app\/uploads\/sites\/6\/2025\/01\/burger-quizz-de-lhorreur-gerardmer-3.jpg\"><img decoding=\"async\" class=\"alignright size-medium wp-image-73709\" src=\"https:\/\/vosgesinfo.fr\/app\/uploads\/sites\/6\/2025\/01\/burger-quizz-de-lhorreur-gerardmer-3-300x225.jpg\" alt=\"\" width=\"300\" height=\"225\" srcset=\"https:\/\/vosgesinfo.fr\/app\/uploads\/sites\/6\/2025\/01\/burger-quizz-de-lhorreur-gerardmer-3-300x225.jpg 300w, https:\/\/vosgesinfo.fr\/app\/uploads\/sites\/6\/2025\/01\/burger-quizz-de-lhorreur-gerardmer-3-1024x768.jpg 1024w, https:\/\/vosgesinfo.fr\/app\/uploads\/sites\/6\/2025\/01\/burger-quizz-de-lhorreur-gerardmer-3-768x576.jpg 768w, https:\/\/vosgesinfo.fr\/app\/uploads\/sites\/6\/2025\/01\/burger-quizz-de-lhorreur-gerardmer-3-1536x1152.jpg 1536w, https:\/\/vosgesinfo.fr\/app\/uploads\/sites\/6\/2025\/01\/burger-quizz-de-lhorreur-gerardmer-3.jpg 2048w\" sizes=\"(max-width: 300px) 100vw, 300px\" \/><\/a>Mais aussi et surtout, on rappellera que la m\u00e9diath\u00e8que, devenue m\u00e9dialudoth\u00e8que, a toujours le plaisir de se mettre aux couleurs du fantastique avec une nouvelle exposition d\u00e9di\u00e9e cette ann\u00e9e aux monstres, ces visages \u00e9ternels de la peur. Rendez-vous au premier \u00e9tage, section adultes, pour la d\u00e9couvrir. Jeudi soir, Arnaud et Kevin animaient un burger quizz de l&rsquo;horreur. Reprenant les codes du fameux jeu t\u00e9l\u00e9vis\u00e9, mais en se concentrant sur le cin\u00e9ma de genre, le duo a permis \u00e0 des locaux et \u00e0 des festivaliers de s&rsquo;amuser tout en approfondissant leur culture cin\u00e9.<\/p>\n<p><strong>Le festival au f\u00e9minin<\/strong><\/p>\n<p>Vendredi apr\u00e8s-midi, place \u00e0 la tr\u00e8s attendue conf\u00e9rence Sor&rsquo;Horrit\u00e9 qui a fait salle comble \u00e0 l&rsquo;espace audiovisuel situ\u00e9 au 3e \u00e9tage. Les intervenantes, sp\u00e9cialistes du cin\u00e9ma de genre et investies dans la cause f\u00e9ministe, ont ainsi pu d\u00e9velopper un th\u00e8me qui leur est cher : \u00ab\u00a0Les fant\u00f4mes au f\u00e9minin \u00e0 travers les \u00e2ges et ce qu\u2019ils disent de notre rapport \u00e0 la f\u00e9minit\u00e9\u00a0\u00bb. Un th\u00e8me id\u00e9alement choisi en lien avec celui du festival, et un th\u00e8me qui avait d&rsquo;autant plus sa place cette ann\u00e9e que ce sont deux pr\u00e9sidentes qui sont \u00e0 la t\u00eate des jurys courts et longs m\u00e9trages et que le pr\u00e9sident a laiss\u00e9 place \u00e0 une pr\u00e9sidente au sein de l&rsquo;association du festival. l&rsquo;\u00e9v\u00e8nement qui a \u00e9galement une nouvelle directrice en la personne d&rsquo;Aude Hesbert&#8230;<\/p>\n<p>Pour conclure, sachez que de nombreux rendez-vous vous attendent encore samedi un peu partout en ville et notamment au Tilleul : vous pourrez confectionner votre masque avec la marche des p&rsquo;tits monstres (pour les enfants), le salon litt\u00e9raire sera officiellement verni \u00e0 11 h 30, la remise des prix du concours de nouvelles est pr\u00e9vue \u00e0 15 h 30 et plusieurs rencontres sont au programme. Et n&rsquo;oubliez pas non plus que Bernard Werber sera pr\u00e9sent de 14 h 30 \u00e0 15 h 30 au bar de l&rsquo;espace Tilleul ce dimanche !<\/p>\n","protected":false},"excerpt":{"rendered":"<p>L&rsquo;espace Tilleul reste incontournable et m\u00eame presque indispensable au festival international du Film Fantastique en proposant et en abritant de [&hellip;]<\/p>\n","protected":false},"author":42,"featured_media":73712,"comment_status":"open","ping_status":"open","sticky":false,"template":"","format":"standard","meta":{"footnotes":""},"categories":[20,4,5647,25],"tags":[91,153],"class_list":["post-73706","post","type-post","status-publish","format-standard","has-post-thumbnail","hentry","category-a-la-une","category-culture","category-gerardmer-autres-sites","category-gerardmer","tag-festival-du-film-fantastique-gerardmer","tag-mediatheque-du-tilleul"],"acf":[],"yoast_head":"<!-- This site is optimized with the Yoast SEO plugin v22.5 - https:\/\/yoast.com\/wordpress\/plugins\/seo\/ -->\n<title>Burger quizz, conf\u00e9rence, exposition et salon litt\u00e9raire : l&#039;espace Tilleul et la m\u00e9diath\u00e8que restent incontournables - Gerardmer Info<\/title>\n<meta name=\"robots\" content=\"index, follow, max-snippet:-1, max-image-preview:large, max-video-preview:-1\" \/>\n<link rel=\"canonical\" href=\"https:\/\/vosgesinfo.fr\/gerardmerinfo\/2025\/01\/burger-quizz-conference-exposition-et-salon-litteraire-lespace-tilleul-et-la-mediatheque-restent-incontournables\/\" \/>\n<meta name=\"twitter:card\" content=\"summary_large_image\" \/>\n<meta name=\"twitter:title\" content=\"Burger quizz, conf\u00e9rence, exposition et salon litt\u00e9raire : l&#039;espace Tilleul et la m\u00e9diath\u00e8que restent incontournables - Gerardmer Info\" \/>\n<meta name=\"twitter:description\" content=\"L&rsquo;espace Tilleul reste incontournable et m\u00eame presque indispensable au festival international du Film Fantastique en proposant et en abritant de [&hellip;]\" \/>\n<meta name=\"twitter:image\" content=\"https:\/\/vosgesinfo.fr\/app\/uploads\/sites\/6\/2025\/01\/conference-sorhorrite-2.jpg\" \/>\n<meta name=\"twitter:creator\" content=\"@VosgesInfo88\" \/>\n<meta name=\"twitter:site\" content=\"@VosgesInfo88\" \/>\n<meta name=\"twitter:label1\" content=\"\u00c9crit par\" \/>\n\t<meta name=\"twitter:data1\" content=\"QG\" \/>\n\t<meta name=\"twitter:label2\" content=\"Dur\u00e9e de lecture estim\u00e9e\" \/>\n\t<meta name=\"twitter:data2\" content=\"2 minutes\" \/>\n<script type=\"application\/ld+json\" class=\"yoast-schema-graph\">{\"@context\":\"https:\/\/schema.org\",\"@graph\":[{\"@type\":\"Article\",\"@id\":\"https:\/\/vosgesinfo.fr\/gerardmerinfo\/2025\/01\/burger-quizz-conference-exposition-et-salon-litteraire-lespace-tilleul-et-la-mediatheque-restent-incontournables\/#article\",\"isPartOf\":{\"@id\":\"https:\/\/vosgesinfo.fr\/gerardmerinfo\/2025\/01\/burger-quizz-conference-exposition-et-salon-litteraire-lespace-tilleul-et-la-mediatheque-restent-incontournables\/\"},\"author\":{\"name\":\"QG\",\"@id\":\"https:\/\/vosgesinfo.fr\/gerardmerinfo\/#\/schema\/person\/db5605779a843dad16b5368f3e7613a5\"},\"headline\":\"Burger quizz, conf\u00e9rence, exposition et salon litt\u00e9raire : l&rsquo;espace Tilleul et la m\u00e9diath\u00e8que restent incontournables\",\"datePublished\":\"2025-01-31T16:30:54+00:00\",\"dateModified\":\"2025-01-31T16:15:37+00:00\",\"mainEntityOfPage\":{\"@id\":\"https:\/\/vosgesinfo.fr\/gerardmerinfo\/2025\/01\/burger-quizz-conference-exposition-et-salon-litteraire-lespace-tilleul-et-la-mediatheque-restent-incontournables\/\"},\"wordCount\":473,\"commentCount\":0,\"publisher\":{\"@id\":\"https:\/\/vosgesinfo.fr\/gerardmerinfo\/#organization\"},\"image\":{\"@id\":\"https:\/\/vosgesinfo.fr\/gerardmerinfo\/2025\/01\/burger-quizz-conference-exposition-et-salon-litteraire-lespace-tilleul-et-la-mediatheque-restent-incontournables\/#primaryimage\"},\"thumbnailUrl\":\"https:\/\/vosgesinfo.fr\/app\/uploads\/sites\/6\/2025\/01\/conference-sorhorrite-2.jpg\",\"keywords\":[\"festival du film fantastique G\u00e9rardmer\",\"m\u00e9diath\u00e8que du tilleul\"],\"articleSection\":[\"A la une\",\"Culture\",\"Gerardmer\",\"G\u00e9rardmer\"],\"inLanguage\":\"fr-FR\",\"potentialAction\":[{\"@type\":\"CommentAction\",\"name\":\"Comment\",\"target\":[\"https:\/\/vosgesinfo.fr\/gerardmerinfo\/2025\/01\/burger-quizz-conference-exposition-et-salon-litteraire-lespace-tilleul-et-la-mediatheque-restent-incontournables\/#respond\"]}]},{\"@type\":\"WebPage\",\"@id\":\"https:\/\/vosgesinfo.fr\/gerardmerinfo\/2025\/01\/burger-quizz-conference-exposition-et-salon-litteraire-lespace-tilleul-et-la-mediatheque-restent-incontournables\/\",\"url\":\"https:\/\/vosgesinfo.fr\/gerardmerinfo\/2025\/01\/burger-quizz-conference-exposition-et-salon-litteraire-lespace-tilleul-et-la-mediatheque-restent-incontournables\/\",\"name\":\"Burger quizz, conf\u00e9rence, exposition et salon litt\u00e9raire : l'espace Tilleul et la m\u00e9diath\u00e8que restent incontournables - Gerardmer Info\",\"isPartOf\":{\"@id\":\"https:\/\/vosgesinfo.fr\/gerardmerinfo\/#website\"},\"primaryImageOfPage\":{\"@id\":\"https:\/\/vosgesinfo.fr\/gerardmerinfo\/2025\/01\/burger-quizz-conference-exposition-et-salon-litteraire-lespace-tilleul-et-la-mediatheque-restent-incontournables\/#primaryimage\"},\"image\":{\"@id\":\"https:\/\/vosgesinfo.fr\/gerardmerinfo\/2025\/01\/burger-quizz-conference-exposition-et-salon-litteraire-lespace-tilleul-et-la-mediatheque-restent-incontournables\/#primaryimage\"},\"thumbnailUrl\":\"https:\/\/vosgesinfo.fr\/app\/uploads\/sites\/6\/2025\/01\/conference-sorhorrite-2.jpg\",\"datePublished\":\"2025-01-31T16:30:54+00:00\",\"dateModified\":\"2025-01-31T16:15:37+00:00\",\"breadcrumb\":{\"@id\":\"https:\/\/vosgesinfo.fr\/gerardmerinfo\/2025\/01\/burger-quizz-conference-exposition-et-salon-litteraire-lespace-tilleul-et-la-mediatheque-restent-incontournables\/#breadcrumb\"},\"inLanguage\":\"fr-FR\",\"potentialAction\":[{\"@type\":\"ReadAction\",\"target\":[\"https:\/\/vosgesinfo.fr\/gerardmerinfo\/2025\/01\/burger-quizz-conference-exposition-et-salon-litteraire-lespace-tilleul-et-la-mediatheque-restent-incontournables\/\"]}]},{\"@type\":\"ImageObject\",\"inLanguage\":\"fr-FR\",\"@id\":\"https:\/\/vosgesinfo.fr\/gerardmerinfo\/2025\/01\/burger-quizz-conference-exposition-et-salon-litteraire-lespace-tilleul-et-la-mediatheque-restent-incontournables\/#primaryimage\",\"url\":\"https:\/\/vosgesinfo.fr\/app\/uploads\/sites\/6\/2025\/01\/conference-sorhorrite-2.jpg\",\"contentUrl\":\"https:\/\/vosgesinfo.fr\/app\/uploads\/sites\/6\/2025\/01\/conference-sorhorrite-2.jpg\",\"width\":2048,\"height\":1536},{\"@type\":\"BreadcrumbList\",\"@id\":\"https:\/\/vosgesinfo.fr\/gerardmerinfo\/2025\/01\/burger-quizz-conference-exposition-et-salon-litteraire-lespace-tilleul-et-la-mediatheque-restent-incontournables\/#breadcrumb\",\"itemListElement\":[{\"@type\":\"ListItem\",\"position\":1,\"name\":\"Home\",\"item\":\"https:\/\/vosgesinfo.fr\/gerardmerinfo\/\"},{\"@type\":\"ListItem\",\"position\":2,\"name\":\"Burger quizz, conf\u00e9rence, exposition et salon litt\u00e9raire : l&rsquo;espace Tilleul et la m\u00e9diath\u00e8que restent incontournables\"}]},{\"@type\":\"WebSite\",\"@id\":\"https:\/\/vosgesinfo.fr\/gerardmerinfo\/#website\",\"url\":\"https:\/\/vosgesinfo.fr\/gerardmerinfo\/\",\"name\":\"Gerardmer Info\",\"description\":\"Toute l&#039;actualit\u00e9 de G\u00e9rardmer\",\"publisher\":{\"@id\":\"https:\/\/vosgesinfo.fr\/gerardmerinfo\/#organization\"},\"alternateName\":\"Toute l'actualit\u00e9 de G\u00e9rardmer\",\"potentialAction\":[{\"@type\":\"SearchAction\",\"target\":{\"@type\":\"EntryPoint\",\"urlTemplate\":\"https:\/\/vosgesinfo.fr\/gerardmerinfo\/?s={search_term_string}\"},\"query-input\":\"required name=search_term_string\"}],\"inLanguage\":\"fr-FR\"},{\"@type\":\"Organization\",\"@id\":\"https:\/\/vosgesinfo.fr\/gerardmerinfo\/#organization\",\"name\":\"Gerardmer Info\",\"url\":\"https:\/\/vosgesinfo.fr\/gerardmerinfo\/\",\"logo\":{\"@type\":\"ImageObject\",\"inLanguage\":\"fr-FR\",\"@id\":\"https:\/\/vosgesinfo.fr\/gerardmerinfo\/#\/schema\/logo\/image\/\",\"url\":\"https:\/\/vosgesinfo.fr\/app\/uploads\/sites\/6\/2023\/08\/favicon-gerardmerinfo.png\",\"contentUrl\":\"https:\/\/vosgesinfo.fr\/app\/uploads\/sites\/6\/2023\/08\/favicon-gerardmerinfo.png\",\"width\":512,\"height\":512,\"caption\":\"Gerardmer Info\"},\"image\":{\"@id\":\"https:\/\/vosgesinfo.fr\/gerardmerinfo\/#\/schema\/logo\/image\/\"},\"sameAs\":[\"https:\/\/www.facebook.com\/profile.php?id=100049475262660\",\"https:\/\/x.com\/VosgesInfo88\",\"https:\/\/www.youtube.com\/@vosgesinfo\"]},{\"@type\":\"Person\",\"@id\":\"https:\/\/vosgesinfo.fr\/gerardmerinfo\/#\/schema\/person\/db5605779a843dad16b5368f3e7613a5\",\"name\":\"QG\",\"image\":{\"@type\":\"ImageObject\",\"inLanguage\":\"fr-FR\",\"@id\":\"https:\/\/vosgesinfo.fr\/gerardmerinfo\/#\/schema\/person\/image\/\",\"url\":\"https:\/\/secure.gravatar.com\/avatar\/ea80c42c204b534408512832fde52504ecabb9706bcb6151cf6175e5b64e6793?s=96&d=mm&r=g\",\"contentUrl\":\"https:\/\/secure.gravatar.com\/avatar\/ea80c42c204b534408512832fde52504ecabb9706bcb6151cf6175e5b64e6793?s=96&d=mm&r=g\",\"caption\":\"QG\"},\"url\":\"https:\/\/vosgesinfo.fr\/gerardmerinfo\/author\/quentin88\/\"}]}<\/script>\n<!-- \/ Yoast SEO plugin. -->","yoast_head_json":{"title":"Burger quizz, conf\u00e9rence, exposition et salon litt\u00e9raire : l'espace Tilleul et la m\u00e9diath\u00e8que restent incontournables - Gerardmer Info","robots":{"index":"index","follow":"follow","max-snippet":"max-snippet:-1","max-image-preview":"max-image-preview:large","max-video-preview":"max-video-preview:-1"},"canonical":"https:\/\/vosgesinfo.fr\/gerardmerinfo\/2025\/01\/burger-quizz-conference-exposition-et-salon-litteraire-lespace-tilleul-et-la-mediatheque-restent-incontournables\/","twitter_card":"summary_large_image","twitter_title":"Burger quizz, conf\u00e9rence, exposition et salon litt\u00e9raire : l'espace Tilleul et la m\u00e9diath\u00e8que restent incontournables - Gerardmer Info","twitter_description":"L&rsquo;espace Tilleul reste incontournable et m\u00eame presque indispensable au festival international du Film Fantastique en proposant et en abritant de [&hellip;]","twitter_image":"https:\/\/vosgesinfo.fr\/app\/uploads\/sites\/6\/2025\/01\/conference-sorhorrite-2.jpg","twitter_creator":"@VosgesInfo88","twitter_site":"@VosgesInfo88","twitter_misc":{"\u00c9crit par":"QG","Dur\u00e9e de lecture estim\u00e9e":"2 minutes"},"schema":{"@context":"https:\/\/schema.org","@graph":[{"@type":"Article","@id":"https:\/\/vosgesinfo.fr\/gerardmerinfo\/2025\/01\/burger-quizz-conference-exposition-et-salon-litteraire-lespace-tilleul-et-la-mediatheque-restent-incontournables\/#article","isPartOf":{"@id":"https:\/\/vosgesinfo.fr\/gerardmerinfo\/2025\/01\/burger-quizz-conference-exposition-et-salon-litteraire-lespace-tilleul-et-la-mediatheque-restent-incontournables\/"},"author":{"name":"QG","@id":"https:\/\/vosgesinfo.fr\/gerardmerinfo\/#\/schema\/person\/db5605779a843dad16b5368f3e7613a5"},"headline":"Burger quizz, conf\u00e9rence, exposition et salon litt\u00e9raire : l&rsquo;espace Tilleul et la m\u00e9diath\u00e8que restent incontournables","datePublished":"2025-01-31T16:30:54+00:00","dateModified":"2025-01-31T16:15:37+00:00","mainEntityOfPage":{"@id":"https:\/\/vosgesinfo.fr\/gerardmerinfo\/2025\/01\/burger-quizz-conference-exposition-et-salon-litteraire-lespace-tilleul-et-la-mediatheque-restent-incontournables\/"},"wordCount":473,"commentCount":0,"publisher":{"@id":"https:\/\/vosgesinfo.fr\/gerardmerinfo\/#organization"},"image":{"@id":"https:\/\/vosgesinfo.fr\/gerardmerinfo\/2025\/01\/burger-quizz-conference-exposition-et-salon-litteraire-lespace-tilleul-et-la-mediatheque-restent-incontournables\/#primaryimage"},"thumbnailUrl":"https:\/\/vosgesinfo.fr\/app\/uploads\/sites\/6\/2025\/01\/conference-sorhorrite-2.jpg","keywords":["festival du film fantastique G\u00e9rardmer","m\u00e9diath\u00e8que du tilleul"],"articleSection":["A la une","Culture","Gerardmer","G\u00e9rardmer"],"inLanguage":"fr-FR","potentialAction":[{"@type":"CommentAction","name":"Comment","target":["https:\/\/vosgesinfo.fr\/gerardmerinfo\/2025\/01\/burger-quizz-conference-exposition-et-salon-litteraire-lespace-tilleul-et-la-mediatheque-restent-incontournables\/#respond"]}]},{"@type":"WebPage","@id":"https:\/\/vosgesinfo.fr\/gerardmerinfo\/2025\/01\/burger-quizz-conference-exposition-et-salon-litteraire-lespace-tilleul-et-la-mediatheque-restent-incontournables\/","url":"https:\/\/vosgesinfo.fr\/gerardmerinfo\/2025\/01\/burger-quizz-conference-exposition-et-salon-litteraire-lespace-tilleul-et-la-mediatheque-restent-incontournables\/","name":"Burger quizz, conf\u00e9rence, exposition et salon litt\u00e9raire : l'espace Tilleul et la m\u00e9diath\u00e8que restent incontournables - Gerardmer Info","isPartOf":{"@id":"https:\/\/vosgesinfo.fr\/gerardmerinfo\/#website"},"primaryImageOfPage":{"@id":"https:\/\/vosgesinfo.fr\/gerardmerinfo\/2025\/01\/burger-quizz-conference-exposition-et-salon-litteraire-lespace-tilleul-et-la-mediatheque-restent-incontournables\/#primaryimage"},"image":{"@id":"https:\/\/vosgesinfo.fr\/gerardmerinfo\/2025\/01\/burger-quizz-conference-exposition-et-salon-litteraire-lespace-tilleul-et-la-mediatheque-restent-incontournables\/#primaryimage"},"thumbnailUrl":"https:\/\/vosgesinfo.fr\/app\/uploads\/sites\/6\/2025\/01\/conference-sorhorrite-2.jpg","datePublished":"2025-01-31T16:30:54+00:00","dateModified":"2025-01-31T16:15:37+00:00","breadcrumb":{"@id":"https:\/\/vosgesinfo.fr\/gerardmerinfo\/2025\/01\/burger-quizz-conference-exposition-et-salon-litteraire-lespace-tilleul-et-la-mediatheque-restent-incontournables\/#breadcrumb"},"inLanguage":"fr-FR","potentialAction":[{"@type":"ReadAction","target":["https:\/\/vosgesinfo.fr\/gerardmerinfo\/2025\/01\/burger-quizz-conference-exposition-et-salon-litteraire-lespace-tilleul-et-la-mediatheque-restent-incontournables\/"]}]},{"@type":"ImageObject","inLanguage":"fr-FR","@id":"https:\/\/vosgesinfo.fr\/gerardmerinfo\/2025\/01\/burger-quizz-conference-exposition-et-salon-litteraire-lespace-tilleul-et-la-mediatheque-restent-incontournables\/#primaryimage","url":"https:\/\/vosgesinfo.fr\/app\/uploads\/sites\/6\/2025\/01\/conference-sorhorrite-2.jpg","contentUrl":"https:\/\/vosgesinfo.fr\/app\/uploads\/sites\/6\/2025\/01\/conference-sorhorrite-2.jpg","width":2048,"height":1536},{"@type":"BreadcrumbList","@id":"https:\/\/vosgesinfo.fr\/gerardmerinfo\/2025\/01\/burger-quizz-conference-exposition-et-salon-litteraire-lespace-tilleul-et-la-mediatheque-restent-incontournables\/#breadcrumb","itemListElement":[{"@type":"ListItem","position":1,"name":"Home","item":"https:\/\/vosgesinfo.fr\/gerardmerinfo\/"},{"@type":"ListItem","position":2,"name":"Burger quizz, conf\u00e9rence, exposition et salon litt\u00e9raire : l&rsquo;espace Tilleul et la m\u00e9diath\u00e8que restent incontournables"}]},{"@type":"WebSite","@id":"https:\/\/vosgesinfo.fr\/gerardmerinfo\/#website","url":"https:\/\/vosgesinfo.fr\/gerardmerinfo\/","name":"Gerardmer Info","description":"Toute l&#039;actualit\u00e9 de G\u00e9rardmer","publisher":{"@id":"https:\/\/vosgesinfo.fr\/gerardmerinfo\/#organization"},"alternateName":"Toute l'actualit\u00e9 de G\u00e9rardmer","potentialAction":[{"@type":"SearchAction","target":{"@type":"EntryPoint","urlTemplate":"https:\/\/vosgesinfo.fr\/gerardmerinfo\/?s={search_term_string}"},"query-input":"required name=search_term_string"}],"inLanguage":"fr-FR"},{"@type":"Organization","@id":"https:\/\/vosgesinfo.fr\/gerardmerinfo\/#organization","name":"Gerardmer Info","url":"https:\/\/vosgesinfo.fr\/gerardmerinfo\/","logo":{"@type":"ImageObject","inLanguage":"fr-FR","@id":"https:\/\/vosgesinfo.fr\/gerardmerinfo\/#\/schema\/logo\/image\/","url":"https:\/\/vosgesinfo.fr\/app\/uploads\/sites\/6\/2023\/08\/favicon-gerardmerinfo.png","contentUrl":"https:\/\/vosgesinfo.fr\/app\/uploads\/sites\/6\/2023\/08\/favicon-gerardmerinfo.png","width":512,"height":512,"caption":"Gerardmer Info"},"image":{"@id":"https:\/\/vosgesinfo.fr\/gerardmerinfo\/#\/schema\/logo\/image\/"},"sameAs":["https:\/\/www.facebook.com\/profile.php?id=100049475262660","https:\/\/x.com\/VosgesInfo88","https:\/\/www.youtube.com\/@vosgesinfo"]},{"@type":"Person","@id":"https:\/\/vosgesinfo.fr\/gerardmerinfo\/#\/schema\/person\/db5605779a843dad16b5368f3e7613a5","name":"QG","image":{"@type":"ImageObject","inLanguage":"fr-FR","@id":"https:\/\/vosgesinfo.fr\/gerardmerinfo\/#\/schema\/person\/image\/","url":"https:\/\/secure.gravatar.com\/avatar\/ea80c42c204b534408512832fde52504ecabb9706bcb6151cf6175e5b64e6793?s=96&d=mm&r=g","contentUrl":"https:\/\/secure.gravatar.com\/avatar\/ea80c42c204b534408512832fde52504ecabb9706bcb6151cf6175e5b64e6793?s=96&d=mm&r=g","caption":"QG"},"url":"https:\/\/vosgesinfo.fr\/gerardmerinfo\/author\/quentin88\/"}]}},"_links":{"self":[{"href":"https:\/\/vosgesinfo.fr\/gerardmerinfo\/wp-json\/wp\/v2\/posts\/73706","targetHints":{"allow":["GET"]}}],"collection":[{"href":"https:\/\/vosgesinfo.fr\/gerardmerinfo\/wp-json\/wp\/v2\/posts"}],"about":[{"href":"https:\/\/vosgesinfo.fr\/gerardmerinfo\/wp-json\/wp\/v2\/types\/post"}],"author":[{"embeddable":true,"href":"https:\/\/vosgesinfo.fr\/gerardmerinfo\/wp-json\/wp\/v2\/users\/42"}],"replies":[{"embeddable":true,"href":"https:\/\/vosgesinfo.fr\/gerardmerinfo\/wp-json\/wp\/v2\/comments?post=73706"}],"version-history":[{"count":1,"href":"https:\/\/vosgesinfo.fr\/gerardmerinfo\/wp-json\/wp\/v2\/posts\/73706\/revisions"}],"predecessor-version":[{"id":73717,"href":"https:\/\/vosgesinfo.fr\/gerardmerinfo\/wp-json\/wp\/v2\/posts\/73706\/revisions\/73717"}],"wp:featuredmedia":[{"embeddable":true,"href":"https:\/\/vosgesinfo.fr\/gerardmerinfo\/wp-json\/wp\/v2\/media\/73712"}],"wp:attachment":[{"href":"https:\/\/vosgesinfo.fr\/gerardmerinfo\/wp-json\/wp\/v2\/media?parent=73706"}],"wp:term":[{"taxonomy":"category","embeddable":true,"href":"https:\/\/vosgesinfo.fr\/gerardmerinfo\/wp-json\/wp\/v2\/categories?post=73706"},{"taxonomy":"post_tag","embeddable":true,"href":"https:\/\/vosgesinfo.fr\/gerardmerinfo\/wp-json\/wp\/v2\/tags?post=73706"}],"curies":[{"name":"wp","href":"https:\/\/api.w.org\/{rel}","templated":true}]}}