{"id":73956,"date":"2025-02-06T09:10:40","date_gmt":"2025-02-06T08:10:40","guid":{"rendered":"https:\/\/vosgesinfo.fr\/gerardmerinfo\/?p=73956"},"modified":"2025-02-06T09:10:40","modified_gmt":"2025-02-06T08:10:40","slug":"vosges-un-casting-enfants-pour-le-film-joublierai-ton-nom-avec-vanessa-paradis","status":"publish","type":"post","link":"https:\/\/vosgesinfo.fr\/gerardmerinfo\/2025\/02\/vosges-un-casting-enfants-pour-le-film-joublierai-ton-nom-avec-vanessa-paradis\/","title":{"rendered":"Vosges \u2013 Un casting enfants pour le film \u00ab\u00a0J&rsquo;oublierai ton nom\u00a0\u00bb, avec Vanessa Paradis"},"content":{"rendered":"<div id=\"attachment_73711\" style=\"width: 1034px\" class=\"wp-caption alignnone\"><a href=\"https:\/\/vosgesinfo.fr\/app\/uploads\/sites\/4\/2025\/02\/tournage-vosges.jpg\"><img decoding=\"async\" aria-describedby=\"caption-attachment-73711\" class=\"size-large wp-image-73711\" src=\"https:\/\/vosgesinfo.fr\/app\/uploads\/sites\/4\/2025\/02\/tournage-vosges-1024x683.jpg\" alt=\"\" width=\"1024\" height=\"683\" \/><\/a><p id=\"caption-attachment-73711\" class=\"wp-caption-text\">(Illustration)<\/p><\/div>\n<h2>La production du film \u00ab\u00a0J&rsquo;oublierai ton nom\u00a0\u00bb, de Yann Gonzalez et avec Vanessa Paradis, organise un casting enfants, \u00e2g\u00e9s de 5 \u00e0 9 ans et r\u00e9sidant dans les Vosges. Tous les d\u00e9tails son \u00e0 retrouver ci-dessous\u00a0:<\/h2>\n<p><!--more--><\/p>\n<p>Nom du projet : J&rsquo;oublierai ton nom<\/p>\n<p>R\u00e9alisation : Yann Gonzalez (\u00ab Un couteau dans le coeur \u00bb s\u00e9lection officielle Cannes 2018)<\/p>\n<p>Production : Pan Cinema<\/p>\n<p>Casting : Vanessa Paradis<\/p>\n<p>Lieu : D\u00e9partement des Vosges<\/p>\n<p>P\u00e9riode de tournage : juin \/ juillet 2025<\/p>\n<h3>\u2192 RECHERCHE<\/h3>\n<p>L&rsquo;\u00e9quipe casting est \u00e0 la recherche d&rsquo;ENFANTS pour composer une classe multi-niveaux :<\/p>\n<p>&#8211; enfants VIFS et SENSIBLES<\/p>\n<p>&#8211; \u00e2g\u00e9s de 5 \u00e0 9 ans<\/p>\n<p>&#8211; r\u00e9sidant dans les Vosges<\/p>\n<p>Grands d\u00e9butants bienvenus : aucune exp\u00e9rience en th\u00e9\u00e2tre ou cin\u00e9ma n&rsquo;est exig\u00e9e !<\/p>\n<h3>\u2192 PROPOSITIONS<\/h3>\n<p>Merci d&rsquo;envoyer la candidature de votre enfant \u00e0 l&rsquo;adresse mail suivante :<\/p>\n<p>\u25ba\u25ba\u25ba <a href=\"mailto:jtn.castingenfants@gmail.com\" target=\"_blank\" rel=\"noopener\">jtn.castingenfants@gmail.com<\/a><\/p>\n<p>en sp\u00e9cifiant en objet du mail GARCON ou FILLE &#8211; \u00c2GE &#8211; DATE DE NAISSANCE &#8211; VILLE DE RESIDENCE<\/p>\n<p>(exemple : GARCON &#8211; 5 ans &#8211; xx\/xx\/xx &#8211; EPINAL)<\/p>\n<p>Puis dans le corps du mail :<\/p>\n<p>&#8211; Pr\u00e9nom de l&rsquo;enfant, nom, \u00e2ge, date de naissance, hauteur en cm, coordonn\u00e9es des tuteurs l\u00e9gaux<\/p>\n<p>&#8211; 2 \u00e0 3 photos r\u00e9centes (dont 1 portrait) de votre enfant prises au smartphone, de face, visage bien \u00e9clair\u00e9<\/p>\n<p>&#8211; 1 courte vid\u00e9o film\u00e9e au smartphone o\u00f9 vous lui demandez de de dire son pr\u00e9nom, son nom, son \u00e2ge, sa ville, et de raconter sa journ\u00e9e \u00e0 l&rsquo;\u00e9cole (obligatoire).<\/p>\n<p>Merci d&rsquo;\u00e9viter Wetransfer pour l&rsquo;envoi des vid\u00e9os, elles doivent de pr\u00e9f\u00e9rence \u00eatre accessibles en pi\u00e8ce-jointes.<\/p>\n<h3>\u2192 CONDITIONS et INFORMATIONS<\/h3>\n<p>&#8211; Le tournage est pr\u00e9vu pendant les vacances d&rsquo;\u00e9t\u00e9 2025 dans le D\u00e9partement des Vosges.<\/p>\n<p>&#8211; Les enfants qui postuent doivent obligatoirement r\u00e9sider dans les Vosges.<\/p>\n<p>&#8211; Une r\u00e9ponse ne sera apport\u00e9e qu&rsquo;aux candidats pr\u00e9-s\u00e9lectionn\u00e9s dans un d\u00e9lai de deux mois.<\/p>\n<p>&#8211; Les auditions auront lieu dans les semaines qui arrivent dans les Vosges.<\/p>\n<p>&#8211; Le tournage sera strictement encadr\u00e9 par les r\u00e8gles \u00e9dict\u00e9es par la DRIEETS concernant l&#8217;emploi des enfants dans le domaine du spectacle.<\/p>\n<p>&#8211; Casting et coach enfants sur le plateau : Alicia Cadot \/ @cadotalicia<\/p>\n","protected":false},"excerpt":{"rendered":"<p>La production du film \u00ab\u00a0J&rsquo;oublierai ton nom\u00a0\u00bb, de Yann Gonzalez et avec Vanessa Paradis, organise un casting enfants, \u00e2g\u00e9s de [&hellip;]<\/p>\n","protected":false},"author":46,"featured_media":73957,"comment_status":"open","ping_status":"open","sticky":false,"template":"","format":"standard","meta":{"footnotes":""},"categories":[20,878,25,328,868,908,18],"tags":[6621,6622,6623,6624],"class_list":["post-73956","post","type-post","status-publish","format-standard","has-post-thumbnail","hentry","category-a-la-une","category-epinal","category-gerardmer","category-la-plaine-des-vosges","category-remiremont","category-saint-die-des-vosges-et-son-agglomeration","category-vosges","tag-casting-enfants-dans-les-vosges","tag-casting-enfants-pour-le-film-joublierai-ton-nom","tag-vanessa-paradis","tag-yann-gonzalez"],"acf":[],"yoast_head":"<!-- This site is optimized with the Yoast SEO plugin v22.5 - https:\/\/yoast.com\/wordpress\/plugins\/seo\/ -->\n<title>Vosges \u2013 Un casting enfants pour le film \u00ab\u00a0J&#039;oublierai ton nom\u00a0\u00bb, avec Vanessa Paradis - Gerardmer Info<\/title>\n<meta name=\"robots\" content=\"index, follow, max-snippet:-1, max-image-preview:large, max-video-preview:-1\" \/>\n<link rel=\"canonical\" href=\"https:\/\/vosgesinfo.fr\/gerardmerinfo\/2025\/02\/vosges-un-casting-enfants-pour-le-film-joublierai-ton-nom-avec-vanessa-paradis\/\" \/>\n<meta name=\"twitter:card\" content=\"summary_large_image\" \/>\n<meta name=\"twitter:title\" content=\"Vosges \u2013 Un casting enfants pour le film \u00ab\u00a0J&#039;oublierai ton nom\u00a0\u00bb, avec Vanessa Paradis - Gerardmer Info\" \/>\n<meta name=\"twitter:description\" content=\"La production du film \u00ab\u00a0J&rsquo;oublierai ton nom\u00a0\u00bb, de Yann Gonzalez et avec Vanessa Paradis, organise un casting enfants, \u00e2g\u00e9s de [&hellip;]\" \/>\n<meta name=\"twitter:image\" content=\"https:\/\/vosgesinfo.fr\/app\/uploads\/sites\/6\/2025\/02\/tournage-vosges.jpg\" \/>\n<meta name=\"twitter:creator\" content=\"@VosgesInfo88\" \/>\n<meta name=\"twitter:site\" content=\"@VosgesInfo88\" \/>\n<meta name=\"twitter:label1\" content=\"\u00c9crit par\" \/>\n\t<meta name=\"twitter:data1\" content=\"J.J.\" \/>\n\t<meta name=\"twitter:label2\" content=\"Dur\u00e9e de lecture estim\u00e9e\" \/>\n\t<meta name=\"twitter:data2\" content=\"2 minutes\" \/>\n<script type=\"application\/ld+json\" class=\"yoast-schema-graph\">{\"@context\":\"https:\/\/schema.org\",\"@graph\":[{\"@type\":\"Article\",\"@id\":\"https:\/\/vosgesinfo.fr\/gerardmerinfo\/2025\/02\/vosges-un-casting-enfants-pour-le-film-joublierai-ton-nom-avec-vanessa-paradis\/#article\",\"isPartOf\":{\"@id\":\"https:\/\/vosgesinfo.fr\/gerardmerinfo\/2025\/02\/vosges-un-casting-enfants-pour-le-film-joublierai-ton-nom-avec-vanessa-paradis\/\"},\"author\":{\"name\":\"J.J.\",\"@id\":\"https:\/\/vosgesinfo.fr\/gerardmerinfo\/#\/schema\/person\/fa73e9f726d67bb88f46d5b7943cb572\"},\"headline\":\"Vosges \u2013 Un casting enfants pour le film \u00ab\u00a0J&rsquo;oublierai ton nom\u00a0\u00bb, avec Vanessa Paradis\",\"datePublished\":\"2025-02-06T08:10:40+00:00\",\"dateModified\":\"2025-02-06T08:10:40+00:00\",\"mainEntityOfPage\":{\"@id\":\"https:\/\/vosgesinfo.fr\/gerardmerinfo\/2025\/02\/vosges-un-casting-enfants-pour-le-film-joublierai-ton-nom-avec-vanessa-paradis\/\"},\"wordCount\":389,\"commentCount\":0,\"publisher\":{\"@id\":\"https:\/\/vosgesinfo.fr\/gerardmerinfo\/#organization\"},\"image\":{\"@id\":\"https:\/\/vosgesinfo.fr\/gerardmerinfo\/2025\/02\/vosges-un-casting-enfants-pour-le-film-joublierai-ton-nom-avec-vanessa-paradis\/#primaryimage\"},\"thumbnailUrl\":\"https:\/\/vosgesinfo.fr\/app\/uploads\/sites\/6\/2025\/02\/tournage-vosges.jpg\",\"keywords\":[\"Casting enfants dans les Vosges\",\"Casting enfants pour le film \\\"J'oublierai ton nom\\\"\",\"Vanessa Paradis\",\"Yann Gonzalez\"],\"articleSection\":[\"A la une\",\"Epinal\",\"G\u00e9rardmer\",\"La plaine des vosges\",\"Remiremont\",\"Saint-Di\u00e9-des-Vosges et son Agglom\u00e9ration\",\"Vosges\"],\"inLanguage\":\"fr-FR\",\"potentialAction\":[{\"@type\":\"CommentAction\",\"name\":\"Comment\",\"target\":[\"https:\/\/vosgesinfo.fr\/gerardmerinfo\/2025\/02\/vosges-un-casting-enfants-pour-le-film-joublierai-ton-nom-avec-vanessa-paradis\/#respond\"]}]},{\"@type\":\"WebPage\",\"@id\":\"https:\/\/vosgesinfo.fr\/gerardmerinfo\/2025\/02\/vosges-un-casting-enfants-pour-le-film-joublierai-ton-nom-avec-vanessa-paradis\/\",\"url\":\"https:\/\/vosgesinfo.fr\/gerardmerinfo\/2025\/02\/vosges-un-casting-enfants-pour-le-film-joublierai-ton-nom-avec-vanessa-paradis\/\",\"name\":\"Vosges \u2013 Un casting enfants pour le film \u00ab\u00a0J'oublierai ton nom\u00a0\u00bb, avec Vanessa Paradis - Gerardmer Info\",\"isPartOf\":{\"@id\":\"https:\/\/vosgesinfo.fr\/gerardmerinfo\/#website\"},\"primaryImageOfPage\":{\"@id\":\"https:\/\/vosgesinfo.fr\/gerardmerinfo\/2025\/02\/vosges-un-casting-enfants-pour-le-film-joublierai-ton-nom-avec-vanessa-paradis\/#primaryimage\"},\"image\":{\"@id\":\"https:\/\/vosgesinfo.fr\/gerardmerinfo\/2025\/02\/vosges-un-casting-enfants-pour-le-film-joublierai-ton-nom-avec-vanessa-paradis\/#primaryimage\"},\"thumbnailUrl\":\"https:\/\/vosgesinfo.fr\/app\/uploads\/sites\/6\/2025\/02\/tournage-vosges.jpg\",\"datePublished\":\"2025-02-06T08:10:40+00:00\",\"dateModified\":\"2025-02-06T08:10:40+00:00\",\"breadcrumb\":{\"@id\":\"https:\/\/vosgesinfo.fr\/gerardmerinfo\/2025\/02\/vosges-un-casting-enfants-pour-le-film-joublierai-ton-nom-avec-vanessa-paradis\/#breadcrumb\"},\"inLanguage\":\"fr-FR\",\"potentialAction\":[{\"@type\":\"ReadAction\",\"target\":[\"https:\/\/vosgesinfo.fr\/gerardmerinfo\/2025\/02\/vosges-un-casting-enfants-pour-le-film-joublierai-ton-nom-avec-vanessa-paradis\/\"]}]},{\"@type\":\"ImageObject\",\"inLanguage\":\"fr-FR\",\"@id\":\"https:\/\/vosgesinfo.fr\/gerardmerinfo\/2025\/02\/vosges-un-casting-enfants-pour-le-film-joublierai-ton-nom-avec-vanessa-paradis\/#primaryimage\",\"url\":\"https:\/\/vosgesinfo.fr\/app\/uploads\/sites\/6\/2025\/02\/tournage-vosges.jpg\",\"contentUrl\":\"https:\/\/vosgesinfo.fr\/app\/uploads\/sites\/6\/2025\/02\/tournage-vosges.jpg\",\"width\":2048,\"height\":1365},{\"@type\":\"BreadcrumbList\",\"@id\":\"https:\/\/vosgesinfo.fr\/gerardmerinfo\/2025\/02\/vosges-un-casting-enfants-pour-le-film-joublierai-ton-nom-avec-vanessa-paradis\/#breadcrumb\",\"itemListElement\":[{\"@type\":\"ListItem\",\"position\":1,\"name\":\"Home\",\"item\":\"https:\/\/vosgesinfo.fr\/gerardmerinfo\/\"},{\"@type\":\"ListItem\",\"position\":2,\"name\":\"Vosges \u2013 Un casting enfants pour le film \u00ab\u00a0J&rsquo;oublierai ton nom\u00a0\u00bb, avec Vanessa Paradis\"}]},{\"@type\":\"WebSite\",\"@id\":\"https:\/\/vosgesinfo.fr\/gerardmerinfo\/#website\",\"url\":\"https:\/\/vosgesinfo.fr\/gerardmerinfo\/\",\"name\":\"Gerardmer Info\",\"description\":\"Toute l&#039;actualit\u00e9 de G\u00e9rardmer\",\"publisher\":{\"@id\":\"https:\/\/vosgesinfo.fr\/gerardmerinfo\/#organization\"},\"alternateName\":\"Toute l'actualit\u00e9 de G\u00e9rardmer\",\"potentialAction\":[{\"@type\":\"SearchAction\",\"target\":{\"@type\":\"EntryPoint\",\"urlTemplate\":\"https:\/\/vosgesinfo.fr\/gerardmerinfo\/?s={search_term_string}\"},\"query-input\":\"required name=search_term_string\"}],\"inLanguage\":\"fr-FR\"},{\"@type\":\"Organization\",\"@id\":\"https:\/\/vosgesinfo.fr\/gerardmerinfo\/#organization\",\"name\":\"Gerardmer Info\",\"url\":\"https:\/\/vosgesinfo.fr\/gerardmerinfo\/\",\"logo\":{\"@type\":\"ImageObject\",\"inLanguage\":\"fr-FR\",\"@id\":\"https:\/\/vosgesinfo.fr\/gerardmerinfo\/#\/schema\/logo\/image\/\",\"url\":\"https:\/\/vosgesinfo.fr\/app\/uploads\/sites\/6\/2023\/08\/favicon-gerardmerinfo.png\",\"contentUrl\":\"https:\/\/vosgesinfo.fr\/app\/uploads\/sites\/6\/2023\/08\/favicon-gerardmerinfo.png\",\"width\":512,\"height\":512,\"caption\":\"Gerardmer Info\"},\"image\":{\"@id\":\"https:\/\/vosgesinfo.fr\/gerardmerinfo\/#\/schema\/logo\/image\/\"},\"sameAs\":[\"https:\/\/www.facebook.com\/profile.php?id=100049475262660\",\"https:\/\/x.com\/VosgesInfo88\",\"https:\/\/www.youtube.com\/@vosgesinfo\"]},{\"@type\":\"Person\",\"@id\":\"https:\/\/vosgesinfo.fr\/gerardmerinfo\/#\/schema\/person\/fa73e9f726d67bb88f46d5b7943cb572\",\"name\":\"J.J.\",\"image\":{\"@type\":\"ImageObject\",\"inLanguage\":\"fr-FR\",\"@id\":\"https:\/\/vosgesinfo.fr\/gerardmerinfo\/#\/schema\/person\/image\/\",\"url\":\"https:\/\/secure.gravatar.com\/avatar\/219e749e47ffbcca018a360ae4add7d4cdf1cdaaf8bc7676b27efade3fe65615?s=96&d=mm&r=g\",\"contentUrl\":\"https:\/\/secure.gravatar.com\/avatar\/219e749e47ffbcca018a360ae4add7d4cdf1cdaaf8bc7676b27efade3fe65615?s=96&d=mm&r=g\",\"caption\":\"J.J.\"},\"url\":\"https:\/\/vosgesinfo.fr\/gerardmerinfo\/author\/j-j\/\"}]}<\/script>\n<!-- \/ Yoast SEO plugin. -->","yoast_head_json":{"title":"Vosges \u2013 Un casting enfants pour le film \u00ab\u00a0J'oublierai ton nom\u00a0\u00bb, avec Vanessa Paradis - Gerardmer Info","robots":{"index":"index","follow":"follow","max-snippet":"max-snippet:-1","max-image-preview":"max-image-preview:large","max-video-preview":"max-video-preview:-1"},"canonical":"https:\/\/vosgesinfo.fr\/gerardmerinfo\/2025\/02\/vosges-un-casting-enfants-pour-le-film-joublierai-ton-nom-avec-vanessa-paradis\/","twitter_card":"summary_large_image","twitter_title":"Vosges \u2013 Un casting enfants pour le film \u00ab\u00a0J'oublierai ton nom\u00a0\u00bb, avec Vanessa Paradis - Gerardmer Info","twitter_description":"La production du film \u00ab\u00a0J&rsquo;oublierai ton nom\u00a0\u00bb, de Yann Gonzalez et avec Vanessa Paradis, organise un casting enfants, \u00e2g\u00e9s de [&hellip;]","twitter_image":"https:\/\/vosgesinfo.fr\/app\/uploads\/sites\/6\/2025\/02\/tournage-vosges.jpg","twitter_creator":"@VosgesInfo88","twitter_site":"@VosgesInfo88","twitter_misc":{"\u00c9crit par":"J.J.","Dur\u00e9e de lecture estim\u00e9e":"2 minutes"},"schema":{"@context":"https:\/\/schema.org","@graph":[{"@type":"Article","@id":"https:\/\/vosgesinfo.fr\/gerardmerinfo\/2025\/02\/vosges-un-casting-enfants-pour-le-film-joublierai-ton-nom-avec-vanessa-paradis\/#article","isPartOf":{"@id":"https:\/\/vosgesinfo.fr\/gerardmerinfo\/2025\/02\/vosges-un-casting-enfants-pour-le-film-joublierai-ton-nom-avec-vanessa-paradis\/"},"author":{"name":"J.J.","@id":"https:\/\/vosgesinfo.fr\/gerardmerinfo\/#\/schema\/person\/fa73e9f726d67bb88f46d5b7943cb572"},"headline":"Vosges \u2013 Un casting enfants pour le film \u00ab\u00a0J&rsquo;oublierai ton nom\u00a0\u00bb, avec Vanessa Paradis","datePublished":"2025-02-06T08:10:40+00:00","dateModified":"2025-02-06T08:10:40+00:00","mainEntityOfPage":{"@id":"https:\/\/vosgesinfo.fr\/gerardmerinfo\/2025\/02\/vosges-un-casting-enfants-pour-le-film-joublierai-ton-nom-avec-vanessa-paradis\/"},"wordCount":389,"commentCount":0,"publisher":{"@id":"https:\/\/vosgesinfo.fr\/gerardmerinfo\/#organization"},"image":{"@id":"https:\/\/vosgesinfo.fr\/gerardmerinfo\/2025\/02\/vosges-un-casting-enfants-pour-le-film-joublierai-ton-nom-avec-vanessa-paradis\/#primaryimage"},"thumbnailUrl":"https:\/\/vosgesinfo.fr\/app\/uploads\/sites\/6\/2025\/02\/tournage-vosges.jpg","keywords":["Casting enfants dans les Vosges","Casting enfants pour le film \"J'oublierai ton nom\"","Vanessa Paradis","Yann Gonzalez"],"articleSection":["A la une","Epinal","G\u00e9rardmer","La plaine des vosges","Remiremont","Saint-Di\u00e9-des-Vosges et son Agglom\u00e9ration","Vosges"],"inLanguage":"fr-FR","potentialAction":[{"@type":"CommentAction","name":"Comment","target":["https:\/\/vosgesinfo.fr\/gerardmerinfo\/2025\/02\/vosges-un-casting-enfants-pour-le-film-joublierai-ton-nom-avec-vanessa-paradis\/#respond"]}]},{"@type":"WebPage","@id":"https:\/\/vosgesinfo.fr\/gerardmerinfo\/2025\/02\/vosges-un-casting-enfants-pour-le-film-joublierai-ton-nom-avec-vanessa-paradis\/","url":"https:\/\/vosgesinfo.fr\/gerardmerinfo\/2025\/02\/vosges-un-casting-enfants-pour-le-film-joublierai-ton-nom-avec-vanessa-paradis\/","name":"Vosges \u2013 Un casting enfants pour le film \u00ab\u00a0J'oublierai ton nom\u00a0\u00bb, avec Vanessa Paradis - Gerardmer Info","isPartOf":{"@id":"https:\/\/vosgesinfo.fr\/gerardmerinfo\/#website"},"primaryImageOfPage":{"@id":"https:\/\/vosgesinfo.fr\/gerardmerinfo\/2025\/02\/vosges-un-casting-enfants-pour-le-film-joublierai-ton-nom-avec-vanessa-paradis\/#primaryimage"},"image":{"@id":"https:\/\/vosgesinfo.fr\/gerardmerinfo\/2025\/02\/vosges-un-casting-enfants-pour-le-film-joublierai-ton-nom-avec-vanessa-paradis\/#primaryimage"},"thumbnailUrl":"https:\/\/vosgesinfo.fr\/app\/uploads\/sites\/6\/2025\/02\/tournage-vosges.jpg","datePublished":"2025-02-06T08:10:40+00:00","dateModified":"2025-02-06T08:10:40+00:00","breadcrumb":{"@id":"https:\/\/vosgesinfo.fr\/gerardmerinfo\/2025\/02\/vosges-un-casting-enfants-pour-le-film-joublierai-ton-nom-avec-vanessa-paradis\/#breadcrumb"},"inLanguage":"fr-FR","potentialAction":[{"@type":"ReadAction","target":["https:\/\/vosgesinfo.fr\/gerardmerinfo\/2025\/02\/vosges-un-casting-enfants-pour-le-film-joublierai-ton-nom-avec-vanessa-paradis\/"]}]},{"@type":"ImageObject","inLanguage":"fr-FR","@id":"https:\/\/vosgesinfo.fr\/gerardmerinfo\/2025\/02\/vosges-un-casting-enfants-pour-le-film-joublierai-ton-nom-avec-vanessa-paradis\/#primaryimage","url":"https:\/\/vosgesinfo.fr\/app\/uploads\/sites\/6\/2025\/02\/tournage-vosges.jpg","contentUrl":"https:\/\/vosgesinfo.fr\/app\/uploads\/sites\/6\/2025\/02\/tournage-vosges.jpg","width":2048,"height":1365},{"@type":"BreadcrumbList","@id":"https:\/\/vosgesinfo.fr\/gerardmerinfo\/2025\/02\/vosges-un-casting-enfants-pour-le-film-joublierai-ton-nom-avec-vanessa-paradis\/#breadcrumb","itemListElement":[{"@type":"ListItem","position":1,"name":"Home","item":"https:\/\/vosgesinfo.fr\/gerardmerinfo\/"},{"@type":"ListItem","position":2,"name":"Vosges \u2013 Un casting enfants pour le film \u00ab\u00a0J&rsquo;oublierai ton nom\u00a0\u00bb, avec Vanessa Paradis"}]},{"@type":"WebSite","@id":"https:\/\/vosgesinfo.fr\/gerardmerinfo\/#website","url":"https:\/\/vosgesinfo.fr\/gerardmerinfo\/","name":"Gerardmer Info","description":"Toute l&#039;actualit\u00e9 de G\u00e9rardmer","publisher":{"@id":"https:\/\/vosgesinfo.fr\/gerardmerinfo\/#organization"},"alternateName":"Toute l'actualit\u00e9 de G\u00e9rardmer","potentialAction":[{"@type":"SearchAction","target":{"@type":"EntryPoint","urlTemplate":"https:\/\/vosgesinfo.fr\/gerardmerinfo\/?s={search_term_string}"},"query-input":"required name=search_term_string"}],"inLanguage":"fr-FR"},{"@type":"Organization","@id":"https:\/\/vosgesinfo.fr\/gerardmerinfo\/#organization","name":"Gerardmer Info","url":"https:\/\/vosgesinfo.fr\/gerardmerinfo\/","logo":{"@type":"ImageObject","inLanguage":"fr-FR","@id":"https:\/\/vosgesinfo.fr\/gerardmerinfo\/#\/schema\/logo\/image\/","url":"https:\/\/vosgesinfo.fr\/app\/uploads\/sites\/6\/2023\/08\/favicon-gerardmerinfo.png","contentUrl":"https:\/\/vosgesinfo.fr\/app\/uploads\/sites\/6\/2023\/08\/favicon-gerardmerinfo.png","width":512,"height":512,"caption":"Gerardmer Info"},"image":{"@id":"https:\/\/vosgesinfo.fr\/gerardmerinfo\/#\/schema\/logo\/image\/"},"sameAs":["https:\/\/www.facebook.com\/profile.php?id=100049475262660","https:\/\/x.com\/VosgesInfo88","https:\/\/www.youtube.com\/@vosgesinfo"]},{"@type":"Person","@id":"https:\/\/vosgesinfo.fr\/gerardmerinfo\/#\/schema\/person\/fa73e9f726d67bb88f46d5b7943cb572","name":"J.J.","image":{"@type":"ImageObject","inLanguage":"fr-FR","@id":"https:\/\/vosgesinfo.fr\/gerardmerinfo\/#\/schema\/person\/image\/","url":"https:\/\/secure.gravatar.com\/avatar\/219e749e47ffbcca018a360ae4add7d4cdf1cdaaf8bc7676b27efade3fe65615?s=96&d=mm&r=g","contentUrl":"https:\/\/secure.gravatar.com\/avatar\/219e749e47ffbcca018a360ae4add7d4cdf1cdaaf8bc7676b27efade3fe65615?s=96&d=mm&r=g","caption":"J.J."},"url":"https:\/\/vosgesinfo.fr\/gerardmerinfo\/author\/j-j\/"}]}},"_links":{"self":[{"href":"https:\/\/vosgesinfo.fr\/gerardmerinfo\/wp-json\/wp\/v2\/posts\/73956","targetHints":{"allow":["GET"]}}],"collection":[{"href":"https:\/\/vosgesinfo.fr\/gerardmerinfo\/wp-json\/wp\/v2\/posts"}],"about":[{"href":"https:\/\/vosgesinfo.fr\/gerardmerinfo\/wp-json\/wp\/v2\/types\/post"}],"author":[{"embeddable":true,"href":"https:\/\/vosgesinfo.fr\/gerardmerinfo\/wp-json\/wp\/v2\/users\/46"}],"replies":[{"embeddable":true,"href":"https:\/\/vosgesinfo.fr\/gerardmerinfo\/wp-json\/wp\/v2\/comments?post=73956"}],"version-history":[{"count":0,"href":"https:\/\/vosgesinfo.fr\/gerardmerinfo\/wp-json\/wp\/v2\/posts\/73956\/revisions"}],"wp:featuredmedia":[{"embeddable":true,"href":"https:\/\/vosgesinfo.fr\/gerardmerinfo\/wp-json\/wp\/v2\/media\/73957"}],"wp:attachment":[{"href":"https:\/\/vosgesinfo.fr\/gerardmerinfo\/wp-json\/wp\/v2\/media?parent=73956"}],"wp:term":[{"taxonomy":"category","embeddable":true,"href":"https:\/\/vosgesinfo.fr\/gerardmerinfo\/wp-json\/wp\/v2\/categories?post=73956"},{"taxonomy":"post_tag","embeddable":true,"href":"https:\/\/vosgesinfo.fr\/gerardmerinfo\/wp-json\/wp\/v2\/tags?post=73956"}],"curies":[{"name":"wp","href":"https:\/\/api.w.org\/{rel}","templated":true}]}}