{"id":74053,"date":"2025-02-09T08:00:01","date_gmt":"2025-02-09T07:00:01","guid":{"rendered":"https:\/\/vosgesinfo.fr\/gerardmerinfo\/?p=74053"},"modified":"2025-02-09T08:00:01","modified_gmt":"2025-02-09T07:00:01","slug":"metiers-dhier-et-daujourdhui-regards-croises-en-ehpad-sur-des-professions-moins-genrees","status":"publish","type":"post","link":"https:\/\/vosgesinfo.fr\/gerardmerinfo\/2025\/02\/metiers-dhier-et-daujourdhui-regards-croises-en-ehpad-sur-des-professions-moins-genrees\/","title":{"rendered":"M\u00e9tiers d\u2019hier et d\u2019aujourd\u2019hui : regards crois\u00e9s en EHPAD sur des professions moins genr\u00e9es"},"content":{"rendered":"<p><a href=\"https:\/\/vosgesinfo.fr\/app\/uploads\/sites\/5\/2025\/02\/metiers-genres.jpg\"><img decoding=\"async\" class=\"size-full wp-image-78260\" src=\"https:\/\/vosgesinfo.fr\/app\/uploads\/sites\/5\/2025\/02\/metiers-genres.jpg\" alt=\"\" width=\"2000\" height=\"1506\" \/><\/a><\/p>\n<p><strong>Nous sommes all\u00e9s \u00e0 la rencontre de dix r\u00e9sidentes de la Maison de Retraite L\u2019Accueil \u00e0 Remiremont pour \u00e9changer sur leur vision des m\u00e9tiers et leur \u00e9volution au fil des d\u00e9cennies. Ces femmes ont connu un monde du travail o\u00f9 les r\u00f4les professionnels \u00e9taient nettement plus genr\u00e9s qu\u2019aujourd\u2019hui.<\/strong><\/p>\n<h3><strong>Des m\u00e9tiers d\u2019hier marqu\u00e9s par le genre<\/strong><\/h3>\n<p>St\u00e9nodactylo, commer\u00e7ante, enseignante, artiste peintre, cultivatrice ou ouvri\u00e8re dans le textile : autant de professions exerc\u00e9es par ces r\u00e9sidentes, souvent par choix, parfois par n\u00e9cessit\u00e9. \u00c0 leur \u00e9poque, il \u00e9tait inimaginable qu\u2019une femme devienne chirurgienne, magistrate, polici\u00e8re ou encore b\u00fbcheronne. Les \u00e9coles maternelles n\u2019accueillaient que des enseignantes, tandis que dans les coll\u00e8ges et lyc\u00e9es, les hommes \u00e9taient majoritaires.<\/p>\n<p>L\u2019id\u00e9e d\u2019une femme \u00e9b\u00e9niste, par exemple, semblait inconcevable : \u00ab J\u2019ai connu une femme qui a d\u00fb se battre pour exercer ce m\u00e9tier. Elle a pers\u00e9v\u00e9r\u00e9 et a fini par y parvenir, mais cela n\u2019a pas \u00e9t\u00e9 bien accept\u00e9 au d\u00e9part \u00bb, confie l\u2019une des r\u00e9sidentes.<\/p>\n<h3><strong>Des in\u00e9galit\u00e9s persistantes<\/strong><\/h3>\n<p>Le monde du travail n\u2019\u00e9tait pas tendre avec les femmes. Les in\u00e9galit\u00e9s salariales \u00e9taient monnaie courante et les perspectives d\u2019\u00e9volution limit\u00e9es. Le cong\u00e9 maternit\u00e9, bien que parfois accord\u00e9, \u00e9tait court et peu g\u00e9n\u00e9ralis\u00e9. La garde des enfants reposait souvent sur la solidarit\u00e9 familiale, les nourrices et assistantes maternelles \u00e9tant peu reconnues par la soci\u00e9t\u00e9.<\/p>\n<p>Malgr\u00e9 ces contraintes, certaines femmes ont pu \u00e9voluer dans leur carri\u00e8re, mais elles devaient faire leurs preuves davantage que leurs coll\u00e8gues masculins. \u00ab Dans une brigade de cuisine, il fallait se battre pour \u00eatre accept\u00e9e, mais une fois sa place faite, on \u00e9tait reconnue \u00bb, se souvient une autre r\u00e9sidente.<\/p>\n<h3><strong>Une soci\u00e9t\u00e9 en mutation<\/strong><\/h3>\n<p>Les changements ont commenc\u00e9 \u00e0 s\u2019amorcer apr\u00e8s le droit de vote des femmes, mais aussi apr\u00e8s 1968, avec l\u2019\u00e9volution des mentalit\u00e9s. Le droit de vote, l\u2019acc\u00e8s \u00e0 de nouvelles \u00e9tudes et carri\u00e8res, et la mixit\u00e9 progressive de certains secteurs ont contribu\u00e9 \u00e0 faire \u00e9voluer les professions.<\/p>\n<p>Aujourd\u2019hui, des hommes deviennent sages-femmes, les femmes int\u00e8grent le BTP, la m\u00e9decine ou encore l\u2019arm\u00e9e. Si certaines professions restent encore largement masculines ou f\u00e9minines \u2013 comme pilote de ligne ou conducteur de train \u2013 le choix de carri\u00e8re est d\u00e9sormais plus libre.<\/p>\n<h3><strong>Un message aux jeunes g\u00e9n\u00e9rations<\/strong><\/h3>\n<p>Le conseil unanime de ces r\u00e9sidentes aux jeunes g\u00e9n\u00e9rations ? <strong>\u00ab\u00a0Faites ce que vous aimez et ce que vous pouvez.\u00a0\u00bb<\/strong>Autrefois, une carri\u00e8re \u00e9tait souvent trac\u00e9e \u00e0 vie, tandis qu\u2019aujourd\u2019hui, il est plus facile d\u2019\u00e9voluer et de changer de voie.<\/p>\n<p>Certaines regrettent cependant l\u2019abolition du service militaire, qui permettait selon elles d\u2019acqu\u00e9rir des bases solides pour entrer dans la vie active. D\u2019autres rappellent que, m\u00eame si les femmes avaient d\u00e9j\u00e0 le permis de conduire \u00e0 leur \u00e9poque, il \u00e9tait mal vu par certains hommes qu\u2019elles prennent le volant.<\/p>\n<p>Le monde du travail a bien chang\u00e9, et ces dix femmes, avec leur parcours et leur v\u00e9cu, en sont les t\u00e9moins privil\u00e9gi\u00e9s. Nous vous donnons rendez-vous la semaine prochaine pour d\u00e9couvrir le point de vue des hommes cette fois !<\/p>\n<p><strong>Article \u00e9crit en collaboration avec<\/strong> : Madeleine, Odile, Evelyne, Elisabeth, Colette, Carmen, Ginette, Muguette, Annette et Jacqueline.<\/p>\n","protected":false},"excerpt":{"rendered":"<p>Nous sommes all\u00e9s \u00e0 la rencontre de dix r\u00e9sidentes de la Maison de Retraite L\u2019Accueil \u00e0 Remiremont pour \u00e9changer sur [&hellip;]<\/p>\n","protected":false},"author":418,"featured_media":74054,"comment_status":"open","ping_status":"open","sticky":false,"template":"","format":"standard","meta":{"footnotes":""},"categories":[20,5844,878,25,328,868,946],"tags":[6639,924,5910],"class_list":["post-74053","post","type-post","status-publish","format-standard","has-post-thumbnail","hentry","category-a-la-une","category-emploi","category-epinal","category-gerardmer","category-la-plaine-des-vosges","category-remiremont","category-saint-die","tag-evolution","tag-metiers-genres","tag-temoignage"],"acf":[],"yoast_head":"<!-- This site is optimized with the Yoast SEO plugin v22.5 - https:\/\/yoast.com\/wordpress\/plugins\/seo\/ -->\n<title>M\u00e9tiers d\u2019hier et d\u2019aujourd\u2019hui : regards crois\u00e9s en EHPAD sur des professions moins genr\u00e9es - Gerardmer Info<\/title>\n<meta name=\"robots\" content=\"index, follow, max-snippet:-1, max-image-preview:large, max-video-preview:-1\" \/>\n<link rel=\"canonical\" href=\"https:\/\/vosgesinfo.fr\/gerardmerinfo\/2025\/02\/metiers-dhier-et-daujourdhui-regards-croises-en-ehpad-sur-des-professions-moins-genrees\/\" \/>\n<meta name=\"twitter:card\" content=\"summary_large_image\" \/>\n<meta name=\"twitter:title\" content=\"M\u00e9tiers d\u2019hier et d\u2019aujourd\u2019hui : regards crois\u00e9s en EHPAD sur des professions moins genr\u00e9es - Gerardmer Info\" \/>\n<meta name=\"twitter:description\" content=\"Nous sommes all\u00e9s \u00e0 la rencontre de dix r\u00e9sidentes de la Maison de Retraite L\u2019Accueil \u00e0 Remiremont pour \u00e9changer sur [&hellip;]\" \/>\n<meta name=\"twitter:image\" content=\"https:\/\/vosgesinfo.fr\/app\/uploads\/sites\/6\/2025\/02\/metiers-genres.jpg\" \/>\n<meta name=\"twitter:creator\" content=\"@VosgesInfo88\" \/>\n<meta name=\"twitter:site\" content=\"@VosgesInfo88\" \/>\n<meta name=\"twitter:label1\" content=\"\u00c9crit par\" \/>\n\t<meta name=\"twitter:data1\" content=\"C.M\" \/>\n\t<meta name=\"twitter:label2\" content=\"Dur\u00e9e de lecture estim\u00e9e\" \/>\n\t<meta name=\"twitter:data2\" content=\"3 minutes\" \/>\n<script type=\"application\/ld+json\" class=\"yoast-schema-graph\">{\"@context\":\"https:\/\/schema.org\",\"@graph\":[{\"@type\":\"Article\",\"@id\":\"https:\/\/vosgesinfo.fr\/gerardmerinfo\/2025\/02\/metiers-dhier-et-daujourdhui-regards-croises-en-ehpad-sur-des-professions-moins-genrees\/#article\",\"isPartOf\":{\"@id\":\"https:\/\/vosgesinfo.fr\/gerardmerinfo\/2025\/02\/metiers-dhier-et-daujourdhui-regards-croises-en-ehpad-sur-des-professions-moins-genrees\/\"},\"author\":{\"name\":\"C.M\",\"@id\":\"https:\/\/vosgesinfo.fr\/gerardmerinfo\/#\/schema\/person\/4f38cd3068e342935b7304695c797d08\"},\"headline\":\"M\u00e9tiers d\u2019hier et d\u2019aujourd\u2019hui : regards crois\u00e9s en EHPAD sur des professions moins genr\u00e9es\",\"datePublished\":\"2025-02-09T07:00:01+00:00\",\"dateModified\":\"2025-02-09T07:00:01+00:00\",\"mainEntityOfPage\":{\"@id\":\"https:\/\/vosgesinfo.fr\/gerardmerinfo\/2025\/02\/metiers-dhier-et-daujourdhui-regards-croises-en-ehpad-sur-des-professions-moins-genrees\/\"},\"wordCount\":596,\"commentCount\":0,\"publisher\":{\"@id\":\"https:\/\/vosgesinfo.fr\/gerardmerinfo\/#organization\"},\"image\":{\"@id\":\"https:\/\/vosgesinfo.fr\/gerardmerinfo\/2025\/02\/metiers-dhier-et-daujourdhui-regards-croises-en-ehpad-sur-des-professions-moins-genrees\/#primaryimage\"},\"thumbnailUrl\":\"https:\/\/vosgesinfo.fr\/app\/uploads\/sites\/6\/2025\/02\/metiers-genres.jpg\",\"keywords\":[\"\u00e9volution\",\"m\u00e9tiers genr\u00e9s\",\"t\u00e9moignage\"],\"articleSection\":[\"A la une\",\"Emploi\",\"Epinal\",\"G\u00e9rardmer\",\"La plaine des vosges\",\"Remiremont\",\"Saint-di\u00e9\"],\"inLanguage\":\"fr-FR\",\"potentialAction\":[{\"@type\":\"CommentAction\",\"name\":\"Comment\",\"target\":[\"https:\/\/vosgesinfo.fr\/gerardmerinfo\/2025\/02\/metiers-dhier-et-daujourdhui-regards-croises-en-ehpad-sur-des-professions-moins-genrees\/#respond\"]}]},{\"@type\":\"WebPage\",\"@id\":\"https:\/\/vosgesinfo.fr\/gerardmerinfo\/2025\/02\/metiers-dhier-et-daujourdhui-regards-croises-en-ehpad-sur-des-professions-moins-genrees\/\",\"url\":\"https:\/\/vosgesinfo.fr\/gerardmerinfo\/2025\/02\/metiers-dhier-et-daujourdhui-regards-croises-en-ehpad-sur-des-professions-moins-genrees\/\",\"name\":\"M\u00e9tiers d\u2019hier et d\u2019aujourd\u2019hui : regards crois\u00e9s en EHPAD sur des professions moins genr\u00e9es - Gerardmer Info\",\"isPartOf\":{\"@id\":\"https:\/\/vosgesinfo.fr\/gerardmerinfo\/#website\"},\"primaryImageOfPage\":{\"@id\":\"https:\/\/vosgesinfo.fr\/gerardmerinfo\/2025\/02\/metiers-dhier-et-daujourdhui-regards-croises-en-ehpad-sur-des-professions-moins-genrees\/#primaryimage\"},\"image\":{\"@id\":\"https:\/\/vosgesinfo.fr\/gerardmerinfo\/2025\/02\/metiers-dhier-et-daujourdhui-regards-croises-en-ehpad-sur-des-professions-moins-genrees\/#primaryimage\"},\"thumbnailUrl\":\"https:\/\/vosgesinfo.fr\/app\/uploads\/sites\/6\/2025\/02\/metiers-genres.jpg\",\"datePublished\":\"2025-02-09T07:00:01+00:00\",\"dateModified\":\"2025-02-09T07:00:01+00:00\",\"breadcrumb\":{\"@id\":\"https:\/\/vosgesinfo.fr\/gerardmerinfo\/2025\/02\/metiers-dhier-et-daujourdhui-regards-croises-en-ehpad-sur-des-professions-moins-genrees\/#breadcrumb\"},\"inLanguage\":\"fr-FR\",\"potentialAction\":[{\"@type\":\"ReadAction\",\"target\":[\"https:\/\/vosgesinfo.fr\/gerardmerinfo\/2025\/02\/metiers-dhier-et-daujourdhui-regards-croises-en-ehpad-sur-des-professions-moins-genrees\/\"]}]},{\"@type\":\"ImageObject\",\"inLanguage\":\"fr-FR\",\"@id\":\"https:\/\/vosgesinfo.fr\/gerardmerinfo\/2025\/02\/metiers-dhier-et-daujourdhui-regards-croises-en-ehpad-sur-des-professions-moins-genrees\/#primaryimage\",\"url\":\"https:\/\/vosgesinfo.fr\/app\/uploads\/sites\/6\/2025\/02\/metiers-genres.jpg\",\"contentUrl\":\"https:\/\/vosgesinfo.fr\/app\/uploads\/sites\/6\/2025\/02\/metiers-genres.jpg\",\"width\":2000,\"height\":1506},{\"@type\":\"BreadcrumbList\",\"@id\":\"https:\/\/vosgesinfo.fr\/gerardmerinfo\/2025\/02\/metiers-dhier-et-daujourdhui-regards-croises-en-ehpad-sur-des-professions-moins-genrees\/#breadcrumb\",\"itemListElement\":[{\"@type\":\"ListItem\",\"position\":1,\"name\":\"Home\",\"item\":\"https:\/\/vosgesinfo.fr\/gerardmerinfo\/\"},{\"@type\":\"ListItem\",\"position\":2,\"name\":\"M\u00e9tiers d\u2019hier et d\u2019aujourd\u2019hui : regards crois\u00e9s en EHPAD sur des professions moins genr\u00e9es\"}]},{\"@type\":\"WebSite\",\"@id\":\"https:\/\/vosgesinfo.fr\/gerardmerinfo\/#website\",\"url\":\"https:\/\/vosgesinfo.fr\/gerardmerinfo\/\",\"name\":\"Gerardmer Info\",\"description\":\"Toute l&#039;actualit\u00e9 de G\u00e9rardmer\",\"publisher\":{\"@id\":\"https:\/\/vosgesinfo.fr\/gerardmerinfo\/#organization\"},\"alternateName\":\"Toute l'actualit\u00e9 de G\u00e9rardmer\",\"potentialAction\":[{\"@type\":\"SearchAction\",\"target\":{\"@type\":\"EntryPoint\",\"urlTemplate\":\"https:\/\/vosgesinfo.fr\/gerardmerinfo\/?s={search_term_string}\"},\"query-input\":\"required name=search_term_string\"}],\"inLanguage\":\"fr-FR\"},{\"@type\":\"Organization\",\"@id\":\"https:\/\/vosgesinfo.fr\/gerardmerinfo\/#organization\",\"name\":\"Gerardmer Info\",\"url\":\"https:\/\/vosgesinfo.fr\/gerardmerinfo\/\",\"logo\":{\"@type\":\"ImageObject\",\"inLanguage\":\"fr-FR\",\"@id\":\"https:\/\/vosgesinfo.fr\/gerardmerinfo\/#\/schema\/logo\/image\/\",\"url\":\"https:\/\/vosgesinfo.fr\/app\/uploads\/sites\/6\/2023\/08\/favicon-gerardmerinfo.png\",\"contentUrl\":\"https:\/\/vosgesinfo.fr\/app\/uploads\/sites\/6\/2023\/08\/favicon-gerardmerinfo.png\",\"width\":512,\"height\":512,\"caption\":\"Gerardmer Info\"},\"image\":{\"@id\":\"https:\/\/vosgesinfo.fr\/gerardmerinfo\/#\/schema\/logo\/image\/\"},\"sameAs\":[\"https:\/\/www.facebook.com\/profile.php?id=100049475262660\",\"https:\/\/x.com\/VosgesInfo88\",\"https:\/\/www.youtube.com\/@vosgesinfo\"]},{\"@type\":\"Person\",\"@id\":\"https:\/\/vosgesinfo.fr\/gerardmerinfo\/#\/schema\/person\/4f38cd3068e342935b7304695c797d08\",\"name\":\"C.M\",\"image\":{\"@type\":\"ImageObject\",\"inLanguage\":\"fr-FR\",\"@id\":\"https:\/\/vosgesinfo.fr\/gerardmerinfo\/#\/schema\/person\/image\/\",\"url\":\"https:\/\/secure.gravatar.com\/avatar\/fe9daaef0164d920717484172682f3c5c9bcf7d42aa8c7048c76c34f0eb6c8da?s=96&d=mm&r=g\",\"contentUrl\":\"https:\/\/secure.gravatar.com\/avatar\/fe9daaef0164d920717484172682f3c5c9bcf7d42aa8c7048c76c34f0eb6c8da?s=96&d=mm&r=g\",\"caption\":\"C.M\"},\"url\":\"https:\/\/vosgesinfo.fr\/gerardmerinfo\/author\/cm88200\/\"}]}<\/script>\n<!-- \/ Yoast SEO plugin. -->","yoast_head_json":{"title":"M\u00e9tiers d\u2019hier et d\u2019aujourd\u2019hui : regards crois\u00e9s en EHPAD sur des professions moins genr\u00e9es - Gerardmer Info","robots":{"index":"index","follow":"follow","max-snippet":"max-snippet:-1","max-image-preview":"max-image-preview:large","max-video-preview":"max-video-preview:-1"},"canonical":"https:\/\/vosgesinfo.fr\/gerardmerinfo\/2025\/02\/metiers-dhier-et-daujourdhui-regards-croises-en-ehpad-sur-des-professions-moins-genrees\/","twitter_card":"summary_large_image","twitter_title":"M\u00e9tiers d\u2019hier et d\u2019aujourd\u2019hui : regards crois\u00e9s en EHPAD sur des professions moins genr\u00e9es - Gerardmer Info","twitter_description":"Nous sommes all\u00e9s \u00e0 la rencontre de dix r\u00e9sidentes de la Maison de Retraite L\u2019Accueil \u00e0 Remiremont pour \u00e9changer sur [&hellip;]","twitter_image":"https:\/\/vosgesinfo.fr\/app\/uploads\/sites\/6\/2025\/02\/metiers-genres.jpg","twitter_creator":"@VosgesInfo88","twitter_site":"@VosgesInfo88","twitter_misc":{"\u00c9crit par":"C.M","Dur\u00e9e de lecture estim\u00e9e":"3 minutes"},"schema":{"@context":"https:\/\/schema.org","@graph":[{"@type":"Article","@id":"https:\/\/vosgesinfo.fr\/gerardmerinfo\/2025\/02\/metiers-dhier-et-daujourdhui-regards-croises-en-ehpad-sur-des-professions-moins-genrees\/#article","isPartOf":{"@id":"https:\/\/vosgesinfo.fr\/gerardmerinfo\/2025\/02\/metiers-dhier-et-daujourdhui-regards-croises-en-ehpad-sur-des-professions-moins-genrees\/"},"author":{"name":"C.M","@id":"https:\/\/vosgesinfo.fr\/gerardmerinfo\/#\/schema\/person\/4f38cd3068e342935b7304695c797d08"},"headline":"M\u00e9tiers d\u2019hier et d\u2019aujourd\u2019hui : regards crois\u00e9s en EHPAD sur des professions moins genr\u00e9es","datePublished":"2025-02-09T07:00:01+00:00","dateModified":"2025-02-09T07:00:01+00:00","mainEntityOfPage":{"@id":"https:\/\/vosgesinfo.fr\/gerardmerinfo\/2025\/02\/metiers-dhier-et-daujourdhui-regards-croises-en-ehpad-sur-des-professions-moins-genrees\/"},"wordCount":596,"commentCount":0,"publisher":{"@id":"https:\/\/vosgesinfo.fr\/gerardmerinfo\/#organization"},"image":{"@id":"https:\/\/vosgesinfo.fr\/gerardmerinfo\/2025\/02\/metiers-dhier-et-daujourdhui-regards-croises-en-ehpad-sur-des-professions-moins-genrees\/#primaryimage"},"thumbnailUrl":"https:\/\/vosgesinfo.fr\/app\/uploads\/sites\/6\/2025\/02\/metiers-genres.jpg","keywords":["\u00e9volution","m\u00e9tiers genr\u00e9s","t\u00e9moignage"],"articleSection":["A la une","Emploi","Epinal","G\u00e9rardmer","La plaine des vosges","Remiremont","Saint-di\u00e9"],"inLanguage":"fr-FR","potentialAction":[{"@type":"CommentAction","name":"Comment","target":["https:\/\/vosgesinfo.fr\/gerardmerinfo\/2025\/02\/metiers-dhier-et-daujourdhui-regards-croises-en-ehpad-sur-des-professions-moins-genrees\/#respond"]}]},{"@type":"WebPage","@id":"https:\/\/vosgesinfo.fr\/gerardmerinfo\/2025\/02\/metiers-dhier-et-daujourdhui-regards-croises-en-ehpad-sur-des-professions-moins-genrees\/","url":"https:\/\/vosgesinfo.fr\/gerardmerinfo\/2025\/02\/metiers-dhier-et-daujourdhui-regards-croises-en-ehpad-sur-des-professions-moins-genrees\/","name":"M\u00e9tiers d\u2019hier et d\u2019aujourd\u2019hui : regards crois\u00e9s en EHPAD sur des professions moins genr\u00e9es - Gerardmer Info","isPartOf":{"@id":"https:\/\/vosgesinfo.fr\/gerardmerinfo\/#website"},"primaryImageOfPage":{"@id":"https:\/\/vosgesinfo.fr\/gerardmerinfo\/2025\/02\/metiers-dhier-et-daujourdhui-regards-croises-en-ehpad-sur-des-professions-moins-genrees\/#primaryimage"},"image":{"@id":"https:\/\/vosgesinfo.fr\/gerardmerinfo\/2025\/02\/metiers-dhier-et-daujourdhui-regards-croises-en-ehpad-sur-des-professions-moins-genrees\/#primaryimage"},"thumbnailUrl":"https:\/\/vosgesinfo.fr\/app\/uploads\/sites\/6\/2025\/02\/metiers-genres.jpg","datePublished":"2025-02-09T07:00:01+00:00","dateModified":"2025-02-09T07:00:01+00:00","breadcrumb":{"@id":"https:\/\/vosgesinfo.fr\/gerardmerinfo\/2025\/02\/metiers-dhier-et-daujourdhui-regards-croises-en-ehpad-sur-des-professions-moins-genrees\/#breadcrumb"},"inLanguage":"fr-FR","potentialAction":[{"@type":"ReadAction","target":["https:\/\/vosgesinfo.fr\/gerardmerinfo\/2025\/02\/metiers-dhier-et-daujourdhui-regards-croises-en-ehpad-sur-des-professions-moins-genrees\/"]}]},{"@type":"ImageObject","inLanguage":"fr-FR","@id":"https:\/\/vosgesinfo.fr\/gerardmerinfo\/2025\/02\/metiers-dhier-et-daujourdhui-regards-croises-en-ehpad-sur-des-professions-moins-genrees\/#primaryimage","url":"https:\/\/vosgesinfo.fr\/app\/uploads\/sites\/6\/2025\/02\/metiers-genres.jpg","contentUrl":"https:\/\/vosgesinfo.fr\/app\/uploads\/sites\/6\/2025\/02\/metiers-genres.jpg","width":2000,"height":1506},{"@type":"BreadcrumbList","@id":"https:\/\/vosgesinfo.fr\/gerardmerinfo\/2025\/02\/metiers-dhier-et-daujourdhui-regards-croises-en-ehpad-sur-des-professions-moins-genrees\/#breadcrumb","itemListElement":[{"@type":"ListItem","position":1,"name":"Home","item":"https:\/\/vosgesinfo.fr\/gerardmerinfo\/"},{"@type":"ListItem","position":2,"name":"M\u00e9tiers d\u2019hier et d\u2019aujourd\u2019hui : regards crois\u00e9s en EHPAD sur des professions moins genr\u00e9es"}]},{"@type":"WebSite","@id":"https:\/\/vosgesinfo.fr\/gerardmerinfo\/#website","url":"https:\/\/vosgesinfo.fr\/gerardmerinfo\/","name":"Gerardmer Info","description":"Toute l&#039;actualit\u00e9 de G\u00e9rardmer","publisher":{"@id":"https:\/\/vosgesinfo.fr\/gerardmerinfo\/#organization"},"alternateName":"Toute l'actualit\u00e9 de G\u00e9rardmer","potentialAction":[{"@type":"SearchAction","target":{"@type":"EntryPoint","urlTemplate":"https:\/\/vosgesinfo.fr\/gerardmerinfo\/?s={search_term_string}"},"query-input":"required name=search_term_string"}],"inLanguage":"fr-FR"},{"@type":"Organization","@id":"https:\/\/vosgesinfo.fr\/gerardmerinfo\/#organization","name":"Gerardmer Info","url":"https:\/\/vosgesinfo.fr\/gerardmerinfo\/","logo":{"@type":"ImageObject","inLanguage":"fr-FR","@id":"https:\/\/vosgesinfo.fr\/gerardmerinfo\/#\/schema\/logo\/image\/","url":"https:\/\/vosgesinfo.fr\/app\/uploads\/sites\/6\/2023\/08\/favicon-gerardmerinfo.png","contentUrl":"https:\/\/vosgesinfo.fr\/app\/uploads\/sites\/6\/2023\/08\/favicon-gerardmerinfo.png","width":512,"height":512,"caption":"Gerardmer Info"},"image":{"@id":"https:\/\/vosgesinfo.fr\/gerardmerinfo\/#\/schema\/logo\/image\/"},"sameAs":["https:\/\/www.facebook.com\/profile.php?id=100049475262660","https:\/\/x.com\/VosgesInfo88","https:\/\/www.youtube.com\/@vosgesinfo"]},{"@type":"Person","@id":"https:\/\/vosgesinfo.fr\/gerardmerinfo\/#\/schema\/person\/4f38cd3068e342935b7304695c797d08","name":"C.M","image":{"@type":"ImageObject","inLanguage":"fr-FR","@id":"https:\/\/vosgesinfo.fr\/gerardmerinfo\/#\/schema\/person\/image\/","url":"https:\/\/secure.gravatar.com\/avatar\/fe9daaef0164d920717484172682f3c5c9bcf7d42aa8c7048c76c34f0eb6c8da?s=96&d=mm&r=g","contentUrl":"https:\/\/secure.gravatar.com\/avatar\/fe9daaef0164d920717484172682f3c5c9bcf7d42aa8c7048c76c34f0eb6c8da?s=96&d=mm&r=g","caption":"C.M"},"url":"https:\/\/vosgesinfo.fr\/gerardmerinfo\/author\/cm88200\/"}]}},"_links":{"self":[{"href":"https:\/\/vosgesinfo.fr\/gerardmerinfo\/wp-json\/wp\/v2\/posts\/74053","targetHints":{"allow":["GET"]}}],"collection":[{"href":"https:\/\/vosgesinfo.fr\/gerardmerinfo\/wp-json\/wp\/v2\/posts"}],"about":[{"href":"https:\/\/vosgesinfo.fr\/gerardmerinfo\/wp-json\/wp\/v2\/types\/post"}],"author":[{"embeddable":true,"href":"https:\/\/vosgesinfo.fr\/gerardmerinfo\/wp-json\/wp\/v2\/users\/418"}],"replies":[{"embeddable":true,"href":"https:\/\/vosgesinfo.fr\/gerardmerinfo\/wp-json\/wp\/v2\/comments?post=74053"}],"version-history":[{"count":0,"href":"https:\/\/vosgesinfo.fr\/gerardmerinfo\/wp-json\/wp\/v2\/posts\/74053\/revisions"}],"wp:featuredmedia":[{"embeddable":true,"href":"https:\/\/vosgesinfo.fr\/gerardmerinfo\/wp-json\/wp\/v2\/media\/74054"}],"wp:attachment":[{"href":"https:\/\/vosgesinfo.fr\/gerardmerinfo\/wp-json\/wp\/v2\/media?parent=74053"}],"wp:term":[{"taxonomy":"category","embeddable":true,"href":"https:\/\/vosgesinfo.fr\/gerardmerinfo\/wp-json\/wp\/v2\/categories?post=74053"},{"taxonomy":"post_tag","embeddable":true,"href":"https:\/\/vosgesinfo.fr\/gerardmerinfo\/wp-json\/wp\/v2\/tags?post=74053"}],"curies":[{"name":"wp","href":"https:\/\/api.w.org\/{rel}","templated":true}]}}