{"id":74227,"date":"2025-02-11T19:44:07","date_gmt":"2025-02-11T18:44:07","guid":{"rendered":"https:\/\/vosgesinfo.fr\/gerardmerinfo\/?p=74227"},"modified":"2025-02-11T19:37:26","modified_gmt":"2025-02-11T18:37:26","slug":"la-1ere-marche-des-150-ans-de-loffice-du-tourisme-est-lancee","status":"publish","type":"post","link":"https:\/\/vosgesinfo.fr\/gerardmerinfo\/2025\/02\/la-1ere-marche-des-150-ans-de-loffice-du-tourisme-est-lancee\/","title":{"rendered":"La \u00ab\u00a01\u00e8re marche des 150 ans de l\u2019Office du Tourisme\u00a0\u00bb est lanc\u00e9e"},"content":{"rendered":"<p><strong><a href=\"https:\/\/vosgesinfo.fr\/app\/uploads\/sites\/6\/2025\/02\/expo-ski-150-ot-4-scaled.jpeg\"><img decoding=\"async\" class=\"aligncenter size-large wp-image-74230\" src=\"https:\/\/vosgesinfo.fr\/app\/uploads\/sites\/6\/2025\/02\/expo-ski-150-ot-4-1024x768.jpeg\" alt=\"\" width=\"1024\" height=\"768\" srcset=\"https:\/\/vosgesinfo.fr\/app\/uploads\/sites\/6\/2025\/02\/expo-ski-150-ot-4-1024x768.jpeg 1024w, https:\/\/vosgesinfo.fr\/app\/uploads\/sites\/6\/2025\/02\/expo-ski-150-ot-4-300x225.jpeg 300w, https:\/\/vosgesinfo.fr\/app\/uploads\/sites\/6\/2025\/02\/expo-ski-150-ot-4-768x576.jpeg 768w, https:\/\/vosgesinfo.fr\/app\/uploads\/sites\/6\/2025\/02\/expo-ski-150-ot-4-1536x1152.jpeg 1536w, https:\/\/vosgesinfo.fr\/app\/uploads\/sites\/6\/2025\/02\/expo-ski-150-ot-4-2048x1536.jpeg 2048w\" sizes=\"(max-width: 1024px) 100vw, 1024px\" \/><\/a>La directrice de l\u2019Office de Tourisme communautaire G\u00e9rardmer Hautes Vosges Florence Dupont lan\u00e7ait hier, \u00e0 l\u2019Espace Tilleul, le d\u00e9but des festivit\u00e9s des 150 ans de sa structure aux c\u00f4t\u00e9s de Ren\u00e9 Bourquin et d\u2019Olivier Leduc venus pr\u00e9sent\u00e9s leur exposition.<\/strong><\/p>\n<p><a href=\"https:\/\/vosgesinfo.fr\/app\/uploads\/sites\/6\/2025\/02\/expo-ski-150-ot-2-scaled.jpeg\"><img decoding=\"async\" class=\"alignright size-medium wp-image-74231\" src=\"https:\/\/vosgesinfo.fr\/app\/uploads\/sites\/6\/2025\/02\/expo-ski-150-ot-2-300x225.jpeg\" alt=\"\" width=\"300\" height=\"225\" srcset=\"https:\/\/vosgesinfo.fr\/app\/uploads\/sites\/6\/2025\/02\/expo-ski-150-ot-2-300x225.jpeg 300w, https:\/\/vosgesinfo.fr\/app\/uploads\/sites\/6\/2025\/02\/expo-ski-150-ot-2-1024x768.jpeg 1024w, https:\/\/vosgesinfo.fr\/app\/uploads\/sites\/6\/2025\/02\/expo-ski-150-ot-2-768x576.jpeg 768w, https:\/\/vosgesinfo.fr\/app\/uploads\/sites\/6\/2025\/02\/expo-ski-150-ot-2-1536x1152.jpeg 1536w, https:\/\/vosgesinfo.fr\/app\/uploads\/sites\/6\/2025\/02\/expo-ski-150-ot-2-2048x1536.jpeg 2048w\" sizes=\"(max-width: 300px) 100vw, 300px\" \/><\/a>Le 1<sup>er<\/sup> office du tourisme de France, alors appel\u00e9 comit\u00e9 des promenades, a \u00e9t\u00e9 cr\u00e9e en 1875 \u00e0 G\u00e9rardmer et tout au long de cette ann\u00e9e les \u00e9v\u00e9nements en l\u2019honneur de son anniversaire vont se succ\u00e9der. Ce sont deux expositions sur les sports d\u2019hiver qui ouvrent le bal \u00e0 l\u2019Espace Tilleul\u00a0le 11 f\u00e9vrier. La premi\u00e8re provient de la collection personnelle de Ren\u00e9 Bourquin et retrace l\u2019histoire du ski \u00e0 travers les fixations, elle met \u00e9galement en avant les fabricants de ski G\u00e9r\u00f4mois mais aussi ses champions. Passionn\u00e9 par son sujet Ren\u00e9 Bourquin fera des visites comment\u00e9es les mardis, jeudis et samedis apr\u00e8s-midi et animera<strong> une conf\u00e9rence \u00ab\u00a0L\u2019introduction du ski en France et dans le massif et son implication dans le tourisme g\u00e9r\u00f4mois\u00a0\u00bb le 18 f\u00e9vrier \u00e0 18 h 00 \u00e0 la m\u00e9diath\u00e8que<\/strong>. Tandis qu\u2019Olivier Leduc, moniteur de ski, raconte l\u2019histoire de l\u2019enseignement du ski \u00e0 G\u00e9rardmer \u00e0 l\u2019aide de photos d\u2019archives depuis les militaires jusqu\u2019\u00e0 l\u2019\u00e9pop\u00e9e de l\u2019Ecole de Ski Fran\u00e7ais fond\u00e9e en 1959, entre autre par Jean-Marie Leduc, son p\u00e8re. De grandes figures locales sont \u00e0 l\u2019origine de l\u2019ESF actuel. Il sera pr\u00e9sent pour d\u00e9tailler son expo aupr\u00e8s des visiteurs. Le ski fut le moteur du tourisme hivernal \u00e0 G\u00e9rardmer d\u00e8s 1910 avec l\u2019organisation de la 1<sup>\u00e8re<\/sup> comp\u00e9tition \u00ab\u00a0Semaine Internationale\u00a0\u00bb o\u00f9 courses de ski de fond, de bob, de patinage et \u00a0de ski jo\u00ebring ont attir\u00e9 5000 visiteurs.<\/p>\n<p><strong>Les expositions sont en entr\u00e9e libre du 11 f\u00e9vrier au 8 mars, du mardi au samedi, de 14 h 00 \u00e0 18 00.<\/strong><\/p>\n\n\t\t<style type=\"text\/css\">\n\t\t\t#gallery-1 {\n\t\t\t\tmargin: auto;\n\t\t\t}\n\t\t\t#gallery-1 .gallery-item {\n\t\t\t\tfloat: left;\n\t\t\t\tmargin-top: 10px;\n\t\t\t\ttext-align: center;\n\t\t\t\twidth: 50%;\n\t\t\t}\n\t\t\t#gallery-1 img {\n\t\t\t\tborder: 2px solid #cfcfcf;\n\t\t\t}\n\t\t\t#gallery-1 .gallery-caption {\n\t\t\t\tmargin-left: 0;\n\t\t\t}\n\t\t\t\/* see gallery_shortcode() in wp-includes\/media.php *\/\n\t\t<\/style>\n\t\t<div id='gallery-1' class='gallery galleryid-74227 gallery-columns-2 gallery-size-medium'><dl class='gallery-item'>\n\t\t\t<dt class='gallery-icon landscape'>\n\t\t\t\t<a href='https:\/\/vosgesinfo.fr\/app\/uploads\/sites\/6\/2025\/02\/expo-ski-150-ot-1-scaled.jpeg'><img decoding=\"async\" width=\"300\" height=\"225\" src=\"https:\/\/vosgesinfo.fr\/app\/uploads\/sites\/6\/2025\/02\/expo-ski-150-ot-1-300x225.jpeg\" class=\"attachment-medium size-medium\" alt=\"\" aria-describedby=\"gallery-1-74232\" srcset=\"https:\/\/vosgesinfo.fr\/app\/uploads\/sites\/6\/2025\/02\/expo-ski-150-ot-1-300x225.jpeg 300w, https:\/\/vosgesinfo.fr\/app\/uploads\/sites\/6\/2025\/02\/expo-ski-150-ot-1-1024x768.jpeg 1024w, https:\/\/vosgesinfo.fr\/app\/uploads\/sites\/6\/2025\/02\/expo-ski-150-ot-1-768x576.jpeg 768w, https:\/\/vosgesinfo.fr\/app\/uploads\/sites\/6\/2025\/02\/expo-ski-150-ot-1-1536x1152.jpeg 1536w, https:\/\/vosgesinfo.fr\/app\/uploads\/sites\/6\/2025\/02\/expo-ski-150-ot-1-2048x1536.jpeg 2048w\" sizes=\"(max-width: 300px) 100vw, 300px\" \/><\/a>\n\t\t\t<\/dt>\n\t\t\t\t<dd class='wp-caption-text gallery-caption' id='gallery-1-74232'>\n\t\t\t\tRen\u00e9 Bourquin\n\t\t\t\t<\/dd><\/dl><dl class='gallery-item'>\n\t\t\t<dt class='gallery-icon landscape'>\n\t\t\t\t<a href='https:\/\/vosgesinfo.fr\/app\/uploads\/sites\/6\/2025\/02\/expo-ski-150-ot-3-scaled.jpeg'><img decoding=\"async\" width=\"300\" height=\"225\" src=\"https:\/\/vosgesinfo.fr\/app\/uploads\/sites\/6\/2025\/02\/expo-ski-150-ot-3-300x225.jpeg\" class=\"attachment-medium size-medium\" alt=\"\" aria-describedby=\"gallery-1-74233\" srcset=\"https:\/\/vosgesinfo.fr\/app\/uploads\/sites\/6\/2025\/02\/expo-ski-150-ot-3-300x225.jpeg 300w, https:\/\/vosgesinfo.fr\/app\/uploads\/sites\/6\/2025\/02\/expo-ski-150-ot-3-1024x768.jpeg 1024w, https:\/\/vosgesinfo.fr\/app\/uploads\/sites\/6\/2025\/02\/expo-ski-150-ot-3-768x576.jpeg 768w, https:\/\/vosgesinfo.fr\/app\/uploads\/sites\/6\/2025\/02\/expo-ski-150-ot-3-1536x1152.jpeg 1536w, https:\/\/vosgesinfo.fr\/app\/uploads\/sites\/6\/2025\/02\/expo-ski-150-ot-3-2048x1536.jpeg 2048w\" sizes=\"(max-width: 300px) 100vw, 300px\" \/><\/a>\n\t\t\t<\/dt>\n\t\t\t\t<dd class='wp-caption-text gallery-caption' id='gallery-1-74233'>\n\t\t\t\tOlivier Leduc\n\t\t\t\t<\/dd><\/dl><br style=\"clear: both\" \/>\n\t\t<\/div>\n\n","protected":false},"excerpt":{"rendered":"<p>La directrice de l\u2019Office de Tourisme communautaire G\u00e9rardmer Hautes Vosges Florence Dupont lan\u00e7ait hier, \u00e0 l\u2019Espace Tilleul, le d\u00e9but des [&hellip;]<\/p>\n","protected":false},"author":258,"featured_media":74230,"comment_status":"open","ping_status":"open","sticky":false,"template":"","format":"standard","meta":{"footnotes":""},"categories":[20,49,5647,5723,15],"tags":[55,655,6656,6655],"class_list":["post-74227","post","type-post","status-publish","format-standard","has-post-thumbnail","hentry","category-a-la-une","category-exposition","category-gerardmer-autres-sites","category-histoire","category-tourisme","tag-espace-tilleul","tag-office-de-tourisme","tag-olivier-leduc","tag-rene-bourquin"],"acf":[],"yoast_head":"<!-- This site is optimized with the Yoast SEO plugin v22.5 - https:\/\/yoast.com\/wordpress\/plugins\/seo\/ -->\n<title>La \u00ab\u00a01\u00e8re marche des 150 ans de l\u2019Office du Tourisme\u00a0\u00bb est lanc\u00e9e - Gerardmer Info<\/title>\n<meta name=\"robots\" content=\"index, follow, max-snippet:-1, max-image-preview:large, max-video-preview:-1\" \/>\n<link rel=\"canonical\" href=\"https:\/\/vosgesinfo.fr\/gerardmerinfo\/2025\/02\/la-1ere-marche-des-150-ans-de-loffice-du-tourisme-est-lancee\/\" \/>\n<meta name=\"twitter:card\" content=\"summary_large_image\" \/>\n<meta name=\"twitter:title\" content=\"La \u00ab\u00a01\u00e8re marche des 150 ans de l\u2019Office du Tourisme\u00a0\u00bb est lanc\u00e9e - Gerardmer Info\" \/>\n<meta name=\"twitter:description\" content=\"La directrice de l\u2019Office de Tourisme communautaire G\u00e9rardmer Hautes Vosges Florence Dupont lan\u00e7ait hier, \u00e0 l\u2019Espace Tilleul, le d\u00e9but des [&hellip;]\" \/>\n<meta name=\"twitter:image\" content=\"https:\/\/vosgesinfo.fr\/app\/uploads\/sites\/6\/2025\/02\/expo-ski-150-ot-4-scaled.jpeg\" \/>\n<meta name=\"twitter:creator\" content=\"@VosgesInfo88\" \/>\n<meta name=\"twitter:site\" content=\"@VosgesInfo88\" \/>\n<meta name=\"twitter:label1\" content=\"\u00c9crit par\" \/>\n\t<meta name=\"twitter:data1\" content=\"I.N\" \/>\n\t<meta name=\"twitter:label2\" content=\"Dur\u00e9e de lecture estim\u00e9e\" \/>\n\t<meta name=\"twitter:data2\" content=\"3 minutes\" \/>\n<script type=\"application\/ld+json\" class=\"yoast-schema-graph\">{\"@context\":\"https:\/\/schema.org\",\"@graph\":[{\"@type\":\"Article\",\"@id\":\"https:\/\/vosgesinfo.fr\/gerardmerinfo\/2025\/02\/la-1ere-marche-des-150-ans-de-loffice-du-tourisme-est-lancee\/#article\",\"isPartOf\":{\"@id\":\"https:\/\/vosgesinfo.fr\/gerardmerinfo\/2025\/02\/la-1ere-marche-des-150-ans-de-loffice-du-tourisme-est-lancee\/\"},\"author\":{\"name\":\"I.N\",\"@id\":\"https:\/\/vosgesinfo.fr\/gerardmerinfo\/#\/schema\/person\/bb210d3430e59ff5cd247deaccb63615\"},\"headline\":\"La \u00ab\u00a01\u00e8re marche des 150 ans de l\u2019Office du Tourisme\u00a0\u00bb est lanc\u00e9e\",\"datePublished\":\"2025-02-11T18:44:07+00:00\",\"dateModified\":\"2025-02-11T18:37:26+00:00\",\"mainEntityOfPage\":{\"@id\":\"https:\/\/vosgesinfo.fr\/gerardmerinfo\/2025\/02\/la-1ere-marche-des-150-ans-de-loffice-du-tourisme-est-lancee\/\"},\"wordCount\":343,\"commentCount\":0,\"publisher\":{\"@id\":\"https:\/\/vosgesinfo.fr\/gerardmerinfo\/#organization\"},\"image\":{\"@id\":\"https:\/\/vosgesinfo.fr\/gerardmerinfo\/2025\/02\/la-1ere-marche-des-150-ans-de-loffice-du-tourisme-est-lancee\/#primaryimage\"},\"thumbnailUrl\":\"https:\/\/vosgesinfo.fr\/app\/uploads\/sites\/6\/2025\/02\/expo-ski-150-ot-4-scaled.jpeg\",\"keywords\":[\"espace tilleul\",\"office de tourisme\",\"Olivier Leduc\",\"Ren\u00e9 Bourquin\"],\"articleSection\":[\"A la une\",\"exposition\",\"Gerardmer\",\"Histoire\",\"Tourisme\"],\"inLanguage\":\"fr-FR\",\"potentialAction\":[{\"@type\":\"CommentAction\",\"name\":\"Comment\",\"target\":[\"https:\/\/vosgesinfo.fr\/gerardmerinfo\/2025\/02\/la-1ere-marche-des-150-ans-de-loffice-du-tourisme-est-lancee\/#respond\"]}]},{\"@type\":\"WebPage\",\"@id\":\"https:\/\/vosgesinfo.fr\/gerardmerinfo\/2025\/02\/la-1ere-marche-des-150-ans-de-loffice-du-tourisme-est-lancee\/\",\"url\":\"https:\/\/vosgesinfo.fr\/gerardmerinfo\/2025\/02\/la-1ere-marche-des-150-ans-de-loffice-du-tourisme-est-lancee\/\",\"name\":\"La \u00ab\u00a01\u00e8re marche des 150 ans de l\u2019Office du Tourisme\u00a0\u00bb est lanc\u00e9e - Gerardmer Info\",\"isPartOf\":{\"@id\":\"https:\/\/vosgesinfo.fr\/gerardmerinfo\/#website\"},\"primaryImageOfPage\":{\"@id\":\"https:\/\/vosgesinfo.fr\/gerardmerinfo\/2025\/02\/la-1ere-marche-des-150-ans-de-loffice-du-tourisme-est-lancee\/#primaryimage\"},\"image\":{\"@id\":\"https:\/\/vosgesinfo.fr\/gerardmerinfo\/2025\/02\/la-1ere-marche-des-150-ans-de-loffice-du-tourisme-est-lancee\/#primaryimage\"},\"thumbnailUrl\":\"https:\/\/vosgesinfo.fr\/app\/uploads\/sites\/6\/2025\/02\/expo-ski-150-ot-4-scaled.jpeg\",\"datePublished\":\"2025-02-11T18:44:07+00:00\",\"dateModified\":\"2025-02-11T18:37:26+00:00\",\"breadcrumb\":{\"@id\":\"https:\/\/vosgesinfo.fr\/gerardmerinfo\/2025\/02\/la-1ere-marche-des-150-ans-de-loffice-du-tourisme-est-lancee\/#breadcrumb\"},\"inLanguage\":\"fr-FR\",\"potentialAction\":[{\"@type\":\"ReadAction\",\"target\":[\"https:\/\/vosgesinfo.fr\/gerardmerinfo\/2025\/02\/la-1ere-marche-des-150-ans-de-loffice-du-tourisme-est-lancee\/\"]}]},{\"@type\":\"ImageObject\",\"inLanguage\":\"fr-FR\",\"@id\":\"https:\/\/vosgesinfo.fr\/gerardmerinfo\/2025\/02\/la-1ere-marche-des-150-ans-de-loffice-du-tourisme-est-lancee\/#primaryimage\",\"url\":\"https:\/\/vosgesinfo.fr\/app\/uploads\/sites\/6\/2025\/02\/expo-ski-150-ot-4-scaled.jpeg\",\"contentUrl\":\"https:\/\/vosgesinfo.fr\/app\/uploads\/sites\/6\/2025\/02\/expo-ski-150-ot-4-scaled.jpeg\",\"width\":2560,\"height\":1920},{\"@type\":\"BreadcrumbList\",\"@id\":\"https:\/\/vosgesinfo.fr\/gerardmerinfo\/2025\/02\/la-1ere-marche-des-150-ans-de-loffice-du-tourisme-est-lancee\/#breadcrumb\",\"itemListElement\":[{\"@type\":\"ListItem\",\"position\":1,\"name\":\"Home\",\"item\":\"https:\/\/vosgesinfo.fr\/gerardmerinfo\/\"},{\"@type\":\"ListItem\",\"position\":2,\"name\":\"La \u00ab\u00a01\u00e8re marche des 150 ans de l\u2019Office du Tourisme\u00a0\u00bb est lanc\u00e9e\"}]},{\"@type\":\"WebSite\",\"@id\":\"https:\/\/vosgesinfo.fr\/gerardmerinfo\/#website\",\"url\":\"https:\/\/vosgesinfo.fr\/gerardmerinfo\/\",\"name\":\"Gerardmer Info\",\"description\":\"Toute l&#039;actualit\u00e9 de G\u00e9rardmer\",\"publisher\":{\"@id\":\"https:\/\/vosgesinfo.fr\/gerardmerinfo\/#organization\"},\"alternateName\":\"Toute l'actualit\u00e9 de G\u00e9rardmer\",\"potentialAction\":[{\"@type\":\"SearchAction\",\"target\":{\"@type\":\"EntryPoint\",\"urlTemplate\":\"https:\/\/vosgesinfo.fr\/gerardmerinfo\/?s={search_term_string}\"},\"query-input\":\"required name=search_term_string\"}],\"inLanguage\":\"fr-FR\"},{\"@type\":\"Organization\",\"@id\":\"https:\/\/vosgesinfo.fr\/gerardmerinfo\/#organization\",\"name\":\"Gerardmer Info\",\"url\":\"https:\/\/vosgesinfo.fr\/gerardmerinfo\/\",\"logo\":{\"@type\":\"ImageObject\",\"inLanguage\":\"fr-FR\",\"@id\":\"https:\/\/vosgesinfo.fr\/gerardmerinfo\/#\/schema\/logo\/image\/\",\"url\":\"https:\/\/vosgesinfo.fr\/app\/uploads\/sites\/6\/2023\/08\/favicon-gerardmerinfo.png\",\"contentUrl\":\"https:\/\/vosgesinfo.fr\/app\/uploads\/sites\/6\/2023\/08\/favicon-gerardmerinfo.png\",\"width\":512,\"height\":512,\"caption\":\"Gerardmer Info\"},\"image\":{\"@id\":\"https:\/\/vosgesinfo.fr\/gerardmerinfo\/#\/schema\/logo\/image\/\"},\"sameAs\":[\"https:\/\/www.facebook.com\/profile.php?id=100049475262660\",\"https:\/\/x.com\/VosgesInfo88\",\"https:\/\/www.youtube.com\/@vosgesinfo\"]},{\"@type\":\"Person\",\"@id\":\"https:\/\/vosgesinfo.fr\/gerardmerinfo\/#\/schema\/person\/bb210d3430e59ff5cd247deaccb63615\",\"name\":\"I.N\",\"image\":{\"@type\":\"ImageObject\",\"inLanguage\":\"fr-FR\",\"@id\":\"https:\/\/vosgesinfo.fr\/gerardmerinfo\/#\/schema\/person\/image\/\",\"url\":\"https:\/\/secure.gravatar.com\/avatar\/612d5c20a39b1c8bc5675cc8e3d99e120730e7d080423fdafec485619845af71?s=96&d=mm&r=g\",\"contentUrl\":\"https:\/\/secure.gravatar.com\/avatar\/612d5c20a39b1c8bc5675cc8e3d99e120730e7d080423fdafec485619845af71?s=96&d=mm&r=g\",\"caption\":\"I.N\"},\"url\":\"https:\/\/vosgesinfo.fr\/gerardmerinfo\/author\/i-ngerardmer\/\"}]}<\/script>\n<!-- \/ Yoast SEO plugin. -->","yoast_head_json":{"title":"La \u00ab\u00a01\u00e8re marche des 150 ans de l\u2019Office du Tourisme\u00a0\u00bb est lanc\u00e9e - Gerardmer Info","robots":{"index":"index","follow":"follow","max-snippet":"max-snippet:-1","max-image-preview":"max-image-preview:large","max-video-preview":"max-video-preview:-1"},"canonical":"https:\/\/vosgesinfo.fr\/gerardmerinfo\/2025\/02\/la-1ere-marche-des-150-ans-de-loffice-du-tourisme-est-lancee\/","twitter_card":"summary_large_image","twitter_title":"La \u00ab\u00a01\u00e8re marche des 150 ans de l\u2019Office du Tourisme\u00a0\u00bb est lanc\u00e9e - Gerardmer Info","twitter_description":"La directrice de l\u2019Office de Tourisme communautaire G\u00e9rardmer Hautes Vosges Florence Dupont lan\u00e7ait hier, \u00e0 l\u2019Espace Tilleul, le d\u00e9but des [&hellip;]","twitter_image":"https:\/\/vosgesinfo.fr\/app\/uploads\/sites\/6\/2025\/02\/expo-ski-150-ot-4-scaled.jpeg","twitter_creator":"@VosgesInfo88","twitter_site":"@VosgesInfo88","twitter_misc":{"\u00c9crit par":"I.N","Dur\u00e9e de lecture estim\u00e9e":"3 minutes"},"schema":{"@context":"https:\/\/schema.org","@graph":[{"@type":"Article","@id":"https:\/\/vosgesinfo.fr\/gerardmerinfo\/2025\/02\/la-1ere-marche-des-150-ans-de-loffice-du-tourisme-est-lancee\/#article","isPartOf":{"@id":"https:\/\/vosgesinfo.fr\/gerardmerinfo\/2025\/02\/la-1ere-marche-des-150-ans-de-loffice-du-tourisme-est-lancee\/"},"author":{"name":"I.N","@id":"https:\/\/vosgesinfo.fr\/gerardmerinfo\/#\/schema\/person\/bb210d3430e59ff5cd247deaccb63615"},"headline":"La \u00ab\u00a01\u00e8re marche des 150 ans de l\u2019Office du Tourisme\u00a0\u00bb est lanc\u00e9e","datePublished":"2025-02-11T18:44:07+00:00","dateModified":"2025-02-11T18:37:26+00:00","mainEntityOfPage":{"@id":"https:\/\/vosgesinfo.fr\/gerardmerinfo\/2025\/02\/la-1ere-marche-des-150-ans-de-loffice-du-tourisme-est-lancee\/"},"wordCount":343,"commentCount":0,"publisher":{"@id":"https:\/\/vosgesinfo.fr\/gerardmerinfo\/#organization"},"image":{"@id":"https:\/\/vosgesinfo.fr\/gerardmerinfo\/2025\/02\/la-1ere-marche-des-150-ans-de-loffice-du-tourisme-est-lancee\/#primaryimage"},"thumbnailUrl":"https:\/\/vosgesinfo.fr\/app\/uploads\/sites\/6\/2025\/02\/expo-ski-150-ot-4-scaled.jpeg","keywords":["espace tilleul","office de tourisme","Olivier Leduc","Ren\u00e9 Bourquin"],"articleSection":["A la une","exposition","Gerardmer","Histoire","Tourisme"],"inLanguage":"fr-FR","potentialAction":[{"@type":"CommentAction","name":"Comment","target":["https:\/\/vosgesinfo.fr\/gerardmerinfo\/2025\/02\/la-1ere-marche-des-150-ans-de-loffice-du-tourisme-est-lancee\/#respond"]}]},{"@type":"WebPage","@id":"https:\/\/vosgesinfo.fr\/gerardmerinfo\/2025\/02\/la-1ere-marche-des-150-ans-de-loffice-du-tourisme-est-lancee\/","url":"https:\/\/vosgesinfo.fr\/gerardmerinfo\/2025\/02\/la-1ere-marche-des-150-ans-de-loffice-du-tourisme-est-lancee\/","name":"La \u00ab\u00a01\u00e8re marche des 150 ans de l\u2019Office du Tourisme\u00a0\u00bb est lanc\u00e9e - Gerardmer Info","isPartOf":{"@id":"https:\/\/vosgesinfo.fr\/gerardmerinfo\/#website"},"primaryImageOfPage":{"@id":"https:\/\/vosgesinfo.fr\/gerardmerinfo\/2025\/02\/la-1ere-marche-des-150-ans-de-loffice-du-tourisme-est-lancee\/#primaryimage"},"image":{"@id":"https:\/\/vosgesinfo.fr\/gerardmerinfo\/2025\/02\/la-1ere-marche-des-150-ans-de-loffice-du-tourisme-est-lancee\/#primaryimage"},"thumbnailUrl":"https:\/\/vosgesinfo.fr\/app\/uploads\/sites\/6\/2025\/02\/expo-ski-150-ot-4-scaled.jpeg","datePublished":"2025-02-11T18:44:07+00:00","dateModified":"2025-02-11T18:37:26+00:00","breadcrumb":{"@id":"https:\/\/vosgesinfo.fr\/gerardmerinfo\/2025\/02\/la-1ere-marche-des-150-ans-de-loffice-du-tourisme-est-lancee\/#breadcrumb"},"inLanguage":"fr-FR","potentialAction":[{"@type":"ReadAction","target":["https:\/\/vosgesinfo.fr\/gerardmerinfo\/2025\/02\/la-1ere-marche-des-150-ans-de-loffice-du-tourisme-est-lancee\/"]}]},{"@type":"ImageObject","inLanguage":"fr-FR","@id":"https:\/\/vosgesinfo.fr\/gerardmerinfo\/2025\/02\/la-1ere-marche-des-150-ans-de-loffice-du-tourisme-est-lancee\/#primaryimage","url":"https:\/\/vosgesinfo.fr\/app\/uploads\/sites\/6\/2025\/02\/expo-ski-150-ot-4-scaled.jpeg","contentUrl":"https:\/\/vosgesinfo.fr\/app\/uploads\/sites\/6\/2025\/02\/expo-ski-150-ot-4-scaled.jpeg","width":2560,"height":1920},{"@type":"BreadcrumbList","@id":"https:\/\/vosgesinfo.fr\/gerardmerinfo\/2025\/02\/la-1ere-marche-des-150-ans-de-loffice-du-tourisme-est-lancee\/#breadcrumb","itemListElement":[{"@type":"ListItem","position":1,"name":"Home","item":"https:\/\/vosgesinfo.fr\/gerardmerinfo\/"},{"@type":"ListItem","position":2,"name":"La \u00ab\u00a01\u00e8re marche des 150 ans de l\u2019Office du Tourisme\u00a0\u00bb est lanc\u00e9e"}]},{"@type":"WebSite","@id":"https:\/\/vosgesinfo.fr\/gerardmerinfo\/#website","url":"https:\/\/vosgesinfo.fr\/gerardmerinfo\/","name":"Gerardmer Info","description":"Toute l&#039;actualit\u00e9 de G\u00e9rardmer","publisher":{"@id":"https:\/\/vosgesinfo.fr\/gerardmerinfo\/#organization"},"alternateName":"Toute l'actualit\u00e9 de G\u00e9rardmer","potentialAction":[{"@type":"SearchAction","target":{"@type":"EntryPoint","urlTemplate":"https:\/\/vosgesinfo.fr\/gerardmerinfo\/?s={search_term_string}"},"query-input":"required name=search_term_string"}],"inLanguage":"fr-FR"},{"@type":"Organization","@id":"https:\/\/vosgesinfo.fr\/gerardmerinfo\/#organization","name":"Gerardmer Info","url":"https:\/\/vosgesinfo.fr\/gerardmerinfo\/","logo":{"@type":"ImageObject","inLanguage":"fr-FR","@id":"https:\/\/vosgesinfo.fr\/gerardmerinfo\/#\/schema\/logo\/image\/","url":"https:\/\/vosgesinfo.fr\/app\/uploads\/sites\/6\/2023\/08\/favicon-gerardmerinfo.png","contentUrl":"https:\/\/vosgesinfo.fr\/app\/uploads\/sites\/6\/2023\/08\/favicon-gerardmerinfo.png","width":512,"height":512,"caption":"Gerardmer Info"},"image":{"@id":"https:\/\/vosgesinfo.fr\/gerardmerinfo\/#\/schema\/logo\/image\/"},"sameAs":["https:\/\/www.facebook.com\/profile.php?id=100049475262660","https:\/\/x.com\/VosgesInfo88","https:\/\/www.youtube.com\/@vosgesinfo"]},{"@type":"Person","@id":"https:\/\/vosgesinfo.fr\/gerardmerinfo\/#\/schema\/person\/bb210d3430e59ff5cd247deaccb63615","name":"I.N","image":{"@type":"ImageObject","inLanguage":"fr-FR","@id":"https:\/\/vosgesinfo.fr\/gerardmerinfo\/#\/schema\/person\/image\/","url":"https:\/\/secure.gravatar.com\/avatar\/612d5c20a39b1c8bc5675cc8e3d99e120730e7d080423fdafec485619845af71?s=96&d=mm&r=g","contentUrl":"https:\/\/secure.gravatar.com\/avatar\/612d5c20a39b1c8bc5675cc8e3d99e120730e7d080423fdafec485619845af71?s=96&d=mm&r=g","caption":"I.N"},"url":"https:\/\/vosgesinfo.fr\/gerardmerinfo\/author\/i-ngerardmer\/"}]}},"_links":{"self":[{"href":"https:\/\/vosgesinfo.fr\/gerardmerinfo\/wp-json\/wp\/v2\/posts\/74227","targetHints":{"allow":["GET"]}}],"collection":[{"href":"https:\/\/vosgesinfo.fr\/gerardmerinfo\/wp-json\/wp\/v2\/posts"}],"about":[{"href":"https:\/\/vosgesinfo.fr\/gerardmerinfo\/wp-json\/wp\/v2\/types\/post"}],"author":[{"embeddable":true,"href":"https:\/\/vosgesinfo.fr\/gerardmerinfo\/wp-json\/wp\/v2\/users\/258"}],"replies":[{"embeddable":true,"href":"https:\/\/vosgesinfo.fr\/gerardmerinfo\/wp-json\/wp\/v2\/comments?post=74227"}],"version-history":[{"count":3,"href":"https:\/\/vosgesinfo.fr\/gerardmerinfo\/wp-json\/wp\/v2\/posts\/74227\/revisions"}],"predecessor-version":[{"id":74234,"href":"https:\/\/vosgesinfo.fr\/gerardmerinfo\/wp-json\/wp\/v2\/posts\/74227\/revisions\/74234"}],"wp:featuredmedia":[{"embeddable":true,"href":"https:\/\/vosgesinfo.fr\/gerardmerinfo\/wp-json\/wp\/v2\/media\/74230"}],"wp:attachment":[{"href":"https:\/\/vosgesinfo.fr\/gerardmerinfo\/wp-json\/wp\/v2\/media?parent=74227"}],"wp:term":[{"taxonomy":"category","embeddable":true,"href":"https:\/\/vosgesinfo.fr\/gerardmerinfo\/wp-json\/wp\/v2\/categories?post=74227"},{"taxonomy":"post_tag","embeddable":true,"href":"https:\/\/vosgesinfo.fr\/gerardmerinfo\/wp-json\/wp\/v2\/tags?post=74227"}],"curies":[{"name":"wp","href":"https:\/\/api.w.org\/{rel}","templated":true}]}}