{"id":74244,"date":"2025-02-15T00:07:15","date_gmt":"2025-02-14T23:07:15","guid":{"rendered":"https:\/\/vosgesinfo.fr\/gerardmerinfo\/?p=74244"},"modified":"2025-02-12T10:10:12","modified_gmt":"2025-02-12T09:10:12","slug":"promotion-vacances-a-la-montagne-avec-le-jacquard-francais","status":"publish","type":"post","link":"https:\/\/vosgesinfo.fr\/gerardmerinfo\/2025\/02\/promotion-vacances-a-la-montagne-avec-le-jacquard-francais\/","title":{"rendered":"Promotion \u2018Vacances \u00e0 la montagne\u2019\u00a0avec le Jacquard Fran\u00e7ais\u00a0!"},"content":{"rendered":"<p><a href=\"https:\/\/vosgesinfo.fr\/app\/uploads\/sites\/6\/2025\/02\/jacquard-hiver.png\"><img decoding=\"async\" class=\"aligncenter wp-image-74258 size-full\" src=\"https:\/\/vosgesinfo.fr\/app\/uploads\/sites\/6\/2025\/02\/jacquard-hiver.png\" alt=\"\" width=\"454\" height=\"514\" srcset=\"https:\/\/vosgesinfo.fr\/app\/uploads\/sites\/6\/2025\/02\/jacquard-hiver.png 454w, https:\/\/vosgesinfo.fr\/app\/uploads\/sites\/6\/2025\/02\/jacquard-hiver-265x300.png 265w\" sizes=\"(max-width: 454px) 100vw, 454px\" \/><\/a><\/p>\n<p><span style=\"font-size: 14pt;\">Jusqu\u2019au 9 mars 2025, profitez de r\u00e9ductions exceptionnelles jusqu\u2019\u00e0 -50% sur une s\u00e9lection de linge de table, de cuisine, de bain et la d\u00e9coration, dans nos deux magasins d\u2019usine de G\u00e9rardmer.<\/span><\/p>\n<p><span style=\"font-size: 14pt;\">+ Offre d\u00e9couverte sur le Lit\u00a0: -10% sur les prix outlets \u00e0 partir de 80\u20ac d\u2019achat sur toute la collection Lit<\/span><\/p>\n<p><span style=\"font-size: 14pt;\">+ Jeu concours\u00a0:\u00a0 un cadeau \u00e0 gagner chaque jour, \u00e0 partir de 40\u20ac d\u2019achat en magasin. Les clients ayant r\u00e9alis\u00e9 un minimum d\u2019achat de 40\u20ac pourront glisser un bulletin de participation dans l\u2019urne pr\u00e9vue \u00e0 cet effet. Un tirage au sort aura lieu chaque jour durant la promotion pour d\u00e9signer le gagnant qui sera invit\u00e9 \u00e0 retirer son lot en boutique.<\/span><\/p>\n<p><span style=\"font-size: 14pt;\">Nos adresses\u00a0\u00e0 G\u00e9rardmer<\/span><\/p>\n<ul>\n<li><span style=\"font-size: 14pt;\">CDG\u00a0: 35 rue Charles de Gaulle<\/span><\/li>\n<li><span style=\"font-size: 14pt;\">KELSCH\u00a0: 45 boulevard Kelsch (ferm\u00e9e le dimanche 9 mars)<\/span><\/li>\n<li><a href=\"https:\/\/vosgesinfo.fr\/app\/uploads\/sites\/6\/2025\/02\/pop-up-jacquard-vosges-info.jpg\"><img decoding=\"async\" class=\"aligncenter wp-image-74245 size-full\" src=\"https:\/\/vosgesinfo.fr\/app\/uploads\/sites\/6\/2025\/02\/pop-up-jacquard-vosges-info.jpg\" alt=\"\" width=\"350\" height=\"300\" srcset=\"https:\/\/vosgesinfo.fr\/app\/uploads\/sites\/6\/2025\/02\/pop-up-jacquard-vosges-info.jpg 350w, https:\/\/vosgesinfo.fr\/app\/uploads\/sites\/6\/2025\/02\/pop-up-jacquard-vosges-info-300x257.jpg 300w\" sizes=\"(max-width: 350px) 100vw, 350px\" \/><\/a><\/li>\n<\/ul>\n","protected":false},"excerpt":{"rendered":"<p>Jusqu\u2019au 9 mars 2025, profitez de r\u00e9ductions exceptionnelles jusqu\u2019\u00e0 -50% sur une s\u00e9lection de linge de table, de cuisine, de [&hellip;]<\/p>\n","protected":false},"author":391,"featured_media":74258,"comment_status":"open","ping_status":"open","sticky":false,"template":"","format":"standard","meta":{"footnotes":""},"categories":[1],"tags":[],"class_list":["post-74244","post","type-post","status-publish","format-standard","has-post-thumbnail","hentry","category-non-classe"],"acf":[],"yoast_head":"<!-- This site is optimized with the Yoast SEO plugin v22.5 - https:\/\/yoast.com\/wordpress\/plugins\/seo\/ -->\n<title>Promotion \u2018Vacances \u00e0 la montagne\u2019\u00a0avec le Jacquard Fran\u00e7ais\u00a0! - Gerardmer Info<\/title>\n<meta name=\"robots\" content=\"index, follow, max-snippet:-1, max-image-preview:large, max-video-preview:-1\" \/>\n<link rel=\"canonical\" href=\"https:\/\/vosgesinfo.fr\/gerardmerinfo\/2025\/02\/promotion-vacances-a-la-montagne-avec-le-jacquard-francais\/\" \/>\n<meta name=\"twitter:card\" content=\"summary_large_image\" \/>\n<meta name=\"twitter:title\" content=\"Promotion \u2018Vacances \u00e0 la montagne\u2019\u00a0avec le Jacquard Fran\u00e7ais\u00a0! - Gerardmer Info\" \/>\n<meta name=\"twitter:description\" content=\"Jusqu\u2019au 9 mars 2025, profitez de r\u00e9ductions exceptionnelles jusqu\u2019\u00e0 -50% sur une s\u00e9lection de linge de table, de cuisine, de [&hellip;]\" \/>\n<meta name=\"twitter:image\" content=\"https:\/\/vosgesinfo.fr\/app\/uploads\/sites\/6\/2025\/02\/jacquard-hiver.png\" \/>\n<meta name=\"twitter:creator\" content=\"@VosgesInfo88\" \/>\n<meta name=\"twitter:site\" content=\"@VosgesInfo88\" \/>\n<meta name=\"twitter:label1\" content=\"\u00c9crit par\" \/>\n\t<meta name=\"twitter:data1\" content=\"La redaction\" \/>\n\t<meta name=\"twitter:label2\" content=\"Dur\u00e9e de lecture estim\u00e9e\" \/>\n\t<meta name=\"twitter:data2\" content=\"1 minute\" \/>\n<script type=\"application\/ld+json\" class=\"yoast-schema-graph\">{\"@context\":\"https:\/\/schema.org\",\"@graph\":[{\"@type\":\"Article\",\"@id\":\"https:\/\/vosgesinfo.fr\/gerardmerinfo\/2025\/02\/promotion-vacances-a-la-montagne-avec-le-jacquard-francais\/#article\",\"isPartOf\":{\"@id\":\"https:\/\/vosgesinfo.fr\/gerardmerinfo\/2025\/02\/promotion-vacances-a-la-montagne-avec-le-jacquard-francais\/\"},\"author\":{\"name\":\"La redaction\",\"@id\":\"https:\/\/vosgesinfo.fr\/gerardmerinfo\/#\/schema\/person\/27a3695b06db98895b354c0765cdfc31\"},\"headline\":\"Promotion \u2018Vacances \u00e0 la montagne\u2019\u00a0avec le Jacquard Fran\u00e7ais\u00a0!\",\"datePublished\":\"2025-02-14T23:07:15+00:00\",\"dateModified\":\"2025-02-12T09:10:12+00:00\",\"mainEntityOfPage\":{\"@id\":\"https:\/\/vosgesinfo.fr\/gerardmerinfo\/2025\/02\/promotion-vacances-a-la-montagne-avec-le-jacquard-francais\/\"},\"wordCount\":141,\"commentCount\":0,\"publisher\":{\"@id\":\"https:\/\/vosgesinfo.fr\/gerardmerinfo\/#organization\"},\"image\":{\"@id\":\"https:\/\/vosgesinfo.fr\/gerardmerinfo\/2025\/02\/promotion-vacances-a-la-montagne-avec-le-jacquard-francais\/#primaryimage\"},\"thumbnailUrl\":\"https:\/\/vosgesinfo.fr\/app\/uploads\/sites\/6\/2025\/02\/jacquard-hiver.png\",\"inLanguage\":\"fr-FR\",\"potentialAction\":[{\"@type\":\"CommentAction\",\"name\":\"Comment\",\"target\":[\"https:\/\/vosgesinfo.fr\/gerardmerinfo\/2025\/02\/promotion-vacances-a-la-montagne-avec-le-jacquard-francais\/#respond\"]}]},{\"@type\":\"WebPage\",\"@id\":\"https:\/\/vosgesinfo.fr\/gerardmerinfo\/2025\/02\/promotion-vacances-a-la-montagne-avec-le-jacquard-francais\/\",\"url\":\"https:\/\/vosgesinfo.fr\/gerardmerinfo\/2025\/02\/promotion-vacances-a-la-montagne-avec-le-jacquard-francais\/\",\"name\":\"Promotion \u2018Vacances \u00e0 la montagne\u2019\u00a0avec le Jacquard Fran\u00e7ais\u00a0! - Gerardmer Info\",\"isPartOf\":{\"@id\":\"https:\/\/vosgesinfo.fr\/gerardmerinfo\/#website\"},\"primaryImageOfPage\":{\"@id\":\"https:\/\/vosgesinfo.fr\/gerardmerinfo\/2025\/02\/promotion-vacances-a-la-montagne-avec-le-jacquard-francais\/#primaryimage\"},\"image\":{\"@id\":\"https:\/\/vosgesinfo.fr\/gerardmerinfo\/2025\/02\/promotion-vacances-a-la-montagne-avec-le-jacquard-francais\/#primaryimage\"},\"thumbnailUrl\":\"https:\/\/vosgesinfo.fr\/app\/uploads\/sites\/6\/2025\/02\/jacquard-hiver.png\",\"datePublished\":\"2025-02-14T23:07:15+00:00\",\"dateModified\":\"2025-02-12T09:10:12+00:00\",\"breadcrumb\":{\"@id\":\"https:\/\/vosgesinfo.fr\/gerardmerinfo\/2025\/02\/promotion-vacances-a-la-montagne-avec-le-jacquard-francais\/#breadcrumb\"},\"inLanguage\":\"fr-FR\",\"potentialAction\":[{\"@type\":\"ReadAction\",\"target\":[\"https:\/\/vosgesinfo.fr\/gerardmerinfo\/2025\/02\/promotion-vacances-a-la-montagne-avec-le-jacquard-francais\/\"]}]},{\"@type\":\"ImageObject\",\"inLanguage\":\"fr-FR\",\"@id\":\"https:\/\/vosgesinfo.fr\/gerardmerinfo\/2025\/02\/promotion-vacances-a-la-montagne-avec-le-jacquard-francais\/#primaryimage\",\"url\":\"https:\/\/vosgesinfo.fr\/app\/uploads\/sites\/6\/2025\/02\/jacquard-hiver.png\",\"contentUrl\":\"https:\/\/vosgesinfo.fr\/app\/uploads\/sites\/6\/2025\/02\/jacquard-hiver.png\",\"width\":454,\"height\":514},{\"@type\":\"BreadcrumbList\",\"@id\":\"https:\/\/vosgesinfo.fr\/gerardmerinfo\/2025\/02\/promotion-vacances-a-la-montagne-avec-le-jacquard-francais\/#breadcrumb\",\"itemListElement\":[{\"@type\":\"ListItem\",\"position\":1,\"name\":\"Home\",\"item\":\"https:\/\/vosgesinfo.fr\/gerardmerinfo\/\"},{\"@type\":\"ListItem\",\"position\":2,\"name\":\"Promotion \u2018Vacances \u00e0 la montagne\u2019\u00a0avec le Jacquard Fran\u00e7ais\u00a0!\"}]},{\"@type\":\"WebSite\",\"@id\":\"https:\/\/vosgesinfo.fr\/gerardmerinfo\/#website\",\"url\":\"https:\/\/vosgesinfo.fr\/gerardmerinfo\/\",\"name\":\"Gerardmer Info\",\"description\":\"Toute l&#039;actualit\u00e9 de G\u00e9rardmer\",\"publisher\":{\"@id\":\"https:\/\/vosgesinfo.fr\/gerardmerinfo\/#organization\"},\"alternateName\":\"Toute l'actualit\u00e9 de G\u00e9rardmer\",\"potentialAction\":[{\"@type\":\"SearchAction\",\"target\":{\"@type\":\"EntryPoint\",\"urlTemplate\":\"https:\/\/vosgesinfo.fr\/gerardmerinfo\/?s={search_term_string}\"},\"query-input\":\"required name=search_term_string\"}],\"inLanguage\":\"fr-FR\"},{\"@type\":\"Organization\",\"@id\":\"https:\/\/vosgesinfo.fr\/gerardmerinfo\/#organization\",\"name\":\"Gerardmer Info\",\"url\":\"https:\/\/vosgesinfo.fr\/gerardmerinfo\/\",\"logo\":{\"@type\":\"ImageObject\",\"inLanguage\":\"fr-FR\",\"@id\":\"https:\/\/vosgesinfo.fr\/gerardmerinfo\/#\/schema\/logo\/image\/\",\"url\":\"https:\/\/vosgesinfo.fr\/app\/uploads\/sites\/6\/2023\/08\/favicon-gerardmerinfo.png\",\"contentUrl\":\"https:\/\/vosgesinfo.fr\/app\/uploads\/sites\/6\/2023\/08\/favicon-gerardmerinfo.png\",\"width\":512,\"height\":512,\"caption\":\"Gerardmer Info\"},\"image\":{\"@id\":\"https:\/\/vosgesinfo.fr\/gerardmerinfo\/#\/schema\/logo\/image\/\"},\"sameAs\":[\"https:\/\/www.facebook.com\/profile.php?id=100049475262660\",\"https:\/\/x.com\/VosgesInfo88\",\"https:\/\/www.youtube.com\/@vosgesinfo\"]},{\"@type\":\"Person\",\"@id\":\"https:\/\/vosgesinfo.fr\/gerardmerinfo\/#\/schema\/person\/27a3695b06db98895b354c0765cdfc31\",\"name\":\"La redaction\",\"image\":{\"@type\":\"ImageObject\",\"inLanguage\":\"fr-FR\",\"@id\":\"https:\/\/vosgesinfo.fr\/gerardmerinfo\/#\/schema\/person\/image\/\",\"url\":\"https:\/\/secure.gravatar.com\/avatar\/64c76a78e501cedee55736f43f332df901e1896ae9cd8fad269ae2236dd0e8b6?s=96&d=mm&r=g\",\"contentUrl\":\"https:\/\/secure.gravatar.com\/avatar\/64c76a78e501cedee55736f43f332df901e1896ae9cd8fad269ae2236dd0e8b6?s=96&d=mm&r=g\",\"caption\":\"La redaction\"},\"url\":\"https:\/\/vosgesinfo.fr\/gerardmerinfo\/author\/la-redaction\/\"}]}<\/script>\n<!-- \/ Yoast SEO plugin. -->","yoast_head_json":{"title":"Promotion \u2018Vacances \u00e0 la montagne\u2019\u00a0avec le Jacquard Fran\u00e7ais\u00a0! - Gerardmer Info","robots":{"index":"index","follow":"follow","max-snippet":"max-snippet:-1","max-image-preview":"max-image-preview:large","max-video-preview":"max-video-preview:-1"},"canonical":"https:\/\/vosgesinfo.fr\/gerardmerinfo\/2025\/02\/promotion-vacances-a-la-montagne-avec-le-jacquard-francais\/","twitter_card":"summary_large_image","twitter_title":"Promotion \u2018Vacances \u00e0 la montagne\u2019\u00a0avec le Jacquard Fran\u00e7ais\u00a0! - Gerardmer Info","twitter_description":"Jusqu\u2019au 9 mars 2025, profitez de r\u00e9ductions exceptionnelles jusqu\u2019\u00e0 -50% sur une s\u00e9lection de linge de table, de cuisine, de [&hellip;]","twitter_image":"https:\/\/vosgesinfo.fr\/app\/uploads\/sites\/6\/2025\/02\/jacquard-hiver.png","twitter_creator":"@VosgesInfo88","twitter_site":"@VosgesInfo88","twitter_misc":{"\u00c9crit par":"La redaction","Dur\u00e9e de lecture estim\u00e9e":"1 minute"},"schema":{"@context":"https:\/\/schema.org","@graph":[{"@type":"Article","@id":"https:\/\/vosgesinfo.fr\/gerardmerinfo\/2025\/02\/promotion-vacances-a-la-montagne-avec-le-jacquard-francais\/#article","isPartOf":{"@id":"https:\/\/vosgesinfo.fr\/gerardmerinfo\/2025\/02\/promotion-vacances-a-la-montagne-avec-le-jacquard-francais\/"},"author":{"name":"La redaction","@id":"https:\/\/vosgesinfo.fr\/gerardmerinfo\/#\/schema\/person\/27a3695b06db98895b354c0765cdfc31"},"headline":"Promotion \u2018Vacances \u00e0 la montagne\u2019\u00a0avec le Jacquard Fran\u00e7ais\u00a0!","datePublished":"2025-02-14T23:07:15+00:00","dateModified":"2025-02-12T09:10:12+00:00","mainEntityOfPage":{"@id":"https:\/\/vosgesinfo.fr\/gerardmerinfo\/2025\/02\/promotion-vacances-a-la-montagne-avec-le-jacquard-francais\/"},"wordCount":141,"commentCount":0,"publisher":{"@id":"https:\/\/vosgesinfo.fr\/gerardmerinfo\/#organization"},"image":{"@id":"https:\/\/vosgesinfo.fr\/gerardmerinfo\/2025\/02\/promotion-vacances-a-la-montagne-avec-le-jacquard-francais\/#primaryimage"},"thumbnailUrl":"https:\/\/vosgesinfo.fr\/app\/uploads\/sites\/6\/2025\/02\/jacquard-hiver.png","inLanguage":"fr-FR","potentialAction":[{"@type":"CommentAction","name":"Comment","target":["https:\/\/vosgesinfo.fr\/gerardmerinfo\/2025\/02\/promotion-vacances-a-la-montagne-avec-le-jacquard-francais\/#respond"]}]},{"@type":"WebPage","@id":"https:\/\/vosgesinfo.fr\/gerardmerinfo\/2025\/02\/promotion-vacances-a-la-montagne-avec-le-jacquard-francais\/","url":"https:\/\/vosgesinfo.fr\/gerardmerinfo\/2025\/02\/promotion-vacances-a-la-montagne-avec-le-jacquard-francais\/","name":"Promotion \u2018Vacances \u00e0 la montagne\u2019\u00a0avec le Jacquard Fran\u00e7ais\u00a0! - Gerardmer Info","isPartOf":{"@id":"https:\/\/vosgesinfo.fr\/gerardmerinfo\/#website"},"primaryImageOfPage":{"@id":"https:\/\/vosgesinfo.fr\/gerardmerinfo\/2025\/02\/promotion-vacances-a-la-montagne-avec-le-jacquard-francais\/#primaryimage"},"image":{"@id":"https:\/\/vosgesinfo.fr\/gerardmerinfo\/2025\/02\/promotion-vacances-a-la-montagne-avec-le-jacquard-francais\/#primaryimage"},"thumbnailUrl":"https:\/\/vosgesinfo.fr\/app\/uploads\/sites\/6\/2025\/02\/jacquard-hiver.png","datePublished":"2025-02-14T23:07:15+00:00","dateModified":"2025-02-12T09:10:12+00:00","breadcrumb":{"@id":"https:\/\/vosgesinfo.fr\/gerardmerinfo\/2025\/02\/promotion-vacances-a-la-montagne-avec-le-jacquard-francais\/#breadcrumb"},"inLanguage":"fr-FR","potentialAction":[{"@type":"ReadAction","target":["https:\/\/vosgesinfo.fr\/gerardmerinfo\/2025\/02\/promotion-vacances-a-la-montagne-avec-le-jacquard-francais\/"]}]},{"@type":"ImageObject","inLanguage":"fr-FR","@id":"https:\/\/vosgesinfo.fr\/gerardmerinfo\/2025\/02\/promotion-vacances-a-la-montagne-avec-le-jacquard-francais\/#primaryimage","url":"https:\/\/vosgesinfo.fr\/app\/uploads\/sites\/6\/2025\/02\/jacquard-hiver.png","contentUrl":"https:\/\/vosgesinfo.fr\/app\/uploads\/sites\/6\/2025\/02\/jacquard-hiver.png","width":454,"height":514},{"@type":"BreadcrumbList","@id":"https:\/\/vosgesinfo.fr\/gerardmerinfo\/2025\/02\/promotion-vacances-a-la-montagne-avec-le-jacquard-francais\/#breadcrumb","itemListElement":[{"@type":"ListItem","position":1,"name":"Home","item":"https:\/\/vosgesinfo.fr\/gerardmerinfo\/"},{"@type":"ListItem","position":2,"name":"Promotion \u2018Vacances \u00e0 la montagne\u2019\u00a0avec le Jacquard Fran\u00e7ais\u00a0!"}]},{"@type":"WebSite","@id":"https:\/\/vosgesinfo.fr\/gerardmerinfo\/#website","url":"https:\/\/vosgesinfo.fr\/gerardmerinfo\/","name":"Gerardmer Info","description":"Toute l&#039;actualit\u00e9 de G\u00e9rardmer","publisher":{"@id":"https:\/\/vosgesinfo.fr\/gerardmerinfo\/#organization"},"alternateName":"Toute l'actualit\u00e9 de G\u00e9rardmer","potentialAction":[{"@type":"SearchAction","target":{"@type":"EntryPoint","urlTemplate":"https:\/\/vosgesinfo.fr\/gerardmerinfo\/?s={search_term_string}"},"query-input":"required name=search_term_string"}],"inLanguage":"fr-FR"},{"@type":"Organization","@id":"https:\/\/vosgesinfo.fr\/gerardmerinfo\/#organization","name":"Gerardmer Info","url":"https:\/\/vosgesinfo.fr\/gerardmerinfo\/","logo":{"@type":"ImageObject","inLanguage":"fr-FR","@id":"https:\/\/vosgesinfo.fr\/gerardmerinfo\/#\/schema\/logo\/image\/","url":"https:\/\/vosgesinfo.fr\/app\/uploads\/sites\/6\/2023\/08\/favicon-gerardmerinfo.png","contentUrl":"https:\/\/vosgesinfo.fr\/app\/uploads\/sites\/6\/2023\/08\/favicon-gerardmerinfo.png","width":512,"height":512,"caption":"Gerardmer Info"},"image":{"@id":"https:\/\/vosgesinfo.fr\/gerardmerinfo\/#\/schema\/logo\/image\/"},"sameAs":["https:\/\/www.facebook.com\/profile.php?id=100049475262660","https:\/\/x.com\/VosgesInfo88","https:\/\/www.youtube.com\/@vosgesinfo"]},{"@type":"Person","@id":"https:\/\/vosgesinfo.fr\/gerardmerinfo\/#\/schema\/person\/27a3695b06db98895b354c0765cdfc31","name":"La redaction","image":{"@type":"ImageObject","inLanguage":"fr-FR","@id":"https:\/\/vosgesinfo.fr\/gerardmerinfo\/#\/schema\/person\/image\/","url":"https:\/\/secure.gravatar.com\/avatar\/64c76a78e501cedee55736f43f332df901e1896ae9cd8fad269ae2236dd0e8b6?s=96&d=mm&r=g","contentUrl":"https:\/\/secure.gravatar.com\/avatar\/64c76a78e501cedee55736f43f332df901e1896ae9cd8fad269ae2236dd0e8b6?s=96&d=mm&r=g","caption":"La redaction"},"url":"https:\/\/vosgesinfo.fr\/gerardmerinfo\/author\/la-redaction\/"}]}},"_links":{"self":[{"href":"https:\/\/vosgesinfo.fr\/gerardmerinfo\/wp-json\/wp\/v2\/posts\/74244","targetHints":{"allow":["GET"]}}],"collection":[{"href":"https:\/\/vosgesinfo.fr\/gerardmerinfo\/wp-json\/wp\/v2\/posts"}],"about":[{"href":"https:\/\/vosgesinfo.fr\/gerardmerinfo\/wp-json\/wp\/v2\/types\/post"}],"author":[{"embeddable":true,"href":"https:\/\/vosgesinfo.fr\/gerardmerinfo\/wp-json\/wp\/v2\/users\/391"}],"replies":[{"embeddable":true,"href":"https:\/\/vosgesinfo.fr\/gerardmerinfo\/wp-json\/wp\/v2\/comments?post=74244"}],"version-history":[{"count":4,"href":"https:\/\/vosgesinfo.fr\/gerardmerinfo\/wp-json\/wp\/v2\/posts\/74244\/revisions"}],"predecessor-version":[{"id":74259,"href":"https:\/\/vosgesinfo.fr\/gerardmerinfo\/wp-json\/wp\/v2\/posts\/74244\/revisions\/74259"}],"wp:featuredmedia":[{"embeddable":true,"href":"https:\/\/vosgesinfo.fr\/gerardmerinfo\/wp-json\/wp\/v2\/media\/74258"}],"wp:attachment":[{"href":"https:\/\/vosgesinfo.fr\/gerardmerinfo\/wp-json\/wp\/v2\/media?parent=74244"}],"wp:term":[{"taxonomy":"category","embeddable":true,"href":"https:\/\/vosgesinfo.fr\/gerardmerinfo\/wp-json\/wp\/v2\/categories?post=74244"},{"taxonomy":"post_tag","embeddable":true,"href":"https:\/\/vosgesinfo.fr\/gerardmerinfo\/wp-json\/wp\/v2\/tags?post=74244"}],"curies":[{"name":"wp","href":"https:\/\/api.w.org\/{rel}","templated":true}]}}