{"id":74290,"date":"2025-02-14T12:10:23","date_gmt":"2025-02-14T11:10:23","guid":{"rendered":"https:\/\/vosgesinfo.fr\/gerardmerinfo\/?p=74290"},"modified":"2025-02-14T18:21:32","modified_gmt":"2025-02-14T17:21:32","slug":"aviron-belle-prestation-de-lasg-a-la-regate-duel-avenir-j14","status":"publish","type":"post","link":"https:\/\/vosgesinfo.fr\/gerardmerinfo\/2025\/02\/aviron-belle-prestation-de-lasg-a-la-regate-duel-avenir-j14\/","title":{"rendered":"Aviron &#8211; L\u00e9onie Pointeau &#038; Ma\u00ebli Sutty ram\u00e8nent le bronze de la R\u00e9gate Duel AVENIR J14"},"content":{"rendered":"<div id=\"attachment_74292\" style=\"width: 730px\" class=\"wp-caption aligncenter\"><a href=\"https:\/\/vosgesinfo.fr\/app\/uploads\/sites\/6\/2025\/02\/course-serie-du-matin-leonie-2eme-et-maeli-6eme-en-partant-de-la-gauche.jpg\"><img decoding=\"async\" aria-describedby=\"caption-attachment-74292\" class=\"wp-image-74292 size-full\" src=\"https:\/\/vosgesinfo.fr\/app\/uploads\/sites\/6\/2025\/02\/course-serie-du-matin-leonie-2eme-et-maeli-6eme-en-partant-de-la-gauche.jpg\" alt=\"\" width=\"720\" height=\"403\" srcset=\"https:\/\/vosgesinfo.fr\/app\/uploads\/sites\/6\/2025\/02\/course-serie-du-matin-leonie-2eme-et-maeli-6eme-en-partant-de-la-gauche.jpg 720w, https:\/\/vosgesinfo.fr\/app\/uploads\/sites\/6\/2025\/02\/course-serie-du-matin-leonie-2eme-et-maeli-6eme-en-partant-de-la-gauche-300x168.jpg 300w\" sizes=\"(max-width: 720px) 100vw, 720px\" \/><\/a><p id=\"caption-attachment-74292\" class=\"wp-caption-text\">Course s\u00e9rie du matin : L\u00e9onie 2e et Maeli 6eme en partant de la gauche<\/p><\/div>\n\n\t\t<style type=\"text\/css\">\n\t\t\t#gallery-1 {\n\t\t\t\tmargin: auto;\n\t\t\t}\n\t\t\t#gallery-1 .gallery-item {\n\t\t\t\tfloat: left;\n\t\t\t\tmargin-top: 10px;\n\t\t\t\ttext-align: center;\n\t\t\t\twidth: 50%;\n\t\t\t}\n\t\t\t#gallery-1 img {\n\t\t\t\tborder: 2px solid #cfcfcf;\n\t\t\t}\n\t\t\t#gallery-1 .gallery-caption {\n\t\t\t\tmargin-left: 0;\n\t\t\t}\n\t\t\t\/* see gallery_shortcode() in wp-includes\/media.php *\/\n\t\t<\/style>\n\t\t<div id='gallery-1' class='gallery galleryid-74290 gallery-columns-2 gallery-size-medium'><dl class='gallery-item'>\n\t\t\t<dt class='gallery-icon landscape'>\n\t\t\t\t<a href='https:\/\/vosgesinfo.fr\/app\/uploads\/sites\/6\/2025\/02\/photo-groupe.jpg'><img decoding=\"async\" width=\"300\" height=\"213\" src=\"https:\/\/vosgesinfo.fr\/app\/uploads\/sites\/6\/2025\/02\/photo-groupe-300x213.jpg\" class=\"attachment-medium size-medium\" alt=\"\" srcset=\"https:\/\/vosgesinfo.fr\/app\/uploads\/sites\/6\/2025\/02\/photo-groupe-300x213.jpg 300w, https:\/\/vosgesinfo.fr\/app\/uploads\/sites\/6\/2025\/02\/photo-groupe-768x546.jpg 768w, https:\/\/vosgesinfo.fr\/app\/uploads\/sites\/6\/2025\/02\/photo-groupe.jpg 1015w\" sizes=\"(max-width: 300px) 100vw, 300px\" \/><\/a>\n\t\t\t<\/dt><\/dl><dl class='gallery-item'>\n\t\t\t<dt class='gallery-icon landscape'>\n\t\t\t\t<a href='https:\/\/vosgesinfo.fr\/app\/uploads\/sites\/6\/2025\/02\/embarcation-b.jpg'><img decoding=\"async\" width=\"300\" height=\"225\" src=\"https:\/\/vosgesinfo.fr\/app\/uploads\/sites\/6\/2025\/02\/embarcation-b-300x225.jpg\" class=\"attachment-medium size-medium\" alt=\"\" srcset=\"https:\/\/vosgesinfo.fr\/app\/uploads\/sites\/6\/2025\/02\/embarcation-b-300x225.jpg 300w, https:\/\/vosgesinfo.fr\/app\/uploads\/sites\/6\/2025\/02\/embarcation-b-1024x768.jpg 1024w, https:\/\/vosgesinfo.fr\/app\/uploads\/sites\/6\/2025\/02\/embarcation-b-768x576.jpg 768w, https:\/\/vosgesinfo.fr\/app\/uploads\/sites\/6\/2025\/02\/embarcation-b-1536x1152.jpg 1536w, https:\/\/vosgesinfo.fr\/app\/uploads\/sites\/6\/2025\/02\/embarcation-b.jpg 1600w\" sizes=\"(max-width: 300px) 100vw, 300px\" \/><\/a>\n\t\t\t<\/dt><\/dl><br style=\"clear: both\" \/>\n\t\t<\/div>\n\n<p><strong>La R\u00e9gate Duel AVENIR J14 Aviron du 9 f\u00e9vrier 2025 s&rsquo;est d\u00e9roul\u00e9e \u00e0 Marignane, un \u00e9v\u00e9nement majeur pour les jeunes rameuses et rameurs de 13 et 14 ans fran\u00e7ais engag\u00e9s en huit barr\u00e9 (8x+).<\/strong><\/p>\n<p><a href=\"https:\/\/vosgesinfo.fr\/app\/uploads\/sites\/6\/2025\/02\/embarquement-maeli-3eme-et-leonie-7-eme-en-partant-de-devant.jpg\"><img decoding=\"async\" class=\"alignright size-medium wp-image-74294\" src=\"https:\/\/vosgesinfo.fr\/app\/uploads\/sites\/6\/2025\/02\/embarquement-maeli-3eme-et-leonie-7-eme-en-partant-de-devant-165x300.jpg\" alt=\"\" width=\"165\" height=\"300\" srcset=\"https:\/\/vosgesinfo.fr\/app\/uploads\/sites\/6\/2025\/02\/embarquement-maeli-3eme-et-leonie-7-eme-en-partant-de-devant-165x300.jpg 165w, https:\/\/vosgesinfo.fr\/app\/uploads\/sites\/6\/2025\/02\/embarquement-maeli-3eme-et-leonie-7-eme-en-partant-de-devant.jpg 560w\" sizes=\"(max-width: 165px) 100vw, 165px\" \/><\/a>Deux bateaux (1 f\u00e9minin et 1 masculin) \u00e9taient engag\u00e9s sous les couleurs de la Ligue Grand-Est. Chaque embarcation \u00e9tait compos\u00e9e des meilleurs athl\u00e8tes de la grande r\u00e9gion. Deux rameuses g\u00e9r\u00f4moises, Ma\u00ebli Sutty et L\u00e9onie Pointeau figuraient dans le huit f\u00e9minin. Ce f\u00fbt \u00e9galement l&rsquo;occasion de reconna\u00eetre notre savoir-faire local puisque ce n&rsquo;est autre que Jean-Marc Ruaux, entraineur de l\u2019ASG Aviron, qui eut la charge de manager ce bateau.<br \/>\nDes courses intenses et du haut-niveau sur les 1000 m\u00e8tres du canal de Marseille au Rh\u00f4ne. C&rsquo;est une magnifique 3\u00e8me place que nos repr\u00e9sentantes sont all\u00e9es d\u00e9crocher avec autorit\u00e9, partageant le podium avec la Nouvelle-Aquitaine (1\u02b3\u1d49) et le club espagnol Santona (2\u1d49).<br \/>\nUne aventure sportive et humaine enrichissante qui d\u00e9bute pour nos jeunes !<br \/>\nProchain rendez-vous en compagnie de l&rsquo;ensemble des effectifs g\u00e9r\u00f4mois le 15 mars prochain o\u00f9 elles seront confront\u00e9es aux \u00e9quipages lorrains et alsaciens pour une \u00e9preuve longue distance.<\/p>\n<p>Cr\u00e9dit photos : Ligue Grand Est Aviron<\/p>\n<div id=\"attachment_74293\" style=\"width: 2058px\" class=\"wp-caption aligncenter\"><a href=\"https:\/\/vosgesinfo.fr\/app\/uploads\/sites\/6\/2025\/02\/remise-medaille-bronze-maeli-4eme-et-leonie-7eme-en-partant-de-la-gauche.jpg\"><img decoding=\"async\" aria-describedby=\"caption-attachment-74293\" class=\"wp-image-74293 size-full\" src=\"https:\/\/vosgesinfo.fr\/app\/uploads\/sites\/6\/2025\/02\/remise-medaille-bronze-maeli-4eme-et-leonie-7eme-en-partant-de-la-gauche.jpg\" alt=\"\" width=\"2048\" height=\"1153\" srcset=\"https:\/\/vosgesinfo.fr\/app\/uploads\/sites\/6\/2025\/02\/remise-medaille-bronze-maeli-4eme-et-leonie-7eme-en-partant-de-la-gauche.jpg 2048w, https:\/\/vosgesinfo.fr\/app\/uploads\/sites\/6\/2025\/02\/remise-medaille-bronze-maeli-4eme-et-leonie-7eme-en-partant-de-la-gauche-300x169.jpg 300w, https:\/\/vosgesinfo.fr\/app\/uploads\/sites\/6\/2025\/02\/remise-medaille-bronze-maeli-4eme-et-leonie-7eme-en-partant-de-la-gauche-1024x577.jpg 1024w, https:\/\/vosgesinfo.fr\/app\/uploads\/sites\/6\/2025\/02\/remise-medaille-bronze-maeli-4eme-et-leonie-7eme-en-partant-de-la-gauche-768x432.jpg 768w, https:\/\/vosgesinfo.fr\/app\/uploads\/sites\/6\/2025\/02\/remise-medaille-bronze-maeli-4eme-et-leonie-7eme-en-partant-de-la-gauche-1536x865.jpg 1536w\" sizes=\"(max-width: 2048px) 100vw, 2048px\" \/><\/a><p id=\"caption-attachment-74293\" class=\"wp-caption-text\">Remise m\u00e9daille bronze Maeli 4eme et L\u00e9onie 7eme en partant de la gauche<\/p><\/div>\n","protected":false},"excerpt":{"rendered":"<p>La R\u00e9gate Duel AVENIR J14 Aviron du 9 f\u00e9vrier 2025 s&rsquo;est d\u00e9roul\u00e9e \u00e0 Marignane, un \u00e9v\u00e9nement majeur pour les jeunes [&hellip;]<\/p>\n","protected":false},"author":391,"featured_media":74292,"comment_status":"open","ping_status":"open","sticky":false,"template":"","format":"standard","meta":{"footnotes":""},"categories":[20,5647,25,14],"tags":[174],"class_list":["post-74290","post","type-post","status-publish","format-standard","has-post-thumbnail","hentry","category-a-la-une","category-gerardmer-autres-sites","category-gerardmer","category-sport","tag-asg-aviron"],"acf":[],"yoast_head":"<!-- This site is optimized with the Yoast SEO plugin v22.5 - https:\/\/yoast.com\/wordpress\/plugins\/seo\/ -->\n<title>Aviron - L\u00e9onie Pointeau &amp; Ma\u00ebli Sutty ram\u00e8nent le bronze de la R\u00e9gate Duel AVENIR J14 - Gerardmer Info<\/title>\n<meta name=\"robots\" content=\"index, follow, max-snippet:-1, max-image-preview:large, max-video-preview:-1\" \/>\n<link rel=\"canonical\" href=\"https:\/\/vosgesinfo.fr\/gerardmerinfo\/2025\/02\/aviron-belle-prestation-de-lasg-a-la-regate-duel-avenir-j14\/\" \/>\n<meta name=\"twitter:card\" content=\"summary_large_image\" \/>\n<meta name=\"twitter:title\" content=\"Aviron - L\u00e9onie Pointeau &amp; Ma\u00ebli Sutty ram\u00e8nent le bronze de la R\u00e9gate Duel AVENIR J14 - Gerardmer Info\" \/>\n<meta name=\"twitter:description\" content=\"La R\u00e9gate Duel AVENIR J14 Aviron du 9 f\u00e9vrier 2025 s&rsquo;est d\u00e9roul\u00e9e \u00e0 Marignane, un \u00e9v\u00e9nement majeur pour les jeunes [&hellip;]\" \/>\n<meta name=\"twitter:image\" content=\"https:\/\/vosgesinfo.fr\/app\/uploads\/sites\/6\/2025\/02\/course-serie-du-matin-leonie-2eme-et-maeli-6eme-en-partant-de-la-gauche.jpg\" \/>\n<meta name=\"twitter:creator\" content=\"@VosgesInfo88\" \/>\n<meta name=\"twitter:site\" content=\"@VosgesInfo88\" \/>\n<meta name=\"twitter:label1\" content=\"\u00c9crit par\" \/>\n\t<meta name=\"twitter:data1\" content=\"La redaction\" \/>\n\t<meta name=\"twitter:label2\" content=\"Dur\u00e9e de lecture estim\u00e9e\" \/>\n\t<meta name=\"twitter:data2\" content=\"2 minutes\" \/>\n<script type=\"application\/ld+json\" class=\"yoast-schema-graph\">{\"@context\":\"https:\/\/schema.org\",\"@graph\":[{\"@type\":\"Article\",\"@id\":\"https:\/\/vosgesinfo.fr\/gerardmerinfo\/2025\/02\/aviron-belle-prestation-de-lasg-a-la-regate-duel-avenir-j14\/#article\",\"isPartOf\":{\"@id\":\"https:\/\/vosgesinfo.fr\/gerardmerinfo\/2025\/02\/aviron-belle-prestation-de-lasg-a-la-regate-duel-avenir-j14\/\"},\"author\":{\"name\":\"La redaction\",\"@id\":\"https:\/\/vosgesinfo.fr\/gerardmerinfo\/#\/schema\/person\/27a3695b06db98895b354c0765cdfc31\"},\"headline\":\"Aviron &#8211; L\u00e9onie Pointeau &#038; Ma\u00ebli Sutty ram\u00e8nent le bronze de la R\u00e9gate Duel AVENIR J14\",\"datePublished\":\"2025-02-14T11:10:23+00:00\",\"dateModified\":\"2025-02-14T17:21:32+00:00\",\"mainEntityOfPage\":{\"@id\":\"https:\/\/vosgesinfo.fr\/gerardmerinfo\/2025\/02\/aviron-belle-prestation-de-lasg-a-la-regate-duel-avenir-j14\/\"},\"wordCount\":283,\"commentCount\":1,\"publisher\":{\"@id\":\"https:\/\/vosgesinfo.fr\/gerardmerinfo\/#organization\"},\"image\":{\"@id\":\"https:\/\/vosgesinfo.fr\/gerardmerinfo\/2025\/02\/aviron-belle-prestation-de-lasg-a-la-regate-duel-avenir-j14\/#primaryimage\"},\"thumbnailUrl\":\"https:\/\/vosgesinfo.fr\/app\/uploads\/sites\/6\/2025\/02\/course-serie-du-matin-leonie-2eme-et-maeli-6eme-en-partant-de-la-gauche.jpg\",\"keywords\":[\"asg aviron\"],\"articleSection\":[\"A la une\",\"Gerardmer\",\"G\u00e9rardmer\",\"Sport\"],\"inLanguage\":\"fr-FR\",\"potentialAction\":[{\"@type\":\"CommentAction\",\"name\":\"Comment\",\"target\":[\"https:\/\/vosgesinfo.fr\/gerardmerinfo\/2025\/02\/aviron-belle-prestation-de-lasg-a-la-regate-duel-avenir-j14\/#respond\"]}]},{\"@type\":\"WebPage\",\"@id\":\"https:\/\/vosgesinfo.fr\/gerardmerinfo\/2025\/02\/aviron-belle-prestation-de-lasg-a-la-regate-duel-avenir-j14\/\",\"url\":\"https:\/\/vosgesinfo.fr\/gerardmerinfo\/2025\/02\/aviron-belle-prestation-de-lasg-a-la-regate-duel-avenir-j14\/\",\"name\":\"Aviron - L\u00e9onie Pointeau & Ma\u00ebli Sutty ram\u00e8nent le bronze de la R\u00e9gate Duel AVENIR J14 - Gerardmer Info\",\"isPartOf\":{\"@id\":\"https:\/\/vosgesinfo.fr\/gerardmerinfo\/#website\"},\"primaryImageOfPage\":{\"@id\":\"https:\/\/vosgesinfo.fr\/gerardmerinfo\/2025\/02\/aviron-belle-prestation-de-lasg-a-la-regate-duel-avenir-j14\/#primaryimage\"},\"image\":{\"@id\":\"https:\/\/vosgesinfo.fr\/gerardmerinfo\/2025\/02\/aviron-belle-prestation-de-lasg-a-la-regate-duel-avenir-j14\/#primaryimage\"},\"thumbnailUrl\":\"https:\/\/vosgesinfo.fr\/app\/uploads\/sites\/6\/2025\/02\/course-serie-du-matin-leonie-2eme-et-maeli-6eme-en-partant-de-la-gauche.jpg\",\"datePublished\":\"2025-02-14T11:10:23+00:00\",\"dateModified\":\"2025-02-14T17:21:32+00:00\",\"breadcrumb\":{\"@id\":\"https:\/\/vosgesinfo.fr\/gerardmerinfo\/2025\/02\/aviron-belle-prestation-de-lasg-a-la-regate-duel-avenir-j14\/#breadcrumb\"},\"inLanguage\":\"fr-FR\",\"potentialAction\":[{\"@type\":\"ReadAction\",\"target\":[\"https:\/\/vosgesinfo.fr\/gerardmerinfo\/2025\/02\/aviron-belle-prestation-de-lasg-a-la-regate-duel-avenir-j14\/\"]}]},{\"@type\":\"ImageObject\",\"inLanguage\":\"fr-FR\",\"@id\":\"https:\/\/vosgesinfo.fr\/gerardmerinfo\/2025\/02\/aviron-belle-prestation-de-lasg-a-la-regate-duel-avenir-j14\/#primaryimage\",\"url\":\"https:\/\/vosgesinfo.fr\/app\/uploads\/sites\/6\/2025\/02\/course-serie-du-matin-leonie-2eme-et-maeli-6eme-en-partant-de-la-gauche.jpg\",\"contentUrl\":\"https:\/\/vosgesinfo.fr\/app\/uploads\/sites\/6\/2025\/02\/course-serie-du-matin-leonie-2eme-et-maeli-6eme-en-partant-de-la-gauche.jpg\",\"width\":720,\"height\":403,\"caption\":\"Course s\u00e9rie du matin L\u00e9onie 2eme et Maeli 6eme en partant de la gauche\"},{\"@type\":\"BreadcrumbList\",\"@id\":\"https:\/\/vosgesinfo.fr\/gerardmerinfo\/2025\/02\/aviron-belle-prestation-de-lasg-a-la-regate-duel-avenir-j14\/#breadcrumb\",\"itemListElement\":[{\"@type\":\"ListItem\",\"position\":1,\"name\":\"Home\",\"item\":\"https:\/\/vosgesinfo.fr\/gerardmerinfo\/\"},{\"@type\":\"ListItem\",\"position\":2,\"name\":\"Aviron &#8211; L\u00e9onie Pointeau &#038; Ma\u00ebli Sutty ram\u00e8nent le bronze de la R\u00e9gate Duel AVENIR J14\"}]},{\"@type\":\"WebSite\",\"@id\":\"https:\/\/vosgesinfo.fr\/gerardmerinfo\/#website\",\"url\":\"https:\/\/vosgesinfo.fr\/gerardmerinfo\/\",\"name\":\"Gerardmer Info\",\"description\":\"Toute l&#039;actualit\u00e9 de G\u00e9rardmer\",\"publisher\":{\"@id\":\"https:\/\/vosgesinfo.fr\/gerardmerinfo\/#organization\"},\"alternateName\":\"Toute l'actualit\u00e9 de G\u00e9rardmer\",\"potentialAction\":[{\"@type\":\"SearchAction\",\"target\":{\"@type\":\"EntryPoint\",\"urlTemplate\":\"https:\/\/vosgesinfo.fr\/gerardmerinfo\/?s={search_term_string}\"},\"query-input\":\"required name=search_term_string\"}],\"inLanguage\":\"fr-FR\"},{\"@type\":\"Organization\",\"@id\":\"https:\/\/vosgesinfo.fr\/gerardmerinfo\/#organization\",\"name\":\"Gerardmer Info\",\"url\":\"https:\/\/vosgesinfo.fr\/gerardmerinfo\/\",\"logo\":{\"@type\":\"ImageObject\",\"inLanguage\":\"fr-FR\",\"@id\":\"https:\/\/vosgesinfo.fr\/gerardmerinfo\/#\/schema\/logo\/image\/\",\"url\":\"https:\/\/vosgesinfo.fr\/app\/uploads\/sites\/6\/2023\/08\/favicon-gerardmerinfo.png\",\"contentUrl\":\"https:\/\/vosgesinfo.fr\/app\/uploads\/sites\/6\/2023\/08\/favicon-gerardmerinfo.png\",\"width\":512,\"height\":512,\"caption\":\"Gerardmer Info\"},\"image\":{\"@id\":\"https:\/\/vosgesinfo.fr\/gerardmerinfo\/#\/schema\/logo\/image\/\"},\"sameAs\":[\"https:\/\/www.facebook.com\/profile.php?id=100049475262660\",\"https:\/\/x.com\/VosgesInfo88\",\"https:\/\/www.youtube.com\/@vosgesinfo\"]},{\"@type\":\"Person\",\"@id\":\"https:\/\/vosgesinfo.fr\/gerardmerinfo\/#\/schema\/person\/27a3695b06db98895b354c0765cdfc31\",\"name\":\"La redaction\",\"image\":{\"@type\":\"ImageObject\",\"inLanguage\":\"fr-FR\",\"@id\":\"https:\/\/vosgesinfo.fr\/gerardmerinfo\/#\/schema\/person\/image\/\",\"url\":\"https:\/\/secure.gravatar.com\/avatar\/64c76a78e501cedee55736f43f332df901e1896ae9cd8fad269ae2236dd0e8b6?s=96&d=mm&r=g\",\"contentUrl\":\"https:\/\/secure.gravatar.com\/avatar\/64c76a78e501cedee55736f43f332df901e1896ae9cd8fad269ae2236dd0e8b6?s=96&d=mm&r=g\",\"caption\":\"La redaction\"},\"url\":\"https:\/\/vosgesinfo.fr\/gerardmerinfo\/author\/la-redaction\/\"}]}<\/script>\n<!-- \/ Yoast SEO plugin. -->","yoast_head_json":{"title":"Aviron - L\u00e9onie Pointeau & Ma\u00ebli Sutty ram\u00e8nent le bronze de la R\u00e9gate Duel AVENIR J14 - Gerardmer Info","robots":{"index":"index","follow":"follow","max-snippet":"max-snippet:-1","max-image-preview":"max-image-preview:large","max-video-preview":"max-video-preview:-1"},"canonical":"https:\/\/vosgesinfo.fr\/gerardmerinfo\/2025\/02\/aviron-belle-prestation-de-lasg-a-la-regate-duel-avenir-j14\/","twitter_card":"summary_large_image","twitter_title":"Aviron - L\u00e9onie Pointeau & Ma\u00ebli Sutty ram\u00e8nent le bronze de la R\u00e9gate Duel AVENIR J14 - Gerardmer Info","twitter_description":"La R\u00e9gate Duel AVENIR J14 Aviron du 9 f\u00e9vrier 2025 s&rsquo;est d\u00e9roul\u00e9e \u00e0 Marignane, un \u00e9v\u00e9nement majeur pour les jeunes [&hellip;]","twitter_image":"https:\/\/vosgesinfo.fr\/app\/uploads\/sites\/6\/2025\/02\/course-serie-du-matin-leonie-2eme-et-maeli-6eme-en-partant-de-la-gauche.jpg","twitter_creator":"@VosgesInfo88","twitter_site":"@VosgesInfo88","twitter_misc":{"\u00c9crit par":"La redaction","Dur\u00e9e de lecture estim\u00e9e":"2 minutes"},"schema":{"@context":"https:\/\/schema.org","@graph":[{"@type":"Article","@id":"https:\/\/vosgesinfo.fr\/gerardmerinfo\/2025\/02\/aviron-belle-prestation-de-lasg-a-la-regate-duel-avenir-j14\/#article","isPartOf":{"@id":"https:\/\/vosgesinfo.fr\/gerardmerinfo\/2025\/02\/aviron-belle-prestation-de-lasg-a-la-regate-duel-avenir-j14\/"},"author":{"name":"La redaction","@id":"https:\/\/vosgesinfo.fr\/gerardmerinfo\/#\/schema\/person\/27a3695b06db98895b354c0765cdfc31"},"headline":"Aviron &#8211; L\u00e9onie Pointeau &#038; Ma\u00ebli Sutty ram\u00e8nent le bronze de la R\u00e9gate Duel AVENIR J14","datePublished":"2025-02-14T11:10:23+00:00","dateModified":"2025-02-14T17:21:32+00:00","mainEntityOfPage":{"@id":"https:\/\/vosgesinfo.fr\/gerardmerinfo\/2025\/02\/aviron-belle-prestation-de-lasg-a-la-regate-duel-avenir-j14\/"},"wordCount":283,"commentCount":1,"publisher":{"@id":"https:\/\/vosgesinfo.fr\/gerardmerinfo\/#organization"},"image":{"@id":"https:\/\/vosgesinfo.fr\/gerardmerinfo\/2025\/02\/aviron-belle-prestation-de-lasg-a-la-regate-duel-avenir-j14\/#primaryimage"},"thumbnailUrl":"https:\/\/vosgesinfo.fr\/app\/uploads\/sites\/6\/2025\/02\/course-serie-du-matin-leonie-2eme-et-maeli-6eme-en-partant-de-la-gauche.jpg","keywords":["asg aviron"],"articleSection":["A la une","Gerardmer","G\u00e9rardmer","Sport"],"inLanguage":"fr-FR","potentialAction":[{"@type":"CommentAction","name":"Comment","target":["https:\/\/vosgesinfo.fr\/gerardmerinfo\/2025\/02\/aviron-belle-prestation-de-lasg-a-la-regate-duel-avenir-j14\/#respond"]}]},{"@type":"WebPage","@id":"https:\/\/vosgesinfo.fr\/gerardmerinfo\/2025\/02\/aviron-belle-prestation-de-lasg-a-la-regate-duel-avenir-j14\/","url":"https:\/\/vosgesinfo.fr\/gerardmerinfo\/2025\/02\/aviron-belle-prestation-de-lasg-a-la-regate-duel-avenir-j14\/","name":"Aviron - L\u00e9onie Pointeau & Ma\u00ebli Sutty ram\u00e8nent le bronze de la R\u00e9gate Duel AVENIR J14 - Gerardmer Info","isPartOf":{"@id":"https:\/\/vosgesinfo.fr\/gerardmerinfo\/#website"},"primaryImageOfPage":{"@id":"https:\/\/vosgesinfo.fr\/gerardmerinfo\/2025\/02\/aviron-belle-prestation-de-lasg-a-la-regate-duel-avenir-j14\/#primaryimage"},"image":{"@id":"https:\/\/vosgesinfo.fr\/gerardmerinfo\/2025\/02\/aviron-belle-prestation-de-lasg-a-la-regate-duel-avenir-j14\/#primaryimage"},"thumbnailUrl":"https:\/\/vosgesinfo.fr\/app\/uploads\/sites\/6\/2025\/02\/course-serie-du-matin-leonie-2eme-et-maeli-6eme-en-partant-de-la-gauche.jpg","datePublished":"2025-02-14T11:10:23+00:00","dateModified":"2025-02-14T17:21:32+00:00","breadcrumb":{"@id":"https:\/\/vosgesinfo.fr\/gerardmerinfo\/2025\/02\/aviron-belle-prestation-de-lasg-a-la-regate-duel-avenir-j14\/#breadcrumb"},"inLanguage":"fr-FR","potentialAction":[{"@type":"ReadAction","target":["https:\/\/vosgesinfo.fr\/gerardmerinfo\/2025\/02\/aviron-belle-prestation-de-lasg-a-la-regate-duel-avenir-j14\/"]}]},{"@type":"ImageObject","inLanguage":"fr-FR","@id":"https:\/\/vosgesinfo.fr\/gerardmerinfo\/2025\/02\/aviron-belle-prestation-de-lasg-a-la-regate-duel-avenir-j14\/#primaryimage","url":"https:\/\/vosgesinfo.fr\/app\/uploads\/sites\/6\/2025\/02\/course-serie-du-matin-leonie-2eme-et-maeli-6eme-en-partant-de-la-gauche.jpg","contentUrl":"https:\/\/vosgesinfo.fr\/app\/uploads\/sites\/6\/2025\/02\/course-serie-du-matin-leonie-2eme-et-maeli-6eme-en-partant-de-la-gauche.jpg","width":720,"height":403,"caption":"Course s\u00e9rie du matin L\u00e9onie 2eme et Maeli 6eme en partant de la gauche"},{"@type":"BreadcrumbList","@id":"https:\/\/vosgesinfo.fr\/gerardmerinfo\/2025\/02\/aviron-belle-prestation-de-lasg-a-la-regate-duel-avenir-j14\/#breadcrumb","itemListElement":[{"@type":"ListItem","position":1,"name":"Home","item":"https:\/\/vosgesinfo.fr\/gerardmerinfo\/"},{"@type":"ListItem","position":2,"name":"Aviron &#8211; L\u00e9onie Pointeau &#038; Ma\u00ebli Sutty ram\u00e8nent le bronze de la R\u00e9gate Duel AVENIR J14"}]},{"@type":"WebSite","@id":"https:\/\/vosgesinfo.fr\/gerardmerinfo\/#website","url":"https:\/\/vosgesinfo.fr\/gerardmerinfo\/","name":"Gerardmer Info","description":"Toute l&#039;actualit\u00e9 de G\u00e9rardmer","publisher":{"@id":"https:\/\/vosgesinfo.fr\/gerardmerinfo\/#organization"},"alternateName":"Toute l'actualit\u00e9 de G\u00e9rardmer","potentialAction":[{"@type":"SearchAction","target":{"@type":"EntryPoint","urlTemplate":"https:\/\/vosgesinfo.fr\/gerardmerinfo\/?s={search_term_string}"},"query-input":"required name=search_term_string"}],"inLanguage":"fr-FR"},{"@type":"Organization","@id":"https:\/\/vosgesinfo.fr\/gerardmerinfo\/#organization","name":"Gerardmer Info","url":"https:\/\/vosgesinfo.fr\/gerardmerinfo\/","logo":{"@type":"ImageObject","inLanguage":"fr-FR","@id":"https:\/\/vosgesinfo.fr\/gerardmerinfo\/#\/schema\/logo\/image\/","url":"https:\/\/vosgesinfo.fr\/app\/uploads\/sites\/6\/2023\/08\/favicon-gerardmerinfo.png","contentUrl":"https:\/\/vosgesinfo.fr\/app\/uploads\/sites\/6\/2023\/08\/favicon-gerardmerinfo.png","width":512,"height":512,"caption":"Gerardmer Info"},"image":{"@id":"https:\/\/vosgesinfo.fr\/gerardmerinfo\/#\/schema\/logo\/image\/"},"sameAs":["https:\/\/www.facebook.com\/profile.php?id=100049475262660","https:\/\/x.com\/VosgesInfo88","https:\/\/www.youtube.com\/@vosgesinfo"]},{"@type":"Person","@id":"https:\/\/vosgesinfo.fr\/gerardmerinfo\/#\/schema\/person\/27a3695b06db98895b354c0765cdfc31","name":"La redaction","image":{"@type":"ImageObject","inLanguage":"fr-FR","@id":"https:\/\/vosgesinfo.fr\/gerardmerinfo\/#\/schema\/person\/image\/","url":"https:\/\/secure.gravatar.com\/avatar\/64c76a78e501cedee55736f43f332df901e1896ae9cd8fad269ae2236dd0e8b6?s=96&d=mm&r=g","contentUrl":"https:\/\/secure.gravatar.com\/avatar\/64c76a78e501cedee55736f43f332df901e1896ae9cd8fad269ae2236dd0e8b6?s=96&d=mm&r=g","caption":"La redaction"},"url":"https:\/\/vosgesinfo.fr\/gerardmerinfo\/author\/la-redaction\/"}]}},"_links":{"self":[{"href":"https:\/\/vosgesinfo.fr\/gerardmerinfo\/wp-json\/wp\/v2\/posts\/74290","targetHints":{"allow":["GET"]}}],"collection":[{"href":"https:\/\/vosgesinfo.fr\/gerardmerinfo\/wp-json\/wp\/v2\/posts"}],"about":[{"href":"https:\/\/vosgesinfo.fr\/gerardmerinfo\/wp-json\/wp\/v2\/types\/post"}],"author":[{"embeddable":true,"href":"https:\/\/vosgesinfo.fr\/gerardmerinfo\/wp-json\/wp\/v2\/users\/391"}],"replies":[{"embeddable":true,"href":"https:\/\/vosgesinfo.fr\/gerardmerinfo\/wp-json\/wp\/v2\/comments?post=74290"}],"version-history":[{"count":6,"href":"https:\/\/vosgesinfo.fr\/gerardmerinfo\/wp-json\/wp\/v2\/posts\/74290\/revisions"}],"predecessor-version":[{"id":74357,"href":"https:\/\/vosgesinfo.fr\/gerardmerinfo\/wp-json\/wp\/v2\/posts\/74290\/revisions\/74357"}],"wp:featuredmedia":[{"embeddable":true,"href":"https:\/\/vosgesinfo.fr\/gerardmerinfo\/wp-json\/wp\/v2\/media\/74292"}],"wp:attachment":[{"href":"https:\/\/vosgesinfo.fr\/gerardmerinfo\/wp-json\/wp\/v2\/media?parent=74290"}],"wp:term":[{"taxonomy":"category","embeddable":true,"href":"https:\/\/vosgesinfo.fr\/gerardmerinfo\/wp-json\/wp\/v2\/categories?post=74290"},{"taxonomy":"post_tag","embeddable":true,"href":"https:\/\/vosgesinfo.fr\/gerardmerinfo\/wp-json\/wp\/v2\/tags?post=74290"}],"curies":[{"name":"wp","href":"https:\/\/api.w.org\/{rel}","templated":true}]}}