{"id":74306,"date":"2025-02-13T09:24:47","date_gmt":"2025-02-13T08:24:47","guid":{"rendered":"https:\/\/vosgesinfo.fr\/gerardmerinfo\/?p=74306"},"modified":"2025-02-13T09:24:47","modified_gmt":"2025-02-13T08:24:47","slug":"neige-et-regel-les-vosges-en-vigilance-jaune","status":"publish","type":"post","link":"https:\/\/vosgesinfo.fr\/gerardmerinfo\/2025\/02\/neige-et-regel-les-vosges-en-vigilance-jaune\/","title":{"rendered":"Neige et regel\u00a0: les Vosges en vigilance jaune"},"content":{"rendered":"<div id=\"attachment_73971\" style=\"width: 1034px\" class=\"wp-caption alignnone\"><a href=\"https:\/\/vosgesinfo.fr\/app\/uploads\/sites\/4\/2025\/02\/col-bonhomme-13022025.jpg\"><img decoding=\"async\" aria-describedby=\"caption-attachment-73971\" class=\"size-large wp-image-73971\" src=\"https:\/\/vosgesinfo.fr\/app\/uploads\/sites\/4\/2025\/02\/col-bonhomme-13022025-1024x609.jpg\" alt=\"\" width=\"1024\" height=\"609\" \/><\/a><p id=\"caption-attachment-73971\" class=\"wp-caption-text\">(Le col du Bonhomme ce jeudi matin)<\/p><\/div>\n<h2>Le d\u00e9partement des <strong>Vosges<\/strong> est plac\u00e9 en <strong>vigilance jaune<\/strong> ce jeudi \u00e0 partir de 18h et jusqu&rsquo;\u00e0 10h demain matin en raison de <strong>chutes de neige<\/strong> et de <strong>risques de regel<\/strong>. Prudence donc sur la route, en particulier dans les <strong>cols o\u00f9 la circulation est actuellement difficile.<\/strong><\/h2>\n<p><!--more--><\/p>\n<p>Les conditions m\u00e9t\u00e9orologiques pourraient compliquer la circulation, notamment durant la nuit et en d\u00e9but de matin\u00e9e. Les derni\u00e8res pr\u00e9visions m\u00e9t\u00e9o annoncent des <strong>flocons jusqu\u2019en plaine<\/strong> entre jeudi soir et vendredi matin. L\u2019accumulation de neige restera mod\u00e9r\u00e9e, avec <strong>1 \u00e0 2 centim\u00e8tres en plaine<\/strong> et jusqu\u2019\u00e0 <strong>5 centim\u00e8tres en altitude<\/strong>. Toutefois, les <strong>temp\u00e9ratures n\u00e9gatives<\/strong> attendues favoriseront le <strong>regel des chauss\u00e9es humides<\/strong>, rendant certaines routes glissantes.<\/p>\n<p>La Pr\u00e9fecture appelle les automobilistes \u00e0 la plus grande <strong>prudence<\/strong>, notamment sur les axes secondaires et les zones en altitude, o\u00f9 la <strong>circulation pourrait \u00eatre d\u00e9licate<\/strong>. Il est conseill\u00e9 d\u2019adapter sa conduite et de v\u00e9rifier l\u2019\u00e9tat des routes avant tout d\u00e9placement.<\/p>\n<p>Pour rappel, <a href=\"https:\/\/vosges.maps.arcgis.com\/apps\/MapSeries\/index.html?appid=352263b320cc40edb65f1ed942e1d2bb\" target=\"_blank\" rel=\"noopener\"><strong>Inforoute 88<\/strong> permet de suivre en temps r\u00e9el les <strong>conditions de circulation sur les routes du d\u00e9partement.<\/strong><\/a><\/p>\n","protected":false},"excerpt":{"rendered":"<p>Le d\u00e9partement des Vosges est plac\u00e9 en vigilance jaune ce jeudi \u00e0 partir de 18h et jusqu&rsquo;\u00e0 10h demain matin [&hellip;]<\/p>\n","protected":false},"author":46,"featured_media":74307,"comment_status":"open","ping_status":"open","sticky":false,"template":"","format":"standard","meta":{"footnotes":""},"categories":[20,878,25,328,868,908,18],"tags":[6064,1566,526,6671,6066],"class_list":["post-74306","post","type-post","status-publish","format-standard","has-post-thumbnail","hentry","category-a-la-une","category-epinal","category-gerardmer","category-la-plaine-des-vosges","category-remiremont","category-saint-die-des-vosges-et-son-agglomeration","category-vosges","tag-meteo-france","tag-neige","tag-prefecture-des-vosges","tag-regel","tag-vigilance-jaune"],"acf":[],"yoast_head":"<!-- This site is optimized with the Yoast SEO plugin v22.5 - https:\/\/yoast.com\/wordpress\/plugins\/seo\/ -->\n<title>Neige et regel\u00a0: les Vosges en vigilance jaune - Gerardmer Info<\/title>\n<meta name=\"robots\" content=\"index, follow, max-snippet:-1, max-image-preview:large, max-video-preview:-1\" \/>\n<link rel=\"canonical\" href=\"https:\/\/vosgesinfo.fr\/gerardmerinfo\/2025\/02\/neige-et-regel-les-vosges-en-vigilance-jaune\/\" \/>\n<meta name=\"twitter:card\" content=\"summary_large_image\" \/>\n<meta name=\"twitter:title\" content=\"Neige et regel\u00a0: les Vosges en vigilance jaune - Gerardmer Info\" \/>\n<meta name=\"twitter:description\" content=\"Le d\u00e9partement des Vosges est plac\u00e9 en vigilance jaune ce jeudi \u00e0 partir de 18h et jusqu&rsquo;\u00e0 10h demain matin [&hellip;]\" \/>\n<meta name=\"twitter:image\" content=\"https:\/\/vosgesinfo.fr\/app\/uploads\/sites\/6\/2025\/02\/col-bonhomme-13022025.jpg\" \/>\n<meta name=\"twitter:creator\" content=\"@VosgesInfo88\" \/>\n<meta name=\"twitter:site\" content=\"@VosgesInfo88\" \/>\n<meta name=\"twitter:label1\" content=\"\u00c9crit par\" \/>\n\t<meta name=\"twitter:data1\" content=\"J.J.\" \/>\n\t<meta name=\"twitter:label2\" content=\"Dur\u00e9e de lecture estim\u00e9e\" \/>\n\t<meta name=\"twitter:data2\" content=\"1 minute\" \/>\n<script type=\"application\/ld+json\" class=\"yoast-schema-graph\">{\"@context\":\"https:\/\/schema.org\",\"@graph\":[{\"@type\":\"Article\",\"@id\":\"https:\/\/vosgesinfo.fr\/gerardmerinfo\/2025\/02\/neige-et-regel-les-vosges-en-vigilance-jaune\/#article\",\"isPartOf\":{\"@id\":\"https:\/\/vosgesinfo.fr\/gerardmerinfo\/2025\/02\/neige-et-regel-les-vosges-en-vigilance-jaune\/\"},\"author\":{\"name\":\"J.J.\",\"@id\":\"https:\/\/vosgesinfo.fr\/gerardmerinfo\/#\/schema\/person\/fa73e9f726d67bb88f46d5b7943cb572\"},\"headline\":\"Neige et regel\u00a0: les Vosges en vigilance jaune\",\"datePublished\":\"2025-02-13T08:24:47+00:00\",\"dateModified\":\"2025-02-13T08:24:47+00:00\",\"mainEntityOfPage\":{\"@id\":\"https:\/\/vosgesinfo.fr\/gerardmerinfo\/2025\/02\/neige-et-regel-les-vosges-en-vigilance-jaune\/\"},\"wordCount\":212,\"commentCount\":1,\"publisher\":{\"@id\":\"https:\/\/vosgesinfo.fr\/gerardmerinfo\/#organization\"},\"image\":{\"@id\":\"https:\/\/vosgesinfo.fr\/gerardmerinfo\/2025\/02\/neige-et-regel-les-vosges-en-vigilance-jaune\/#primaryimage\"},\"thumbnailUrl\":\"https:\/\/vosgesinfo.fr\/app\/uploads\/sites\/6\/2025\/02\/col-bonhomme-13022025.jpg\",\"keywords\":[\"M\u00e9t\u00e9o France\",\"neige\",\"prefecture des vosges\",\"Regel\",\"vigilance jaune\"],\"articleSection\":[\"A la une\",\"Epinal\",\"G\u00e9rardmer\",\"La plaine des vosges\",\"Remiremont\",\"Saint-Di\u00e9-des-Vosges et son Agglom\u00e9ration\",\"Vosges\"],\"inLanguage\":\"fr-FR\",\"potentialAction\":[{\"@type\":\"CommentAction\",\"name\":\"Comment\",\"target\":[\"https:\/\/vosgesinfo.fr\/gerardmerinfo\/2025\/02\/neige-et-regel-les-vosges-en-vigilance-jaune\/#respond\"]}]},{\"@type\":\"WebPage\",\"@id\":\"https:\/\/vosgesinfo.fr\/gerardmerinfo\/2025\/02\/neige-et-regel-les-vosges-en-vigilance-jaune\/\",\"url\":\"https:\/\/vosgesinfo.fr\/gerardmerinfo\/2025\/02\/neige-et-regel-les-vosges-en-vigilance-jaune\/\",\"name\":\"Neige et regel\u00a0: les Vosges en vigilance jaune - Gerardmer Info\",\"isPartOf\":{\"@id\":\"https:\/\/vosgesinfo.fr\/gerardmerinfo\/#website\"},\"primaryImageOfPage\":{\"@id\":\"https:\/\/vosgesinfo.fr\/gerardmerinfo\/2025\/02\/neige-et-regel-les-vosges-en-vigilance-jaune\/#primaryimage\"},\"image\":{\"@id\":\"https:\/\/vosgesinfo.fr\/gerardmerinfo\/2025\/02\/neige-et-regel-les-vosges-en-vigilance-jaune\/#primaryimage\"},\"thumbnailUrl\":\"https:\/\/vosgesinfo.fr\/app\/uploads\/sites\/6\/2025\/02\/col-bonhomme-13022025.jpg\",\"datePublished\":\"2025-02-13T08:24:47+00:00\",\"dateModified\":\"2025-02-13T08:24:47+00:00\",\"breadcrumb\":{\"@id\":\"https:\/\/vosgesinfo.fr\/gerardmerinfo\/2025\/02\/neige-et-regel-les-vosges-en-vigilance-jaune\/#breadcrumb\"},\"inLanguage\":\"fr-FR\",\"potentialAction\":[{\"@type\":\"ReadAction\",\"target\":[\"https:\/\/vosgesinfo.fr\/gerardmerinfo\/2025\/02\/neige-et-regel-les-vosges-en-vigilance-jaune\/\"]}]},{\"@type\":\"ImageObject\",\"inLanguage\":\"fr-FR\",\"@id\":\"https:\/\/vosgesinfo.fr\/gerardmerinfo\/2025\/02\/neige-et-regel-les-vosges-en-vigilance-jaune\/#primaryimage\",\"url\":\"https:\/\/vosgesinfo.fr\/app\/uploads\/sites\/6\/2025\/02\/col-bonhomme-13022025.jpg\",\"contentUrl\":\"https:\/\/vosgesinfo.fr\/app\/uploads\/sites\/6\/2025\/02\/col-bonhomme-13022025.jpg\",\"width\":1551,\"height\":922},{\"@type\":\"BreadcrumbList\",\"@id\":\"https:\/\/vosgesinfo.fr\/gerardmerinfo\/2025\/02\/neige-et-regel-les-vosges-en-vigilance-jaune\/#breadcrumb\",\"itemListElement\":[{\"@type\":\"ListItem\",\"position\":1,\"name\":\"Home\",\"item\":\"https:\/\/vosgesinfo.fr\/gerardmerinfo\/\"},{\"@type\":\"ListItem\",\"position\":2,\"name\":\"Neige et regel\u00a0: les Vosges en vigilance jaune\"}]},{\"@type\":\"WebSite\",\"@id\":\"https:\/\/vosgesinfo.fr\/gerardmerinfo\/#website\",\"url\":\"https:\/\/vosgesinfo.fr\/gerardmerinfo\/\",\"name\":\"Gerardmer Info\",\"description\":\"Toute l&#039;actualit\u00e9 de G\u00e9rardmer\",\"publisher\":{\"@id\":\"https:\/\/vosgesinfo.fr\/gerardmerinfo\/#organization\"},\"alternateName\":\"Toute l'actualit\u00e9 de G\u00e9rardmer\",\"potentialAction\":[{\"@type\":\"SearchAction\",\"target\":{\"@type\":\"EntryPoint\",\"urlTemplate\":\"https:\/\/vosgesinfo.fr\/gerardmerinfo\/?s={search_term_string}\"},\"query-input\":\"required name=search_term_string\"}],\"inLanguage\":\"fr-FR\"},{\"@type\":\"Organization\",\"@id\":\"https:\/\/vosgesinfo.fr\/gerardmerinfo\/#organization\",\"name\":\"Gerardmer Info\",\"url\":\"https:\/\/vosgesinfo.fr\/gerardmerinfo\/\",\"logo\":{\"@type\":\"ImageObject\",\"inLanguage\":\"fr-FR\",\"@id\":\"https:\/\/vosgesinfo.fr\/gerardmerinfo\/#\/schema\/logo\/image\/\",\"url\":\"https:\/\/vosgesinfo.fr\/app\/uploads\/sites\/6\/2023\/08\/favicon-gerardmerinfo.png\",\"contentUrl\":\"https:\/\/vosgesinfo.fr\/app\/uploads\/sites\/6\/2023\/08\/favicon-gerardmerinfo.png\",\"width\":512,\"height\":512,\"caption\":\"Gerardmer Info\"},\"image\":{\"@id\":\"https:\/\/vosgesinfo.fr\/gerardmerinfo\/#\/schema\/logo\/image\/\"},\"sameAs\":[\"https:\/\/www.facebook.com\/profile.php?id=100049475262660\",\"https:\/\/x.com\/VosgesInfo88\",\"https:\/\/www.youtube.com\/@vosgesinfo\"]},{\"@type\":\"Person\",\"@id\":\"https:\/\/vosgesinfo.fr\/gerardmerinfo\/#\/schema\/person\/fa73e9f726d67bb88f46d5b7943cb572\",\"name\":\"J.J.\",\"image\":{\"@type\":\"ImageObject\",\"inLanguage\":\"fr-FR\",\"@id\":\"https:\/\/vosgesinfo.fr\/gerardmerinfo\/#\/schema\/person\/image\/\",\"url\":\"https:\/\/secure.gravatar.com\/avatar\/219e749e47ffbcca018a360ae4add7d4cdf1cdaaf8bc7676b27efade3fe65615?s=96&d=mm&r=g\",\"contentUrl\":\"https:\/\/secure.gravatar.com\/avatar\/219e749e47ffbcca018a360ae4add7d4cdf1cdaaf8bc7676b27efade3fe65615?s=96&d=mm&r=g\",\"caption\":\"J.J.\"},\"url\":\"https:\/\/vosgesinfo.fr\/gerardmerinfo\/author\/j-j\/\"}]}<\/script>\n<!-- \/ Yoast SEO plugin. -->","yoast_head_json":{"title":"Neige et regel\u00a0: les Vosges en vigilance jaune - Gerardmer Info","robots":{"index":"index","follow":"follow","max-snippet":"max-snippet:-1","max-image-preview":"max-image-preview:large","max-video-preview":"max-video-preview:-1"},"canonical":"https:\/\/vosgesinfo.fr\/gerardmerinfo\/2025\/02\/neige-et-regel-les-vosges-en-vigilance-jaune\/","twitter_card":"summary_large_image","twitter_title":"Neige et regel\u00a0: les Vosges en vigilance jaune - Gerardmer Info","twitter_description":"Le d\u00e9partement des Vosges est plac\u00e9 en vigilance jaune ce jeudi \u00e0 partir de 18h et jusqu&rsquo;\u00e0 10h demain matin [&hellip;]","twitter_image":"https:\/\/vosgesinfo.fr\/app\/uploads\/sites\/6\/2025\/02\/col-bonhomme-13022025.jpg","twitter_creator":"@VosgesInfo88","twitter_site":"@VosgesInfo88","twitter_misc":{"\u00c9crit par":"J.J.","Dur\u00e9e de lecture estim\u00e9e":"1 minute"},"schema":{"@context":"https:\/\/schema.org","@graph":[{"@type":"Article","@id":"https:\/\/vosgesinfo.fr\/gerardmerinfo\/2025\/02\/neige-et-regel-les-vosges-en-vigilance-jaune\/#article","isPartOf":{"@id":"https:\/\/vosgesinfo.fr\/gerardmerinfo\/2025\/02\/neige-et-regel-les-vosges-en-vigilance-jaune\/"},"author":{"name":"J.J.","@id":"https:\/\/vosgesinfo.fr\/gerardmerinfo\/#\/schema\/person\/fa73e9f726d67bb88f46d5b7943cb572"},"headline":"Neige et regel\u00a0: les Vosges en vigilance jaune","datePublished":"2025-02-13T08:24:47+00:00","dateModified":"2025-02-13T08:24:47+00:00","mainEntityOfPage":{"@id":"https:\/\/vosgesinfo.fr\/gerardmerinfo\/2025\/02\/neige-et-regel-les-vosges-en-vigilance-jaune\/"},"wordCount":212,"commentCount":1,"publisher":{"@id":"https:\/\/vosgesinfo.fr\/gerardmerinfo\/#organization"},"image":{"@id":"https:\/\/vosgesinfo.fr\/gerardmerinfo\/2025\/02\/neige-et-regel-les-vosges-en-vigilance-jaune\/#primaryimage"},"thumbnailUrl":"https:\/\/vosgesinfo.fr\/app\/uploads\/sites\/6\/2025\/02\/col-bonhomme-13022025.jpg","keywords":["M\u00e9t\u00e9o France","neige","prefecture des vosges","Regel","vigilance jaune"],"articleSection":["A la une","Epinal","G\u00e9rardmer","La plaine des vosges","Remiremont","Saint-Di\u00e9-des-Vosges et son Agglom\u00e9ration","Vosges"],"inLanguage":"fr-FR","potentialAction":[{"@type":"CommentAction","name":"Comment","target":["https:\/\/vosgesinfo.fr\/gerardmerinfo\/2025\/02\/neige-et-regel-les-vosges-en-vigilance-jaune\/#respond"]}]},{"@type":"WebPage","@id":"https:\/\/vosgesinfo.fr\/gerardmerinfo\/2025\/02\/neige-et-regel-les-vosges-en-vigilance-jaune\/","url":"https:\/\/vosgesinfo.fr\/gerardmerinfo\/2025\/02\/neige-et-regel-les-vosges-en-vigilance-jaune\/","name":"Neige et regel\u00a0: les Vosges en vigilance jaune - Gerardmer Info","isPartOf":{"@id":"https:\/\/vosgesinfo.fr\/gerardmerinfo\/#website"},"primaryImageOfPage":{"@id":"https:\/\/vosgesinfo.fr\/gerardmerinfo\/2025\/02\/neige-et-regel-les-vosges-en-vigilance-jaune\/#primaryimage"},"image":{"@id":"https:\/\/vosgesinfo.fr\/gerardmerinfo\/2025\/02\/neige-et-regel-les-vosges-en-vigilance-jaune\/#primaryimage"},"thumbnailUrl":"https:\/\/vosgesinfo.fr\/app\/uploads\/sites\/6\/2025\/02\/col-bonhomme-13022025.jpg","datePublished":"2025-02-13T08:24:47+00:00","dateModified":"2025-02-13T08:24:47+00:00","breadcrumb":{"@id":"https:\/\/vosgesinfo.fr\/gerardmerinfo\/2025\/02\/neige-et-regel-les-vosges-en-vigilance-jaune\/#breadcrumb"},"inLanguage":"fr-FR","potentialAction":[{"@type":"ReadAction","target":["https:\/\/vosgesinfo.fr\/gerardmerinfo\/2025\/02\/neige-et-regel-les-vosges-en-vigilance-jaune\/"]}]},{"@type":"ImageObject","inLanguage":"fr-FR","@id":"https:\/\/vosgesinfo.fr\/gerardmerinfo\/2025\/02\/neige-et-regel-les-vosges-en-vigilance-jaune\/#primaryimage","url":"https:\/\/vosgesinfo.fr\/app\/uploads\/sites\/6\/2025\/02\/col-bonhomme-13022025.jpg","contentUrl":"https:\/\/vosgesinfo.fr\/app\/uploads\/sites\/6\/2025\/02\/col-bonhomme-13022025.jpg","width":1551,"height":922},{"@type":"BreadcrumbList","@id":"https:\/\/vosgesinfo.fr\/gerardmerinfo\/2025\/02\/neige-et-regel-les-vosges-en-vigilance-jaune\/#breadcrumb","itemListElement":[{"@type":"ListItem","position":1,"name":"Home","item":"https:\/\/vosgesinfo.fr\/gerardmerinfo\/"},{"@type":"ListItem","position":2,"name":"Neige et regel\u00a0: les Vosges en vigilance jaune"}]},{"@type":"WebSite","@id":"https:\/\/vosgesinfo.fr\/gerardmerinfo\/#website","url":"https:\/\/vosgesinfo.fr\/gerardmerinfo\/","name":"Gerardmer Info","description":"Toute l&#039;actualit\u00e9 de G\u00e9rardmer","publisher":{"@id":"https:\/\/vosgesinfo.fr\/gerardmerinfo\/#organization"},"alternateName":"Toute l'actualit\u00e9 de G\u00e9rardmer","potentialAction":[{"@type":"SearchAction","target":{"@type":"EntryPoint","urlTemplate":"https:\/\/vosgesinfo.fr\/gerardmerinfo\/?s={search_term_string}"},"query-input":"required name=search_term_string"}],"inLanguage":"fr-FR"},{"@type":"Organization","@id":"https:\/\/vosgesinfo.fr\/gerardmerinfo\/#organization","name":"Gerardmer Info","url":"https:\/\/vosgesinfo.fr\/gerardmerinfo\/","logo":{"@type":"ImageObject","inLanguage":"fr-FR","@id":"https:\/\/vosgesinfo.fr\/gerardmerinfo\/#\/schema\/logo\/image\/","url":"https:\/\/vosgesinfo.fr\/app\/uploads\/sites\/6\/2023\/08\/favicon-gerardmerinfo.png","contentUrl":"https:\/\/vosgesinfo.fr\/app\/uploads\/sites\/6\/2023\/08\/favicon-gerardmerinfo.png","width":512,"height":512,"caption":"Gerardmer Info"},"image":{"@id":"https:\/\/vosgesinfo.fr\/gerardmerinfo\/#\/schema\/logo\/image\/"},"sameAs":["https:\/\/www.facebook.com\/profile.php?id=100049475262660","https:\/\/x.com\/VosgesInfo88","https:\/\/www.youtube.com\/@vosgesinfo"]},{"@type":"Person","@id":"https:\/\/vosgesinfo.fr\/gerardmerinfo\/#\/schema\/person\/fa73e9f726d67bb88f46d5b7943cb572","name":"J.J.","image":{"@type":"ImageObject","inLanguage":"fr-FR","@id":"https:\/\/vosgesinfo.fr\/gerardmerinfo\/#\/schema\/person\/image\/","url":"https:\/\/secure.gravatar.com\/avatar\/219e749e47ffbcca018a360ae4add7d4cdf1cdaaf8bc7676b27efade3fe65615?s=96&d=mm&r=g","contentUrl":"https:\/\/secure.gravatar.com\/avatar\/219e749e47ffbcca018a360ae4add7d4cdf1cdaaf8bc7676b27efade3fe65615?s=96&d=mm&r=g","caption":"J.J."},"url":"https:\/\/vosgesinfo.fr\/gerardmerinfo\/author\/j-j\/"}]}},"_links":{"self":[{"href":"https:\/\/vosgesinfo.fr\/gerardmerinfo\/wp-json\/wp\/v2\/posts\/74306","targetHints":{"allow":["GET"]}}],"collection":[{"href":"https:\/\/vosgesinfo.fr\/gerardmerinfo\/wp-json\/wp\/v2\/posts"}],"about":[{"href":"https:\/\/vosgesinfo.fr\/gerardmerinfo\/wp-json\/wp\/v2\/types\/post"}],"author":[{"embeddable":true,"href":"https:\/\/vosgesinfo.fr\/gerardmerinfo\/wp-json\/wp\/v2\/users\/46"}],"replies":[{"embeddable":true,"href":"https:\/\/vosgesinfo.fr\/gerardmerinfo\/wp-json\/wp\/v2\/comments?post=74306"}],"version-history":[{"count":0,"href":"https:\/\/vosgesinfo.fr\/gerardmerinfo\/wp-json\/wp\/v2\/posts\/74306\/revisions"}],"wp:featuredmedia":[{"embeddable":true,"href":"https:\/\/vosgesinfo.fr\/gerardmerinfo\/wp-json\/wp\/v2\/media\/74307"}],"wp:attachment":[{"href":"https:\/\/vosgesinfo.fr\/gerardmerinfo\/wp-json\/wp\/v2\/media?parent=74306"}],"wp:term":[{"taxonomy":"category","embeddable":true,"href":"https:\/\/vosgesinfo.fr\/gerardmerinfo\/wp-json\/wp\/v2\/categories?post=74306"},{"taxonomy":"post_tag","embeddable":true,"href":"https:\/\/vosgesinfo.fr\/gerardmerinfo\/wp-json\/wp\/v2\/tags?post=74306"}],"curies":[{"name":"wp","href":"https:\/\/api.w.org\/{rel}","templated":true}]}}