{"id":74345,"date":"2025-02-14T12:30:34","date_gmt":"2025-02-14T11:30:34","guid":{"rendered":"https:\/\/vosgesinfo.fr\/gerardmerinfo\/?p=74345"},"modified":"2025-02-14T12:18:24","modified_gmt":"2025-02-14T11:18:24","slug":"video-a-lheure-du-bilan-decouvrez-lafter-movie-du-32e-festival-de-gerardmer","status":"publish","type":"post","link":"https:\/\/vosgesinfo.fr\/gerardmerinfo\/2025\/02\/video-a-lheure-du-bilan-decouvrez-lafter-movie-du-32e-festival-de-gerardmer\/","title":{"rendered":"(vid\u00e9o) A l&rsquo;heure du bilan, d\u00e9couvrez l&rsquo;after movie du 32e Festival de G\u00e9rardmer"},"content":{"rendered":"<p>Alors que le 32e festival de G\u00e9rardmer s&rsquo;est achev\u00e9 le 2 f\u00e9vrier avec la c\u00e9r\u00e9monie de cl\u00f4ture, l&rsquo;organisation a le plaisir de partager quelques chiffres ainsi que l&rsquo;after movie qui r\u00e9sume cette belle \u00e9dition.<\/p>\n<p>Les chiffres cl\u00e9s :<\/p>\n<p>51 films, dont 33 nouveaux films, 100 s\u00e9ances, 14 \u00e9quipes de films pour 19 nationalit\u00e9s pr\u00e9sentes, 8 premiers films s\u00e9lectionn\u00e9s, 9 films en avant-premi\u00e8re fran\u00e7aise, plus de 7000 participants aux animations\u2026<\/p>\n<p>Rendez-vous en 2026, du 27 janvier au 1er f\u00e9vrier, pour la 33e \u00e9dition\u00a0!<\/p>\n<p><iframe loading=\"lazy\" src=\"\/\/www.youtube.com\/embed\/lh_Je7mFLxU?t=3s\" width=\"560\" height=\"314\" allowfullscreen=\"allowfullscreen\"><\/iframe><\/p>\n","protected":false},"excerpt":{"rendered":"<p>Alors que le 32e festival de G\u00e9rardmer s&rsquo;est achev\u00e9 le 2 f\u00e9vrier avec la c\u00e9r\u00e9monie de cl\u00f4ture, l&rsquo;organisation a le [&hellip;]<\/p>\n","protected":false},"author":391,"featured_media":73627,"comment_status":"open","ping_status":"open","sticky":false,"template":"","format":"standard","meta":{"footnotes":""},"categories":[20,4,878,5647,328,868,946],"tags":[6438],"class_list":["post-74345","post","type-post","status-publish","format-standard","has-post-thumbnail","hentry","category-a-la-une","category-culture","category-epinal","category-gerardmer-autres-sites","category-la-plaine-des-vosges","category-remiremont","category-saint-die","tag-festival-international-du-film-fantastique-de-gerardmer"],"acf":[],"yoast_head":"<!-- This site is optimized with the Yoast SEO plugin v22.5 - https:\/\/yoast.com\/wordpress\/plugins\/seo\/ -->\n<title>(vid\u00e9o) A l&#039;heure du bilan, d\u00e9couvrez l&#039;after movie du 32e Festival de G\u00e9rardmer - Gerardmer Info<\/title>\n<meta name=\"robots\" content=\"index, follow, max-snippet:-1, max-image-preview:large, max-video-preview:-1\" \/>\n<link rel=\"canonical\" href=\"https:\/\/vosgesinfo.fr\/gerardmerinfo\/2025\/02\/video-a-lheure-du-bilan-decouvrez-lafter-movie-du-32e-festival-de-gerardmer\/\" \/>\n<meta name=\"twitter:card\" content=\"summary_large_image\" \/>\n<meta name=\"twitter:title\" content=\"(vid\u00e9o) A l&#039;heure du bilan, d\u00e9couvrez l&#039;after movie du 32e Festival de G\u00e9rardmer - Gerardmer Info\" \/>\n<meta name=\"twitter:description\" content=\"Alors que le 32e festival de G\u00e9rardmer s&rsquo;est achev\u00e9 le 2 f\u00e9vrier avec la c\u00e9r\u00e9monie de cl\u00f4ture, l&rsquo;organisation a le [&hellip;]\" \/>\n<meta name=\"twitter:image\" content=\"https:\/\/vosgesinfo.fr\/app\/uploads\/sites\/6\/2025\/01\/ceremonie-douverture-du-festival-du-film-fantastique-2025-2.jpg\" \/>\n<meta name=\"twitter:creator\" content=\"@VosgesInfo88\" \/>\n<meta name=\"twitter:site\" content=\"@VosgesInfo88\" \/>\n<meta name=\"twitter:label1\" content=\"\u00c9crit par\" \/>\n\t<meta name=\"twitter:data1\" content=\"La redaction\" \/>\n<script type=\"application\/ld+json\" class=\"yoast-schema-graph\">{\"@context\":\"https:\/\/schema.org\",\"@graph\":[{\"@type\":\"Article\",\"@id\":\"https:\/\/vosgesinfo.fr\/gerardmerinfo\/2025\/02\/video-a-lheure-du-bilan-decouvrez-lafter-movie-du-32e-festival-de-gerardmer\/#article\",\"isPartOf\":{\"@id\":\"https:\/\/vosgesinfo.fr\/gerardmerinfo\/2025\/02\/video-a-lheure-du-bilan-decouvrez-lafter-movie-du-32e-festival-de-gerardmer\/\"},\"author\":{\"name\":\"La redaction\",\"@id\":\"https:\/\/vosgesinfo.fr\/gerardmerinfo\/#\/schema\/person\/27a3695b06db98895b354c0765cdfc31\"},\"headline\":\"(vid\u00e9o) A l&rsquo;heure du bilan, d\u00e9couvrez l&rsquo;after movie du 32e Festival de G\u00e9rardmer\",\"datePublished\":\"2025-02-14T11:30:34+00:00\",\"dateModified\":\"2025-02-14T11:18:24+00:00\",\"mainEntityOfPage\":{\"@id\":\"https:\/\/vosgesinfo.fr\/gerardmerinfo\/2025\/02\/video-a-lheure-du-bilan-decouvrez-lafter-movie-du-32e-festival-de-gerardmer\/\"},\"wordCount\":106,\"commentCount\":0,\"publisher\":{\"@id\":\"https:\/\/vosgesinfo.fr\/gerardmerinfo\/#organization\"},\"image\":{\"@id\":\"https:\/\/vosgesinfo.fr\/gerardmerinfo\/2025\/02\/video-a-lheure-du-bilan-decouvrez-lafter-movie-du-32e-festival-de-gerardmer\/#primaryimage\"},\"thumbnailUrl\":\"https:\/\/vosgesinfo.fr\/app\/uploads\/sites\/6\/2025\/01\/ceremonie-douverture-du-festival-du-film-fantastique-2025-2.jpg\",\"keywords\":[\"Festival International du film fantastique de G\u00e9rardmer\"],\"articleSection\":[\"A la une\",\"Culture\",\"Epinal\",\"Gerardmer\",\"La plaine des vosges\",\"Remiremont\",\"Saint-di\u00e9\"],\"inLanguage\":\"fr-FR\",\"potentialAction\":[{\"@type\":\"CommentAction\",\"name\":\"Comment\",\"target\":[\"https:\/\/vosgesinfo.fr\/gerardmerinfo\/2025\/02\/video-a-lheure-du-bilan-decouvrez-lafter-movie-du-32e-festival-de-gerardmer\/#respond\"]}]},{\"@type\":\"WebPage\",\"@id\":\"https:\/\/vosgesinfo.fr\/gerardmerinfo\/2025\/02\/video-a-lheure-du-bilan-decouvrez-lafter-movie-du-32e-festival-de-gerardmer\/\",\"url\":\"https:\/\/vosgesinfo.fr\/gerardmerinfo\/2025\/02\/video-a-lheure-du-bilan-decouvrez-lafter-movie-du-32e-festival-de-gerardmer\/\",\"name\":\"(vid\u00e9o) A l'heure du bilan, d\u00e9couvrez l'after movie du 32e Festival de G\u00e9rardmer - Gerardmer Info\",\"isPartOf\":{\"@id\":\"https:\/\/vosgesinfo.fr\/gerardmerinfo\/#website\"},\"primaryImageOfPage\":{\"@id\":\"https:\/\/vosgesinfo.fr\/gerardmerinfo\/2025\/02\/video-a-lheure-du-bilan-decouvrez-lafter-movie-du-32e-festival-de-gerardmer\/#primaryimage\"},\"image\":{\"@id\":\"https:\/\/vosgesinfo.fr\/gerardmerinfo\/2025\/02\/video-a-lheure-du-bilan-decouvrez-lafter-movie-du-32e-festival-de-gerardmer\/#primaryimage\"},\"thumbnailUrl\":\"https:\/\/vosgesinfo.fr\/app\/uploads\/sites\/6\/2025\/01\/ceremonie-douverture-du-festival-du-film-fantastique-2025-2.jpg\",\"datePublished\":\"2025-02-14T11:30:34+00:00\",\"dateModified\":\"2025-02-14T11:18:24+00:00\",\"breadcrumb\":{\"@id\":\"https:\/\/vosgesinfo.fr\/gerardmerinfo\/2025\/02\/video-a-lheure-du-bilan-decouvrez-lafter-movie-du-32e-festival-de-gerardmer\/#breadcrumb\"},\"inLanguage\":\"fr-FR\",\"potentialAction\":[{\"@type\":\"ReadAction\",\"target\":[\"https:\/\/vosgesinfo.fr\/gerardmerinfo\/2025\/02\/video-a-lheure-du-bilan-decouvrez-lafter-movie-du-32e-festival-de-gerardmer\/\"]}]},{\"@type\":\"ImageObject\",\"inLanguage\":\"fr-FR\",\"@id\":\"https:\/\/vosgesinfo.fr\/gerardmerinfo\/2025\/02\/video-a-lheure-du-bilan-decouvrez-lafter-movie-du-32e-festival-de-gerardmer\/#primaryimage\",\"url\":\"https:\/\/vosgesinfo.fr\/app\/uploads\/sites\/6\/2025\/01\/ceremonie-douverture-du-festival-du-film-fantastique-2025-2.jpg\",\"contentUrl\":\"https:\/\/vosgesinfo.fr\/app\/uploads\/sites\/6\/2025\/01\/ceremonie-douverture-du-festival-du-film-fantastique-2025-2.jpg\",\"width\":2048,\"height\":1536},{\"@type\":\"BreadcrumbList\",\"@id\":\"https:\/\/vosgesinfo.fr\/gerardmerinfo\/2025\/02\/video-a-lheure-du-bilan-decouvrez-lafter-movie-du-32e-festival-de-gerardmer\/#breadcrumb\",\"itemListElement\":[{\"@type\":\"ListItem\",\"position\":1,\"name\":\"Home\",\"item\":\"https:\/\/vosgesinfo.fr\/gerardmerinfo\/\"},{\"@type\":\"ListItem\",\"position\":2,\"name\":\"(vid\u00e9o) A l&rsquo;heure du bilan, d\u00e9couvrez l&rsquo;after movie du 32e Festival de G\u00e9rardmer\"}]},{\"@type\":\"WebSite\",\"@id\":\"https:\/\/vosgesinfo.fr\/gerardmerinfo\/#website\",\"url\":\"https:\/\/vosgesinfo.fr\/gerardmerinfo\/\",\"name\":\"Gerardmer Info\",\"description\":\"Toute l&#039;actualit\u00e9 de G\u00e9rardmer\",\"publisher\":{\"@id\":\"https:\/\/vosgesinfo.fr\/gerardmerinfo\/#organization\"},\"alternateName\":\"Toute l'actualit\u00e9 de G\u00e9rardmer\",\"potentialAction\":[{\"@type\":\"SearchAction\",\"target\":{\"@type\":\"EntryPoint\",\"urlTemplate\":\"https:\/\/vosgesinfo.fr\/gerardmerinfo\/?s={search_term_string}\"},\"query-input\":\"required name=search_term_string\"}],\"inLanguage\":\"fr-FR\"},{\"@type\":\"Organization\",\"@id\":\"https:\/\/vosgesinfo.fr\/gerardmerinfo\/#organization\",\"name\":\"Gerardmer Info\",\"url\":\"https:\/\/vosgesinfo.fr\/gerardmerinfo\/\",\"logo\":{\"@type\":\"ImageObject\",\"inLanguage\":\"fr-FR\",\"@id\":\"https:\/\/vosgesinfo.fr\/gerardmerinfo\/#\/schema\/logo\/image\/\",\"url\":\"https:\/\/vosgesinfo.fr\/app\/uploads\/sites\/6\/2023\/08\/favicon-gerardmerinfo.png\",\"contentUrl\":\"https:\/\/vosgesinfo.fr\/app\/uploads\/sites\/6\/2023\/08\/favicon-gerardmerinfo.png\",\"width\":512,\"height\":512,\"caption\":\"Gerardmer Info\"},\"image\":{\"@id\":\"https:\/\/vosgesinfo.fr\/gerardmerinfo\/#\/schema\/logo\/image\/\"},\"sameAs\":[\"https:\/\/www.facebook.com\/profile.php?id=100049475262660\",\"https:\/\/x.com\/VosgesInfo88\",\"https:\/\/www.youtube.com\/@vosgesinfo\"]},{\"@type\":\"Person\",\"@id\":\"https:\/\/vosgesinfo.fr\/gerardmerinfo\/#\/schema\/person\/27a3695b06db98895b354c0765cdfc31\",\"name\":\"La redaction\",\"image\":{\"@type\":\"ImageObject\",\"inLanguage\":\"fr-FR\",\"@id\":\"https:\/\/vosgesinfo.fr\/gerardmerinfo\/#\/schema\/person\/image\/\",\"url\":\"https:\/\/secure.gravatar.com\/avatar\/64c76a78e501cedee55736f43f332df901e1896ae9cd8fad269ae2236dd0e8b6?s=96&d=mm&r=g\",\"contentUrl\":\"https:\/\/secure.gravatar.com\/avatar\/64c76a78e501cedee55736f43f332df901e1896ae9cd8fad269ae2236dd0e8b6?s=96&d=mm&r=g\",\"caption\":\"La redaction\"},\"url\":\"https:\/\/vosgesinfo.fr\/gerardmerinfo\/author\/la-redaction\/\"}]}<\/script>\n<!-- \/ Yoast SEO plugin. -->","yoast_head_json":{"title":"(vid\u00e9o) A l'heure du bilan, d\u00e9couvrez l'after movie du 32e Festival de G\u00e9rardmer - Gerardmer Info","robots":{"index":"index","follow":"follow","max-snippet":"max-snippet:-1","max-image-preview":"max-image-preview:large","max-video-preview":"max-video-preview:-1"},"canonical":"https:\/\/vosgesinfo.fr\/gerardmerinfo\/2025\/02\/video-a-lheure-du-bilan-decouvrez-lafter-movie-du-32e-festival-de-gerardmer\/","twitter_card":"summary_large_image","twitter_title":"(vid\u00e9o) A l'heure du bilan, d\u00e9couvrez l'after movie du 32e Festival de G\u00e9rardmer - Gerardmer Info","twitter_description":"Alors que le 32e festival de G\u00e9rardmer s&rsquo;est achev\u00e9 le 2 f\u00e9vrier avec la c\u00e9r\u00e9monie de cl\u00f4ture, l&rsquo;organisation a le [&hellip;]","twitter_image":"https:\/\/vosgesinfo.fr\/app\/uploads\/sites\/6\/2025\/01\/ceremonie-douverture-du-festival-du-film-fantastique-2025-2.jpg","twitter_creator":"@VosgesInfo88","twitter_site":"@VosgesInfo88","twitter_misc":{"\u00c9crit par":"La redaction"},"schema":{"@context":"https:\/\/schema.org","@graph":[{"@type":"Article","@id":"https:\/\/vosgesinfo.fr\/gerardmerinfo\/2025\/02\/video-a-lheure-du-bilan-decouvrez-lafter-movie-du-32e-festival-de-gerardmer\/#article","isPartOf":{"@id":"https:\/\/vosgesinfo.fr\/gerardmerinfo\/2025\/02\/video-a-lheure-du-bilan-decouvrez-lafter-movie-du-32e-festival-de-gerardmer\/"},"author":{"name":"La redaction","@id":"https:\/\/vosgesinfo.fr\/gerardmerinfo\/#\/schema\/person\/27a3695b06db98895b354c0765cdfc31"},"headline":"(vid\u00e9o) A l&rsquo;heure du bilan, d\u00e9couvrez l&rsquo;after movie du 32e Festival de G\u00e9rardmer","datePublished":"2025-02-14T11:30:34+00:00","dateModified":"2025-02-14T11:18:24+00:00","mainEntityOfPage":{"@id":"https:\/\/vosgesinfo.fr\/gerardmerinfo\/2025\/02\/video-a-lheure-du-bilan-decouvrez-lafter-movie-du-32e-festival-de-gerardmer\/"},"wordCount":106,"commentCount":0,"publisher":{"@id":"https:\/\/vosgesinfo.fr\/gerardmerinfo\/#organization"},"image":{"@id":"https:\/\/vosgesinfo.fr\/gerardmerinfo\/2025\/02\/video-a-lheure-du-bilan-decouvrez-lafter-movie-du-32e-festival-de-gerardmer\/#primaryimage"},"thumbnailUrl":"https:\/\/vosgesinfo.fr\/app\/uploads\/sites\/6\/2025\/01\/ceremonie-douverture-du-festival-du-film-fantastique-2025-2.jpg","keywords":["Festival International du film fantastique de G\u00e9rardmer"],"articleSection":["A la une","Culture","Epinal","Gerardmer","La plaine des vosges","Remiremont","Saint-di\u00e9"],"inLanguage":"fr-FR","potentialAction":[{"@type":"CommentAction","name":"Comment","target":["https:\/\/vosgesinfo.fr\/gerardmerinfo\/2025\/02\/video-a-lheure-du-bilan-decouvrez-lafter-movie-du-32e-festival-de-gerardmer\/#respond"]}]},{"@type":"WebPage","@id":"https:\/\/vosgesinfo.fr\/gerardmerinfo\/2025\/02\/video-a-lheure-du-bilan-decouvrez-lafter-movie-du-32e-festival-de-gerardmer\/","url":"https:\/\/vosgesinfo.fr\/gerardmerinfo\/2025\/02\/video-a-lheure-du-bilan-decouvrez-lafter-movie-du-32e-festival-de-gerardmer\/","name":"(vid\u00e9o) A l'heure du bilan, d\u00e9couvrez l'after movie du 32e Festival de G\u00e9rardmer - Gerardmer Info","isPartOf":{"@id":"https:\/\/vosgesinfo.fr\/gerardmerinfo\/#website"},"primaryImageOfPage":{"@id":"https:\/\/vosgesinfo.fr\/gerardmerinfo\/2025\/02\/video-a-lheure-du-bilan-decouvrez-lafter-movie-du-32e-festival-de-gerardmer\/#primaryimage"},"image":{"@id":"https:\/\/vosgesinfo.fr\/gerardmerinfo\/2025\/02\/video-a-lheure-du-bilan-decouvrez-lafter-movie-du-32e-festival-de-gerardmer\/#primaryimage"},"thumbnailUrl":"https:\/\/vosgesinfo.fr\/app\/uploads\/sites\/6\/2025\/01\/ceremonie-douverture-du-festival-du-film-fantastique-2025-2.jpg","datePublished":"2025-02-14T11:30:34+00:00","dateModified":"2025-02-14T11:18:24+00:00","breadcrumb":{"@id":"https:\/\/vosgesinfo.fr\/gerardmerinfo\/2025\/02\/video-a-lheure-du-bilan-decouvrez-lafter-movie-du-32e-festival-de-gerardmer\/#breadcrumb"},"inLanguage":"fr-FR","potentialAction":[{"@type":"ReadAction","target":["https:\/\/vosgesinfo.fr\/gerardmerinfo\/2025\/02\/video-a-lheure-du-bilan-decouvrez-lafter-movie-du-32e-festival-de-gerardmer\/"]}]},{"@type":"ImageObject","inLanguage":"fr-FR","@id":"https:\/\/vosgesinfo.fr\/gerardmerinfo\/2025\/02\/video-a-lheure-du-bilan-decouvrez-lafter-movie-du-32e-festival-de-gerardmer\/#primaryimage","url":"https:\/\/vosgesinfo.fr\/app\/uploads\/sites\/6\/2025\/01\/ceremonie-douverture-du-festival-du-film-fantastique-2025-2.jpg","contentUrl":"https:\/\/vosgesinfo.fr\/app\/uploads\/sites\/6\/2025\/01\/ceremonie-douverture-du-festival-du-film-fantastique-2025-2.jpg","width":2048,"height":1536},{"@type":"BreadcrumbList","@id":"https:\/\/vosgesinfo.fr\/gerardmerinfo\/2025\/02\/video-a-lheure-du-bilan-decouvrez-lafter-movie-du-32e-festival-de-gerardmer\/#breadcrumb","itemListElement":[{"@type":"ListItem","position":1,"name":"Home","item":"https:\/\/vosgesinfo.fr\/gerardmerinfo\/"},{"@type":"ListItem","position":2,"name":"(vid\u00e9o) A l&rsquo;heure du bilan, d\u00e9couvrez l&rsquo;after movie du 32e Festival de G\u00e9rardmer"}]},{"@type":"WebSite","@id":"https:\/\/vosgesinfo.fr\/gerardmerinfo\/#website","url":"https:\/\/vosgesinfo.fr\/gerardmerinfo\/","name":"Gerardmer Info","description":"Toute l&#039;actualit\u00e9 de G\u00e9rardmer","publisher":{"@id":"https:\/\/vosgesinfo.fr\/gerardmerinfo\/#organization"},"alternateName":"Toute l'actualit\u00e9 de G\u00e9rardmer","potentialAction":[{"@type":"SearchAction","target":{"@type":"EntryPoint","urlTemplate":"https:\/\/vosgesinfo.fr\/gerardmerinfo\/?s={search_term_string}"},"query-input":"required name=search_term_string"}],"inLanguage":"fr-FR"},{"@type":"Organization","@id":"https:\/\/vosgesinfo.fr\/gerardmerinfo\/#organization","name":"Gerardmer Info","url":"https:\/\/vosgesinfo.fr\/gerardmerinfo\/","logo":{"@type":"ImageObject","inLanguage":"fr-FR","@id":"https:\/\/vosgesinfo.fr\/gerardmerinfo\/#\/schema\/logo\/image\/","url":"https:\/\/vosgesinfo.fr\/app\/uploads\/sites\/6\/2023\/08\/favicon-gerardmerinfo.png","contentUrl":"https:\/\/vosgesinfo.fr\/app\/uploads\/sites\/6\/2023\/08\/favicon-gerardmerinfo.png","width":512,"height":512,"caption":"Gerardmer Info"},"image":{"@id":"https:\/\/vosgesinfo.fr\/gerardmerinfo\/#\/schema\/logo\/image\/"},"sameAs":["https:\/\/www.facebook.com\/profile.php?id=100049475262660","https:\/\/x.com\/VosgesInfo88","https:\/\/www.youtube.com\/@vosgesinfo"]},{"@type":"Person","@id":"https:\/\/vosgesinfo.fr\/gerardmerinfo\/#\/schema\/person\/27a3695b06db98895b354c0765cdfc31","name":"La redaction","image":{"@type":"ImageObject","inLanguage":"fr-FR","@id":"https:\/\/vosgesinfo.fr\/gerardmerinfo\/#\/schema\/person\/image\/","url":"https:\/\/secure.gravatar.com\/avatar\/64c76a78e501cedee55736f43f332df901e1896ae9cd8fad269ae2236dd0e8b6?s=96&d=mm&r=g","contentUrl":"https:\/\/secure.gravatar.com\/avatar\/64c76a78e501cedee55736f43f332df901e1896ae9cd8fad269ae2236dd0e8b6?s=96&d=mm&r=g","caption":"La redaction"},"url":"https:\/\/vosgesinfo.fr\/gerardmerinfo\/author\/la-redaction\/"}]}},"_links":{"self":[{"href":"https:\/\/vosgesinfo.fr\/gerardmerinfo\/wp-json\/wp\/v2\/posts\/74345","targetHints":{"allow":["GET"]}}],"collection":[{"href":"https:\/\/vosgesinfo.fr\/gerardmerinfo\/wp-json\/wp\/v2\/posts"}],"about":[{"href":"https:\/\/vosgesinfo.fr\/gerardmerinfo\/wp-json\/wp\/v2\/types\/post"}],"author":[{"embeddable":true,"href":"https:\/\/vosgesinfo.fr\/gerardmerinfo\/wp-json\/wp\/v2\/users\/391"}],"replies":[{"embeddable":true,"href":"https:\/\/vosgesinfo.fr\/gerardmerinfo\/wp-json\/wp\/v2\/comments?post=74345"}],"version-history":[{"count":1,"href":"https:\/\/vosgesinfo.fr\/gerardmerinfo\/wp-json\/wp\/v2\/posts\/74345\/revisions"}],"predecessor-version":[{"id":74346,"href":"https:\/\/vosgesinfo.fr\/gerardmerinfo\/wp-json\/wp\/v2\/posts\/74345\/revisions\/74346"}],"wp:featuredmedia":[{"embeddable":true,"href":"https:\/\/vosgesinfo.fr\/gerardmerinfo\/wp-json\/wp\/v2\/media\/73627"}],"wp:attachment":[{"href":"https:\/\/vosgesinfo.fr\/gerardmerinfo\/wp-json\/wp\/v2\/media?parent=74345"}],"wp:term":[{"taxonomy":"category","embeddable":true,"href":"https:\/\/vosgesinfo.fr\/gerardmerinfo\/wp-json\/wp\/v2\/categories?post=74345"},{"taxonomy":"post_tag","embeddable":true,"href":"https:\/\/vosgesinfo.fr\/gerardmerinfo\/wp-json\/wp\/v2\/tags?post=74345"}],"curies":[{"name":"wp","href":"https:\/\/api.w.org\/{rel}","templated":true}]}}