{"id":74358,"date":"2025-02-14T19:06:56","date_gmt":"2025-02-14T18:06:56","guid":{"rendered":"https:\/\/vosgesinfo.fr\/gerardmerinfo\/?p=74358"},"modified":"2025-02-14T18:54:08","modified_gmt":"2025-02-14T17:54:08","slug":"deces-de-m-alex-richard","status":"publish","type":"post","link":"https:\/\/vosgesinfo.fr\/gerardmerinfo\/2025\/02\/deces-de-m-alex-richard\/","title":{"rendered":"D\u00e9c\u00e8s de M. Alex Richard"},"content":{"rendered":"<p align=\"center\"><span style=\"font-family: Garamond, serif; font-size: 14pt;\"><b>G\u00c9RARDMER, SAINT-DI\u00c9<\/b><\/span><\/p>\n<p align=\"center\">\n<p align=\"center\"><span style=\"font-family: Garamond, serif;\"><span style=\"font-size: large;\">Aaron, son fils\u00a0;<\/span><\/span><\/p>\n<p align=\"center\"><span style=\"font-family: Garamond, serif;\"><span style=\"font-size: large;\">Caroline, la maman d\u2019Aaron\u00a0;<\/span><\/span><\/p>\n<p align=\"center\"><span style=\"font-family: Garamond, serif;\"><span style=\"font-size: large;\">Aloysia\u00a0;<\/span><\/span><\/p>\n<p align=\"center\"><span style=\"font-family: Garamond, serif;\"><span style=\"font-size: large;\">Marcelle, sa maman\u00a0;<\/span><\/span><\/p>\n<p align=\"center\"><span style=\"font-family: Garamond, serif;\"><span style=\"font-size: large;\">Agn\u00e8s, sa s\u0153ur\u00a0;<\/span><\/span><\/p>\n<p align=\"center\"><span style=\"font-family: Garamond, serif;\"><span style=\"font-size: large;\">Ses nombreux amis\u00a0;<\/span><\/span><\/p>\n<p align=\"center\">\n<p align=\"center\"><span style=\"font-family: Garamond, serif;\"><span style=\"font-size: large;\">Ont la tristesse de vous faire part du d\u00e9c\u00e8s de<\/span><\/span><\/p>\n<p align=\"center\">\n<p align=\"center\"><span style=\"font-family: Garamond, serif; font-size: 14pt;\"><b>Monsieur Alex RICHARD<\/b><\/span><\/p>\n<p align=\"center\"><a href=\"https:\/\/vosgesinfo.fr\/app\/uploads\/sites\/6\/2025\/02\/photo-monsieur-alex-richard.jpg\"><img decoding=\"async\" class=\"aligncenter size-medium wp-image-74359\" src=\"https:\/\/vosgesinfo.fr\/app\/uploads\/sites\/6\/2025\/02\/photo-monsieur-alex-richard-300x300.jpg\" alt=\"\" width=\"300\" height=\"300\" srcset=\"https:\/\/vosgesinfo.fr\/app\/uploads\/sites\/6\/2025\/02\/photo-monsieur-alex-richard-300x300.jpg 300w, https:\/\/vosgesinfo.fr\/app\/uploads\/sites\/6\/2025\/02\/photo-monsieur-alex-richard-150x150.jpg 150w, https:\/\/vosgesinfo.fr\/app\/uploads\/sites\/6\/2025\/02\/photo-monsieur-alex-richard-768x768.jpg 768w, https:\/\/vosgesinfo.fr\/app\/uploads\/sites\/6\/2025\/02\/photo-monsieur-alex-richard.jpg 960w\" sizes=\"(max-width: 300px) 100vw, 300px\" \/><\/a><\/p>\n<p align=\"center\"><span style=\"font-family: Garamond, serif;\"><span style=\"font-size: large;\">Survenu le 14 f\u00e9vrier 2025, \u00e0 l\u2019\u00e2ge de 51 ans<\/span><\/span><\/p>\n<p align=\"center\">\n<p align=\"center\"><span style=\"font-family: Garamond, serif;\"><span style=\"font-size: large;\"><b>Alex<\/b><\/span><\/span><span style=\"font-family: Garamond, serif;\"><span style=\"font-size: large;\"> repose au fun\u00e9rarium de G\u00e9rardmer<\/span><\/span><\/p>\n<p align=\"center\"><span style=\"font-family: Garamond, serif;\"><span style=\"font-size: large;\">Samedi de 9h30 \u00e0 20h<\/span><\/span><\/p>\n<p align=\"center\">\n<p align=\"center\"><span style=\"font-family: Garamond, serif;\"><span style=\"font-size: large;\"><b>Selon sa volont\u00e9, la c\u00e9r\u00e9monie se d\u00e9roulera<\/b><\/span><\/span><\/p>\n<p align=\"center\"><span style=\"font-family: Garamond, serif;\"><span style=\"font-size: large;\"><b>dans la plus stricte intimit\u00e9.<\/b><\/span><\/span><\/p>\n<p align=\"center\">\n<p align=\"center\"><span style=\"font-family: Garamond, serif;\"><span style=\"font-size: large;\"><i><b>NI FLEURS, NI PLAQUES<\/b><\/i><\/span><\/span><\/p>\n<p align=\"center\">\n<p align=\"center\"><span style=\"font-family: Garamond, serif;\"><span style=\"font-size: large;\">La famille remercie par avance toutes les personnes qui prendront part<\/span><\/span><\/p>\n<p align=\"center\"><span style=\"font-family: Garamond, serif;\"><span style=\"font-size: large;\">\u00e0 sa peine et plus particuli\u00e8rement les infirmi\u00e8res de l\u2019h\u00f4pital de G\u00e9rardmer pour leurs bons soins et leur d\u00e9vouement.<\/span><\/span><\/p>\n<p align=\"center\">\n<p align=\"center\"><span style=\"font-family: Garamond, serif;\"><span style=\"font-size: large;\">Le pr\u00e9sent avis tient lieu de faire-part et de remerciements.<\/span><\/span><\/p>\n<p align=\"center\">\n<p align=\"center\"><span style=\"font-family: Garamond, serif;\"><span style=\"font-size: large;\">PF DIDIER, 65 boulevard d\u2019Alsace, 88400 G\u00c9RARDMER, 03.29.60.06.43<\/span><\/span><\/p>\n","protected":false},"excerpt":{"rendered":"<p>G\u00c9RARDMER, SAINT-DI\u00c9 Aaron, son fils\u00a0; Caroline, la maman d\u2019Aaron\u00a0; Aloysia\u00a0; Marcelle, sa maman\u00a0; Agn\u00e8s, sa s\u0153ur\u00a0; Ses nombreux amis\u00a0; Ont [&hellip;]<\/p>\n","protected":false},"author":391,"featured_media":213,"comment_status":"open","ping_status":"open","sticky":false,"template":"","format":"standard","meta":{"footnotes":""},"categories":[20,36,25,5647],"tags":[],"class_list":["post-74358","post","type-post","status-publish","format-standard","has-post-thumbnail","hentry","category-a-la-une","category-avis-de-deces","category-gerardmer","category-gerardmer-autres-sites"],"acf":[],"yoast_head":"<!-- This site is optimized with the Yoast SEO plugin v22.5 - https:\/\/yoast.com\/wordpress\/plugins\/seo\/ -->\n<title>D\u00e9c\u00e8s de M. Alex Richard - Gerardmer Info<\/title>\n<meta name=\"robots\" content=\"index, follow, max-snippet:-1, max-image-preview:large, max-video-preview:-1\" \/>\n<link rel=\"canonical\" href=\"https:\/\/vosgesinfo.fr\/gerardmerinfo\/2025\/02\/deces-de-m-alex-richard\/\" \/>\n<meta name=\"twitter:card\" content=\"summary_large_image\" \/>\n<meta name=\"twitter:title\" content=\"D\u00e9c\u00e8s de M. Alex Richard - Gerardmer Info\" \/>\n<meta name=\"twitter:description\" content=\"G\u00c9RARDMER, SAINT-DI\u00c9 Aaron, son fils\u00a0; Caroline, la maman d\u2019Aaron\u00a0; Aloysia\u00a0; Marcelle, sa maman\u00a0; Agn\u00e8s, sa s\u0153ur\u00a0; Ses nombreux amis\u00a0; Ont [&hellip;]\" \/>\n<meta name=\"twitter:image\" content=\"https:\/\/vosgesinfo.fr\/app\/uploads\/sites\/6\/2020\/09\/avis-de-decces-bougie.jpg\" \/>\n<meta name=\"twitter:creator\" content=\"@VosgesInfo88\" \/>\n<meta name=\"twitter:site\" content=\"@VosgesInfo88\" \/>\n<meta name=\"twitter:label1\" content=\"\u00c9crit par\" \/>\n\t<meta name=\"twitter:data1\" content=\"La redaction\" \/>\n\t<meta name=\"twitter:label2\" content=\"Dur\u00e9e de lecture estim\u00e9e\" \/>\n\t<meta name=\"twitter:data2\" content=\"1 minute\" \/>\n<script type=\"application\/ld+json\" class=\"yoast-schema-graph\">{\"@context\":\"https:\/\/schema.org\",\"@graph\":[{\"@type\":\"Article\",\"@id\":\"https:\/\/vosgesinfo.fr\/gerardmerinfo\/2025\/02\/deces-de-m-alex-richard\/#article\",\"isPartOf\":{\"@id\":\"https:\/\/vosgesinfo.fr\/gerardmerinfo\/2025\/02\/deces-de-m-alex-richard\/\"},\"author\":{\"name\":\"La redaction\",\"@id\":\"https:\/\/vosgesinfo.fr\/gerardmerinfo\/#\/schema\/person\/27a3695b06db98895b354c0765cdfc31\"},\"headline\":\"D\u00e9c\u00e8s de M. Alex Richard\",\"datePublished\":\"2025-02-14T18:06:56+00:00\",\"dateModified\":\"2025-02-14T17:54:08+00:00\",\"mainEntityOfPage\":{\"@id\":\"https:\/\/vosgesinfo.fr\/gerardmerinfo\/2025\/02\/deces-de-m-alex-richard\/\"},\"wordCount\":137,\"commentCount\":3,\"publisher\":{\"@id\":\"https:\/\/vosgesinfo.fr\/gerardmerinfo\/#organization\"},\"image\":{\"@id\":\"https:\/\/vosgesinfo.fr\/gerardmerinfo\/2025\/02\/deces-de-m-alex-richard\/#primaryimage\"},\"thumbnailUrl\":\"https:\/\/vosgesinfo.fr\/app\/uploads\/sites\/6\/2020\/09\/avis-de-decces-bougie.jpg\",\"articleSection\":[\"A la une\",\"Avis de d\u00e9c\u00e8s\",\"G\u00e9rardmer\",\"Gerardmer\"],\"inLanguage\":\"fr-FR\",\"potentialAction\":[{\"@type\":\"CommentAction\",\"name\":\"Comment\",\"target\":[\"https:\/\/vosgesinfo.fr\/gerardmerinfo\/2025\/02\/deces-de-m-alex-richard\/#respond\"]}]},{\"@type\":\"WebPage\",\"@id\":\"https:\/\/vosgesinfo.fr\/gerardmerinfo\/2025\/02\/deces-de-m-alex-richard\/\",\"url\":\"https:\/\/vosgesinfo.fr\/gerardmerinfo\/2025\/02\/deces-de-m-alex-richard\/\",\"name\":\"D\u00e9c\u00e8s de M. Alex Richard - Gerardmer Info\",\"isPartOf\":{\"@id\":\"https:\/\/vosgesinfo.fr\/gerardmerinfo\/#website\"},\"primaryImageOfPage\":{\"@id\":\"https:\/\/vosgesinfo.fr\/gerardmerinfo\/2025\/02\/deces-de-m-alex-richard\/#primaryimage\"},\"image\":{\"@id\":\"https:\/\/vosgesinfo.fr\/gerardmerinfo\/2025\/02\/deces-de-m-alex-richard\/#primaryimage\"},\"thumbnailUrl\":\"https:\/\/vosgesinfo.fr\/app\/uploads\/sites\/6\/2020\/09\/avis-de-decces-bougie.jpg\",\"datePublished\":\"2025-02-14T18:06:56+00:00\",\"dateModified\":\"2025-02-14T17:54:08+00:00\",\"breadcrumb\":{\"@id\":\"https:\/\/vosgesinfo.fr\/gerardmerinfo\/2025\/02\/deces-de-m-alex-richard\/#breadcrumb\"},\"inLanguage\":\"fr-FR\",\"potentialAction\":[{\"@type\":\"ReadAction\",\"target\":[\"https:\/\/vosgesinfo.fr\/gerardmerinfo\/2025\/02\/deces-de-m-alex-richard\/\"]}]},{\"@type\":\"ImageObject\",\"inLanguage\":\"fr-FR\",\"@id\":\"https:\/\/vosgesinfo.fr\/gerardmerinfo\/2025\/02\/deces-de-m-alex-richard\/#primaryimage\",\"url\":\"https:\/\/vosgesinfo.fr\/app\/uploads\/sites\/6\/2020\/09\/avis-de-decces-bougie.jpg\",\"contentUrl\":\"https:\/\/vosgesinfo.fr\/app\/uploads\/sites\/6\/2020\/09\/avis-de-decces-bougie.jpg\",\"width\":700,\"height\":321},{\"@type\":\"BreadcrumbList\",\"@id\":\"https:\/\/vosgesinfo.fr\/gerardmerinfo\/2025\/02\/deces-de-m-alex-richard\/#breadcrumb\",\"itemListElement\":[{\"@type\":\"ListItem\",\"position\":1,\"name\":\"Home\",\"item\":\"https:\/\/vosgesinfo.fr\/gerardmerinfo\/\"},{\"@type\":\"ListItem\",\"position\":2,\"name\":\"D\u00e9c\u00e8s de M. Alex Richard\"}]},{\"@type\":\"WebSite\",\"@id\":\"https:\/\/vosgesinfo.fr\/gerardmerinfo\/#website\",\"url\":\"https:\/\/vosgesinfo.fr\/gerardmerinfo\/\",\"name\":\"Gerardmer Info\",\"description\":\"Toute l&#039;actualit\u00e9 de G\u00e9rardmer\",\"publisher\":{\"@id\":\"https:\/\/vosgesinfo.fr\/gerardmerinfo\/#organization\"},\"alternateName\":\"Toute l'actualit\u00e9 de G\u00e9rardmer\",\"potentialAction\":[{\"@type\":\"SearchAction\",\"target\":{\"@type\":\"EntryPoint\",\"urlTemplate\":\"https:\/\/vosgesinfo.fr\/gerardmerinfo\/?s={search_term_string}\"},\"query-input\":\"required name=search_term_string\"}],\"inLanguage\":\"fr-FR\"},{\"@type\":\"Organization\",\"@id\":\"https:\/\/vosgesinfo.fr\/gerardmerinfo\/#organization\",\"name\":\"Gerardmer Info\",\"url\":\"https:\/\/vosgesinfo.fr\/gerardmerinfo\/\",\"logo\":{\"@type\":\"ImageObject\",\"inLanguage\":\"fr-FR\",\"@id\":\"https:\/\/vosgesinfo.fr\/gerardmerinfo\/#\/schema\/logo\/image\/\",\"url\":\"https:\/\/vosgesinfo.fr\/app\/uploads\/sites\/6\/2023\/08\/favicon-gerardmerinfo.png\",\"contentUrl\":\"https:\/\/vosgesinfo.fr\/app\/uploads\/sites\/6\/2023\/08\/favicon-gerardmerinfo.png\",\"width\":512,\"height\":512,\"caption\":\"Gerardmer Info\"},\"image\":{\"@id\":\"https:\/\/vosgesinfo.fr\/gerardmerinfo\/#\/schema\/logo\/image\/\"},\"sameAs\":[\"https:\/\/www.facebook.com\/profile.php?id=100049475262660\",\"https:\/\/x.com\/VosgesInfo88\",\"https:\/\/www.youtube.com\/@vosgesinfo\"]},{\"@type\":\"Person\",\"@id\":\"https:\/\/vosgesinfo.fr\/gerardmerinfo\/#\/schema\/person\/27a3695b06db98895b354c0765cdfc31\",\"name\":\"La redaction\",\"image\":{\"@type\":\"ImageObject\",\"inLanguage\":\"fr-FR\",\"@id\":\"https:\/\/vosgesinfo.fr\/gerardmerinfo\/#\/schema\/person\/image\/\",\"url\":\"https:\/\/secure.gravatar.com\/avatar\/64c76a78e501cedee55736f43f332df901e1896ae9cd8fad269ae2236dd0e8b6?s=96&d=mm&r=g\",\"contentUrl\":\"https:\/\/secure.gravatar.com\/avatar\/64c76a78e501cedee55736f43f332df901e1896ae9cd8fad269ae2236dd0e8b6?s=96&d=mm&r=g\",\"caption\":\"La redaction\"},\"url\":\"https:\/\/vosgesinfo.fr\/gerardmerinfo\/author\/la-redaction\/\"}]}<\/script>\n<!-- \/ Yoast SEO plugin. -->","yoast_head_json":{"title":"D\u00e9c\u00e8s de M. Alex Richard - Gerardmer Info","robots":{"index":"index","follow":"follow","max-snippet":"max-snippet:-1","max-image-preview":"max-image-preview:large","max-video-preview":"max-video-preview:-1"},"canonical":"https:\/\/vosgesinfo.fr\/gerardmerinfo\/2025\/02\/deces-de-m-alex-richard\/","twitter_card":"summary_large_image","twitter_title":"D\u00e9c\u00e8s de M. Alex Richard - Gerardmer Info","twitter_description":"G\u00c9RARDMER, SAINT-DI\u00c9 Aaron, son fils\u00a0; Caroline, la maman d\u2019Aaron\u00a0; Aloysia\u00a0; Marcelle, sa maman\u00a0; Agn\u00e8s, sa s\u0153ur\u00a0; Ses nombreux amis\u00a0; Ont [&hellip;]","twitter_image":"https:\/\/vosgesinfo.fr\/app\/uploads\/sites\/6\/2020\/09\/avis-de-decces-bougie.jpg","twitter_creator":"@VosgesInfo88","twitter_site":"@VosgesInfo88","twitter_misc":{"\u00c9crit par":"La redaction","Dur\u00e9e de lecture estim\u00e9e":"1 minute"},"schema":{"@context":"https:\/\/schema.org","@graph":[{"@type":"Article","@id":"https:\/\/vosgesinfo.fr\/gerardmerinfo\/2025\/02\/deces-de-m-alex-richard\/#article","isPartOf":{"@id":"https:\/\/vosgesinfo.fr\/gerardmerinfo\/2025\/02\/deces-de-m-alex-richard\/"},"author":{"name":"La redaction","@id":"https:\/\/vosgesinfo.fr\/gerardmerinfo\/#\/schema\/person\/27a3695b06db98895b354c0765cdfc31"},"headline":"D\u00e9c\u00e8s de M. Alex Richard","datePublished":"2025-02-14T18:06:56+00:00","dateModified":"2025-02-14T17:54:08+00:00","mainEntityOfPage":{"@id":"https:\/\/vosgesinfo.fr\/gerardmerinfo\/2025\/02\/deces-de-m-alex-richard\/"},"wordCount":137,"commentCount":3,"publisher":{"@id":"https:\/\/vosgesinfo.fr\/gerardmerinfo\/#organization"},"image":{"@id":"https:\/\/vosgesinfo.fr\/gerardmerinfo\/2025\/02\/deces-de-m-alex-richard\/#primaryimage"},"thumbnailUrl":"https:\/\/vosgesinfo.fr\/app\/uploads\/sites\/6\/2020\/09\/avis-de-decces-bougie.jpg","articleSection":["A la une","Avis de d\u00e9c\u00e8s","G\u00e9rardmer","Gerardmer"],"inLanguage":"fr-FR","potentialAction":[{"@type":"CommentAction","name":"Comment","target":["https:\/\/vosgesinfo.fr\/gerardmerinfo\/2025\/02\/deces-de-m-alex-richard\/#respond"]}]},{"@type":"WebPage","@id":"https:\/\/vosgesinfo.fr\/gerardmerinfo\/2025\/02\/deces-de-m-alex-richard\/","url":"https:\/\/vosgesinfo.fr\/gerardmerinfo\/2025\/02\/deces-de-m-alex-richard\/","name":"D\u00e9c\u00e8s de M. Alex Richard - Gerardmer Info","isPartOf":{"@id":"https:\/\/vosgesinfo.fr\/gerardmerinfo\/#website"},"primaryImageOfPage":{"@id":"https:\/\/vosgesinfo.fr\/gerardmerinfo\/2025\/02\/deces-de-m-alex-richard\/#primaryimage"},"image":{"@id":"https:\/\/vosgesinfo.fr\/gerardmerinfo\/2025\/02\/deces-de-m-alex-richard\/#primaryimage"},"thumbnailUrl":"https:\/\/vosgesinfo.fr\/app\/uploads\/sites\/6\/2020\/09\/avis-de-decces-bougie.jpg","datePublished":"2025-02-14T18:06:56+00:00","dateModified":"2025-02-14T17:54:08+00:00","breadcrumb":{"@id":"https:\/\/vosgesinfo.fr\/gerardmerinfo\/2025\/02\/deces-de-m-alex-richard\/#breadcrumb"},"inLanguage":"fr-FR","potentialAction":[{"@type":"ReadAction","target":["https:\/\/vosgesinfo.fr\/gerardmerinfo\/2025\/02\/deces-de-m-alex-richard\/"]}]},{"@type":"ImageObject","inLanguage":"fr-FR","@id":"https:\/\/vosgesinfo.fr\/gerardmerinfo\/2025\/02\/deces-de-m-alex-richard\/#primaryimage","url":"https:\/\/vosgesinfo.fr\/app\/uploads\/sites\/6\/2020\/09\/avis-de-decces-bougie.jpg","contentUrl":"https:\/\/vosgesinfo.fr\/app\/uploads\/sites\/6\/2020\/09\/avis-de-decces-bougie.jpg","width":700,"height":321},{"@type":"BreadcrumbList","@id":"https:\/\/vosgesinfo.fr\/gerardmerinfo\/2025\/02\/deces-de-m-alex-richard\/#breadcrumb","itemListElement":[{"@type":"ListItem","position":1,"name":"Home","item":"https:\/\/vosgesinfo.fr\/gerardmerinfo\/"},{"@type":"ListItem","position":2,"name":"D\u00e9c\u00e8s de M. Alex Richard"}]},{"@type":"WebSite","@id":"https:\/\/vosgesinfo.fr\/gerardmerinfo\/#website","url":"https:\/\/vosgesinfo.fr\/gerardmerinfo\/","name":"Gerardmer Info","description":"Toute l&#039;actualit\u00e9 de G\u00e9rardmer","publisher":{"@id":"https:\/\/vosgesinfo.fr\/gerardmerinfo\/#organization"},"alternateName":"Toute l'actualit\u00e9 de G\u00e9rardmer","potentialAction":[{"@type":"SearchAction","target":{"@type":"EntryPoint","urlTemplate":"https:\/\/vosgesinfo.fr\/gerardmerinfo\/?s={search_term_string}"},"query-input":"required name=search_term_string"}],"inLanguage":"fr-FR"},{"@type":"Organization","@id":"https:\/\/vosgesinfo.fr\/gerardmerinfo\/#organization","name":"Gerardmer Info","url":"https:\/\/vosgesinfo.fr\/gerardmerinfo\/","logo":{"@type":"ImageObject","inLanguage":"fr-FR","@id":"https:\/\/vosgesinfo.fr\/gerardmerinfo\/#\/schema\/logo\/image\/","url":"https:\/\/vosgesinfo.fr\/app\/uploads\/sites\/6\/2023\/08\/favicon-gerardmerinfo.png","contentUrl":"https:\/\/vosgesinfo.fr\/app\/uploads\/sites\/6\/2023\/08\/favicon-gerardmerinfo.png","width":512,"height":512,"caption":"Gerardmer Info"},"image":{"@id":"https:\/\/vosgesinfo.fr\/gerardmerinfo\/#\/schema\/logo\/image\/"},"sameAs":["https:\/\/www.facebook.com\/profile.php?id=100049475262660","https:\/\/x.com\/VosgesInfo88","https:\/\/www.youtube.com\/@vosgesinfo"]},{"@type":"Person","@id":"https:\/\/vosgesinfo.fr\/gerardmerinfo\/#\/schema\/person\/27a3695b06db98895b354c0765cdfc31","name":"La redaction","image":{"@type":"ImageObject","inLanguage":"fr-FR","@id":"https:\/\/vosgesinfo.fr\/gerardmerinfo\/#\/schema\/person\/image\/","url":"https:\/\/secure.gravatar.com\/avatar\/64c76a78e501cedee55736f43f332df901e1896ae9cd8fad269ae2236dd0e8b6?s=96&d=mm&r=g","contentUrl":"https:\/\/secure.gravatar.com\/avatar\/64c76a78e501cedee55736f43f332df901e1896ae9cd8fad269ae2236dd0e8b6?s=96&d=mm&r=g","caption":"La redaction"},"url":"https:\/\/vosgesinfo.fr\/gerardmerinfo\/author\/la-redaction\/"}]}},"_links":{"self":[{"href":"https:\/\/vosgesinfo.fr\/gerardmerinfo\/wp-json\/wp\/v2\/posts\/74358","targetHints":{"allow":["GET"]}}],"collection":[{"href":"https:\/\/vosgesinfo.fr\/gerardmerinfo\/wp-json\/wp\/v2\/posts"}],"about":[{"href":"https:\/\/vosgesinfo.fr\/gerardmerinfo\/wp-json\/wp\/v2\/types\/post"}],"author":[{"embeddable":true,"href":"https:\/\/vosgesinfo.fr\/gerardmerinfo\/wp-json\/wp\/v2\/users\/391"}],"replies":[{"embeddable":true,"href":"https:\/\/vosgesinfo.fr\/gerardmerinfo\/wp-json\/wp\/v2\/comments?post=74358"}],"version-history":[{"count":1,"href":"https:\/\/vosgesinfo.fr\/gerardmerinfo\/wp-json\/wp\/v2\/posts\/74358\/revisions"}],"predecessor-version":[{"id":74360,"href":"https:\/\/vosgesinfo.fr\/gerardmerinfo\/wp-json\/wp\/v2\/posts\/74358\/revisions\/74360"}],"wp:featuredmedia":[{"embeddable":true,"href":"https:\/\/vosgesinfo.fr\/gerardmerinfo\/wp-json\/wp\/v2\/media\/213"}],"wp:attachment":[{"href":"https:\/\/vosgesinfo.fr\/gerardmerinfo\/wp-json\/wp\/v2\/media?parent=74358"}],"wp:term":[{"taxonomy":"category","embeddable":true,"href":"https:\/\/vosgesinfo.fr\/gerardmerinfo\/wp-json\/wp\/v2\/categories?post=74358"},{"taxonomy":"post_tag","embeddable":true,"href":"https:\/\/vosgesinfo.fr\/gerardmerinfo\/wp-json\/wp\/v2\/tags?post=74358"}],"curies":[{"name":"wp","href":"https:\/\/api.w.org\/{rel}","templated":true}]}}