{"id":74484,"date":"2025-02-18T12:00:47","date_gmt":"2025-02-18T11:00:47","guid":{"rendered":"https:\/\/vosgesinfo.fr\/gerardmerinfo\/?p=74484"},"modified":"2025-02-18T12:00:47","modified_gmt":"2025-02-18T11:00:47","slug":"en-2025-vosgelis-investit-28-millions-deuros-dans-les-vosges","status":"publish","type":"post","link":"https:\/\/vosgesinfo.fr\/gerardmerinfo\/2025\/02\/en-2025-vosgelis-investit-28-millions-deuros-dans-les-vosges\/","title":{"rendered":"En 2025, Vosgelis investit 28 millions d\u2019euros dans les Vosges"},"content":{"rendered":"<h2><strong><a href=\"https:\/\/vosgesinfo.fr\/app\/uploads\/sites\/3\/2025\/02\/thumbnail-photo-de-presentation.jpg\"><img decoding=\"async\" class=\"aligncenter size-large wp-image-128490\" src=\"https:\/\/vosgesinfo.fr\/app\/uploads\/sites\/3\/2025\/02\/thumbnail-photo-de-presentation-1024x646.jpg\" alt=\"\" width=\"1024\" height=\"646\" \/><\/a>Cette ann\u00e9e encore, Vosgelis a pr\u00e9vu un important programme de travaux pour entretenir et am\u00e9liorer son patrimoine. Pr\u00e8s de 40 millions d\u2019euros seront investis dans les Vosges. L\u2019am\u00e9lioration thermique se r\u00e9serve la plus grosse part, comme il se doit ; mais la construction, la maintenance et les travaux d\u2019adaptation aux personnes \u00e0 mobilit\u00e9 r\u00e9duite seront \u00e9galement au rang des priorit\u00e9s du bailleur.<\/strong><\/h2>\n<p><strong>Voici une liste (non exhaustive et susceptible d\u2019\u00eatre modifi\u00e9e) des principaux chantiers de l\u2019ann\u00e9e. <\/strong><\/p>\n<p><strong>Construction de logements neufs\u00a0:<\/strong><\/p>\n<ul>\n<li>Thaon-les-Vosges (26 logements)\u00a0: remise des cl\u00e9s dans le courant de l\u2019\u00e9t\u00e9.<\/li>\n<li>Epinal, rue du Mar\u00e9chal Lyautey (79 logements)\u00a0: chantier en cours.<\/li>\n<li>Remiremont, faubourg de la Croisette (24 logements)\u00a0: chantier en cours.<\/li>\n<li>Laval-sur-Vologne (13 logements)\u00a0: d\u00e9marrage cette ann\u00e9e.<\/li>\n<li>Xertigny (6 logements)\u00a0: d\u00e9marrage cette ann\u00e9e.<\/li>\n<li><a href=\"https:\/\/vosgesinfo.fr\/app\/uploads\/sites\/3\/2025\/02\/thumbnail-projet-epinal-lyautey.jpg\"><img decoding=\"async\" class=\"aligncenter size-medium wp-image-128491\" src=\"https:\/\/vosgesinfo.fr\/app\/uploads\/sites\/3\/2025\/02\/thumbnail-projet-epinal-lyautey-300x212.jpg\" alt=\"\" width=\"300\" height=\"212\" \/><\/a><\/li>\n<li><em>Le projet immobilier de la Rue du Mar\u00e9chal Lyautey \u00e0 Epinal<\/em>\n<p><strong>Travaux d\u2019am\u00e9lioration thermique\u00a0:<\/strong><\/p>\n<p><em>Isolation thermique par l\u2019ext\u00e9rieur : <\/em><\/p>\n<ul>\n<li>Bruy\u00e8res, place Henri Thomas<\/li>\n<li>Contrex\u00e9ville, rue Maurice Colin<\/li>\n<li>La Bresse, rue de Bellevue<\/li>\n<li>Monthureux-sur-Sa\u00f4ne, impasse des Pevenches<\/li>\n<li>Rupt-sur-Moselle, rue Jean-Baptiste Rouillon<\/li>\n<li>Thaon-les-Vosges, place Jules Ferry<\/li>\n<li>Vagney, rue de la Brouh\u00e8re<\/li>\n<li>Xonrupt-Longemer, rue Paul Martin<\/li>\n<\/ul>\n<p><em>Chauffage et ventilation\u00a0:<\/em><\/p>\n<ul>\n<li>Bruy\u00e8res, place Henri Thomas<\/li>\n<li>Ch\u00e2tel-sur-Moselle, rue Jeanne d\u2019Arc<\/li>\n<li>Dom\u00e8vre-sur-Avi\u00e8re, rue Principale<\/li>\n<li>G\u00e9rardmer, Le Bergon<\/li>\n<li>Golbey, rue Lavoisier<\/li>\n<li>L\u00e9panges-sur-Vologne, Le Gai Champ<\/li>\n<li>Neuch\u00e2teau, rue de la Censuaire<\/li>\n<li>Pouxeux, Sous le Thillot<\/li>\n<li>Rupt-sur-Moselle, rue Jean-Baptiste Rouillon<\/li>\n<li>Thaon-les-Vosges, rue Dutac, rue des Aulnes et all\u00e9e Victor Hugo<\/li>\n<li>Xonrupt-Longemer, rue Paul Martin<\/li>\n<li><a href=\"https:\/\/vosgesinfo.fr\/app\/uploads\/sites\/3\/2025\/02\/thumbnail-bergon.png\"><img decoding=\"async\" class=\"aligncenter size-medium wp-image-128492\" src=\"https:\/\/vosgesinfo.fr\/app\/uploads\/sites\/3\/2025\/02\/thumbnail-bergon-300x202.png\" alt=\"\" width=\"300\" height=\"202\" \/><\/a><\/li>\n<li><em>Quartier du Bergon \u00e0 G\u00e9rardmer<\/em>\n<p><em>Remplacement des fen\u00eatres\u00a0:<\/em><\/p>\n<ul>\n<li>Bruy\u00e8res, place Henri Thomas<\/li>\n<li>Ch\u00e2tel-sur-Moselle, rue Jeanne d\u2019Arc<\/li>\n<li>Darney, les Grands Jardins<\/li>\n<li>La Bresse, rue de Bellevue<\/li>\n<li>La V\u00f4ge-les-Bains, rue d&rsquo;Epinal<\/li>\n<li>Monthureux-sur-Sa\u00f4ne, impasse des Pevenches<\/li>\n<li>Neufch\u00e2teau, avenue de Herringen, rue Sainte-Marie et rue de la Censuaire<\/li>\n<li>Pouxeux, Sous les Thillots<\/li>\n<li>Raon l\u2019Etape, La Haute Chapelle<\/li>\n<li>Remoncourt, rue des Loch\u00e8res<\/li>\n<li>Rupt-sur-Moselle, rue Jean-Baptiste Rouillon<\/li>\n<li>Saint-Am\u00e9, foyer Tremplin<\/li>\n<li>Saint-Di\u00e9-des-Vosges, rue d&rsquo;Alsace, rue St Rochet et rue Ohl des Marais<\/li>\n<li>Thaon-les-Vosges, place Jules Ferry, rue Dutac, rue des Aulnes<\/li>\n<li>Thi\u00e9fosse, Chemin des Aulnottes<\/li>\n<li>Vagney, rue de la Brouh\u00e8re<\/li>\n<li>Vittel, rue S\u0153ur Catherine et rue Claude Bassot<\/li>\n<li>Xonrupt-Longemer, rue Paul Martin<\/li>\n<li>\n<p><div id=\"attachment_128493\" style=\"width: 310px\" class=\"wp-caption aligncenter\"><a href=\"https:\/\/vosgesinfo.fr\/app\/uploads\/sites\/3\/2025\/02\/thumbnail-salle-de-bains.jpg\"><img decoding=\"async\" aria-describedby=\"caption-attachment-128493\" class=\"size-medium wp-image-128493\" src=\"https:\/\/vosgesinfo.fr\/app\/uploads\/sites\/3\/2025\/02\/thumbnail-salle-de-bains-300x200.jpg\" alt=\"\" width=\"300\" height=\"200\" \/><\/a><p id=\"caption-attachment-128493\" class=\"wp-caption-text\">Exemple de salle de bains adapt\u00e9e<\/p><\/div><\/li>\n<\/ul>\n<p>&nbsp;<\/p>\n<p><strong>Travaux d\u2019adaptation\u00a0:<\/strong><\/p>\n<ul>\n<li>Labellisation de 109 logements Habitat Senior Services\u00ae en 2025\u00a0\u00e0 Anould, Saint-Di\u00e9-des-Vosges, Rupt-sur-Moselle, Saint-Am\u00e9, Bruy\u00e8res, Charmes et Portieux.<\/li>\n<li>Installation d\u2019environ 500 douches pour r\u00e9pondre aux demandes des locataires.<\/li>\n<li><strong>Travaux de maintenance divers\u00a0(parties communes, couverture, \u00e9lectricit\u00e9, menuiseries int\u00e9rieures, peintures, espaces ext\u00e9rieurs\u2026)\u00a0:<\/strong>\n<p>Diverses r\u00e9sidences \u00e0 Bruy\u00e8res, Chantraine, Charmes, Ch\u00e2tel-sur-Moselle, Dompaire, Epinal, Golbey, Mirecourt, Monthureux-sur-Sa\u00f4ne, Nomexy, Pouxeux, Rambervillers, Remiremont, Remoncourt, Rupt-sur-Moselle, Saint-Am\u00e9, Saint-Etienne-les-Remiremont, Saulxures-sur-Moselotte, Thaon-les-Vosges, Thi\u00e9fosse, Vagney, Vincey.<\/p>\n<p>&nbsp;<\/p>\n<p><strong>En marge de ces nombreux travaux, Vosgelis livrera cette ann\u00e9e 236 logements en Alsace, dont les futurs loyers permettront de financer les travaux d\u2019am\u00e9lioration et d\u2019entretien pour les ann\u00e9es \u00e0 venir.<\/strong><\/p>\n<div id=\"attachment_128494\" style=\"width: 310px\" class=\"wp-caption aligncenter\"><a href=\"https:\/\/vosgesinfo.fr\/app\/uploads\/sites\/3\/2025\/02\/thumbnail-wissembourg.png\"><img decoding=\"async\" aria-describedby=\"caption-attachment-128494\" class=\"size-medium wp-image-128494\" src=\"https:\/\/vosgesinfo.fr\/app\/uploads\/sites\/3\/2025\/02\/thumbnail-wissembourg-300x155.png\" alt=\"\" width=\"300\" height=\"155\" \/><\/a><p id=\"caption-attachment-128494\" class=\"wp-caption-text\">Ensemble immobilier de 42 logements \u00e0 Wissembourg (67), livr\u00e9s dans le courant de l\u2019\u00e9t\u00e9<\/p><\/div>\n<p><strong>\u00a0<\/strong><\/p>\n<p><strong>Travaux de maintenance divers\u00a0(parties communes, couverture, \u00e9lectricit\u00e9, menuiseries int\u00e9rieures, peintures, espaces ext\u00e9rieurs\u2026)\u00a0:<\/strong><\/p>\n<p>Diverses r\u00e9sidences \u00e0 Bruy\u00e8res, Chantraine, Charmes, Ch\u00e2tel-sur-Moselle, Dompaire, Epinal, Golbey, Mirecourt, Monthureux-sur-Sa\u00f4ne, Nomexy, Pouxeux, Rambervillers, Remiremont, Remoncourt, Rupt-sur-Moselle, Saint-Am\u00e9, Saint-Etienne-les-Remiremont, Saulxures-sur-Moselotte, Thaon-les-Vosges, Thi\u00e9fosse, Vagney, Vincey.<\/p>\n<p><strong>En marge de ces nombreux travaux, Vosgelis livrera cette ann\u00e9e 236 logements en Alsace, dont les futurs loyers permettront de financer les travaux d\u2019am\u00e9lioration et d\u2019entretien pour les ann\u00e9es \u00e0 venir.<\/strong><\/p>\n<p><strong>\u00a0<\/strong><\/li>\n<\/ul>\n<\/li>\n<\/ul>\n<\/li>\n<\/ul>\n","protected":false},"excerpt":{"rendered":"<p>Cette ann\u00e9e encore, Vosgelis a pr\u00e9vu un important programme de travaux pour entretenir et am\u00e9liorer son patrimoine. Pr\u00e8s de 40 [&hellip;]<\/p>\n","protected":false},"author":391,"featured_media":74485,"comment_status":"open","ping_status":"open","sticky":false,"template":"","format":"standard","meta":{"footnotes":""},"categories":[20,878,25,328,11,21,868,946],"tags":[],"class_list":["post-74484","post","type-post","status-publish","format-standard","has-post-thumbnail","hentry","category-a-la-une","category-epinal","category-gerardmer","category-la-plaine-des-vosges","category-publi-reportage","category-publireportage","category-remiremont","category-saint-die"],"acf":[],"yoast_head":"<!-- This site is optimized with the Yoast SEO plugin v22.5 - https:\/\/yoast.com\/wordpress\/plugins\/seo\/ -->\n<title>En 2025, Vosgelis investit 28 millions d\u2019euros dans les Vosges - Gerardmer Info<\/title>\n<meta name=\"robots\" content=\"index, follow, max-snippet:-1, max-image-preview:large, max-video-preview:-1\" \/>\n<link rel=\"canonical\" href=\"https:\/\/vosgesinfo.fr\/gerardmerinfo\/2025\/02\/en-2025-vosgelis-investit-28-millions-deuros-dans-les-vosges\/\" \/>\n<meta name=\"twitter:card\" content=\"summary_large_image\" \/>\n<meta name=\"twitter:title\" content=\"En 2025, Vosgelis investit 28 millions d\u2019euros dans les Vosges - Gerardmer Info\" \/>\n<meta name=\"twitter:description\" content=\"Cette ann\u00e9e encore, Vosgelis a pr\u00e9vu un important programme de travaux pour entretenir et am\u00e9liorer son patrimoine. Pr\u00e8s de 40 [&hellip;]\" \/>\n<meta name=\"twitter:image\" content=\"https:\/\/vosgesinfo.fr\/app\/uploads\/sites\/6\/2025\/02\/thumbnail-photo-de-presentation.jpg\" \/>\n<meta name=\"twitter:creator\" content=\"@VosgesInfo88\" \/>\n<meta name=\"twitter:site\" content=\"@VosgesInfo88\" \/>\n<meta name=\"twitter:label1\" content=\"\u00c9crit par\" \/>\n\t<meta name=\"twitter:data1\" content=\"La redaction\" \/>\n\t<meta name=\"twitter:label2\" content=\"Dur\u00e9e de lecture estim\u00e9e\" \/>\n\t<meta name=\"twitter:data2\" content=\"3 minutes\" \/>\n<script type=\"application\/ld+json\" class=\"yoast-schema-graph\">{\"@context\":\"https:\/\/schema.org\",\"@graph\":[{\"@type\":\"Article\",\"@id\":\"https:\/\/vosgesinfo.fr\/gerardmerinfo\/2025\/02\/en-2025-vosgelis-investit-28-millions-deuros-dans-les-vosges\/#article\",\"isPartOf\":{\"@id\":\"https:\/\/vosgesinfo.fr\/gerardmerinfo\/2025\/02\/en-2025-vosgelis-investit-28-millions-deuros-dans-les-vosges\/\"},\"author\":{\"name\":\"La redaction\",\"@id\":\"https:\/\/vosgesinfo.fr\/gerardmerinfo\/#\/schema\/person\/27a3695b06db98895b354c0765cdfc31\"},\"headline\":\"En 2025, Vosgelis investit 28 millions d\u2019euros dans les Vosges\",\"datePublished\":\"2025-02-18T11:00:47+00:00\",\"dateModified\":\"2025-02-18T11:00:47+00:00\",\"mainEntityOfPage\":{\"@id\":\"https:\/\/vosgesinfo.fr\/gerardmerinfo\/2025\/02\/en-2025-vosgelis-investit-28-millions-deuros-dans-les-vosges\/\"},\"wordCount\":609,\"commentCount\":1,\"publisher\":{\"@id\":\"https:\/\/vosgesinfo.fr\/gerardmerinfo\/#organization\"},\"image\":{\"@id\":\"https:\/\/vosgesinfo.fr\/gerardmerinfo\/2025\/02\/en-2025-vosgelis-investit-28-millions-deuros-dans-les-vosges\/#primaryimage\"},\"thumbnailUrl\":\"https:\/\/vosgesinfo.fr\/app\/uploads\/sites\/6\/2025\/02\/thumbnail-photo-de-presentation.jpg\",\"articleSection\":[\"A la une\",\"Epinal\",\"G\u00e9rardmer\",\"La plaine des vosges\",\"Publi-reportage\",\"Publireportage\",\"Remiremont\",\"Saint-di\u00e9\"],\"inLanguage\":\"fr-FR\",\"potentialAction\":[{\"@type\":\"CommentAction\",\"name\":\"Comment\",\"target\":[\"https:\/\/vosgesinfo.fr\/gerardmerinfo\/2025\/02\/en-2025-vosgelis-investit-28-millions-deuros-dans-les-vosges\/#respond\"]}]},{\"@type\":\"WebPage\",\"@id\":\"https:\/\/vosgesinfo.fr\/gerardmerinfo\/2025\/02\/en-2025-vosgelis-investit-28-millions-deuros-dans-les-vosges\/\",\"url\":\"https:\/\/vosgesinfo.fr\/gerardmerinfo\/2025\/02\/en-2025-vosgelis-investit-28-millions-deuros-dans-les-vosges\/\",\"name\":\"En 2025, Vosgelis investit 28 millions d\u2019euros dans les Vosges - Gerardmer Info\",\"isPartOf\":{\"@id\":\"https:\/\/vosgesinfo.fr\/gerardmerinfo\/#website\"},\"primaryImageOfPage\":{\"@id\":\"https:\/\/vosgesinfo.fr\/gerardmerinfo\/2025\/02\/en-2025-vosgelis-investit-28-millions-deuros-dans-les-vosges\/#primaryimage\"},\"image\":{\"@id\":\"https:\/\/vosgesinfo.fr\/gerardmerinfo\/2025\/02\/en-2025-vosgelis-investit-28-millions-deuros-dans-les-vosges\/#primaryimage\"},\"thumbnailUrl\":\"https:\/\/vosgesinfo.fr\/app\/uploads\/sites\/6\/2025\/02\/thumbnail-photo-de-presentation.jpg\",\"datePublished\":\"2025-02-18T11:00:47+00:00\",\"dateModified\":\"2025-02-18T11:00:47+00:00\",\"breadcrumb\":{\"@id\":\"https:\/\/vosgesinfo.fr\/gerardmerinfo\/2025\/02\/en-2025-vosgelis-investit-28-millions-deuros-dans-les-vosges\/#breadcrumb\"},\"inLanguage\":\"fr-FR\",\"potentialAction\":[{\"@type\":\"ReadAction\",\"target\":[\"https:\/\/vosgesinfo.fr\/gerardmerinfo\/2025\/02\/en-2025-vosgelis-investit-28-millions-deuros-dans-les-vosges\/\"]}]},{\"@type\":\"ImageObject\",\"inLanguage\":\"fr-FR\",\"@id\":\"https:\/\/vosgesinfo.fr\/gerardmerinfo\/2025\/02\/en-2025-vosgelis-investit-28-millions-deuros-dans-les-vosges\/#primaryimage\",\"url\":\"https:\/\/vosgesinfo.fr\/app\/uploads\/sites\/6\/2025\/02\/thumbnail-photo-de-presentation.jpg\",\"contentUrl\":\"https:\/\/vosgesinfo.fr\/app\/uploads\/sites\/6\/2025\/02\/thumbnail-photo-de-presentation.jpg\",\"width\":1920,\"height\":1212},{\"@type\":\"BreadcrumbList\",\"@id\":\"https:\/\/vosgesinfo.fr\/gerardmerinfo\/2025\/02\/en-2025-vosgelis-investit-28-millions-deuros-dans-les-vosges\/#breadcrumb\",\"itemListElement\":[{\"@type\":\"ListItem\",\"position\":1,\"name\":\"Home\",\"item\":\"https:\/\/vosgesinfo.fr\/gerardmerinfo\/\"},{\"@type\":\"ListItem\",\"position\":2,\"name\":\"En 2025, Vosgelis investit 28 millions d\u2019euros dans les Vosges\"}]},{\"@type\":\"WebSite\",\"@id\":\"https:\/\/vosgesinfo.fr\/gerardmerinfo\/#website\",\"url\":\"https:\/\/vosgesinfo.fr\/gerardmerinfo\/\",\"name\":\"Gerardmer Info\",\"description\":\"Toute l&#039;actualit\u00e9 de G\u00e9rardmer\",\"publisher\":{\"@id\":\"https:\/\/vosgesinfo.fr\/gerardmerinfo\/#organization\"},\"alternateName\":\"Toute l'actualit\u00e9 de G\u00e9rardmer\",\"potentialAction\":[{\"@type\":\"SearchAction\",\"target\":{\"@type\":\"EntryPoint\",\"urlTemplate\":\"https:\/\/vosgesinfo.fr\/gerardmerinfo\/?s={search_term_string}\"},\"query-input\":\"required name=search_term_string\"}],\"inLanguage\":\"fr-FR\"},{\"@type\":\"Organization\",\"@id\":\"https:\/\/vosgesinfo.fr\/gerardmerinfo\/#organization\",\"name\":\"Gerardmer Info\",\"url\":\"https:\/\/vosgesinfo.fr\/gerardmerinfo\/\",\"logo\":{\"@type\":\"ImageObject\",\"inLanguage\":\"fr-FR\",\"@id\":\"https:\/\/vosgesinfo.fr\/gerardmerinfo\/#\/schema\/logo\/image\/\",\"url\":\"https:\/\/vosgesinfo.fr\/app\/uploads\/sites\/6\/2023\/08\/favicon-gerardmerinfo.png\",\"contentUrl\":\"https:\/\/vosgesinfo.fr\/app\/uploads\/sites\/6\/2023\/08\/favicon-gerardmerinfo.png\",\"width\":512,\"height\":512,\"caption\":\"Gerardmer Info\"},\"image\":{\"@id\":\"https:\/\/vosgesinfo.fr\/gerardmerinfo\/#\/schema\/logo\/image\/\"},\"sameAs\":[\"https:\/\/www.facebook.com\/profile.php?id=100049475262660\",\"https:\/\/x.com\/VosgesInfo88\",\"https:\/\/www.youtube.com\/@vosgesinfo\"]},{\"@type\":\"Person\",\"@id\":\"https:\/\/vosgesinfo.fr\/gerardmerinfo\/#\/schema\/person\/27a3695b06db98895b354c0765cdfc31\",\"name\":\"La redaction\",\"image\":{\"@type\":\"ImageObject\",\"inLanguage\":\"fr-FR\",\"@id\":\"https:\/\/vosgesinfo.fr\/gerardmerinfo\/#\/schema\/person\/image\/\",\"url\":\"https:\/\/secure.gravatar.com\/avatar\/64c76a78e501cedee55736f43f332df901e1896ae9cd8fad269ae2236dd0e8b6?s=96&d=mm&r=g\",\"contentUrl\":\"https:\/\/secure.gravatar.com\/avatar\/64c76a78e501cedee55736f43f332df901e1896ae9cd8fad269ae2236dd0e8b6?s=96&d=mm&r=g\",\"caption\":\"La redaction\"},\"url\":\"https:\/\/vosgesinfo.fr\/gerardmerinfo\/author\/la-redaction\/\"}]}<\/script>\n<!-- \/ Yoast SEO plugin. -->","yoast_head_json":{"title":"En 2025, Vosgelis investit 28 millions d\u2019euros dans les Vosges - Gerardmer Info","robots":{"index":"index","follow":"follow","max-snippet":"max-snippet:-1","max-image-preview":"max-image-preview:large","max-video-preview":"max-video-preview:-1"},"canonical":"https:\/\/vosgesinfo.fr\/gerardmerinfo\/2025\/02\/en-2025-vosgelis-investit-28-millions-deuros-dans-les-vosges\/","twitter_card":"summary_large_image","twitter_title":"En 2025, Vosgelis investit 28 millions d\u2019euros dans les Vosges - Gerardmer Info","twitter_description":"Cette ann\u00e9e encore, Vosgelis a pr\u00e9vu un important programme de travaux pour entretenir et am\u00e9liorer son patrimoine. Pr\u00e8s de 40 [&hellip;]","twitter_image":"https:\/\/vosgesinfo.fr\/app\/uploads\/sites\/6\/2025\/02\/thumbnail-photo-de-presentation.jpg","twitter_creator":"@VosgesInfo88","twitter_site":"@VosgesInfo88","twitter_misc":{"\u00c9crit par":"La redaction","Dur\u00e9e de lecture estim\u00e9e":"3 minutes"},"schema":{"@context":"https:\/\/schema.org","@graph":[{"@type":"Article","@id":"https:\/\/vosgesinfo.fr\/gerardmerinfo\/2025\/02\/en-2025-vosgelis-investit-28-millions-deuros-dans-les-vosges\/#article","isPartOf":{"@id":"https:\/\/vosgesinfo.fr\/gerardmerinfo\/2025\/02\/en-2025-vosgelis-investit-28-millions-deuros-dans-les-vosges\/"},"author":{"name":"La redaction","@id":"https:\/\/vosgesinfo.fr\/gerardmerinfo\/#\/schema\/person\/27a3695b06db98895b354c0765cdfc31"},"headline":"En 2025, Vosgelis investit 28 millions d\u2019euros dans les Vosges","datePublished":"2025-02-18T11:00:47+00:00","dateModified":"2025-02-18T11:00:47+00:00","mainEntityOfPage":{"@id":"https:\/\/vosgesinfo.fr\/gerardmerinfo\/2025\/02\/en-2025-vosgelis-investit-28-millions-deuros-dans-les-vosges\/"},"wordCount":609,"commentCount":1,"publisher":{"@id":"https:\/\/vosgesinfo.fr\/gerardmerinfo\/#organization"},"image":{"@id":"https:\/\/vosgesinfo.fr\/gerardmerinfo\/2025\/02\/en-2025-vosgelis-investit-28-millions-deuros-dans-les-vosges\/#primaryimage"},"thumbnailUrl":"https:\/\/vosgesinfo.fr\/app\/uploads\/sites\/6\/2025\/02\/thumbnail-photo-de-presentation.jpg","articleSection":["A la une","Epinal","G\u00e9rardmer","La plaine des vosges","Publi-reportage","Publireportage","Remiremont","Saint-di\u00e9"],"inLanguage":"fr-FR","potentialAction":[{"@type":"CommentAction","name":"Comment","target":["https:\/\/vosgesinfo.fr\/gerardmerinfo\/2025\/02\/en-2025-vosgelis-investit-28-millions-deuros-dans-les-vosges\/#respond"]}]},{"@type":"WebPage","@id":"https:\/\/vosgesinfo.fr\/gerardmerinfo\/2025\/02\/en-2025-vosgelis-investit-28-millions-deuros-dans-les-vosges\/","url":"https:\/\/vosgesinfo.fr\/gerardmerinfo\/2025\/02\/en-2025-vosgelis-investit-28-millions-deuros-dans-les-vosges\/","name":"En 2025, Vosgelis investit 28 millions d\u2019euros dans les Vosges - Gerardmer Info","isPartOf":{"@id":"https:\/\/vosgesinfo.fr\/gerardmerinfo\/#website"},"primaryImageOfPage":{"@id":"https:\/\/vosgesinfo.fr\/gerardmerinfo\/2025\/02\/en-2025-vosgelis-investit-28-millions-deuros-dans-les-vosges\/#primaryimage"},"image":{"@id":"https:\/\/vosgesinfo.fr\/gerardmerinfo\/2025\/02\/en-2025-vosgelis-investit-28-millions-deuros-dans-les-vosges\/#primaryimage"},"thumbnailUrl":"https:\/\/vosgesinfo.fr\/app\/uploads\/sites\/6\/2025\/02\/thumbnail-photo-de-presentation.jpg","datePublished":"2025-02-18T11:00:47+00:00","dateModified":"2025-02-18T11:00:47+00:00","breadcrumb":{"@id":"https:\/\/vosgesinfo.fr\/gerardmerinfo\/2025\/02\/en-2025-vosgelis-investit-28-millions-deuros-dans-les-vosges\/#breadcrumb"},"inLanguage":"fr-FR","potentialAction":[{"@type":"ReadAction","target":["https:\/\/vosgesinfo.fr\/gerardmerinfo\/2025\/02\/en-2025-vosgelis-investit-28-millions-deuros-dans-les-vosges\/"]}]},{"@type":"ImageObject","inLanguage":"fr-FR","@id":"https:\/\/vosgesinfo.fr\/gerardmerinfo\/2025\/02\/en-2025-vosgelis-investit-28-millions-deuros-dans-les-vosges\/#primaryimage","url":"https:\/\/vosgesinfo.fr\/app\/uploads\/sites\/6\/2025\/02\/thumbnail-photo-de-presentation.jpg","contentUrl":"https:\/\/vosgesinfo.fr\/app\/uploads\/sites\/6\/2025\/02\/thumbnail-photo-de-presentation.jpg","width":1920,"height":1212},{"@type":"BreadcrumbList","@id":"https:\/\/vosgesinfo.fr\/gerardmerinfo\/2025\/02\/en-2025-vosgelis-investit-28-millions-deuros-dans-les-vosges\/#breadcrumb","itemListElement":[{"@type":"ListItem","position":1,"name":"Home","item":"https:\/\/vosgesinfo.fr\/gerardmerinfo\/"},{"@type":"ListItem","position":2,"name":"En 2025, Vosgelis investit 28 millions d\u2019euros dans les Vosges"}]},{"@type":"WebSite","@id":"https:\/\/vosgesinfo.fr\/gerardmerinfo\/#website","url":"https:\/\/vosgesinfo.fr\/gerardmerinfo\/","name":"Gerardmer Info","description":"Toute l&#039;actualit\u00e9 de G\u00e9rardmer","publisher":{"@id":"https:\/\/vosgesinfo.fr\/gerardmerinfo\/#organization"},"alternateName":"Toute l'actualit\u00e9 de G\u00e9rardmer","potentialAction":[{"@type":"SearchAction","target":{"@type":"EntryPoint","urlTemplate":"https:\/\/vosgesinfo.fr\/gerardmerinfo\/?s={search_term_string}"},"query-input":"required name=search_term_string"}],"inLanguage":"fr-FR"},{"@type":"Organization","@id":"https:\/\/vosgesinfo.fr\/gerardmerinfo\/#organization","name":"Gerardmer Info","url":"https:\/\/vosgesinfo.fr\/gerardmerinfo\/","logo":{"@type":"ImageObject","inLanguage":"fr-FR","@id":"https:\/\/vosgesinfo.fr\/gerardmerinfo\/#\/schema\/logo\/image\/","url":"https:\/\/vosgesinfo.fr\/app\/uploads\/sites\/6\/2023\/08\/favicon-gerardmerinfo.png","contentUrl":"https:\/\/vosgesinfo.fr\/app\/uploads\/sites\/6\/2023\/08\/favicon-gerardmerinfo.png","width":512,"height":512,"caption":"Gerardmer Info"},"image":{"@id":"https:\/\/vosgesinfo.fr\/gerardmerinfo\/#\/schema\/logo\/image\/"},"sameAs":["https:\/\/www.facebook.com\/profile.php?id=100049475262660","https:\/\/x.com\/VosgesInfo88","https:\/\/www.youtube.com\/@vosgesinfo"]},{"@type":"Person","@id":"https:\/\/vosgesinfo.fr\/gerardmerinfo\/#\/schema\/person\/27a3695b06db98895b354c0765cdfc31","name":"La redaction","image":{"@type":"ImageObject","inLanguage":"fr-FR","@id":"https:\/\/vosgesinfo.fr\/gerardmerinfo\/#\/schema\/person\/image\/","url":"https:\/\/secure.gravatar.com\/avatar\/64c76a78e501cedee55736f43f332df901e1896ae9cd8fad269ae2236dd0e8b6?s=96&d=mm&r=g","contentUrl":"https:\/\/secure.gravatar.com\/avatar\/64c76a78e501cedee55736f43f332df901e1896ae9cd8fad269ae2236dd0e8b6?s=96&d=mm&r=g","caption":"La redaction"},"url":"https:\/\/vosgesinfo.fr\/gerardmerinfo\/author\/la-redaction\/"}]}},"_links":{"self":[{"href":"https:\/\/vosgesinfo.fr\/gerardmerinfo\/wp-json\/wp\/v2\/posts\/74484","targetHints":{"allow":["GET"]}}],"collection":[{"href":"https:\/\/vosgesinfo.fr\/gerardmerinfo\/wp-json\/wp\/v2\/posts"}],"about":[{"href":"https:\/\/vosgesinfo.fr\/gerardmerinfo\/wp-json\/wp\/v2\/types\/post"}],"author":[{"embeddable":true,"href":"https:\/\/vosgesinfo.fr\/gerardmerinfo\/wp-json\/wp\/v2\/users\/391"}],"replies":[{"embeddable":true,"href":"https:\/\/vosgesinfo.fr\/gerardmerinfo\/wp-json\/wp\/v2\/comments?post=74484"}],"version-history":[{"count":0,"href":"https:\/\/vosgesinfo.fr\/gerardmerinfo\/wp-json\/wp\/v2\/posts\/74484\/revisions"}],"wp:featuredmedia":[{"embeddable":true,"href":"https:\/\/vosgesinfo.fr\/gerardmerinfo\/wp-json\/wp\/v2\/media\/74485"}],"wp:attachment":[{"href":"https:\/\/vosgesinfo.fr\/gerardmerinfo\/wp-json\/wp\/v2\/media?parent=74484"}],"wp:term":[{"taxonomy":"category","embeddable":true,"href":"https:\/\/vosgesinfo.fr\/gerardmerinfo\/wp-json\/wp\/v2\/categories?post=74484"},{"taxonomy":"post_tag","embeddable":true,"href":"https:\/\/vosgesinfo.fr\/gerardmerinfo\/wp-json\/wp\/v2\/tags?post=74484"}],"curies":[{"name":"wp","href":"https:\/\/api.w.org\/{rel}","templated":true}]}}