{"id":74661,"date":"2025-02-25T06:02:55","date_gmt":"2025-02-25T05:02:55","guid":{"rendered":"https:\/\/vosgesinfo.fr\/gerardmerinfo\/?p=74661"},"modified":"2025-02-23T21:40:45","modified_gmt":"2025-02-23T20:40:45","slug":"degradations-et-arrachage-de-plaques-de-balisage-jamais-deux-sans-trois","status":"publish","type":"post","link":"https:\/\/vosgesinfo.fr\/gerardmerinfo\/2025\/02\/degradations-et-arrachage-de-plaques-de-balisage-jamais-deux-sans-trois\/","title":{"rendered":"D\u00e9gradations et arrachage de plaques de balisage &#8211; Jamais deux sans trois"},"content":{"rendered":"<p><a href=\"https:\/\/vosgesinfo.fr\/app\/uploads\/sites\/6\/2025\/02\/balisage-1-scaled.jpg\"><img decoding=\"async\" class=\"aligncenter size-large wp-image-74664\" src=\"https:\/\/vosgesinfo.fr\/app\/uploads\/sites\/6\/2025\/02\/balisage-1-1024x576.jpg\" alt=\"\" width=\"1024\" height=\"576\" srcset=\"https:\/\/vosgesinfo.fr\/app\/uploads\/sites\/6\/2025\/02\/balisage-1-1024x576.jpg 1024w, https:\/\/vosgesinfo.fr\/app\/uploads\/sites\/6\/2025\/02\/balisage-1-300x169.jpg 300w, https:\/\/vosgesinfo.fr\/app\/uploads\/sites\/6\/2025\/02\/balisage-1-768x432.jpg 768w, https:\/\/vosgesinfo.fr\/app\/uploads\/sites\/6\/2025\/02\/balisage-1-1536x864.jpg 1536w, https:\/\/vosgesinfo.fr\/app\/uploads\/sites\/6\/2025\/02\/balisage-1-2048x1152.jpg 2048w\" sizes=\"(max-width: 1024px) 100vw, 1024px\" \/><\/a><\/p>\n<p><span style=\"color: #404040;\"><span style=\"font-family: Arial, sans-serif;\"><span style=\"font-size: medium;\">Tout au long de l\u2019ann\u00e9e 2024 sur le secteur de M\u00e9relle, le Club Vosgien de G\u00e9rardmer en collaboration avec l\u2019ONF <\/span><\/span><\/span><span style=\"color: #404040;\"><span style=\"font-family: Arial, sans-serif;\"><span style=\"font-size: medium;\">ont modifi\u00e9 les diff\u00e9rents circuits.<\/span><\/span><\/span><\/p>\n<p><span style=\"color: #404040;\"><span style=\"font-family: Arial, sans-serif;\"><span style=\"font-size: medium;\">Une \u00e9quipe de baliseurs b\u00e9n\u00e9voles ont arpent\u00e9s les sentiers pour mettre \u00e0 jour tout le secteur de M\u00e9relle, <\/span><\/span><\/span><span style=\"color: #404040;\"><span style=\"font-family: Arial, sans-serif;\"><span style=\"font-size: medium;\">plus de 60 heures de travail.<\/span><\/span><\/span><\/p>\n<p>&nbsp;<\/p>\n<p><span style=\"color: #404040;\"><span style=\"font-family: Arial, sans-serif;\"><span style=\"font-size: medium;\"><a href=\"https:\/\/vosgesinfo.fr\/app\/uploads\/sites\/6\/2025\/02\/balisage-scaled.jpg\"><img decoding=\"async\" class=\"alignright size-medium wp-image-74665\" src=\"https:\/\/vosgesinfo.fr\/app\/uploads\/sites\/6\/2025\/02\/balisage-169x300.jpg\" alt=\"\" width=\"169\" height=\"300\" srcset=\"https:\/\/vosgesinfo.fr\/app\/uploads\/sites\/6\/2025\/02\/balisage-169x300.jpg 169w, https:\/\/vosgesinfo.fr\/app\/uploads\/sites\/6\/2025\/02\/balisage-576x1024.jpg 576w, https:\/\/vosgesinfo.fr\/app\/uploads\/sites\/6\/2025\/02\/balisage-768x1365.jpg 768w, https:\/\/vosgesinfo.fr\/app\/uploads\/sites\/6\/2025\/02\/balisage-864x1536.jpg 864w, https:\/\/vosgesinfo.fr\/app\/uploads\/sites\/6\/2025\/02\/balisage-1152x2048.jpg 1152w, https:\/\/vosgesinfo.fr\/app\/uploads\/sites\/6\/2025\/02\/balisage-scaled.jpg 1440w\" sizes=\"(max-width: 169px) 100vw, 169px\" \/><\/a>Ces derniers jours lors d\u2019un passage de contr\u00f4les r\u00e9alis\u00e9s par des baliseurs(es), ils ont observ\u00e9 des d\u00e9gradations et arrachage de plaques de balisage. <\/span><\/span><\/span><\/p>\n<p><span style=\"color: #404040;\"><span style=\"font-family: Arial, sans-serif;\"><span style=\"font-size: medium;\">Une situation qui rappelle des \u00e9v\u00e9nements identiques v\u00e9cus \u00e0 deux fois l\u2019ann\u00e9e pass\u00e9e.<\/span><\/span><\/span><\/p>\n<p><span style=\"color: #404040;\"><span style=\"font-family: Arial, sans-serif;\"><span style=\"font-size: medium;\">\u00ab L\u2019interrogation et le d\u00e9gout demeurent, nous faisons appel au bon sens de tous pour que ces actes cessent\u00a0\u00bb pr\u00e9cisent Patrick Roux pr\u00e9sident du Club Vosgien G\u00e9rardmer et l\u2019\u00e9quipe des baliseurs \/ es.<\/span><\/span><\/span><\/p>\n<p><span style=\"color: #404040;\"><span style=\"font-family: Arial, sans-serif;\"><span style=\"font-size: medium;\">Il est \u00e9galement rappel\u00e9 qu\u2019il est interdit de taguer et de coller des autocollants sur les supports.<\/span><\/span><\/span><\/p>\n<p><span style=\"color: #404040;\"><span style=\"font-family: Arial, sans-serif;\"><span style=\"font-size: medium;\">Il s\u2019agit d\u2019informations qui s\u00e9curisent et orientent les randonneurs, les familles et les groupes <\/span><\/span><\/span><\/p>\n<p>&nbsp;<\/p>\n<p><span style=\"color: #404040;\"><span style=\"font-family: Arial, sans-serif;\"><span style=\"font-size: medium;\">Une main courante pour d\u00e9gradations sera d\u00e9pos\u00e9e \u00e0 la Gendarmerie de G\u00e9rardmer.<\/span><\/span><\/span><\/p>\n<p><strong><span style=\"color: #404040;\"><span style=\"font-family: Arial, sans-serif;\"><span style=\"font-size: medium;\">Un petit rappel\u00a0:<\/span><\/span><\/span><\/strong><\/p>\n<p><span style=\"color: #404040;\"><span style=\"font-family: Arial, sans-serif;\"><span style=\"font-size: medium;\">Ses itin\u00e9raires de<\/span><\/span><\/span><span style=\"color: #404040;\"><span style=\"font-family: Arial, sans-serif;\"><span style=\"font-size: medium;\"><b>\u00a0<\/b><\/span><\/span><\/span><span style=\"color: #404040;\"><span style=\"font-family: Arial, sans-serif;\"><span style=\"font-size: medium;\">randonn\u00e9e du Club Vosgien<\/span><\/span><\/span><b> <\/b><span style=\"color: #404040;\"><span style=\"font-family: Arial, sans-serif;\"><span style=\"font-size: medium;\">sont balis\u00e9s conform\u00e9ment \u00e0 la charte du balisage de la f\u00e9d\u00e9ration.<\/span><\/span><\/span><\/p>\n<p><span style=\"color: #404040;\"><span style=\"font-family: Arial, sans-serif;\"><span style=\"font-size: medium;\">Celle-ci apporte une coh\u00e9rence sur tout le territoire et garantit la qualit\u00e9 des mat\u00e9riaux et des proc\u00e9d\u00e9s de fabrication (respect de l\u2019environnement, durabilit\u00e9 des couleurs utilis\u00e9es, etc.).<\/span><\/span><\/span><\/p>\n<p><span style=\"color: #404040;\"><span style=\"font-family: Arial, sans-serif;\"><span style=\"font-size: medium;\">Rectangles, losanges, rectangles barr\u00e9s de blanc, disques, anneaux, chevalets, croix, triangles de couleur rouge, bleu, jaune, vert sont les moyens d\u2019informations qui permettent de s\u2019orienter dans un milieu inconnu voir avec l\u2019aide d\u2019une carte reproduisant fid\u00e8lement les itin\u00e9raires balis\u00e9s.<\/span><\/span><\/span><\/p>\n<p>&nbsp;<\/p>\n","protected":false},"excerpt":{"rendered":"<p>Tout au long de l\u2019ann\u00e9e 2024 sur le secteur de M\u00e9relle, le Club Vosgien de G\u00e9rardmer en collaboration avec l\u2019ONF [&hellip;]<\/p>\n","protected":false},"author":391,"featured_media":74664,"comment_status":"open","ping_status":"open","sticky":false,"template":"","format":"standard","meta":{"footnotes":""},"categories":[20,5647,15,17],"tags":[194,1026],"class_list":["post-74661","post","type-post","status-publish","format-standard","has-post-thumbnail","hentry","category-a-la-une","category-gerardmer-autres-sites","category-tourisme","category-vie-associative","tag-club-vosgien-gerardmer","tag-merelle"],"acf":[],"yoast_head":"<!-- This site is optimized with the Yoast SEO plugin v22.5 - https:\/\/yoast.com\/wordpress\/plugins\/seo\/ -->\n<title>D\u00e9gradations et arrachage de plaques de balisage - Jamais deux sans trois - Gerardmer Info<\/title>\n<meta name=\"robots\" content=\"index, follow, max-snippet:-1, max-image-preview:large, max-video-preview:-1\" \/>\n<link rel=\"canonical\" href=\"https:\/\/vosgesinfo.fr\/gerardmerinfo\/2025\/02\/degradations-et-arrachage-de-plaques-de-balisage-jamais-deux-sans-trois\/\" \/>\n<meta name=\"twitter:card\" content=\"summary_large_image\" \/>\n<meta name=\"twitter:title\" content=\"D\u00e9gradations et arrachage de plaques de balisage - Jamais deux sans trois - Gerardmer Info\" \/>\n<meta name=\"twitter:description\" content=\"Tout au long de l\u2019ann\u00e9e 2024 sur le secteur de M\u00e9relle, le Club Vosgien de G\u00e9rardmer en collaboration avec l\u2019ONF [&hellip;]\" \/>\n<meta name=\"twitter:image\" content=\"https:\/\/vosgesinfo.fr\/app\/uploads\/sites\/6\/2025\/02\/balisage-1-scaled.jpg\" \/>\n<meta name=\"twitter:creator\" content=\"@VosgesInfo88\" \/>\n<meta name=\"twitter:site\" content=\"@VosgesInfo88\" \/>\n<meta name=\"twitter:label1\" content=\"\u00c9crit par\" \/>\n\t<meta name=\"twitter:data1\" content=\"La redaction\" \/>\n\t<meta name=\"twitter:label2\" content=\"Dur\u00e9e de lecture estim\u00e9e\" \/>\n\t<meta name=\"twitter:data2\" content=\"2 minutes\" \/>\n<script type=\"application\/ld+json\" class=\"yoast-schema-graph\">{\"@context\":\"https:\/\/schema.org\",\"@graph\":[{\"@type\":\"Article\",\"@id\":\"https:\/\/vosgesinfo.fr\/gerardmerinfo\/2025\/02\/degradations-et-arrachage-de-plaques-de-balisage-jamais-deux-sans-trois\/#article\",\"isPartOf\":{\"@id\":\"https:\/\/vosgesinfo.fr\/gerardmerinfo\/2025\/02\/degradations-et-arrachage-de-plaques-de-balisage-jamais-deux-sans-trois\/\"},\"author\":{\"name\":\"La redaction\",\"@id\":\"https:\/\/vosgesinfo.fr\/gerardmerinfo\/#\/schema\/person\/27a3695b06db98895b354c0765cdfc31\"},\"headline\":\"D\u00e9gradations et arrachage de plaques de balisage &#8211; Jamais deux sans trois\",\"datePublished\":\"2025-02-25T05:02:55+00:00\",\"dateModified\":\"2025-02-23T20:40:45+00:00\",\"mainEntityOfPage\":{\"@id\":\"https:\/\/vosgesinfo.fr\/gerardmerinfo\/2025\/02\/degradations-et-arrachage-de-plaques-de-balisage-jamais-deux-sans-trois\/\"},\"wordCount\":311,\"commentCount\":10,\"publisher\":{\"@id\":\"https:\/\/vosgesinfo.fr\/gerardmerinfo\/#organization\"},\"image\":{\"@id\":\"https:\/\/vosgesinfo.fr\/gerardmerinfo\/2025\/02\/degradations-et-arrachage-de-plaques-de-balisage-jamais-deux-sans-trois\/#primaryimage\"},\"thumbnailUrl\":\"https:\/\/vosgesinfo.fr\/app\/uploads\/sites\/6\/2025\/02\/balisage-1-scaled.jpg\",\"keywords\":[\"Club Vosgien G\u00e9rardmer\",\"M\u00e9relle\"],\"articleSection\":[\"A la une\",\"Gerardmer\",\"Tourisme\",\"Vie Associative\"],\"inLanguage\":\"fr-FR\",\"potentialAction\":[{\"@type\":\"CommentAction\",\"name\":\"Comment\",\"target\":[\"https:\/\/vosgesinfo.fr\/gerardmerinfo\/2025\/02\/degradations-et-arrachage-de-plaques-de-balisage-jamais-deux-sans-trois\/#respond\"]}]},{\"@type\":\"WebPage\",\"@id\":\"https:\/\/vosgesinfo.fr\/gerardmerinfo\/2025\/02\/degradations-et-arrachage-de-plaques-de-balisage-jamais-deux-sans-trois\/\",\"url\":\"https:\/\/vosgesinfo.fr\/gerardmerinfo\/2025\/02\/degradations-et-arrachage-de-plaques-de-balisage-jamais-deux-sans-trois\/\",\"name\":\"D\u00e9gradations et arrachage de plaques de balisage - Jamais deux sans trois - Gerardmer Info\",\"isPartOf\":{\"@id\":\"https:\/\/vosgesinfo.fr\/gerardmerinfo\/#website\"},\"primaryImageOfPage\":{\"@id\":\"https:\/\/vosgesinfo.fr\/gerardmerinfo\/2025\/02\/degradations-et-arrachage-de-plaques-de-balisage-jamais-deux-sans-trois\/#primaryimage\"},\"image\":{\"@id\":\"https:\/\/vosgesinfo.fr\/gerardmerinfo\/2025\/02\/degradations-et-arrachage-de-plaques-de-balisage-jamais-deux-sans-trois\/#primaryimage\"},\"thumbnailUrl\":\"https:\/\/vosgesinfo.fr\/app\/uploads\/sites\/6\/2025\/02\/balisage-1-scaled.jpg\",\"datePublished\":\"2025-02-25T05:02:55+00:00\",\"dateModified\":\"2025-02-23T20:40:45+00:00\",\"breadcrumb\":{\"@id\":\"https:\/\/vosgesinfo.fr\/gerardmerinfo\/2025\/02\/degradations-et-arrachage-de-plaques-de-balisage-jamais-deux-sans-trois\/#breadcrumb\"},\"inLanguage\":\"fr-FR\",\"potentialAction\":[{\"@type\":\"ReadAction\",\"target\":[\"https:\/\/vosgesinfo.fr\/gerardmerinfo\/2025\/02\/degradations-et-arrachage-de-plaques-de-balisage-jamais-deux-sans-trois\/\"]}]},{\"@type\":\"ImageObject\",\"inLanguage\":\"fr-FR\",\"@id\":\"https:\/\/vosgesinfo.fr\/gerardmerinfo\/2025\/02\/degradations-et-arrachage-de-plaques-de-balisage-jamais-deux-sans-trois\/#primaryimage\",\"url\":\"https:\/\/vosgesinfo.fr\/app\/uploads\/sites\/6\/2025\/02\/balisage-1-scaled.jpg\",\"contentUrl\":\"https:\/\/vosgesinfo.fr\/app\/uploads\/sites\/6\/2025\/02\/balisage-1-scaled.jpg\",\"width\":2560,\"height\":1440},{\"@type\":\"BreadcrumbList\",\"@id\":\"https:\/\/vosgesinfo.fr\/gerardmerinfo\/2025\/02\/degradations-et-arrachage-de-plaques-de-balisage-jamais-deux-sans-trois\/#breadcrumb\",\"itemListElement\":[{\"@type\":\"ListItem\",\"position\":1,\"name\":\"Home\",\"item\":\"https:\/\/vosgesinfo.fr\/gerardmerinfo\/\"},{\"@type\":\"ListItem\",\"position\":2,\"name\":\"D\u00e9gradations et arrachage de plaques de balisage &#8211; Jamais deux sans trois\"}]},{\"@type\":\"WebSite\",\"@id\":\"https:\/\/vosgesinfo.fr\/gerardmerinfo\/#website\",\"url\":\"https:\/\/vosgesinfo.fr\/gerardmerinfo\/\",\"name\":\"Gerardmer Info\",\"description\":\"Toute l&#039;actualit\u00e9 de G\u00e9rardmer\",\"publisher\":{\"@id\":\"https:\/\/vosgesinfo.fr\/gerardmerinfo\/#organization\"},\"alternateName\":\"Toute l'actualit\u00e9 de G\u00e9rardmer\",\"potentialAction\":[{\"@type\":\"SearchAction\",\"target\":{\"@type\":\"EntryPoint\",\"urlTemplate\":\"https:\/\/vosgesinfo.fr\/gerardmerinfo\/?s={search_term_string}\"},\"query-input\":\"required name=search_term_string\"}],\"inLanguage\":\"fr-FR\"},{\"@type\":\"Organization\",\"@id\":\"https:\/\/vosgesinfo.fr\/gerardmerinfo\/#organization\",\"name\":\"Gerardmer Info\",\"url\":\"https:\/\/vosgesinfo.fr\/gerardmerinfo\/\",\"logo\":{\"@type\":\"ImageObject\",\"inLanguage\":\"fr-FR\",\"@id\":\"https:\/\/vosgesinfo.fr\/gerardmerinfo\/#\/schema\/logo\/image\/\",\"url\":\"https:\/\/vosgesinfo.fr\/app\/uploads\/sites\/6\/2023\/08\/favicon-gerardmerinfo.png\",\"contentUrl\":\"https:\/\/vosgesinfo.fr\/app\/uploads\/sites\/6\/2023\/08\/favicon-gerardmerinfo.png\",\"width\":512,\"height\":512,\"caption\":\"Gerardmer Info\"},\"image\":{\"@id\":\"https:\/\/vosgesinfo.fr\/gerardmerinfo\/#\/schema\/logo\/image\/\"},\"sameAs\":[\"https:\/\/www.facebook.com\/profile.php?id=100049475262660\",\"https:\/\/x.com\/VosgesInfo88\",\"https:\/\/www.youtube.com\/@vosgesinfo\"]},{\"@type\":\"Person\",\"@id\":\"https:\/\/vosgesinfo.fr\/gerardmerinfo\/#\/schema\/person\/27a3695b06db98895b354c0765cdfc31\",\"name\":\"La redaction\",\"image\":{\"@type\":\"ImageObject\",\"inLanguage\":\"fr-FR\",\"@id\":\"https:\/\/vosgesinfo.fr\/gerardmerinfo\/#\/schema\/person\/image\/\",\"url\":\"https:\/\/secure.gravatar.com\/avatar\/64c76a78e501cedee55736f43f332df901e1896ae9cd8fad269ae2236dd0e8b6?s=96&d=mm&r=g\",\"contentUrl\":\"https:\/\/secure.gravatar.com\/avatar\/64c76a78e501cedee55736f43f332df901e1896ae9cd8fad269ae2236dd0e8b6?s=96&d=mm&r=g\",\"caption\":\"La redaction\"},\"url\":\"https:\/\/vosgesinfo.fr\/gerardmerinfo\/author\/la-redaction\/\"}]}<\/script>\n<!-- \/ Yoast SEO plugin. -->","yoast_head_json":{"title":"D\u00e9gradations et arrachage de plaques de balisage - Jamais deux sans trois - Gerardmer Info","robots":{"index":"index","follow":"follow","max-snippet":"max-snippet:-1","max-image-preview":"max-image-preview:large","max-video-preview":"max-video-preview:-1"},"canonical":"https:\/\/vosgesinfo.fr\/gerardmerinfo\/2025\/02\/degradations-et-arrachage-de-plaques-de-balisage-jamais-deux-sans-trois\/","twitter_card":"summary_large_image","twitter_title":"D\u00e9gradations et arrachage de plaques de balisage - Jamais deux sans trois - Gerardmer Info","twitter_description":"Tout au long de l\u2019ann\u00e9e 2024 sur le secteur de M\u00e9relle, le Club Vosgien de G\u00e9rardmer en collaboration avec l\u2019ONF [&hellip;]","twitter_image":"https:\/\/vosgesinfo.fr\/app\/uploads\/sites\/6\/2025\/02\/balisage-1-scaled.jpg","twitter_creator":"@VosgesInfo88","twitter_site":"@VosgesInfo88","twitter_misc":{"\u00c9crit par":"La redaction","Dur\u00e9e de lecture estim\u00e9e":"2 minutes"},"schema":{"@context":"https:\/\/schema.org","@graph":[{"@type":"Article","@id":"https:\/\/vosgesinfo.fr\/gerardmerinfo\/2025\/02\/degradations-et-arrachage-de-plaques-de-balisage-jamais-deux-sans-trois\/#article","isPartOf":{"@id":"https:\/\/vosgesinfo.fr\/gerardmerinfo\/2025\/02\/degradations-et-arrachage-de-plaques-de-balisage-jamais-deux-sans-trois\/"},"author":{"name":"La redaction","@id":"https:\/\/vosgesinfo.fr\/gerardmerinfo\/#\/schema\/person\/27a3695b06db98895b354c0765cdfc31"},"headline":"D\u00e9gradations et arrachage de plaques de balisage &#8211; Jamais deux sans trois","datePublished":"2025-02-25T05:02:55+00:00","dateModified":"2025-02-23T20:40:45+00:00","mainEntityOfPage":{"@id":"https:\/\/vosgesinfo.fr\/gerardmerinfo\/2025\/02\/degradations-et-arrachage-de-plaques-de-balisage-jamais-deux-sans-trois\/"},"wordCount":311,"commentCount":10,"publisher":{"@id":"https:\/\/vosgesinfo.fr\/gerardmerinfo\/#organization"},"image":{"@id":"https:\/\/vosgesinfo.fr\/gerardmerinfo\/2025\/02\/degradations-et-arrachage-de-plaques-de-balisage-jamais-deux-sans-trois\/#primaryimage"},"thumbnailUrl":"https:\/\/vosgesinfo.fr\/app\/uploads\/sites\/6\/2025\/02\/balisage-1-scaled.jpg","keywords":["Club Vosgien G\u00e9rardmer","M\u00e9relle"],"articleSection":["A la une","Gerardmer","Tourisme","Vie Associative"],"inLanguage":"fr-FR","potentialAction":[{"@type":"CommentAction","name":"Comment","target":["https:\/\/vosgesinfo.fr\/gerardmerinfo\/2025\/02\/degradations-et-arrachage-de-plaques-de-balisage-jamais-deux-sans-trois\/#respond"]}]},{"@type":"WebPage","@id":"https:\/\/vosgesinfo.fr\/gerardmerinfo\/2025\/02\/degradations-et-arrachage-de-plaques-de-balisage-jamais-deux-sans-trois\/","url":"https:\/\/vosgesinfo.fr\/gerardmerinfo\/2025\/02\/degradations-et-arrachage-de-plaques-de-balisage-jamais-deux-sans-trois\/","name":"D\u00e9gradations et arrachage de plaques de balisage - Jamais deux sans trois - Gerardmer Info","isPartOf":{"@id":"https:\/\/vosgesinfo.fr\/gerardmerinfo\/#website"},"primaryImageOfPage":{"@id":"https:\/\/vosgesinfo.fr\/gerardmerinfo\/2025\/02\/degradations-et-arrachage-de-plaques-de-balisage-jamais-deux-sans-trois\/#primaryimage"},"image":{"@id":"https:\/\/vosgesinfo.fr\/gerardmerinfo\/2025\/02\/degradations-et-arrachage-de-plaques-de-balisage-jamais-deux-sans-trois\/#primaryimage"},"thumbnailUrl":"https:\/\/vosgesinfo.fr\/app\/uploads\/sites\/6\/2025\/02\/balisage-1-scaled.jpg","datePublished":"2025-02-25T05:02:55+00:00","dateModified":"2025-02-23T20:40:45+00:00","breadcrumb":{"@id":"https:\/\/vosgesinfo.fr\/gerardmerinfo\/2025\/02\/degradations-et-arrachage-de-plaques-de-balisage-jamais-deux-sans-trois\/#breadcrumb"},"inLanguage":"fr-FR","potentialAction":[{"@type":"ReadAction","target":["https:\/\/vosgesinfo.fr\/gerardmerinfo\/2025\/02\/degradations-et-arrachage-de-plaques-de-balisage-jamais-deux-sans-trois\/"]}]},{"@type":"ImageObject","inLanguage":"fr-FR","@id":"https:\/\/vosgesinfo.fr\/gerardmerinfo\/2025\/02\/degradations-et-arrachage-de-plaques-de-balisage-jamais-deux-sans-trois\/#primaryimage","url":"https:\/\/vosgesinfo.fr\/app\/uploads\/sites\/6\/2025\/02\/balisage-1-scaled.jpg","contentUrl":"https:\/\/vosgesinfo.fr\/app\/uploads\/sites\/6\/2025\/02\/balisage-1-scaled.jpg","width":2560,"height":1440},{"@type":"BreadcrumbList","@id":"https:\/\/vosgesinfo.fr\/gerardmerinfo\/2025\/02\/degradations-et-arrachage-de-plaques-de-balisage-jamais-deux-sans-trois\/#breadcrumb","itemListElement":[{"@type":"ListItem","position":1,"name":"Home","item":"https:\/\/vosgesinfo.fr\/gerardmerinfo\/"},{"@type":"ListItem","position":2,"name":"D\u00e9gradations et arrachage de plaques de balisage &#8211; Jamais deux sans trois"}]},{"@type":"WebSite","@id":"https:\/\/vosgesinfo.fr\/gerardmerinfo\/#website","url":"https:\/\/vosgesinfo.fr\/gerardmerinfo\/","name":"Gerardmer Info","description":"Toute l&#039;actualit\u00e9 de G\u00e9rardmer","publisher":{"@id":"https:\/\/vosgesinfo.fr\/gerardmerinfo\/#organization"},"alternateName":"Toute l'actualit\u00e9 de G\u00e9rardmer","potentialAction":[{"@type":"SearchAction","target":{"@type":"EntryPoint","urlTemplate":"https:\/\/vosgesinfo.fr\/gerardmerinfo\/?s={search_term_string}"},"query-input":"required name=search_term_string"}],"inLanguage":"fr-FR"},{"@type":"Organization","@id":"https:\/\/vosgesinfo.fr\/gerardmerinfo\/#organization","name":"Gerardmer Info","url":"https:\/\/vosgesinfo.fr\/gerardmerinfo\/","logo":{"@type":"ImageObject","inLanguage":"fr-FR","@id":"https:\/\/vosgesinfo.fr\/gerardmerinfo\/#\/schema\/logo\/image\/","url":"https:\/\/vosgesinfo.fr\/app\/uploads\/sites\/6\/2023\/08\/favicon-gerardmerinfo.png","contentUrl":"https:\/\/vosgesinfo.fr\/app\/uploads\/sites\/6\/2023\/08\/favicon-gerardmerinfo.png","width":512,"height":512,"caption":"Gerardmer Info"},"image":{"@id":"https:\/\/vosgesinfo.fr\/gerardmerinfo\/#\/schema\/logo\/image\/"},"sameAs":["https:\/\/www.facebook.com\/profile.php?id=100049475262660","https:\/\/x.com\/VosgesInfo88","https:\/\/www.youtube.com\/@vosgesinfo"]},{"@type":"Person","@id":"https:\/\/vosgesinfo.fr\/gerardmerinfo\/#\/schema\/person\/27a3695b06db98895b354c0765cdfc31","name":"La redaction","image":{"@type":"ImageObject","inLanguage":"fr-FR","@id":"https:\/\/vosgesinfo.fr\/gerardmerinfo\/#\/schema\/person\/image\/","url":"https:\/\/secure.gravatar.com\/avatar\/64c76a78e501cedee55736f43f332df901e1896ae9cd8fad269ae2236dd0e8b6?s=96&d=mm&r=g","contentUrl":"https:\/\/secure.gravatar.com\/avatar\/64c76a78e501cedee55736f43f332df901e1896ae9cd8fad269ae2236dd0e8b6?s=96&d=mm&r=g","caption":"La redaction"},"url":"https:\/\/vosgesinfo.fr\/gerardmerinfo\/author\/la-redaction\/"}]}},"_links":{"self":[{"href":"https:\/\/vosgesinfo.fr\/gerardmerinfo\/wp-json\/wp\/v2\/posts\/74661","targetHints":{"allow":["GET"]}}],"collection":[{"href":"https:\/\/vosgesinfo.fr\/gerardmerinfo\/wp-json\/wp\/v2\/posts"}],"about":[{"href":"https:\/\/vosgesinfo.fr\/gerardmerinfo\/wp-json\/wp\/v2\/types\/post"}],"author":[{"embeddable":true,"href":"https:\/\/vosgesinfo.fr\/gerardmerinfo\/wp-json\/wp\/v2\/users\/391"}],"replies":[{"embeddable":true,"href":"https:\/\/vosgesinfo.fr\/gerardmerinfo\/wp-json\/wp\/v2\/comments?post=74661"}],"version-history":[{"count":4,"href":"https:\/\/vosgesinfo.fr\/gerardmerinfo\/wp-json\/wp\/v2\/posts\/74661\/revisions"}],"predecessor-version":[{"id":74667,"href":"https:\/\/vosgesinfo.fr\/gerardmerinfo\/wp-json\/wp\/v2\/posts\/74661\/revisions\/74667"}],"wp:featuredmedia":[{"embeddable":true,"href":"https:\/\/vosgesinfo.fr\/gerardmerinfo\/wp-json\/wp\/v2\/media\/74664"}],"wp:attachment":[{"href":"https:\/\/vosgesinfo.fr\/gerardmerinfo\/wp-json\/wp\/v2\/media?parent=74661"}],"wp:term":[{"taxonomy":"category","embeddable":true,"href":"https:\/\/vosgesinfo.fr\/gerardmerinfo\/wp-json\/wp\/v2\/categories?post=74661"},{"taxonomy":"post_tag","embeddable":true,"href":"https:\/\/vosgesinfo.fr\/gerardmerinfo\/wp-json\/wp\/v2\/tags?post=74661"}],"curies":[{"name":"wp","href":"https:\/\/api.w.org\/{rel}","templated":true}]}}