{"id":74810,"date":"2025-02-26T17:30:46","date_gmt":"2025-02-26T16:30:46","guid":{"rendered":"https:\/\/vosgesinfo.fr\/gerardmerinfo\/?p=74810"},"modified":"2025-02-26T17:30:46","modified_gmt":"2025-02-26T16:30:46","slug":"corcieux-un-autocar-de-lentreprise-tchizz-voyages-detruit-par-un-incendie","status":"publish","type":"post","link":"https:\/\/vosgesinfo.fr\/gerardmerinfo\/2025\/02\/corcieux-un-autocar-de-lentreprise-tchizz-voyages-detruit-par-un-incendie\/","title":{"rendered":"Corcieux \u2013 Un autocar de l&rsquo;entreprise Tchizz Voyages d\u00e9truit par un incendie"},"content":{"rendered":"<div id=\"attachment_74481\" style=\"width: 1034px\" class=\"wp-caption alignnone\"><a href=\"https:\/\/vosgesinfo.fr\/app\/uploads\/sites\/4\/2025\/02\/corcieux-autocar-brule-tchizz-voyages-1.jpg\"><img decoding=\"async\" aria-describedby=\"caption-attachment-74481\" class=\"size-large wp-image-74481\" src=\"https:\/\/vosgesinfo.fr\/app\/uploads\/sites\/4\/2025\/02\/corcieux-autocar-brule-tchizz-voyages-1-1024x537.jpg\" alt=\"\" width=\"1024\" height=\"537\" \/><\/a><p id=\"caption-attachment-74481\" class=\"wp-caption-text\">(Photographies Tchizz Voyages)<\/p><\/div>\n<h2 data-start=\"0\" data-end=\"309\">Une preuve de plus que les <strong data-start=\"27\" data-end=\"57\">actes ont des cons\u00e9quences<\/strong>. Un <strong data-start=\"62\" data-end=\"73\">autocar<\/strong> de l&rsquo;entreprise de transports <strong data-start=\"104\" data-end=\"122\">Tchizz Voyages<\/strong>, bas\u00e9e \u00e0 <strong data-start=\"132\" data-end=\"144\">Corcieux<\/strong>, a <strong data-start=\"148\" data-end=\"160\">pris feu<\/strong> ce <strong data-start=\"164\" data-end=\"176\">mercredi<\/strong>. La cause de cet <strong data-start=\"194\" data-end=\"206\">incendie<\/strong>, qui n&rsquo;a fait <strong data-start=\"221\" data-end=\"237\">aucun bless\u00e9<\/strong>, serait li\u00e9e aux <strong data-start=\"255\" data-end=\"271\">d\u00e9gradations<\/strong> faites par des <strong data-start=\"287\" data-end=\"297\">\u00e9l\u00e8ves<\/strong> ce matin.<\/h2>\n<p data-start=\"0\" data-end=\"309\"><!--more--><\/p>\n<p data-start=\"311\" data-end=\"681\">Selon <strong data-start=\"317\" data-end=\"335\">Tchizz Voyages<\/strong>, ces \u00e9l\u00e8ves \u00ab ont d\u00e9lib\u00e9r\u00e9ment <strong>arrach\u00e9 des prises USB<\/strong> dans ce car \u00bb, ce qui a probablement entra\u00een\u00e9 \u00ab une <strong>surchauffe des fils USB \u00bb<\/strong>. Le feu a d\u00e9but\u00e9 au niveau des si\u00e8ges concern\u00e9s. \u00ab Il est important de souligner que cet incident aurait pu avoir <strong>des cons\u00e9quences dramatiques \u00bb<\/strong>, et heureusement, <strong data-start=\"643\" data-end=\"678\">\u00ab il n&rsquo;y a pas eu de victimes \u00bb<\/strong>.<\/p>\n<p data-start=\"683\" data-end=\"1122\" data-is-last-node=\"\" data-is-only-node=\"\">Une <strong data-start=\"687\" data-end=\"698\">plainte<\/strong> va \u00eatre d\u00e9pos\u00e9e par l&rsquo;entreprise, afin d&rsquo;<strong data-start=\"740\" data-end=\"754\">identifier<\/strong> le ou les <strong data-start=\"765\" data-end=\"781\">responsables<\/strong> de ces <strong data-start=\"789\" data-end=\"805\">d\u00e9gradations<\/strong>.<\/p>\n<p data-start=\"683\" data-end=\"1122\" data-is-last-node=\"\" data-is-only-node=\"\"><strong data-start=\"807\" data-end=\"830\">Cons\u00e9quence directe<\/strong> de l&rsquo;<strong data-start=\"836\" data-end=\"848\">incendie<\/strong> de l&rsquo;autocar : le <strong data-start=\"867\" data-end=\"884\">service GER06<\/strong> ne sera pas <strong data-start=\"897\" data-end=\"907\">assur\u00e9<\/strong> ces <strong data-start=\"912\" data-end=\"947\">jeudi 27 et vendredi 28 f\u00e9vrier<\/strong>, \u00ab le temps de <strong>retrouver les auteurs de ces actes<\/strong> \u00bb, pr\u00e9cise Tchizz Voyages, qui remercie <strong>les forces de l&rsquo;ordre et les pompiers<\/strong> pour leur intervention rapide. \u00bb<\/p>\n<p data-start=\"659\" data-end=\"1102\" data-is-last-node=\"\" data-is-only-node=\"\">J.J.<\/p>\n<p data-start=\"659\" data-end=\"1102\" data-is-last-node=\"\" data-is-only-node=\"\"><a href=\"https:\/\/vosgesinfo.fr\/app\/uploads\/sites\/4\/2025\/02\/corcieux-autocar-brule-tchizz-voyages-2.jpg\"><img decoding=\"async\" class=\"alignnone size-large wp-image-74482\" src=\"https:\/\/vosgesinfo.fr\/app\/uploads\/sites\/4\/2025\/02\/corcieux-autocar-brule-tchizz-voyages-2-1024x536.jpg\" alt=\"\" width=\"1024\" height=\"536\" \/><\/a><\/p>\n","protected":false},"excerpt":{"rendered":"<p>Une preuve de plus que les actes ont des cons\u00e9quences. Un autocar de l&rsquo;entreprise de transports Tchizz Voyages, bas\u00e9e \u00e0 [&hellip;]<\/p>\n","protected":false},"author":46,"featured_media":74811,"comment_status":"open","ping_status":"open","sticky":false,"template":"","format":"standard","meta":{"footnotes":""},"categories":[20,871,878,1445,25,328,868,18],"tags":[635,6783,6784,6785],"class_list":["post-74810","post","type-post","status-publish","format-standard","has-post-thumbnail","hentry","category-a-la-une","category-deodatie","category-epinal","category-fait-divers","category-gerardmer","category-la-plaine-des-vosges","category-remiremont","category-vosges","tag-corcieux","tag-degradations","tag-tchizz-voyages","tag-un-autocar-de-lentreprise-tchizz-voyages-detruit-par-un-incendie"],"acf":[],"yoast_head":"<!-- This site is optimized with the Yoast SEO plugin v22.5 - https:\/\/yoast.com\/wordpress\/plugins\/seo\/ -->\n<title>Corcieux \u2013 Un autocar de l&#039;entreprise Tchizz Voyages d\u00e9truit par un incendie - Gerardmer Info<\/title>\n<meta name=\"robots\" content=\"index, follow, max-snippet:-1, max-image-preview:large, max-video-preview:-1\" \/>\n<link rel=\"canonical\" href=\"https:\/\/vosgesinfo.fr\/gerardmerinfo\/2025\/02\/corcieux-un-autocar-de-lentreprise-tchizz-voyages-detruit-par-un-incendie\/\" \/>\n<meta name=\"twitter:card\" content=\"summary_large_image\" \/>\n<meta name=\"twitter:title\" content=\"Corcieux \u2013 Un autocar de l&#039;entreprise Tchizz Voyages d\u00e9truit par un incendie - Gerardmer Info\" \/>\n<meta name=\"twitter:description\" content=\"Une preuve de plus que les actes ont des cons\u00e9quences. Un autocar de l&rsquo;entreprise de transports Tchizz Voyages, bas\u00e9e \u00e0 [&hellip;]\" \/>\n<meta name=\"twitter:image\" content=\"https:\/\/vosgesinfo.fr\/app\/uploads\/sites\/6\/2025\/02\/corcieux-autocar-brule-tchizz-voyages-1.jpg\" \/>\n<meta name=\"twitter:creator\" content=\"@VosgesInfo88\" \/>\n<meta name=\"twitter:site\" content=\"@VosgesInfo88\" \/>\n<meta name=\"twitter:label1\" content=\"\u00c9crit par\" \/>\n\t<meta name=\"twitter:data1\" content=\"J.J.\" \/>\n\t<meta name=\"twitter:label2\" content=\"Dur\u00e9e de lecture estim\u00e9e\" \/>\n\t<meta name=\"twitter:data2\" content=\"1 minute\" \/>\n<script type=\"application\/ld+json\" class=\"yoast-schema-graph\">{\"@context\":\"https:\/\/schema.org\",\"@graph\":[{\"@type\":\"Article\",\"@id\":\"https:\/\/vosgesinfo.fr\/gerardmerinfo\/2025\/02\/corcieux-un-autocar-de-lentreprise-tchizz-voyages-detruit-par-un-incendie\/#article\",\"isPartOf\":{\"@id\":\"https:\/\/vosgesinfo.fr\/gerardmerinfo\/2025\/02\/corcieux-un-autocar-de-lentreprise-tchizz-voyages-detruit-par-un-incendie\/\"},\"author\":{\"name\":\"J.J.\",\"@id\":\"https:\/\/vosgesinfo.fr\/gerardmerinfo\/#\/schema\/person\/fa73e9f726d67bb88f46d5b7943cb572\"},\"headline\":\"Corcieux \u2013 Un autocar de l&rsquo;entreprise Tchizz Voyages d\u00e9truit par un incendie\",\"datePublished\":\"2025-02-26T16:30:46+00:00\",\"dateModified\":\"2025-02-26T16:30:46+00:00\",\"mainEntityOfPage\":{\"@id\":\"https:\/\/vosgesinfo.fr\/gerardmerinfo\/2025\/02\/corcieux-un-autocar-de-lentreprise-tchizz-voyages-detruit-par-un-incendie\/\"},\"wordCount\":213,\"commentCount\":0,\"publisher\":{\"@id\":\"https:\/\/vosgesinfo.fr\/gerardmerinfo\/#organization\"},\"image\":{\"@id\":\"https:\/\/vosgesinfo.fr\/gerardmerinfo\/2025\/02\/corcieux-un-autocar-de-lentreprise-tchizz-voyages-detruit-par-un-incendie\/#primaryimage\"},\"thumbnailUrl\":\"https:\/\/vosgesinfo.fr\/app\/uploads\/sites\/6\/2025\/02\/corcieux-autocar-brule-tchizz-voyages-1.jpg\",\"keywords\":[\"corcieux\",\"D\u00e9gradations\",\"Tchizz voyages\",\"Un autocar de l'entreprise Tchizz Voyages d\u00e9truit par un incendie\"],\"articleSection\":[\"A la une\",\"D\u00e9odatie\",\"Epinal\",\"Fait Divers\",\"G\u00e9rardmer\",\"La plaine des vosges\",\"Remiremont\",\"Vosges\"],\"inLanguage\":\"fr-FR\",\"potentialAction\":[{\"@type\":\"CommentAction\",\"name\":\"Comment\",\"target\":[\"https:\/\/vosgesinfo.fr\/gerardmerinfo\/2025\/02\/corcieux-un-autocar-de-lentreprise-tchizz-voyages-detruit-par-un-incendie\/#respond\"]}]},{\"@type\":\"WebPage\",\"@id\":\"https:\/\/vosgesinfo.fr\/gerardmerinfo\/2025\/02\/corcieux-un-autocar-de-lentreprise-tchizz-voyages-detruit-par-un-incendie\/\",\"url\":\"https:\/\/vosgesinfo.fr\/gerardmerinfo\/2025\/02\/corcieux-un-autocar-de-lentreprise-tchizz-voyages-detruit-par-un-incendie\/\",\"name\":\"Corcieux \u2013 Un autocar de l'entreprise Tchizz Voyages d\u00e9truit par un incendie - Gerardmer Info\",\"isPartOf\":{\"@id\":\"https:\/\/vosgesinfo.fr\/gerardmerinfo\/#website\"},\"primaryImageOfPage\":{\"@id\":\"https:\/\/vosgesinfo.fr\/gerardmerinfo\/2025\/02\/corcieux-un-autocar-de-lentreprise-tchizz-voyages-detruit-par-un-incendie\/#primaryimage\"},\"image\":{\"@id\":\"https:\/\/vosgesinfo.fr\/gerardmerinfo\/2025\/02\/corcieux-un-autocar-de-lentreprise-tchizz-voyages-detruit-par-un-incendie\/#primaryimage\"},\"thumbnailUrl\":\"https:\/\/vosgesinfo.fr\/app\/uploads\/sites\/6\/2025\/02\/corcieux-autocar-brule-tchizz-voyages-1.jpg\",\"datePublished\":\"2025-02-26T16:30:46+00:00\",\"dateModified\":\"2025-02-26T16:30:46+00:00\",\"breadcrumb\":{\"@id\":\"https:\/\/vosgesinfo.fr\/gerardmerinfo\/2025\/02\/corcieux-un-autocar-de-lentreprise-tchizz-voyages-detruit-par-un-incendie\/#breadcrumb\"},\"inLanguage\":\"fr-FR\",\"potentialAction\":[{\"@type\":\"ReadAction\",\"target\":[\"https:\/\/vosgesinfo.fr\/gerardmerinfo\/2025\/02\/corcieux-un-autocar-de-lentreprise-tchizz-voyages-detruit-par-un-incendie\/\"]}]},{\"@type\":\"ImageObject\",\"inLanguage\":\"fr-FR\",\"@id\":\"https:\/\/vosgesinfo.fr\/gerardmerinfo\/2025\/02\/corcieux-un-autocar-de-lentreprise-tchizz-voyages-detruit-par-un-incendie\/#primaryimage\",\"url\":\"https:\/\/vosgesinfo.fr\/app\/uploads\/sites\/6\/2025\/02\/corcieux-autocar-brule-tchizz-voyages-1.jpg\",\"contentUrl\":\"https:\/\/vosgesinfo.fr\/app\/uploads\/sites\/6\/2025\/02\/corcieux-autocar-brule-tchizz-voyages-1.jpg\",\"width\":2048,\"height\":1073},{\"@type\":\"BreadcrumbList\",\"@id\":\"https:\/\/vosgesinfo.fr\/gerardmerinfo\/2025\/02\/corcieux-un-autocar-de-lentreprise-tchizz-voyages-detruit-par-un-incendie\/#breadcrumb\",\"itemListElement\":[{\"@type\":\"ListItem\",\"position\":1,\"name\":\"Home\",\"item\":\"https:\/\/vosgesinfo.fr\/gerardmerinfo\/\"},{\"@type\":\"ListItem\",\"position\":2,\"name\":\"Corcieux \u2013 Un autocar de l&rsquo;entreprise Tchizz Voyages d\u00e9truit par un incendie\"}]},{\"@type\":\"WebSite\",\"@id\":\"https:\/\/vosgesinfo.fr\/gerardmerinfo\/#website\",\"url\":\"https:\/\/vosgesinfo.fr\/gerardmerinfo\/\",\"name\":\"Gerardmer Info\",\"description\":\"Toute l&#039;actualit\u00e9 de G\u00e9rardmer\",\"publisher\":{\"@id\":\"https:\/\/vosgesinfo.fr\/gerardmerinfo\/#organization\"},\"alternateName\":\"Toute l'actualit\u00e9 de G\u00e9rardmer\",\"potentialAction\":[{\"@type\":\"SearchAction\",\"target\":{\"@type\":\"EntryPoint\",\"urlTemplate\":\"https:\/\/vosgesinfo.fr\/gerardmerinfo\/?s={search_term_string}\"},\"query-input\":\"required name=search_term_string\"}],\"inLanguage\":\"fr-FR\"},{\"@type\":\"Organization\",\"@id\":\"https:\/\/vosgesinfo.fr\/gerardmerinfo\/#organization\",\"name\":\"Gerardmer Info\",\"url\":\"https:\/\/vosgesinfo.fr\/gerardmerinfo\/\",\"logo\":{\"@type\":\"ImageObject\",\"inLanguage\":\"fr-FR\",\"@id\":\"https:\/\/vosgesinfo.fr\/gerardmerinfo\/#\/schema\/logo\/image\/\",\"url\":\"https:\/\/vosgesinfo.fr\/app\/uploads\/sites\/6\/2023\/08\/favicon-gerardmerinfo.png\",\"contentUrl\":\"https:\/\/vosgesinfo.fr\/app\/uploads\/sites\/6\/2023\/08\/favicon-gerardmerinfo.png\",\"width\":512,\"height\":512,\"caption\":\"Gerardmer Info\"},\"image\":{\"@id\":\"https:\/\/vosgesinfo.fr\/gerardmerinfo\/#\/schema\/logo\/image\/\"},\"sameAs\":[\"https:\/\/www.facebook.com\/profile.php?id=100049475262660\",\"https:\/\/x.com\/VosgesInfo88\",\"https:\/\/www.youtube.com\/@vosgesinfo\"]},{\"@type\":\"Person\",\"@id\":\"https:\/\/vosgesinfo.fr\/gerardmerinfo\/#\/schema\/person\/fa73e9f726d67bb88f46d5b7943cb572\",\"name\":\"J.J.\",\"image\":{\"@type\":\"ImageObject\",\"inLanguage\":\"fr-FR\",\"@id\":\"https:\/\/vosgesinfo.fr\/gerardmerinfo\/#\/schema\/person\/image\/\",\"url\":\"https:\/\/secure.gravatar.com\/avatar\/219e749e47ffbcca018a360ae4add7d4cdf1cdaaf8bc7676b27efade3fe65615?s=96&d=mm&r=g\",\"contentUrl\":\"https:\/\/secure.gravatar.com\/avatar\/219e749e47ffbcca018a360ae4add7d4cdf1cdaaf8bc7676b27efade3fe65615?s=96&d=mm&r=g\",\"caption\":\"J.J.\"},\"url\":\"https:\/\/vosgesinfo.fr\/gerardmerinfo\/author\/j-j\/\"}]}<\/script>\n<!-- \/ Yoast SEO plugin. -->","yoast_head_json":{"title":"Corcieux \u2013 Un autocar de l'entreprise Tchizz Voyages d\u00e9truit par un incendie - Gerardmer Info","robots":{"index":"index","follow":"follow","max-snippet":"max-snippet:-1","max-image-preview":"max-image-preview:large","max-video-preview":"max-video-preview:-1"},"canonical":"https:\/\/vosgesinfo.fr\/gerardmerinfo\/2025\/02\/corcieux-un-autocar-de-lentreprise-tchizz-voyages-detruit-par-un-incendie\/","twitter_card":"summary_large_image","twitter_title":"Corcieux \u2013 Un autocar de l'entreprise Tchizz Voyages d\u00e9truit par un incendie - Gerardmer Info","twitter_description":"Une preuve de plus que les actes ont des cons\u00e9quences. Un autocar de l&rsquo;entreprise de transports Tchizz Voyages, bas\u00e9e \u00e0 [&hellip;]","twitter_image":"https:\/\/vosgesinfo.fr\/app\/uploads\/sites\/6\/2025\/02\/corcieux-autocar-brule-tchizz-voyages-1.jpg","twitter_creator":"@VosgesInfo88","twitter_site":"@VosgesInfo88","twitter_misc":{"\u00c9crit par":"J.J.","Dur\u00e9e de lecture estim\u00e9e":"1 minute"},"schema":{"@context":"https:\/\/schema.org","@graph":[{"@type":"Article","@id":"https:\/\/vosgesinfo.fr\/gerardmerinfo\/2025\/02\/corcieux-un-autocar-de-lentreprise-tchizz-voyages-detruit-par-un-incendie\/#article","isPartOf":{"@id":"https:\/\/vosgesinfo.fr\/gerardmerinfo\/2025\/02\/corcieux-un-autocar-de-lentreprise-tchizz-voyages-detruit-par-un-incendie\/"},"author":{"name":"J.J.","@id":"https:\/\/vosgesinfo.fr\/gerardmerinfo\/#\/schema\/person\/fa73e9f726d67bb88f46d5b7943cb572"},"headline":"Corcieux \u2013 Un autocar de l&rsquo;entreprise Tchizz Voyages d\u00e9truit par un incendie","datePublished":"2025-02-26T16:30:46+00:00","dateModified":"2025-02-26T16:30:46+00:00","mainEntityOfPage":{"@id":"https:\/\/vosgesinfo.fr\/gerardmerinfo\/2025\/02\/corcieux-un-autocar-de-lentreprise-tchizz-voyages-detruit-par-un-incendie\/"},"wordCount":213,"commentCount":0,"publisher":{"@id":"https:\/\/vosgesinfo.fr\/gerardmerinfo\/#organization"},"image":{"@id":"https:\/\/vosgesinfo.fr\/gerardmerinfo\/2025\/02\/corcieux-un-autocar-de-lentreprise-tchizz-voyages-detruit-par-un-incendie\/#primaryimage"},"thumbnailUrl":"https:\/\/vosgesinfo.fr\/app\/uploads\/sites\/6\/2025\/02\/corcieux-autocar-brule-tchizz-voyages-1.jpg","keywords":["corcieux","D\u00e9gradations","Tchizz voyages","Un autocar de l'entreprise Tchizz Voyages d\u00e9truit par un incendie"],"articleSection":["A la une","D\u00e9odatie","Epinal","Fait Divers","G\u00e9rardmer","La plaine des vosges","Remiremont","Vosges"],"inLanguage":"fr-FR","potentialAction":[{"@type":"CommentAction","name":"Comment","target":["https:\/\/vosgesinfo.fr\/gerardmerinfo\/2025\/02\/corcieux-un-autocar-de-lentreprise-tchizz-voyages-detruit-par-un-incendie\/#respond"]}]},{"@type":"WebPage","@id":"https:\/\/vosgesinfo.fr\/gerardmerinfo\/2025\/02\/corcieux-un-autocar-de-lentreprise-tchizz-voyages-detruit-par-un-incendie\/","url":"https:\/\/vosgesinfo.fr\/gerardmerinfo\/2025\/02\/corcieux-un-autocar-de-lentreprise-tchizz-voyages-detruit-par-un-incendie\/","name":"Corcieux \u2013 Un autocar de l'entreprise Tchizz Voyages d\u00e9truit par un incendie - Gerardmer Info","isPartOf":{"@id":"https:\/\/vosgesinfo.fr\/gerardmerinfo\/#website"},"primaryImageOfPage":{"@id":"https:\/\/vosgesinfo.fr\/gerardmerinfo\/2025\/02\/corcieux-un-autocar-de-lentreprise-tchizz-voyages-detruit-par-un-incendie\/#primaryimage"},"image":{"@id":"https:\/\/vosgesinfo.fr\/gerardmerinfo\/2025\/02\/corcieux-un-autocar-de-lentreprise-tchizz-voyages-detruit-par-un-incendie\/#primaryimage"},"thumbnailUrl":"https:\/\/vosgesinfo.fr\/app\/uploads\/sites\/6\/2025\/02\/corcieux-autocar-brule-tchizz-voyages-1.jpg","datePublished":"2025-02-26T16:30:46+00:00","dateModified":"2025-02-26T16:30:46+00:00","breadcrumb":{"@id":"https:\/\/vosgesinfo.fr\/gerardmerinfo\/2025\/02\/corcieux-un-autocar-de-lentreprise-tchizz-voyages-detruit-par-un-incendie\/#breadcrumb"},"inLanguage":"fr-FR","potentialAction":[{"@type":"ReadAction","target":["https:\/\/vosgesinfo.fr\/gerardmerinfo\/2025\/02\/corcieux-un-autocar-de-lentreprise-tchizz-voyages-detruit-par-un-incendie\/"]}]},{"@type":"ImageObject","inLanguage":"fr-FR","@id":"https:\/\/vosgesinfo.fr\/gerardmerinfo\/2025\/02\/corcieux-un-autocar-de-lentreprise-tchizz-voyages-detruit-par-un-incendie\/#primaryimage","url":"https:\/\/vosgesinfo.fr\/app\/uploads\/sites\/6\/2025\/02\/corcieux-autocar-brule-tchizz-voyages-1.jpg","contentUrl":"https:\/\/vosgesinfo.fr\/app\/uploads\/sites\/6\/2025\/02\/corcieux-autocar-brule-tchizz-voyages-1.jpg","width":2048,"height":1073},{"@type":"BreadcrumbList","@id":"https:\/\/vosgesinfo.fr\/gerardmerinfo\/2025\/02\/corcieux-un-autocar-de-lentreprise-tchizz-voyages-detruit-par-un-incendie\/#breadcrumb","itemListElement":[{"@type":"ListItem","position":1,"name":"Home","item":"https:\/\/vosgesinfo.fr\/gerardmerinfo\/"},{"@type":"ListItem","position":2,"name":"Corcieux \u2013 Un autocar de l&rsquo;entreprise Tchizz Voyages d\u00e9truit par un incendie"}]},{"@type":"WebSite","@id":"https:\/\/vosgesinfo.fr\/gerardmerinfo\/#website","url":"https:\/\/vosgesinfo.fr\/gerardmerinfo\/","name":"Gerardmer Info","description":"Toute l&#039;actualit\u00e9 de G\u00e9rardmer","publisher":{"@id":"https:\/\/vosgesinfo.fr\/gerardmerinfo\/#organization"},"alternateName":"Toute l'actualit\u00e9 de G\u00e9rardmer","potentialAction":[{"@type":"SearchAction","target":{"@type":"EntryPoint","urlTemplate":"https:\/\/vosgesinfo.fr\/gerardmerinfo\/?s={search_term_string}"},"query-input":"required name=search_term_string"}],"inLanguage":"fr-FR"},{"@type":"Organization","@id":"https:\/\/vosgesinfo.fr\/gerardmerinfo\/#organization","name":"Gerardmer Info","url":"https:\/\/vosgesinfo.fr\/gerardmerinfo\/","logo":{"@type":"ImageObject","inLanguage":"fr-FR","@id":"https:\/\/vosgesinfo.fr\/gerardmerinfo\/#\/schema\/logo\/image\/","url":"https:\/\/vosgesinfo.fr\/app\/uploads\/sites\/6\/2023\/08\/favicon-gerardmerinfo.png","contentUrl":"https:\/\/vosgesinfo.fr\/app\/uploads\/sites\/6\/2023\/08\/favicon-gerardmerinfo.png","width":512,"height":512,"caption":"Gerardmer Info"},"image":{"@id":"https:\/\/vosgesinfo.fr\/gerardmerinfo\/#\/schema\/logo\/image\/"},"sameAs":["https:\/\/www.facebook.com\/profile.php?id=100049475262660","https:\/\/x.com\/VosgesInfo88","https:\/\/www.youtube.com\/@vosgesinfo"]},{"@type":"Person","@id":"https:\/\/vosgesinfo.fr\/gerardmerinfo\/#\/schema\/person\/fa73e9f726d67bb88f46d5b7943cb572","name":"J.J.","image":{"@type":"ImageObject","inLanguage":"fr-FR","@id":"https:\/\/vosgesinfo.fr\/gerardmerinfo\/#\/schema\/person\/image\/","url":"https:\/\/secure.gravatar.com\/avatar\/219e749e47ffbcca018a360ae4add7d4cdf1cdaaf8bc7676b27efade3fe65615?s=96&d=mm&r=g","contentUrl":"https:\/\/secure.gravatar.com\/avatar\/219e749e47ffbcca018a360ae4add7d4cdf1cdaaf8bc7676b27efade3fe65615?s=96&d=mm&r=g","caption":"J.J."},"url":"https:\/\/vosgesinfo.fr\/gerardmerinfo\/author\/j-j\/"}]}},"_links":{"self":[{"href":"https:\/\/vosgesinfo.fr\/gerardmerinfo\/wp-json\/wp\/v2\/posts\/74810","targetHints":{"allow":["GET"]}}],"collection":[{"href":"https:\/\/vosgesinfo.fr\/gerardmerinfo\/wp-json\/wp\/v2\/posts"}],"about":[{"href":"https:\/\/vosgesinfo.fr\/gerardmerinfo\/wp-json\/wp\/v2\/types\/post"}],"author":[{"embeddable":true,"href":"https:\/\/vosgesinfo.fr\/gerardmerinfo\/wp-json\/wp\/v2\/users\/46"}],"replies":[{"embeddable":true,"href":"https:\/\/vosgesinfo.fr\/gerardmerinfo\/wp-json\/wp\/v2\/comments?post=74810"}],"version-history":[{"count":0,"href":"https:\/\/vosgesinfo.fr\/gerardmerinfo\/wp-json\/wp\/v2\/posts\/74810\/revisions"}],"wp:featuredmedia":[{"embeddable":true,"href":"https:\/\/vosgesinfo.fr\/gerardmerinfo\/wp-json\/wp\/v2\/media\/74811"}],"wp:attachment":[{"href":"https:\/\/vosgesinfo.fr\/gerardmerinfo\/wp-json\/wp\/v2\/media?parent=74810"}],"wp:term":[{"taxonomy":"category","embeddable":true,"href":"https:\/\/vosgesinfo.fr\/gerardmerinfo\/wp-json\/wp\/v2\/categories?post=74810"},{"taxonomy":"post_tag","embeddable":true,"href":"https:\/\/vosgesinfo.fr\/gerardmerinfo\/wp-json\/wp\/v2\/tags?post=74810"}],"curies":[{"name":"wp","href":"https:\/\/api.w.org\/{rel}","templated":true}]}}