{"id":74824,"date":"2025-02-27T11:02:56","date_gmt":"2025-02-27T10:02:56","guid":{"rendered":"https:\/\/vosgesinfo.fr\/gerardmerinfo\/?p=74824"},"modified":"2025-02-27T11:02:56","modified_gmt":"2025-02-27T10:02:56","slug":"david-claude-brille-a-nouveau-au-salon-de-lagriculture-dans-la-categorie-texel","status":"publish","type":"post","link":"https:\/\/vosgesinfo.fr\/gerardmerinfo\/2025\/02\/david-claude-brille-a-nouveau-au-salon-de-lagriculture-dans-la-categorie-texel\/","title":{"rendered":"David Claude brille \u00e0 nouveau au Salon de l&rsquo;Agriculture dans la Cat\u00e9gorie Texel"},"content":{"rendered":"<div id=\"attachment_79013\" style=\"width: 610px\" class=\"wp-caption aligncenter\"><a href=\"https:\/\/vosgesinfo.fr\/app\/uploads\/sites\/5\/2025\/02\/calude-david.jpg\"><img decoding=\"async\" aria-describedby=\"caption-attachment-79013\" class=\"wp-image-79013\" src=\"https:\/\/vosgesinfo.fr\/app\/uploads\/sites\/5\/2025\/02\/calude-david.jpg\" alt=\"\" width=\"600\" height=\"401\" \/><\/a><p id=\"caption-attachment-79013\" class=\"wp-caption-text\">Photographie : Salon de l&rsquo;Agriculture.<\/p><\/div>\n<p data-start=\"87\" data-end=\"481\"><strong>Le Salon de l&rsquo;Agriculture 2025 a une fois de plus mis en lumi\u00e8re le talent et le savoir-faire de David Claude, \u00e9leveur \u00e0 Soncourt, qui s&rsquo;est distingu\u00e9 dans la cat\u00e9gorie Texel en remportant plusieurs prix en concours viandes et concours laines. Fort de nombreuses distinctions obtenues les ann\u00e9es pr\u00e9c\u00e9dentes, il confirme cette ann\u00e9e encore l\u2019excellence de son \u00e9levage.<\/strong><\/p>\n<p data-start=\"955\" data-end=\"1218\" data-is-last-node=\"\" data-is-only-node=\"\">Ces nouvelles r\u00e9compenses viennent confirmer son expertise et valoriser son \u00e9levage, qui allie tradition et innovation pour produire des moutons d\u2019exception. Un bel accomplissement qui t\u00e9moigne de son engagement ind\u00e9fectible et de son amour du m\u00e9tier.<\/p>\n","protected":false},"excerpt":{"rendered":"<p>Le Salon de l&rsquo;Agriculture 2025 a une fois de plus mis en lumi\u00e8re le talent et le savoir-faire de David [&hellip;]<\/p>\n","protected":false},"author":418,"featured_media":74825,"comment_status":"open","ping_status":"open","sticky":false,"template":"","format":"standard","meta":{"footnotes":""},"categories":[20,23,5848,878,25,328,868,946],"tags":[6791,6792,3472],"class_list":["post-74824","post","type-post","status-publish","format-standard","has-post-thumbnail","hentry","category-a-la-une","category-agriculture","category-animaux","category-epinal","category-gerardmer","category-la-plaine-des-vosges","category-remiremont","category-saint-die","tag-concours-general-agricole-2025","tag-david-claude","tag-salon-de-lagriculture"],"acf":[],"yoast_head":"<!-- This site is optimized with the Yoast SEO plugin v22.5 - https:\/\/yoast.com\/wordpress\/plugins\/seo\/ -->\n<title>David Claude brille \u00e0 nouveau au Salon de l&#039;Agriculture dans la Cat\u00e9gorie Texel - Gerardmer Info<\/title>\n<meta name=\"robots\" content=\"index, follow, max-snippet:-1, max-image-preview:large, max-video-preview:-1\" \/>\n<link rel=\"canonical\" href=\"https:\/\/vosgesinfo.fr\/gerardmerinfo\/2025\/02\/david-claude-brille-a-nouveau-au-salon-de-lagriculture-dans-la-categorie-texel\/\" \/>\n<meta name=\"twitter:card\" content=\"summary_large_image\" \/>\n<meta name=\"twitter:title\" content=\"David Claude brille \u00e0 nouveau au Salon de l&#039;Agriculture dans la Cat\u00e9gorie Texel - Gerardmer Info\" \/>\n<meta name=\"twitter:description\" content=\"Le Salon de l&rsquo;Agriculture 2025 a une fois de plus mis en lumi\u00e8re le talent et le savoir-faire de David [&hellip;]\" \/>\n<meta name=\"twitter:image\" content=\"https:\/\/vosgesinfo.fr\/app\/uploads\/sites\/6\/2025\/02\/calude-david.jpg\" \/>\n<meta name=\"twitter:creator\" content=\"@VosgesInfo88\" \/>\n<meta name=\"twitter:site\" content=\"@VosgesInfo88\" \/>\n<meta name=\"twitter:label1\" content=\"\u00c9crit par\" \/>\n\t<meta name=\"twitter:data1\" content=\"C.M\" \/>\n\t<meta name=\"twitter:label2\" content=\"Dur\u00e9e de lecture estim\u00e9e\" \/>\n\t<meta name=\"twitter:data2\" content=\"1 minute\" \/>\n<script type=\"application\/ld+json\" class=\"yoast-schema-graph\">{\"@context\":\"https:\/\/schema.org\",\"@graph\":[{\"@type\":\"Article\",\"@id\":\"https:\/\/vosgesinfo.fr\/gerardmerinfo\/2025\/02\/david-claude-brille-a-nouveau-au-salon-de-lagriculture-dans-la-categorie-texel\/#article\",\"isPartOf\":{\"@id\":\"https:\/\/vosgesinfo.fr\/gerardmerinfo\/2025\/02\/david-claude-brille-a-nouveau-au-salon-de-lagriculture-dans-la-categorie-texel\/\"},\"author\":{\"name\":\"C.M\",\"@id\":\"https:\/\/vosgesinfo.fr\/gerardmerinfo\/#\/schema\/person\/4f38cd3068e342935b7304695c797d08\"},\"headline\":\"David Claude brille \u00e0 nouveau au Salon de l&rsquo;Agriculture dans la Cat\u00e9gorie Texel\",\"datePublished\":\"2025-02-27T10:02:56+00:00\",\"dateModified\":\"2025-02-27T10:02:56+00:00\",\"mainEntityOfPage\":{\"@id\":\"https:\/\/vosgesinfo.fr\/gerardmerinfo\/2025\/02\/david-claude-brille-a-nouveau-au-salon-de-lagriculture-dans-la-categorie-texel\/\"},\"wordCount\":132,\"commentCount\":0,\"publisher\":{\"@id\":\"https:\/\/vosgesinfo.fr\/gerardmerinfo\/#organization\"},\"image\":{\"@id\":\"https:\/\/vosgesinfo.fr\/gerardmerinfo\/2025\/02\/david-claude-brille-a-nouveau-au-salon-de-lagriculture-dans-la-categorie-texel\/#primaryimage\"},\"thumbnailUrl\":\"https:\/\/vosgesinfo.fr\/app\/uploads\/sites\/6\/2025\/02\/calude-david.jpg\",\"keywords\":[\"Concours G\u00e9n\u00e9ral Agricole 2025\",\"David Claude\",\"salon de l'agriculture\"],\"articleSection\":[\"A la une\",\"agriculture\",\"Animaux\",\"Epinal\",\"G\u00e9rardmer\",\"La plaine des vosges\",\"Remiremont\",\"Saint-di\u00e9\"],\"inLanguage\":\"fr-FR\",\"potentialAction\":[{\"@type\":\"CommentAction\",\"name\":\"Comment\",\"target\":[\"https:\/\/vosgesinfo.fr\/gerardmerinfo\/2025\/02\/david-claude-brille-a-nouveau-au-salon-de-lagriculture-dans-la-categorie-texel\/#respond\"]}]},{\"@type\":\"WebPage\",\"@id\":\"https:\/\/vosgesinfo.fr\/gerardmerinfo\/2025\/02\/david-claude-brille-a-nouveau-au-salon-de-lagriculture-dans-la-categorie-texel\/\",\"url\":\"https:\/\/vosgesinfo.fr\/gerardmerinfo\/2025\/02\/david-claude-brille-a-nouveau-au-salon-de-lagriculture-dans-la-categorie-texel\/\",\"name\":\"David Claude brille \u00e0 nouveau au Salon de l'Agriculture dans la Cat\u00e9gorie Texel - Gerardmer Info\",\"isPartOf\":{\"@id\":\"https:\/\/vosgesinfo.fr\/gerardmerinfo\/#website\"},\"primaryImageOfPage\":{\"@id\":\"https:\/\/vosgesinfo.fr\/gerardmerinfo\/2025\/02\/david-claude-brille-a-nouveau-au-salon-de-lagriculture-dans-la-categorie-texel\/#primaryimage\"},\"image\":{\"@id\":\"https:\/\/vosgesinfo.fr\/gerardmerinfo\/2025\/02\/david-claude-brille-a-nouveau-au-salon-de-lagriculture-dans-la-categorie-texel\/#primaryimage\"},\"thumbnailUrl\":\"https:\/\/vosgesinfo.fr\/app\/uploads\/sites\/6\/2025\/02\/calude-david.jpg\",\"datePublished\":\"2025-02-27T10:02:56+00:00\",\"dateModified\":\"2025-02-27T10:02:56+00:00\",\"breadcrumb\":{\"@id\":\"https:\/\/vosgesinfo.fr\/gerardmerinfo\/2025\/02\/david-claude-brille-a-nouveau-au-salon-de-lagriculture-dans-la-categorie-texel\/#breadcrumb\"},\"inLanguage\":\"fr-FR\",\"potentialAction\":[{\"@type\":\"ReadAction\",\"target\":[\"https:\/\/vosgesinfo.fr\/gerardmerinfo\/2025\/02\/david-claude-brille-a-nouveau-au-salon-de-lagriculture-dans-la-categorie-texel\/\"]}]},{\"@type\":\"ImageObject\",\"inLanguage\":\"fr-FR\",\"@id\":\"https:\/\/vosgesinfo.fr\/gerardmerinfo\/2025\/02\/david-claude-brille-a-nouveau-au-salon-de-lagriculture-dans-la-categorie-texel\/#primaryimage\",\"url\":\"https:\/\/vosgesinfo.fr\/app\/uploads\/sites\/6\/2025\/02\/calude-david.jpg\",\"contentUrl\":\"https:\/\/vosgesinfo.fr\/app\/uploads\/sites\/6\/2025\/02\/calude-david.jpg\",\"width\":400,\"height\":267},{\"@type\":\"BreadcrumbList\",\"@id\":\"https:\/\/vosgesinfo.fr\/gerardmerinfo\/2025\/02\/david-claude-brille-a-nouveau-au-salon-de-lagriculture-dans-la-categorie-texel\/#breadcrumb\",\"itemListElement\":[{\"@type\":\"ListItem\",\"position\":1,\"name\":\"Home\",\"item\":\"https:\/\/vosgesinfo.fr\/gerardmerinfo\/\"},{\"@type\":\"ListItem\",\"position\":2,\"name\":\"David Claude brille \u00e0 nouveau au Salon de l&rsquo;Agriculture dans la Cat\u00e9gorie Texel\"}]},{\"@type\":\"WebSite\",\"@id\":\"https:\/\/vosgesinfo.fr\/gerardmerinfo\/#website\",\"url\":\"https:\/\/vosgesinfo.fr\/gerardmerinfo\/\",\"name\":\"Gerardmer Info\",\"description\":\"Toute l&#039;actualit\u00e9 de G\u00e9rardmer\",\"publisher\":{\"@id\":\"https:\/\/vosgesinfo.fr\/gerardmerinfo\/#organization\"},\"alternateName\":\"Toute l'actualit\u00e9 de G\u00e9rardmer\",\"potentialAction\":[{\"@type\":\"SearchAction\",\"target\":{\"@type\":\"EntryPoint\",\"urlTemplate\":\"https:\/\/vosgesinfo.fr\/gerardmerinfo\/?s={search_term_string}\"},\"query-input\":\"required name=search_term_string\"}],\"inLanguage\":\"fr-FR\"},{\"@type\":\"Organization\",\"@id\":\"https:\/\/vosgesinfo.fr\/gerardmerinfo\/#organization\",\"name\":\"Gerardmer Info\",\"url\":\"https:\/\/vosgesinfo.fr\/gerardmerinfo\/\",\"logo\":{\"@type\":\"ImageObject\",\"inLanguage\":\"fr-FR\",\"@id\":\"https:\/\/vosgesinfo.fr\/gerardmerinfo\/#\/schema\/logo\/image\/\",\"url\":\"https:\/\/vosgesinfo.fr\/app\/uploads\/sites\/6\/2023\/08\/favicon-gerardmerinfo.png\",\"contentUrl\":\"https:\/\/vosgesinfo.fr\/app\/uploads\/sites\/6\/2023\/08\/favicon-gerardmerinfo.png\",\"width\":512,\"height\":512,\"caption\":\"Gerardmer Info\"},\"image\":{\"@id\":\"https:\/\/vosgesinfo.fr\/gerardmerinfo\/#\/schema\/logo\/image\/\"},\"sameAs\":[\"https:\/\/www.facebook.com\/profile.php?id=100049475262660\",\"https:\/\/x.com\/VosgesInfo88\",\"https:\/\/www.youtube.com\/@vosgesinfo\"]},{\"@type\":\"Person\",\"@id\":\"https:\/\/vosgesinfo.fr\/gerardmerinfo\/#\/schema\/person\/4f38cd3068e342935b7304695c797d08\",\"name\":\"C.M\",\"image\":{\"@type\":\"ImageObject\",\"inLanguage\":\"fr-FR\",\"@id\":\"https:\/\/vosgesinfo.fr\/gerardmerinfo\/#\/schema\/person\/image\/\",\"url\":\"https:\/\/secure.gravatar.com\/avatar\/fe9daaef0164d920717484172682f3c5c9bcf7d42aa8c7048c76c34f0eb6c8da?s=96&d=mm&r=g\",\"contentUrl\":\"https:\/\/secure.gravatar.com\/avatar\/fe9daaef0164d920717484172682f3c5c9bcf7d42aa8c7048c76c34f0eb6c8da?s=96&d=mm&r=g\",\"caption\":\"C.M\"},\"url\":\"https:\/\/vosgesinfo.fr\/gerardmerinfo\/author\/cm88200\/\"}]}<\/script>\n<!-- \/ Yoast SEO plugin. -->","yoast_head_json":{"title":"David Claude brille \u00e0 nouveau au Salon de l'Agriculture dans la Cat\u00e9gorie Texel - Gerardmer Info","robots":{"index":"index","follow":"follow","max-snippet":"max-snippet:-1","max-image-preview":"max-image-preview:large","max-video-preview":"max-video-preview:-1"},"canonical":"https:\/\/vosgesinfo.fr\/gerardmerinfo\/2025\/02\/david-claude-brille-a-nouveau-au-salon-de-lagriculture-dans-la-categorie-texel\/","twitter_card":"summary_large_image","twitter_title":"David Claude brille \u00e0 nouveau au Salon de l'Agriculture dans la Cat\u00e9gorie Texel - Gerardmer Info","twitter_description":"Le Salon de l&rsquo;Agriculture 2025 a une fois de plus mis en lumi\u00e8re le talent et le savoir-faire de David [&hellip;]","twitter_image":"https:\/\/vosgesinfo.fr\/app\/uploads\/sites\/6\/2025\/02\/calude-david.jpg","twitter_creator":"@VosgesInfo88","twitter_site":"@VosgesInfo88","twitter_misc":{"\u00c9crit par":"C.M","Dur\u00e9e de lecture estim\u00e9e":"1 minute"},"schema":{"@context":"https:\/\/schema.org","@graph":[{"@type":"Article","@id":"https:\/\/vosgesinfo.fr\/gerardmerinfo\/2025\/02\/david-claude-brille-a-nouveau-au-salon-de-lagriculture-dans-la-categorie-texel\/#article","isPartOf":{"@id":"https:\/\/vosgesinfo.fr\/gerardmerinfo\/2025\/02\/david-claude-brille-a-nouveau-au-salon-de-lagriculture-dans-la-categorie-texel\/"},"author":{"name":"C.M","@id":"https:\/\/vosgesinfo.fr\/gerardmerinfo\/#\/schema\/person\/4f38cd3068e342935b7304695c797d08"},"headline":"David Claude brille \u00e0 nouveau au Salon de l&rsquo;Agriculture dans la Cat\u00e9gorie Texel","datePublished":"2025-02-27T10:02:56+00:00","dateModified":"2025-02-27T10:02:56+00:00","mainEntityOfPage":{"@id":"https:\/\/vosgesinfo.fr\/gerardmerinfo\/2025\/02\/david-claude-brille-a-nouveau-au-salon-de-lagriculture-dans-la-categorie-texel\/"},"wordCount":132,"commentCount":0,"publisher":{"@id":"https:\/\/vosgesinfo.fr\/gerardmerinfo\/#organization"},"image":{"@id":"https:\/\/vosgesinfo.fr\/gerardmerinfo\/2025\/02\/david-claude-brille-a-nouveau-au-salon-de-lagriculture-dans-la-categorie-texel\/#primaryimage"},"thumbnailUrl":"https:\/\/vosgesinfo.fr\/app\/uploads\/sites\/6\/2025\/02\/calude-david.jpg","keywords":["Concours G\u00e9n\u00e9ral Agricole 2025","David Claude","salon de l'agriculture"],"articleSection":["A la une","agriculture","Animaux","Epinal","G\u00e9rardmer","La plaine des vosges","Remiremont","Saint-di\u00e9"],"inLanguage":"fr-FR","potentialAction":[{"@type":"CommentAction","name":"Comment","target":["https:\/\/vosgesinfo.fr\/gerardmerinfo\/2025\/02\/david-claude-brille-a-nouveau-au-salon-de-lagriculture-dans-la-categorie-texel\/#respond"]}]},{"@type":"WebPage","@id":"https:\/\/vosgesinfo.fr\/gerardmerinfo\/2025\/02\/david-claude-brille-a-nouveau-au-salon-de-lagriculture-dans-la-categorie-texel\/","url":"https:\/\/vosgesinfo.fr\/gerardmerinfo\/2025\/02\/david-claude-brille-a-nouveau-au-salon-de-lagriculture-dans-la-categorie-texel\/","name":"David Claude brille \u00e0 nouveau au Salon de l'Agriculture dans la Cat\u00e9gorie Texel - Gerardmer Info","isPartOf":{"@id":"https:\/\/vosgesinfo.fr\/gerardmerinfo\/#website"},"primaryImageOfPage":{"@id":"https:\/\/vosgesinfo.fr\/gerardmerinfo\/2025\/02\/david-claude-brille-a-nouveau-au-salon-de-lagriculture-dans-la-categorie-texel\/#primaryimage"},"image":{"@id":"https:\/\/vosgesinfo.fr\/gerardmerinfo\/2025\/02\/david-claude-brille-a-nouveau-au-salon-de-lagriculture-dans-la-categorie-texel\/#primaryimage"},"thumbnailUrl":"https:\/\/vosgesinfo.fr\/app\/uploads\/sites\/6\/2025\/02\/calude-david.jpg","datePublished":"2025-02-27T10:02:56+00:00","dateModified":"2025-02-27T10:02:56+00:00","breadcrumb":{"@id":"https:\/\/vosgesinfo.fr\/gerardmerinfo\/2025\/02\/david-claude-brille-a-nouveau-au-salon-de-lagriculture-dans-la-categorie-texel\/#breadcrumb"},"inLanguage":"fr-FR","potentialAction":[{"@type":"ReadAction","target":["https:\/\/vosgesinfo.fr\/gerardmerinfo\/2025\/02\/david-claude-brille-a-nouveau-au-salon-de-lagriculture-dans-la-categorie-texel\/"]}]},{"@type":"ImageObject","inLanguage":"fr-FR","@id":"https:\/\/vosgesinfo.fr\/gerardmerinfo\/2025\/02\/david-claude-brille-a-nouveau-au-salon-de-lagriculture-dans-la-categorie-texel\/#primaryimage","url":"https:\/\/vosgesinfo.fr\/app\/uploads\/sites\/6\/2025\/02\/calude-david.jpg","contentUrl":"https:\/\/vosgesinfo.fr\/app\/uploads\/sites\/6\/2025\/02\/calude-david.jpg","width":400,"height":267},{"@type":"BreadcrumbList","@id":"https:\/\/vosgesinfo.fr\/gerardmerinfo\/2025\/02\/david-claude-brille-a-nouveau-au-salon-de-lagriculture-dans-la-categorie-texel\/#breadcrumb","itemListElement":[{"@type":"ListItem","position":1,"name":"Home","item":"https:\/\/vosgesinfo.fr\/gerardmerinfo\/"},{"@type":"ListItem","position":2,"name":"David Claude brille \u00e0 nouveau au Salon de l&rsquo;Agriculture dans la Cat\u00e9gorie Texel"}]},{"@type":"WebSite","@id":"https:\/\/vosgesinfo.fr\/gerardmerinfo\/#website","url":"https:\/\/vosgesinfo.fr\/gerardmerinfo\/","name":"Gerardmer Info","description":"Toute l&#039;actualit\u00e9 de G\u00e9rardmer","publisher":{"@id":"https:\/\/vosgesinfo.fr\/gerardmerinfo\/#organization"},"alternateName":"Toute l'actualit\u00e9 de G\u00e9rardmer","potentialAction":[{"@type":"SearchAction","target":{"@type":"EntryPoint","urlTemplate":"https:\/\/vosgesinfo.fr\/gerardmerinfo\/?s={search_term_string}"},"query-input":"required name=search_term_string"}],"inLanguage":"fr-FR"},{"@type":"Organization","@id":"https:\/\/vosgesinfo.fr\/gerardmerinfo\/#organization","name":"Gerardmer Info","url":"https:\/\/vosgesinfo.fr\/gerardmerinfo\/","logo":{"@type":"ImageObject","inLanguage":"fr-FR","@id":"https:\/\/vosgesinfo.fr\/gerardmerinfo\/#\/schema\/logo\/image\/","url":"https:\/\/vosgesinfo.fr\/app\/uploads\/sites\/6\/2023\/08\/favicon-gerardmerinfo.png","contentUrl":"https:\/\/vosgesinfo.fr\/app\/uploads\/sites\/6\/2023\/08\/favicon-gerardmerinfo.png","width":512,"height":512,"caption":"Gerardmer Info"},"image":{"@id":"https:\/\/vosgesinfo.fr\/gerardmerinfo\/#\/schema\/logo\/image\/"},"sameAs":["https:\/\/www.facebook.com\/profile.php?id=100049475262660","https:\/\/x.com\/VosgesInfo88","https:\/\/www.youtube.com\/@vosgesinfo"]},{"@type":"Person","@id":"https:\/\/vosgesinfo.fr\/gerardmerinfo\/#\/schema\/person\/4f38cd3068e342935b7304695c797d08","name":"C.M","image":{"@type":"ImageObject","inLanguage":"fr-FR","@id":"https:\/\/vosgesinfo.fr\/gerardmerinfo\/#\/schema\/person\/image\/","url":"https:\/\/secure.gravatar.com\/avatar\/fe9daaef0164d920717484172682f3c5c9bcf7d42aa8c7048c76c34f0eb6c8da?s=96&d=mm&r=g","contentUrl":"https:\/\/secure.gravatar.com\/avatar\/fe9daaef0164d920717484172682f3c5c9bcf7d42aa8c7048c76c34f0eb6c8da?s=96&d=mm&r=g","caption":"C.M"},"url":"https:\/\/vosgesinfo.fr\/gerardmerinfo\/author\/cm88200\/"}]}},"_links":{"self":[{"href":"https:\/\/vosgesinfo.fr\/gerardmerinfo\/wp-json\/wp\/v2\/posts\/74824","targetHints":{"allow":["GET"]}}],"collection":[{"href":"https:\/\/vosgesinfo.fr\/gerardmerinfo\/wp-json\/wp\/v2\/posts"}],"about":[{"href":"https:\/\/vosgesinfo.fr\/gerardmerinfo\/wp-json\/wp\/v2\/types\/post"}],"author":[{"embeddable":true,"href":"https:\/\/vosgesinfo.fr\/gerardmerinfo\/wp-json\/wp\/v2\/users\/418"}],"replies":[{"embeddable":true,"href":"https:\/\/vosgesinfo.fr\/gerardmerinfo\/wp-json\/wp\/v2\/comments?post=74824"}],"version-history":[{"count":0,"href":"https:\/\/vosgesinfo.fr\/gerardmerinfo\/wp-json\/wp\/v2\/posts\/74824\/revisions"}],"wp:featuredmedia":[{"embeddable":true,"href":"https:\/\/vosgesinfo.fr\/gerardmerinfo\/wp-json\/wp\/v2\/media\/74825"}],"wp:attachment":[{"href":"https:\/\/vosgesinfo.fr\/gerardmerinfo\/wp-json\/wp\/v2\/media?parent=74824"}],"wp:term":[{"taxonomy":"category","embeddable":true,"href":"https:\/\/vosgesinfo.fr\/gerardmerinfo\/wp-json\/wp\/v2\/categories?post=74824"},{"taxonomy":"post_tag","embeddable":true,"href":"https:\/\/vosgesinfo.fr\/gerardmerinfo\/wp-json\/wp\/v2\/tags?post=74824"}],"curies":[{"name":"wp","href":"https:\/\/api.w.org\/{rel}","templated":true}]}}