{"id":74926,"date":"2025-03-06T05:53:03","date_gmt":"2025-03-06T04:53:03","guid":{"rendered":"https:\/\/vosgesinfo.fr\/gerardmerinfo\/?p=74926"},"modified":"2025-03-02T19:11:38","modified_gmt":"2025-03-02T18:11:38","slug":"comment-dire-un-spectacle-debat-a-la-mediatheque-le-8-mars","status":"publish","type":"post","link":"https:\/\/vosgesinfo.fr\/gerardmerinfo\/2025\/03\/comment-dire-un-spectacle-debat-a-la-mediatheque-le-8-mars\/","title":{"rendered":"\u00ab Comment dire ? \u00bb : un spectacle-d\u00e9bat \u00e0 la M\u00e9diath\u00e8que le 8 mars"},"content":{"rendered":"<p>\u00ab Comment dire ? \u00bb un spectacle-d\u00e9bat \u00e0 la m\u00e9diath\u00e8que \u00e0 l\u2019occasion du 8 mars :<\/p>\n<p><a href=\"https:\/\/vosgesinfo.fr\/app\/uploads\/sites\/6\/2025\/03\/2025-commentdire8mars.png\"><img decoding=\"async\" class=\"alignright size-medium wp-image-74927\" src=\"https:\/\/vosgesinfo.fr\/app\/uploads\/sites\/6\/2025\/03\/2025-commentdire8mars-212x300.png\" alt=\"\" width=\"212\" height=\"300\" srcset=\"https:\/\/vosgesinfo.fr\/app\/uploads\/sites\/6\/2025\/03\/2025-commentdire8mars-212x300.png 212w, https:\/\/vosgesinfo.fr\/app\/uploads\/sites\/6\/2025\/03\/2025-commentdire8mars-724x1024.png 724w, https:\/\/vosgesinfo.fr\/app\/uploads\/sites\/6\/2025\/03\/2025-commentdire8mars-768x1086.png 768w, https:\/\/vosgesinfo.fr\/app\/uploads\/sites\/6\/2025\/03\/2025-commentdire8mars-1086x1536.png 1086w, https:\/\/vosgesinfo.fr\/app\/uploads\/sites\/6\/2025\/03\/2025-commentdire8mars-1448x2048.png 1448w\" sizes=\"(max-width: 212px) 100vw, 212px\" \/><\/a>Dans le cadre de la journ\u00e9e internationale des droits des femmes, la M\u00e9dialudoth\u00e8que du Tilleul accueille Zo\u00e9 pour un spectacle d\u2019objets intitul\u00e9 \u00ab Comment dire ? \u00bb : Zo\u00e9 anime des objets, les fait parler et leur redonne un sens et du contexte, ce spectacle interroge la place de la femme au sein de la soci\u00e9t\u00e9 et son \u00e9volution sur la maternit\u00e9, l\u2019\u00e9ducation, la charge mentale\u2026 il sera suivi d\u2019un d\u00e9bat avec le public et du traditionnel verre de l\u2019amiti\u00e9.<br \/>\nVenez nombreux\u00b7ses pour d\u00e9couvrir ce spectacle et participer \u00e0 cette journ\u00e9e de lutte pour les droits des femmes !<\/p>\n<p>Samedi 8 mars \u00e0 15h<br \/>\nEntr\u00e9e libre \u2013 Tout public, \u00e0 partir de 10 ans.<br \/>\nM\u00e9diaLudoth\u00e8que du Tilleul \u2013 3\u00e8me \u00e9tage<\/p>\n<p>16 rue Charles de Gaulle, 88400 G\u00e9rardmer<\/p>\n","protected":false},"excerpt":{"rendered":"<p>\u00ab Comment dire ? \u00bb un spectacle-d\u00e9bat \u00e0 la m\u00e9diath\u00e8que \u00e0 l\u2019occasion du 8 mars : Dans le cadre de [&hellip;]<\/p>\n","protected":false},"author":391,"featured_media":74927,"comment_status":"open","ping_status":"open","sticky":false,"template":"","format":"standard","meta":{"footnotes":""},"categories":[20,4,5647],"tags":[],"class_list":["post-74926","post","type-post","status-publish","format-standard","has-post-thumbnail","hentry","category-a-la-une","category-culture","category-gerardmer-autres-sites"],"acf":[],"yoast_head":"<!-- This site is optimized with the Yoast SEO plugin v22.5 - https:\/\/yoast.com\/wordpress\/plugins\/seo\/ -->\n<title>\u00ab Comment dire ? \u00bb : un spectacle-d\u00e9bat \u00e0 la M\u00e9diath\u00e8que le 8 mars - Gerardmer Info<\/title>\n<meta name=\"robots\" content=\"index, follow, max-snippet:-1, max-image-preview:large, max-video-preview:-1\" \/>\n<link rel=\"canonical\" href=\"https:\/\/vosgesinfo.fr\/gerardmerinfo\/2025\/03\/comment-dire-un-spectacle-debat-a-la-mediatheque-le-8-mars\/\" \/>\n<meta name=\"twitter:card\" content=\"summary_large_image\" \/>\n<meta name=\"twitter:title\" content=\"\u00ab Comment dire ? \u00bb : un spectacle-d\u00e9bat \u00e0 la M\u00e9diath\u00e8que le 8 mars - Gerardmer Info\" \/>\n<meta name=\"twitter:description\" content=\"\u00ab Comment dire ? \u00bb un spectacle-d\u00e9bat \u00e0 la m\u00e9diath\u00e8que \u00e0 l\u2019occasion du 8 mars : Dans le cadre de [&hellip;]\" \/>\n<meta name=\"twitter:image\" content=\"https:\/\/vosgesinfo.fr\/app\/uploads\/sites\/6\/2025\/03\/2025-commentdire8mars.png\" \/>\n<meta name=\"twitter:creator\" content=\"@VosgesInfo88\" \/>\n<meta name=\"twitter:site\" content=\"@VosgesInfo88\" \/>\n<meta name=\"twitter:label1\" content=\"\u00c9crit par\" \/>\n\t<meta name=\"twitter:data1\" content=\"La redaction\" \/>\n\t<meta name=\"twitter:label2\" content=\"Dur\u00e9e de lecture estim\u00e9e\" \/>\n\t<meta name=\"twitter:data2\" content=\"1 minute\" \/>\n<script type=\"application\/ld+json\" class=\"yoast-schema-graph\">{\"@context\":\"https:\/\/schema.org\",\"@graph\":[{\"@type\":\"Article\",\"@id\":\"https:\/\/vosgesinfo.fr\/gerardmerinfo\/2025\/03\/comment-dire-un-spectacle-debat-a-la-mediatheque-le-8-mars\/#article\",\"isPartOf\":{\"@id\":\"https:\/\/vosgesinfo.fr\/gerardmerinfo\/2025\/03\/comment-dire-un-spectacle-debat-a-la-mediatheque-le-8-mars\/\"},\"author\":{\"name\":\"La redaction\",\"@id\":\"https:\/\/vosgesinfo.fr\/gerardmerinfo\/#\/schema\/person\/27a3695b06db98895b354c0765cdfc31\"},\"headline\":\"\u00ab Comment dire ? \u00bb : un spectacle-d\u00e9bat \u00e0 la M\u00e9diath\u00e8que le 8 mars\",\"datePublished\":\"2025-03-06T04:53:03+00:00\",\"dateModified\":\"2025-03-02T18:11:38+00:00\",\"mainEntityOfPage\":{\"@id\":\"https:\/\/vosgesinfo.fr\/gerardmerinfo\/2025\/03\/comment-dire-un-spectacle-debat-a-la-mediatheque-le-8-mars\/\"},\"wordCount\":153,\"commentCount\":0,\"publisher\":{\"@id\":\"https:\/\/vosgesinfo.fr\/gerardmerinfo\/#organization\"},\"image\":{\"@id\":\"https:\/\/vosgesinfo.fr\/gerardmerinfo\/2025\/03\/comment-dire-un-spectacle-debat-a-la-mediatheque-le-8-mars\/#primaryimage\"},\"thumbnailUrl\":\"https:\/\/vosgesinfo.fr\/app\/uploads\/sites\/6\/2025\/03\/2025-commentdire8mars.png\",\"articleSection\":[\"A la une\",\"Culture\",\"Gerardmer\"],\"inLanguage\":\"fr-FR\",\"potentialAction\":[{\"@type\":\"CommentAction\",\"name\":\"Comment\",\"target\":[\"https:\/\/vosgesinfo.fr\/gerardmerinfo\/2025\/03\/comment-dire-un-spectacle-debat-a-la-mediatheque-le-8-mars\/#respond\"]}]},{\"@type\":\"WebPage\",\"@id\":\"https:\/\/vosgesinfo.fr\/gerardmerinfo\/2025\/03\/comment-dire-un-spectacle-debat-a-la-mediatheque-le-8-mars\/\",\"url\":\"https:\/\/vosgesinfo.fr\/gerardmerinfo\/2025\/03\/comment-dire-un-spectacle-debat-a-la-mediatheque-le-8-mars\/\",\"name\":\"\u00ab Comment dire ? \u00bb : un spectacle-d\u00e9bat \u00e0 la M\u00e9diath\u00e8que le 8 mars - Gerardmer Info\",\"isPartOf\":{\"@id\":\"https:\/\/vosgesinfo.fr\/gerardmerinfo\/#website\"},\"primaryImageOfPage\":{\"@id\":\"https:\/\/vosgesinfo.fr\/gerardmerinfo\/2025\/03\/comment-dire-un-spectacle-debat-a-la-mediatheque-le-8-mars\/#primaryimage\"},\"image\":{\"@id\":\"https:\/\/vosgesinfo.fr\/gerardmerinfo\/2025\/03\/comment-dire-un-spectacle-debat-a-la-mediatheque-le-8-mars\/#primaryimage\"},\"thumbnailUrl\":\"https:\/\/vosgesinfo.fr\/app\/uploads\/sites\/6\/2025\/03\/2025-commentdire8mars.png\",\"datePublished\":\"2025-03-06T04:53:03+00:00\",\"dateModified\":\"2025-03-02T18:11:38+00:00\",\"breadcrumb\":{\"@id\":\"https:\/\/vosgesinfo.fr\/gerardmerinfo\/2025\/03\/comment-dire-un-spectacle-debat-a-la-mediatheque-le-8-mars\/#breadcrumb\"},\"inLanguage\":\"fr-FR\",\"potentialAction\":[{\"@type\":\"ReadAction\",\"target\":[\"https:\/\/vosgesinfo.fr\/gerardmerinfo\/2025\/03\/comment-dire-un-spectacle-debat-a-la-mediatheque-le-8-mars\/\"]}]},{\"@type\":\"ImageObject\",\"inLanguage\":\"fr-FR\",\"@id\":\"https:\/\/vosgesinfo.fr\/gerardmerinfo\/2025\/03\/comment-dire-un-spectacle-debat-a-la-mediatheque-le-8-mars\/#primaryimage\",\"url\":\"https:\/\/vosgesinfo.fr\/app\/uploads\/sites\/6\/2025\/03\/2025-commentdire8mars.png\",\"contentUrl\":\"https:\/\/vosgesinfo.fr\/app\/uploads\/sites\/6\/2025\/03\/2025-commentdire8mars.png\",\"width\":3508,\"height\":4960},{\"@type\":\"BreadcrumbList\",\"@id\":\"https:\/\/vosgesinfo.fr\/gerardmerinfo\/2025\/03\/comment-dire-un-spectacle-debat-a-la-mediatheque-le-8-mars\/#breadcrumb\",\"itemListElement\":[{\"@type\":\"ListItem\",\"position\":1,\"name\":\"Home\",\"item\":\"https:\/\/vosgesinfo.fr\/gerardmerinfo\/\"},{\"@type\":\"ListItem\",\"position\":2,\"name\":\"\u00ab Comment dire ? \u00bb : un spectacle-d\u00e9bat \u00e0 la M\u00e9diath\u00e8que le 8 mars\"}]},{\"@type\":\"WebSite\",\"@id\":\"https:\/\/vosgesinfo.fr\/gerardmerinfo\/#website\",\"url\":\"https:\/\/vosgesinfo.fr\/gerardmerinfo\/\",\"name\":\"Gerardmer Info\",\"description\":\"Toute l&#039;actualit\u00e9 de G\u00e9rardmer\",\"publisher\":{\"@id\":\"https:\/\/vosgesinfo.fr\/gerardmerinfo\/#organization\"},\"alternateName\":\"Toute l'actualit\u00e9 de G\u00e9rardmer\",\"potentialAction\":[{\"@type\":\"SearchAction\",\"target\":{\"@type\":\"EntryPoint\",\"urlTemplate\":\"https:\/\/vosgesinfo.fr\/gerardmerinfo\/?s={search_term_string}\"},\"query-input\":\"required name=search_term_string\"}],\"inLanguage\":\"fr-FR\"},{\"@type\":\"Organization\",\"@id\":\"https:\/\/vosgesinfo.fr\/gerardmerinfo\/#organization\",\"name\":\"Gerardmer Info\",\"url\":\"https:\/\/vosgesinfo.fr\/gerardmerinfo\/\",\"logo\":{\"@type\":\"ImageObject\",\"inLanguage\":\"fr-FR\",\"@id\":\"https:\/\/vosgesinfo.fr\/gerardmerinfo\/#\/schema\/logo\/image\/\",\"url\":\"https:\/\/vosgesinfo.fr\/app\/uploads\/sites\/6\/2023\/08\/favicon-gerardmerinfo.png\",\"contentUrl\":\"https:\/\/vosgesinfo.fr\/app\/uploads\/sites\/6\/2023\/08\/favicon-gerardmerinfo.png\",\"width\":512,\"height\":512,\"caption\":\"Gerardmer Info\"},\"image\":{\"@id\":\"https:\/\/vosgesinfo.fr\/gerardmerinfo\/#\/schema\/logo\/image\/\"},\"sameAs\":[\"https:\/\/www.facebook.com\/profile.php?id=100049475262660\",\"https:\/\/x.com\/VosgesInfo88\",\"https:\/\/www.youtube.com\/@vosgesinfo\"]},{\"@type\":\"Person\",\"@id\":\"https:\/\/vosgesinfo.fr\/gerardmerinfo\/#\/schema\/person\/27a3695b06db98895b354c0765cdfc31\",\"name\":\"La redaction\",\"image\":{\"@type\":\"ImageObject\",\"inLanguage\":\"fr-FR\",\"@id\":\"https:\/\/vosgesinfo.fr\/gerardmerinfo\/#\/schema\/person\/image\/\",\"url\":\"https:\/\/secure.gravatar.com\/avatar\/64c76a78e501cedee55736f43f332df901e1896ae9cd8fad269ae2236dd0e8b6?s=96&d=mm&r=g\",\"contentUrl\":\"https:\/\/secure.gravatar.com\/avatar\/64c76a78e501cedee55736f43f332df901e1896ae9cd8fad269ae2236dd0e8b6?s=96&d=mm&r=g\",\"caption\":\"La redaction\"},\"url\":\"https:\/\/vosgesinfo.fr\/gerardmerinfo\/author\/la-redaction\/\"}]}<\/script>\n<!-- \/ Yoast SEO plugin. -->","yoast_head_json":{"title":"\u00ab Comment dire ? \u00bb : un spectacle-d\u00e9bat \u00e0 la M\u00e9diath\u00e8que le 8 mars - Gerardmer Info","robots":{"index":"index","follow":"follow","max-snippet":"max-snippet:-1","max-image-preview":"max-image-preview:large","max-video-preview":"max-video-preview:-1"},"canonical":"https:\/\/vosgesinfo.fr\/gerardmerinfo\/2025\/03\/comment-dire-un-spectacle-debat-a-la-mediatheque-le-8-mars\/","twitter_card":"summary_large_image","twitter_title":"\u00ab Comment dire ? \u00bb : un spectacle-d\u00e9bat \u00e0 la M\u00e9diath\u00e8que le 8 mars - Gerardmer Info","twitter_description":"\u00ab Comment dire ? \u00bb un spectacle-d\u00e9bat \u00e0 la m\u00e9diath\u00e8que \u00e0 l\u2019occasion du 8 mars : Dans le cadre de [&hellip;]","twitter_image":"https:\/\/vosgesinfo.fr\/app\/uploads\/sites\/6\/2025\/03\/2025-commentdire8mars.png","twitter_creator":"@VosgesInfo88","twitter_site":"@VosgesInfo88","twitter_misc":{"\u00c9crit par":"La redaction","Dur\u00e9e de lecture estim\u00e9e":"1 minute"},"schema":{"@context":"https:\/\/schema.org","@graph":[{"@type":"Article","@id":"https:\/\/vosgesinfo.fr\/gerardmerinfo\/2025\/03\/comment-dire-un-spectacle-debat-a-la-mediatheque-le-8-mars\/#article","isPartOf":{"@id":"https:\/\/vosgesinfo.fr\/gerardmerinfo\/2025\/03\/comment-dire-un-spectacle-debat-a-la-mediatheque-le-8-mars\/"},"author":{"name":"La redaction","@id":"https:\/\/vosgesinfo.fr\/gerardmerinfo\/#\/schema\/person\/27a3695b06db98895b354c0765cdfc31"},"headline":"\u00ab Comment dire ? \u00bb : un spectacle-d\u00e9bat \u00e0 la M\u00e9diath\u00e8que le 8 mars","datePublished":"2025-03-06T04:53:03+00:00","dateModified":"2025-03-02T18:11:38+00:00","mainEntityOfPage":{"@id":"https:\/\/vosgesinfo.fr\/gerardmerinfo\/2025\/03\/comment-dire-un-spectacle-debat-a-la-mediatheque-le-8-mars\/"},"wordCount":153,"commentCount":0,"publisher":{"@id":"https:\/\/vosgesinfo.fr\/gerardmerinfo\/#organization"},"image":{"@id":"https:\/\/vosgesinfo.fr\/gerardmerinfo\/2025\/03\/comment-dire-un-spectacle-debat-a-la-mediatheque-le-8-mars\/#primaryimage"},"thumbnailUrl":"https:\/\/vosgesinfo.fr\/app\/uploads\/sites\/6\/2025\/03\/2025-commentdire8mars.png","articleSection":["A la une","Culture","Gerardmer"],"inLanguage":"fr-FR","potentialAction":[{"@type":"CommentAction","name":"Comment","target":["https:\/\/vosgesinfo.fr\/gerardmerinfo\/2025\/03\/comment-dire-un-spectacle-debat-a-la-mediatheque-le-8-mars\/#respond"]}]},{"@type":"WebPage","@id":"https:\/\/vosgesinfo.fr\/gerardmerinfo\/2025\/03\/comment-dire-un-spectacle-debat-a-la-mediatheque-le-8-mars\/","url":"https:\/\/vosgesinfo.fr\/gerardmerinfo\/2025\/03\/comment-dire-un-spectacle-debat-a-la-mediatheque-le-8-mars\/","name":"\u00ab Comment dire ? \u00bb : un spectacle-d\u00e9bat \u00e0 la M\u00e9diath\u00e8que le 8 mars - Gerardmer Info","isPartOf":{"@id":"https:\/\/vosgesinfo.fr\/gerardmerinfo\/#website"},"primaryImageOfPage":{"@id":"https:\/\/vosgesinfo.fr\/gerardmerinfo\/2025\/03\/comment-dire-un-spectacle-debat-a-la-mediatheque-le-8-mars\/#primaryimage"},"image":{"@id":"https:\/\/vosgesinfo.fr\/gerardmerinfo\/2025\/03\/comment-dire-un-spectacle-debat-a-la-mediatheque-le-8-mars\/#primaryimage"},"thumbnailUrl":"https:\/\/vosgesinfo.fr\/app\/uploads\/sites\/6\/2025\/03\/2025-commentdire8mars.png","datePublished":"2025-03-06T04:53:03+00:00","dateModified":"2025-03-02T18:11:38+00:00","breadcrumb":{"@id":"https:\/\/vosgesinfo.fr\/gerardmerinfo\/2025\/03\/comment-dire-un-spectacle-debat-a-la-mediatheque-le-8-mars\/#breadcrumb"},"inLanguage":"fr-FR","potentialAction":[{"@type":"ReadAction","target":["https:\/\/vosgesinfo.fr\/gerardmerinfo\/2025\/03\/comment-dire-un-spectacle-debat-a-la-mediatheque-le-8-mars\/"]}]},{"@type":"ImageObject","inLanguage":"fr-FR","@id":"https:\/\/vosgesinfo.fr\/gerardmerinfo\/2025\/03\/comment-dire-un-spectacle-debat-a-la-mediatheque-le-8-mars\/#primaryimage","url":"https:\/\/vosgesinfo.fr\/app\/uploads\/sites\/6\/2025\/03\/2025-commentdire8mars.png","contentUrl":"https:\/\/vosgesinfo.fr\/app\/uploads\/sites\/6\/2025\/03\/2025-commentdire8mars.png","width":3508,"height":4960},{"@type":"BreadcrumbList","@id":"https:\/\/vosgesinfo.fr\/gerardmerinfo\/2025\/03\/comment-dire-un-spectacle-debat-a-la-mediatheque-le-8-mars\/#breadcrumb","itemListElement":[{"@type":"ListItem","position":1,"name":"Home","item":"https:\/\/vosgesinfo.fr\/gerardmerinfo\/"},{"@type":"ListItem","position":2,"name":"\u00ab Comment dire ? \u00bb : un spectacle-d\u00e9bat \u00e0 la M\u00e9diath\u00e8que le 8 mars"}]},{"@type":"WebSite","@id":"https:\/\/vosgesinfo.fr\/gerardmerinfo\/#website","url":"https:\/\/vosgesinfo.fr\/gerardmerinfo\/","name":"Gerardmer Info","description":"Toute l&#039;actualit\u00e9 de G\u00e9rardmer","publisher":{"@id":"https:\/\/vosgesinfo.fr\/gerardmerinfo\/#organization"},"alternateName":"Toute l'actualit\u00e9 de G\u00e9rardmer","potentialAction":[{"@type":"SearchAction","target":{"@type":"EntryPoint","urlTemplate":"https:\/\/vosgesinfo.fr\/gerardmerinfo\/?s={search_term_string}"},"query-input":"required name=search_term_string"}],"inLanguage":"fr-FR"},{"@type":"Organization","@id":"https:\/\/vosgesinfo.fr\/gerardmerinfo\/#organization","name":"Gerardmer Info","url":"https:\/\/vosgesinfo.fr\/gerardmerinfo\/","logo":{"@type":"ImageObject","inLanguage":"fr-FR","@id":"https:\/\/vosgesinfo.fr\/gerardmerinfo\/#\/schema\/logo\/image\/","url":"https:\/\/vosgesinfo.fr\/app\/uploads\/sites\/6\/2023\/08\/favicon-gerardmerinfo.png","contentUrl":"https:\/\/vosgesinfo.fr\/app\/uploads\/sites\/6\/2023\/08\/favicon-gerardmerinfo.png","width":512,"height":512,"caption":"Gerardmer Info"},"image":{"@id":"https:\/\/vosgesinfo.fr\/gerardmerinfo\/#\/schema\/logo\/image\/"},"sameAs":["https:\/\/www.facebook.com\/profile.php?id=100049475262660","https:\/\/x.com\/VosgesInfo88","https:\/\/www.youtube.com\/@vosgesinfo"]},{"@type":"Person","@id":"https:\/\/vosgesinfo.fr\/gerardmerinfo\/#\/schema\/person\/27a3695b06db98895b354c0765cdfc31","name":"La redaction","image":{"@type":"ImageObject","inLanguage":"fr-FR","@id":"https:\/\/vosgesinfo.fr\/gerardmerinfo\/#\/schema\/person\/image\/","url":"https:\/\/secure.gravatar.com\/avatar\/64c76a78e501cedee55736f43f332df901e1896ae9cd8fad269ae2236dd0e8b6?s=96&d=mm&r=g","contentUrl":"https:\/\/secure.gravatar.com\/avatar\/64c76a78e501cedee55736f43f332df901e1896ae9cd8fad269ae2236dd0e8b6?s=96&d=mm&r=g","caption":"La redaction"},"url":"https:\/\/vosgesinfo.fr\/gerardmerinfo\/author\/la-redaction\/"}]}},"_links":{"self":[{"href":"https:\/\/vosgesinfo.fr\/gerardmerinfo\/wp-json\/wp\/v2\/posts\/74926","targetHints":{"allow":["GET"]}}],"collection":[{"href":"https:\/\/vosgesinfo.fr\/gerardmerinfo\/wp-json\/wp\/v2\/posts"}],"about":[{"href":"https:\/\/vosgesinfo.fr\/gerardmerinfo\/wp-json\/wp\/v2\/types\/post"}],"author":[{"embeddable":true,"href":"https:\/\/vosgesinfo.fr\/gerardmerinfo\/wp-json\/wp\/v2\/users\/391"}],"replies":[{"embeddable":true,"href":"https:\/\/vosgesinfo.fr\/gerardmerinfo\/wp-json\/wp\/v2\/comments?post=74926"}],"version-history":[{"count":1,"href":"https:\/\/vosgesinfo.fr\/gerardmerinfo\/wp-json\/wp\/v2\/posts\/74926\/revisions"}],"predecessor-version":[{"id":74928,"href":"https:\/\/vosgesinfo.fr\/gerardmerinfo\/wp-json\/wp\/v2\/posts\/74926\/revisions\/74928"}],"wp:featuredmedia":[{"embeddable":true,"href":"https:\/\/vosgesinfo.fr\/gerardmerinfo\/wp-json\/wp\/v2\/media\/74927"}],"wp:attachment":[{"href":"https:\/\/vosgesinfo.fr\/gerardmerinfo\/wp-json\/wp\/v2\/media?parent=74926"}],"wp:term":[{"taxonomy":"category","embeddable":true,"href":"https:\/\/vosgesinfo.fr\/gerardmerinfo\/wp-json\/wp\/v2\/categories?post=74926"},{"taxonomy":"post_tag","embeddable":true,"href":"https:\/\/vosgesinfo.fr\/gerardmerinfo\/wp-json\/wp\/v2\/tags?post=74926"}],"curies":[{"name":"wp","href":"https:\/\/api.w.org\/{rel}","templated":true}]}}