{"id":74951,"date":"2025-03-03T09:52:02","date_gmt":"2025-03-03T08:52:02","guid":{"rendered":"https:\/\/vosgesinfo.fr\/gerardmerinfo\/2025\/03\/jean-paul-grosdidier-une-nouvelle-battue-organisee-a-pouxeux-cet-apres-midi\/"},"modified":"2025-03-03T09:52:02","modified_gmt":"2025-03-03T08:52:02","slug":"jean-paul-grosdidier-une-nouvelle-battue-organisee-a-pouxeux-cet-apres-midi","status":"publish","type":"post","link":"https:\/\/vosgesinfo.fr\/gerardmerinfo\/2025\/03\/jean-paul-grosdidier-une-nouvelle-battue-organisee-a-pouxeux-cet-apres-midi\/","title":{"rendered":"Jean-Paul Grosdidier : Une nouvelle battue organis\u00e9e \u00e0 Pouxeux cet apr\u00e8s-midi"},"content":{"rendered":"<p><strong>Jean-Paul Grosidider, septuag\u00e9naire disparu \u00e0 Eloyes depuis vendredi 28 f\u00e9vrier reste introuvable. Apr\u00e8s des recherches avec un h\u00e9licopt\u00e8re, un drone, des sondeurs, des chiens pisteurs et une battue hier \u00e0 Eloyes, la famille appelle \u00e0 la solidarit\u00e9 en organisant une nouvelle recherche ce lundi \u00e0 14h30 \u00e0 Pouxeux :\u00a0<\/strong><\/p>\n<p>Jean-Paul Grosididier aurait \u00e9t\u00e9 aper\u00e7u sur des cam\u00e9ras de surveillance sur la route en direction de Pouxeux. Ainsi, la famille donne rendez-vous aux personnes qui le souhaitent ce lundi \u00e0 14h30 devant l&rsquo;\u00e9glise de Pouxeux.<\/p>\n<p>La recherche s&rsquo;axerait sur le secteur de Pouxeux et Arches, aux abords des cours d&rsquo;eau, de la for\u00eat et des points relativement hauts.<\/p>\n<p>Pour rappel, Jean-Paul Grosdidier portait un jogging bleu, il mesure environ 1 m\u00e8tre 70 et a quitt\u00e9 son domicile sans t\u00e9l\u00e9phone, argent et papier d\u2019identit\u00e9. Si vous l\u2019apercevez, contactez la gendarmerie d\u2019Eloyes au <strong>03 29 32 40 17<\/strong>.<\/p>\n<p><a href=\"https:\/\/vosgesinfo.fr\/app\/uploads\/sites\/5\/2025\/03\/jean-paul-grodidier.jpg\"><img decoding=\"async\" class=\"aligncenter size-full wp-image-79063\" src=\"https:\/\/vosgesinfo.fr\/app\/uploads\/sites\/5\/2025\/03\/jean-paul-grodidier.jpg\" alt=\"\" width=\"377\" height=\"647\" \/><\/a><\/p>\n","protected":false},"excerpt":{"rendered":"<p>Jean-Paul Grosidider, septuag\u00e9naire disparu \u00e0 Eloyes depuis vendredi 28 f\u00e9vrier reste introuvable. Apr\u00e8s des recherches avec un h\u00e9licopt\u00e8re, un drone, [&hellip;]<\/p>\n","protected":false},"author":418,"featured_media":74952,"comment_status":"open","ping_status":"open","sticky":false,"template":"","format":"standard","meta":{"footnotes":""},"categories":[20,878,8,25,328,868,946],"tags":[6308,6814],"class_list":["post-74951","post","type-post","status-publish","format-standard","has-post-thumbnail","hentry","category-a-la-une","category-epinal","category-faits-divers","category-gerardmer","category-la-plaine-des-vosges","category-remiremont","category-saint-die","tag-battue","tag-jean-paul-grosdidier"],"acf":[],"yoast_head":"<!-- This site is optimized with the Yoast SEO plugin v22.5 - https:\/\/yoast.com\/wordpress\/plugins\/seo\/ -->\n<title>Jean-Paul Grosdidier : Une nouvelle battue organis\u00e9e \u00e0 Pouxeux cet apr\u00e8s-midi - Gerardmer Info<\/title>\n<meta name=\"robots\" content=\"index, follow, max-snippet:-1, max-image-preview:large, max-video-preview:-1\" \/>\n<link rel=\"canonical\" href=\"https:\/\/vosgesinfo.fr\/gerardmerinfo\/2025\/03\/jean-paul-grosdidier-une-nouvelle-battue-organisee-a-pouxeux-cet-apres-midi\/\" \/>\n<meta name=\"twitter:card\" content=\"summary_large_image\" \/>\n<meta name=\"twitter:title\" content=\"Jean-Paul Grosdidier : Une nouvelle battue organis\u00e9e \u00e0 Pouxeux cet apr\u00e8s-midi - Gerardmer Info\" \/>\n<meta name=\"twitter:description\" content=\"Jean-Paul Grosidider, septuag\u00e9naire disparu \u00e0 Eloyes depuis vendredi 28 f\u00e9vrier reste introuvable. Apr\u00e8s des recherches avec un h\u00e9licopt\u00e8re, un drone, [&hellip;]\" \/>\n<meta name=\"twitter:image\" content=\"https:\/\/vosgesinfo.fr\/app\/uploads\/sites\/6\/2025\/03\/recherches-jean-paul-grosdidier-1.jpg\" \/>\n<meta name=\"twitter:creator\" content=\"@VosgesInfo88\" \/>\n<meta name=\"twitter:site\" content=\"@VosgesInfo88\" \/>\n<meta name=\"twitter:label1\" content=\"\u00c9crit par\" \/>\n\t<meta name=\"twitter:data1\" content=\"C.M\" \/>\n\t<meta name=\"twitter:label2\" content=\"Dur\u00e9e de lecture estim\u00e9e\" \/>\n\t<meta name=\"twitter:data2\" content=\"1 minute\" \/>\n<script type=\"application\/ld+json\" class=\"yoast-schema-graph\">{\"@context\":\"https:\/\/schema.org\",\"@graph\":[{\"@type\":\"Article\",\"@id\":\"https:\/\/vosgesinfo.fr\/gerardmerinfo\/2025\/03\/jean-paul-grosdidier-une-nouvelle-battue-organisee-a-pouxeux-cet-apres-midi\/#article\",\"isPartOf\":{\"@id\":\"https:\/\/vosgesinfo.fr\/gerardmerinfo\/2025\/03\/jean-paul-grosdidier-une-nouvelle-battue-organisee-a-pouxeux-cet-apres-midi\/\"},\"author\":{\"name\":\"C.M\",\"@id\":\"https:\/\/vosgesinfo.fr\/gerardmerinfo\/#\/schema\/person\/4f38cd3068e342935b7304695c797d08\"},\"headline\":\"Jean-Paul Grosdidier : Une nouvelle battue organis\u00e9e \u00e0 Pouxeux cet apr\u00e8s-midi\",\"datePublished\":\"2025-03-03T08:52:02+00:00\",\"dateModified\":\"2025-03-03T08:52:02+00:00\",\"mainEntityOfPage\":{\"@id\":\"https:\/\/vosgesinfo.fr\/gerardmerinfo\/2025\/03\/jean-paul-grosdidier-une-nouvelle-battue-organisee-a-pouxeux-cet-apres-midi\/\"},\"wordCount\":158,\"commentCount\":0,\"publisher\":{\"@id\":\"https:\/\/vosgesinfo.fr\/gerardmerinfo\/#organization\"},\"image\":{\"@id\":\"https:\/\/vosgesinfo.fr\/gerardmerinfo\/2025\/03\/jean-paul-grosdidier-une-nouvelle-battue-organisee-a-pouxeux-cet-apres-midi\/#primaryimage\"},\"thumbnailUrl\":\"https:\/\/vosgesinfo.fr\/app\/uploads\/sites\/6\/2025\/03\/recherches-jean-paul-grosdidier-1.jpg\",\"keywords\":[\"Battue\",\"Jean-Paul Grosdidier\"],\"articleSection\":[\"A la une\",\"Epinal\",\"Faits-divers\",\"G\u00e9rardmer\",\"La plaine des vosges\",\"Remiremont\",\"Saint-di\u00e9\"],\"inLanguage\":\"fr-FR\",\"potentialAction\":[{\"@type\":\"CommentAction\",\"name\":\"Comment\",\"target\":[\"https:\/\/vosgesinfo.fr\/gerardmerinfo\/2025\/03\/jean-paul-grosdidier-une-nouvelle-battue-organisee-a-pouxeux-cet-apres-midi\/#respond\"]}]},{\"@type\":\"WebPage\",\"@id\":\"https:\/\/vosgesinfo.fr\/gerardmerinfo\/2025\/03\/jean-paul-grosdidier-une-nouvelle-battue-organisee-a-pouxeux-cet-apres-midi\/\",\"url\":\"https:\/\/vosgesinfo.fr\/gerardmerinfo\/2025\/03\/jean-paul-grosdidier-une-nouvelle-battue-organisee-a-pouxeux-cet-apres-midi\/\",\"name\":\"Jean-Paul Grosdidier : Une nouvelle battue organis\u00e9e \u00e0 Pouxeux cet apr\u00e8s-midi - Gerardmer Info\",\"isPartOf\":{\"@id\":\"https:\/\/vosgesinfo.fr\/gerardmerinfo\/#website\"},\"primaryImageOfPage\":{\"@id\":\"https:\/\/vosgesinfo.fr\/gerardmerinfo\/2025\/03\/jean-paul-grosdidier-une-nouvelle-battue-organisee-a-pouxeux-cet-apres-midi\/#primaryimage\"},\"image\":{\"@id\":\"https:\/\/vosgesinfo.fr\/gerardmerinfo\/2025\/03\/jean-paul-grosdidier-une-nouvelle-battue-organisee-a-pouxeux-cet-apres-midi\/#primaryimage\"},\"thumbnailUrl\":\"https:\/\/vosgesinfo.fr\/app\/uploads\/sites\/6\/2025\/03\/recherches-jean-paul-grosdidier-1.jpg\",\"datePublished\":\"2025-03-03T08:52:02+00:00\",\"dateModified\":\"2025-03-03T08:52:02+00:00\",\"breadcrumb\":{\"@id\":\"https:\/\/vosgesinfo.fr\/gerardmerinfo\/2025\/03\/jean-paul-grosdidier-une-nouvelle-battue-organisee-a-pouxeux-cet-apres-midi\/#breadcrumb\"},\"inLanguage\":\"fr-FR\",\"potentialAction\":[{\"@type\":\"ReadAction\",\"target\":[\"https:\/\/vosgesinfo.fr\/gerardmerinfo\/2025\/03\/jean-paul-grosdidier-une-nouvelle-battue-organisee-a-pouxeux-cet-apres-midi\/\"]}]},{\"@type\":\"ImageObject\",\"inLanguage\":\"fr-FR\",\"@id\":\"https:\/\/vosgesinfo.fr\/gerardmerinfo\/2025\/03\/jean-paul-grosdidier-une-nouvelle-battue-organisee-a-pouxeux-cet-apres-midi\/#primaryimage\",\"url\":\"https:\/\/vosgesinfo.fr\/app\/uploads\/sites\/6\/2025\/03\/recherches-jean-paul-grosdidier-1.jpg\",\"contentUrl\":\"https:\/\/vosgesinfo.fr\/app\/uploads\/sites\/6\/2025\/03\/recherches-jean-paul-grosdidier-1.jpg\",\"width\":1170,\"height\":903},{\"@type\":\"BreadcrumbList\",\"@id\":\"https:\/\/vosgesinfo.fr\/gerardmerinfo\/2025\/03\/jean-paul-grosdidier-une-nouvelle-battue-organisee-a-pouxeux-cet-apres-midi\/#breadcrumb\",\"itemListElement\":[{\"@type\":\"ListItem\",\"position\":1,\"name\":\"Home\",\"item\":\"https:\/\/vosgesinfo.fr\/gerardmerinfo\/\"},{\"@type\":\"ListItem\",\"position\":2,\"name\":\"Jean-Paul Grosdidier : Une nouvelle battue organis\u00e9e \u00e0 Pouxeux cet apr\u00e8s-midi\"}]},{\"@type\":\"WebSite\",\"@id\":\"https:\/\/vosgesinfo.fr\/gerardmerinfo\/#website\",\"url\":\"https:\/\/vosgesinfo.fr\/gerardmerinfo\/\",\"name\":\"Gerardmer Info\",\"description\":\"Toute l&#039;actualit\u00e9 de G\u00e9rardmer\",\"publisher\":{\"@id\":\"https:\/\/vosgesinfo.fr\/gerardmerinfo\/#organization\"},\"alternateName\":\"Toute l'actualit\u00e9 de G\u00e9rardmer\",\"potentialAction\":[{\"@type\":\"SearchAction\",\"target\":{\"@type\":\"EntryPoint\",\"urlTemplate\":\"https:\/\/vosgesinfo.fr\/gerardmerinfo\/?s={search_term_string}\"},\"query-input\":\"required name=search_term_string\"}],\"inLanguage\":\"fr-FR\"},{\"@type\":\"Organization\",\"@id\":\"https:\/\/vosgesinfo.fr\/gerardmerinfo\/#organization\",\"name\":\"Gerardmer Info\",\"url\":\"https:\/\/vosgesinfo.fr\/gerardmerinfo\/\",\"logo\":{\"@type\":\"ImageObject\",\"inLanguage\":\"fr-FR\",\"@id\":\"https:\/\/vosgesinfo.fr\/gerardmerinfo\/#\/schema\/logo\/image\/\",\"url\":\"https:\/\/vosgesinfo.fr\/app\/uploads\/sites\/6\/2023\/08\/favicon-gerardmerinfo.png\",\"contentUrl\":\"https:\/\/vosgesinfo.fr\/app\/uploads\/sites\/6\/2023\/08\/favicon-gerardmerinfo.png\",\"width\":512,\"height\":512,\"caption\":\"Gerardmer Info\"},\"image\":{\"@id\":\"https:\/\/vosgesinfo.fr\/gerardmerinfo\/#\/schema\/logo\/image\/\"},\"sameAs\":[\"https:\/\/www.facebook.com\/profile.php?id=100049475262660\",\"https:\/\/x.com\/VosgesInfo88\",\"https:\/\/www.youtube.com\/@vosgesinfo\"]},{\"@type\":\"Person\",\"@id\":\"https:\/\/vosgesinfo.fr\/gerardmerinfo\/#\/schema\/person\/4f38cd3068e342935b7304695c797d08\",\"name\":\"C.M\",\"image\":{\"@type\":\"ImageObject\",\"inLanguage\":\"fr-FR\",\"@id\":\"https:\/\/vosgesinfo.fr\/gerardmerinfo\/#\/schema\/person\/image\/\",\"url\":\"https:\/\/secure.gravatar.com\/avatar\/fe9daaef0164d920717484172682f3c5c9bcf7d42aa8c7048c76c34f0eb6c8da?s=96&d=mm&r=g\",\"contentUrl\":\"https:\/\/secure.gravatar.com\/avatar\/fe9daaef0164d920717484172682f3c5c9bcf7d42aa8c7048c76c34f0eb6c8da?s=96&d=mm&r=g\",\"caption\":\"C.M\"},\"url\":\"https:\/\/vosgesinfo.fr\/gerardmerinfo\/author\/cm88200\/\"}]}<\/script>\n<!-- \/ Yoast SEO plugin. -->","yoast_head_json":{"title":"Jean-Paul Grosdidier : Une nouvelle battue organis\u00e9e \u00e0 Pouxeux cet apr\u00e8s-midi - Gerardmer Info","robots":{"index":"index","follow":"follow","max-snippet":"max-snippet:-1","max-image-preview":"max-image-preview:large","max-video-preview":"max-video-preview:-1"},"canonical":"https:\/\/vosgesinfo.fr\/gerardmerinfo\/2025\/03\/jean-paul-grosdidier-une-nouvelle-battue-organisee-a-pouxeux-cet-apres-midi\/","twitter_card":"summary_large_image","twitter_title":"Jean-Paul Grosdidier : Une nouvelle battue organis\u00e9e \u00e0 Pouxeux cet apr\u00e8s-midi - Gerardmer Info","twitter_description":"Jean-Paul Grosidider, septuag\u00e9naire disparu \u00e0 Eloyes depuis vendredi 28 f\u00e9vrier reste introuvable. Apr\u00e8s des recherches avec un h\u00e9licopt\u00e8re, un drone, [&hellip;]","twitter_image":"https:\/\/vosgesinfo.fr\/app\/uploads\/sites\/6\/2025\/03\/recherches-jean-paul-grosdidier-1.jpg","twitter_creator":"@VosgesInfo88","twitter_site":"@VosgesInfo88","twitter_misc":{"\u00c9crit par":"C.M","Dur\u00e9e de lecture estim\u00e9e":"1 minute"},"schema":{"@context":"https:\/\/schema.org","@graph":[{"@type":"Article","@id":"https:\/\/vosgesinfo.fr\/gerardmerinfo\/2025\/03\/jean-paul-grosdidier-une-nouvelle-battue-organisee-a-pouxeux-cet-apres-midi\/#article","isPartOf":{"@id":"https:\/\/vosgesinfo.fr\/gerardmerinfo\/2025\/03\/jean-paul-grosdidier-une-nouvelle-battue-organisee-a-pouxeux-cet-apres-midi\/"},"author":{"name":"C.M","@id":"https:\/\/vosgesinfo.fr\/gerardmerinfo\/#\/schema\/person\/4f38cd3068e342935b7304695c797d08"},"headline":"Jean-Paul Grosdidier : Une nouvelle battue organis\u00e9e \u00e0 Pouxeux cet apr\u00e8s-midi","datePublished":"2025-03-03T08:52:02+00:00","dateModified":"2025-03-03T08:52:02+00:00","mainEntityOfPage":{"@id":"https:\/\/vosgesinfo.fr\/gerardmerinfo\/2025\/03\/jean-paul-grosdidier-une-nouvelle-battue-organisee-a-pouxeux-cet-apres-midi\/"},"wordCount":158,"commentCount":0,"publisher":{"@id":"https:\/\/vosgesinfo.fr\/gerardmerinfo\/#organization"},"image":{"@id":"https:\/\/vosgesinfo.fr\/gerardmerinfo\/2025\/03\/jean-paul-grosdidier-une-nouvelle-battue-organisee-a-pouxeux-cet-apres-midi\/#primaryimage"},"thumbnailUrl":"https:\/\/vosgesinfo.fr\/app\/uploads\/sites\/6\/2025\/03\/recherches-jean-paul-grosdidier-1.jpg","keywords":["Battue","Jean-Paul Grosdidier"],"articleSection":["A la une","Epinal","Faits-divers","G\u00e9rardmer","La plaine des vosges","Remiremont","Saint-di\u00e9"],"inLanguage":"fr-FR","potentialAction":[{"@type":"CommentAction","name":"Comment","target":["https:\/\/vosgesinfo.fr\/gerardmerinfo\/2025\/03\/jean-paul-grosdidier-une-nouvelle-battue-organisee-a-pouxeux-cet-apres-midi\/#respond"]}]},{"@type":"WebPage","@id":"https:\/\/vosgesinfo.fr\/gerardmerinfo\/2025\/03\/jean-paul-grosdidier-une-nouvelle-battue-organisee-a-pouxeux-cet-apres-midi\/","url":"https:\/\/vosgesinfo.fr\/gerardmerinfo\/2025\/03\/jean-paul-grosdidier-une-nouvelle-battue-organisee-a-pouxeux-cet-apres-midi\/","name":"Jean-Paul Grosdidier : Une nouvelle battue organis\u00e9e \u00e0 Pouxeux cet apr\u00e8s-midi - Gerardmer Info","isPartOf":{"@id":"https:\/\/vosgesinfo.fr\/gerardmerinfo\/#website"},"primaryImageOfPage":{"@id":"https:\/\/vosgesinfo.fr\/gerardmerinfo\/2025\/03\/jean-paul-grosdidier-une-nouvelle-battue-organisee-a-pouxeux-cet-apres-midi\/#primaryimage"},"image":{"@id":"https:\/\/vosgesinfo.fr\/gerardmerinfo\/2025\/03\/jean-paul-grosdidier-une-nouvelle-battue-organisee-a-pouxeux-cet-apres-midi\/#primaryimage"},"thumbnailUrl":"https:\/\/vosgesinfo.fr\/app\/uploads\/sites\/6\/2025\/03\/recherches-jean-paul-grosdidier-1.jpg","datePublished":"2025-03-03T08:52:02+00:00","dateModified":"2025-03-03T08:52:02+00:00","breadcrumb":{"@id":"https:\/\/vosgesinfo.fr\/gerardmerinfo\/2025\/03\/jean-paul-grosdidier-une-nouvelle-battue-organisee-a-pouxeux-cet-apres-midi\/#breadcrumb"},"inLanguage":"fr-FR","potentialAction":[{"@type":"ReadAction","target":["https:\/\/vosgesinfo.fr\/gerardmerinfo\/2025\/03\/jean-paul-grosdidier-une-nouvelle-battue-organisee-a-pouxeux-cet-apres-midi\/"]}]},{"@type":"ImageObject","inLanguage":"fr-FR","@id":"https:\/\/vosgesinfo.fr\/gerardmerinfo\/2025\/03\/jean-paul-grosdidier-une-nouvelle-battue-organisee-a-pouxeux-cet-apres-midi\/#primaryimage","url":"https:\/\/vosgesinfo.fr\/app\/uploads\/sites\/6\/2025\/03\/recherches-jean-paul-grosdidier-1.jpg","contentUrl":"https:\/\/vosgesinfo.fr\/app\/uploads\/sites\/6\/2025\/03\/recherches-jean-paul-grosdidier-1.jpg","width":1170,"height":903},{"@type":"BreadcrumbList","@id":"https:\/\/vosgesinfo.fr\/gerardmerinfo\/2025\/03\/jean-paul-grosdidier-une-nouvelle-battue-organisee-a-pouxeux-cet-apres-midi\/#breadcrumb","itemListElement":[{"@type":"ListItem","position":1,"name":"Home","item":"https:\/\/vosgesinfo.fr\/gerardmerinfo\/"},{"@type":"ListItem","position":2,"name":"Jean-Paul Grosdidier : Une nouvelle battue organis\u00e9e \u00e0 Pouxeux cet apr\u00e8s-midi"}]},{"@type":"WebSite","@id":"https:\/\/vosgesinfo.fr\/gerardmerinfo\/#website","url":"https:\/\/vosgesinfo.fr\/gerardmerinfo\/","name":"Gerardmer Info","description":"Toute l&#039;actualit\u00e9 de G\u00e9rardmer","publisher":{"@id":"https:\/\/vosgesinfo.fr\/gerardmerinfo\/#organization"},"alternateName":"Toute l'actualit\u00e9 de G\u00e9rardmer","potentialAction":[{"@type":"SearchAction","target":{"@type":"EntryPoint","urlTemplate":"https:\/\/vosgesinfo.fr\/gerardmerinfo\/?s={search_term_string}"},"query-input":"required name=search_term_string"}],"inLanguage":"fr-FR"},{"@type":"Organization","@id":"https:\/\/vosgesinfo.fr\/gerardmerinfo\/#organization","name":"Gerardmer Info","url":"https:\/\/vosgesinfo.fr\/gerardmerinfo\/","logo":{"@type":"ImageObject","inLanguage":"fr-FR","@id":"https:\/\/vosgesinfo.fr\/gerardmerinfo\/#\/schema\/logo\/image\/","url":"https:\/\/vosgesinfo.fr\/app\/uploads\/sites\/6\/2023\/08\/favicon-gerardmerinfo.png","contentUrl":"https:\/\/vosgesinfo.fr\/app\/uploads\/sites\/6\/2023\/08\/favicon-gerardmerinfo.png","width":512,"height":512,"caption":"Gerardmer Info"},"image":{"@id":"https:\/\/vosgesinfo.fr\/gerardmerinfo\/#\/schema\/logo\/image\/"},"sameAs":["https:\/\/www.facebook.com\/profile.php?id=100049475262660","https:\/\/x.com\/VosgesInfo88","https:\/\/www.youtube.com\/@vosgesinfo"]},{"@type":"Person","@id":"https:\/\/vosgesinfo.fr\/gerardmerinfo\/#\/schema\/person\/4f38cd3068e342935b7304695c797d08","name":"C.M","image":{"@type":"ImageObject","inLanguage":"fr-FR","@id":"https:\/\/vosgesinfo.fr\/gerardmerinfo\/#\/schema\/person\/image\/","url":"https:\/\/secure.gravatar.com\/avatar\/fe9daaef0164d920717484172682f3c5c9bcf7d42aa8c7048c76c34f0eb6c8da?s=96&d=mm&r=g","contentUrl":"https:\/\/secure.gravatar.com\/avatar\/fe9daaef0164d920717484172682f3c5c9bcf7d42aa8c7048c76c34f0eb6c8da?s=96&d=mm&r=g","caption":"C.M"},"url":"https:\/\/vosgesinfo.fr\/gerardmerinfo\/author\/cm88200\/"}]}},"_links":{"self":[{"href":"https:\/\/vosgesinfo.fr\/gerardmerinfo\/wp-json\/wp\/v2\/posts\/74951","targetHints":{"allow":["GET"]}}],"collection":[{"href":"https:\/\/vosgesinfo.fr\/gerardmerinfo\/wp-json\/wp\/v2\/posts"}],"about":[{"href":"https:\/\/vosgesinfo.fr\/gerardmerinfo\/wp-json\/wp\/v2\/types\/post"}],"author":[{"embeddable":true,"href":"https:\/\/vosgesinfo.fr\/gerardmerinfo\/wp-json\/wp\/v2\/users\/418"}],"replies":[{"embeddable":true,"href":"https:\/\/vosgesinfo.fr\/gerardmerinfo\/wp-json\/wp\/v2\/comments?post=74951"}],"version-history":[{"count":0,"href":"https:\/\/vosgesinfo.fr\/gerardmerinfo\/wp-json\/wp\/v2\/posts\/74951\/revisions"}],"wp:featuredmedia":[{"embeddable":true,"href":"https:\/\/vosgesinfo.fr\/gerardmerinfo\/wp-json\/wp\/v2\/media\/74952"}],"wp:attachment":[{"href":"https:\/\/vosgesinfo.fr\/gerardmerinfo\/wp-json\/wp\/v2\/media?parent=74951"}],"wp:term":[{"taxonomy":"category","embeddable":true,"href":"https:\/\/vosgesinfo.fr\/gerardmerinfo\/wp-json\/wp\/v2\/categories?post=74951"},{"taxonomy":"post_tag","embeddable":true,"href":"https:\/\/vosgesinfo.fr\/gerardmerinfo\/wp-json\/wp\/v2\/tags?post=74951"}],"curies":[{"name":"wp","href":"https:\/\/api.w.org\/{rel}","templated":true}]}}