{"id":74963,"date":"2025-03-07T06:00:38","date_gmt":"2025-03-07T05:00:38","guid":{"rendered":"https:\/\/vosgesinfo.fr\/gerardmerinfo\/?p=74963"},"modified":"2025-03-06T14:49:14","modified_gmt":"2025-03-06T13:49:14","slug":"gerardmer-le-grand-prix-cycliste-du-13-juillet-2025-aura-bien-lieu","status":"publish","type":"post","link":"https:\/\/vosgesinfo.fr\/gerardmerinfo\/2025\/03\/gerardmer-le-grand-prix-cycliste-du-13-juillet-2025-aura-bien-lieu\/","title":{"rendered":"G\u00e9rardmer &#8211; Le Grand Prix Cycliste du 13 juillet 2025 aura bien lieu"},"content":{"rendered":"<p>Malgr\u00e9 la r\u00e9duction des aides accord\u00e9es par Soci\u00e9t\u00e9 des F\u00eates de G\u00e9rardmer au V\u00e9lo Sport G\u00e9r\u00f4mois pour l\u2019organisation et l&rsquo;animation de cet \u00e9v\u00e9nement majeur vieux de 41 ans, de nouveaux partenaires ont r\u00e9pondu rapidement \u00e0 l\u2019appel du V.S.G afin de pouvoir maintenir cette belle \u00e9preuve au centre de la ville.<br \/>\nNous tenons encore \u00e0 remercier les diff\u00e9rentes municipalit\u00e9s qui ont toujours permis d\u2019assurer un p\u00e9rim\u00e8tre de s\u00e9curit\u00e9 dans les rues concern\u00e9s avec l\u2019assistance plus que pr\u00e9cieuse de la Police Municipale.<br \/>\nUn grand merci aux nouveaux partenaires, en l\u2019occurrence, Events &amp; Coordination repr\u00e9sent\u00e9 par Romain BALLAND et l\u2019\u00c9chapp\u00e9e Vosgienne repr\u00e9sent\u00e9e par Julien HUMBERTCLAUDE, Thibaut LECOMTE, Justine LECOMTE et J\u00e9r\u00f4me LAHEURTE.<br \/>\nNous souhaitons pleine r\u00e9ussite \u00e0 toute cette jeune \u00e9quipe dynamique pour la cr\u00e9ation et l\u2019ouverture de ce centre sportif dans la Perle des Vosges, sans oublier Events &amp; Coordination pour sa fid\u00e9lit\u00e9 et sa confiance depuis de nombreuses ann\u00e9es.<\/p>\n<p><strong>Le V\u00e9lo Sport G\u00e9r\u00f4mois<\/strong><\/p>\n<div id=\"attachment_74964\" style=\"width: 765px\" class=\"wp-caption aligncenter\"><a href=\"https:\/\/vosgesinfo.fr\/app\/uploads\/sites\/6\/2025\/03\/img5.jpg\"><img decoding=\"async\" aria-describedby=\"caption-attachment-74964\" class=\"size-full wp-image-74964\" src=\"https:\/\/vosgesinfo.fr\/app\/uploads\/sites\/6\/2025\/03\/img5.jpg\" alt=\"\" width=\"755\" height=\"644\" srcset=\"https:\/\/vosgesinfo.fr\/app\/uploads\/sites\/6\/2025\/03\/img5.jpg 755w, https:\/\/vosgesinfo.fr\/app\/uploads\/sites\/6\/2025\/03\/img5-300x256.jpg 300w\" sizes=\"(max-width: 755px) 100vw, 755px\" \/><\/a><p id=\"caption-attachment-74964\" class=\"wp-caption-text\">PODIUM 2024<br \/>1er Louka DIDIER \u2013 Cycle Golb\u00e9en<br \/>2\u00e8me Romain BUISSART \u2013 Cycle Golb\u00e9en<br \/>3\u00e8me Guillaume STOPA \u2013 Team N\u2019SIDE<\/p><\/div>\n<p>&nbsp;<\/p>\n<p>&nbsp;<\/p>\n","protected":false},"excerpt":{"rendered":"<p>Malgr\u00e9 la r\u00e9duction des aides accord\u00e9es par Soci\u00e9t\u00e9 des F\u00eates de G\u00e9rardmer au V\u00e9lo Sport G\u00e9r\u00f4mois pour l\u2019organisation et l&rsquo;animation [&hellip;]<\/p>\n","protected":false},"author":391,"featured_media":74964,"comment_status":"closed","ping_status":"open","sticky":false,"template":"","format":"standard","meta":{"footnotes":""},"categories":[20,25,5647,14],"tags":[466,82],"class_list":["post-74963","post","type-post","status-publish","format-standard","has-post-thumbnail","hentry","category-a-la-une","category-gerardmer","category-gerardmer-autres-sites","category-sport","tag-grand-prix-dete","tag-vsg"],"acf":[],"yoast_head":"<!-- This site is optimized with the Yoast SEO plugin v22.5 - https:\/\/yoast.com\/wordpress\/plugins\/seo\/ -->\n<title>G\u00e9rardmer - Le Grand Prix Cycliste du 13 juillet 2025 aura bien lieu - Gerardmer Info<\/title>\n<meta name=\"robots\" content=\"index, follow, max-snippet:-1, max-image-preview:large, max-video-preview:-1\" \/>\n<link rel=\"canonical\" href=\"https:\/\/vosgesinfo.fr\/gerardmerinfo\/2025\/03\/gerardmer-le-grand-prix-cycliste-du-13-juillet-2025-aura-bien-lieu\/\" \/>\n<meta name=\"twitter:card\" content=\"summary_large_image\" \/>\n<meta name=\"twitter:title\" content=\"G\u00e9rardmer - Le Grand Prix Cycliste du 13 juillet 2025 aura bien lieu - Gerardmer Info\" \/>\n<meta name=\"twitter:description\" content=\"Malgr\u00e9 la r\u00e9duction des aides accord\u00e9es par Soci\u00e9t\u00e9 des F\u00eates de G\u00e9rardmer au V\u00e9lo Sport G\u00e9r\u00f4mois pour l\u2019organisation et l&rsquo;animation [&hellip;]\" \/>\n<meta name=\"twitter:image\" content=\"https:\/\/vosgesinfo.fr\/app\/uploads\/sites\/6\/2025\/03\/img5.jpg\" \/>\n<meta name=\"twitter:creator\" content=\"@VosgesInfo88\" \/>\n<meta name=\"twitter:site\" content=\"@VosgesInfo88\" \/>\n<meta name=\"twitter:label1\" content=\"\u00c9crit par\" \/>\n\t<meta name=\"twitter:data1\" content=\"La redaction\" \/>\n\t<meta name=\"twitter:label2\" content=\"Dur\u00e9e de lecture estim\u00e9e\" \/>\n\t<meta name=\"twitter:data2\" content=\"2 minutes\" \/>\n<script type=\"application\/ld+json\" class=\"yoast-schema-graph\">{\"@context\":\"https:\/\/schema.org\",\"@graph\":[{\"@type\":\"Article\",\"@id\":\"https:\/\/vosgesinfo.fr\/gerardmerinfo\/2025\/03\/gerardmer-le-grand-prix-cycliste-du-13-juillet-2025-aura-bien-lieu\/#article\",\"isPartOf\":{\"@id\":\"https:\/\/vosgesinfo.fr\/gerardmerinfo\/2025\/03\/gerardmer-le-grand-prix-cycliste-du-13-juillet-2025-aura-bien-lieu\/\"},\"author\":{\"name\":\"La redaction\",\"@id\":\"https:\/\/vosgesinfo.fr\/gerardmerinfo\/#\/schema\/person\/27a3695b06db98895b354c0765cdfc31\"},\"headline\":\"G\u00e9rardmer &#8211; Le Grand Prix Cycliste du 13 juillet 2025 aura bien lieu\",\"datePublished\":\"2025-03-07T05:00:38+00:00\",\"dateModified\":\"2025-03-06T13:49:14+00:00\",\"mainEntityOfPage\":{\"@id\":\"https:\/\/vosgesinfo.fr\/gerardmerinfo\/2025\/03\/gerardmer-le-grand-prix-cycliste-du-13-juillet-2025-aura-bien-lieu\/\"},\"wordCount\":228,\"publisher\":{\"@id\":\"https:\/\/vosgesinfo.fr\/gerardmerinfo\/#organization\"},\"image\":{\"@id\":\"https:\/\/vosgesinfo.fr\/gerardmerinfo\/2025\/03\/gerardmer-le-grand-prix-cycliste-du-13-juillet-2025-aura-bien-lieu\/#primaryimage\"},\"thumbnailUrl\":\"https:\/\/vosgesinfo.fr\/app\/uploads\/sites\/6\/2025\/03\/img5.jpg\",\"keywords\":[\"grand prix d'\u00e9t\u00e9\",\"VSG\"],\"articleSection\":[\"A la une\",\"G\u00e9rardmer\",\"Gerardmer\",\"Sport\"],\"inLanguage\":\"fr-FR\"},{\"@type\":\"WebPage\",\"@id\":\"https:\/\/vosgesinfo.fr\/gerardmerinfo\/2025\/03\/gerardmer-le-grand-prix-cycliste-du-13-juillet-2025-aura-bien-lieu\/\",\"url\":\"https:\/\/vosgesinfo.fr\/gerardmerinfo\/2025\/03\/gerardmer-le-grand-prix-cycliste-du-13-juillet-2025-aura-bien-lieu\/\",\"name\":\"G\u00e9rardmer - Le Grand Prix Cycliste du 13 juillet 2025 aura bien lieu - Gerardmer Info\",\"isPartOf\":{\"@id\":\"https:\/\/vosgesinfo.fr\/gerardmerinfo\/#website\"},\"primaryImageOfPage\":{\"@id\":\"https:\/\/vosgesinfo.fr\/gerardmerinfo\/2025\/03\/gerardmer-le-grand-prix-cycliste-du-13-juillet-2025-aura-bien-lieu\/#primaryimage\"},\"image\":{\"@id\":\"https:\/\/vosgesinfo.fr\/gerardmerinfo\/2025\/03\/gerardmer-le-grand-prix-cycliste-du-13-juillet-2025-aura-bien-lieu\/#primaryimage\"},\"thumbnailUrl\":\"https:\/\/vosgesinfo.fr\/app\/uploads\/sites\/6\/2025\/03\/img5.jpg\",\"datePublished\":\"2025-03-07T05:00:38+00:00\",\"dateModified\":\"2025-03-06T13:49:14+00:00\",\"breadcrumb\":{\"@id\":\"https:\/\/vosgesinfo.fr\/gerardmerinfo\/2025\/03\/gerardmer-le-grand-prix-cycliste-du-13-juillet-2025-aura-bien-lieu\/#breadcrumb\"},\"inLanguage\":\"fr-FR\",\"potentialAction\":[{\"@type\":\"ReadAction\",\"target\":[\"https:\/\/vosgesinfo.fr\/gerardmerinfo\/2025\/03\/gerardmer-le-grand-prix-cycliste-du-13-juillet-2025-aura-bien-lieu\/\"]}]},{\"@type\":\"ImageObject\",\"inLanguage\":\"fr-FR\",\"@id\":\"https:\/\/vosgesinfo.fr\/gerardmerinfo\/2025\/03\/gerardmer-le-grand-prix-cycliste-du-13-juillet-2025-aura-bien-lieu\/#primaryimage\",\"url\":\"https:\/\/vosgesinfo.fr\/app\/uploads\/sites\/6\/2025\/03\/img5.jpg\",\"contentUrl\":\"https:\/\/vosgesinfo.fr\/app\/uploads\/sites\/6\/2025\/03\/img5.jpg\",\"width\":755,\"height\":644,\"caption\":\"PODIUM 2024 1er Louka DIDIER \u2013 Cycle Golb\u00e9en 2\u00e8me Romain BUISSART \u2013 Cycle Golb\u00e9en 3\u00e8me Guillaume STOPA \u2013 Team N\u2019SIDE\"},{\"@type\":\"BreadcrumbList\",\"@id\":\"https:\/\/vosgesinfo.fr\/gerardmerinfo\/2025\/03\/gerardmer-le-grand-prix-cycliste-du-13-juillet-2025-aura-bien-lieu\/#breadcrumb\",\"itemListElement\":[{\"@type\":\"ListItem\",\"position\":1,\"name\":\"Home\",\"item\":\"https:\/\/vosgesinfo.fr\/gerardmerinfo\/\"},{\"@type\":\"ListItem\",\"position\":2,\"name\":\"G\u00e9rardmer &#8211; Le Grand Prix Cycliste du 13 juillet 2025 aura bien lieu\"}]},{\"@type\":\"WebSite\",\"@id\":\"https:\/\/vosgesinfo.fr\/gerardmerinfo\/#website\",\"url\":\"https:\/\/vosgesinfo.fr\/gerardmerinfo\/\",\"name\":\"Gerardmer Info\",\"description\":\"Toute l&#039;actualit\u00e9 de G\u00e9rardmer\",\"publisher\":{\"@id\":\"https:\/\/vosgesinfo.fr\/gerardmerinfo\/#organization\"},\"alternateName\":\"Toute l'actualit\u00e9 de G\u00e9rardmer\",\"potentialAction\":[{\"@type\":\"SearchAction\",\"target\":{\"@type\":\"EntryPoint\",\"urlTemplate\":\"https:\/\/vosgesinfo.fr\/gerardmerinfo\/?s={search_term_string}\"},\"query-input\":\"required name=search_term_string\"}],\"inLanguage\":\"fr-FR\"},{\"@type\":\"Organization\",\"@id\":\"https:\/\/vosgesinfo.fr\/gerardmerinfo\/#organization\",\"name\":\"Gerardmer Info\",\"url\":\"https:\/\/vosgesinfo.fr\/gerardmerinfo\/\",\"logo\":{\"@type\":\"ImageObject\",\"inLanguage\":\"fr-FR\",\"@id\":\"https:\/\/vosgesinfo.fr\/gerardmerinfo\/#\/schema\/logo\/image\/\",\"url\":\"https:\/\/vosgesinfo.fr\/app\/uploads\/sites\/6\/2023\/08\/favicon-gerardmerinfo.png\",\"contentUrl\":\"https:\/\/vosgesinfo.fr\/app\/uploads\/sites\/6\/2023\/08\/favicon-gerardmerinfo.png\",\"width\":512,\"height\":512,\"caption\":\"Gerardmer Info\"},\"image\":{\"@id\":\"https:\/\/vosgesinfo.fr\/gerardmerinfo\/#\/schema\/logo\/image\/\"},\"sameAs\":[\"https:\/\/www.facebook.com\/profile.php?id=100049475262660\",\"https:\/\/x.com\/VosgesInfo88\",\"https:\/\/www.youtube.com\/@vosgesinfo\"]},{\"@type\":\"Person\",\"@id\":\"https:\/\/vosgesinfo.fr\/gerardmerinfo\/#\/schema\/person\/27a3695b06db98895b354c0765cdfc31\",\"name\":\"La redaction\",\"image\":{\"@type\":\"ImageObject\",\"inLanguage\":\"fr-FR\",\"@id\":\"https:\/\/vosgesinfo.fr\/gerardmerinfo\/#\/schema\/person\/image\/\",\"url\":\"https:\/\/secure.gravatar.com\/avatar\/64c76a78e501cedee55736f43f332df901e1896ae9cd8fad269ae2236dd0e8b6?s=96&d=mm&r=g\",\"contentUrl\":\"https:\/\/secure.gravatar.com\/avatar\/64c76a78e501cedee55736f43f332df901e1896ae9cd8fad269ae2236dd0e8b6?s=96&d=mm&r=g\",\"caption\":\"La redaction\"},\"url\":\"https:\/\/vosgesinfo.fr\/gerardmerinfo\/author\/la-redaction\/\"}]}<\/script>\n<!-- \/ Yoast SEO plugin. -->","yoast_head_json":{"title":"G\u00e9rardmer - Le Grand Prix Cycliste du 13 juillet 2025 aura bien lieu - Gerardmer Info","robots":{"index":"index","follow":"follow","max-snippet":"max-snippet:-1","max-image-preview":"max-image-preview:large","max-video-preview":"max-video-preview:-1"},"canonical":"https:\/\/vosgesinfo.fr\/gerardmerinfo\/2025\/03\/gerardmer-le-grand-prix-cycliste-du-13-juillet-2025-aura-bien-lieu\/","twitter_card":"summary_large_image","twitter_title":"G\u00e9rardmer - Le Grand Prix Cycliste du 13 juillet 2025 aura bien lieu - Gerardmer Info","twitter_description":"Malgr\u00e9 la r\u00e9duction des aides accord\u00e9es par Soci\u00e9t\u00e9 des F\u00eates de G\u00e9rardmer au V\u00e9lo Sport G\u00e9r\u00f4mois pour l\u2019organisation et l&rsquo;animation [&hellip;]","twitter_image":"https:\/\/vosgesinfo.fr\/app\/uploads\/sites\/6\/2025\/03\/img5.jpg","twitter_creator":"@VosgesInfo88","twitter_site":"@VosgesInfo88","twitter_misc":{"\u00c9crit par":"La redaction","Dur\u00e9e de lecture estim\u00e9e":"2 minutes"},"schema":{"@context":"https:\/\/schema.org","@graph":[{"@type":"Article","@id":"https:\/\/vosgesinfo.fr\/gerardmerinfo\/2025\/03\/gerardmer-le-grand-prix-cycliste-du-13-juillet-2025-aura-bien-lieu\/#article","isPartOf":{"@id":"https:\/\/vosgesinfo.fr\/gerardmerinfo\/2025\/03\/gerardmer-le-grand-prix-cycliste-du-13-juillet-2025-aura-bien-lieu\/"},"author":{"name":"La redaction","@id":"https:\/\/vosgesinfo.fr\/gerardmerinfo\/#\/schema\/person\/27a3695b06db98895b354c0765cdfc31"},"headline":"G\u00e9rardmer &#8211; Le Grand Prix Cycliste du 13 juillet 2025 aura bien lieu","datePublished":"2025-03-07T05:00:38+00:00","dateModified":"2025-03-06T13:49:14+00:00","mainEntityOfPage":{"@id":"https:\/\/vosgesinfo.fr\/gerardmerinfo\/2025\/03\/gerardmer-le-grand-prix-cycliste-du-13-juillet-2025-aura-bien-lieu\/"},"wordCount":228,"publisher":{"@id":"https:\/\/vosgesinfo.fr\/gerardmerinfo\/#organization"},"image":{"@id":"https:\/\/vosgesinfo.fr\/gerardmerinfo\/2025\/03\/gerardmer-le-grand-prix-cycliste-du-13-juillet-2025-aura-bien-lieu\/#primaryimage"},"thumbnailUrl":"https:\/\/vosgesinfo.fr\/app\/uploads\/sites\/6\/2025\/03\/img5.jpg","keywords":["grand prix d'\u00e9t\u00e9","VSG"],"articleSection":["A la une","G\u00e9rardmer","Gerardmer","Sport"],"inLanguage":"fr-FR"},{"@type":"WebPage","@id":"https:\/\/vosgesinfo.fr\/gerardmerinfo\/2025\/03\/gerardmer-le-grand-prix-cycliste-du-13-juillet-2025-aura-bien-lieu\/","url":"https:\/\/vosgesinfo.fr\/gerardmerinfo\/2025\/03\/gerardmer-le-grand-prix-cycliste-du-13-juillet-2025-aura-bien-lieu\/","name":"G\u00e9rardmer - Le Grand Prix Cycliste du 13 juillet 2025 aura bien lieu - Gerardmer Info","isPartOf":{"@id":"https:\/\/vosgesinfo.fr\/gerardmerinfo\/#website"},"primaryImageOfPage":{"@id":"https:\/\/vosgesinfo.fr\/gerardmerinfo\/2025\/03\/gerardmer-le-grand-prix-cycliste-du-13-juillet-2025-aura-bien-lieu\/#primaryimage"},"image":{"@id":"https:\/\/vosgesinfo.fr\/gerardmerinfo\/2025\/03\/gerardmer-le-grand-prix-cycliste-du-13-juillet-2025-aura-bien-lieu\/#primaryimage"},"thumbnailUrl":"https:\/\/vosgesinfo.fr\/app\/uploads\/sites\/6\/2025\/03\/img5.jpg","datePublished":"2025-03-07T05:00:38+00:00","dateModified":"2025-03-06T13:49:14+00:00","breadcrumb":{"@id":"https:\/\/vosgesinfo.fr\/gerardmerinfo\/2025\/03\/gerardmer-le-grand-prix-cycliste-du-13-juillet-2025-aura-bien-lieu\/#breadcrumb"},"inLanguage":"fr-FR","potentialAction":[{"@type":"ReadAction","target":["https:\/\/vosgesinfo.fr\/gerardmerinfo\/2025\/03\/gerardmer-le-grand-prix-cycliste-du-13-juillet-2025-aura-bien-lieu\/"]}]},{"@type":"ImageObject","inLanguage":"fr-FR","@id":"https:\/\/vosgesinfo.fr\/gerardmerinfo\/2025\/03\/gerardmer-le-grand-prix-cycliste-du-13-juillet-2025-aura-bien-lieu\/#primaryimage","url":"https:\/\/vosgesinfo.fr\/app\/uploads\/sites\/6\/2025\/03\/img5.jpg","contentUrl":"https:\/\/vosgesinfo.fr\/app\/uploads\/sites\/6\/2025\/03\/img5.jpg","width":755,"height":644,"caption":"PODIUM 2024 1er Louka DIDIER \u2013 Cycle Golb\u00e9en 2\u00e8me Romain BUISSART \u2013 Cycle Golb\u00e9en 3\u00e8me Guillaume STOPA \u2013 Team N\u2019SIDE"},{"@type":"BreadcrumbList","@id":"https:\/\/vosgesinfo.fr\/gerardmerinfo\/2025\/03\/gerardmer-le-grand-prix-cycliste-du-13-juillet-2025-aura-bien-lieu\/#breadcrumb","itemListElement":[{"@type":"ListItem","position":1,"name":"Home","item":"https:\/\/vosgesinfo.fr\/gerardmerinfo\/"},{"@type":"ListItem","position":2,"name":"G\u00e9rardmer &#8211; Le Grand Prix Cycliste du 13 juillet 2025 aura bien lieu"}]},{"@type":"WebSite","@id":"https:\/\/vosgesinfo.fr\/gerardmerinfo\/#website","url":"https:\/\/vosgesinfo.fr\/gerardmerinfo\/","name":"Gerardmer Info","description":"Toute l&#039;actualit\u00e9 de G\u00e9rardmer","publisher":{"@id":"https:\/\/vosgesinfo.fr\/gerardmerinfo\/#organization"},"alternateName":"Toute l'actualit\u00e9 de G\u00e9rardmer","potentialAction":[{"@type":"SearchAction","target":{"@type":"EntryPoint","urlTemplate":"https:\/\/vosgesinfo.fr\/gerardmerinfo\/?s={search_term_string}"},"query-input":"required name=search_term_string"}],"inLanguage":"fr-FR"},{"@type":"Organization","@id":"https:\/\/vosgesinfo.fr\/gerardmerinfo\/#organization","name":"Gerardmer Info","url":"https:\/\/vosgesinfo.fr\/gerardmerinfo\/","logo":{"@type":"ImageObject","inLanguage":"fr-FR","@id":"https:\/\/vosgesinfo.fr\/gerardmerinfo\/#\/schema\/logo\/image\/","url":"https:\/\/vosgesinfo.fr\/app\/uploads\/sites\/6\/2023\/08\/favicon-gerardmerinfo.png","contentUrl":"https:\/\/vosgesinfo.fr\/app\/uploads\/sites\/6\/2023\/08\/favicon-gerardmerinfo.png","width":512,"height":512,"caption":"Gerardmer Info"},"image":{"@id":"https:\/\/vosgesinfo.fr\/gerardmerinfo\/#\/schema\/logo\/image\/"},"sameAs":["https:\/\/www.facebook.com\/profile.php?id=100049475262660","https:\/\/x.com\/VosgesInfo88","https:\/\/www.youtube.com\/@vosgesinfo"]},{"@type":"Person","@id":"https:\/\/vosgesinfo.fr\/gerardmerinfo\/#\/schema\/person\/27a3695b06db98895b354c0765cdfc31","name":"La redaction","image":{"@type":"ImageObject","inLanguage":"fr-FR","@id":"https:\/\/vosgesinfo.fr\/gerardmerinfo\/#\/schema\/person\/image\/","url":"https:\/\/secure.gravatar.com\/avatar\/64c76a78e501cedee55736f43f332df901e1896ae9cd8fad269ae2236dd0e8b6?s=96&d=mm&r=g","contentUrl":"https:\/\/secure.gravatar.com\/avatar\/64c76a78e501cedee55736f43f332df901e1896ae9cd8fad269ae2236dd0e8b6?s=96&d=mm&r=g","caption":"La redaction"},"url":"https:\/\/vosgesinfo.fr\/gerardmerinfo\/author\/la-redaction\/"}]}},"_links":{"self":[{"href":"https:\/\/vosgesinfo.fr\/gerardmerinfo\/wp-json\/wp\/v2\/posts\/74963","targetHints":{"allow":["GET"]}}],"collection":[{"href":"https:\/\/vosgesinfo.fr\/gerardmerinfo\/wp-json\/wp\/v2\/posts"}],"about":[{"href":"https:\/\/vosgesinfo.fr\/gerardmerinfo\/wp-json\/wp\/v2\/types\/post"}],"author":[{"embeddable":true,"href":"https:\/\/vosgesinfo.fr\/gerardmerinfo\/wp-json\/wp\/v2\/users\/391"}],"replies":[{"embeddable":true,"href":"https:\/\/vosgesinfo.fr\/gerardmerinfo\/wp-json\/wp\/v2\/comments?post=74963"}],"version-history":[{"count":4,"href":"https:\/\/vosgesinfo.fr\/gerardmerinfo\/wp-json\/wp\/v2\/posts\/74963\/revisions"}],"predecessor-version":[{"id":75075,"href":"https:\/\/vosgesinfo.fr\/gerardmerinfo\/wp-json\/wp\/v2\/posts\/74963\/revisions\/75075"}],"wp:featuredmedia":[{"embeddable":true,"href":"https:\/\/vosgesinfo.fr\/gerardmerinfo\/wp-json\/wp\/v2\/media\/74964"}],"wp:attachment":[{"href":"https:\/\/vosgesinfo.fr\/gerardmerinfo\/wp-json\/wp\/v2\/media?parent=74963"}],"wp:term":[{"taxonomy":"category","embeddable":true,"href":"https:\/\/vosgesinfo.fr\/gerardmerinfo\/wp-json\/wp\/v2\/categories?post=74963"},{"taxonomy":"post_tag","embeddable":true,"href":"https:\/\/vosgesinfo.fr\/gerardmerinfo\/wp-json\/wp\/v2\/tags?post=74963"}],"curies":[{"name":"wp","href":"https:\/\/api.w.org\/{rel}","templated":true}]}}