{"id":75031,"date":"2025-03-05T11:40:06","date_gmt":"2025-03-05T10:40:06","guid":{"rendered":"https:\/\/vosgesinfo.fr\/gerardmerinfo\/?p=75031"},"modified":"2025-03-05T11:40:06","modified_gmt":"2025-03-05T10:40:06","slug":"vosges-la-carte-scolaire-2025-se-precise","status":"publish","type":"post","link":"https:\/\/vosgesinfo.fr\/gerardmerinfo\/2025\/03\/vosges-la-carte-scolaire-2025-se-precise\/","title":{"rendered":"Vosges \u2013 La carte scolaire 2025 se pr\u00e9cise"},"content":{"rendered":"<div id=\"attachment_73449\" style=\"width: 970px\" class=\"wp-caption alignnone\"><a href=\"https:\/\/vosgesinfo.fr\/app\/uploads\/sites\/4\/2025\/01\/ecole.jpg\"><img decoding=\"async\" aria-describedby=\"caption-attachment-73449\" class=\"size-full wp-image-73449\" src=\"https:\/\/vosgesinfo.fr\/app\/uploads\/sites\/4\/2025\/01\/ecole.jpg\" alt=\"\" width=\"960\" height=\"640\" \/><\/a><p id=\"caption-attachment-73449\" class=\"wp-caption-text\">(Illustration)<\/p><\/div>\n<h2>La version d\u00e9finitive de la <strong>carte scolaire de la rentr\u00e9e 2025<\/strong> sera valid\u00e9e le <strong>11 mars prochain<\/strong> par le <strong>Conseil D\u00e9partemental de l&rsquo;\u00c9ducation Nationale<\/strong> \u2013 <strong>CDEN<\/strong>. Suite \u00e0 la r\u00e9union du <strong>Comit\u00e9 Social d&rsquo;Administration D\u00e9partemental<\/strong> \u2013 <strong>CSAD<\/strong> \u2013 qui s&rsquo;est d\u00e9roul\u00e9e hier mardi, les grandes lignes de la prochaine carte scolaire vosgienne ont \u00e9t\u00e9 pr\u00e9cis\u00e9es.<\/h2>\n<p><!--more--><\/p>\n<h3><strong>Une suppression \u00ab\u00a0nette\u00a0\u00bb de 12 postes<\/strong><\/h3>\n<p><a href=\"https:\/\/vosgesinfo.fr\/laplainedesvosgesinfo\/2025\/01\/carte-scolaire-2025-12-postes-supprimes-dans-les-vosges\/\" target=\"_blank\" rel=\"noopener\">Sans surprise par rapport aux annonces du <strong>rectorat de Nancy-Metz<\/strong> fin janvier<\/a>, il y aura au total <strong>12 postes<\/strong> de moins, dans le premier degr\u00e9, \u00e0 la rentr\u00e9e de septembre 2025 dans les <strong>Vosges<\/strong>.<\/p>\n<h3><strong>21 suppressions pour 9 ouvertures<\/strong><\/h3>\n<p><strong>21 postes<\/strong> d&rsquo;enseignants sont ainsi supprim\u00e9s, entra\u00eenant notamment la fermeture des <strong>2 \u00e9coles de La Voivre<\/strong>, pour <strong>9 ouvertures de postes<\/strong>. Avec respectivement 3 nouveaux postes d&rsquo;enseignants \u2013 <strong>\u00e0 Xertigny, Dogneville et \u00c9tival-Clairefontaine<\/strong> \u2013 deux nouveaux postes de rempla\u00e7ants, un nouveau poste d&rsquo;enseignant Adaptation Scolaire et Handicap \u2013 ASH \u2013 1,5 poste de conseiller p\u00e9dagogique de circonscription et 1,5 poste d&rsquo;enseignant \u00ab en r\u00e9serve \u00bb, selon les besoins d&rsquo;ici la rentr\u00e9e.<\/p>\n<h3><strong>Une baisse continue des effectifs scolaires<\/strong><\/h3>\n<p>Le rectorat de Nancy-Metz explique cette r\u00e9duction d&rsquo;effectifs par une baisse continue des effectifs scolaires. \u00c0 la rentr\u00e9e de septembre 2025, le d\u00e9partement devrait enregistrer environ <strong>850 \u00e9l\u00e8ves de moins<\/strong> qu&rsquo;en 2024<\/p>\n<p>&#8211;<\/p>\n<h3>Le d\u00e9tail, sous couvert d&rsquo;\u00e9volution le <strong>11 mars<\/strong>, des fermetures et ouvertures de postes dans les Vosges :<\/h3>\n<h4 class=\"western\"><strong>\u00c9pinal et environs<\/strong><\/h4>\n<ul>\n<li><strong>Fermetures<\/strong> :\n<ul>\n<li>Maternelle d&rsquo;Ambrail (-1 classe, reste 3)<\/li>\n<li>Maternelle Rossignol (-1 classe, reste 3)<\/li>\n<li>\u00c9l\u00e9mentaire Robert Desnos \u00e0 Chantraine (-1 classe, reste 6)<\/li>\n<\/ul>\n<\/li>\n<li><strong>Ouvertures<\/strong> :\n<ul>\n<li>Maternelle de Xertigny (+1 classe, total 4)<\/li>\n<li>Primaire de Dogneville (+1 classe, total 4)<\/li>\n<\/ul>\n<\/li>\n<\/ul>\n<h4 class=\"western\"><strong>Bruy\u00e8res et environs<\/strong><\/h4>\n<ul>\n<li><strong>Fermetures<\/strong> :\n<ul>\n<li>RPI Bult \u2013 Saint-Gorgon &#8211; Vom\u00e9court (-1 classe, reste 3)<\/li>\n<li>RPI de Romont \u2013 Roville-aux-Ch\u00eanes (-1 classe, reste 2)<\/li>\n<li>\u00c9l\u00e9mentaire Jules Ferry \u00e0 Bruy\u00e8res (-1 classe, reste 5)<\/li>\n<li>Primaire de Corcieux (-1 classe, reste 6)<\/li>\n<li>\u00c9l\u00e9mentaire Jules Ferry \u00e0 Rambervillers (-1 classe, reste 6)<\/li>\n<li>Primaire de Raon-l&rsquo;\u00c9tape &#8211; Neuveville (-1 classe, reste 4)<\/li>\n<\/ul>\n<\/li>\n<li><strong>Ouverture<\/strong> :\n<ul>\n<li>Primaire d&rsquo;\u00c9tival-Clairefontaine (+1 classe, total 9)<\/li>\n<\/ul>\n<\/li>\n<\/ul>\n<h4 class=\"western\"><strong>G\u00e9rardmer et environs<\/strong><\/h4>\n<ul>\n<li><strong>Fermetures<\/strong> :\n<ul>\n<li>Primaire d&rsquo;Anould &#8211; Le Souche (-1 classe, reste 4)<\/li>\n<li>\u00c9l\u00e9mentaire Jean Mac\u00e9 \u00e0 G\u00e9rardmer (-1 classe, reste 4)<\/li>\n<\/ul>\n<\/li>\n<\/ul>\n<h4 class=\"western\"><strong>Neuf\u00e2teau et environs<\/strong><\/h4>\n<ul>\n<li><strong>Fermetures<\/strong> :\n<ul>\n<li>Primaire d&rsquo;Hymont (-1 classe, reste 3)<\/li>\n<\/ul>\n<\/li>\n<\/ul>\n<h4 class=\"western\"><strong>Golbey et environs<\/strong><\/h4>\n<ul>\n<li><strong>Fermetures<\/strong> :\n<ul>\n<li>Primaire de Thaon-les-Vosges &#8211; Girmont (-1 classe, reste 3)<\/li>\n<li>Maternelle d&rsquo;Uxegney &#8211; Pr\u00e9 des Lins (-1 classe, reste 3)<\/li>\n<\/ul>\n<\/li>\n<\/ul>\n<h4 class=\"western\"><strong>Remiremont et environs<\/strong><\/h4>\n<ul>\n<li><strong>Fermetures<\/strong> :\n<ul>\n<li>Primaire du Val d&rsquo;Ajol (-1 classe, reste 7)<\/li>\n<li>Primaire de Ramonchamp (-1 classe, reste 6)<\/li>\n<li>Primaire Jules Ferry \u00e0 Remiremont (-1 classe, reste 6)<\/li>\n<\/ul>\n<\/li>\n<\/ul>\n<h4 class=\"western\"><strong>Saint-Di\u00e9-des-Vosges et environs<\/strong><\/h4>\n<ul>\n<li><strong>Fermetures<\/strong> :\n<ul>\n<li>Primaire du Ban-de-Sapt (-1 classe, reste 2)<\/li>\n<\/ul>\n<\/li>\n<li><strong>Fermeture d\u2019\u00e9coles<\/strong> :\n<ul>\n<li>\u00c9l\u00e9mentaire de La Voivre &#8211; Centre (-1, fermeture totale)<\/li>\n<li>Primaire de La Voivre &#8211; Hollande (-1, fermeture totale)<\/li>\n<\/ul>\n<\/li>\n<\/ul>\n<h4 class=\"western\"><strong>Vittel et environs<\/strong><\/h4>\n<ul>\n<li><strong>Fermetures<\/strong> :\n<ul>\n<li>Maternelle Louis Blanc \u00e0 Vittel (-1 classe, reste 3)<\/li>\n<\/ul>\n<\/li>\n<\/ul>\n<p>J.J.<\/p>\n","protected":false},"excerpt":{"rendered":"<p>La version d\u00e9finitive de la carte scolaire de la rentr\u00e9e 2025 sera valid\u00e9e le 11 mars prochain par le Conseil [&hellip;]<\/p>\n","protected":false},"author":46,"featured_media":75032,"comment_status":"open","ping_status":"open","sticky":false,"template":"","format":"standard","meta":{"footnotes":""},"categories":[20,6,878,25,328,868,908,18],"tags":[6827,6828,6829],"class_list":["post-75031","post","type-post","status-publish","format-standard","has-post-thumbnail","hentry","category-a-la-une","category-education","category-epinal","category-gerardmer","category-la-plaine-des-vosges","category-remiremont","category-saint-die-des-vosges-et-son-agglomeration","category-vosges","tag-carte-scolaire-2025-dans-les-vosges","tag-comite-social-dadministration-departemental","tag-conseil-departement-de-leducation-nationale"],"acf":[],"yoast_head":"<!-- This site is optimized with the Yoast SEO plugin v22.5 - https:\/\/yoast.com\/wordpress\/plugins\/seo\/ -->\n<title>Vosges \u2013 La carte scolaire 2025 se pr\u00e9cise - Gerardmer Info<\/title>\n<meta name=\"robots\" content=\"index, follow, max-snippet:-1, max-image-preview:large, max-video-preview:-1\" \/>\n<link rel=\"canonical\" href=\"https:\/\/vosgesinfo.fr\/gerardmerinfo\/2025\/03\/vosges-la-carte-scolaire-2025-se-precise\/\" \/>\n<meta name=\"twitter:card\" content=\"summary_large_image\" \/>\n<meta name=\"twitter:title\" content=\"Vosges \u2013 La carte scolaire 2025 se pr\u00e9cise - Gerardmer Info\" \/>\n<meta name=\"twitter:description\" content=\"La version d\u00e9finitive de la carte scolaire de la rentr\u00e9e 2025 sera valid\u00e9e le 11 mars prochain par le Conseil [&hellip;]\" \/>\n<meta name=\"twitter:image\" content=\"https:\/\/vosgesinfo.fr\/app\/uploads\/sites\/6\/2025\/03\/ecole.jpg\" \/>\n<meta name=\"twitter:creator\" content=\"@VosgesInfo88\" \/>\n<meta name=\"twitter:site\" content=\"@VosgesInfo88\" \/>\n<meta name=\"twitter:label1\" content=\"\u00c9crit par\" \/>\n\t<meta name=\"twitter:data1\" content=\"J.J.\" \/>\n\t<meta name=\"twitter:label2\" content=\"Dur\u00e9e de lecture estim\u00e9e\" \/>\n\t<meta name=\"twitter:data2\" content=\"2 minutes\" \/>\n<script type=\"application\/ld+json\" class=\"yoast-schema-graph\">{\"@context\":\"https:\/\/schema.org\",\"@graph\":[{\"@type\":\"Article\",\"@id\":\"https:\/\/vosgesinfo.fr\/gerardmerinfo\/2025\/03\/vosges-la-carte-scolaire-2025-se-precise\/#article\",\"isPartOf\":{\"@id\":\"https:\/\/vosgesinfo.fr\/gerardmerinfo\/2025\/03\/vosges-la-carte-scolaire-2025-se-precise\/\"},\"author\":{\"name\":\"J.J.\",\"@id\":\"https:\/\/vosgesinfo.fr\/gerardmerinfo\/#\/schema\/person\/fa73e9f726d67bb88f46d5b7943cb572\"},\"headline\":\"Vosges \u2013 La carte scolaire 2025 se pr\u00e9cise\",\"datePublished\":\"2025-03-05T10:40:06+00:00\",\"dateModified\":\"2025-03-05T10:40:06+00:00\",\"mainEntityOfPage\":{\"@id\":\"https:\/\/vosgesinfo.fr\/gerardmerinfo\/2025\/03\/vosges-la-carte-scolaire-2025-se-precise\/\"},\"wordCount\":466,\"commentCount\":0,\"publisher\":{\"@id\":\"https:\/\/vosgesinfo.fr\/gerardmerinfo\/#organization\"},\"image\":{\"@id\":\"https:\/\/vosgesinfo.fr\/gerardmerinfo\/2025\/03\/vosges-la-carte-scolaire-2025-se-precise\/#primaryimage\"},\"thumbnailUrl\":\"https:\/\/vosgesinfo.fr\/app\/uploads\/sites\/6\/2025\/03\/ecole.jpg\",\"keywords\":[\"Carte scolaire 2025 dans les Vosges\",\"Comit\u00e9 Social d'Administration D\u00e9partemental\",\"Conseil D\u00e9partement de l'Education Nationale\"],\"articleSection\":[\"A la une\",\"\u00c9ducation\",\"Epinal\",\"G\u00e9rardmer\",\"La plaine des vosges\",\"Remiremont\",\"Saint-Di\u00e9-des-Vosges et son Agglom\u00e9ration\",\"Vosges\"],\"inLanguage\":\"fr-FR\",\"potentialAction\":[{\"@type\":\"CommentAction\",\"name\":\"Comment\",\"target\":[\"https:\/\/vosgesinfo.fr\/gerardmerinfo\/2025\/03\/vosges-la-carte-scolaire-2025-se-precise\/#respond\"]}]},{\"@type\":\"WebPage\",\"@id\":\"https:\/\/vosgesinfo.fr\/gerardmerinfo\/2025\/03\/vosges-la-carte-scolaire-2025-se-precise\/\",\"url\":\"https:\/\/vosgesinfo.fr\/gerardmerinfo\/2025\/03\/vosges-la-carte-scolaire-2025-se-precise\/\",\"name\":\"Vosges \u2013 La carte scolaire 2025 se pr\u00e9cise - Gerardmer Info\",\"isPartOf\":{\"@id\":\"https:\/\/vosgesinfo.fr\/gerardmerinfo\/#website\"},\"primaryImageOfPage\":{\"@id\":\"https:\/\/vosgesinfo.fr\/gerardmerinfo\/2025\/03\/vosges-la-carte-scolaire-2025-se-precise\/#primaryimage\"},\"image\":{\"@id\":\"https:\/\/vosgesinfo.fr\/gerardmerinfo\/2025\/03\/vosges-la-carte-scolaire-2025-se-precise\/#primaryimage\"},\"thumbnailUrl\":\"https:\/\/vosgesinfo.fr\/app\/uploads\/sites\/6\/2025\/03\/ecole.jpg\",\"datePublished\":\"2025-03-05T10:40:06+00:00\",\"dateModified\":\"2025-03-05T10:40:06+00:00\",\"breadcrumb\":{\"@id\":\"https:\/\/vosgesinfo.fr\/gerardmerinfo\/2025\/03\/vosges-la-carte-scolaire-2025-se-precise\/#breadcrumb\"},\"inLanguage\":\"fr-FR\",\"potentialAction\":[{\"@type\":\"ReadAction\",\"target\":[\"https:\/\/vosgesinfo.fr\/gerardmerinfo\/2025\/03\/vosges-la-carte-scolaire-2025-se-precise\/\"]}]},{\"@type\":\"ImageObject\",\"inLanguage\":\"fr-FR\",\"@id\":\"https:\/\/vosgesinfo.fr\/gerardmerinfo\/2025\/03\/vosges-la-carte-scolaire-2025-se-precise\/#primaryimage\",\"url\":\"https:\/\/vosgesinfo.fr\/app\/uploads\/sites\/6\/2025\/03\/ecole.jpg\",\"contentUrl\":\"https:\/\/vosgesinfo.fr\/app\/uploads\/sites\/6\/2025\/03\/ecole.jpg\",\"width\":960,\"height\":640},{\"@type\":\"BreadcrumbList\",\"@id\":\"https:\/\/vosgesinfo.fr\/gerardmerinfo\/2025\/03\/vosges-la-carte-scolaire-2025-se-precise\/#breadcrumb\",\"itemListElement\":[{\"@type\":\"ListItem\",\"position\":1,\"name\":\"Home\",\"item\":\"https:\/\/vosgesinfo.fr\/gerardmerinfo\/\"},{\"@type\":\"ListItem\",\"position\":2,\"name\":\"Vosges \u2013 La carte scolaire 2025 se pr\u00e9cise\"}]},{\"@type\":\"WebSite\",\"@id\":\"https:\/\/vosgesinfo.fr\/gerardmerinfo\/#website\",\"url\":\"https:\/\/vosgesinfo.fr\/gerardmerinfo\/\",\"name\":\"Gerardmer Info\",\"description\":\"Toute l&#039;actualit\u00e9 de G\u00e9rardmer\",\"publisher\":{\"@id\":\"https:\/\/vosgesinfo.fr\/gerardmerinfo\/#organization\"},\"alternateName\":\"Toute l'actualit\u00e9 de G\u00e9rardmer\",\"potentialAction\":[{\"@type\":\"SearchAction\",\"target\":{\"@type\":\"EntryPoint\",\"urlTemplate\":\"https:\/\/vosgesinfo.fr\/gerardmerinfo\/?s={search_term_string}\"},\"query-input\":\"required name=search_term_string\"}],\"inLanguage\":\"fr-FR\"},{\"@type\":\"Organization\",\"@id\":\"https:\/\/vosgesinfo.fr\/gerardmerinfo\/#organization\",\"name\":\"Gerardmer Info\",\"url\":\"https:\/\/vosgesinfo.fr\/gerardmerinfo\/\",\"logo\":{\"@type\":\"ImageObject\",\"inLanguage\":\"fr-FR\",\"@id\":\"https:\/\/vosgesinfo.fr\/gerardmerinfo\/#\/schema\/logo\/image\/\",\"url\":\"https:\/\/vosgesinfo.fr\/app\/uploads\/sites\/6\/2023\/08\/favicon-gerardmerinfo.png\",\"contentUrl\":\"https:\/\/vosgesinfo.fr\/app\/uploads\/sites\/6\/2023\/08\/favicon-gerardmerinfo.png\",\"width\":512,\"height\":512,\"caption\":\"Gerardmer Info\"},\"image\":{\"@id\":\"https:\/\/vosgesinfo.fr\/gerardmerinfo\/#\/schema\/logo\/image\/\"},\"sameAs\":[\"https:\/\/www.facebook.com\/profile.php?id=100049475262660\",\"https:\/\/x.com\/VosgesInfo88\",\"https:\/\/www.youtube.com\/@vosgesinfo\"]},{\"@type\":\"Person\",\"@id\":\"https:\/\/vosgesinfo.fr\/gerardmerinfo\/#\/schema\/person\/fa73e9f726d67bb88f46d5b7943cb572\",\"name\":\"J.J.\",\"image\":{\"@type\":\"ImageObject\",\"inLanguage\":\"fr-FR\",\"@id\":\"https:\/\/vosgesinfo.fr\/gerardmerinfo\/#\/schema\/person\/image\/\",\"url\":\"https:\/\/secure.gravatar.com\/avatar\/219e749e47ffbcca018a360ae4add7d4cdf1cdaaf8bc7676b27efade3fe65615?s=96&d=mm&r=g\",\"contentUrl\":\"https:\/\/secure.gravatar.com\/avatar\/219e749e47ffbcca018a360ae4add7d4cdf1cdaaf8bc7676b27efade3fe65615?s=96&d=mm&r=g\",\"caption\":\"J.J.\"},\"url\":\"https:\/\/vosgesinfo.fr\/gerardmerinfo\/author\/j-j\/\"}]}<\/script>\n<!-- \/ Yoast SEO plugin. -->","yoast_head_json":{"title":"Vosges \u2013 La carte scolaire 2025 se pr\u00e9cise - Gerardmer Info","robots":{"index":"index","follow":"follow","max-snippet":"max-snippet:-1","max-image-preview":"max-image-preview:large","max-video-preview":"max-video-preview:-1"},"canonical":"https:\/\/vosgesinfo.fr\/gerardmerinfo\/2025\/03\/vosges-la-carte-scolaire-2025-se-precise\/","twitter_card":"summary_large_image","twitter_title":"Vosges \u2013 La carte scolaire 2025 se pr\u00e9cise - Gerardmer Info","twitter_description":"La version d\u00e9finitive de la carte scolaire de la rentr\u00e9e 2025 sera valid\u00e9e le 11 mars prochain par le Conseil [&hellip;]","twitter_image":"https:\/\/vosgesinfo.fr\/app\/uploads\/sites\/6\/2025\/03\/ecole.jpg","twitter_creator":"@VosgesInfo88","twitter_site":"@VosgesInfo88","twitter_misc":{"\u00c9crit par":"J.J.","Dur\u00e9e de lecture estim\u00e9e":"2 minutes"},"schema":{"@context":"https:\/\/schema.org","@graph":[{"@type":"Article","@id":"https:\/\/vosgesinfo.fr\/gerardmerinfo\/2025\/03\/vosges-la-carte-scolaire-2025-se-precise\/#article","isPartOf":{"@id":"https:\/\/vosgesinfo.fr\/gerardmerinfo\/2025\/03\/vosges-la-carte-scolaire-2025-se-precise\/"},"author":{"name":"J.J.","@id":"https:\/\/vosgesinfo.fr\/gerardmerinfo\/#\/schema\/person\/fa73e9f726d67bb88f46d5b7943cb572"},"headline":"Vosges \u2013 La carte scolaire 2025 se pr\u00e9cise","datePublished":"2025-03-05T10:40:06+00:00","dateModified":"2025-03-05T10:40:06+00:00","mainEntityOfPage":{"@id":"https:\/\/vosgesinfo.fr\/gerardmerinfo\/2025\/03\/vosges-la-carte-scolaire-2025-se-precise\/"},"wordCount":466,"commentCount":0,"publisher":{"@id":"https:\/\/vosgesinfo.fr\/gerardmerinfo\/#organization"},"image":{"@id":"https:\/\/vosgesinfo.fr\/gerardmerinfo\/2025\/03\/vosges-la-carte-scolaire-2025-se-precise\/#primaryimage"},"thumbnailUrl":"https:\/\/vosgesinfo.fr\/app\/uploads\/sites\/6\/2025\/03\/ecole.jpg","keywords":["Carte scolaire 2025 dans les Vosges","Comit\u00e9 Social d'Administration D\u00e9partemental","Conseil D\u00e9partement de l'Education Nationale"],"articleSection":["A la une","\u00c9ducation","Epinal","G\u00e9rardmer","La plaine des vosges","Remiremont","Saint-Di\u00e9-des-Vosges et son Agglom\u00e9ration","Vosges"],"inLanguage":"fr-FR","potentialAction":[{"@type":"CommentAction","name":"Comment","target":["https:\/\/vosgesinfo.fr\/gerardmerinfo\/2025\/03\/vosges-la-carte-scolaire-2025-se-precise\/#respond"]}]},{"@type":"WebPage","@id":"https:\/\/vosgesinfo.fr\/gerardmerinfo\/2025\/03\/vosges-la-carte-scolaire-2025-se-precise\/","url":"https:\/\/vosgesinfo.fr\/gerardmerinfo\/2025\/03\/vosges-la-carte-scolaire-2025-se-precise\/","name":"Vosges \u2013 La carte scolaire 2025 se pr\u00e9cise - Gerardmer Info","isPartOf":{"@id":"https:\/\/vosgesinfo.fr\/gerardmerinfo\/#website"},"primaryImageOfPage":{"@id":"https:\/\/vosgesinfo.fr\/gerardmerinfo\/2025\/03\/vosges-la-carte-scolaire-2025-se-precise\/#primaryimage"},"image":{"@id":"https:\/\/vosgesinfo.fr\/gerardmerinfo\/2025\/03\/vosges-la-carte-scolaire-2025-se-precise\/#primaryimage"},"thumbnailUrl":"https:\/\/vosgesinfo.fr\/app\/uploads\/sites\/6\/2025\/03\/ecole.jpg","datePublished":"2025-03-05T10:40:06+00:00","dateModified":"2025-03-05T10:40:06+00:00","breadcrumb":{"@id":"https:\/\/vosgesinfo.fr\/gerardmerinfo\/2025\/03\/vosges-la-carte-scolaire-2025-se-precise\/#breadcrumb"},"inLanguage":"fr-FR","potentialAction":[{"@type":"ReadAction","target":["https:\/\/vosgesinfo.fr\/gerardmerinfo\/2025\/03\/vosges-la-carte-scolaire-2025-se-precise\/"]}]},{"@type":"ImageObject","inLanguage":"fr-FR","@id":"https:\/\/vosgesinfo.fr\/gerardmerinfo\/2025\/03\/vosges-la-carte-scolaire-2025-se-precise\/#primaryimage","url":"https:\/\/vosgesinfo.fr\/app\/uploads\/sites\/6\/2025\/03\/ecole.jpg","contentUrl":"https:\/\/vosgesinfo.fr\/app\/uploads\/sites\/6\/2025\/03\/ecole.jpg","width":960,"height":640},{"@type":"BreadcrumbList","@id":"https:\/\/vosgesinfo.fr\/gerardmerinfo\/2025\/03\/vosges-la-carte-scolaire-2025-se-precise\/#breadcrumb","itemListElement":[{"@type":"ListItem","position":1,"name":"Home","item":"https:\/\/vosgesinfo.fr\/gerardmerinfo\/"},{"@type":"ListItem","position":2,"name":"Vosges \u2013 La carte scolaire 2025 se pr\u00e9cise"}]},{"@type":"WebSite","@id":"https:\/\/vosgesinfo.fr\/gerardmerinfo\/#website","url":"https:\/\/vosgesinfo.fr\/gerardmerinfo\/","name":"Gerardmer Info","description":"Toute l&#039;actualit\u00e9 de G\u00e9rardmer","publisher":{"@id":"https:\/\/vosgesinfo.fr\/gerardmerinfo\/#organization"},"alternateName":"Toute l'actualit\u00e9 de G\u00e9rardmer","potentialAction":[{"@type":"SearchAction","target":{"@type":"EntryPoint","urlTemplate":"https:\/\/vosgesinfo.fr\/gerardmerinfo\/?s={search_term_string}"},"query-input":"required name=search_term_string"}],"inLanguage":"fr-FR"},{"@type":"Organization","@id":"https:\/\/vosgesinfo.fr\/gerardmerinfo\/#organization","name":"Gerardmer Info","url":"https:\/\/vosgesinfo.fr\/gerardmerinfo\/","logo":{"@type":"ImageObject","inLanguage":"fr-FR","@id":"https:\/\/vosgesinfo.fr\/gerardmerinfo\/#\/schema\/logo\/image\/","url":"https:\/\/vosgesinfo.fr\/app\/uploads\/sites\/6\/2023\/08\/favicon-gerardmerinfo.png","contentUrl":"https:\/\/vosgesinfo.fr\/app\/uploads\/sites\/6\/2023\/08\/favicon-gerardmerinfo.png","width":512,"height":512,"caption":"Gerardmer Info"},"image":{"@id":"https:\/\/vosgesinfo.fr\/gerardmerinfo\/#\/schema\/logo\/image\/"},"sameAs":["https:\/\/www.facebook.com\/profile.php?id=100049475262660","https:\/\/x.com\/VosgesInfo88","https:\/\/www.youtube.com\/@vosgesinfo"]},{"@type":"Person","@id":"https:\/\/vosgesinfo.fr\/gerardmerinfo\/#\/schema\/person\/fa73e9f726d67bb88f46d5b7943cb572","name":"J.J.","image":{"@type":"ImageObject","inLanguage":"fr-FR","@id":"https:\/\/vosgesinfo.fr\/gerardmerinfo\/#\/schema\/person\/image\/","url":"https:\/\/secure.gravatar.com\/avatar\/219e749e47ffbcca018a360ae4add7d4cdf1cdaaf8bc7676b27efade3fe65615?s=96&d=mm&r=g","contentUrl":"https:\/\/secure.gravatar.com\/avatar\/219e749e47ffbcca018a360ae4add7d4cdf1cdaaf8bc7676b27efade3fe65615?s=96&d=mm&r=g","caption":"J.J."},"url":"https:\/\/vosgesinfo.fr\/gerardmerinfo\/author\/j-j\/"}]}},"_links":{"self":[{"href":"https:\/\/vosgesinfo.fr\/gerardmerinfo\/wp-json\/wp\/v2\/posts\/75031","targetHints":{"allow":["GET"]}}],"collection":[{"href":"https:\/\/vosgesinfo.fr\/gerardmerinfo\/wp-json\/wp\/v2\/posts"}],"about":[{"href":"https:\/\/vosgesinfo.fr\/gerardmerinfo\/wp-json\/wp\/v2\/types\/post"}],"author":[{"embeddable":true,"href":"https:\/\/vosgesinfo.fr\/gerardmerinfo\/wp-json\/wp\/v2\/users\/46"}],"replies":[{"embeddable":true,"href":"https:\/\/vosgesinfo.fr\/gerardmerinfo\/wp-json\/wp\/v2\/comments?post=75031"}],"version-history":[{"count":0,"href":"https:\/\/vosgesinfo.fr\/gerardmerinfo\/wp-json\/wp\/v2\/posts\/75031\/revisions"}],"wp:featuredmedia":[{"embeddable":true,"href":"https:\/\/vosgesinfo.fr\/gerardmerinfo\/wp-json\/wp\/v2\/media\/75032"}],"wp:attachment":[{"href":"https:\/\/vosgesinfo.fr\/gerardmerinfo\/wp-json\/wp\/v2\/media?parent=75031"}],"wp:term":[{"taxonomy":"category","embeddable":true,"href":"https:\/\/vosgesinfo.fr\/gerardmerinfo\/wp-json\/wp\/v2\/categories?post=75031"},{"taxonomy":"post_tag","embeddable":true,"href":"https:\/\/vosgesinfo.fr\/gerardmerinfo\/wp-json\/wp\/v2\/tags?post=75031"}],"curies":[{"name":"wp","href":"https:\/\/api.w.org\/{rel}","templated":true}]}}