{"id":75049,"date":"2025-03-05T17:44:49","date_gmt":"2025-03-05T16:44:49","guid":{"rendered":"https:\/\/vosgesinfo.fr\/gerardmerinfo\/2025\/03\/aurore-fabrique-des-porte-cles-personnalises-qui-peuvent-sauver-des-vies-au-val-dajol\/"},"modified":"2025-03-05T17:44:49","modified_gmt":"2025-03-05T16:44:49","slug":"aurore-fabrique-des-porte-cles-personnalises-qui-peuvent-sauver-des-vies-au-val-dajol","status":"publish","type":"post","link":"https:\/\/vosgesinfo.fr\/gerardmerinfo\/2025\/03\/aurore-fabrique-des-porte-cles-personnalises-qui-peuvent-sauver-des-vies-au-val-dajol\/","title":{"rendered":"Aurore fabrique des porte-cl\u00e9s personnalis\u00e9s qui peuvent sauver des vies au Val d&rsquo;Ajol"},"content":{"rendered":"<p data-start=\"82\" data-end=\"393\"><a href=\"https:\/\/vosgesinfo.fr\/app\/uploads\/sites\/5\/2025\/03\/au-ptit-bout-chou-2.jpg\"><img decoding=\"async\" class=\"aligncenter size-full wp-image-79243\" src=\"https:\/\/vosgesinfo.fr\/app\/uploads\/sites\/5\/2025\/03\/au-ptit-bout-chou-2.jpg\" alt=\"\" width=\"1200\" height=\"1599\" \/><\/a><\/p>\n<p data-start=\"82\" data-end=\"393\"><strong>Depuis le 1\u1d49\u02b3 janvier 2025, \u00ab\u00a0Au Ptit Bout\u2019chou\u00a0\u00bb, install\u00e9 \u00e0 Le Val d\u2019Ajol, propose une large gamme d\u2019objets personnalisables pour toutes les occasions : panneaux de bienvenue pour mariage, cadeaux de naissance, pr\u00e9sents pour la f\u00eate des m\u00e8res, cadeaux de fin d\u2019ann\u00e9e scolaire, et bien plus encore.<\/strong> <strong>Mais ce qui distingue particuli\u00e8rement cette entreprise artisanale, c\u2019est son engagement pour la s\u00e9curit\u00e9 et l\u2019utilit\u00e9 de ses cr\u00e9ations. <\/strong><\/p>\n<p data-start=\"82\" data-end=\"393\">Inspir\u00e9e par son mari pompier, Aurore a d\u00e9velopp\u00e9 une gamme de porte-cl\u00e9s et pin\u2019s personnalisables, destin\u00e9s \u00e0 informer les secours en cas d\u2019urgence. Ces accessoires peuvent mentionner des informations cruciales comme un probl\u00e8me de sant\u00e9 (asthme, pacemaker, traitement en cours), un groupe sanguin ou encore la pr\u00e9sence d\u2019animaux \u00e0 domicile. Un petit objet du quotidien qui peut faire toute la diff\u00e9rence en cas de besoin.<\/p>\n<p data-start=\"980\" data-end=\"1259\">Ces cr\u00e9ations sont r\u00e9alis\u00e9es sur disque en polyacrylique avec r\u00e9sine, ou en cuir synth\u00e9tique avec un proc\u00e9d\u00e9 thermocollant. Pourquoi le porte-cl\u00e9s ? Parce que c\u2019est un objet que l\u2019on a toujours sur soi, ce qui en fait un support id\u00e9al pour des informations vitales.<\/p>\n<p data-start=\"1261\" data-end=\"1299\"><strong>Une d\u00e9marche solidaire et locale<\/strong><\/p>\n<p data-start=\"1301\" data-end=\"1603\">Aurore ne s\u2019arr\u00eate pas l\u00e0 : elle a \u00e9chang\u00e9 avec les pompiers des casernes aux alentours du Val d\u2019Ajol pour les informer de cette initiative. Elle sensibilise \u00e9galement les infirmi\u00e8res et m\u00e9decins afin que ce dispositif puisse \u00eatre davantage connu et adopt\u00e9 par ceux qui en ont le plus besoin.<\/p>\n<p data-start=\"1605\" data-end=\"1774\">En parall\u00e8le, elle entame des d\u00e9marches aupr\u00e8s d\u2019associations pour leur reverser une part de ses b\u00e9n\u00e9fices, contribuant ainsi \u00e0 des causes qui lui tiennent \u00e0 c\u0153ur.<\/p>\n<p data-start=\"1776\" data-end=\"2055\">C\u00f4t\u00e9 tarifs, les porte-cl\u00e9s sont accessibles : 5,90\u20ac pour le mod\u00e8le rond en polyacrylique et 6,90\u20ac pour la version en cuir. Mais \u00ab\u00a0Au Ptit Bout\u2019chou\u00a0\u00bb, c\u2019est aussi des sacs en toile, gobelets, articles de papeterie, toujours personnalisables et r\u00e9alis\u00e9s sur commande.<\/p>\n<p data-start=\"2057\" data-end=\"2149\" data-is-last-node=\"\" data-is-only-node=\"\">Une belle initiative artisanale et locale qui allie cr\u00e9ativit\u00e9, s\u00e9curit\u00e9 et solidarit\u00e9 !<\/p>\n<p data-start=\"2057\" data-end=\"2149\" data-is-last-node=\"\" data-is-only-node=\"\">Facebook : <a href=\"https:\/\/www.facebook.com\/Auptitboutchou88\" target=\"_blank\" rel=\"noopener\">https:\/\/www.facebook.com\/Auptitboutchou88<\/a><\/p>\n\n\t\t<style type=\"text\/css\">\n\t\t\t#gallery-1 {\n\t\t\t\tmargin: auto;\n\t\t\t}\n\t\t\t#gallery-1 .gallery-item {\n\t\t\t\tfloat: left;\n\t\t\t\tmargin-top: 10px;\n\t\t\t\ttext-align: center;\n\t\t\t\twidth: 33%;\n\t\t\t}\n\t\t\t#gallery-1 img {\n\t\t\t\tborder: 2px solid #cfcfcf;\n\t\t\t}\n\t\t\t#gallery-1 .gallery-caption {\n\t\t\t\tmargin-left: 0;\n\t\t\t}\n\t\t\t\/* see gallery_shortcode() in wp-includes\/media.php *\/\n\t\t<\/style>\n\t\t<div id='gallery-1' class='gallery galleryid-75049 gallery-columns-3 gallery-size-thumbnail'><dl class='gallery-item'>\n\t\t\t<dt class='gallery-icon landscape'>\n\t\t\t\t<a href='https:\/\/vosgesinfo.fr\/app\/uploads\/sites\/6\/2025\/03\/au-ptit-bout-chou-.jpg'><img decoding=\"async\" width=\"150\" height=\"150\" src=\"https:\/\/vosgesinfo.fr\/app\/uploads\/sites\/6\/2025\/03\/au-ptit-bout-chou--150x150.jpg\" class=\"attachment-thumbnail size-thumbnail\" alt=\"\" \/><\/a>\n\t\t\t<\/dt><\/dl><dl class='gallery-item'>\n\t\t\t<dt class='gallery-icon landscape'>\n\t\t\t\t<a href='https:\/\/vosgesinfo.fr\/app\/uploads\/sites\/6\/2025\/03\/au-ptit-bout-chou-1.jpg'><img decoding=\"async\" width=\"150\" height=\"150\" src=\"https:\/\/vosgesinfo.fr\/app\/uploads\/sites\/6\/2025\/03\/au-ptit-bout-chou-1-150x150.jpg\" class=\"attachment-thumbnail size-thumbnail\" alt=\"\" \/><\/a>\n\t\t\t<\/dt><\/dl>\n\t\t\t<br style='clear: both' \/>\n\t\t<\/div>\n\n","protected":false},"excerpt":{"rendered":"<p>Depuis le 1\u1d49\u02b3 janvier 2025, \u00ab\u00a0Au Ptit Bout\u2019chou\u00a0\u00bb, install\u00e9 \u00e0 Le Val d\u2019Ajol, propose une large gamme d\u2019objets personnalisables pour [&hellip;]<\/p>\n","protected":false},"author":418,"featured_media":75050,"comment_status":"open","ping_status":"open","sticky":false,"template":"","format":"standard","meta":{"footnotes":""},"categories":[20,878,25,328,868,946,12],"tags":[6833,2305,6834],"class_list":["post-75049","post","type-post","status-publish","format-standard","has-post-thumbnail","hentry","category-a-la-une","category-epinal","category-gerardmer","category-la-plaine-des-vosges","category-remiremont","category-saint-die","category-sante","tag-au-ptit-boutchou","tag-le-val-dajol","tag-porte-cles-secours"],"acf":[],"yoast_head":"<!-- This site is optimized with the Yoast SEO plugin v22.5 - https:\/\/yoast.com\/wordpress\/plugins\/seo\/ -->\n<title>Aurore fabrique des porte-cl\u00e9s personnalis\u00e9s qui peuvent sauver des vies au Val d&#039;Ajol - Gerardmer Info<\/title>\n<meta name=\"robots\" content=\"index, follow, max-snippet:-1, max-image-preview:large, max-video-preview:-1\" \/>\n<link rel=\"canonical\" href=\"https:\/\/vosgesinfo.fr\/gerardmerinfo\/2025\/03\/aurore-fabrique-des-porte-cles-personnalises-qui-peuvent-sauver-des-vies-au-val-dajol\/\" \/>\n<meta name=\"twitter:card\" content=\"summary_large_image\" \/>\n<meta name=\"twitter:title\" content=\"Aurore fabrique des porte-cl\u00e9s personnalis\u00e9s qui peuvent sauver des vies au Val d&#039;Ajol - Gerardmer Info\" \/>\n<meta name=\"twitter:description\" content=\"Depuis le 1\u1d49\u02b3 janvier 2025, \u00ab\u00a0Au Ptit Bout\u2019chou\u00a0\u00bb, install\u00e9 \u00e0 Le Val d\u2019Ajol, propose une large gamme d\u2019objets personnalisables pour [&hellip;]\" \/>\n<meta name=\"twitter:image\" content=\"https:\/\/vosgesinfo.fr\/app\/uploads\/sites\/6\/2025\/03\/au-ptit-bout-chou-2.jpg\" \/>\n<meta name=\"twitter:creator\" content=\"@VosgesInfo88\" \/>\n<meta name=\"twitter:site\" content=\"@VosgesInfo88\" \/>\n<meta name=\"twitter:label1\" content=\"\u00c9crit par\" \/>\n\t<meta name=\"twitter:data1\" content=\"C.M\" \/>\n\t<meta name=\"twitter:label2\" content=\"Dur\u00e9e de lecture estim\u00e9e\" \/>\n\t<meta name=\"twitter:data2\" content=\"2 minutes\" \/>\n<script type=\"application\/ld+json\" class=\"yoast-schema-graph\">{\"@context\":\"https:\/\/schema.org\",\"@graph\":[{\"@type\":\"Article\",\"@id\":\"https:\/\/vosgesinfo.fr\/gerardmerinfo\/2025\/03\/aurore-fabrique-des-porte-cles-personnalises-qui-peuvent-sauver-des-vies-au-val-dajol\/#article\",\"isPartOf\":{\"@id\":\"https:\/\/vosgesinfo.fr\/gerardmerinfo\/2025\/03\/aurore-fabrique-des-porte-cles-personnalises-qui-peuvent-sauver-des-vies-au-val-dajol\/\"},\"author\":{\"name\":\"C.M\",\"@id\":\"https:\/\/vosgesinfo.fr\/gerardmerinfo\/#\/schema\/person\/4f38cd3068e342935b7304695c797d08\"},\"headline\":\"Aurore fabrique des porte-cl\u00e9s personnalis\u00e9s qui peuvent sauver des vies au Val d&rsquo;Ajol\",\"datePublished\":\"2025-03-05T16:44:49+00:00\",\"dateModified\":\"2025-03-05T16:44:49+00:00\",\"mainEntityOfPage\":{\"@id\":\"https:\/\/vosgesinfo.fr\/gerardmerinfo\/2025\/03\/aurore-fabrique-des-porte-cles-personnalises-qui-peuvent-sauver-des-vies-au-val-dajol\/\"},\"wordCount\":377,\"commentCount\":0,\"publisher\":{\"@id\":\"https:\/\/vosgesinfo.fr\/gerardmerinfo\/#organization\"},\"image\":{\"@id\":\"https:\/\/vosgesinfo.fr\/gerardmerinfo\/2025\/03\/aurore-fabrique-des-porte-cles-personnalises-qui-peuvent-sauver-des-vies-au-val-dajol\/#primaryimage\"},\"thumbnailUrl\":\"https:\/\/vosgesinfo.fr\/app\/uploads\/sites\/6\/2025\/03\/au-ptit-bout-chou-2.jpg\",\"keywords\":[\"Au Ptit Bout'Chou\",\"le val d'ajol\",\"Porte-cl\u00e9s secours\"],\"articleSection\":[\"A la une\",\"Epinal\",\"G\u00e9rardmer\",\"La plaine des vosges\",\"Remiremont\",\"Saint-di\u00e9\",\"Sant\u00e9\"],\"inLanguage\":\"fr-FR\",\"potentialAction\":[{\"@type\":\"CommentAction\",\"name\":\"Comment\",\"target\":[\"https:\/\/vosgesinfo.fr\/gerardmerinfo\/2025\/03\/aurore-fabrique-des-porte-cles-personnalises-qui-peuvent-sauver-des-vies-au-val-dajol\/#respond\"]}]},{\"@type\":\"WebPage\",\"@id\":\"https:\/\/vosgesinfo.fr\/gerardmerinfo\/2025\/03\/aurore-fabrique-des-porte-cles-personnalises-qui-peuvent-sauver-des-vies-au-val-dajol\/\",\"url\":\"https:\/\/vosgesinfo.fr\/gerardmerinfo\/2025\/03\/aurore-fabrique-des-porte-cles-personnalises-qui-peuvent-sauver-des-vies-au-val-dajol\/\",\"name\":\"Aurore fabrique des porte-cl\u00e9s personnalis\u00e9s qui peuvent sauver des vies au Val d'Ajol - Gerardmer Info\",\"isPartOf\":{\"@id\":\"https:\/\/vosgesinfo.fr\/gerardmerinfo\/#website\"},\"primaryImageOfPage\":{\"@id\":\"https:\/\/vosgesinfo.fr\/gerardmerinfo\/2025\/03\/aurore-fabrique-des-porte-cles-personnalises-qui-peuvent-sauver-des-vies-au-val-dajol\/#primaryimage\"},\"image\":{\"@id\":\"https:\/\/vosgesinfo.fr\/gerardmerinfo\/2025\/03\/aurore-fabrique-des-porte-cles-personnalises-qui-peuvent-sauver-des-vies-au-val-dajol\/#primaryimage\"},\"thumbnailUrl\":\"https:\/\/vosgesinfo.fr\/app\/uploads\/sites\/6\/2025\/03\/au-ptit-bout-chou-2.jpg\",\"datePublished\":\"2025-03-05T16:44:49+00:00\",\"dateModified\":\"2025-03-05T16:44:49+00:00\",\"breadcrumb\":{\"@id\":\"https:\/\/vosgesinfo.fr\/gerardmerinfo\/2025\/03\/aurore-fabrique-des-porte-cles-personnalises-qui-peuvent-sauver-des-vies-au-val-dajol\/#breadcrumb\"},\"inLanguage\":\"fr-FR\",\"potentialAction\":[{\"@type\":\"ReadAction\",\"target\":[\"https:\/\/vosgesinfo.fr\/gerardmerinfo\/2025\/03\/aurore-fabrique-des-porte-cles-personnalises-qui-peuvent-sauver-des-vies-au-val-dajol\/\"]}]},{\"@type\":\"ImageObject\",\"inLanguage\":\"fr-FR\",\"@id\":\"https:\/\/vosgesinfo.fr\/gerardmerinfo\/2025\/03\/aurore-fabrique-des-porte-cles-personnalises-qui-peuvent-sauver-des-vies-au-val-dajol\/#primaryimage\",\"url\":\"https:\/\/vosgesinfo.fr\/app\/uploads\/sites\/6\/2025\/03\/au-ptit-bout-chou-2.jpg\",\"contentUrl\":\"https:\/\/vosgesinfo.fr\/app\/uploads\/sites\/6\/2025\/03\/au-ptit-bout-chou-2.jpg\",\"width\":1200,\"height\":1599},{\"@type\":\"BreadcrumbList\",\"@id\":\"https:\/\/vosgesinfo.fr\/gerardmerinfo\/2025\/03\/aurore-fabrique-des-porte-cles-personnalises-qui-peuvent-sauver-des-vies-au-val-dajol\/#breadcrumb\",\"itemListElement\":[{\"@type\":\"ListItem\",\"position\":1,\"name\":\"Home\",\"item\":\"https:\/\/vosgesinfo.fr\/gerardmerinfo\/\"},{\"@type\":\"ListItem\",\"position\":2,\"name\":\"Aurore fabrique des porte-cl\u00e9s personnalis\u00e9s qui peuvent sauver des vies au Val d&rsquo;Ajol\"}]},{\"@type\":\"WebSite\",\"@id\":\"https:\/\/vosgesinfo.fr\/gerardmerinfo\/#website\",\"url\":\"https:\/\/vosgesinfo.fr\/gerardmerinfo\/\",\"name\":\"Gerardmer Info\",\"description\":\"Toute l&#039;actualit\u00e9 de G\u00e9rardmer\",\"publisher\":{\"@id\":\"https:\/\/vosgesinfo.fr\/gerardmerinfo\/#organization\"},\"alternateName\":\"Toute l'actualit\u00e9 de G\u00e9rardmer\",\"potentialAction\":[{\"@type\":\"SearchAction\",\"target\":{\"@type\":\"EntryPoint\",\"urlTemplate\":\"https:\/\/vosgesinfo.fr\/gerardmerinfo\/?s={search_term_string}\"},\"query-input\":\"required name=search_term_string\"}],\"inLanguage\":\"fr-FR\"},{\"@type\":\"Organization\",\"@id\":\"https:\/\/vosgesinfo.fr\/gerardmerinfo\/#organization\",\"name\":\"Gerardmer Info\",\"url\":\"https:\/\/vosgesinfo.fr\/gerardmerinfo\/\",\"logo\":{\"@type\":\"ImageObject\",\"inLanguage\":\"fr-FR\",\"@id\":\"https:\/\/vosgesinfo.fr\/gerardmerinfo\/#\/schema\/logo\/image\/\",\"url\":\"https:\/\/vosgesinfo.fr\/app\/uploads\/sites\/6\/2023\/08\/favicon-gerardmerinfo.png\",\"contentUrl\":\"https:\/\/vosgesinfo.fr\/app\/uploads\/sites\/6\/2023\/08\/favicon-gerardmerinfo.png\",\"width\":512,\"height\":512,\"caption\":\"Gerardmer Info\"},\"image\":{\"@id\":\"https:\/\/vosgesinfo.fr\/gerardmerinfo\/#\/schema\/logo\/image\/\"},\"sameAs\":[\"https:\/\/www.facebook.com\/profile.php?id=100049475262660\",\"https:\/\/x.com\/VosgesInfo88\",\"https:\/\/www.youtube.com\/@vosgesinfo\"]},{\"@type\":\"Person\",\"@id\":\"https:\/\/vosgesinfo.fr\/gerardmerinfo\/#\/schema\/person\/4f38cd3068e342935b7304695c797d08\",\"name\":\"C.M\",\"image\":{\"@type\":\"ImageObject\",\"inLanguage\":\"fr-FR\",\"@id\":\"https:\/\/vosgesinfo.fr\/gerardmerinfo\/#\/schema\/person\/image\/\",\"url\":\"https:\/\/secure.gravatar.com\/avatar\/fe9daaef0164d920717484172682f3c5c9bcf7d42aa8c7048c76c34f0eb6c8da?s=96&d=mm&r=g\",\"contentUrl\":\"https:\/\/secure.gravatar.com\/avatar\/fe9daaef0164d920717484172682f3c5c9bcf7d42aa8c7048c76c34f0eb6c8da?s=96&d=mm&r=g\",\"caption\":\"C.M\"},\"url\":\"https:\/\/vosgesinfo.fr\/gerardmerinfo\/author\/cm88200\/\"}]}<\/script>\n<!-- \/ Yoast SEO plugin. -->","yoast_head_json":{"title":"Aurore fabrique des porte-cl\u00e9s personnalis\u00e9s qui peuvent sauver des vies au Val d'Ajol - Gerardmer Info","robots":{"index":"index","follow":"follow","max-snippet":"max-snippet:-1","max-image-preview":"max-image-preview:large","max-video-preview":"max-video-preview:-1"},"canonical":"https:\/\/vosgesinfo.fr\/gerardmerinfo\/2025\/03\/aurore-fabrique-des-porte-cles-personnalises-qui-peuvent-sauver-des-vies-au-val-dajol\/","twitter_card":"summary_large_image","twitter_title":"Aurore fabrique des porte-cl\u00e9s personnalis\u00e9s qui peuvent sauver des vies au Val d'Ajol - Gerardmer Info","twitter_description":"Depuis le 1\u1d49\u02b3 janvier 2025, \u00ab\u00a0Au Ptit Bout\u2019chou\u00a0\u00bb, install\u00e9 \u00e0 Le Val d\u2019Ajol, propose une large gamme d\u2019objets personnalisables pour [&hellip;]","twitter_image":"https:\/\/vosgesinfo.fr\/app\/uploads\/sites\/6\/2025\/03\/au-ptit-bout-chou-2.jpg","twitter_creator":"@VosgesInfo88","twitter_site":"@VosgesInfo88","twitter_misc":{"\u00c9crit par":"C.M","Dur\u00e9e de lecture estim\u00e9e":"2 minutes"},"schema":{"@context":"https:\/\/schema.org","@graph":[{"@type":"Article","@id":"https:\/\/vosgesinfo.fr\/gerardmerinfo\/2025\/03\/aurore-fabrique-des-porte-cles-personnalises-qui-peuvent-sauver-des-vies-au-val-dajol\/#article","isPartOf":{"@id":"https:\/\/vosgesinfo.fr\/gerardmerinfo\/2025\/03\/aurore-fabrique-des-porte-cles-personnalises-qui-peuvent-sauver-des-vies-au-val-dajol\/"},"author":{"name":"C.M","@id":"https:\/\/vosgesinfo.fr\/gerardmerinfo\/#\/schema\/person\/4f38cd3068e342935b7304695c797d08"},"headline":"Aurore fabrique des porte-cl\u00e9s personnalis\u00e9s qui peuvent sauver des vies au Val d&rsquo;Ajol","datePublished":"2025-03-05T16:44:49+00:00","dateModified":"2025-03-05T16:44:49+00:00","mainEntityOfPage":{"@id":"https:\/\/vosgesinfo.fr\/gerardmerinfo\/2025\/03\/aurore-fabrique-des-porte-cles-personnalises-qui-peuvent-sauver-des-vies-au-val-dajol\/"},"wordCount":377,"commentCount":0,"publisher":{"@id":"https:\/\/vosgesinfo.fr\/gerardmerinfo\/#organization"},"image":{"@id":"https:\/\/vosgesinfo.fr\/gerardmerinfo\/2025\/03\/aurore-fabrique-des-porte-cles-personnalises-qui-peuvent-sauver-des-vies-au-val-dajol\/#primaryimage"},"thumbnailUrl":"https:\/\/vosgesinfo.fr\/app\/uploads\/sites\/6\/2025\/03\/au-ptit-bout-chou-2.jpg","keywords":["Au Ptit Bout'Chou","le val d'ajol","Porte-cl\u00e9s secours"],"articleSection":["A la une","Epinal","G\u00e9rardmer","La plaine des vosges","Remiremont","Saint-di\u00e9","Sant\u00e9"],"inLanguage":"fr-FR","potentialAction":[{"@type":"CommentAction","name":"Comment","target":["https:\/\/vosgesinfo.fr\/gerardmerinfo\/2025\/03\/aurore-fabrique-des-porte-cles-personnalises-qui-peuvent-sauver-des-vies-au-val-dajol\/#respond"]}]},{"@type":"WebPage","@id":"https:\/\/vosgesinfo.fr\/gerardmerinfo\/2025\/03\/aurore-fabrique-des-porte-cles-personnalises-qui-peuvent-sauver-des-vies-au-val-dajol\/","url":"https:\/\/vosgesinfo.fr\/gerardmerinfo\/2025\/03\/aurore-fabrique-des-porte-cles-personnalises-qui-peuvent-sauver-des-vies-au-val-dajol\/","name":"Aurore fabrique des porte-cl\u00e9s personnalis\u00e9s qui peuvent sauver des vies au Val d'Ajol - Gerardmer Info","isPartOf":{"@id":"https:\/\/vosgesinfo.fr\/gerardmerinfo\/#website"},"primaryImageOfPage":{"@id":"https:\/\/vosgesinfo.fr\/gerardmerinfo\/2025\/03\/aurore-fabrique-des-porte-cles-personnalises-qui-peuvent-sauver-des-vies-au-val-dajol\/#primaryimage"},"image":{"@id":"https:\/\/vosgesinfo.fr\/gerardmerinfo\/2025\/03\/aurore-fabrique-des-porte-cles-personnalises-qui-peuvent-sauver-des-vies-au-val-dajol\/#primaryimage"},"thumbnailUrl":"https:\/\/vosgesinfo.fr\/app\/uploads\/sites\/6\/2025\/03\/au-ptit-bout-chou-2.jpg","datePublished":"2025-03-05T16:44:49+00:00","dateModified":"2025-03-05T16:44:49+00:00","breadcrumb":{"@id":"https:\/\/vosgesinfo.fr\/gerardmerinfo\/2025\/03\/aurore-fabrique-des-porte-cles-personnalises-qui-peuvent-sauver-des-vies-au-val-dajol\/#breadcrumb"},"inLanguage":"fr-FR","potentialAction":[{"@type":"ReadAction","target":["https:\/\/vosgesinfo.fr\/gerardmerinfo\/2025\/03\/aurore-fabrique-des-porte-cles-personnalises-qui-peuvent-sauver-des-vies-au-val-dajol\/"]}]},{"@type":"ImageObject","inLanguage":"fr-FR","@id":"https:\/\/vosgesinfo.fr\/gerardmerinfo\/2025\/03\/aurore-fabrique-des-porte-cles-personnalises-qui-peuvent-sauver-des-vies-au-val-dajol\/#primaryimage","url":"https:\/\/vosgesinfo.fr\/app\/uploads\/sites\/6\/2025\/03\/au-ptit-bout-chou-2.jpg","contentUrl":"https:\/\/vosgesinfo.fr\/app\/uploads\/sites\/6\/2025\/03\/au-ptit-bout-chou-2.jpg","width":1200,"height":1599},{"@type":"BreadcrumbList","@id":"https:\/\/vosgesinfo.fr\/gerardmerinfo\/2025\/03\/aurore-fabrique-des-porte-cles-personnalises-qui-peuvent-sauver-des-vies-au-val-dajol\/#breadcrumb","itemListElement":[{"@type":"ListItem","position":1,"name":"Home","item":"https:\/\/vosgesinfo.fr\/gerardmerinfo\/"},{"@type":"ListItem","position":2,"name":"Aurore fabrique des porte-cl\u00e9s personnalis\u00e9s qui peuvent sauver des vies au Val d&rsquo;Ajol"}]},{"@type":"WebSite","@id":"https:\/\/vosgesinfo.fr\/gerardmerinfo\/#website","url":"https:\/\/vosgesinfo.fr\/gerardmerinfo\/","name":"Gerardmer Info","description":"Toute l&#039;actualit\u00e9 de G\u00e9rardmer","publisher":{"@id":"https:\/\/vosgesinfo.fr\/gerardmerinfo\/#organization"},"alternateName":"Toute l'actualit\u00e9 de G\u00e9rardmer","potentialAction":[{"@type":"SearchAction","target":{"@type":"EntryPoint","urlTemplate":"https:\/\/vosgesinfo.fr\/gerardmerinfo\/?s={search_term_string}"},"query-input":"required name=search_term_string"}],"inLanguage":"fr-FR"},{"@type":"Organization","@id":"https:\/\/vosgesinfo.fr\/gerardmerinfo\/#organization","name":"Gerardmer Info","url":"https:\/\/vosgesinfo.fr\/gerardmerinfo\/","logo":{"@type":"ImageObject","inLanguage":"fr-FR","@id":"https:\/\/vosgesinfo.fr\/gerardmerinfo\/#\/schema\/logo\/image\/","url":"https:\/\/vosgesinfo.fr\/app\/uploads\/sites\/6\/2023\/08\/favicon-gerardmerinfo.png","contentUrl":"https:\/\/vosgesinfo.fr\/app\/uploads\/sites\/6\/2023\/08\/favicon-gerardmerinfo.png","width":512,"height":512,"caption":"Gerardmer Info"},"image":{"@id":"https:\/\/vosgesinfo.fr\/gerardmerinfo\/#\/schema\/logo\/image\/"},"sameAs":["https:\/\/www.facebook.com\/profile.php?id=100049475262660","https:\/\/x.com\/VosgesInfo88","https:\/\/www.youtube.com\/@vosgesinfo"]},{"@type":"Person","@id":"https:\/\/vosgesinfo.fr\/gerardmerinfo\/#\/schema\/person\/4f38cd3068e342935b7304695c797d08","name":"C.M","image":{"@type":"ImageObject","inLanguage":"fr-FR","@id":"https:\/\/vosgesinfo.fr\/gerardmerinfo\/#\/schema\/person\/image\/","url":"https:\/\/secure.gravatar.com\/avatar\/fe9daaef0164d920717484172682f3c5c9bcf7d42aa8c7048c76c34f0eb6c8da?s=96&d=mm&r=g","contentUrl":"https:\/\/secure.gravatar.com\/avatar\/fe9daaef0164d920717484172682f3c5c9bcf7d42aa8c7048c76c34f0eb6c8da?s=96&d=mm&r=g","caption":"C.M"},"url":"https:\/\/vosgesinfo.fr\/gerardmerinfo\/author\/cm88200\/"}]}},"_links":{"self":[{"href":"https:\/\/vosgesinfo.fr\/gerardmerinfo\/wp-json\/wp\/v2\/posts\/75049","targetHints":{"allow":["GET"]}}],"collection":[{"href":"https:\/\/vosgesinfo.fr\/gerardmerinfo\/wp-json\/wp\/v2\/posts"}],"about":[{"href":"https:\/\/vosgesinfo.fr\/gerardmerinfo\/wp-json\/wp\/v2\/types\/post"}],"author":[{"embeddable":true,"href":"https:\/\/vosgesinfo.fr\/gerardmerinfo\/wp-json\/wp\/v2\/users\/418"}],"replies":[{"embeddable":true,"href":"https:\/\/vosgesinfo.fr\/gerardmerinfo\/wp-json\/wp\/v2\/comments?post=75049"}],"version-history":[{"count":0,"href":"https:\/\/vosgesinfo.fr\/gerardmerinfo\/wp-json\/wp\/v2\/posts\/75049\/revisions"}],"wp:featuredmedia":[{"embeddable":true,"href":"https:\/\/vosgesinfo.fr\/gerardmerinfo\/wp-json\/wp\/v2\/media\/75050"}],"wp:attachment":[{"href":"https:\/\/vosgesinfo.fr\/gerardmerinfo\/wp-json\/wp\/v2\/media?parent=75049"}],"wp:term":[{"taxonomy":"category","embeddable":true,"href":"https:\/\/vosgesinfo.fr\/gerardmerinfo\/wp-json\/wp\/v2\/categories?post=75049"},{"taxonomy":"post_tag","embeddable":true,"href":"https:\/\/vosgesinfo.fr\/gerardmerinfo\/wp-json\/wp\/v2\/tags?post=75049"}],"curies":[{"name":"wp","href":"https:\/\/api.w.org\/{rel}","templated":true}]}}