{"id":75076,"date":"2025-03-07T05:56:39","date_gmt":"2025-03-07T04:56:39","guid":{"rendered":"https:\/\/vosgesinfo.fr\/gerardmerinfo\/?p=75076"},"modified":"2025-03-06T14:48:30","modified_gmt":"2025-03-06T13:48:30","slug":"les-gouter-du-ccas-un-apres-midi-de-fete-a-lehpad-de-laccueil-de-la-vologne","status":"publish","type":"post","link":"https:\/\/vosgesinfo.fr\/gerardmerinfo\/2025\/03\/les-gouter-du-ccas-un-apres-midi-de-fete-a-lehpad-de-laccueil-de-la-vologne\/","title":{"rendered":"Les go\u00fbter du CCAS : un apr\u00e8s-midi de f\u00eate \u00e0 l\u2019Ehpad de l&rsquo;Accueil de la Vologne !"},"content":{"rendered":"<p align=\"justify\"><a href=\"https:\/\/vosgesinfo.fr\/app\/uploads\/sites\/6\/2025\/03\/ehpad-vologne-carnaval-granges-4-scaled.jpg\"><img decoding=\"async\" class=\"aligncenter size-large wp-image-75080\" src=\"https:\/\/vosgesinfo.fr\/app\/uploads\/sites\/6\/2025\/03\/ehpad-vologne-carnaval-granges-4-1024x683.jpg\" alt=\"\" width=\"1024\" height=\"683\" srcset=\"https:\/\/vosgesinfo.fr\/app\/uploads\/sites\/6\/2025\/03\/ehpad-vologne-carnaval-granges-4-1024x683.jpg 1024w, https:\/\/vosgesinfo.fr\/app\/uploads\/sites\/6\/2025\/03\/ehpad-vologne-carnaval-granges-4-300x200.jpg 300w, https:\/\/vosgesinfo.fr\/app\/uploads\/sites\/6\/2025\/03\/ehpad-vologne-carnaval-granges-4-768x512.jpg 768w, https:\/\/vosgesinfo.fr\/app\/uploads\/sites\/6\/2025\/03\/ehpad-vologne-carnaval-granges-4-1536x1024.jpg 1536w, https:\/\/vosgesinfo.fr\/app\/uploads\/sites\/6\/2025\/03\/ehpad-vologne-carnaval-granges-4-2048x1365.jpg 2048w\" sizes=\"(max-width: 1024px) 100vw, 1024px\" \/><\/a><\/p>\n\n\t\t<style type=\"text\/css\">\n\t\t\t#gallery-1 {\n\t\t\t\tmargin: auto;\n\t\t\t}\n\t\t\t#gallery-1 .gallery-item {\n\t\t\t\tfloat: left;\n\t\t\t\tmargin-top: 10px;\n\t\t\t\ttext-align: center;\n\t\t\t\twidth: 50%;\n\t\t\t}\n\t\t\t#gallery-1 img {\n\t\t\t\tborder: 2px solid #cfcfcf;\n\t\t\t}\n\t\t\t#gallery-1 .gallery-caption {\n\t\t\t\tmargin-left: 0;\n\t\t\t}\n\t\t\t\/* see gallery_shortcode() in wp-includes\/media.php *\/\n\t\t<\/style>\n\t\t<div id='gallery-1' class='gallery galleryid-75076 gallery-columns-2 gallery-size-medium'><dl class='gallery-item'>\n\t\t\t<dt class='gallery-icon landscape'>\n\t\t\t\t<a href='https:\/\/vosgesinfo.fr\/app\/uploads\/sites\/6\/2025\/03\/ehpad-vologne-carnaval-granges-7-scaled.jpg'><img decoding=\"async\" width=\"300\" height=\"298\" src=\"https:\/\/vosgesinfo.fr\/app\/uploads\/sites\/6\/2025\/03\/ehpad-vologne-carnaval-granges-7-300x298.jpg\" class=\"attachment-medium size-medium\" alt=\"\" srcset=\"https:\/\/vosgesinfo.fr\/app\/uploads\/sites\/6\/2025\/03\/ehpad-vologne-carnaval-granges-7-300x298.jpg 300w, https:\/\/vosgesinfo.fr\/app\/uploads\/sites\/6\/2025\/03\/ehpad-vologne-carnaval-granges-7-1024x1018.jpg 1024w, https:\/\/vosgesinfo.fr\/app\/uploads\/sites\/6\/2025\/03\/ehpad-vologne-carnaval-granges-7-150x150.jpg 150w, https:\/\/vosgesinfo.fr\/app\/uploads\/sites\/6\/2025\/03\/ehpad-vologne-carnaval-granges-7-768x764.jpg 768w, https:\/\/vosgesinfo.fr\/app\/uploads\/sites\/6\/2025\/03\/ehpad-vologne-carnaval-granges-7-1536x1527.jpg 1536w, https:\/\/vosgesinfo.fr\/app\/uploads\/sites\/6\/2025\/03\/ehpad-vologne-carnaval-granges-7-2048x2036.jpg 2048w\" sizes=\"(max-width: 300px) 100vw, 300px\" \/><\/a>\n\t\t\t<\/dt><\/dl><dl class='gallery-item'>\n\t\t\t<dt class='gallery-icon landscape'>\n\t\t\t\t<a href='https:\/\/vosgesinfo.fr\/app\/uploads\/sites\/6\/2025\/03\/ehpad-vologne-carnaval-granges-3-scaled.jpg'><img decoding=\"async\" width=\"300\" height=\"200\" src=\"https:\/\/vosgesinfo.fr\/app\/uploads\/sites\/6\/2025\/03\/ehpad-vologne-carnaval-granges-3-300x200.jpg\" class=\"attachment-medium size-medium\" alt=\"\" srcset=\"https:\/\/vosgesinfo.fr\/app\/uploads\/sites\/6\/2025\/03\/ehpad-vologne-carnaval-granges-3-300x200.jpg 300w, https:\/\/vosgesinfo.fr\/app\/uploads\/sites\/6\/2025\/03\/ehpad-vologne-carnaval-granges-3-1024x683.jpg 1024w, https:\/\/vosgesinfo.fr\/app\/uploads\/sites\/6\/2025\/03\/ehpad-vologne-carnaval-granges-3-768x512.jpg 768w, https:\/\/vosgesinfo.fr\/app\/uploads\/sites\/6\/2025\/03\/ehpad-vologne-carnaval-granges-3-1536x1024.jpg 1536w, https:\/\/vosgesinfo.fr\/app\/uploads\/sites\/6\/2025\/03\/ehpad-vologne-carnaval-granges-3-2048x1365.jpg 2048w\" sizes=\"(max-width: 300px) 100vw, 300px\" \/><\/a>\n\t\t\t<\/dt><\/dl><br style=\"clear: both\" \/><dl class='gallery-item'>\n\t\t\t<dt class='gallery-icon landscape'>\n\t\t\t\t<a href='https:\/\/vosgesinfo.fr\/app\/uploads\/sites\/6\/2025\/03\/ehpad-vologne-carnaval-granges-2-scaled.jpg'><img decoding=\"async\" width=\"300\" height=\"216\" src=\"https:\/\/vosgesinfo.fr\/app\/uploads\/sites\/6\/2025\/03\/ehpad-vologne-carnaval-granges-2-300x216.jpg\" class=\"attachment-medium size-medium\" alt=\"\" srcset=\"https:\/\/vosgesinfo.fr\/app\/uploads\/sites\/6\/2025\/03\/ehpad-vologne-carnaval-granges-2-300x216.jpg 300w, https:\/\/vosgesinfo.fr\/app\/uploads\/sites\/6\/2025\/03\/ehpad-vologne-carnaval-granges-2-1024x736.jpg 1024w, https:\/\/vosgesinfo.fr\/app\/uploads\/sites\/6\/2025\/03\/ehpad-vologne-carnaval-granges-2-768x552.jpg 768w, https:\/\/vosgesinfo.fr\/app\/uploads\/sites\/6\/2025\/03\/ehpad-vologne-carnaval-granges-2-1536x1104.jpg 1536w, https:\/\/vosgesinfo.fr\/app\/uploads\/sites\/6\/2025\/03\/ehpad-vologne-carnaval-granges-2-2048x1472.jpg 2048w\" sizes=\"(max-width: 300px) 100vw, 300px\" \/><\/a>\n\t\t\t<\/dt><\/dl><dl class='gallery-item'>\n\t\t\t<dt class='gallery-icon landscape'>\n\t\t\t\t<a href='https:\/\/vosgesinfo.fr\/app\/uploads\/sites\/6\/2025\/03\/ehpad-vologne-carnaval-granges-1-scaled.jpg'><img decoding=\"async\" width=\"300\" height=\"200\" src=\"https:\/\/vosgesinfo.fr\/app\/uploads\/sites\/6\/2025\/03\/ehpad-vologne-carnaval-granges-1-300x200.jpg\" class=\"attachment-medium size-medium\" alt=\"\" srcset=\"https:\/\/vosgesinfo.fr\/app\/uploads\/sites\/6\/2025\/03\/ehpad-vologne-carnaval-granges-1-300x200.jpg 300w, https:\/\/vosgesinfo.fr\/app\/uploads\/sites\/6\/2025\/03\/ehpad-vologne-carnaval-granges-1-1024x683.jpg 1024w, https:\/\/vosgesinfo.fr\/app\/uploads\/sites\/6\/2025\/03\/ehpad-vologne-carnaval-granges-1-768x512.jpg 768w, https:\/\/vosgesinfo.fr\/app\/uploads\/sites\/6\/2025\/03\/ehpad-vologne-carnaval-granges-1-1536x1024.jpg 1536w, https:\/\/vosgesinfo.fr\/app\/uploads\/sites\/6\/2025\/03\/ehpad-vologne-carnaval-granges-1-2048x1365.jpg 2048w\" sizes=\"(max-width: 300px) 100vw, 300px\" \/><\/a>\n\t\t\t<\/dt><\/dl><br style=\"clear: both\" \/>\n\t\t<\/div>\n\n<p align=\"justify\">La chandeleur et le carnaval se sont donn\u00e9s rendez-vous le jeudi 27 f\u00e9vrier 2025, pour un apr\u00e8s-midi \u00e0 l\u2019ambiance color\u00e9e \u00e0 la maison de retraite de Granges-Aumontzey.<\/p>\n<p align=\"justify\">Les airs d&rsquo;accord\u00e9on du <b>musicien St\u00e9phane <\/b>ont anim\u00e9 la salle commune de l&rsquo;Ehpad l&rsquo;Accueil de la Vologne. Pour l\u2019occasion, l\u2019artiste \u00e9tait <b>par\u00e9 de jolies bretelles <\/b>pour soutenir l\u2019instrument,<b> offertes par le CCAS<\/b> en remerciement de <b>ses interventions b\u00e9n\u00e9voles<\/b> sur les manifestations. Et pour sublimer l\u2019instant, sur des airs de tango ou de rock et avec beaucoup de souplesse, <b>le duo \u00c9liane &amp; Laurent <\/b>a ravi la petite centaine de spectateurs et spectatrices pr\u00e9sents. Et en v\u00e9ritable cheffe d\u2019orchestre <b>Marion Kieffer-Rys, l\u2019animatrice de cet \u00e9v\u00e8nement<\/b>, a fait danser et chanter le public conquis\u00a0!<\/p>\n<p align=\"center\"><b>Corinne Mourot, adjointe et vice-pr\u00e9sidente du CCAS<\/b> pr\u00e9cise que pour cette \u00e9dition \u00ab\u00a0un grand nombre de personnes ext\u00e9rieures sont venues, preuve que les animations co-construites entre le CCAS et l\u2019Ehpad fonctionnent au mieux.\u00a0\u00bb<\/p>\n<p align=\"justify\"><a href=\"https:\/\/vosgesinfo.fr\/app\/uploads\/sites\/6\/2025\/03\/ehpad-vologne-carnaval-granges-6-scaled.jpg\"><img decoding=\"async\" class=\"alignright size-medium wp-image-75082\" src=\"https:\/\/vosgesinfo.fr\/app\/uploads\/sites\/6\/2025\/03\/ehpad-vologne-carnaval-granges-6-300x200.jpg\" alt=\"\" width=\"300\" height=\"200\" srcset=\"https:\/\/vosgesinfo.fr\/app\/uploads\/sites\/6\/2025\/03\/ehpad-vologne-carnaval-granges-6-300x200.jpg 300w, https:\/\/vosgesinfo.fr\/app\/uploads\/sites\/6\/2025\/03\/ehpad-vologne-carnaval-granges-6-1024x683.jpg 1024w, https:\/\/vosgesinfo.fr\/app\/uploads\/sites\/6\/2025\/03\/ehpad-vologne-carnaval-granges-6-768x512.jpg 768w, https:\/\/vosgesinfo.fr\/app\/uploads\/sites\/6\/2025\/03\/ehpad-vologne-carnaval-granges-6-1536x1024.jpg 1536w, https:\/\/vosgesinfo.fr\/app\/uploads\/sites\/6\/2025\/03\/ehpad-vologne-carnaval-granges-6-2048x1365.jpg 2048w\" sizes=\"(max-width: 300px) 100vw, 300px\" \/><\/a>Ici toutes les excuses sont bonnes pour se r\u00e9galer. Les <b>cuisiniers de la maison de retraite<\/b> ont pr\u00e9par\u00e9 la p\u00e2te et <b>les b\u00e9n\u00e9voles du CCAS<\/b> ont confectionn\u00e9 les cr\u00eapes, pour que les gourmands et gourmandes se r\u00e9galent apr\u00e8s les rires et les danses de cet apr\u00e8s-midi. Effet garantit, les sourires rayonnant sur tous les visages \u00e9taient aussi nombreux que les cr\u00eapes d\u00e9gust\u00e9es !<\/p>\n<p align=\"center\">*****<\/p>\n<p align=\"justify\">La semaine de festivit\u00e9s s\u2019est termin\u00e9e par un beau moment de partage, \u00e0 l\u2019initiative de Marion Kieffer-Rys, animatrice \u00e0 l\u2019Ehpad et b\u00e9n\u00e9vole pour cette journ\u00e9e. En effet, l\u2019objectif principal pour 2025 est de <b>favoriser les sorties sur les manifestations de la commune des personnes \u00e2g\u00e9es<\/b> en simplifiant l\u2019organisation et le transport vers ces \u00e9v\u00e9nements.<\/p>\n<p align=\"justify\"><a href=\"https:\/\/vosgesinfo.fr\/app\/uploads\/sites\/6\/2025\/03\/ehpad-vologne-carnaval-granges-5-scaled.jpg\"><img decoding=\"async\" class=\"alignright size-medium wp-image-75081\" src=\"https:\/\/vosgesinfo.fr\/app\/uploads\/sites\/6\/2025\/03\/ehpad-vologne-carnaval-granges-5-200x300.jpg\" alt=\"\" width=\"200\" height=\"300\" srcset=\"https:\/\/vosgesinfo.fr\/app\/uploads\/sites\/6\/2025\/03\/ehpad-vologne-carnaval-granges-5-200x300.jpg 200w, https:\/\/vosgesinfo.fr\/app\/uploads\/sites\/6\/2025\/03\/ehpad-vologne-carnaval-granges-5-683x1024.jpg 683w, https:\/\/vosgesinfo.fr\/app\/uploads\/sites\/6\/2025\/03\/ehpad-vologne-carnaval-granges-5-768x1152.jpg 768w, https:\/\/vosgesinfo.fr\/app\/uploads\/sites\/6\/2025\/03\/ehpad-vologne-carnaval-granges-5-1024x1536.jpg 1024w, https:\/\/vosgesinfo.fr\/app\/uploads\/sites\/6\/2025\/03\/ehpad-vologne-carnaval-granges-5-1365x2048.jpg 1365w, https:\/\/vosgesinfo.fr\/app\/uploads\/sites\/6\/2025\/03\/ehpad-vologne-carnaval-granges-5-scaled.jpg 1707w\" sizes=\"(max-width: 200px) 100vw, 200px\" \/><\/a>Ainsi, le dimanche apr\u00e8s-midi du 2 mars 2025, <b>les r\u00e9sidents de la maison de retraite, leurs familles et les personnes dites isol\u00e9es de la commune ont assist\u00e9 \u00e0 la pi\u00e8ce de th\u00e9\u00e2tre \u00ab\u00a0\u00c0 grands coups de po\u00eale\u00a0\u00bb,<\/b> interpr\u00e9t\u00e9e par l\u2019association locale <b>Amiti\u00e9s et Loisirs<\/b>. Gr\u00e2ce aux b\u00e9n\u00e9voles du CCAS, qui ont assur\u00e9 leur transport, et au tarif pr\u00e9f\u00e9rentiel accord\u00e9 par l\u2019association, cette sortie a \u00e9t\u00e9 rendue accessible \u00e0 tous.<\/p>\n<p align=\"justify\">En signe de reconnaissance pour leur engagement tout au long de l\u2019ann\u00e9e, <b>Corinne Mourot, adjointe et vice-pr\u00e9sidente du CCAS, a tenu \u00e0 inviter gracieusement une quarantaine de personnes, dont les b\u00e9n\u00e9voles du CCAS<\/b>, saluant ainsi leur pr\u00e9cieuse implication.<\/p>\n","protected":false},"excerpt":{"rendered":"<p>La chandeleur et le carnaval se sont donn\u00e9s rendez-vous le jeudi 27 f\u00e9vrier 2025, pour un apr\u00e8s-midi \u00e0 l\u2019ambiance color\u00e9e [&hellip;]<\/p>\n","protected":false},"author":391,"featured_media":75080,"comment_status":"open","ping_status":"open","sticky":false,"template":"","format":"standard","meta":{"footnotes":""},"categories":[20,24,5647,12],"tags":[684,94],"class_list":["post-75076","post","type-post","status-publish","format-standard","has-post-thumbnail","hentry","category-a-la-une","category-evenements","category-gerardmer-autres-sites","category-sante","tag-ehpad","tag-granges-aumontzey"],"acf":[],"yoast_head":"<!-- This site is optimized with the Yoast SEO plugin v22.5 - https:\/\/yoast.com\/wordpress\/plugins\/seo\/ -->\n<title>Les go\u00fbter du CCAS : un apr\u00e8s-midi de f\u00eate \u00e0 l\u2019Ehpad de l&#039;Accueil de la Vologne ! - Gerardmer Info<\/title>\n<meta name=\"robots\" content=\"index, follow, max-snippet:-1, max-image-preview:large, max-video-preview:-1\" \/>\n<link rel=\"canonical\" href=\"https:\/\/vosgesinfo.fr\/gerardmerinfo\/2025\/03\/les-gouter-du-ccas-un-apres-midi-de-fete-a-lehpad-de-laccueil-de-la-vologne\/\" \/>\n<meta name=\"twitter:card\" content=\"summary_large_image\" \/>\n<meta name=\"twitter:title\" content=\"Les go\u00fbter du CCAS : un apr\u00e8s-midi de f\u00eate \u00e0 l\u2019Ehpad de l&#039;Accueil de la Vologne ! - Gerardmer Info\" \/>\n<meta name=\"twitter:description\" content=\"La chandeleur et le carnaval se sont donn\u00e9s rendez-vous le jeudi 27 f\u00e9vrier 2025, pour un apr\u00e8s-midi \u00e0 l\u2019ambiance color\u00e9e [&hellip;]\" \/>\n<meta name=\"twitter:image\" content=\"https:\/\/vosgesinfo.fr\/app\/uploads\/sites\/6\/2025\/03\/ehpad-vologne-carnaval-granges-4-scaled.jpg\" \/>\n<meta name=\"twitter:creator\" content=\"@VosgesInfo88\" \/>\n<meta name=\"twitter:site\" content=\"@VosgesInfo88\" \/>\n<meta name=\"twitter:label1\" content=\"\u00c9crit par\" \/>\n\t<meta name=\"twitter:data1\" content=\"La redaction\" \/>\n\t<meta name=\"twitter:label2\" content=\"Dur\u00e9e de lecture estim\u00e9e\" \/>\n\t<meta name=\"twitter:data2\" content=\"2 minutes\" \/>\n<script type=\"application\/ld+json\" class=\"yoast-schema-graph\">{\"@context\":\"https:\/\/schema.org\",\"@graph\":[{\"@type\":\"Article\",\"@id\":\"https:\/\/vosgesinfo.fr\/gerardmerinfo\/2025\/03\/les-gouter-du-ccas-un-apres-midi-de-fete-a-lehpad-de-laccueil-de-la-vologne\/#article\",\"isPartOf\":{\"@id\":\"https:\/\/vosgesinfo.fr\/gerardmerinfo\/2025\/03\/les-gouter-du-ccas-un-apres-midi-de-fete-a-lehpad-de-laccueil-de-la-vologne\/\"},\"author\":{\"name\":\"La redaction\",\"@id\":\"https:\/\/vosgesinfo.fr\/gerardmerinfo\/#\/schema\/person\/27a3695b06db98895b354c0765cdfc31\"},\"headline\":\"Les go\u00fbter du CCAS : un apr\u00e8s-midi de f\u00eate \u00e0 l\u2019Ehpad de l&rsquo;Accueil de la Vologne !\",\"datePublished\":\"2025-03-07T04:56:39+00:00\",\"dateModified\":\"2025-03-06T13:48:30+00:00\",\"mainEntityOfPage\":{\"@id\":\"https:\/\/vosgesinfo.fr\/gerardmerinfo\/2025\/03\/les-gouter-du-ccas-un-apres-midi-de-fete-a-lehpad-de-laccueil-de-la-vologne\/\"},\"wordCount\":459,\"commentCount\":0,\"publisher\":{\"@id\":\"https:\/\/vosgesinfo.fr\/gerardmerinfo\/#organization\"},\"image\":{\"@id\":\"https:\/\/vosgesinfo.fr\/gerardmerinfo\/2025\/03\/les-gouter-du-ccas-un-apres-midi-de-fete-a-lehpad-de-laccueil-de-la-vologne\/#primaryimage\"},\"thumbnailUrl\":\"https:\/\/vosgesinfo.fr\/app\/uploads\/sites\/6\/2025\/03\/ehpad-vologne-carnaval-granges-4-scaled.jpg\",\"keywords\":[\"ehpad\",\"Granges-Aumontzey\"],\"articleSection\":[\"A la une\",\"Ev\u00e8nements\",\"Gerardmer\",\"Sant\u00e9\"],\"inLanguage\":\"fr-FR\",\"potentialAction\":[{\"@type\":\"CommentAction\",\"name\":\"Comment\",\"target\":[\"https:\/\/vosgesinfo.fr\/gerardmerinfo\/2025\/03\/les-gouter-du-ccas-un-apres-midi-de-fete-a-lehpad-de-laccueil-de-la-vologne\/#respond\"]}]},{\"@type\":\"WebPage\",\"@id\":\"https:\/\/vosgesinfo.fr\/gerardmerinfo\/2025\/03\/les-gouter-du-ccas-un-apres-midi-de-fete-a-lehpad-de-laccueil-de-la-vologne\/\",\"url\":\"https:\/\/vosgesinfo.fr\/gerardmerinfo\/2025\/03\/les-gouter-du-ccas-un-apres-midi-de-fete-a-lehpad-de-laccueil-de-la-vologne\/\",\"name\":\"Les go\u00fbter du CCAS : un apr\u00e8s-midi de f\u00eate \u00e0 l\u2019Ehpad de l'Accueil de la Vologne ! - Gerardmer Info\",\"isPartOf\":{\"@id\":\"https:\/\/vosgesinfo.fr\/gerardmerinfo\/#website\"},\"primaryImageOfPage\":{\"@id\":\"https:\/\/vosgesinfo.fr\/gerardmerinfo\/2025\/03\/les-gouter-du-ccas-un-apres-midi-de-fete-a-lehpad-de-laccueil-de-la-vologne\/#primaryimage\"},\"image\":{\"@id\":\"https:\/\/vosgesinfo.fr\/gerardmerinfo\/2025\/03\/les-gouter-du-ccas-un-apres-midi-de-fete-a-lehpad-de-laccueil-de-la-vologne\/#primaryimage\"},\"thumbnailUrl\":\"https:\/\/vosgesinfo.fr\/app\/uploads\/sites\/6\/2025\/03\/ehpad-vologne-carnaval-granges-4-scaled.jpg\",\"datePublished\":\"2025-03-07T04:56:39+00:00\",\"dateModified\":\"2025-03-06T13:48:30+00:00\",\"breadcrumb\":{\"@id\":\"https:\/\/vosgesinfo.fr\/gerardmerinfo\/2025\/03\/les-gouter-du-ccas-un-apres-midi-de-fete-a-lehpad-de-laccueil-de-la-vologne\/#breadcrumb\"},\"inLanguage\":\"fr-FR\",\"potentialAction\":[{\"@type\":\"ReadAction\",\"target\":[\"https:\/\/vosgesinfo.fr\/gerardmerinfo\/2025\/03\/les-gouter-du-ccas-un-apres-midi-de-fete-a-lehpad-de-laccueil-de-la-vologne\/\"]}]},{\"@type\":\"ImageObject\",\"inLanguage\":\"fr-FR\",\"@id\":\"https:\/\/vosgesinfo.fr\/gerardmerinfo\/2025\/03\/les-gouter-du-ccas-un-apres-midi-de-fete-a-lehpad-de-laccueil-de-la-vologne\/#primaryimage\",\"url\":\"https:\/\/vosgesinfo.fr\/app\/uploads\/sites\/6\/2025\/03\/ehpad-vologne-carnaval-granges-4-scaled.jpg\",\"contentUrl\":\"https:\/\/vosgesinfo.fr\/app\/uploads\/sites\/6\/2025\/03\/ehpad-vologne-carnaval-granges-4-scaled.jpg\",\"width\":2560,\"height\":1707},{\"@type\":\"BreadcrumbList\",\"@id\":\"https:\/\/vosgesinfo.fr\/gerardmerinfo\/2025\/03\/les-gouter-du-ccas-un-apres-midi-de-fete-a-lehpad-de-laccueil-de-la-vologne\/#breadcrumb\",\"itemListElement\":[{\"@type\":\"ListItem\",\"position\":1,\"name\":\"Home\",\"item\":\"https:\/\/vosgesinfo.fr\/gerardmerinfo\/\"},{\"@type\":\"ListItem\",\"position\":2,\"name\":\"Les go\u00fbter du CCAS : un apr\u00e8s-midi de f\u00eate \u00e0 l\u2019Ehpad de l&rsquo;Accueil de la Vologne !\"}]},{\"@type\":\"WebSite\",\"@id\":\"https:\/\/vosgesinfo.fr\/gerardmerinfo\/#website\",\"url\":\"https:\/\/vosgesinfo.fr\/gerardmerinfo\/\",\"name\":\"Gerardmer Info\",\"description\":\"Toute l&#039;actualit\u00e9 de G\u00e9rardmer\",\"publisher\":{\"@id\":\"https:\/\/vosgesinfo.fr\/gerardmerinfo\/#organization\"},\"alternateName\":\"Toute l'actualit\u00e9 de G\u00e9rardmer\",\"potentialAction\":[{\"@type\":\"SearchAction\",\"target\":{\"@type\":\"EntryPoint\",\"urlTemplate\":\"https:\/\/vosgesinfo.fr\/gerardmerinfo\/?s={search_term_string}\"},\"query-input\":\"required name=search_term_string\"}],\"inLanguage\":\"fr-FR\"},{\"@type\":\"Organization\",\"@id\":\"https:\/\/vosgesinfo.fr\/gerardmerinfo\/#organization\",\"name\":\"Gerardmer Info\",\"url\":\"https:\/\/vosgesinfo.fr\/gerardmerinfo\/\",\"logo\":{\"@type\":\"ImageObject\",\"inLanguage\":\"fr-FR\",\"@id\":\"https:\/\/vosgesinfo.fr\/gerardmerinfo\/#\/schema\/logo\/image\/\",\"url\":\"https:\/\/vosgesinfo.fr\/app\/uploads\/sites\/6\/2023\/08\/favicon-gerardmerinfo.png\",\"contentUrl\":\"https:\/\/vosgesinfo.fr\/app\/uploads\/sites\/6\/2023\/08\/favicon-gerardmerinfo.png\",\"width\":512,\"height\":512,\"caption\":\"Gerardmer Info\"},\"image\":{\"@id\":\"https:\/\/vosgesinfo.fr\/gerardmerinfo\/#\/schema\/logo\/image\/\"},\"sameAs\":[\"https:\/\/www.facebook.com\/profile.php?id=100049475262660\",\"https:\/\/x.com\/VosgesInfo88\",\"https:\/\/www.youtube.com\/@vosgesinfo\"]},{\"@type\":\"Person\",\"@id\":\"https:\/\/vosgesinfo.fr\/gerardmerinfo\/#\/schema\/person\/27a3695b06db98895b354c0765cdfc31\",\"name\":\"La redaction\",\"image\":{\"@type\":\"ImageObject\",\"inLanguage\":\"fr-FR\",\"@id\":\"https:\/\/vosgesinfo.fr\/gerardmerinfo\/#\/schema\/person\/image\/\",\"url\":\"https:\/\/secure.gravatar.com\/avatar\/64c76a78e501cedee55736f43f332df901e1896ae9cd8fad269ae2236dd0e8b6?s=96&d=mm&r=g\",\"contentUrl\":\"https:\/\/secure.gravatar.com\/avatar\/64c76a78e501cedee55736f43f332df901e1896ae9cd8fad269ae2236dd0e8b6?s=96&d=mm&r=g\",\"caption\":\"La redaction\"},\"url\":\"https:\/\/vosgesinfo.fr\/gerardmerinfo\/author\/la-redaction\/\"}]}<\/script>\n<!-- \/ Yoast SEO plugin. -->","yoast_head_json":{"title":"Les go\u00fbter du CCAS : un apr\u00e8s-midi de f\u00eate \u00e0 l\u2019Ehpad de l'Accueil de la Vologne ! - Gerardmer Info","robots":{"index":"index","follow":"follow","max-snippet":"max-snippet:-1","max-image-preview":"max-image-preview:large","max-video-preview":"max-video-preview:-1"},"canonical":"https:\/\/vosgesinfo.fr\/gerardmerinfo\/2025\/03\/les-gouter-du-ccas-un-apres-midi-de-fete-a-lehpad-de-laccueil-de-la-vologne\/","twitter_card":"summary_large_image","twitter_title":"Les go\u00fbter du CCAS : un apr\u00e8s-midi de f\u00eate \u00e0 l\u2019Ehpad de l'Accueil de la Vologne ! - Gerardmer Info","twitter_description":"La chandeleur et le carnaval se sont donn\u00e9s rendez-vous le jeudi 27 f\u00e9vrier 2025, pour un apr\u00e8s-midi \u00e0 l\u2019ambiance color\u00e9e [&hellip;]","twitter_image":"https:\/\/vosgesinfo.fr\/app\/uploads\/sites\/6\/2025\/03\/ehpad-vologne-carnaval-granges-4-scaled.jpg","twitter_creator":"@VosgesInfo88","twitter_site":"@VosgesInfo88","twitter_misc":{"\u00c9crit par":"La redaction","Dur\u00e9e de lecture estim\u00e9e":"2 minutes"},"schema":{"@context":"https:\/\/schema.org","@graph":[{"@type":"Article","@id":"https:\/\/vosgesinfo.fr\/gerardmerinfo\/2025\/03\/les-gouter-du-ccas-un-apres-midi-de-fete-a-lehpad-de-laccueil-de-la-vologne\/#article","isPartOf":{"@id":"https:\/\/vosgesinfo.fr\/gerardmerinfo\/2025\/03\/les-gouter-du-ccas-un-apres-midi-de-fete-a-lehpad-de-laccueil-de-la-vologne\/"},"author":{"name":"La redaction","@id":"https:\/\/vosgesinfo.fr\/gerardmerinfo\/#\/schema\/person\/27a3695b06db98895b354c0765cdfc31"},"headline":"Les go\u00fbter du CCAS : un apr\u00e8s-midi de f\u00eate \u00e0 l\u2019Ehpad de l&rsquo;Accueil de la Vologne !","datePublished":"2025-03-07T04:56:39+00:00","dateModified":"2025-03-06T13:48:30+00:00","mainEntityOfPage":{"@id":"https:\/\/vosgesinfo.fr\/gerardmerinfo\/2025\/03\/les-gouter-du-ccas-un-apres-midi-de-fete-a-lehpad-de-laccueil-de-la-vologne\/"},"wordCount":459,"commentCount":0,"publisher":{"@id":"https:\/\/vosgesinfo.fr\/gerardmerinfo\/#organization"},"image":{"@id":"https:\/\/vosgesinfo.fr\/gerardmerinfo\/2025\/03\/les-gouter-du-ccas-un-apres-midi-de-fete-a-lehpad-de-laccueil-de-la-vologne\/#primaryimage"},"thumbnailUrl":"https:\/\/vosgesinfo.fr\/app\/uploads\/sites\/6\/2025\/03\/ehpad-vologne-carnaval-granges-4-scaled.jpg","keywords":["ehpad","Granges-Aumontzey"],"articleSection":["A la une","Ev\u00e8nements","Gerardmer","Sant\u00e9"],"inLanguage":"fr-FR","potentialAction":[{"@type":"CommentAction","name":"Comment","target":["https:\/\/vosgesinfo.fr\/gerardmerinfo\/2025\/03\/les-gouter-du-ccas-un-apres-midi-de-fete-a-lehpad-de-laccueil-de-la-vologne\/#respond"]}]},{"@type":"WebPage","@id":"https:\/\/vosgesinfo.fr\/gerardmerinfo\/2025\/03\/les-gouter-du-ccas-un-apres-midi-de-fete-a-lehpad-de-laccueil-de-la-vologne\/","url":"https:\/\/vosgesinfo.fr\/gerardmerinfo\/2025\/03\/les-gouter-du-ccas-un-apres-midi-de-fete-a-lehpad-de-laccueil-de-la-vologne\/","name":"Les go\u00fbter du CCAS : un apr\u00e8s-midi de f\u00eate \u00e0 l\u2019Ehpad de l'Accueil de la Vologne ! - Gerardmer Info","isPartOf":{"@id":"https:\/\/vosgesinfo.fr\/gerardmerinfo\/#website"},"primaryImageOfPage":{"@id":"https:\/\/vosgesinfo.fr\/gerardmerinfo\/2025\/03\/les-gouter-du-ccas-un-apres-midi-de-fete-a-lehpad-de-laccueil-de-la-vologne\/#primaryimage"},"image":{"@id":"https:\/\/vosgesinfo.fr\/gerardmerinfo\/2025\/03\/les-gouter-du-ccas-un-apres-midi-de-fete-a-lehpad-de-laccueil-de-la-vologne\/#primaryimage"},"thumbnailUrl":"https:\/\/vosgesinfo.fr\/app\/uploads\/sites\/6\/2025\/03\/ehpad-vologne-carnaval-granges-4-scaled.jpg","datePublished":"2025-03-07T04:56:39+00:00","dateModified":"2025-03-06T13:48:30+00:00","breadcrumb":{"@id":"https:\/\/vosgesinfo.fr\/gerardmerinfo\/2025\/03\/les-gouter-du-ccas-un-apres-midi-de-fete-a-lehpad-de-laccueil-de-la-vologne\/#breadcrumb"},"inLanguage":"fr-FR","potentialAction":[{"@type":"ReadAction","target":["https:\/\/vosgesinfo.fr\/gerardmerinfo\/2025\/03\/les-gouter-du-ccas-un-apres-midi-de-fete-a-lehpad-de-laccueil-de-la-vologne\/"]}]},{"@type":"ImageObject","inLanguage":"fr-FR","@id":"https:\/\/vosgesinfo.fr\/gerardmerinfo\/2025\/03\/les-gouter-du-ccas-un-apres-midi-de-fete-a-lehpad-de-laccueil-de-la-vologne\/#primaryimage","url":"https:\/\/vosgesinfo.fr\/app\/uploads\/sites\/6\/2025\/03\/ehpad-vologne-carnaval-granges-4-scaled.jpg","contentUrl":"https:\/\/vosgesinfo.fr\/app\/uploads\/sites\/6\/2025\/03\/ehpad-vologne-carnaval-granges-4-scaled.jpg","width":2560,"height":1707},{"@type":"BreadcrumbList","@id":"https:\/\/vosgesinfo.fr\/gerardmerinfo\/2025\/03\/les-gouter-du-ccas-un-apres-midi-de-fete-a-lehpad-de-laccueil-de-la-vologne\/#breadcrumb","itemListElement":[{"@type":"ListItem","position":1,"name":"Home","item":"https:\/\/vosgesinfo.fr\/gerardmerinfo\/"},{"@type":"ListItem","position":2,"name":"Les go\u00fbter du CCAS : un apr\u00e8s-midi de f\u00eate \u00e0 l\u2019Ehpad de l&rsquo;Accueil de la Vologne !"}]},{"@type":"WebSite","@id":"https:\/\/vosgesinfo.fr\/gerardmerinfo\/#website","url":"https:\/\/vosgesinfo.fr\/gerardmerinfo\/","name":"Gerardmer Info","description":"Toute l&#039;actualit\u00e9 de G\u00e9rardmer","publisher":{"@id":"https:\/\/vosgesinfo.fr\/gerardmerinfo\/#organization"},"alternateName":"Toute l'actualit\u00e9 de G\u00e9rardmer","potentialAction":[{"@type":"SearchAction","target":{"@type":"EntryPoint","urlTemplate":"https:\/\/vosgesinfo.fr\/gerardmerinfo\/?s={search_term_string}"},"query-input":"required name=search_term_string"}],"inLanguage":"fr-FR"},{"@type":"Organization","@id":"https:\/\/vosgesinfo.fr\/gerardmerinfo\/#organization","name":"Gerardmer Info","url":"https:\/\/vosgesinfo.fr\/gerardmerinfo\/","logo":{"@type":"ImageObject","inLanguage":"fr-FR","@id":"https:\/\/vosgesinfo.fr\/gerardmerinfo\/#\/schema\/logo\/image\/","url":"https:\/\/vosgesinfo.fr\/app\/uploads\/sites\/6\/2023\/08\/favicon-gerardmerinfo.png","contentUrl":"https:\/\/vosgesinfo.fr\/app\/uploads\/sites\/6\/2023\/08\/favicon-gerardmerinfo.png","width":512,"height":512,"caption":"Gerardmer Info"},"image":{"@id":"https:\/\/vosgesinfo.fr\/gerardmerinfo\/#\/schema\/logo\/image\/"},"sameAs":["https:\/\/www.facebook.com\/profile.php?id=100049475262660","https:\/\/x.com\/VosgesInfo88","https:\/\/www.youtube.com\/@vosgesinfo"]},{"@type":"Person","@id":"https:\/\/vosgesinfo.fr\/gerardmerinfo\/#\/schema\/person\/27a3695b06db98895b354c0765cdfc31","name":"La redaction","image":{"@type":"ImageObject","inLanguage":"fr-FR","@id":"https:\/\/vosgesinfo.fr\/gerardmerinfo\/#\/schema\/person\/image\/","url":"https:\/\/secure.gravatar.com\/avatar\/64c76a78e501cedee55736f43f332df901e1896ae9cd8fad269ae2236dd0e8b6?s=96&d=mm&r=g","contentUrl":"https:\/\/secure.gravatar.com\/avatar\/64c76a78e501cedee55736f43f332df901e1896ae9cd8fad269ae2236dd0e8b6?s=96&d=mm&r=g","caption":"La redaction"},"url":"https:\/\/vosgesinfo.fr\/gerardmerinfo\/author\/la-redaction\/"}]}},"_links":{"self":[{"href":"https:\/\/vosgesinfo.fr\/gerardmerinfo\/wp-json\/wp\/v2\/posts\/75076","targetHints":{"allow":["GET"]}}],"collection":[{"href":"https:\/\/vosgesinfo.fr\/gerardmerinfo\/wp-json\/wp\/v2\/posts"}],"about":[{"href":"https:\/\/vosgesinfo.fr\/gerardmerinfo\/wp-json\/wp\/v2\/types\/post"}],"author":[{"embeddable":true,"href":"https:\/\/vosgesinfo.fr\/gerardmerinfo\/wp-json\/wp\/v2\/users\/391"}],"replies":[{"embeddable":true,"href":"https:\/\/vosgesinfo.fr\/gerardmerinfo\/wp-json\/wp\/v2\/comments?post=75076"}],"version-history":[{"count":1,"href":"https:\/\/vosgesinfo.fr\/gerardmerinfo\/wp-json\/wp\/v2\/posts\/75076\/revisions"}],"predecessor-version":[{"id":75084,"href":"https:\/\/vosgesinfo.fr\/gerardmerinfo\/wp-json\/wp\/v2\/posts\/75076\/revisions\/75084"}],"wp:featuredmedia":[{"embeddable":true,"href":"https:\/\/vosgesinfo.fr\/gerardmerinfo\/wp-json\/wp\/v2\/media\/75080"}],"wp:attachment":[{"href":"https:\/\/vosgesinfo.fr\/gerardmerinfo\/wp-json\/wp\/v2\/media?parent=75076"}],"wp:term":[{"taxonomy":"category","embeddable":true,"href":"https:\/\/vosgesinfo.fr\/gerardmerinfo\/wp-json\/wp\/v2\/categories?post=75076"},{"taxonomy":"post_tag","embeddable":true,"href":"https:\/\/vosgesinfo.fr\/gerardmerinfo\/wp-json\/wp\/v2\/tags?post=75076"}],"curies":[{"name":"wp","href":"https:\/\/api.w.org\/{rel}","templated":true}]}}